{"id":185892,"date":"2025-10-27T11:28:11","date_gmt":"2025-10-27T10:28:11","guid":{"rendered":"https:\/\/helloproject.es\/vigilancia\/espana-esta-mejor-preparada-tras-la-dana-pero-no-es-suficiente-segun-ingenieros\/"},"modified":"2025-10-27T11:28:11","modified_gmt":"2025-10-27T10:28:11","slug":"espana-esta-mejor-preparada-tras-la-dana-pero-no-es-suficiente-segun-ingenieros","status":"publish","type":"post","link":"https:\/\/helloproject.es\/vigilancia\/espana-esta-mejor-preparada-tras-la-dana-pero-no-es-suficiente-segun-ingenieros\/","title":{"rendered":"Espa\u00f1a est\u00e1 mejor preparada tras la dana, pero no es \u201csuficiente\u201d, seg\u00fan ingenieros"},"content":{"rendered":"<p>Un a\u00f1o despu\u00e9s de la dana que asol\u00f3 Valencia \u201clas administraciones se han puesto las pilas\u201d y Espa\u00f1a est\u00e1 mejor preparada para afrontar este tipo de fen\u00f3meno meteorol\u00f3gico, pero \u201ca\u00fan no es suficiente\u201d, ha advertido a EFE el ingeniero Jos\u00e9 Trigueros.<\/p>\n<p>El actual presidente de la Asociaci\u00f3n de Ingenieros de Caminos, Canales y Puertos y la Ingenier\u00eda Civil (AICCPIC) ha reconocido que la cat\u00e1strofe de 2024 ha impulsado una mejora en la planificaci\u00f3n hidrol\u00f3gica, que \u201cantes trabajaba solo con las sequ\u00edas y no con las inundaciones\u201d, aunque ha subrayado que \u201ces preciso acelerar la ejecuci\u00f3n de las obras hidr\u00e1ulicas\u201d para incrementar el nivel de seguridad.<\/p>\n<p>Es preciso acelerar la ejecuci\u00f3n de las obras hidr\u00e1ulicas para incrementar el nivel de seguridad<\/p>\n<p>Trigueros, que participa hoy en una jornada convocada por el Instituto de la Ingenier\u00eda de Espa\u00f1a bajo el t\u00edtulo \u2018Un a\u00f1o despu\u00e9s de la dana: \u00bfestamos preparados?\u2019, ha insistido en que \u201csi se hubiera planificado y ejecutado con tiempo todas las obras hidr\u00e1ulicas necesarias en la zona de Valencia, se habr\u00edan evitado muchas muertes\u201d.<\/p>\n<p>Esos proyectos fueron \u201cpostergados en cuanto a prioridades\u201d por las \u00faltimas administraciones, y solo la cat\u00e1strofe de octubre del a\u00f1o pasado ha permitido evaluar su verdadera importancia y \u201cavanzar hacia el futuro\u201d.<\/p>\n<p><a><\/a><\/p>\n<h2>Obras hidr\u00e1ulicas pendientes<\/h2>\n<p>En el caso de la Comunidad Valenciana \u201cha avanzado en la restauraci\u00f3n aunque todav\u00eda quedan pendientes algunas obras imprescindibles en ejecuci\u00f3n para recuperar la zona\u201d, incluyendo la reparaci\u00f3n de las zonas da\u00f1adas en las presas de Buseo y Forata, as\u00ed como la restauraci\u00f3n hidrol\u00f3gica y forestal de la cabecera de la cuenca del Poyo.<\/p>\n<p>Hay que revisar los planes urban\u00edsticos y fortalecer las confederaciones hidrogr\u00e1ficas con un mejor equipo t\u00e9cnico de ingenieros<\/p>\n<p>Tambi\u00e9n est\u00e1 pendiente \u201cmejorar el sistema de prevenci\u00f3n y alerta temprana\u201d con el apoyo de la Agencia Estatal de Meteorolog\u00eda (Aemet) para saber c\u00f3mo y cu\u00e1ndo actuar, adem\u00e1s de la revisi\u00f3n de los planes urban\u00edsticos y el fortalecimiento de las confederaciones hidrogr\u00e1ficas con un mejor equipo t\u00e9cnico de ingenieros.<\/p>\n<p>\u201cNo hay suficiente personal especializado\u201d, ha lamentado, por lo que \u201cpor mucho dinero que tengamos, si no hay nadie que pueda ejecutar los trabajos, tampoco sirve\u201d, a\u00f1ade Trigueros.<\/p>\n<p><a><\/a><\/p>\n<h2>\u00bfQu\u00e9 se puede hacer?<\/h2>\n<p>Para mejorar la situaci\u00f3n, Trigueros sugiere que el sistema de vigilancia de presas a nivel general se organice \u201cde forma independiente, como el Consejo de Seguridad Nuclear que no se rige por la Administraci\u00f3n central pero rinde cuentas al Congreso de Diputados y al Senado\u201d.<\/p>\n<p>Si antes pod\u00edamos esperar una cat\u00e1strofe de este tipo durante algunos a\u00f1os, ahora vemos que se repite en solo meses<\/p>\n<p>\u201cLa emergencia clim\u00e1tica afecta al territorio de forma directa\u201d e incrementa la frecuencia de estos fen\u00f3menos meteorol\u00f3gicos, por lo que urge acelerar la ejecuci\u00f3n de los proyectos hidr\u00e1ulicos para evitar un aumento del riesgo, puesto que \u201csi antes pod\u00edamos esperar una cat\u00e1strofe de este tipo durante algunos a\u00f1os, ahora vemos que se repite en solo meses\u201d.<\/p>\n<p>El problema, reitera, no es econ\u00f3mico, ya que \u201ccon la cuarta parte del dinero que se gasta en reparar los da\u00f1os de tragedias como la dana sobrar\u00eda para construir infraestructuras b\u00e1sicas de prevenci\u00f3n\u201d, por lo que \u201csolo falta la decisi\u00f3n\u201d pol\u00edtica.<\/p>\n<p>La jornada de este lunes re\u00fane a expertos como el subdirector de Operaciones Este, Fernando Ugena; la directora general de Infraestructuras Viarias de la Generalitat Valenciana, Mar\u00eda Jos\u00e9 Mart\u00ednez, o el doctor ingeniero de Caminos, Canales y Puertos, Federico Bonet, entre otros.<\/p>","protected":false},"excerpt":{"rendered":"<p>Un a\u00f1o despu\u00e9s de la dana que asol\u00f3 Valencia \u201clas administraciones se han puesto las pilas\u201d y Espa\u00f1a est\u00e1 mejor preparada para afrontar este tipo de fen\u00f3meno meteorol\u00f3gico, pero \u201ca\u00fan no es suficiente\u201d, ha advertido a EFE el ingeniero Jos\u00e9 Trigueros. El actual presidente de la Asociaci\u00f3n de Ingenieros de Caminos, Canales y Puertos y [&hellip;]<\/p>\n","protected":false},"author":5,"featured_media":0,"comment_status":"","ping_status":"","sticky":false,"template":"","format":"standard","meta":{"site-sidebar-layout":"default","site-content-layout":"","ast-site-content-layout":"default","site-content-style":"default","site-sidebar-style":"default","ast-global-header-display":"","ast-banner-title-visibility":"","ast-main-header-display":"","ast-hfb-above-header-display":"","ast-hfb-below-header-display":"","ast-hfb-mobile-header-display":"","site-post-title":"","ast-breadcrumbs-content":"","ast-featured-img":"","footer-sml-layout":"","ast-disable-related-posts":"","theme-transparent-header-meta":"","adv-header-id-meta":"","stick-header-meta":"","header-above-stick-meta":"","header-main-stick-meta":"","header-below-stick-meta":"","astra-migrate-meta-layouts":"default","ast-page-background-enabled":"default","ast-page-background-meta":{"desktop":{"background-color":"var(--ast-global-color-4)","background-image":"","background-repeat":"repeat","background-position":"center center","background-size":"auto","background-attachment":"scroll","background-type":"","background-media":"","overlay-type":"","overlay-color":"","overlay-opacity":"","overlay-gradient":""},"tablet":{"background-color":"","background-image":"","background-repeat":"repeat","background-position":"center center","background-size":"auto","background-attachment":"scroll","background-type":"","background-media":"","overlay-type":"","overlay-color":"","overlay-opacity":"","overlay-gradient":""},"mobile":{"background-color":"","background-image":"","background-repeat":"repeat","background-position":"center center","background-size":"auto","background-attachment":"scroll","background-type":"","background-media":"","overlay-type":"","overlay-color":"","overlay-opacity":"","overlay-gradient":""}},"ast-content-background-meta":{"desktop":{"background-color":"var(--ast-global-color-5)","background-image":"","background-repeat":"repeat","background-position":"center center","background-size":"auto","background-attachment":"scroll","background-type":"","background-media":"","overlay-type":"","overlay-color":"","overlay-opacity":"","overlay-gradient":""},"tablet":{"background-color":"var(--ast-global-color-5)","background-image":"","background-repeat":"repeat","background-position":"center center","background-size":"auto","background-attachment":"scroll","background-type":"","background-media":"","overlay-type":"","overlay-color":"","overlay-opacity":"","overlay-gradient":""},"mobile":{"background-color":"var(--ast-global-color-5)","background-image":"","background-repeat":"repeat","background-position":"center center","background-size":"auto","background-attachment":"scroll","background-type":"","background-media":"","overlay-type":"","overlay-color":"","overlay-opacity":"","overlay-gradient":""}},"footnotes":""},"categories":[5],"tags":[],"class_list":["post-185892","post","type-post","status-publish","format-standard","hentry","category-noticias"],"yoast_head":"<!-- This site is optimized with the Yoast SEO Premium plugin v20.9 (Yoast SEO v27.4) - https:\/\/yoast.com\/product\/yoast-seo-premium-wordpress\/ -->\n<title>Espa\u00f1a est\u00e1 mejor preparada tras la dana, pero no es \u201csuficiente\u201d, seg\u00fan ingenieros - bip4ex<\/title>\n<meta name=\"robots\" content=\"index, follow, max-snippet:-1, max-image-preview:large, max-video-preview:-1\" \/>\n<link rel=\"canonical\" href=\"https:\/\/helloproject.es\/vigilancia\/espana-esta-mejor-preparada-tras-la-dana-pero-no-es-suficiente-segun-ingenieros\/\" \/>\n<meta property=\"og:locale\" content=\"es_ES\" \/>\n<meta property=\"og:type\" content=\"article\" \/>\n<meta property=\"og:title\" content=\"Espa\u00f1a est\u00e1 mejor preparada tras la dana, pero no es \u201csuficiente\u201d, seg\u00fan ingenieros\" \/>\n<meta property=\"og:description\" content=\"Un a\u00f1o despu\u00e9s de la dana que asol\u00f3 Valencia \u201clas administraciones se han puesto las pilas\u201d y Espa\u00f1a est\u00e1 mejor preparada para afrontar este tipo de fen\u00f3meno meteorol\u00f3gico, pero \u201ca\u00fan no es suficiente\u201d, ha advertido a EFE el ingeniero Jos\u00e9 Trigueros. El actual presidente de la Asociaci\u00f3n de Ingenieros de Caminos, Canales y Puertos y [&hellip;]\" \/>\n<meta property=\"og:url\" content=\"https:\/\/helloproject.es\/vigilancia\/espana-esta-mejor-preparada-tras-la-dana-pero-no-es-suficiente-segun-ingenieros\/\" \/>\n<meta property=\"og:site_name\" content=\"bip4ex\" \/>\n<meta property=\"article:published_time\" content=\"2025-10-27T10:28:11+00:00\" \/>\n<meta name=\"author\" content=\"Luis Miguel Mej\u00edas Ramos\" \/>\n<meta name=\"twitter:card\" content=\"summary_large_image\" \/>\n<meta name=\"twitter:label1\" content=\"Escrito por\" \/>\n\t<meta name=\"twitter:data1\" content=\"Luis Miguel Mej\u00edas Ramos\" \/>\n\t<meta name=\"twitter:label2\" content=\"Tiempo de lectura\" \/>\n\t<meta name=\"twitter:data2\" content=\"3 minutos\" \/>\n<script type=\"application\/ld+json\" class=\"yoast-schema-graph\">{\"@context\":\"https:\\\/\\\/schema.org\",\"@graph\":[{\"@type\":\"Article\",\"@id\":\"https:\\\/\\\/helloproject.es\\\/vigilancia\\\/espana-esta-mejor-preparada-tras-la-dana-pero-no-es-suficiente-segun-ingenieros\\\/#article\",\"isPartOf\":{\"@id\":\"https:\\\/\\\/helloproject.es\\\/vigilancia\\\/espana-esta-mejor-preparada-tras-la-dana-pero-no-es-suficiente-segun-ingenieros\\\/\"},\"author\":{\"name\":\"Luis Miguel Mej\u00edas Ramos\",\"@id\":\"https:\\\/\\\/helloproject.es\\\/vigilancia\\\/#\\\/schema\\\/person\\\/3767b0619d59a11570372c821f8619ca\"},\"headline\":\"Espa\u00f1a est\u00e1 mejor preparada tras la dana, pero no es \u201csuficiente\u201d, seg\u00fan ingenieros\",\"datePublished\":\"2025-10-27T10:28:11+00:00\",\"mainEntityOfPage\":{\"@id\":\"https:\\\/\\\/helloproject.es\\\/vigilancia\\\/espana-esta-mejor-preparada-tras-la-dana-pero-no-es-suficiente-segun-ingenieros\\\/\"},\"wordCount\":650,\"publisher\":{\"@id\":\"https:\\\/\\\/helloproject.es\\\/vigilancia\\\/#organization\"},\"articleSection\":[\"Noticias\"],\"inLanguage\":\"es\"},{\"@type\":\"WebPage\",\"@id\":\"https:\\\/\\\/helloproject.es\\\/vigilancia\\\/espana-esta-mejor-preparada-tras-la-dana-pero-no-es-suficiente-segun-ingenieros\\\/\",\"url\":\"https:\\\/\\\/helloproject.es\\\/vigilancia\\\/espana-esta-mejor-preparada-tras-la-dana-pero-no-es-suficiente-segun-ingenieros\\\/\",\"name\":\"Espa\u00f1a est\u00e1 mejor preparada tras la dana, pero no es \u201csuficiente\u201d, seg\u00fan ingenieros - bip4ex\",\"isPartOf\":{\"@id\":\"https:\\\/\\\/helloproject.es\\\/vigilancia\\\/#website\"},\"datePublished\":\"2025-10-27T10:28:11+00:00\",\"breadcrumb\":{\"@id\":\"https:\\\/\\\/helloproject.es\\\/vigilancia\\\/espana-esta-mejor-preparada-tras-la-dana-pero-no-es-suficiente-segun-ingenieros\\\/#breadcrumb\"},\"inLanguage\":\"es\",\"potentialAction\":[{\"@type\":\"ReadAction\",\"target\":[\"https:\\\/\\\/helloproject.es\\\/vigilancia\\\/espana-esta-mejor-preparada-tras-la-dana-pero-no-es-suficiente-segun-ingenieros\\\/\"]}]},{\"@type\":\"BreadcrumbList\",\"@id\":\"https:\\\/\\\/helloproject.es\\\/vigilancia\\\/espana-esta-mejor-preparada-tras-la-dana-pero-no-es-suficiente-segun-ingenieros\\\/#breadcrumb\",\"itemListElement\":[{\"@type\":\"ListItem\",\"position\":1,\"name\":\"Home\",\"item\":\"https:\\\/\\\/helloproject.es\\\/vigilancia\\\/\"},{\"@type\":\"ListItem\",\"position\":2,\"name\":\"Espa\u00f1a est\u00e1 mejor preparada tras la dana, pero no es \u201csuficiente\u201d, seg\u00fan ingenieros\"}]},{\"@type\":\"WebSite\",\"@id\":\"https:\\\/\\\/helloproject.es\\\/vigilancia\\\/#website\",\"url\":\"https:\\\/\\\/helloproject.es\\\/vigilancia\\\/\",\"name\":\"bip4ex\",\"description\":\"Vigilancia Tecnol\u00f3gica\",\"publisher\":{\"@id\":\"https:\\\/\\\/helloproject.es\\\/vigilancia\\\/#organization\"},\"potentialAction\":[{\"@type\":\"SearchAction\",\"target\":{\"@type\":\"EntryPoint\",\"urlTemplate\":\"https:\\\/\\\/helloproject.es\\\/vigilancia\\\/?s={search_term_string}\"},\"query-input\":{\"@type\":\"PropertyValueSpecification\",\"valueRequired\":true,\"valueName\":\"search_term_string\"}}],\"inLanguage\":\"es\"},{\"@type\":\"Organization\",\"@id\":\"https:\\\/\\\/helloproject.es\\\/vigilancia\\\/#organization\",\"name\":\"Helloproject.es\",\"url\":\"https:\\\/\\\/helloproject.es\\\/vigilancia\\\/\",\"logo\":{\"@type\":\"ImageObject\",\"inLanguage\":\"es\",\"@id\":\"https:\\\/\\\/helloproject.es\\\/vigilancia\\\/#\\\/schema\\\/logo\\\/image\\\/\",\"url\":\"https:\\\/\\\/helloproject.es\\\/vigilancia\\\/wp-content\\\/uploads\\\/2023\\\/07\\\/bip4ex.png\",\"contentUrl\":\"https:\\\/\\\/helloproject.es\\\/vigilancia\\\/wp-content\\\/uploads\\\/2023\\\/07\\\/bip4ex.png\",\"width\":322,\"height\":365,\"caption\":\"Helloproject.es\"},\"image\":{\"@id\":\"https:\\\/\\\/helloproject.es\\\/vigilancia\\\/#\\\/schema\\\/logo\\\/image\\\/\"}},{\"@type\":\"Person\",\"@id\":\"https:\\\/\\\/helloproject.es\\\/vigilancia\\\/#\\\/schema\\\/person\\\/3767b0619d59a11570372c821f8619ca\",\"name\":\"Luis Miguel Mej\u00edas Ramos\",\"url\":\"https:\\\/\\\/helloproject.es\\\/vigilancia\\\/author\\\/luismi\\\/\"}]}<\/script>\n<!-- \/ Yoast SEO Premium plugin. -->","yoast_head_json":{"title":"Espa\u00f1a est\u00e1 mejor preparada tras la dana, pero no es \u201csuficiente\u201d, seg\u00fan ingenieros - bip4ex","robots":{"index":"index","follow":"follow","max-snippet":"max-snippet:-1","max-image-preview":"max-image-preview:large","max-video-preview":"max-video-preview:-1"},"canonical":"https:\/\/helloproject.es\/vigilancia\/espana-esta-mejor-preparada-tras-la-dana-pero-no-es-suficiente-segun-ingenieros\/","og_locale":"es_ES","og_type":"article","og_title":"Espa\u00f1a est\u00e1 mejor preparada tras la dana, pero no es \u201csuficiente\u201d, seg\u00fan ingenieros","og_description":"Un a\u00f1o despu\u00e9s de la dana que asol\u00f3 Valencia \u201clas administraciones se han puesto las pilas\u201d y Espa\u00f1a est\u00e1 mejor preparada para afrontar este tipo de fen\u00f3meno meteorol\u00f3gico, pero \u201ca\u00fan no es suficiente\u201d, ha advertido a EFE el ingeniero Jos\u00e9 Trigueros. El actual presidente de la Asociaci\u00f3n de Ingenieros de Caminos, Canales y Puertos y [&hellip;]","og_url":"https:\/\/helloproject.es\/vigilancia\/espana-esta-mejor-preparada-tras-la-dana-pero-no-es-suficiente-segun-ingenieros\/","og_site_name":"bip4ex","article_published_time":"2025-10-27T10:28:11+00:00","author":"Luis Miguel Mej\u00edas Ramos","twitter_card":"summary_large_image","twitter_misc":{"Escrito por":"Luis Miguel Mej\u00edas Ramos","Tiempo de lectura":"3 minutos"},"schema":{"@context":"https:\/\/schema.org","@graph":[{"@type":"Article","@id":"https:\/\/helloproject.es\/vigilancia\/espana-esta-mejor-preparada-tras-la-dana-pero-no-es-suficiente-segun-ingenieros\/#article","isPartOf":{"@id":"https:\/\/helloproject.es\/vigilancia\/espana-esta-mejor-preparada-tras-la-dana-pero-no-es-suficiente-segun-ingenieros\/"},"author":{"name":"Luis Miguel Mej\u00edas Ramos","@id":"https:\/\/helloproject.es\/vigilancia\/#\/schema\/person\/3767b0619d59a11570372c821f8619ca"},"headline":"Espa\u00f1a est\u00e1 mejor preparada tras la dana, pero no es \u201csuficiente\u201d, seg\u00fan ingenieros","datePublished":"2025-10-27T10:28:11+00:00","mainEntityOfPage":{"@id":"https:\/\/helloproject.es\/vigilancia\/espana-esta-mejor-preparada-tras-la-dana-pero-no-es-suficiente-segun-ingenieros\/"},"wordCount":650,"publisher":{"@id":"https:\/\/helloproject.es\/vigilancia\/#organization"},"articleSection":["Noticias"],"inLanguage":"es"},{"@type":"WebPage","@id":"https:\/\/helloproject.es\/vigilancia\/espana-esta-mejor-preparada-tras-la-dana-pero-no-es-suficiente-segun-ingenieros\/","url":"https:\/\/helloproject.es\/vigilancia\/espana-esta-mejor-preparada-tras-la-dana-pero-no-es-suficiente-segun-ingenieros\/","name":"Espa\u00f1a est\u00e1 mejor preparada tras la dana, pero no es \u201csuficiente\u201d, seg\u00fan ingenieros - bip4ex","isPartOf":{"@id":"https:\/\/helloproject.es\/vigilancia\/#website"},"datePublished":"2025-10-27T10:28:11+00:00","breadcrumb":{"@id":"https:\/\/helloproject.es\/vigilancia\/espana-esta-mejor-preparada-tras-la-dana-pero-no-es-suficiente-segun-ingenieros\/#breadcrumb"},"inLanguage":"es","potentialAction":[{"@type":"ReadAction","target":["https:\/\/helloproject.es\/vigilancia\/espana-esta-mejor-preparada-tras-la-dana-pero-no-es-suficiente-segun-ingenieros\/"]}]},{"@type":"BreadcrumbList","@id":"https:\/\/helloproject.es\/vigilancia\/espana-esta-mejor-preparada-tras-la-dana-pero-no-es-suficiente-segun-ingenieros\/#breadcrumb","itemListElement":[{"@type":"ListItem","position":1,"name":"Home","item":"https:\/\/helloproject.es\/vigilancia\/"},{"@type":"ListItem","position":2,"name":"Espa\u00f1a est\u00e1 mejor preparada tras la dana, pero no es \u201csuficiente\u201d, seg\u00fan ingenieros"}]},{"@type":"WebSite","@id":"https:\/\/helloproject.es\/vigilancia\/#website","url":"https:\/\/helloproject.es\/vigilancia\/","name":"bip4ex","description":"Vigilancia Tecnol\u00f3gica","publisher":{"@id":"https:\/\/helloproject.es\/vigilancia\/#organization"},"potentialAction":[{"@type":"SearchAction","target":{"@type":"EntryPoint","urlTemplate":"https:\/\/helloproject.es\/vigilancia\/?s={search_term_string}"},"query-input":{"@type":"PropertyValueSpecification","valueRequired":true,"valueName":"search_term_string"}}],"inLanguage":"es"},{"@type":"Organization","@id":"https:\/\/helloproject.es\/vigilancia\/#organization","name":"Helloproject.es","url":"https:\/\/helloproject.es\/vigilancia\/","logo":{"@type":"ImageObject","inLanguage":"es","@id":"https:\/\/helloproject.es\/vigilancia\/#\/schema\/logo\/image\/","url":"https:\/\/helloproject.es\/vigilancia\/wp-content\/uploads\/2023\/07\/bip4ex.png","contentUrl":"https:\/\/helloproject.es\/vigilancia\/wp-content\/uploads\/2023\/07\/bip4ex.png","width":322,"height":365,"caption":"Helloproject.es"},"image":{"@id":"https:\/\/helloproject.es\/vigilancia\/#\/schema\/logo\/image\/"}},{"@type":"Person","@id":"https:\/\/helloproject.es\/vigilancia\/#\/schema\/person\/3767b0619d59a11570372c821f8619ca","name":"Luis Miguel Mej\u00edas Ramos","url":"https:\/\/helloproject.es\/vigilancia\/author\/luismi\/"}]}},"_links":{"self":[{"href":"https:\/\/helloproject.es\/vigilancia\/wp-json\/wp\/v2\/posts\/185892","targetHints":{"allow":["GET"]}}],"collection":[{"href":"https:\/\/helloproject.es\/vigilancia\/wp-json\/wp\/v2\/posts"}],"about":[{"href":"https:\/\/helloproject.es\/vigilancia\/wp-json\/wp\/v2\/types\/post"}],"author":[{"embeddable":true,"href":"https:\/\/helloproject.es\/vigilancia\/wp-json\/wp\/v2\/users\/5"}],"replies":[{"embeddable":true,"href":"https:\/\/helloproject.es\/vigilancia\/wp-json\/wp\/v2\/comments?post=185892"}],"version-history":[{"count":0,"href":"https:\/\/helloproject.es\/vigilancia\/wp-json\/wp\/v2\/posts\/185892\/revisions"}],"wp:attachment":[{"href":"https:\/\/helloproject.es\/vigilancia\/wp-json\/wp\/v2\/media?parent=185892"}],"wp:term":[{"taxonomy":"category","embeddable":true,"href":"https:\/\/helloproject.es\/vigilancia\/wp-json\/wp\/v2\/categories?post=185892"},{"taxonomy":"post_tag","embeddable":true,"href":"https:\/\/helloproject.es\/vigilancia\/wp-json\/wp\/v2\/tags?post=185892"}],"curies":[{"name":"wp","href":"https:\/\/api.w.org\/{rel}","templated":true}]}}