{"id":187386,"date":"2025-11-06T14:28:35","date_gmt":"2025-11-06T13:28:35","guid":{"rendered":"https:\/\/helloproject.es\/vigilancia\/abierto-el-plazo-de-inscripcion-en-ei-congreso-internacional-sobre-paisaje-cultura-y-vino-en-el-cerrato-palentino\/"},"modified":"2025-11-06T14:28:35","modified_gmt":"2025-11-06T13:28:35","slug":"abierto-el-plazo-de-inscripcion-en-ei-congreso-internacional-sobre-paisaje-cultura-y-vino-en-el-cerrato-palentino","status":"publish","type":"post","link":"https:\/\/helloproject.es\/vigilancia\/abierto-el-plazo-de-inscripcion-en-ei-congreso-internacional-sobre-paisaje-cultura-y-vino-en-el-cerrato-palentino\/","title":{"rendered":"Abierto el plazo de inscripci\u00f3n en eI Congreso Internacional sobre Paisaje, cultura y vino en el Cerrato palentino"},"content":{"rendered":"<p><span>Abierto el plazo de inscripci\u00f3n en eI Congreso Internacional sobre Paisaje, cultura y vino en el Cerrato palentino<\/span><\/p>\n<div>\n<div>Fecha de noticia<\/div>\n<div>Jueves, 06 de Noviembre de 2025\n<\/div>\n<\/div>\n<p><span><span>prensa<\/span><\/span><br \/>\n<span>Jue, 06\/11\/2025 &#8211; 14:04<br \/>\n<\/span><\/p>\n<div>La localidad de Baltan\u00e1s acoger\u00e1 los d\u00edas 26 y 27 de noviembre el I Congreso Internacional \u201cPaisaje, cultura y vino: el paisaje del vino en el Cerrato palentino. Oportunidades de desarrollo y retos de futuro\u201d para impulsar su transformaci\u00f3n tur\u00edstica<\/div>\n<div>\n<ul>\n<li><span>El foro,\u00a0<strong>organizado por la Diputaci\u00f3n de Palencia<\/strong>, se desarrollar\u00e1 en el Centro Cultural Polivalente de la localidad palentina, en las fechas indicadas, y contar\u00e1 con importantes representantes nacionales e internacionales en materia de paisajes culturales y enoturismo.<\/span><\/li>\n<li><span><strong>Ocho ponencias, dos mesas redondas, tres micro presentaciones, una visita guiada y varias degustaciones de Alimentos de Palencia<\/strong>\u00a0componen la propuesta del Congreso, que servir\u00e1 para reflexionar en torno a la\u00a0<strong>sostenibilidad, digitalizaci\u00f3n y excelencia cultural y enotur\u00edstica del Cerrato<\/strong>.<\/span><\/li>\n<li><span>La inscripci\u00f3n es gratuita y ya est\u00e1 abierta a trav\u00e9s de la p\u00e1gina web:\u00a0<\/span><a href=\"https:\/\/www.congresocerratopalentino.com\/es\"><span lang=\"ES\">https:\/\/www.congresocerratopalentino.com\/es<\/span><\/a><span>,\u00a0en la que encontrar\u00e1n toda la informaci\u00f3n del evento.<\/span><\/li>\n<\/ul>\n<\/div>","protected":false},"excerpt":{"rendered":"<p>Abierto el plazo de inscripci\u00f3n en eI Congreso Internacional sobre Paisaje, cultura y vino en el Cerrato palentino Fecha de noticia Jueves, 06 de Noviembre de 2025 prensa Jue, 06\/11\/2025 &#8211; 14:04 La localidad de Baltan\u00e1s acoger\u00e1 los d\u00edas 26 y 27 de noviembre el I Congreso Internacional \u201cPaisaje, cultura y vino: el paisaje del [&hellip;]<\/p>\n","protected":false},"author":5,"featured_media":0,"comment_status":"","ping_status":"","sticky":false,"template":"","format":"standard","meta":{"site-sidebar-layout":"default","site-content-layout":"","ast-site-content-layout":"default","site-content-style":"default","site-sidebar-style":"default","ast-global-header-display":"","ast-banner-title-visibility":"","ast-main-header-display":"","ast-hfb-above-header-display":"","ast-hfb-below-header-display":"","ast-hfb-mobile-header-display":"","site-post-title":"","ast-breadcrumbs-content":"","ast-featured-img":"","footer-sml-layout":"","ast-disable-related-posts":"","theme-transparent-header-meta":"","adv-header-id-meta":"","stick-header-meta":"","header-above-stick-meta":"","header-main-stick-meta":"","header-below-stick-meta":"","astra-migrate-meta-layouts":"default","ast-page-background-enabled":"default","ast-page-background-meta":{"desktop":{"background-color":"var(--ast-global-color-4)","background-image":"","background-repeat":"repeat","background-position":"center center","background-size":"auto","background-attachment":"scroll","background-type":"","background-media":"","overlay-type":"","overlay-color":"","overlay-opacity":"","overlay-gradient":""},"tablet":{"background-color":"","background-image":"","background-repeat":"repeat","background-position":"center center","background-size":"auto","background-attachment":"scroll","background-type":"","background-media":"","overlay-type":"","overlay-color":"","overlay-opacity":"","overlay-gradient":""},"mobile":{"background-color":"","background-image":"","background-repeat":"repeat","background-position":"center center","background-size":"auto","background-attachment":"scroll","background-type":"","background-media":"","overlay-type":"","overlay-color":"","overlay-opacity":"","overlay-gradient":""}},"ast-content-background-meta":{"desktop":{"background-color":"var(--ast-global-color-5)","background-image":"","background-repeat":"repeat","background-position":"center center","background-size":"auto","background-attachment":"scroll","background-type":"","background-media":"","overlay-type":"","overlay-color":"","overlay-opacity":"","overlay-gradient":""},"tablet":{"background-color":"var(--ast-global-color-5)","background-image":"","background-repeat":"repeat","background-position":"center center","background-size":"auto","background-attachment":"scroll","background-type":"","background-media":"","overlay-type":"","overlay-color":"","overlay-opacity":"","overlay-gradient":""},"mobile":{"background-color":"var(--ast-global-color-5)","background-image":"","background-repeat":"repeat","background-position":"center center","background-size":"auto","background-attachment":"scroll","background-type":"","background-media":"","overlay-type":"","overlay-color":"","overlay-opacity":"","overlay-gradient":""}},"footnotes":""},"categories":[5],"tags":[],"class_list":["post-187386","post","type-post","status-publish","format-standard","hentry","category-noticias"],"yoast_head":"<!-- This site is optimized with the Yoast SEO Premium plugin v20.9 (Yoast SEO v27.4) - https:\/\/yoast.com\/product\/yoast-seo-premium-wordpress\/ -->\n<title>Abierto el plazo de inscripci\u00f3n en eI Congreso Internacional sobre Paisaje, cultura y vino en el Cerrato palentino - bip4ex<\/title>\n<meta name=\"robots\" content=\"index, follow, max-snippet:-1, max-image-preview:large, max-video-preview:-1\" \/>\n<link rel=\"canonical\" href=\"https:\/\/helloproject.es\/vigilancia\/abierto-el-plazo-de-inscripcion-en-ei-congreso-internacional-sobre-paisaje-cultura-y-vino-en-el-cerrato-palentino\/\" \/>\n<meta property=\"og:locale\" content=\"es_ES\" \/>\n<meta property=\"og:type\" content=\"article\" \/>\n<meta property=\"og:title\" content=\"Abierto el plazo de inscripci\u00f3n en eI Congreso Internacional sobre Paisaje, cultura y vino en el Cerrato palentino\" \/>\n<meta property=\"og:description\" content=\"Abierto el plazo de inscripci\u00f3n en eI Congreso Internacional sobre Paisaje, cultura y vino en el Cerrato palentino Fecha de noticia Jueves, 06 de Noviembre de 2025 prensa Jue, 06\/11\/2025 &#8211; 14:04 La localidad de Baltan\u00e1s acoger\u00e1 los d\u00edas 26 y 27 de noviembre el I Congreso Internacional \u201cPaisaje, cultura y vino: el paisaje del [&hellip;]\" \/>\n<meta property=\"og:url\" content=\"https:\/\/helloproject.es\/vigilancia\/abierto-el-plazo-de-inscripcion-en-ei-congreso-internacional-sobre-paisaje-cultura-y-vino-en-el-cerrato-palentino\/\" \/>\n<meta property=\"og:site_name\" content=\"bip4ex\" \/>\n<meta property=\"article:published_time\" content=\"2025-11-06T13:28:35+00:00\" \/>\n<meta name=\"author\" content=\"Luis Miguel Mej\u00edas Ramos\" \/>\n<meta name=\"twitter:card\" content=\"summary_large_image\" \/>\n<meta name=\"twitter:label1\" content=\"Escrito por\" \/>\n\t<meta name=\"twitter:data1\" content=\"Luis Miguel Mej\u00edas Ramos\" \/>\n\t<meta name=\"twitter:label2\" content=\"Tiempo de lectura\" \/>\n\t<meta name=\"twitter:data2\" content=\"1 minuto\" \/>\n<script type=\"application\/ld+json\" class=\"yoast-schema-graph\">{\"@context\":\"https:\\\/\\\/schema.org\",\"@graph\":[{\"@type\":\"Article\",\"@id\":\"https:\\\/\\\/helloproject.es\\\/vigilancia\\\/abierto-el-plazo-de-inscripcion-en-ei-congreso-internacional-sobre-paisaje-cultura-y-vino-en-el-cerrato-palentino\\\/#article\",\"isPartOf\":{\"@id\":\"https:\\\/\\\/helloproject.es\\\/vigilancia\\\/abierto-el-plazo-de-inscripcion-en-ei-congreso-internacional-sobre-paisaje-cultura-y-vino-en-el-cerrato-palentino\\\/\"},\"author\":{\"name\":\"Luis Miguel Mej\u00edas Ramos\",\"@id\":\"https:\\\/\\\/helloproject.es\\\/vigilancia\\\/#\\\/schema\\\/person\\\/3767b0619d59a11570372c821f8619ca\"},\"headline\":\"Abierto el plazo de inscripci\u00f3n en eI Congreso Internacional sobre Paisaje, cultura y vino en el Cerrato palentino\",\"datePublished\":\"2025-11-06T13:28:35+00:00\",\"mainEntityOfPage\":{\"@id\":\"https:\\\/\\\/helloproject.es\\\/vigilancia\\\/abierto-el-plazo-de-inscripcion-en-ei-congreso-internacional-sobre-paisaje-cultura-y-vino-en-el-cerrato-palentino\\\/\"},\"wordCount\":204,\"publisher\":{\"@id\":\"https:\\\/\\\/helloproject.es\\\/vigilancia\\\/#organization\"},\"articleSection\":[\"Noticias\"],\"inLanguage\":\"es\"},{\"@type\":\"WebPage\",\"@id\":\"https:\\\/\\\/helloproject.es\\\/vigilancia\\\/abierto-el-plazo-de-inscripcion-en-ei-congreso-internacional-sobre-paisaje-cultura-y-vino-en-el-cerrato-palentino\\\/\",\"url\":\"https:\\\/\\\/helloproject.es\\\/vigilancia\\\/abierto-el-plazo-de-inscripcion-en-ei-congreso-internacional-sobre-paisaje-cultura-y-vino-en-el-cerrato-palentino\\\/\",\"name\":\"Abierto el plazo de inscripci\u00f3n en eI Congreso Internacional sobre Paisaje, cultura y vino en el Cerrato palentino - bip4ex\",\"isPartOf\":{\"@id\":\"https:\\\/\\\/helloproject.es\\\/vigilancia\\\/#website\"},\"datePublished\":\"2025-11-06T13:28:35+00:00\",\"breadcrumb\":{\"@id\":\"https:\\\/\\\/helloproject.es\\\/vigilancia\\\/abierto-el-plazo-de-inscripcion-en-ei-congreso-internacional-sobre-paisaje-cultura-y-vino-en-el-cerrato-palentino\\\/#breadcrumb\"},\"inLanguage\":\"es\",\"potentialAction\":[{\"@type\":\"ReadAction\",\"target\":[\"https:\\\/\\\/helloproject.es\\\/vigilancia\\\/abierto-el-plazo-de-inscripcion-en-ei-congreso-internacional-sobre-paisaje-cultura-y-vino-en-el-cerrato-palentino\\\/\"]}]},{\"@type\":\"BreadcrumbList\",\"@id\":\"https:\\\/\\\/helloproject.es\\\/vigilancia\\\/abierto-el-plazo-de-inscripcion-en-ei-congreso-internacional-sobre-paisaje-cultura-y-vino-en-el-cerrato-palentino\\\/#breadcrumb\",\"itemListElement\":[{\"@type\":\"ListItem\",\"position\":1,\"name\":\"Home\",\"item\":\"https:\\\/\\\/helloproject.es\\\/vigilancia\\\/\"},{\"@type\":\"ListItem\",\"position\":2,\"name\":\"Abierto el plazo de inscripci\u00f3n en eI Congreso Internacional sobre Paisaje, cultura y vino en el Cerrato palentino\"}]},{\"@type\":\"WebSite\",\"@id\":\"https:\\\/\\\/helloproject.es\\\/vigilancia\\\/#website\",\"url\":\"https:\\\/\\\/helloproject.es\\\/vigilancia\\\/\",\"name\":\"bip4ex\",\"description\":\"Vigilancia Tecnol\u00f3gica\",\"publisher\":{\"@id\":\"https:\\\/\\\/helloproject.es\\\/vigilancia\\\/#organization\"},\"potentialAction\":[{\"@type\":\"SearchAction\",\"target\":{\"@type\":\"EntryPoint\",\"urlTemplate\":\"https:\\\/\\\/helloproject.es\\\/vigilancia\\\/?s={search_term_string}\"},\"query-input\":{\"@type\":\"PropertyValueSpecification\",\"valueRequired\":true,\"valueName\":\"search_term_string\"}}],\"inLanguage\":\"es\"},{\"@type\":\"Organization\",\"@id\":\"https:\\\/\\\/helloproject.es\\\/vigilancia\\\/#organization\",\"name\":\"Helloproject.es\",\"url\":\"https:\\\/\\\/helloproject.es\\\/vigilancia\\\/\",\"logo\":{\"@type\":\"ImageObject\",\"inLanguage\":\"es\",\"@id\":\"https:\\\/\\\/helloproject.es\\\/vigilancia\\\/#\\\/schema\\\/logo\\\/image\\\/\",\"url\":\"https:\\\/\\\/helloproject.es\\\/vigilancia\\\/wp-content\\\/uploads\\\/2023\\\/07\\\/bip4ex.png\",\"contentUrl\":\"https:\\\/\\\/helloproject.es\\\/vigilancia\\\/wp-content\\\/uploads\\\/2023\\\/07\\\/bip4ex.png\",\"width\":322,\"height\":365,\"caption\":\"Helloproject.es\"},\"image\":{\"@id\":\"https:\\\/\\\/helloproject.es\\\/vigilancia\\\/#\\\/schema\\\/logo\\\/image\\\/\"}},{\"@type\":\"Person\",\"@id\":\"https:\\\/\\\/helloproject.es\\\/vigilancia\\\/#\\\/schema\\\/person\\\/3767b0619d59a11570372c821f8619ca\",\"name\":\"Luis Miguel Mej\u00edas Ramos\",\"url\":\"https:\\\/\\\/helloproject.es\\\/vigilancia\\\/author\\\/luismi\\\/\"}]}<\/script>\n<!-- \/ Yoast SEO Premium plugin. -->","yoast_head_json":{"title":"Abierto el plazo de inscripci\u00f3n en eI Congreso Internacional sobre Paisaje, cultura y vino en el Cerrato palentino - bip4ex","robots":{"index":"index","follow":"follow","max-snippet":"max-snippet:-1","max-image-preview":"max-image-preview:large","max-video-preview":"max-video-preview:-1"},"canonical":"https:\/\/helloproject.es\/vigilancia\/abierto-el-plazo-de-inscripcion-en-ei-congreso-internacional-sobre-paisaje-cultura-y-vino-en-el-cerrato-palentino\/","og_locale":"es_ES","og_type":"article","og_title":"Abierto el plazo de inscripci\u00f3n en eI Congreso Internacional sobre Paisaje, cultura y vino en el Cerrato palentino","og_description":"Abierto el plazo de inscripci\u00f3n en eI Congreso Internacional sobre Paisaje, cultura y vino en el Cerrato palentino Fecha de noticia Jueves, 06 de Noviembre de 2025 prensa Jue, 06\/11\/2025 &#8211; 14:04 La localidad de Baltan\u00e1s acoger\u00e1 los d\u00edas 26 y 27 de noviembre el I Congreso Internacional \u201cPaisaje, cultura y vino: el paisaje del [&hellip;]","og_url":"https:\/\/helloproject.es\/vigilancia\/abierto-el-plazo-de-inscripcion-en-ei-congreso-internacional-sobre-paisaje-cultura-y-vino-en-el-cerrato-palentino\/","og_site_name":"bip4ex","article_published_time":"2025-11-06T13:28:35+00:00","author":"Luis Miguel Mej\u00edas Ramos","twitter_card":"summary_large_image","twitter_misc":{"Escrito por":"Luis Miguel Mej\u00edas Ramos","Tiempo de lectura":"1 minuto"},"schema":{"@context":"https:\/\/schema.org","@graph":[{"@type":"Article","@id":"https:\/\/helloproject.es\/vigilancia\/abierto-el-plazo-de-inscripcion-en-ei-congreso-internacional-sobre-paisaje-cultura-y-vino-en-el-cerrato-palentino\/#article","isPartOf":{"@id":"https:\/\/helloproject.es\/vigilancia\/abierto-el-plazo-de-inscripcion-en-ei-congreso-internacional-sobre-paisaje-cultura-y-vino-en-el-cerrato-palentino\/"},"author":{"name":"Luis Miguel Mej\u00edas Ramos","@id":"https:\/\/helloproject.es\/vigilancia\/#\/schema\/person\/3767b0619d59a11570372c821f8619ca"},"headline":"Abierto el plazo de inscripci\u00f3n en eI Congreso Internacional sobre Paisaje, cultura y vino en el Cerrato palentino","datePublished":"2025-11-06T13:28:35+00:00","mainEntityOfPage":{"@id":"https:\/\/helloproject.es\/vigilancia\/abierto-el-plazo-de-inscripcion-en-ei-congreso-internacional-sobre-paisaje-cultura-y-vino-en-el-cerrato-palentino\/"},"wordCount":204,"publisher":{"@id":"https:\/\/helloproject.es\/vigilancia\/#organization"},"articleSection":["Noticias"],"inLanguage":"es"},{"@type":"WebPage","@id":"https:\/\/helloproject.es\/vigilancia\/abierto-el-plazo-de-inscripcion-en-ei-congreso-internacional-sobre-paisaje-cultura-y-vino-en-el-cerrato-palentino\/","url":"https:\/\/helloproject.es\/vigilancia\/abierto-el-plazo-de-inscripcion-en-ei-congreso-internacional-sobre-paisaje-cultura-y-vino-en-el-cerrato-palentino\/","name":"Abierto el plazo de inscripci\u00f3n en eI Congreso Internacional sobre Paisaje, cultura y vino en el Cerrato palentino - bip4ex","isPartOf":{"@id":"https:\/\/helloproject.es\/vigilancia\/#website"},"datePublished":"2025-11-06T13:28:35+00:00","breadcrumb":{"@id":"https:\/\/helloproject.es\/vigilancia\/abierto-el-plazo-de-inscripcion-en-ei-congreso-internacional-sobre-paisaje-cultura-y-vino-en-el-cerrato-palentino\/#breadcrumb"},"inLanguage":"es","potentialAction":[{"@type":"ReadAction","target":["https:\/\/helloproject.es\/vigilancia\/abierto-el-plazo-de-inscripcion-en-ei-congreso-internacional-sobre-paisaje-cultura-y-vino-en-el-cerrato-palentino\/"]}]},{"@type":"BreadcrumbList","@id":"https:\/\/helloproject.es\/vigilancia\/abierto-el-plazo-de-inscripcion-en-ei-congreso-internacional-sobre-paisaje-cultura-y-vino-en-el-cerrato-palentino\/#breadcrumb","itemListElement":[{"@type":"ListItem","position":1,"name":"Home","item":"https:\/\/helloproject.es\/vigilancia\/"},{"@type":"ListItem","position":2,"name":"Abierto el plazo de inscripci\u00f3n en eI Congreso Internacional sobre Paisaje, cultura y vino en el Cerrato palentino"}]},{"@type":"WebSite","@id":"https:\/\/helloproject.es\/vigilancia\/#website","url":"https:\/\/helloproject.es\/vigilancia\/","name":"bip4ex","description":"Vigilancia Tecnol\u00f3gica","publisher":{"@id":"https:\/\/helloproject.es\/vigilancia\/#organization"},"potentialAction":[{"@type":"SearchAction","target":{"@type":"EntryPoint","urlTemplate":"https:\/\/helloproject.es\/vigilancia\/?s={search_term_string}"},"query-input":{"@type":"PropertyValueSpecification","valueRequired":true,"valueName":"search_term_string"}}],"inLanguage":"es"},{"@type":"Organization","@id":"https:\/\/helloproject.es\/vigilancia\/#organization","name":"Helloproject.es","url":"https:\/\/helloproject.es\/vigilancia\/","logo":{"@type":"ImageObject","inLanguage":"es","@id":"https:\/\/helloproject.es\/vigilancia\/#\/schema\/logo\/image\/","url":"https:\/\/helloproject.es\/vigilancia\/wp-content\/uploads\/2023\/07\/bip4ex.png","contentUrl":"https:\/\/helloproject.es\/vigilancia\/wp-content\/uploads\/2023\/07\/bip4ex.png","width":322,"height":365,"caption":"Helloproject.es"},"image":{"@id":"https:\/\/helloproject.es\/vigilancia\/#\/schema\/logo\/image\/"}},{"@type":"Person","@id":"https:\/\/helloproject.es\/vigilancia\/#\/schema\/person\/3767b0619d59a11570372c821f8619ca","name":"Luis Miguel Mej\u00edas Ramos","url":"https:\/\/helloproject.es\/vigilancia\/author\/luismi\/"}]}},"_links":{"self":[{"href":"https:\/\/helloproject.es\/vigilancia\/wp-json\/wp\/v2\/posts\/187386","targetHints":{"allow":["GET"]}}],"collection":[{"href":"https:\/\/helloproject.es\/vigilancia\/wp-json\/wp\/v2\/posts"}],"about":[{"href":"https:\/\/helloproject.es\/vigilancia\/wp-json\/wp\/v2\/types\/post"}],"author":[{"embeddable":true,"href":"https:\/\/helloproject.es\/vigilancia\/wp-json\/wp\/v2\/users\/5"}],"replies":[{"embeddable":true,"href":"https:\/\/helloproject.es\/vigilancia\/wp-json\/wp\/v2\/comments?post=187386"}],"version-history":[{"count":0,"href":"https:\/\/helloproject.es\/vigilancia\/wp-json\/wp\/v2\/posts\/187386\/revisions"}],"wp:attachment":[{"href":"https:\/\/helloproject.es\/vigilancia\/wp-json\/wp\/v2\/media?parent=187386"}],"wp:term":[{"taxonomy":"category","embeddable":true,"href":"https:\/\/helloproject.es\/vigilancia\/wp-json\/wp\/v2\/categories?post=187386"},{"taxonomy":"post_tag","embeddable":true,"href":"https:\/\/helloproject.es\/vigilancia\/wp-json\/wp\/v2\/tags?post=187386"}],"curies":[{"name":"wp","href":"https:\/\/api.w.org\/{rel}","templated":true}]}}