{"id":187408,"date":"2025-11-06T20:28:07","date_gmt":"2025-11-06T19:28:07","guid":{"rendered":"https:\/\/helloproject.es\/vigilancia\/los-lagos-amazonicos-llegan-a-los-41o-c\/"},"modified":"2025-11-06T20:28:07","modified_gmt":"2025-11-06T19:28:07","slug":"los-lagos-amazonicos-llegan-a-los-41o-c","status":"publish","type":"post","link":"https:\/\/helloproject.es\/vigilancia\/los-lagos-amazonicos-llegan-a-los-41o-c\/","title":{"rendered":"Los lagos amaz\u00f3nicos llegan a los 41\u00ba C"},"content":{"rendered":"<p>Un nuevo estudio analiza en detalle c\u00f3mo las condiciones extremas de 2023 alteraron el equilibrio t\u00e9rmico de los lagos amaz\u00f3nicos. Las mediciones muestran que el agua alcanz\u00f3 temperaturas inusualmente altas, que en algunos casos superaron los 40 \u00baC, acompa\u00f1adas de un descenso hist\u00f3rico en los niveles h\u00eddricos. \u00a0Esto provoc\u00f3 el aislamiento de comunidades ribere\u00f1as y mortandades masivas de peces y delfines rosados del Amazonas, una especie en peligro de extinci\u00f3n.<\/p>\n<p>\u201cEstas temperaturas del agua superan la tolerancia t\u00e9rmica de la mayor\u00eda de los peces amaz\u00f3nicos, lo que amenaza no solo a los animales, sino tambi\u00e9n a los miles de personas que dependen de ellos para su alimentaci\u00f3n y sustento. En los delfines de r\u00edo, encontramos m\u00e1s de 200 cad\u00e1veres en el lago Tef\u00e9 en un per\u00edodo de poco m\u00e1s de un mes\u201d, apunta a SINC Ayan Fleischmann, autor principal de la investigaci\u00f3n en el Instituto Mamirau\u00e1 para el Desarrollo Sostenible (Brasil).<\/p>\n<p>El trabajo advierte que los lagos y r\u00edos del Amazonas muestran una intensificaci\u00f3n sostenida del calentamiento, un fen\u00f3meno dif\u00edcil de evaluar debido al limitado monitoreo hidrol\u00f3gico en la regi\u00f3n. Este patr\u00f3n sugiere efectos clim\u00e1ticos crecientes sobre los ecosistemas de agua dulce tropicales.<\/p>\n<p><img decoding=\"async\" src=\"https:\/\/www.agenciasinc.es\/bundles\/app\/images\/quotebefore.png\" \/><\/p>\n<p>Estas temperaturas del agua superan la\u00a0tolerancia t\u00e9rmica de la mayor\u00eda de los peces amaz\u00f3nicos<\/p>\n<p>Ayan Fleischmann, Instituto Mamirau\u00e1<br \/>\n<img decoding=\"async\" src=\"https:\/\/www.agenciasinc.es\/bundles\/app\/images\/quoteafter.png\" \/><\/p>\n<p>\u201cAunque este estudio presenta datos de 2023, en septiembre y octubre de 2024 se produjo otra sequ\u00eda extrema en el Amazonas central\u201d, advierte el cient\u00edfico, \u201ccon r\u00e9cords de niveles bajos y un intenso calentamiento de las aguas, asociados a condiciones hidrol\u00f3gicas y meteorol\u00f3gicas similares a las observadas el a\u00f1o anterior\u201d.<\/p>\n<p><a><\/a><\/p>\n<h2>El calor golpea los ecosistemas tropicales<\/h2>\n<p>Los ecosistemas acu\u00e1ticos de todo el planeta se est\u00e1n calentando r\u00e1pidamente, y los modelos clim\u00e1ticos prev\u00e9n que esta tendencia continuar\u00e1, provocando olas de calor m\u00e1s frecuentes e intensas en lagos y embalses. Sin embargo, la mayor parte de la investigaci\u00f3n sobre este fen\u00f3meno se ha centrado en regiones templadas.<\/p>\n<p>Los lagos tropicales, como los de la cuenca amaz\u00f3nica, son especialmente vulnerables a este calentamiento y permanecen poco estudiados y escasamente monitorizados.<\/p>\n<p>                    <img decoding=\"async\" src=\"https:\/\/cdn.agenciasinc.es\/var\/ezwebin_site\/storage\/images\/_aliases\/img_1col\/media\/images\/miguel-monteiro-10-1\/12354557-1-esl-MX\/Miguel-Monteiro-10-1.jpg\" alt=\"Impacto en las poblaciones ribere\u00f1as. \/ Miguel Monteiro\" \/><\/p>\n<p>Impacto en las poblaciones ribere\u00f1as. \/ Miguel Monteiro<\/p>\n<p>    document.addEventListener(\u00abDOMContentLoaded\u00bb, function() {<br \/>\n        var img = document.querySelector(&#8216;.image-container img&#8217;);<br \/>\n        if (img) {<br \/>\n            img.alt = \u00abImpacto en las poblaciones ribere\u00f1as. \/ Miguel Monteiro\u00bb;<br \/>\n        }<br \/>\n    });<\/p>\n<p><a><\/a><\/p>\n<h2>Datos in\u00e9ditos de un Amazonas abrasador<\/h2>\n<p>El equipo de Fleischmann analiz\u00f3 mediciones de temperatura en diez lagos del Amazonas central durante la sequ\u00eda de 2023, apoy\u00e1ndose en datos satelitales y modelos hidrodin\u00e1micos. En cinco de los diez lagos, las temperaturas diurnas del agua superaron los 37 \u00baC, y en el lago Tef\u00e9 alcanzaron los 41 \u00baC a lo largo de toda su columna de agua, de apenas dos metros de profundidad: m\u00e1s caliente que un ba\u00f1o termal.<\/p>\n<p><img decoding=\"async\" src=\"https:\/\/www.agenciasinc.es\/bundles\/app\/images\/quotebefore.png\" \/><\/p>\n<p>Aunque en ciertos a\u00f1os podemos medir altas temperaturas en la superficie de los lagos tropicales, medir 41 \u00b0C en toda la columna de agua es algo sin precedentes<\/p>\n<p>Ayan Fleischmann<br \/>\n<img decoding=\"async\" src=\"https:\/\/www.agenciasinc.es\/bundles\/app\/images\/quoteafter.png\" \/><\/p>\n<p>\u201cLas temperaturas normales y promedio a largo plazo del agua en Tef\u00e9 son de 28 a 31 \u00b0C, por lo que encontrar una temperatura as\u00ed es realmente inusual. Aunque en ciertos a\u00f1os podemos medir altas temperaturas en la superficie de los lagos tropicales, medir 41 \u00b0C en toda la columna de agua, como lo hicimos nosotros, es algo sin precedentes, hasta donde sabemos\u201d, argumenta Fleischmann.<\/p>\n<p>Los investigadores concluyen que esta situaci\u00f3n fue el resultado de niveles de agua muy bajos, intensa radiaci\u00f3n solar, ausencia de viento y alta turbidez, condiciones que favorecieron una acumulaci\u00f3n extrema de calor.<\/p>\n<p>De todos estos factores, la falta de viento fue probablemente el m\u00e1s determinante, al reducir la p\u00e9rdida de calor por evaporaci\u00f3n y enfriamiento nocturno.<\/p>\n<p><img decoding=\"async\" src=\"https:\/\/www.agenciasinc.es\/bundles\/app\/images\/quotebefore.png\" \/><\/p>\n<p>Identificamos cuatro factores clave: una intensa radiaci\u00f3n solar entrante, la poca profundidad del lago , la baja velocidad del viento y la turbidez<\/p>\n<p>Ayan Fleischmann<br \/>\n<img decoding=\"async\" src=\"https:\/\/www.agenciasinc.es\/bundles\/app\/images\/quoteafter.png\" \/><\/p>\n<p>\u201cIdentificamos cuatro factores clave: una intensa radiaci\u00f3n solar entrante (debido a una larga secuencia de d\u00edas despejados), la poca profundidad del lago (m\u00e1s de 10 km con menos de 50 cm de profundidad), la baja velocidad del viento (que redujo la p\u00e9rdida de calor en el lago) y la turbidez (provocada por la resuspensi\u00f3n de sedimentos del fondo). Todos estos factores combinados llevaron al calentamiento extremo del lago Tef\u00e9 y de otros lagos de la regi\u00f3n\u201d, explica el investigador.<\/p>\n<p>                    <img decoding=\"async\" src=\"https:\/\/cdn.agenciasinc.es\/var\/ezwebin_site\/storage\/images\/_aliases\/img_1col\/media\/images\/miguel-monteiro-2\/12354590-1-esl-MX\/Miguel-Monteiro-2.jpg\" alt=\"os lagos del Amazonas se est\u00e1n calentando entre 0,3 \u00baC y 0,8 \u00baC por d\u00e9cada en los \u00faltimos 30 a\u00f1os. \/ Miguel Monteiro\" \/><\/p>\n<p>os lagos del Amazonas se est\u00e1n calentando entre 0,3 \u00baC y 0,8 \u00baC por d\u00e9cada en los \u00faltimos 30 a\u00f1os. \/ Miguel Monteiro<\/p>\n<p>    document.addEventListener(\u00abDOMContentLoaded\u00bb, function() {<br \/>\n        var img = document.querySelector(&#8216;.image-container img&#8217;);<br \/>\n        if (img) {<br \/>\n            img.alt = \u00abos lagos del Amazonas se est\u00e1n calentando entre 0,3 \u00baC y 0,8 \u00baC por d\u00e9cada en los \u00faltimos 30 a\u00f1os. \/ Miguel Monteiro\u00bb;<br \/>\n        }<br \/>\n    });<\/p>\n<p><a><\/a><\/p>\n<h2>Un calentamiento m\u00e1s r\u00e1pido que el promedio<\/h2>\n<p>Seg\u00fan el estudio, los lagos del Amazonas se est\u00e1n calentando entre 0,3 \u00baC y 0,8 \u00baC por d\u00e9cada en los \u00faltimos 30 a\u00f1os, una tasa superior al promedio mundial. La situaci\u00f3n se agrav\u00f3 durante la sequ\u00eda de 2024, cuando el lago Tef\u00e9 perdi\u00f3 el 75 % de su superficie y el lago do Badaj\u00f3s se redujo en un 90 %.<\/p>\n<p><img decoding=\"async\" src=\"https:\/\/www.agenciasinc.es\/bundles\/app\/images\/quotebefore.png\" \/><\/p>\n<p>Necesitamos mejorar las estrategias de monitoreo de los lagos amaz\u00f3nicos y sus ecosistemas, avanzando hacia programas de monitoreo a largo plazo tanto del agua como de los ecosistema<\/p>\n<p>Ayan Fleischmann<br \/>\n<img decoding=\"async\" src=\"https:\/\/www.agenciasinc.es\/bundles\/app\/images\/quoteafter.png\" \/><\/p>\n<p>Estos resultados alertan sobre la r\u00e1pida transformaci\u00f3n de los ecosistemas acu\u00e1ticos tropicales y la necesidad urgente de reforzar su vigilancia y protecci\u00f3n frente al cambio clim\u00e1tico, un fen\u00f3meno que ya est\u00e1 alterando de forma profunda el equilibrio ecol\u00f3gico del Amazonas.<\/p>\n<p>\u201cNecesitamos mejorar las estrategias de monitoreo de los lagos amaz\u00f3nicos y sus ecosistemas, avanzando hacia programas de monitoreo a largo plazo tanto del agua como de los ecosistemas\u201d, concluye Fleischmann.<\/p>\n<p>Referencia:<\/p>\n<p>Ayan Fleischmann et al. \u201cExtreme warming of Amazon waters in a changing climate\u201d. <a href=\"https:\/\/dx.doi.org\/10.1126\/science.adr4029\" target=\"_blank\">Science<\/a>\u00a0(2025).\u00a0<\/p>","protected":false},"excerpt":{"rendered":"<p>Un nuevo estudio analiza en detalle c\u00f3mo las condiciones extremas de 2023 alteraron el equilibrio t\u00e9rmico de los lagos amaz\u00f3nicos. Las mediciones muestran que el agua alcanz\u00f3 temperaturas inusualmente altas, que en algunos casos superaron los 40 \u00baC, acompa\u00f1adas de un descenso hist\u00f3rico en los niveles h\u00eddricos. \u00a0Esto provoc\u00f3 el aislamiento de comunidades ribere\u00f1as y [&hellip;]<\/p>\n","protected":false},"author":5,"featured_media":0,"comment_status":"","ping_status":"","sticky":false,"template":"","format":"standard","meta":{"site-sidebar-layout":"default","site-content-layout":"","ast-site-content-layout":"default","site-content-style":"default","site-sidebar-style":"default","ast-global-header-display":"","ast-banner-title-visibility":"","ast-main-header-display":"","ast-hfb-above-header-display":"","ast-hfb-below-header-display":"","ast-hfb-mobile-header-display":"","site-post-title":"","ast-breadcrumbs-content":"","ast-featured-img":"","footer-sml-layout":"","ast-disable-related-posts":"","theme-transparent-header-meta":"","adv-header-id-meta":"","stick-header-meta":"","header-above-stick-meta":"","header-main-stick-meta":"","header-below-stick-meta":"","astra-migrate-meta-layouts":"default","ast-page-background-enabled":"default","ast-page-background-meta":{"desktop":{"background-color":"var(--ast-global-color-4)","background-image":"","background-repeat":"repeat","background-position":"center center","background-size":"auto","background-attachment":"scroll","background-type":"","background-media":"","overlay-type":"","overlay-color":"","overlay-opacity":"","overlay-gradient":""},"tablet":{"background-color":"","background-image":"","background-repeat":"repeat","background-position":"center center","background-size":"auto","background-attachment":"scroll","background-type":"","background-media":"","overlay-type":"","overlay-color":"","overlay-opacity":"","overlay-gradient":""},"mobile":{"background-color":"","background-image":"","background-repeat":"repeat","background-position":"center center","background-size":"auto","background-attachment":"scroll","background-type":"","background-media":"","overlay-type":"","overlay-color":"","overlay-opacity":"","overlay-gradient":""}},"ast-content-background-meta":{"desktop":{"background-color":"var(--ast-global-color-5)","background-image":"","background-repeat":"repeat","background-position":"center center","background-size":"auto","background-attachment":"scroll","background-type":"","background-media":"","overlay-type":"","overlay-color":"","overlay-opacity":"","overlay-gradient":""},"tablet":{"background-color":"var(--ast-global-color-5)","background-image":"","background-repeat":"repeat","background-position":"center center","background-size":"auto","background-attachment":"scroll","background-type":"","background-media":"","overlay-type":"","overlay-color":"","overlay-opacity":"","overlay-gradient":""},"mobile":{"background-color":"var(--ast-global-color-5)","background-image":"","background-repeat":"repeat","background-position":"center center","background-size":"auto","background-attachment":"scroll","background-type":"","background-media":"","overlay-type":"","overlay-color":"","overlay-opacity":"","overlay-gradient":""}},"footnotes":""},"categories":[5],"tags":[],"class_list":["post-187408","post","type-post","status-publish","format-standard","hentry","category-noticias"],"yoast_head":"<!-- This site is optimized with the Yoast SEO Premium plugin v20.9 (Yoast SEO v27.4) - https:\/\/yoast.com\/product\/yoast-seo-premium-wordpress\/ -->\n<title>Los lagos amaz\u00f3nicos llegan a los 41\u00ba C - bip4ex<\/title>\n<meta name=\"robots\" content=\"index, follow, max-snippet:-1, max-image-preview:large, max-video-preview:-1\" \/>\n<link rel=\"canonical\" href=\"https:\/\/helloproject.es\/vigilancia\/los-lagos-amazonicos-llegan-a-los-41o-c\/\" \/>\n<meta property=\"og:locale\" content=\"es_ES\" \/>\n<meta property=\"og:type\" content=\"article\" \/>\n<meta property=\"og:title\" content=\"Los lagos amaz\u00f3nicos llegan a los 41\u00ba C\" \/>\n<meta property=\"og:description\" content=\"Un nuevo estudio analiza en detalle c\u00f3mo las condiciones extremas de 2023 alteraron el equilibrio t\u00e9rmico de los lagos amaz\u00f3nicos. Las mediciones muestran que el agua alcanz\u00f3 temperaturas inusualmente altas, que en algunos casos superaron los 40 \u00baC, acompa\u00f1adas de un descenso hist\u00f3rico en los niveles h\u00eddricos. \u00a0Esto provoc\u00f3 el aislamiento de comunidades ribere\u00f1as y [&hellip;]\" \/>\n<meta property=\"og:url\" content=\"https:\/\/helloproject.es\/vigilancia\/los-lagos-amazonicos-llegan-a-los-41o-c\/\" \/>\n<meta property=\"og:site_name\" content=\"bip4ex\" \/>\n<meta property=\"article:published_time\" content=\"2025-11-06T19:28:07+00:00\" \/>\n<meta property=\"og:image\" content=\"https:\/\/www.agenciasinc.es\/bundles\/app\/images\/quotebefore.png\" \/>\n<meta name=\"author\" content=\"Luis Miguel Mej\u00edas Ramos\" \/>\n<meta name=\"twitter:card\" content=\"summary_large_image\" \/>\n<meta name=\"twitter:label1\" content=\"Escrito por\" \/>\n\t<meta name=\"twitter:data1\" content=\"Luis Miguel Mej\u00edas Ramos\" \/>\n\t<meta name=\"twitter:label2\" content=\"Tiempo de lectura\" \/>\n\t<meta name=\"twitter:data2\" content=\"5 minutos\" \/>\n<script type=\"application\/ld+json\" class=\"yoast-schema-graph\">{\"@context\":\"https:\\\/\\\/schema.org\",\"@graph\":[{\"@type\":\"Article\",\"@id\":\"https:\\\/\\\/helloproject.es\\\/vigilancia\\\/los-lagos-amazonicos-llegan-a-los-41o-c\\\/#article\",\"isPartOf\":{\"@id\":\"https:\\\/\\\/helloproject.es\\\/vigilancia\\\/los-lagos-amazonicos-llegan-a-los-41o-c\\\/\"},\"author\":{\"name\":\"Luis Miguel Mej\u00edas Ramos\",\"@id\":\"https:\\\/\\\/helloproject.es\\\/vigilancia\\\/#\\\/schema\\\/person\\\/3767b0619d59a11570372c821f8619ca\"},\"headline\":\"Los lagos amaz\u00f3nicos llegan a los 41\u00ba C\",\"datePublished\":\"2025-11-06T19:28:07+00:00\",\"mainEntityOfPage\":{\"@id\":\"https:\\\/\\\/helloproject.es\\\/vigilancia\\\/los-lagos-amazonicos-llegan-a-los-41o-c\\\/\"},\"wordCount\":1010,\"publisher\":{\"@id\":\"https:\\\/\\\/helloproject.es\\\/vigilancia\\\/#organization\"},\"image\":{\"@id\":\"https:\\\/\\\/helloproject.es\\\/vigilancia\\\/los-lagos-amazonicos-llegan-a-los-41o-c\\\/#primaryimage\"},\"thumbnailUrl\":\"https:\\\/\\\/www.agenciasinc.es\\\/bundles\\\/app\\\/images\\\/quotebefore.png\",\"articleSection\":[\"Noticias\"],\"inLanguage\":\"es\"},{\"@type\":\"WebPage\",\"@id\":\"https:\\\/\\\/helloproject.es\\\/vigilancia\\\/los-lagos-amazonicos-llegan-a-los-41o-c\\\/\",\"url\":\"https:\\\/\\\/helloproject.es\\\/vigilancia\\\/los-lagos-amazonicos-llegan-a-los-41o-c\\\/\",\"name\":\"Los lagos amaz\u00f3nicos llegan a los 41\u00ba C - bip4ex\",\"isPartOf\":{\"@id\":\"https:\\\/\\\/helloproject.es\\\/vigilancia\\\/#website\"},\"primaryImageOfPage\":{\"@id\":\"https:\\\/\\\/helloproject.es\\\/vigilancia\\\/los-lagos-amazonicos-llegan-a-los-41o-c\\\/#primaryimage\"},\"image\":{\"@id\":\"https:\\\/\\\/helloproject.es\\\/vigilancia\\\/los-lagos-amazonicos-llegan-a-los-41o-c\\\/#primaryimage\"},\"thumbnailUrl\":\"https:\\\/\\\/www.agenciasinc.es\\\/bundles\\\/app\\\/images\\\/quotebefore.png\",\"datePublished\":\"2025-11-06T19:28:07+00:00\",\"breadcrumb\":{\"@id\":\"https:\\\/\\\/helloproject.es\\\/vigilancia\\\/los-lagos-amazonicos-llegan-a-los-41o-c\\\/#breadcrumb\"},\"inLanguage\":\"es\",\"potentialAction\":[{\"@type\":\"ReadAction\",\"target\":[\"https:\\\/\\\/helloproject.es\\\/vigilancia\\\/los-lagos-amazonicos-llegan-a-los-41o-c\\\/\"]}]},{\"@type\":\"ImageObject\",\"inLanguage\":\"es\",\"@id\":\"https:\\\/\\\/helloproject.es\\\/vigilancia\\\/los-lagos-amazonicos-llegan-a-los-41o-c\\\/#primaryimage\",\"url\":\"https:\\\/\\\/www.agenciasinc.es\\\/bundles\\\/app\\\/images\\\/quotebefore.png\",\"contentUrl\":\"https:\\\/\\\/www.agenciasinc.es\\\/bundles\\\/app\\\/images\\\/quotebefore.png\"},{\"@type\":\"BreadcrumbList\",\"@id\":\"https:\\\/\\\/helloproject.es\\\/vigilancia\\\/los-lagos-amazonicos-llegan-a-los-41o-c\\\/#breadcrumb\",\"itemListElement\":[{\"@type\":\"ListItem\",\"position\":1,\"name\":\"Home\",\"item\":\"https:\\\/\\\/helloproject.es\\\/vigilancia\\\/\"},{\"@type\":\"ListItem\",\"position\":2,\"name\":\"Los lagos amaz\u00f3nicos llegan a los 41\u00ba C\"}]},{\"@type\":\"WebSite\",\"@id\":\"https:\\\/\\\/helloproject.es\\\/vigilancia\\\/#website\",\"url\":\"https:\\\/\\\/helloproject.es\\\/vigilancia\\\/\",\"name\":\"bip4ex\",\"description\":\"Vigilancia Tecnol\u00f3gica\",\"publisher\":{\"@id\":\"https:\\\/\\\/helloproject.es\\\/vigilancia\\\/#organization\"},\"potentialAction\":[{\"@type\":\"SearchAction\",\"target\":{\"@type\":\"EntryPoint\",\"urlTemplate\":\"https:\\\/\\\/helloproject.es\\\/vigilancia\\\/?s={search_term_string}\"},\"query-input\":{\"@type\":\"PropertyValueSpecification\",\"valueRequired\":true,\"valueName\":\"search_term_string\"}}],\"inLanguage\":\"es\"},{\"@type\":\"Organization\",\"@id\":\"https:\\\/\\\/helloproject.es\\\/vigilancia\\\/#organization\",\"name\":\"Helloproject.es\",\"url\":\"https:\\\/\\\/helloproject.es\\\/vigilancia\\\/\",\"logo\":{\"@type\":\"ImageObject\",\"inLanguage\":\"es\",\"@id\":\"https:\\\/\\\/helloproject.es\\\/vigilancia\\\/#\\\/schema\\\/logo\\\/image\\\/\",\"url\":\"https:\\\/\\\/helloproject.es\\\/vigilancia\\\/wp-content\\\/uploads\\\/2023\\\/07\\\/bip4ex.png\",\"contentUrl\":\"https:\\\/\\\/helloproject.es\\\/vigilancia\\\/wp-content\\\/uploads\\\/2023\\\/07\\\/bip4ex.png\",\"width\":322,\"height\":365,\"caption\":\"Helloproject.es\"},\"image\":{\"@id\":\"https:\\\/\\\/helloproject.es\\\/vigilancia\\\/#\\\/schema\\\/logo\\\/image\\\/\"}},{\"@type\":\"Person\",\"@id\":\"https:\\\/\\\/helloproject.es\\\/vigilancia\\\/#\\\/schema\\\/person\\\/3767b0619d59a11570372c821f8619ca\",\"name\":\"Luis Miguel Mej\u00edas Ramos\",\"url\":\"https:\\\/\\\/helloproject.es\\\/vigilancia\\\/author\\\/luismi\\\/\"}]}<\/script>\n<!-- \/ Yoast SEO Premium plugin. -->","yoast_head_json":{"title":"Los lagos amaz\u00f3nicos llegan a los 41\u00ba C - bip4ex","robots":{"index":"index","follow":"follow","max-snippet":"max-snippet:-1","max-image-preview":"max-image-preview:large","max-video-preview":"max-video-preview:-1"},"canonical":"https:\/\/helloproject.es\/vigilancia\/los-lagos-amazonicos-llegan-a-los-41o-c\/","og_locale":"es_ES","og_type":"article","og_title":"Los lagos amaz\u00f3nicos llegan a los 41\u00ba C","og_description":"Un nuevo estudio analiza en detalle c\u00f3mo las condiciones extremas de 2023 alteraron el equilibrio t\u00e9rmico de los lagos amaz\u00f3nicos. Las mediciones muestran que el agua alcanz\u00f3 temperaturas inusualmente altas, que en algunos casos superaron los 40 \u00baC, acompa\u00f1adas de un descenso hist\u00f3rico en los niveles h\u00eddricos. \u00a0Esto provoc\u00f3 el aislamiento de comunidades ribere\u00f1as y [&hellip;]","og_url":"https:\/\/helloproject.es\/vigilancia\/los-lagos-amazonicos-llegan-a-los-41o-c\/","og_site_name":"bip4ex","article_published_time":"2025-11-06T19:28:07+00:00","og_image":[{"url":"https:\/\/www.agenciasinc.es\/bundles\/app\/images\/quotebefore.png","type":"","width":"","height":""}],"author":"Luis Miguel Mej\u00edas Ramos","twitter_card":"summary_large_image","twitter_misc":{"Escrito por":"Luis Miguel Mej\u00edas Ramos","Tiempo de lectura":"5 minutos"},"schema":{"@context":"https:\/\/schema.org","@graph":[{"@type":"Article","@id":"https:\/\/helloproject.es\/vigilancia\/los-lagos-amazonicos-llegan-a-los-41o-c\/#article","isPartOf":{"@id":"https:\/\/helloproject.es\/vigilancia\/los-lagos-amazonicos-llegan-a-los-41o-c\/"},"author":{"name":"Luis Miguel Mej\u00edas Ramos","@id":"https:\/\/helloproject.es\/vigilancia\/#\/schema\/person\/3767b0619d59a11570372c821f8619ca"},"headline":"Los lagos amaz\u00f3nicos llegan a los 41\u00ba C","datePublished":"2025-11-06T19:28:07+00:00","mainEntityOfPage":{"@id":"https:\/\/helloproject.es\/vigilancia\/los-lagos-amazonicos-llegan-a-los-41o-c\/"},"wordCount":1010,"publisher":{"@id":"https:\/\/helloproject.es\/vigilancia\/#organization"},"image":{"@id":"https:\/\/helloproject.es\/vigilancia\/los-lagos-amazonicos-llegan-a-los-41o-c\/#primaryimage"},"thumbnailUrl":"https:\/\/www.agenciasinc.es\/bundles\/app\/images\/quotebefore.png","articleSection":["Noticias"],"inLanguage":"es"},{"@type":"WebPage","@id":"https:\/\/helloproject.es\/vigilancia\/los-lagos-amazonicos-llegan-a-los-41o-c\/","url":"https:\/\/helloproject.es\/vigilancia\/los-lagos-amazonicos-llegan-a-los-41o-c\/","name":"Los lagos amaz\u00f3nicos llegan a los 41\u00ba C - bip4ex","isPartOf":{"@id":"https:\/\/helloproject.es\/vigilancia\/#website"},"primaryImageOfPage":{"@id":"https:\/\/helloproject.es\/vigilancia\/los-lagos-amazonicos-llegan-a-los-41o-c\/#primaryimage"},"image":{"@id":"https:\/\/helloproject.es\/vigilancia\/los-lagos-amazonicos-llegan-a-los-41o-c\/#primaryimage"},"thumbnailUrl":"https:\/\/www.agenciasinc.es\/bundles\/app\/images\/quotebefore.png","datePublished":"2025-11-06T19:28:07+00:00","breadcrumb":{"@id":"https:\/\/helloproject.es\/vigilancia\/los-lagos-amazonicos-llegan-a-los-41o-c\/#breadcrumb"},"inLanguage":"es","potentialAction":[{"@type":"ReadAction","target":["https:\/\/helloproject.es\/vigilancia\/los-lagos-amazonicos-llegan-a-los-41o-c\/"]}]},{"@type":"ImageObject","inLanguage":"es","@id":"https:\/\/helloproject.es\/vigilancia\/los-lagos-amazonicos-llegan-a-los-41o-c\/#primaryimage","url":"https:\/\/www.agenciasinc.es\/bundles\/app\/images\/quotebefore.png","contentUrl":"https:\/\/www.agenciasinc.es\/bundles\/app\/images\/quotebefore.png"},{"@type":"BreadcrumbList","@id":"https:\/\/helloproject.es\/vigilancia\/los-lagos-amazonicos-llegan-a-los-41o-c\/#breadcrumb","itemListElement":[{"@type":"ListItem","position":1,"name":"Home","item":"https:\/\/helloproject.es\/vigilancia\/"},{"@type":"ListItem","position":2,"name":"Los lagos amaz\u00f3nicos llegan a los 41\u00ba C"}]},{"@type":"WebSite","@id":"https:\/\/helloproject.es\/vigilancia\/#website","url":"https:\/\/helloproject.es\/vigilancia\/","name":"bip4ex","description":"Vigilancia Tecnol\u00f3gica","publisher":{"@id":"https:\/\/helloproject.es\/vigilancia\/#organization"},"potentialAction":[{"@type":"SearchAction","target":{"@type":"EntryPoint","urlTemplate":"https:\/\/helloproject.es\/vigilancia\/?s={search_term_string}"},"query-input":{"@type":"PropertyValueSpecification","valueRequired":true,"valueName":"search_term_string"}}],"inLanguage":"es"},{"@type":"Organization","@id":"https:\/\/helloproject.es\/vigilancia\/#organization","name":"Helloproject.es","url":"https:\/\/helloproject.es\/vigilancia\/","logo":{"@type":"ImageObject","inLanguage":"es","@id":"https:\/\/helloproject.es\/vigilancia\/#\/schema\/logo\/image\/","url":"https:\/\/helloproject.es\/vigilancia\/wp-content\/uploads\/2023\/07\/bip4ex.png","contentUrl":"https:\/\/helloproject.es\/vigilancia\/wp-content\/uploads\/2023\/07\/bip4ex.png","width":322,"height":365,"caption":"Helloproject.es"},"image":{"@id":"https:\/\/helloproject.es\/vigilancia\/#\/schema\/logo\/image\/"}},{"@type":"Person","@id":"https:\/\/helloproject.es\/vigilancia\/#\/schema\/person\/3767b0619d59a11570372c821f8619ca","name":"Luis Miguel Mej\u00edas Ramos","url":"https:\/\/helloproject.es\/vigilancia\/author\/luismi\/"}]}},"_links":{"self":[{"href":"https:\/\/helloproject.es\/vigilancia\/wp-json\/wp\/v2\/posts\/187408","targetHints":{"allow":["GET"]}}],"collection":[{"href":"https:\/\/helloproject.es\/vigilancia\/wp-json\/wp\/v2\/posts"}],"about":[{"href":"https:\/\/helloproject.es\/vigilancia\/wp-json\/wp\/v2\/types\/post"}],"author":[{"embeddable":true,"href":"https:\/\/helloproject.es\/vigilancia\/wp-json\/wp\/v2\/users\/5"}],"replies":[{"embeddable":true,"href":"https:\/\/helloproject.es\/vigilancia\/wp-json\/wp\/v2\/comments?post=187408"}],"version-history":[{"count":0,"href":"https:\/\/helloproject.es\/vigilancia\/wp-json\/wp\/v2\/posts\/187408\/revisions"}],"wp:attachment":[{"href":"https:\/\/helloproject.es\/vigilancia\/wp-json\/wp\/v2\/media?parent=187408"}],"wp:term":[{"taxonomy":"category","embeddable":true,"href":"https:\/\/helloproject.es\/vigilancia\/wp-json\/wp\/v2\/categories?post=187408"},{"taxonomy":"post_tag","embeddable":true,"href":"https:\/\/helloproject.es\/vigilancia\/wp-json\/wp\/v2\/tags?post=187408"}],"curies":[{"name":"wp","href":"https:\/\/api.w.org\/{rel}","templated":true}]}}