{"id":187447,"date":"2025-11-07T07:17:38","date_gmt":"2025-11-07T06:17:38","guid":{"rendered":"https:\/\/helloproject.es\/vigilancia\/el-consorcio-sociosanitario-de-menorca-modifica-el-catalogo-de-puestos-de-trabajo-para-mejorar-la-cobertura-asistencial\/"},"modified":"2025-11-07T07:17:38","modified_gmt":"2025-11-07T06:17:38","slug":"el-consorcio-sociosanitario-de-menorca-modifica-el-catalogo-de-puestos-de-trabajo-para-mejorar-la-cobertura-asistencial","status":"publish","type":"post","link":"https:\/\/helloproject.es\/vigilancia\/el-consorcio-sociosanitario-de-menorca-modifica-el-catalogo-de-puestos-de-trabajo-para-mejorar-la-cobertura-asistencial\/","title":{"rendered":"El Consorcio Sociosanitario de Menorca modifica el cat\u00e1logo de puestos de trabajo para mejorar la cobertura asistencial"},"content":{"rendered":"<p><img decoding=\"async\" src=\"https:\/\/www.infosalut.com\/images\/noticies\/institucions\/ins-epr19.jpg\" \/><\/p>\n<p>El Bolet\u00edn Oficial de las Islas Baleares (BOIB n\u00fam. 146, de 4 de noviembre de 2025) publica el acuerdo de la Junta de Gobierno del Consorcio Sociosanitario de Menorca para modificar el cat\u00e1logo de puestos de trabajo del Centro Sociosanitario Santa Rita, con el objetivo de garantizar una atenci\u00f3n de calidad y adaptar la organizaci\u00f3n a las necesidades actuales.<\/p>","protected":false},"excerpt":{"rendered":"<p>El Bolet\u00edn Oficial de las Islas Baleares (BOIB n\u00fam. 146, de 4 de noviembre de 2025) publica el acuerdo de la Junta de Gobierno del Consorcio Sociosanitario de Menorca para modificar el cat\u00e1logo de puestos de trabajo del Centro Sociosanitario Santa Rita, con el objetivo de garantizar una atenci\u00f3n de calidad y adaptar la organizaci\u00f3n [&hellip;]<\/p>\n","protected":false},"author":5,"featured_media":0,"comment_status":"","ping_status":"","sticky":false,"template":"","format":"standard","meta":{"site-sidebar-layout":"default","site-content-layout":"","ast-site-content-layout":"default","site-content-style":"default","site-sidebar-style":"default","ast-global-header-display":"","ast-banner-title-visibility":"","ast-main-header-display":"","ast-hfb-above-header-display":"","ast-hfb-below-header-display":"","ast-hfb-mobile-header-display":"","site-post-title":"","ast-breadcrumbs-content":"","ast-featured-img":"","footer-sml-layout":"","ast-disable-related-posts":"","theme-transparent-header-meta":"","adv-header-id-meta":"","stick-header-meta":"","header-above-stick-meta":"","header-main-stick-meta":"","header-below-stick-meta":"","astra-migrate-meta-layouts":"default","ast-page-background-enabled":"default","ast-page-background-meta":{"desktop":{"background-color":"var(--ast-global-color-4)","background-image":"","background-repeat":"repeat","background-position":"center center","background-size":"auto","background-attachment":"scroll","background-type":"","background-media":"","overlay-type":"","overlay-color":"","overlay-opacity":"","overlay-gradient":""},"tablet":{"background-color":"","background-image":"","background-repeat":"repeat","background-position":"center center","background-size":"auto","background-attachment":"scroll","background-type":"","background-media":"","overlay-type":"","overlay-color":"","overlay-opacity":"","overlay-gradient":""},"mobile":{"background-color":"","background-image":"","background-repeat":"repeat","background-position":"center center","background-size":"auto","background-attachment":"scroll","background-type":"","background-media":"","overlay-type":"","overlay-color":"","overlay-opacity":"","overlay-gradient":""}},"ast-content-background-meta":{"desktop":{"background-color":"var(--ast-global-color-5)","background-image":"","background-repeat":"repeat","background-position":"center center","background-size":"auto","background-attachment":"scroll","background-type":"","background-media":"","overlay-type":"","overlay-color":"","overlay-opacity":"","overlay-gradient":""},"tablet":{"background-color":"var(--ast-global-color-5)","background-image":"","background-repeat":"repeat","background-position":"center center","background-size":"auto","background-attachment":"scroll","background-type":"","background-media":"","overlay-type":"","overlay-color":"","overlay-opacity":"","overlay-gradient":""},"mobile":{"background-color":"var(--ast-global-color-5)","background-image":"","background-repeat":"repeat","background-position":"center center","background-size":"auto","background-attachment":"scroll","background-type":"","background-media":"","overlay-type":"","overlay-color":"","overlay-opacity":"","overlay-gradient":""}},"footnotes":""},"categories":[5],"tags":[],"class_list":["post-187447","post","type-post","status-publish","format-standard","hentry","category-noticias"],"yoast_head":"<!-- This site is optimized with the Yoast SEO Premium plugin v20.9 (Yoast SEO v27.4) - https:\/\/yoast.com\/product\/yoast-seo-premium-wordpress\/ -->\n<title>El Consorcio Sociosanitario de Menorca modifica el cat\u00e1logo de puestos de trabajo para mejorar la cobertura asistencial - bip4ex<\/title>\n<meta name=\"robots\" content=\"index, follow, max-snippet:-1, max-image-preview:large, max-video-preview:-1\" \/>\n<link rel=\"canonical\" href=\"https:\/\/helloproject.es\/vigilancia\/el-consorcio-sociosanitario-de-menorca-modifica-el-catalogo-de-puestos-de-trabajo-para-mejorar-la-cobertura-asistencial\/\" \/>\n<meta property=\"og:locale\" content=\"es_ES\" \/>\n<meta property=\"og:type\" content=\"article\" \/>\n<meta property=\"og:title\" content=\"El Consorcio Sociosanitario de Menorca modifica el cat\u00e1logo de puestos de trabajo para mejorar la cobertura asistencial\" \/>\n<meta property=\"og:description\" content=\"El Bolet\u00edn Oficial de las Islas Baleares (BOIB n\u00fam. 146, de 4 de noviembre de 2025) publica el acuerdo de la Junta de Gobierno del Consorcio Sociosanitario de Menorca para modificar el cat\u00e1logo de puestos de trabajo del Centro Sociosanitario Santa Rita, con el objetivo de garantizar una atenci\u00f3n de calidad y adaptar la organizaci\u00f3n [&hellip;]\" \/>\n<meta property=\"og:url\" content=\"https:\/\/helloproject.es\/vigilancia\/el-consorcio-sociosanitario-de-menorca-modifica-el-catalogo-de-puestos-de-trabajo-para-mejorar-la-cobertura-asistencial\/\" \/>\n<meta property=\"og:site_name\" content=\"bip4ex\" \/>\n<meta property=\"article:published_time\" content=\"2025-11-07T06:17:38+00:00\" \/>\n<meta property=\"og:image\" content=\"https:\/\/www.infosalut.com\/images\/noticies\/institucions\/ins-epr19.jpg\" \/>\n<meta name=\"author\" content=\"Luis Miguel Mej\u00edas Ramos\" \/>\n<meta name=\"twitter:card\" content=\"summary_large_image\" \/>\n<meta name=\"twitter:label1\" content=\"Escrito por\" \/>\n\t<meta name=\"twitter:data1\" content=\"Luis Miguel Mej\u00edas Ramos\" \/>\n<script type=\"application\/ld+json\" class=\"yoast-schema-graph\">{\"@context\":\"https:\\\/\\\/schema.org\",\"@graph\":[{\"@type\":\"Article\",\"@id\":\"https:\\\/\\\/helloproject.es\\\/vigilancia\\\/el-consorcio-sociosanitario-de-menorca-modifica-el-catalogo-de-puestos-de-trabajo-para-mejorar-la-cobertura-asistencial\\\/#article\",\"isPartOf\":{\"@id\":\"https:\\\/\\\/helloproject.es\\\/vigilancia\\\/el-consorcio-sociosanitario-de-menorca-modifica-el-catalogo-de-puestos-de-trabajo-para-mejorar-la-cobertura-asistencial\\\/\"},\"author\":{\"name\":\"Luis Miguel Mej\u00edas Ramos\",\"@id\":\"https:\\\/\\\/helloproject.es\\\/vigilancia\\\/#\\\/schema\\\/person\\\/3767b0619d59a11570372c821f8619ca\"},\"headline\":\"El Consorcio Sociosanitario de Menorca modifica el cat\u00e1logo de puestos de trabajo para mejorar la cobertura asistencial\",\"datePublished\":\"2025-11-07T06:17:38+00:00\",\"mainEntityOfPage\":{\"@id\":\"https:\\\/\\\/helloproject.es\\\/vigilancia\\\/el-consorcio-sociosanitario-de-menorca-modifica-el-catalogo-de-puestos-de-trabajo-para-mejorar-la-cobertura-asistencial\\\/\"},\"wordCount\":79,\"publisher\":{\"@id\":\"https:\\\/\\\/helloproject.es\\\/vigilancia\\\/#organization\"},\"image\":{\"@id\":\"https:\\\/\\\/helloproject.es\\\/vigilancia\\\/el-consorcio-sociosanitario-de-menorca-modifica-el-catalogo-de-puestos-de-trabajo-para-mejorar-la-cobertura-asistencial\\\/#primaryimage\"},\"thumbnailUrl\":\"https:\\\/\\\/www.infosalut.com\\\/images\\\/noticies\\\/institucions\\\/ins-epr19.jpg\",\"articleSection\":[\"Noticias\"],\"inLanguage\":\"es\"},{\"@type\":\"WebPage\",\"@id\":\"https:\\\/\\\/helloproject.es\\\/vigilancia\\\/el-consorcio-sociosanitario-de-menorca-modifica-el-catalogo-de-puestos-de-trabajo-para-mejorar-la-cobertura-asistencial\\\/\",\"url\":\"https:\\\/\\\/helloproject.es\\\/vigilancia\\\/el-consorcio-sociosanitario-de-menorca-modifica-el-catalogo-de-puestos-de-trabajo-para-mejorar-la-cobertura-asistencial\\\/\",\"name\":\"El Consorcio Sociosanitario de Menorca modifica el cat\u00e1logo de puestos de trabajo para mejorar la cobertura asistencial - bip4ex\",\"isPartOf\":{\"@id\":\"https:\\\/\\\/helloproject.es\\\/vigilancia\\\/#website\"},\"primaryImageOfPage\":{\"@id\":\"https:\\\/\\\/helloproject.es\\\/vigilancia\\\/el-consorcio-sociosanitario-de-menorca-modifica-el-catalogo-de-puestos-de-trabajo-para-mejorar-la-cobertura-asistencial\\\/#primaryimage\"},\"image\":{\"@id\":\"https:\\\/\\\/helloproject.es\\\/vigilancia\\\/el-consorcio-sociosanitario-de-menorca-modifica-el-catalogo-de-puestos-de-trabajo-para-mejorar-la-cobertura-asistencial\\\/#primaryimage\"},\"thumbnailUrl\":\"https:\\\/\\\/www.infosalut.com\\\/images\\\/noticies\\\/institucions\\\/ins-epr19.jpg\",\"datePublished\":\"2025-11-07T06:17:38+00:00\",\"breadcrumb\":{\"@id\":\"https:\\\/\\\/helloproject.es\\\/vigilancia\\\/el-consorcio-sociosanitario-de-menorca-modifica-el-catalogo-de-puestos-de-trabajo-para-mejorar-la-cobertura-asistencial\\\/#breadcrumb\"},\"inLanguage\":\"es\",\"potentialAction\":[{\"@type\":\"ReadAction\",\"target\":[\"https:\\\/\\\/helloproject.es\\\/vigilancia\\\/el-consorcio-sociosanitario-de-menorca-modifica-el-catalogo-de-puestos-de-trabajo-para-mejorar-la-cobertura-asistencial\\\/\"]}]},{\"@type\":\"ImageObject\",\"inLanguage\":\"es\",\"@id\":\"https:\\\/\\\/helloproject.es\\\/vigilancia\\\/el-consorcio-sociosanitario-de-menorca-modifica-el-catalogo-de-puestos-de-trabajo-para-mejorar-la-cobertura-asistencial\\\/#primaryimage\",\"url\":\"https:\\\/\\\/www.infosalut.com\\\/images\\\/noticies\\\/institucions\\\/ins-epr19.jpg\",\"contentUrl\":\"https:\\\/\\\/www.infosalut.com\\\/images\\\/noticies\\\/institucions\\\/ins-epr19.jpg\"},{\"@type\":\"BreadcrumbList\",\"@id\":\"https:\\\/\\\/helloproject.es\\\/vigilancia\\\/el-consorcio-sociosanitario-de-menorca-modifica-el-catalogo-de-puestos-de-trabajo-para-mejorar-la-cobertura-asistencial\\\/#breadcrumb\",\"itemListElement\":[{\"@type\":\"ListItem\",\"position\":1,\"name\":\"Home\",\"item\":\"https:\\\/\\\/helloproject.es\\\/vigilancia\\\/\"},{\"@type\":\"ListItem\",\"position\":2,\"name\":\"El Consorcio Sociosanitario de Menorca modifica el cat\u00e1logo de puestos de trabajo para mejorar la cobertura asistencial\"}]},{\"@type\":\"WebSite\",\"@id\":\"https:\\\/\\\/helloproject.es\\\/vigilancia\\\/#website\",\"url\":\"https:\\\/\\\/helloproject.es\\\/vigilancia\\\/\",\"name\":\"bip4ex\",\"description\":\"Vigilancia Tecnol\u00f3gica\",\"publisher\":{\"@id\":\"https:\\\/\\\/helloproject.es\\\/vigilancia\\\/#organization\"},\"potentialAction\":[{\"@type\":\"SearchAction\",\"target\":{\"@type\":\"EntryPoint\",\"urlTemplate\":\"https:\\\/\\\/helloproject.es\\\/vigilancia\\\/?s={search_term_string}\"},\"query-input\":{\"@type\":\"PropertyValueSpecification\",\"valueRequired\":true,\"valueName\":\"search_term_string\"}}],\"inLanguage\":\"es\"},{\"@type\":\"Organization\",\"@id\":\"https:\\\/\\\/helloproject.es\\\/vigilancia\\\/#organization\",\"name\":\"Helloproject.es\",\"url\":\"https:\\\/\\\/helloproject.es\\\/vigilancia\\\/\",\"logo\":{\"@type\":\"ImageObject\",\"inLanguage\":\"es\",\"@id\":\"https:\\\/\\\/helloproject.es\\\/vigilancia\\\/#\\\/schema\\\/logo\\\/image\\\/\",\"url\":\"https:\\\/\\\/helloproject.es\\\/vigilancia\\\/wp-content\\\/uploads\\\/2023\\\/07\\\/bip4ex.png\",\"contentUrl\":\"https:\\\/\\\/helloproject.es\\\/vigilancia\\\/wp-content\\\/uploads\\\/2023\\\/07\\\/bip4ex.png\",\"width\":322,\"height\":365,\"caption\":\"Helloproject.es\"},\"image\":{\"@id\":\"https:\\\/\\\/helloproject.es\\\/vigilancia\\\/#\\\/schema\\\/logo\\\/image\\\/\"}},{\"@type\":\"Person\",\"@id\":\"https:\\\/\\\/helloproject.es\\\/vigilancia\\\/#\\\/schema\\\/person\\\/3767b0619d59a11570372c821f8619ca\",\"name\":\"Luis Miguel Mej\u00edas Ramos\",\"url\":\"https:\\\/\\\/helloproject.es\\\/vigilancia\\\/author\\\/luismi\\\/\"}]}<\/script>\n<!-- \/ Yoast SEO Premium plugin. -->","yoast_head_json":{"title":"El Consorcio Sociosanitario de Menorca modifica el cat\u00e1logo de puestos de trabajo para mejorar la cobertura asistencial - bip4ex","robots":{"index":"index","follow":"follow","max-snippet":"max-snippet:-1","max-image-preview":"max-image-preview:large","max-video-preview":"max-video-preview:-1"},"canonical":"https:\/\/helloproject.es\/vigilancia\/el-consorcio-sociosanitario-de-menorca-modifica-el-catalogo-de-puestos-de-trabajo-para-mejorar-la-cobertura-asistencial\/","og_locale":"es_ES","og_type":"article","og_title":"El Consorcio Sociosanitario de Menorca modifica el cat\u00e1logo de puestos de trabajo para mejorar la cobertura asistencial","og_description":"El Bolet\u00edn Oficial de las Islas Baleares (BOIB n\u00fam. 146, de 4 de noviembre de 2025) publica el acuerdo de la Junta de Gobierno del Consorcio Sociosanitario de Menorca para modificar el cat\u00e1logo de puestos de trabajo del Centro Sociosanitario Santa Rita, con el objetivo de garantizar una atenci\u00f3n de calidad y adaptar la organizaci\u00f3n [&hellip;]","og_url":"https:\/\/helloproject.es\/vigilancia\/el-consorcio-sociosanitario-de-menorca-modifica-el-catalogo-de-puestos-de-trabajo-para-mejorar-la-cobertura-asistencial\/","og_site_name":"bip4ex","article_published_time":"2025-11-07T06:17:38+00:00","og_image":[{"url":"https:\/\/www.infosalut.com\/images\/noticies\/institucions\/ins-epr19.jpg","type":"","width":"","height":""}],"author":"Luis Miguel Mej\u00edas Ramos","twitter_card":"summary_large_image","twitter_misc":{"Escrito por":"Luis Miguel Mej\u00edas Ramos"},"schema":{"@context":"https:\/\/schema.org","@graph":[{"@type":"Article","@id":"https:\/\/helloproject.es\/vigilancia\/el-consorcio-sociosanitario-de-menorca-modifica-el-catalogo-de-puestos-de-trabajo-para-mejorar-la-cobertura-asistencial\/#article","isPartOf":{"@id":"https:\/\/helloproject.es\/vigilancia\/el-consorcio-sociosanitario-de-menorca-modifica-el-catalogo-de-puestos-de-trabajo-para-mejorar-la-cobertura-asistencial\/"},"author":{"name":"Luis Miguel Mej\u00edas Ramos","@id":"https:\/\/helloproject.es\/vigilancia\/#\/schema\/person\/3767b0619d59a11570372c821f8619ca"},"headline":"El Consorcio Sociosanitario de Menorca modifica el cat\u00e1logo de puestos de trabajo para mejorar la cobertura asistencial","datePublished":"2025-11-07T06:17:38+00:00","mainEntityOfPage":{"@id":"https:\/\/helloproject.es\/vigilancia\/el-consorcio-sociosanitario-de-menorca-modifica-el-catalogo-de-puestos-de-trabajo-para-mejorar-la-cobertura-asistencial\/"},"wordCount":79,"publisher":{"@id":"https:\/\/helloproject.es\/vigilancia\/#organization"},"image":{"@id":"https:\/\/helloproject.es\/vigilancia\/el-consorcio-sociosanitario-de-menorca-modifica-el-catalogo-de-puestos-de-trabajo-para-mejorar-la-cobertura-asistencial\/#primaryimage"},"thumbnailUrl":"https:\/\/www.infosalut.com\/images\/noticies\/institucions\/ins-epr19.jpg","articleSection":["Noticias"],"inLanguage":"es"},{"@type":"WebPage","@id":"https:\/\/helloproject.es\/vigilancia\/el-consorcio-sociosanitario-de-menorca-modifica-el-catalogo-de-puestos-de-trabajo-para-mejorar-la-cobertura-asistencial\/","url":"https:\/\/helloproject.es\/vigilancia\/el-consorcio-sociosanitario-de-menorca-modifica-el-catalogo-de-puestos-de-trabajo-para-mejorar-la-cobertura-asistencial\/","name":"El Consorcio Sociosanitario de Menorca modifica el cat\u00e1logo de puestos de trabajo para mejorar la cobertura asistencial - bip4ex","isPartOf":{"@id":"https:\/\/helloproject.es\/vigilancia\/#website"},"primaryImageOfPage":{"@id":"https:\/\/helloproject.es\/vigilancia\/el-consorcio-sociosanitario-de-menorca-modifica-el-catalogo-de-puestos-de-trabajo-para-mejorar-la-cobertura-asistencial\/#primaryimage"},"image":{"@id":"https:\/\/helloproject.es\/vigilancia\/el-consorcio-sociosanitario-de-menorca-modifica-el-catalogo-de-puestos-de-trabajo-para-mejorar-la-cobertura-asistencial\/#primaryimage"},"thumbnailUrl":"https:\/\/www.infosalut.com\/images\/noticies\/institucions\/ins-epr19.jpg","datePublished":"2025-11-07T06:17:38+00:00","breadcrumb":{"@id":"https:\/\/helloproject.es\/vigilancia\/el-consorcio-sociosanitario-de-menorca-modifica-el-catalogo-de-puestos-de-trabajo-para-mejorar-la-cobertura-asistencial\/#breadcrumb"},"inLanguage":"es","potentialAction":[{"@type":"ReadAction","target":["https:\/\/helloproject.es\/vigilancia\/el-consorcio-sociosanitario-de-menorca-modifica-el-catalogo-de-puestos-de-trabajo-para-mejorar-la-cobertura-asistencial\/"]}]},{"@type":"ImageObject","inLanguage":"es","@id":"https:\/\/helloproject.es\/vigilancia\/el-consorcio-sociosanitario-de-menorca-modifica-el-catalogo-de-puestos-de-trabajo-para-mejorar-la-cobertura-asistencial\/#primaryimage","url":"https:\/\/www.infosalut.com\/images\/noticies\/institucions\/ins-epr19.jpg","contentUrl":"https:\/\/www.infosalut.com\/images\/noticies\/institucions\/ins-epr19.jpg"},{"@type":"BreadcrumbList","@id":"https:\/\/helloproject.es\/vigilancia\/el-consorcio-sociosanitario-de-menorca-modifica-el-catalogo-de-puestos-de-trabajo-para-mejorar-la-cobertura-asistencial\/#breadcrumb","itemListElement":[{"@type":"ListItem","position":1,"name":"Home","item":"https:\/\/helloproject.es\/vigilancia\/"},{"@type":"ListItem","position":2,"name":"El Consorcio Sociosanitario de Menorca modifica el cat\u00e1logo de puestos de trabajo para mejorar la cobertura asistencial"}]},{"@type":"WebSite","@id":"https:\/\/helloproject.es\/vigilancia\/#website","url":"https:\/\/helloproject.es\/vigilancia\/","name":"bip4ex","description":"Vigilancia Tecnol\u00f3gica","publisher":{"@id":"https:\/\/helloproject.es\/vigilancia\/#organization"},"potentialAction":[{"@type":"SearchAction","target":{"@type":"EntryPoint","urlTemplate":"https:\/\/helloproject.es\/vigilancia\/?s={search_term_string}"},"query-input":{"@type":"PropertyValueSpecification","valueRequired":true,"valueName":"search_term_string"}}],"inLanguage":"es"},{"@type":"Organization","@id":"https:\/\/helloproject.es\/vigilancia\/#organization","name":"Helloproject.es","url":"https:\/\/helloproject.es\/vigilancia\/","logo":{"@type":"ImageObject","inLanguage":"es","@id":"https:\/\/helloproject.es\/vigilancia\/#\/schema\/logo\/image\/","url":"https:\/\/helloproject.es\/vigilancia\/wp-content\/uploads\/2023\/07\/bip4ex.png","contentUrl":"https:\/\/helloproject.es\/vigilancia\/wp-content\/uploads\/2023\/07\/bip4ex.png","width":322,"height":365,"caption":"Helloproject.es"},"image":{"@id":"https:\/\/helloproject.es\/vigilancia\/#\/schema\/logo\/image\/"}},{"@type":"Person","@id":"https:\/\/helloproject.es\/vigilancia\/#\/schema\/person\/3767b0619d59a11570372c821f8619ca","name":"Luis Miguel Mej\u00edas Ramos","url":"https:\/\/helloproject.es\/vigilancia\/author\/luismi\/"}]}},"_links":{"self":[{"href":"https:\/\/helloproject.es\/vigilancia\/wp-json\/wp\/v2\/posts\/187447","targetHints":{"allow":["GET"]}}],"collection":[{"href":"https:\/\/helloproject.es\/vigilancia\/wp-json\/wp\/v2\/posts"}],"about":[{"href":"https:\/\/helloproject.es\/vigilancia\/wp-json\/wp\/v2\/types\/post"}],"author":[{"embeddable":true,"href":"https:\/\/helloproject.es\/vigilancia\/wp-json\/wp\/v2\/users\/5"}],"replies":[{"embeddable":true,"href":"https:\/\/helloproject.es\/vigilancia\/wp-json\/wp\/v2\/comments?post=187447"}],"version-history":[{"count":0,"href":"https:\/\/helloproject.es\/vigilancia\/wp-json\/wp\/v2\/posts\/187447\/revisions"}],"wp:attachment":[{"href":"https:\/\/helloproject.es\/vigilancia\/wp-json\/wp\/v2\/media?parent=187447"}],"wp:term":[{"taxonomy":"category","embeddable":true,"href":"https:\/\/helloproject.es\/vigilancia\/wp-json\/wp\/v2\/categories?post=187447"},{"taxonomy":"post_tag","embeddable":true,"href":"https:\/\/helloproject.es\/vigilancia\/wp-json\/wp\/v2\/tags?post=187447"}],"curies":[{"name":"wp","href":"https:\/\/api.w.org\/{rel}","templated":true}]}}