{"id":187487,"date":"2025-11-07T13:28:40","date_gmt":"2025-11-07T12:28:40","guid":{"rendered":"https:\/\/helloproject.es\/vigilancia\/espana-latente-la-diputacion-impulsa-el-futuro-del-talento-joven-rural-en-tecnologia-y-audiovisual\/"},"modified":"2025-11-07T13:28:40","modified_gmt":"2025-11-07T12:28:40","slug":"espana-latente-la-diputacion-impulsa-el-futuro-del-talento-joven-rural-en-tecnologia-y-audiovisual","status":"publish","type":"post","link":"https:\/\/helloproject.es\/vigilancia\/espana-latente-la-diputacion-impulsa-el-futuro-del-talento-joven-rural-en-tecnologia-y-audiovisual\/","title":{"rendered":"Espa\u00f1a Latente: la Diputaci\u00f3n impulsa el futuro del talento joven rural en tecnolog\u00eda y audiovisual"},"content":{"rendered":"<p><span>Espa\u00f1a Latente: la Diputaci\u00f3n impulsa el futuro del talento joven rural en tecnolog\u00eda y audiovisual<\/span><\/p>\n<div>\n<div>Fecha de noticia<\/div>\n<div>Viernes, 07 de Noviembre de 2025\n<\/div>\n<\/div>\n<p><span><span>prensa<\/span><\/span><br \/>\n<span>Vie, 07\/11\/2025 &#8211; 12:28<br \/>\n<\/span><\/p>\n<div>\u201cEspa\u00f1a Latente\u201d: la Diputaci\u00f3n de Palencia, en colaboraci\u00f3n con la Fundaci\u00f3n AMGu, impulsa a trav\u00e9s de The Core School un proyecto pionero para llevar la formaci\u00f3n audiovisual y tecnol\u00f3gica al medio rural, y crear empleo joven<\/div>\n<div>\n<ul>\n<li>\n<p class=\"text-align-justify\">La iniciativa arranca con una <span><strong>fase piloto en Guardo<\/strong><\/span>, localidad donde la Fundaci\u00f3n AMGu ejerce como socio local, y servir\u00e1 como modelo para extender el programa a otras \u00e1reas de la provincia.<\/p>\n<\/li>\n<li>\n<p class=\"text-align-justify\"><em><span>\u201cEspa\u00f1a Latente\u201d<\/span><\/em> busca <span><strong>activar el talento del medio rural<\/strong><\/span>, ofreciendo formaci\u00f3n y empleo en industrias creativas y audiovisuales <span><strong>sin necesidad de desplazarse del lugar de origen<\/strong><\/span>.<\/p>\n<\/li>\n<li>\n<p class=\"text-align-justify\">El proyecto est\u00e1 <span><strong>liderado por la Diputaci\u00f3n de Palencia<\/strong><\/span>, en colaboraci\u00f3n con <span><strong>la Fundaci\u00f3n AMGu\u00a0<\/strong><\/span>y <span><strong>The Core School<\/strong><\/span> \u2014escuela especializada en formaci\u00f3n audiovisual y perteneciente a Planeta Formaci\u00f3n y Universidades\u2014, y cuenta con el apoyo del <span><strong>Ministerio para la Transici\u00f3n Ecol\u00f3gica y el Reto Demogr\u00e1fico (MITECO)<\/strong><\/span> y del <span><strong>Ayuntamiento de Guardo<\/strong><\/span>.<\/p>\n<\/li>\n<\/ul>\n<\/div>","protected":false},"excerpt":{"rendered":"<p>Espa\u00f1a Latente: la Diputaci\u00f3n impulsa el futuro del talento joven rural en tecnolog\u00eda y audiovisual Fecha de noticia Viernes, 07 de Noviembre de 2025 prensa Vie, 07\/11\/2025 &#8211; 12:28 \u201cEspa\u00f1a Latente\u201d: la Diputaci\u00f3n de Palencia, en colaboraci\u00f3n con la Fundaci\u00f3n AMGu, impulsa a trav\u00e9s de The Core School un proyecto pionero para llevar la formaci\u00f3n [&hellip;]<\/p>\n","protected":false},"author":5,"featured_media":0,"comment_status":"","ping_status":"","sticky":false,"template":"","format":"standard","meta":{"site-sidebar-layout":"default","site-content-layout":"","ast-site-content-layout":"default","site-content-style":"default","site-sidebar-style":"default","ast-global-header-display":"","ast-banner-title-visibility":"","ast-main-header-display":"","ast-hfb-above-header-display":"","ast-hfb-below-header-display":"","ast-hfb-mobile-header-display":"","site-post-title":"","ast-breadcrumbs-content":"","ast-featured-img":"","footer-sml-layout":"","ast-disable-related-posts":"","theme-transparent-header-meta":"","adv-header-id-meta":"","stick-header-meta":"","header-above-stick-meta":"","header-main-stick-meta":"","header-below-stick-meta":"","astra-migrate-meta-layouts":"default","ast-page-background-enabled":"default","ast-page-background-meta":{"desktop":{"background-color":"var(--ast-global-color-4)","background-image":"","background-repeat":"repeat","background-position":"center center","background-size":"auto","background-attachment":"scroll","background-type":"","background-media":"","overlay-type":"","overlay-color":"","overlay-opacity":"","overlay-gradient":""},"tablet":{"background-color":"","background-image":"","background-repeat":"repeat","background-position":"center center","background-size":"auto","background-attachment":"scroll","background-type":"","background-media":"","overlay-type":"","overlay-color":"","overlay-opacity":"","overlay-gradient":""},"mobile":{"background-color":"","background-image":"","background-repeat":"repeat","background-position":"center center","background-size":"auto","background-attachment":"scroll","background-type":"","background-media":"","overlay-type":"","overlay-color":"","overlay-opacity":"","overlay-gradient":""}},"ast-content-background-meta":{"desktop":{"background-color":"var(--ast-global-color-5)","background-image":"","background-repeat":"repeat","background-position":"center center","background-size":"auto","background-attachment":"scroll","background-type":"","background-media":"","overlay-type":"","overlay-color":"","overlay-opacity":"","overlay-gradient":""},"tablet":{"background-color":"var(--ast-global-color-5)","background-image":"","background-repeat":"repeat","background-position":"center center","background-size":"auto","background-attachment":"scroll","background-type":"","background-media":"","overlay-type":"","overlay-color":"","overlay-opacity":"","overlay-gradient":""},"mobile":{"background-color":"var(--ast-global-color-5)","background-image":"","background-repeat":"repeat","background-position":"center center","background-size":"auto","background-attachment":"scroll","background-type":"","background-media":"","overlay-type":"","overlay-color":"","overlay-opacity":"","overlay-gradient":""}},"footnotes":""},"categories":[5],"tags":[],"class_list":["post-187487","post","type-post","status-publish","format-standard","hentry","category-noticias"],"yoast_head":"<!-- This site is optimized with the Yoast SEO Premium plugin v20.9 (Yoast SEO v27.4) - https:\/\/yoast.com\/product\/yoast-seo-premium-wordpress\/ -->\n<title>Espa\u00f1a Latente: la Diputaci\u00f3n impulsa el futuro del talento joven rural en tecnolog\u00eda y audiovisual - bip4ex<\/title>\n<meta name=\"robots\" content=\"index, follow, max-snippet:-1, max-image-preview:large, max-video-preview:-1\" \/>\n<link rel=\"canonical\" href=\"https:\/\/helloproject.es\/vigilancia\/espana-latente-la-diputacion-impulsa-el-futuro-del-talento-joven-rural-en-tecnologia-y-audiovisual\/\" \/>\n<meta property=\"og:locale\" content=\"es_ES\" \/>\n<meta property=\"og:type\" content=\"article\" \/>\n<meta property=\"og:title\" content=\"Espa\u00f1a Latente: la Diputaci\u00f3n impulsa el futuro del talento joven rural en tecnolog\u00eda y audiovisual\" \/>\n<meta property=\"og:description\" content=\"Espa\u00f1a Latente: la Diputaci\u00f3n impulsa el futuro del talento joven rural en tecnolog\u00eda y audiovisual Fecha de noticia Viernes, 07 de Noviembre de 2025 prensa Vie, 07\/11\/2025 &#8211; 12:28 \u201cEspa\u00f1a Latente\u201d: la Diputaci\u00f3n de Palencia, en colaboraci\u00f3n con la Fundaci\u00f3n AMGu, impulsa a trav\u00e9s de The Core School un proyecto pionero para llevar la formaci\u00f3n [&hellip;]\" \/>\n<meta property=\"og:url\" content=\"https:\/\/helloproject.es\/vigilancia\/espana-latente-la-diputacion-impulsa-el-futuro-del-talento-joven-rural-en-tecnologia-y-audiovisual\/\" \/>\n<meta property=\"og:site_name\" content=\"bip4ex\" \/>\n<meta property=\"article:published_time\" content=\"2025-11-07T12:28:40+00:00\" \/>\n<meta name=\"author\" content=\"Luis Miguel Mej\u00edas Ramos\" \/>\n<meta name=\"twitter:card\" content=\"summary_large_image\" \/>\n<meta name=\"twitter:label1\" content=\"Escrito por\" \/>\n\t<meta name=\"twitter:data1\" content=\"Luis Miguel Mej\u00edas Ramos\" \/>\n\t<meta name=\"twitter:label2\" content=\"Tiempo de lectura\" \/>\n\t<meta name=\"twitter:data2\" content=\"1 minuto\" \/>\n<script type=\"application\/ld+json\" class=\"yoast-schema-graph\">{\"@context\":\"https:\\\/\\\/schema.org\",\"@graph\":[{\"@type\":\"Article\",\"@id\":\"https:\\\/\\\/helloproject.es\\\/vigilancia\\\/espana-latente-la-diputacion-impulsa-el-futuro-del-talento-joven-rural-en-tecnologia-y-audiovisual\\\/#article\",\"isPartOf\":{\"@id\":\"https:\\\/\\\/helloproject.es\\\/vigilancia\\\/espana-latente-la-diputacion-impulsa-el-futuro-del-talento-joven-rural-en-tecnologia-y-audiovisual\\\/\"},\"author\":{\"name\":\"Luis Miguel Mej\u00edas Ramos\",\"@id\":\"https:\\\/\\\/helloproject.es\\\/vigilancia\\\/#\\\/schema\\\/person\\\/3767b0619d59a11570372c821f8619ca\"},\"headline\":\"Espa\u00f1a Latente: la Diputaci\u00f3n impulsa el futuro del talento joven rural en tecnolog\u00eda y audiovisual\",\"datePublished\":\"2025-11-07T12:28:40+00:00\",\"mainEntityOfPage\":{\"@id\":\"https:\\\/\\\/helloproject.es\\\/vigilancia\\\/espana-latente-la-diputacion-impulsa-el-futuro-del-talento-joven-rural-en-tecnologia-y-audiovisual\\\/\"},\"wordCount\":210,\"publisher\":{\"@id\":\"https:\\\/\\\/helloproject.es\\\/vigilancia\\\/#organization\"},\"articleSection\":[\"Noticias\"],\"inLanguage\":\"es\"},{\"@type\":\"WebPage\",\"@id\":\"https:\\\/\\\/helloproject.es\\\/vigilancia\\\/espana-latente-la-diputacion-impulsa-el-futuro-del-talento-joven-rural-en-tecnologia-y-audiovisual\\\/\",\"url\":\"https:\\\/\\\/helloproject.es\\\/vigilancia\\\/espana-latente-la-diputacion-impulsa-el-futuro-del-talento-joven-rural-en-tecnologia-y-audiovisual\\\/\",\"name\":\"Espa\u00f1a Latente: la Diputaci\u00f3n impulsa el futuro del talento joven rural en tecnolog\u00eda y audiovisual - bip4ex\",\"isPartOf\":{\"@id\":\"https:\\\/\\\/helloproject.es\\\/vigilancia\\\/#website\"},\"datePublished\":\"2025-11-07T12:28:40+00:00\",\"breadcrumb\":{\"@id\":\"https:\\\/\\\/helloproject.es\\\/vigilancia\\\/espana-latente-la-diputacion-impulsa-el-futuro-del-talento-joven-rural-en-tecnologia-y-audiovisual\\\/#breadcrumb\"},\"inLanguage\":\"es\",\"potentialAction\":[{\"@type\":\"ReadAction\",\"target\":[\"https:\\\/\\\/helloproject.es\\\/vigilancia\\\/espana-latente-la-diputacion-impulsa-el-futuro-del-talento-joven-rural-en-tecnologia-y-audiovisual\\\/\"]}]},{\"@type\":\"BreadcrumbList\",\"@id\":\"https:\\\/\\\/helloproject.es\\\/vigilancia\\\/espana-latente-la-diputacion-impulsa-el-futuro-del-talento-joven-rural-en-tecnologia-y-audiovisual\\\/#breadcrumb\",\"itemListElement\":[{\"@type\":\"ListItem\",\"position\":1,\"name\":\"Home\",\"item\":\"https:\\\/\\\/helloproject.es\\\/vigilancia\\\/\"},{\"@type\":\"ListItem\",\"position\":2,\"name\":\"Espa\u00f1a Latente: la Diputaci\u00f3n impulsa el futuro del talento joven rural en tecnolog\u00eda y audiovisual\"}]},{\"@type\":\"WebSite\",\"@id\":\"https:\\\/\\\/helloproject.es\\\/vigilancia\\\/#website\",\"url\":\"https:\\\/\\\/helloproject.es\\\/vigilancia\\\/\",\"name\":\"bip4ex\",\"description\":\"Vigilancia Tecnol\u00f3gica\",\"publisher\":{\"@id\":\"https:\\\/\\\/helloproject.es\\\/vigilancia\\\/#organization\"},\"potentialAction\":[{\"@type\":\"SearchAction\",\"target\":{\"@type\":\"EntryPoint\",\"urlTemplate\":\"https:\\\/\\\/helloproject.es\\\/vigilancia\\\/?s={search_term_string}\"},\"query-input\":{\"@type\":\"PropertyValueSpecification\",\"valueRequired\":true,\"valueName\":\"search_term_string\"}}],\"inLanguage\":\"es\"},{\"@type\":\"Organization\",\"@id\":\"https:\\\/\\\/helloproject.es\\\/vigilancia\\\/#organization\",\"name\":\"Helloproject.es\",\"url\":\"https:\\\/\\\/helloproject.es\\\/vigilancia\\\/\",\"logo\":{\"@type\":\"ImageObject\",\"inLanguage\":\"es\",\"@id\":\"https:\\\/\\\/helloproject.es\\\/vigilancia\\\/#\\\/schema\\\/logo\\\/image\\\/\",\"url\":\"https:\\\/\\\/helloproject.es\\\/vigilancia\\\/wp-content\\\/uploads\\\/2023\\\/07\\\/bip4ex.png\",\"contentUrl\":\"https:\\\/\\\/helloproject.es\\\/vigilancia\\\/wp-content\\\/uploads\\\/2023\\\/07\\\/bip4ex.png\",\"width\":322,\"height\":365,\"caption\":\"Helloproject.es\"},\"image\":{\"@id\":\"https:\\\/\\\/helloproject.es\\\/vigilancia\\\/#\\\/schema\\\/logo\\\/image\\\/\"}},{\"@type\":\"Person\",\"@id\":\"https:\\\/\\\/helloproject.es\\\/vigilancia\\\/#\\\/schema\\\/person\\\/3767b0619d59a11570372c821f8619ca\",\"name\":\"Luis Miguel Mej\u00edas Ramos\",\"url\":\"https:\\\/\\\/helloproject.es\\\/vigilancia\\\/author\\\/luismi\\\/\"}]}<\/script>\n<!-- \/ Yoast SEO Premium plugin. -->","yoast_head_json":{"title":"Espa\u00f1a Latente: la Diputaci\u00f3n impulsa el futuro del talento joven rural en tecnolog\u00eda y audiovisual - bip4ex","robots":{"index":"index","follow":"follow","max-snippet":"max-snippet:-1","max-image-preview":"max-image-preview:large","max-video-preview":"max-video-preview:-1"},"canonical":"https:\/\/helloproject.es\/vigilancia\/espana-latente-la-diputacion-impulsa-el-futuro-del-talento-joven-rural-en-tecnologia-y-audiovisual\/","og_locale":"es_ES","og_type":"article","og_title":"Espa\u00f1a Latente: la Diputaci\u00f3n impulsa el futuro del talento joven rural en tecnolog\u00eda y audiovisual","og_description":"Espa\u00f1a Latente: la Diputaci\u00f3n impulsa el futuro del talento joven rural en tecnolog\u00eda y audiovisual Fecha de noticia Viernes, 07 de Noviembre de 2025 prensa Vie, 07\/11\/2025 &#8211; 12:28 \u201cEspa\u00f1a Latente\u201d: la Diputaci\u00f3n de Palencia, en colaboraci\u00f3n con la Fundaci\u00f3n AMGu, impulsa a trav\u00e9s de The Core School un proyecto pionero para llevar la formaci\u00f3n [&hellip;]","og_url":"https:\/\/helloproject.es\/vigilancia\/espana-latente-la-diputacion-impulsa-el-futuro-del-talento-joven-rural-en-tecnologia-y-audiovisual\/","og_site_name":"bip4ex","article_published_time":"2025-11-07T12:28:40+00:00","author":"Luis Miguel Mej\u00edas Ramos","twitter_card":"summary_large_image","twitter_misc":{"Escrito por":"Luis Miguel Mej\u00edas Ramos","Tiempo de lectura":"1 minuto"},"schema":{"@context":"https:\/\/schema.org","@graph":[{"@type":"Article","@id":"https:\/\/helloproject.es\/vigilancia\/espana-latente-la-diputacion-impulsa-el-futuro-del-talento-joven-rural-en-tecnologia-y-audiovisual\/#article","isPartOf":{"@id":"https:\/\/helloproject.es\/vigilancia\/espana-latente-la-diputacion-impulsa-el-futuro-del-talento-joven-rural-en-tecnologia-y-audiovisual\/"},"author":{"name":"Luis Miguel Mej\u00edas Ramos","@id":"https:\/\/helloproject.es\/vigilancia\/#\/schema\/person\/3767b0619d59a11570372c821f8619ca"},"headline":"Espa\u00f1a Latente: la Diputaci\u00f3n impulsa el futuro del talento joven rural en tecnolog\u00eda y audiovisual","datePublished":"2025-11-07T12:28:40+00:00","mainEntityOfPage":{"@id":"https:\/\/helloproject.es\/vigilancia\/espana-latente-la-diputacion-impulsa-el-futuro-del-talento-joven-rural-en-tecnologia-y-audiovisual\/"},"wordCount":210,"publisher":{"@id":"https:\/\/helloproject.es\/vigilancia\/#organization"},"articleSection":["Noticias"],"inLanguage":"es"},{"@type":"WebPage","@id":"https:\/\/helloproject.es\/vigilancia\/espana-latente-la-diputacion-impulsa-el-futuro-del-talento-joven-rural-en-tecnologia-y-audiovisual\/","url":"https:\/\/helloproject.es\/vigilancia\/espana-latente-la-diputacion-impulsa-el-futuro-del-talento-joven-rural-en-tecnologia-y-audiovisual\/","name":"Espa\u00f1a Latente: la Diputaci\u00f3n impulsa el futuro del talento joven rural en tecnolog\u00eda y audiovisual - bip4ex","isPartOf":{"@id":"https:\/\/helloproject.es\/vigilancia\/#website"},"datePublished":"2025-11-07T12:28:40+00:00","breadcrumb":{"@id":"https:\/\/helloproject.es\/vigilancia\/espana-latente-la-diputacion-impulsa-el-futuro-del-talento-joven-rural-en-tecnologia-y-audiovisual\/#breadcrumb"},"inLanguage":"es","potentialAction":[{"@type":"ReadAction","target":["https:\/\/helloproject.es\/vigilancia\/espana-latente-la-diputacion-impulsa-el-futuro-del-talento-joven-rural-en-tecnologia-y-audiovisual\/"]}]},{"@type":"BreadcrumbList","@id":"https:\/\/helloproject.es\/vigilancia\/espana-latente-la-diputacion-impulsa-el-futuro-del-talento-joven-rural-en-tecnologia-y-audiovisual\/#breadcrumb","itemListElement":[{"@type":"ListItem","position":1,"name":"Home","item":"https:\/\/helloproject.es\/vigilancia\/"},{"@type":"ListItem","position":2,"name":"Espa\u00f1a Latente: la Diputaci\u00f3n impulsa el futuro del talento joven rural en tecnolog\u00eda y audiovisual"}]},{"@type":"WebSite","@id":"https:\/\/helloproject.es\/vigilancia\/#website","url":"https:\/\/helloproject.es\/vigilancia\/","name":"bip4ex","description":"Vigilancia Tecnol\u00f3gica","publisher":{"@id":"https:\/\/helloproject.es\/vigilancia\/#organization"},"potentialAction":[{"@type":"SearchAction","target":{"@type":"EntryPoint","urlTemplate":"https:\/\/helloproject.es\/vigilancia\/?s={search_term_string}"},"query-input":{"@type":"PropertyValueSpecification","valueRequired":true,"valueName":"search_term_string"}}],"inLanguage":"es"},{"@type":"Organization","@id":"https:\/\/helloproject.es\/vigilancia\/#organization","name":"Helloproject.es","url":"https:\/\/helloproject.es\/vigilancia\/","logo":{"@type":"ImageObject","inLanguage":"es","@id":"https:\/\/helloproject.es\/vigilancia\/#\/schema\/logo\/image\/","url":"https:\/\/helloproject.es\/vigilancia\/wp-content\/uploads\/2023\/07\/bip4ex.png","contentUrl":"https:\/\/helloproject.es\/vigilancia\/wp-content\/uploads\/2023\/07\/bip4ex.png","width":322,"height":365,"caption":"Helloproject.es"},"image":{"@id":"https:\/\/helloproject.es\/vigilancia\/#\/schema\/logo\/image\/"}},{"@type":"Person","@id":"https:\/\/helloproject.es\/vigilancia\/#\/schema\/person\/3767b0619d59a11570372c821f8619ca","name":"Luis Miguel Mej\u00edas Ramos","url":"https:\/\/helloproject.es\/vigilancia\/author\/luismi\/"}]}},"_links":{"self":[{"href":"https:\/\/helloproject.es\/vigilancia\/wp-json\/wp\/v2\/posts\/187487","targetHints":{"allow":["GET"]}}],"collection":[{"href":"https:\/\/helloproject.es\/vigilancia\/wp-json\/wp\/v2\/posts"}],"about":[{"href":"https:\/\/helloproject.es\/vigilancia\/wp-json\/wp\/v2\/types\/post"}],"author":[{"embeddable":true,"href":"https:\/\/helloproject.es\/vigilancia\/wp-json\/wp\/v2\/users\/5"}],"replies":[{"embeddable":true,"href":"https:\/\/helloproject.es\/vigilancia\/wp-json\/wp\/v2\/comments?post=187487"}],"version-history":[{"count":0,"href":"https:\/\/helloproject.es\/vigilancia\/wp-json\/wp\/v2\/posts\/187487\/revisions"}],"wp:attachment":[{"href":"https:\/\/helloproject.es\/vigilancia\/wp-json\/wp\/v2\/media?parent=187487"}],"wp:term":[{"taxonomy":"category","embeddable":true,"href":"https:\/\/helloproject.es\/vigilancia\/wp-json\/wp\/v2\/categories?post=187487"},{"taxonomy":"post_tag","embeddable":true,"href":"https:\/\/helloproject.es\/vigilancia\/wp-json\/wp\/v2\/tags?post=187487"}],"curies":[{"name":"wp","href":"https:\/\/api.w.org\/{rel}","templated":true}]}}