{"id":187645,"date":"2025-11-10T08:28:11","date_gmt":"2025-11-10T07:28:11","guid":{"rendered":"https:\/\/helloproject.es\/vigilancia\/cuatro-de-cada-diez-personas-en-espana-perciben-la-menstruacion-como-un-estigma\/"},"modified":"2025-11-10T08:28:11","modified_gmt":"2025-11-10T07:28:11","slug":"cuatro-de-cada-diez-personas-en-espana-perciben-la-menstruacion-como-un-estigma","status":"publish","type":"post","link":"https:\/\/helloproject.es\/vigilancia\/cuatro-de-cada-diez-personas-en-espana-perciben-la-menstruacion-como-un-estigma\/","title":{"rendered":"Cuatro de cada diez personas en Espa\u00f1a perciben la menstruaci\u00f3n como un estigma"},"content":{"rendered":"<p>El tab\u00fa menstrual persiste. Esta es la principal conclusi\u00f3n de un macroestudio pionero en Espa\u00f1a que ha contado con m\u00e1s de 4 000 participantes mayores de 14 a\u00f1os y que ha sido liderado por el Instituto INGENIO, centro mixto del Consejo Superior de Investigaciones Cient\u00edficas (CSIC) y la Universitat Polit\u00e9cnica de Val\u00e8ncia (UPV). Seg\u00fan el an\u00e1lisis, cuatro de cada diez personas siguen percibiendo la regla como algo negativo.<\/p>\n<p>Las\u00a0mujeres postmenop\u00e1usicas\u00a0reportan mayor aceptaci\u00f3n social, pero no las generaciones m\u00e1s j\u00f3venes<\/p>\n<p>Los resultados del estudio,\u00a0<a href=\"https:\/\/equityhealthj.biomedcentral.com\/articles\/10.1186\/s12939-025-02630-z\" target=\"_blank\">publicados en la revista International\u00a0Journal for Equity in Health<\/a>, muestran que solo seis de cada diez participantes perciben la regla con normalidad. Adem\u00e1s, mientras las mujeres postmenop\u00e1usicas reportan mayor aceptaci\u00f3n social, las generaciones m\u00e1s j\u00f3venes consideran que el tab\u00fa sigue muy presente.<\/p>\n<p>De hecho, la vivencia de la primera menstruaci\u00f3n es particularmente significativa en el trabajo de investigaci\u00f3n. Muchas participantes describieron c\u00f3mo este momento se asoci\u00f3 con sexualizaci\u00f3n y nuevas expectativas sociales, lo que en algunos casos genera inseguridad y vulnerabilidad.<\/p>\n<p>                        <a href=\"https:\/\/www.agenciasinc.es\/Noticias\/Apps-menstruales-mina-de-oro-para-anunciantes-y-riesgo-para-la-seguridad-de-las-mujeres\"><br \/>\n                            <img decoding=\"async\" src=\"https:\/\/cdn.agenciasinc.es\/var\/ezwebin_site\/storage\/images\/noticias\/apps-menstruales-mina-de-oro-para-anunciantes-y-riesgo-para-la-seguridad-de-las-mujeres\/12316577-1-esl-MX\/Apps-menstruales-mina-de-oro-para-anunciantes-y-riesgo-para-la-seguridad-de-las-mujeres.jpg\" alt=\"Apps menstruales: mina de oro para anunciantes y riesgo para la seguridad de las mujeres\" title=\"Apps menstruales: mina de oro para anunciantes y riesgo para la seguridad de las mujeres\" class=\"small_fotoderecha_img\" loading=\"lazy\" \/><br \/>\n                        <\/a><\/p>\n<p>                    <a href=\"https:\/\/www.agenciasinc.es\/Noticias\/Apps-menstruales-mina-de-oro-para-anunciantes-y-riesgo-para-la-seguridad-de-las-mujeres\" class=\"small_fotoderecha_titulo\"><\/a><\/p>\n<h3 class=\"small_fotoderecha_titulo\">Apps menstruales: mina de oro para anunciantes y riesgo para la seguridad de las mujeres<\/h3>\n<p>                    <\/p>\n<p>                                                                                                                                                <a href=\"https:\/\/www.agenciasinc.es\/Autor\/Antonio-Villarreal\"><br \/>\n                                        Antonio Villarreal<br \/>\n                                        <\/a>                                                                                                <\/p>\n<p><a><\/a><\/p>\n<h2>Un constructo social<\/h2>\n<p>Roc\u00edo Poveda, coautora del estudio en INGENIO (CSIC-UPV), explica que \u201cla menarquia o primera regla no se vive solo como un cambio biol\u00f3gico, sino como un constructo social que marca el inicio de nuevas restricciones y miradas externas. La forma en que la menarquia se construye y se vive socialmente puede influir en c\u00f3mo las j\u00f3venes se perciben a s\u00ed mismas y en c\u00f3mo son percibidas por los dem\u00e1s\u201d.<\/p>\n<p>El estudio demuestra que recibir informaci\u00f3n pr\u00e1ctica y clara en la primera menstruaci\u00f3n es un factor significativo en la normalizaci\u00f3n del periodo y establece que quienes recibieron ese acompa\u00f1amiento se sienten m\u00e1s c\u00f3modas hablando de la regla en distintos contextos. Adem\u00e1s, el art\u00edculo concluye, a partir de las opiniones recogidas, que cuando las mujeres hablan con los hombres que tienen a su alrededor de la menstruaci\u00f3n perciben que es un tema m\u00e1s normalizado.<\/p>\n<p><img decoding=\"async\" src=\"https:\/\/www.agenciasinc.es\/bundles\/app\/images\/quotebefore.png\" \/><\/p>\n<p>La capacidad de hablar de menstruaci\u00f3n con hombres es un indicador clave de aceptaci\u00f3n social y un paso decisivo para desactivar el tab\u00fa<\/p>\n<p>Sara S\u00e1nchez-L\u00f3pez, INGENIO<br \/>\n<img decoding=\"async\" src=\"https:\/\/www.agenciasinc.es\/bundles\/app\/images\/quoteafter.png\" \/><\/p>\n<p>Sara S\u00e1nchez-L\u00f3pez, investigadora principal del estudio, tambi\u00e9n de INGENIO (CSIC-UPV), considera que \u201clos mayores avances se producen cuando se rompen los silencios de g\u00e9nero. La capacidad de hablar de menstruaci\u00f3n con hombres es un indicador clave de aceptaci\u00f3n social y un paso decisivo para desactivar el tab\u00fa\u201d, a\u00f1ade la investigadora.<\/p>\n<p>El 79 % de quienes respondieron al estudio afirm\u00f3 que la menstruaci\u00f3n no aparece o lo hace muy raramente en series y pel\u00edculas, y un 73 % se\u00f1al\u00f3 lo mismo respecto a los libros. Las personas encuestadas tambi\u00e9n se\u00f1alaron la ausencia de la menstruaci\u00f3n en los medios de comunicaci\u00f3n, como la televisi\u00f3n, consider\u00e1ndolo un acto deliberado en los casos de los reality shows 24h y destacaron que esta falta de representaci\u00f3n refuerza su invisibilidad.<\/p>\n<p>La publicidad fue especialmente criticada entre las personas que intervinieron en el estudio por mostrar im\u00e1genes irreales de la regla: brillos y purpurina, l\u00edquidos azules o mujeres presentadas como en\u00e9rgicas, radiantes y siempre sonrientes. \u201cEstas representaciones, consideradas por las participantes como poco realistas y nada identificables, alimentan la idea de que la menstruaci\u00f3n debe embellecerse o higienizarse para ser socialmente aceptable\u201d, explica\u00a0S\u00e1nchez-L\u00f3pez.<\/p>\n<p>                        <a href=\"https:\/\/www.agenciasinc.es\/Opinion\/Una-docena-de-falsos-mitos-sobre-la-endometriosis\"><br \/>\n                            <img decoding=\"async\" src=\"https:\/\/cdn.agenciasinc.es\/var\/ezwebin_site\/storage\/images\/noticias\/una-docena-de-falsos-mitos-sobre-la-endometriosis\/12316762-2-esl-MX\/Una-docena-de-falsos-mitos-sobre-la-endometriosis.png\" alt=\"Una docena de falsos mitos sobre la endometriosis\" title=\"Una docena de falsos mitos sobre la endometriosis\" class=\"small_fotoderecha_img\" loading=\"lazy\" \/><br \/>\n                        <\/a><\/p>\n<p>                    <a href=\"https:\/\/www.agenciasinc.es\/Opinion\/Una-docena-de-falsos-mitos-sobre-la-endometriosis\" class=\"small_fotoderecha_titulo\"><\/a><\/p>\n<h3 class=\"small_fotoderecha_titulo\">Una docena de falsos mitos sobre la endometriosis<\/h3>\n<p>                    <\/p>\n<p>                                Emilia del Carmen Villegas y Raquel S\u00e1nchez Varo<\/p>\n<p><a><\/a><\/p>\n<h2>Impacto en la autoestima<\/h2>\n<p>El trabajo no solo documenta la persistencia del estigma, sino que tambi\u00e9n subraya sus consecuencias: desde el impacto en la autoestima y el bienestar emocional, hasta la invisibilizaci\u00f3n en \u00e1mbitos educativos, culturales y sanitarios. De hecho, un estudio previo del mismo equipo de investigaci\u00f3n constat\u00f3 hace dos a\u00f1os que solo un 5 % de las encuestadas hab\u00eda recibido informaci\u00f3n pr\u00e1ctica en la escuela sobre c\u00f3mo manejar el sangrado.<\/p>\n<p>Este nuevo trabajo muestra tambi\u00e9n c\u00f3mo las creencias negativas sobre la menstruaci\u00f3n pueden usarse para desacreditar o deslegitimar a las mujeres en la vida cotidiana. \u201cLos testimonios recogidos entre las 4 000 participantes se\u00f1alan que, en ocasiones, la menstruaci\u00f3n se utiliza para restar valor a sus emociones o a sus argumentos, lo que genera estigmatizaci\u00f3n y conflicto interpersonal\u201d, explica\u00a0Santiago Moll, coautor del estudio.<\/p>\n<p><img decoding=\"async\" src=\"https:\/\/www.agenciasinc.es\/bundles\/app\/images\/quotebefore.png\" \/><\/p>\n<p>El estigma menstrual\u00a0limita la presencia de la menstruaci\u00f3n en los debates p\u00fablicos y pol\u00edticos y\u00a0dificulta diagn\u00f3sticos m\u00e9dicos adecuados<\/p>\n<p>Sara S\u00e1nchez-L\u00f3pez, INGENIO<br \/>\n<img decoding=\"async\" src=\"https:\/\/www.agenciasinc.es\/bundles\/app\/images\/quoteafter.png\" \/><\/p>\n<p>S\u00e1nchez-L\u00f3pez\u00a0asegura tambi\u00e9n que el estigma menstrual \u201climita la presencia de la menstruaci\u00f3n en los debates p\u00fablicos y pol\u00edticos, frena avances en la regulaci\u00f3n y el acceso a productos menstruales, dificulta diagn\u00f3sticos m\u00e9dicos adecuados y perpet\u00faa mitos por falta de informaci\u00f3n fiable\u201d.<\/p>\n<p>El equipo de investigaci\u00f3n tambi\u00e9n ha contado con la participaci\u00f3n de\u00a0Dani Barrington, de la University of Western Australia, experta de referencia internacional en la salud menstrual y el activismo en este \u00e1mbito.<\/p>\n<p>Referencia:<\/p>\n<p>Sara S\u00e1nchez L\u00f3pez, Dani Jennifer Barrinton, Roc\u00edo Poveda Batuista y Santiago Moll L\u00f3pez.\u00a0<a href=\"https:\/\/equityhealthj.biomedcentral.com\/articles\/10.1186\/s12939-025-02630-z\" target=\"_blank\">Stigma and silence: the menstrual taboo in Spain<\/a>.\u00a0International Journal for Equity in Health.<\/p>","protected":false},"excerpt":{"rendered":"<p>El tab\u00fa menstrual persiste. Esta es la principal conclusi\u00f3n de un macroestudio pionero en Espa\u00f1a que ha contado con m\u00e1s de 4 000 participantes mayores de 14 a\u00f1os y que ha sido liderado por el Instituto INGENIO, centro mixto del Consejo Superior de Investigaciones Cient\u00edficas (CSIC) y la Universitat Polit\u00e9cnica de Val\u00e8ncia (UPV). Seg\u00fan el [&hellip;]<\/p>\n","protected":false},"author":5,"featured_media":0,"comment_status":"","ping_status":"","sticky":false,"template":"","format":"standard","meta":{"site-sidebar-layout":"default","site-content-layout":"","ast-site-content-layout":"default","site-content-style":"default","site-sidebar-style":"default","ast-global-header-display":"","ast-banner-title-visibility":"","ast-main-header-display":"","ast-hfb-above-header-display":"","ast-hfb-below-header-display":"","ast-hfb-mobile-header-display":"","site-post-title":"","ast-breadcrumbs-content":"","ast-featured-img":"","footer-sml-layout":"","ast-disable-related-posts":"","theme-transparent-header-meta":"","adv-header-id-meta":"","stick-header-meta":"","header-above-stick-meta":"","header-main-stick-meta":"","header-below-stick-meta":"","astra-migrate-meta-layouts":"default","ast-page-background-enabled":"default","ast-page-background-meta":{"desktop":{"background-color":"var(--ast-global-color-4)","background-image":"","background-repeat":"repeat","background-position":"center center","background-size":"auto","background-attachment":"scroll","background-type":"","background-media":"","overlay-type":"","overlay-color":"","overlay-opacity":"","overlay-gradient":""},"tablet":{"background-color":"","background-image":"","background-repeat":"repeat","background-position":"center center","background-size":"auto","background-attachment":"scroll","background-type":"","background-media":"","overlay-type":"","overlay-color":"","overlay-opacity":"","overlay-gradient":""},"mobile":{"background-color":"","background-image":"","background-repeat":"repeat","background-position":"center center","background-size":"auto","background-attachment":"scroll","background-type":"","background-media":"","overlay-type":"","overlay-color":"","overlay-opacity":"","overlay-gradient":""}},"ast-content-background-meta":{"desktop":{"background-color":"var(--ast-global-color-5)","background-image":"","background-repeat":"repeat","background-position":"center center","background-size":"auto","background-attachment":"scroll","background-type":"","background-media":"","overlay-type":"","overlay-color":"","overlay-opacity":"","overlay-gradient":""},"tablet":{"background-color":"var(--ast-global-color-5)","background-image":"","background-repeat":"repeat","background-position":"center center","background-size":"auto","background-attachment":"scroll","background-type":"","background-media":"","overlay-type":"","overlay-color":"","overlay-opacity":"","overlay-gradient":""},"mobile":{"background-color":"var(--ast-global-color-5)","background-image":"","background-repeat":"repeat","background-position":"center center","background-size":"auto","background-attachment":"scroll","background-type":"","background-media":"","overlay-type":"","overlay-color":"","overlay-opacity":"","overlay-gradient":""}},"footnotes":""},"categories":[5],"tags":[],"class_list":["post-187645","post","type-post","status-publish","format-standard","hentry","category-noticias"],"yoast_head":"<!-- This site is optimized with the Yoast SEO Premium plugin v20.9 (Yoast SEO v27.4) - https:\/\/yoast.com\/product\/yoast-seo-premium-wordpress\/ -->\n<title>Cuatro de cada diez personas en Espa\u00f1a perciben la menstruaci\u00f3n como un estigma - bip4ex<\/title>\n<meta name=\"robots\" content=\"index, follow, max-snippet:-1, max-image-preview:large, max-video-preview:-1\" \/>\n<link rel=\"canonical\" href=\"https:\/\/helloproject.es\/vigilancia\/cuatro-de-cada-diez-personas-en-espana-perciben-la-menstruacion-como-un-estigma\/\" \/>\n<meta property=\"og:locale\" content=\"es_ES\" \/>\n<meta property=\"og:type\" content=\"article\" \/>\n<meta property=\"og:title\" content=\"Cuatro de cada diez personas en Espa\u00f1a perciben la menstruaci\u00f3n como un estigma\" \/>\n<meta property=\"og:description\" content=\"El tab\u00fa menstrual persiste. Esta es la principal conclusi\u00f3n de un macroestudio pionero en Espa\u00f1a que ha contado con m\u00e1s de 4 000 participantes mayores de 14 a\u00f1os y que ha sido liderado por el Instituto INGENIO, centro mixto del Consejo Superior de Investigaciones Cient\u00edficas (CSIC) y la Universitat Polit\u00e9cnica de Val\u00e8ncia (UPV). Seg\u00fan el [&hellip;]\" \/>\n<meta property=\"og:url\" content=\"https:\/\/helloproject.es\/vigilancia\/cuatro-de-cada-diez-personas-en-espana-perciben-la-menstruacion-como-un-estigma\/\" \/>\n<meta property=\"og:site_name\" content=\"bip4ex\" \/>\n<meta property=\"article:published_time\" content=\"2025-11-10T07:28:11+00:00\" \/>\n<meta property=\"og:image\" content=\"https:\/\/cdn.agenciasinc.es\/var\/ezwebin_site\/storage\/images\/noticias\/apps-menstruales-mina-de-oro-para-anunciantes-y-riesgo-para-la-seguridad-de-las-mujeres\/12316577-1-esl-MX\/Apps-menstruales-mina-de-oro-para-anunciantes-y-riesgo-para-la-seguridad-de-las-mujeres.jpg\" \/>\n<meta name=\"author\" content=\"Luis Miguel Mej\u00edas Ramos\" \/>\n<meta name=\"twitter:card\" content=\"summary_large_image\" \/>\n<meta name=\"twitter:label1\" content=\"Escrito por\" \/>\n\t<meta name=\"twitter:data1\" content=\"Luis Miguel Mej\u00edas Ramos\" \/>\n\t<meta name=\"twitter:label2\" content=\"Tiempo de lectura\" \/>\n\t<meta name=\"twitter:data2\" content=\"5 minutos\" \/>\n<script type=\"application\/ld+json\" class=\"yoast-schema-graph\">{\"@context\":\"https:\\\/\\\/schema.org\",\"@graph\":[{\"@type\":\"Article\",\"@id\":\"https:\\\/\\\/helloproject.es\\\/vigilancia\\\/cuatro-de-cada-diez-personas-en-espana-perciben-la-menstruacion-como-un-estigma\\\/#article\",\"isPartOf\":{\"@id\":\"https:\\\/\\\/helloproject.es\\\/vigilancia\\\/cuatro-de-cada-diez-personas-en-espana-perciben-la-menstruacion-como-un-estigma\\\/\"},\"author\":{\"name\":\"Luis Miguel Mej\u00edas Ramos\",\"@id\":\"https:\\\/\\\/helloproject.es\\\/vigilancia\\\/#\\\/schema\\\/person\\\/3767b0619d59a11570372c821f8619ca\"},\"headline\":\"Cuatro de cada diez personas en Espa\u00f1a perciben la menstruaci\u00f3n como un estigma\",\"datePublished\":\"2025-11-10T07:28:11+00:00\",\"mainEntityOfPage\":{\"@id\":\"https:\\\/\\\/helloproject.es\\\/vigilancia\\\/cuatro-de-cada-diez-personas-en-espana-perciben-la-menstruacion-como-un-estigma\\\/\"},\"wordCount\":930,\"publisher\":{\"@id\":\"https:\\\/\\\/helloproject.es\\\/vigilancia\\\/#organization\"},\"image\":{\"@id\":\"https:\\\/\\\/helloproject.es\\\/vigilancia\\\/cuatro-de-cada-diez-personas-en-espana-perciben-la-menstruacion-como-un-estigma\\\/#primaryimage\"},\"thumbnailUrl\":\"https:\\\/\\\/cdn.agenciasinc.es\\\/var\\\/ezwebin_site\\\/storage\\\/images\\\/noticias\\\/apps-menstruales-mina-de-oro-para-anunciantes-y-riesgo-para-la-seguridad-de-las-mujeres\\\/12316577-1-esl-MX\\\/Apps-menstruales-mina-de-oro-para-anunciantes-y-riesgo-para-la-seguridad-de-las-mujeres.jpg\",\"articleSection\":[\"Noticias\"],\"inLanguage\":\"es\"},{\"@type\":\"WebPage\",\"@id\":\"https:\\\/\\\/helloproject.es\\\/vigilancia\\\/cuatro-de-cada-diez-personas-en-espana-perciben-la-menstruacion-como-un-estigma\\\/\",\"url\":\"https:\\\/\\\/helloproject.es\\\/vigilancia\\\/cuatro-de-cada-diez-personas-en-espana-perciben-la-menstruacion-como-un-estigma\\\/\",\"name\":\"Cuatro de cada diez personas en Espa\u00f1a perciben la menstruaci\u00f3n como un estigma - bip4ex\",\"isPartOf\":{\"@id\":\"https:\\\/\\\/helloproject.es\\\/vigilancia\\\/#website\"},\"primaryImageOfPage\":{\"@id\":\"https:\\\/\\\/helloproject.es\\\/vigilancia\\\/cuatro-de-cada-diez-personas-en-espana-perciben-la-menstruacion-como-un-estigma\\\/#primaryimage\"},\"image\":{\"@id\":\"https:\\\/\\\/helloproject.es\\\/vigilancia\\\/cuatro-de-cada-diez-personas-en-espana-perciben-la-menstruacion-como-un-estigma\\\/#primaryimage\"},\"thumbnailUrl\":\"https:\\\/\\\/cdn.agenciasinc.es\\\/var\\\/ezwebin_site\\\/storage\\\/images\\\/noticias\\\/apps-menstruales-mina-de-oro-para-anunciantes-y-riesgo-para-la-seguridad-de-las-mujeres\\\/12316577-1-esl-MX\\\/Apps-menstruales-mina-de-oro-para-anunciantes-y-riesgo-para-la-seguridad-de-las-mujeres.jpg\",\"datePublished\":\"2025-11-10T07:28:11+00:00\",\"breadcrumb\":{\"@id\":\"https:\\\/\\\/helloproject.es\\\/vigilancia\\\/cuatro-de-cada-diez-personas-en-espana-perciben-la-menstruacion-como-un-estigma\\\/#breadcrumb\"},\"inLanguage\":\"es\",\"potentialAction\":[{\"@type\":\"ReadAction\",\"target\":[\"https:\\\/\\\/helloproject.es\\\/vigilancia\\\/cuatro-de-cada-diez-personas-en-espana-perciben-la-menstruacion-como-un-estigma\\\/\"]}]},{\"@type\":\"ImageObject\",\"inLanguage\":\"es\",\"@id\":\"https:\\\/\\\/helloproject.es\\\/vigilancia\\\/cuatro-de-cada-diez-personas-en-espana-perciben-la-menstruacion-como-un-estigma\\\/#primaryimage\",\"url\":\"https:\\\/\\\/cdn.agenciasinc.es\\\/var\\\/ezwebin_site\\\/storage\\\/images\\\/noticias\\\/apps-menstruales-mina-de-oro-para-anunciantes-y-riesgo-para-la-seguridad-de-las-mujeres\\\/12316577-1-esl-MX\\\/Apps-menstruales-mina-de-oro-para-anunciantes-y-riesgo-para-la-seguridad-de-las-mujeres.jpg\",\"contentUrl\":\"https:\\\/\\\/cdn.agenciasinc.es\\\/var\\\/ezwebin_site\\\/storage\\\/images\\\/noticias\\\/apps-menstruales-mina-de-oro-para-anunciantes-y-riesgo-para-la-seguridad-de-las-mujeres\\\/12316577-1-esl-MX\\\/Apps-menstruales-mina-de-oro-para-anunciantes-y-riesgo-para-la-seguridad-de-las-mujeres.jpg\"},{\"@type\":\"BreadcrumbList\",\"@id\":\"https:\\\/\\\/helloproject.es\\\/vigilancia\\\/cuatro-de-cada-diez-personas-en-espana-perciben-la-menstruacion-como-un-estigma\\\/#breadcrumb\",\"itemListElement\":[{\"@type\":\"ListItem\",\"position\":1,\"name\":\"Home\",\"item\":\"https:\\\/\\\/helloproject.es\\\/vigilancia\\\/\"},{\"@type\":\"ListItem\",\"position\":2,\"name\":\"Cuatro de cada diez personas en Espa\u00f1a perciben la menstruaci\u00f3n como un estigma\"}]},{\"@type\":\"WebSite\",\"@id\":\"https:\\\/\\\/helloproject.es\\\/vigilancia\\\/#website\",\"url\":\"https:\\\/\\\/helloproject.es\\\/vigilancia\\\/\",\"name\":\"bip4ex\",\"description\":\"Vigilancia Tecnol\u00f3gica\",\"publisher\":{\"@id\":\"https:\\\/\\\/helloproject.es\\\/vigilancia\\\/#organization\"},\"potentialAction\":[{\"@type\":\"SearchAction\",\"target\":{\"@type\":\"EntryPoint\",\"urlTemplate\":\"https:\\\/\\\/helloproject.es\\\/vigilancia\\\/?s={search_term_string}\"},\"query-input\":{\"@type\":\"PropertyValueSpecification\",\"valueRequired\":true,\"valueName\":\"search_term_string\"}}],\"inLanguage\":\"es\"},{\"@type\":\"Organization\",\"@id\":\"https:\\\/\\\/helloproject.es\\\/vigilancia\\\/#organization\",\"name\":\"Helloproject.es\",\"url\":\"https:\\\/\\\/helloproject.es\\\/vigilancia\\\/\",\"logo\":{\"@type\":\"ImageObject\",\"inLanguage\":\"es\",\"@id\":\"https:\\\/\\\/helloproject.es\\\/vigilancia\\\/#\\\/schema\\\/logo\\\/image\\\/\",\"url\":\"https:\\\/\\\/helloproject.es\\\/vigilancia\\\/wp-content\\\/uploads\\\/2023\\\/07\\\/bip4ex.png\",\"contentUrl\":\"https:\\\/\\\/helloproject.es\\\/vigilancia\\\/wp-content\\\/uploads\\\/2023\\\/07\\\/bip4ex.png\",\"width\":322,\"height\":365,\"caption\":\"Helloproject.es\"},\"image\":{\"@id\":\"https:\\\/\\\/helloproject.es\\\/vigilancia\\\/#\\\/schema\\\/logo\\\/image\\\/\"}},{\"@type\":\"Person\",\"@id\":\"https:\\\/\\\/helloproject.es\\\/vigilancia\\\/#\\\/schema\\\/person\\\/3767b0619d59a11570372c821f8619ca\",\"name\":\"Luis Miguel Mej\u00edas Ramos\",\"url\":\"https:\\\/\\\/helloproject.es\\\/vigilancia\\\/author\\\/luismi\\\/\"}]}<\/script>\n<!-- \/ Yoast SEO Premium plugin. -->","yoast_head_json":{"title":"Cuatro de cada diez personas en Espa\u00f1a perciben la menstruaci\u00f3n como un estigma - bip4ex","robots":{"index":"index","follow":"follow","max-snippet":"max-snippet:-1","max-image-preview":"max-image-preview:large","max-video-preview":"max-video-preview:-1"},"canonical":"https:\/\/helloproject.es\/vigilancia\/cuatro-de-cada-diez-personas-en-espana-perciben-la-menstruacion-como-un-estigma\/","og_locale":"es_ES","og_type":"article","og_title":"Cuatro de cada diez personas en Espa\u00f1a perciben la menstruaci\u00f3n como un estigma","og_description":"El tab\u00fa menstrual persiste. Esta es la principal conclusi\u00f3n de un macroestudio pionero en Espa\u00f1a que ha contado con m\u00e1s de 4 000 participantes mayores de 14 a\u00f1os y que ha sido liderado por el Instituto INGENIO, centro mixto del Consejo Superior de Investigaciones Cient\u00edficas (CSIC) y la Universitat Polit\u00e9cnica de Val\u00e8ncia (UPV). Seg\u00fan el [&hellip;]","og_url":"https:\/\/helloproject.es\/vigilancia\/cuatro-de-cada-diez-personas-en-espana-perciben-la-menstruacion-como-un-estigma\/","og_site_name":"bip4ex","article_published_time":"2025-11-10T07:28:11+00:00","og_image":[{"url":"https:\/\/cdn.agenciasinc.es\/var\/ezwebin_site\/storage\/images\/noticias\/apps-menstruales-mina-de-oro-para-anunciantes-y-riesgo-para-la-seguridad-de-las-mujeres\/12316577-1-esl-MX\/Apps-menstruales-mina-de-oro-para-anunciantes-y-riesgo-para-la-seguridad-de-las-mujeres.jpg","type":"","width":"","height":""}],"author":"Luis Miguel Mej\u00edas Ramos","twitter_card":"summary_large_image","twitter_misc":{"Escrito por":"Luis Miguel Mej\u00edas Ramos","Tiempo de lectura":"5 minutos"},"schema":{"@context":"https:\/\/schema.org","@graph":[{"@type":"Article","@id":"https:\/\/helloproject.es\/vigilancia\/cuatro-de-cada-diez-personas-en-espana-perciben-la-menstruacion-como-un-estigma\/#article","isPartOf":{"@id":"https:\/\/helloproject.es\/vigilancia\/cuatro-de-cada-diez-personas-en-espana-perciben-la-menstruacion-como-un-estigma\/"},"author":{"name":"Luis Miguel Mej\u00edas Ramos","@id":"https:\/\/helloproject.es\/vigilancia\/#\/schema\/person\/3767b0619d59a11570372c821f8619ca"},"headline":"Cuatro de cada diez personas en Espa\u00f1a perciben la menstruaci\u00f3n como un estigma","datePublished":"2025-11-10T07:28:11+00:00","mainEntityOfPage":{"@id":"https:\/\/helloproject.es\/vigilancia\/cuatro-de-cada-diez-personas-en-espana-perciben-la-menstruacion-como-un-estigma\/"},"wordCount":930,"publisher":{"@id":"https:\/\/helloproject.es\/vigilancia\/#organization"},"image":{"@id":"https:\/\/helloproject.es\/vigilancia\/cuatro-de-cada-diez-personas-en-espana-perciben-la-menstruacion-como-un-estigma\/#primaryimage"},"thumbnailUrl":"https:\/\/cdn.agenciasinc.es\/var\/ezwebin_site\/storage\/images\/noticias\/apps-menstruales-mina-de-oro-para-anunciantes-y-riesgo-para-la-seguridad-de-las-mujeres\/12316577-1-esl-MX\/Apps-menstruales-mina-de-oro-para-anunciantes-y-riesgo-para-la-seguridad-de-las-mujeres.jpg","articleSection":["Noticias"],"inLanguage":"es"},{"@type":"WebPage","@id":"https:\/\/helloproject.es\/vigilancia\/cuatro-de-cada-diez-personas-en-espana-perciben-la-menstruacion-como-un-estigma\/","url":"https:\/\/helloproject.es\/vigilancia\/cuatro-de-cada-diez-personas-en-espana-perciben-la-menstruacion-como-un-estigma\/","name":"Cuatro de cada diez personas en Espa\u00f1a perciben la menstruaci\u00f3n como un estigma - bip4ex","isPartOf":{"@id":"https:\/\/helloproject.es\/vigilancia\/#website"},"primaryImageOfPage":{"@id":"https:\/\/helloproject.es\/vigilancia\/cuatro-de-cada-diez-personas-en-espana-perciben-la-menstruacion-como-un-estigma\/#primaryimage"},"image":{"@id":"https:\/\/helloproject.es\/vigilancia\/cuatro-de-cada-diez-personas-en-espana-perciben-la-menstruacion-como-un-estigma\/#primaryimage"},"thumbnailUrl":"https:\/\/cdn.agenciasinc.es\/var\/ezwebin_site\/storage\/images\/noticias\/apps-menstruales-mina-de-oro-para-anunciantes-y-riesgo-para-la-seguridad-de-las-mujeres\/12316577-1-esl-MX\/Apps-menstruales-mina-de-oro-para-anunciantes-y-riesgo-para-la-seguridad-de-las-mujeres.jpg","datePublished":"2025-11-10T07:28:11+00:00","breadcrumb":{"@id":"https:\/\/helloproject.es\/vigilancia\/cuatro-de-cada-diez-personas-en-espana-perciben-la-menstruacion-como-un-estigma\/#breadcrumb"},"inLanguage":"es","potentialAction":[{"@type":"ReadAction","target":["https:\/\/helloproject.es\/vigilancia\/cuatro-de-cada-diez-personas-en-espana-perciben-la-menstruacion-como-un-estigma\/"]}]},{"@type":"ImageObject","inLanguage":"es","@id":"https:\/\/helloproject.es\/vigilancia\/cuatro-de-cada-diez-personas-en-espana-perciben-la-menstruacion-como-un-estigma\/#primaryimage","url":"https:\/\/cdn.agenciasinc.es\/var\/ezwebin_site\/storage\/images\/noticias\/apps-menstruales-mina-de-oro-para-anunciantes-y-riesgo-para-la-seguridad-de-las-mujeres\/12316577-1-esl-MX\/Apps-menstruales-mina-de-oro-para-anunciantes-y-riesgo-para-la-seguridad-de-las-mujeres.jpg","contentUrl":"https:\/\/cdn.agenciasinc.es\/var\/ezwebin_site\/storage\/images\/noticias\/apps-menstruales-mina-de-oro-para-anunciantes-y-riesgo-para-la-seguridad-de-las-mujeres\/12316577-1-esl-MX\/Apps-menstruales-mina-de-oro-para-anunciantes-y-riesgo-para-la-seguridad-de-las-mujeres.jpg"},{"@type":"BreadcrumbList","@id":"https:\/\/helloproject.es\/vigilancia\/cuatro-de-cada-diez-personas-en-espana-perciben-la-menstruacion-como-un-estigma\/#breadcrumb","itemListElement":[{"@type":"ListItem","position":1,"name":"Home","item":"https:\/\/helloproject.es\/vigilancia\/"},{"@type":"ListItem","position":2,"name":"Cuatro de cada diez personas en Espa\u00f1a perciben la menstruaci\u00f3n como un estigma"}]},{"@type":"WebSite","@id":"https:\/\/helloproject.es\/vigilancia\/#website","url":"https:\/\/helloproject.es\/vigilancia\/","name":"bip4ex","description":"Vigilancia Tecnol\u00f3gica","publisher":{"@id":"https:\/\/helloproject.es\/vigilancia\/#organization"},"potentialAction":[{"@type":"SearchAction","target":{"@type":"EntryPoint","urlTemplate":"https:\/\/helloproject.es\/vigilancia\/?s={search_term_string}"},"query-input":{"@type":"PropertyValueSpecification","valueRequired":true,"valueName":"search_term_string"}}],"inLanguage":"es"},{"@type":"Organization","@id":"https:\/\/helloproject.es\/vigilancia\/#organization","name":"Helloproject.es","url":"https:\/\/helloproject.es\/vigilancia\/","logo":{"@type":"ImageObject","inLanguage":"es","@id":"https:\/\/helloproject.es\/vigilancia\/#\/schema\/logo\/image\/","url":"https:\/\/helloproject.es\/vigilancia\/wp-content\/uploads\/2023\/07\/bip4ex.png","contentUrl":"https:\/\/helloproject.es\/vigilancia\/wp-content\/uploads\/2023\/07\/bip4ex.png","width":322,"height":365,"caption":"Helloproject.es"},"image":{"@id":"https:\/\/helloproject.es\/vigilancia\/#\/schema\/logo\/image\/"}},{"@type":"Person","@id":"https:\/\/helloproject.es\/vigilancia\/#\/schema\/person\/3767b0619d59a11570372c821f8619ca","name":"Luis Miguel Mej\u00edas Ramos","url":"https:\/\/helloproject.es\/vigilancia\/author\/luismi\/"}]}},"_links":{"self":[{"href":"https:\/\/helloproject.es\/vigilancia\/wp-json\/wp\/v2\/posts\/187645","targetHints":{"allow":["GET"]}}],"collection":[{"href":"https:\/\/helloproject.es\/vigilancia\/wp-json\/wp\/v2\/posts"}],"about":[{"href":"https:\/\/helloproject.es\/vigilancia\/wp-json\/wp\/v2\/types\/post"}],"author":[{"embeddable":true,"href":"https:\/\/helloproject.es\/vigilancia\/wp-json\/wp\/v2\/users\/5"}],"replies":[{"embeddable":true,"href":"https:\/\/helloproject.es\/vigilancia\/wp-json\/wp\/v2\/comments?post=187645"}],"version-history":[{"count":0,"href":"https:\/\/helloproject.es\/vigilancia\/wp-json\/wp\/v2\/posts\/187645\/revisions"}],"wp:attachment":[{"href":"https:\/\/helloproject.es\/vigilancia\/wp-json\/wp\/v2\/media?parent=187645"}],"wp:term":[{"taxonomy":"category","embeddable":true,"href":"https:\/\/helloproject.es\/vigilancia\/wp-json\/wp\/v2\/categories?post=187645"},{"taxonomy":"post_tag","embeddable":true,"href":"https:\/\/helloproject.es\/vigilancia\/wp-json\/wp\/v2\/tags?post=187645"}],"curies":[{"name":"wp","href":"https:\/\/api.w.org\/{rel}","templated":true}]}}