{"id":187670,"date":"2025-11-10T15:17:24","date_gmt":"2025-11-10T14:17:24","guid":{"rendered":"https:\/\/helloproject.es\/vigilancia\/un-paciente-de-la-uci-da-un-equipo-ecmo-al-hospital-son-espases\/"},"modified":"2025-11-10T15:17:24","modified_gmt":"2025-11-10T14:17:24","slug":"un-paciente-de-la-uci-da-un-equipo-ecmo-al-hospital-son-espases","status":"publish","type":"post","link":"https:\/\/helloproject.es\/vigilancia\/un-paciente-de-la-uci-da-un-equipo-ecmo-al-hospital-son-espases\/","title":{"rendered":"\u200bUn paciente de la UCI da un equipo ECMO al Hospital Son Espases"},"content":{"rendered":"<p><img decoding=\"async\" src=\"https:\/\/www.infosalut.com\/images\/noticies\/2025\/2025-11\/18173.jpg\" \/><\/p>\n<p>El <a href=\"https:\/\/www.hospitalsonespases.es\/ca\" target=\"_blank\" rel=\"noopener\">Hospital Universitari Son Espases<\/a> recibe la <strong>donaci\u00f3n de un equipo ECMO<\/strong> (soporte vital extracorp\u00f3reo) por parte de Larrick Ebanks, un paciente que ingres\u00f3 en la UCI del hospital en diciembre de 2021 y estuvo conectado durante 82 d\u00edas a esta tecnolog\u00eda, tras sufrir una neumon\u00eda bilateral grave por COVID-19. El nuevo equipo, un CARDIOHELP-i de la marca Maquet (GETINGE), permitir\u00e1 mejorar la atenci\u00f3n de pacientes cr\u00edticos, incluidos pedi\u00e1tricos, y ha sido adquirido gracias a una campa\u00f1a de recaudaci\u00f3n impulsada por el propio Ebanks junto a la Fundaci\u00f3n JoyRon.<\/p>","protected":false},"excerpt":{"rendered":"<p>El Hospital Universitari Son Espases recibe la donaci\u00f3n de un equipo ECMO (soporte vital extracorp\u00f3reo) por parte de Larrick Ebanks, un paciente que ingres\u00f3 en la UCI del hospital en diciembre de 2021 y estuvo conectado durante 82 d\u00edas a esta tecnolog\u00eda, tras sufrir una neumon\u00eda bilateral grave por COVID-19. El nuevo equipo, un CARDIOHELP-i [&hellip;]<\/p>\n","protected":false},"author":5,"featured_media":0,"comment_status":"","ping_status":"","sticky":false,"template":"","format":"standard","meta":{"site-sidebar-layout":"default","site-content-layout":"","ast-site-content-layout":"default","site-content-style":"default","site-sidebar-style":"default","ast-global-header-display":"","ast-banner-title-visibility":"","ast-main-header-display":"","ast-hfb-above-header-display":"","ast-hfb-below-header-display":"","ast-hfb-mobile-header-display":"","site-post-title":"","ast-breadcrumbs-content":"","ast-featured-img":"","footer-sml-layout":"","ast-disable-related-posts":"","theme-transparent-header-meta":"","adv-header-id-meta":"","stick-header-meta":"","header-above-stick-meta":"","header-main-stick-meta":"","header-below-stick-meta":"","astra-migrate-meta-layouts":"default","ast-page-background-enabled":"default","ast-page-background-meta":{"desktop":{"background-color":"var(--ast-global-color-4)","background-image":"","background-repeat":"repeat","background-position":"center center","background-size":"auto","background-attachment":"scroll","background-type":"","background-media":"","overlay-type":"","overlay-color":"","overlay-opacity":"","overlay-gradient":""},"tablet":{"background-color":"","background-image":"","background-repeat":"repeat","background-position":"center center","background-size":"auto","background-attachment":"scroll","background-type":"","background-media":"","overlay-type":"","overlay-color":"","overlay-opacity":"","overlay-gradient":""},"mobile":{"background-color":"","background-image":"","background-repeat":"repeat","background-position":"center center","background-size":"auto","background-attachment":"scroll","background-type":"","background-media":"","overlay-type":"","overlay-color":"","overlay-opacity":"","overlay-gradient":""}},"ast-content-background-meta":{"desktop":{"background-color":"var(--ast-global-color-5)","background-image":"","background-repeat":"repeat","background-position":"center center","background-size":"auto","background-attachment":"scroll","background-type":"","background-media":"","overlay-type":"","overlay-color":"","overlay-opacity":"","overlay-gradient":""},"tablet":{"background-color":"var(--ast-global-color-5)","background-image":"","background-repeat":"repeat","background-position":"center center","background-size":"auto","background-attachment":"scroll","background-type":"","background-media":"","overlay-type":"","overlay-color":"","overlay-opacity":"","overlay-gradient":""},"mobile":{"background-color":"var(--ast-global-color-5)","background-image":"","background-repeat":"repeat","background-position":"center center","background-size":"auto","background-attachment":"scroll","background-type":"","background-media":"","overlay-type":"","overlay-color":"","overlay-opacity":"","overlay-gradient":""}},"footnotes":""},"categories":[5],"tags":[],"class_list":["post-187670","post","type-post","status-publish","format-standard","hentry","category-noticias"],"yoast_head":"<!-- This site is optimized with the Yoast SEO Premium plugin v20.9 (Yoast SEO v27.4) - https:\/\/yoast.com\/product\/yoast-seo-premium-wordpress\/ -->\n<title>\u200bUn paciente de la UCI da un equipo ECMO al Hospital Son Espases - bip4ex<\/title>\n<meta name=\"robots\" content=\"index, follow, max-snippet:-1, max-image-preview:large, max-video-preview:-1\" \/>\n<link rel=\"canonical\" href=\"https:\/\/helloproject.es\/vigilancia\/un-paciente-de-la-uci-da-un-equipo-ecmo-al-hospital-son-espases\/\" \/>\n<meta property=\"og:locale\" content=\"es_ES\" \/>\n<meta property=\"og:type\" content=\"article\" \/>\n<meta property=\"og:title\" content=\"\u200bUn paciente de la UCI da un equipo ECMO al Hospital Son Espases\" \/>\n<meta property=\"og:description\" content=\"El Hospital Universitari Son Espases recibe la donaci\u00f3n de un equipo ECMO (soporte vital extracorp\u00f3reo) por parte de Larrick Ebanks, un paciente que ingres\u00f3 en la UCI del hospital en diciembre de 2021 y estuvo conectado durante 82 d\u00edas a esta tecnolog\u00eda, tras sufrir una neumon\u00eda bilateral grave por COVID-19. El nuevo equipo, un CARDIOHELP-i [&hellip;]\" \/>\n<meta property=\"og:url\" content=\"https:\/\/helloproject.es\/vigilancia\/un-paciente-de-la-uci-da-un-equipo-ecmo-al-hospital-son-espases\/\" \/>\n<meta property=\"og:site_name\" content=\"bip4ex\" \/>\n<meta property=\"article:published_time\" content=\"2025-11-10T14:17:24+00:00\" \/>\n<meta property=\"og:image\" content=\"https:\/\/www.infosalut.com\/images\/noticies\/2025\/2025-11\/18173.jpg\" \/>\n<meta name=\"author\" content=\"Luis Miguel Mej\u00edas Ramos\" \/>\n<meta name=\"twitter:card\" content=\"summary_large_image\" \/>\n<meta name=\"twitter:label1\" content=\"Escrito por\" \/>\n\t<meta name=\"twitter:data1\" content=\"Luis Miguel Mej\u00edas Ramos\" \/>\n<script type=\"application\/ld+json\" class=\"yoast-schema-graph\">{\"@context\":\"https:\\\/\\\/schema.org\",\"@graph\":[{\"@type\":\"Article\",\"@id\":\"https:\\\/\\\/helloproject.es\\\/vigilancia\\\/un-paciente-de-la-uci-da-un-equipo-ecmo-al-hospital-son-espases\\\/#article\",\"isPartOf\":{\"@id\":\"https:\\\/\\\/helloproject.es\\\/vigilancia\\\/un-paciente-de-la-uci-da-un-equipo-ecmo-al-hospital-son-espases\\\/\"},\"author\":{\"name\":\"Luis Miguel Mej\u00edas Ramos\",\"@id\":\"https:\\\/\\\/helloproject.es\\\/vigilancia\\\/#\\\/schema\\\/person\\\/3767b0619d59a11570372c821f8619ca\"},\"headline\":\"\u200bUn paciente de la UCI da un equipo ECMO al Hospital Son Espases\",\"datePublished\":\"2025-11-10T14:17:24+00:00\",\"mainEntityOfPage\":{\"@id\":\"https:\\\/\\\/helloproject.es\\\/vigilancia\\\/un-paciente-de-la-uci-da-un-equipo-ecmo-al-hospital-son-espases\\\/\"},\"wordCount\":111,\"publisher\":{\"@id\":\"https:\\\/\\\/helloproject.es\\\/vigilancia\\\/#organization\"},\"image\":{\"@id\":\"https:\\\/\\\/helloproject.es\\\/vigilancia\\\/un-paciente-de-la-uci-da-un-equipo-ecmo-al-hospital-son-espases\\\/#primaryimage\"},\"thumbnailUrl\":\"https:\\\/\\\/www.infosalut.com\\\/images\\\/noticies\\\/2025\\\/2025-11\\\/18173.jpg\",\"articleSection\":[\"Noticias\"],\"inLanguage\":\"es\"},{\"@type\":\"WebPage\",\"@id\":\"https:\\\/\\\/helloproject.es\\\/vigilancia\\\/un-paciente-de-la-uci-da-un-equipo-ecmo-al-hospital-son-espases\\\/\",\"url\":\"https:\\\/\\\/helloproject.es\\\/vigilancia\\\/un-paciente-de-la-uci-da-un-equipo-ecmo-al-hospital-son-espases\\\/\",\"name\":\"\u200bUn paciente de la UCI da un equipo ECMO al Hospital Son Espases - bip4ex\",\"isPartOf\":{\"@id\":\"https:\\\/\\\/helloproject.es\\\/vigilancia\\\/#website\"},\"primaryImageOfPage\":{\"@id\":\"https:\\\/\\\/helloproject.es\\\/vigilancia\\\/un-paciente-de-la-uci-da-un-equipo-ecmo-al-hospital-son-espases\\\/#primaryimage\"},\"image\":{\"@id\":\"https:\\\/\\\/helloproject.es\\\/vigilancia\\\/un-paciente-de-la-uci-da-un-equipo-ecmo-al-hospital-son-espases\\\/#primaryimage\"},\"thumbnailUrl\":\"https:\\\/\\\/www.infosalut.com\\\/images\\\/noticies\\\/2025\\\/2025-11\\\/18173.jpg\",\"datePublished\":\"2025-11-10T14:17:24+00:00\",\"breadcrumb\":{\"@id\":\"https:\\\/\\\/helloproject.es\\\/vigilancia\\\/un-paciente-de-la-uci-da-un-equipo-ecmo-al-hospital-son-espases\\\/#breadcrumb\"},\"inLanguage\":\"es\",\"potentialAction\":[{\"@type\":\"ReadAction\",\"target\":[\"https:\\\/\\\/helloproject.es\\\/vigilancia\\\/un-paciente-de-la-uci-da-un-equipo-ecmo-al-hospital-son-espases\\\/\"]}]},{\"@type\":\"ImageObject\",\"inLanguage\":\"es\",\"@id\":\"https:\\\/\\\/helloproject.es\\\/vigilancia\\\/un-paciente-de-la-uci-da-un-equipo-ecmo-al-hospital-son-espases\\\/#primaryimage\",\"url\":\"https:\\\/\\\/www.infosalut.com\\\/images\\\/noticies\\\/2025\\\/2025-11\\\/18173.jpg\",\"contentUrl\":\"https:\\\/\\\/www.infosalut.com\\\/images\\\/noticies\\\/2025\\\/2025-11\\\/18173.jpg\"},{\"@type\":\"BreadcrumbList\",\"@id\":\"https:\\\/\\\/helloproject.es\\\/vigilancia\\\/un-paciente-de-la-uci-da-un-equipo-ecmo-al-hospital-son-espases\\\/#breadcrumb\",\"itemListElement\":[{\"@type\":\"ListItem\",\"position\":1,\"name\":\"Home\",\"item\":\"https:\\\/\\\/helloproject.es\\\/vigilancia\\\/\"},{\"@type\":\"ListItem\",\"position\":2,\"name\":\"\u200bUn paciente de la UCI da un equipo ECMO al Hospital Son Espases\"}]},{\"@type\":\"WebSite\",\"@id\":\"https:\\\/\\\/helloproject.es\\\/vigilancia\\\/#website\",\"url\":\"https:\\\/\\\/helloproject.es\\\/vigilancia\\\/\",\"name\":\"bip4ex\",\"description\":\"Vigilancia Tecnol\u00f3gica\",\"publisher\":{\"@id\":\"https:\\\/\\\/helloproject.es\\\/vigilancia\\\/#organization\"},\"potentialAction\":[{\"@type\":\"SearchAction\",\"target\":{\"@type\":\"EntryPoint\",\"urlTemplate\":\"https:\\\/\\\/helloproject.es\\\/vigilancia\\\/?s={search_term_string}\"},\"query-input\":{\"@type\":\"PropertyValueSpecification\",\"valueRequired\":true,\"valueName\":\"search_term_string\"}}],\"inLanguage\":\"es\"},{\"@type\":\"Organization\",\"@id\":\"https:\\\/\\\/helloproject.es\\\/vigilancia\\\/#organization\",\"name\":\"Helloproject.es\",\"url\":\"https:\\\/\\\/helloproject.es\\\/vigilancia\\\/\",\"logo\":{\"@type\":\"ImageObject\",\"inLanguage\":\"es\",\"@id\":\"https:\\\/\\\/helloproject.es\\\/vigilancia\\\/#\\\/schema\\\/logo\\\/image\\\/\",\"url\":\"https:\\\/\\\/helloproject.es\\\/vigilancia\\\/wp-content\\\/uploads\\\/2023\\\/07\\\/bip4ex.png\",\"contentUrl\":\"https:\\\/\\\/helloproject.es\\\/vigilancia\\\/wp-content\\\/uploads\\\/2023\\\/07\\\/bip4ex.png\",\"width\":322,\"height\":365,\"caption\":\"Helloproject.es\"},\"image\":{\"@id\":\"https:\\\/\\\/helloproject.es\\\/vigilancia\\\/#\\\/schema\\\/logo\\\/image\\\/\"}},{\"@type\":\"Person\",\"@id\":\"https:\\\/\\\/helloproject.es\\\/vigilancia\\\/#\\\/schema\\\/person\\\/3767b0619d59a11570372c821f8619ca\",\"name\":\"Luis Miguel Mej\u00edas Ramos\",\"url\":\"https:\\\/\\\/helloproject.es\\\/vigilancia\\\/author\\\/luismi\\\/\"}]}<\/script>\n<!-- \/ Yoast SEO Premium plugin. -->","yoast_head_json":{"title":"\u200bUn paciente de la UCI da un equipo ECMO al Hospital Son Espases - bip4ex","robots":{"index":"index","follow":"follow","max-snippet":"max-snippet:-1","max-image-preview":"max-image-preview:large","max-video-preview":"max-video-preview:-1"},"canonical":"https:\/\/helloproject.es\/vigilancia\/un-paciente-de-la-uci-da-un-equipo-ecmo-al-hospital-son-espases\/","og_locale":"es_ES","og_type":"article","og_title":"\u200bUn paciente de la UCI da un equipo ECMO al Hospital Son Espases","og_description":"El Hospital Universitari Son Espases recibe la donaci\u00f3n de un equipo ECMO (soporte vital extracorp\u00f3reo) por parte de Larrick Ebanks, un paciente que ingres\u00f3 en la UCI del hospital en diciembre de 2021 y estuvo conectado durante 82 d\u00edas a esta tecnolog\u00eda, tras sufrir una neumon\u00eda bilateral grave por COVID-19. El nuevo equipo, un CARDIOHELP-i [&hellip;]","og_url":"https:\/\/helloproject.es\/vigilancia\/un-paciente-de-la-uci-da-un-equipo-ecmo-al-hospital-son-espases\/","og_site_name":"bip4ex","article_published_time":"2025-11-10T14:17:24+00:00","og_image":[{"url":"https:\/\/www.infosalut.com\/images\/noticies\/2025\/2025-11\/18173.jpg","type":"","width":"","height":""}],"author":"Luis Miguel Mej\u00edas Ramos","twitter_card":"summary_large_image","twitter_misc":{"Escrito por":"Luis Miguel Mej\u00edas Ramos"},"schema":{"@context":"https:\/\/schema.org","@graph":[{"@type":"Article","@id":"https:\/\/helloproject.es\/vigilancia\/un-paciente-de-la-uci-da-un-equipo-ecmo-al-hospital-son-espases\/#article","isPartOf":{"@id":"https:\/\/helloproject.es\/vigilancia\/un-paciente-de-la-uci-da-un-equipo-ecmo-al-hospital-son-espases\/"},"author":{"name":"Luis Miguel Mej\u00edas Ramos","@id":"https:\/\/helloproject.es\/vigilancia\/#\/schema\/person\/3767b0619d59a11570372c821f8619ca"},"headline":"\u200bUn paciente de la UCI da un equipo ECMO al Hospital Son Espases","datePublished":"2025-11-10T14:17:24+00:00","mainEntityOfPage":{"@id":"https:\/\/helloproject.es\/vigilancia\/un-paciente-de-la-uci-da-un-equipo-ecmo-al-hospital-son-espases\/"},"wordCount":111,"publisher":{"@id":"https:\/\/helloproject.es\/vigilancia\/#organization"},"image":{"@id":"https:\/\/helloproject.es\/vigilancia\/un-paciente-de-la-uci-da-un-equipo-ecmo-al-hospital-son-espases\/#primaryimage"},"thumbnailUrl":"https:\/\/www.infosalut.com\/images\/noticies\/2025\/2025-11\/18173.jpg","articleSection":["Noticias"],"inLanguage":"es"},{"@type":"WebPage","@id":"https:\/\/helloproject.es\/vigilancia\/un-paciente-de-la-uci-da-un-equipo-ecmo-al-hospital-son-espases\/","url":"https:\/\/helloproject.es\/vigilancia\/un-paciente-de-la-uci-da-un-equipo-ecmo-al-hospital-son-espases\/","name":"\u200bUn paciente de la UCI da un equipo ECMO al Hospital Son Espases - bip4ex","isPartOf":{"@id":"https:\/\/helloproject.es\/vigilancia\/#website"},"primaryImageOfPage":{"@id":"https:\/\/helloproject.es\/vigilancia\/un-paciente-de-la-uci-da-un-equipo-ecmo-al-hospital-son-espases\/#primaryimage"},"image":{"@id":"https:\/\/helloproject.es\/vigilancia\/un-paciente-de-la-uci-da-un-equipo-ecmo-al-hospital-son-espases\/#primaryimage"},"thumbnailUrl":"https:\/\/www.infosalut.com\/images\/noticies\/2025\/2025-11\/18173.jpg","datePublished":"2025-11-10T14:17:24+00:00","breadcrumb":{"@id":"https:\/\/helloproject.es\/vigilancia\/un-paciente-de-la-uci-da-un-equipo-ecmo-al-hospital-son-espases\/#breadcrumb"},"inLanguage":"es","potentialAction":[{"@type":"ReadAction","target":["https:\/\/helloproject.es\/vigilancia\/un-paciente-de-la-uci-da-un-equipo-ecmo-al-hospital-son-espases\/"]}]},{"@type":"ImageObject","inLanguage":"es","@id":"https:\/\/helloproject.es\/vigilancia\/un-paciente-de-la-uci-da-un-equipo-ecmo-al-hospital-son-espases\/#primaryimage","url":"https:\/\/www.infosalut.com\/images\/noticies\/2025\/2025-11\/18173.jpg","contentUrl":"https:\/\/www.infosalut.com\/images\/noticies\/2025\/2025-11\/18173.jpg"},{"@type":"BreadcrumbList","@id":"https:\/\/helloproject.es\/vigilancia\/un-paciente-de-la-uci-da-un-equipo-ecmo-al-hospital-son-espases\/#breadcrumb","itemListElement":[{"@type":"ListItem","position":1,"name":"Home","item":"https:\/\/helloproject.es\/vigilancia\/"},{"@type":"ListItem","position":2,"name":"\u200bUn paciente de la UCI da un equipo ECMO al Hospital Son Espases"}]},{"@type":"WebSite","@id":"https:\/\/helloproject.es\/vigilancia\/#website","url":"https:\/\/helloproject.es\/vigilancia\/","name":"bip4ex","description":"Vigilancia Tecnol\u00f3gica","publisher":{"@id":"https:\/\/helloproject.es\/vigilancia\/#organization"},"potentialAction":[{"@type":"SearchAction","target":{"@type":"EntryPoint","urlTemplate":"https:\/\/helloproject.es\/vigilancia\/?s={search_term_string}"},"query-input":{"@type":"PropertyValueSpecification","valueRequired":true,"valueName":"search_term_string"}}],"inLanguage":"es"},{"@type":"Organization","@id":"https:\/\/helloproject.es\/vigilancia\/#organization","name":"Helloproject.es","url":"https:\/\/helloproject.es\/vigilancia\/","logo":{"@type":"ImageObject","inLanguage":"es","@id":"https:\/\/helloproject.es\/vigilancia\/#\/schema\/logo\/image\/","url":"https:\/\/helloproject.es\/vigilancia\/wp-content\/uploads\/2023\/07\/bip4ex.png","contentUrl":"https:\/\/helloproject.es\/vigilancia\/wp-content\/uploads\/2023\/07\/bip4ex.png","width":322,"height":365,"caption":"Helloproject.es"},"image":{"@id":"https:\/\/helloproject.es\/vigilancia\/#\/schema\/logo\/image\/"}},{"@type":"Person","@id":"https:\/\/helloproject.es\/vigilancia\/#\/schema\/person\/3767b0619d59a11570372c821f8619ca","name":"Luis Miguel Mej\u00edas Ramos","url":"https:\/\/helloproject.es\/vigilancia\/author\/luismi\/"}]}},"_links":{"self":[{"href":"https:\/\/helloproject.es\/vigilancia\/wp-json\/wp\/v2\/posts\/187670","targetHints":{"allow":["GET"]}}],"collection":[{"href":"https:\/\/helloproject.es\/vigilancia\/wp-json\/wp\/v2\/posts"}],"about":[{"href":"https:\/\/helloproject.es\/vigilancia\/wp-json\/wp\/v2\/types\/post"}],"author":[{"embeddable":true,"href":"https:\/\/helloproject.es\/vigilancia\/wp-json\/wp\/v2\/users\/5"}],"replies":[{"embeddable":true,"href":"https:\/\/helloproject.es\/vigilancia\/wp-json\/wp\/v2\/comments?post=187670"}],"version-history":[{"count":0,"href":"https:\/\/helloproject.es\/vigilancia\/wp-json\/wp\/v2\/posts\/187670\/revisions"}],"wp:attachment":[{"href":"https:\/\/helloproject.es\/vigilancia\/wp-json\/wp\/v2\/media?parent=187670"}],"wp:term":[{"taxonomy":"category","embeddable":true,"href":"https:\/\/helloproject.es\/vigilancia\/wp-json\/wp\/v2\/categories?post=187670"},{"taxonomy":"post_tag","embeddable":true,"href":"https:\/\/helloproject.es\/vigilancia\/wp-json\/wp\/v2\/tags?post=187670"}],"curies":[{"name":"wp","href":"https:\/\/api.w.org\/{rel}","templated":true}]}}