{"id":188258,"date":"2025-11-17T11:28:41","date_gmt":"2025-11-17T10:28:41","guid":{"rendered":"https:\/\/helloproject.es\/vigilancia\/una-proteina-actua-como-barrera-natural-frente-a-la-progresion-del-cancer-de-pulmon\/"},"modified":"2025-11-17T11:28:41","modified_gmt":"2025-11-17T10:28:41","slug":"una-proteina-actua-como-barrera-natural-frente-a-la-progresion-del-cancer-de-pulmon","status":"publish","type":"post","link":"https:\/\/helloproject.es\/vigilancia\/una-proteina-actua-como-barrera-natural-frente-a-la-progresion-del-cancer-de-pulmon\/","title":{"rendered":"Una prote\u00edna act\u00faa como barrera natural frente a la progresi\u00f3n del c\u00e1ncer de pulm\u00f3n"},"content":{"rendered":"<p>Un equipo del Centro de Investigaci\u00f3n del C\u00e1ncer (CSIC-USAL-FICUS) ha identificado el papel de una prote\u00edna en el desarrollo y la resistencia a los tratamientos de los tumores pulmonares que tienen mutaciones en los genes KRAS y TP53. Este tipo de c\u00e1ncer, cuyo D\u00eda Internacional se celebra cada 17 de noviembre, es uno de los m\u00e1s mortales.<\/p>\n<p>La prote\u00edna Capicua frena la transformaci\u00f3n maligna causada por estas alteraciones gen\u00e9ticas y act\u00faa como una barrera natural para la formaci\u00f3n de estos tumores<\/p>\n<p>El estudio,\u00a0<a href=\"https:\/\/www.embopress.org\/doi\/full\/10.1038\/s44321-025-00326-z\" target=\"_blank\">que aparece publicado en la revista\u00a0EMBO Molecular Medicine<\/a>, demuestra que la prote\u00edna Capicua frena la transformaci\u00f3n maligna causada por estas alteraciones gen\u00e9ticas y act\u00faa, por tanto, como una barrera natural para la formaci\u00f3n de estos tumores.<\/p>\n<p>El laboratorio de\u00a0Matthias Drosten, especializado en mejorar la comprensi\u00f3n de la biolog\u00eda del c\u00e1ncer de pulm\u00f3n y el dise\u00f1o de tratamientos dirigidos a este tipo de c\u00e1ncer, ha comprobado que los tumores pulmonares pueden superar esa barrera natural a trav\u00e9s de ganancias en el n\u00famero de copias del gen KRAS. En este contexto, el equipo ha confirmado que la p\u00e9rdida de Capicua contribuye directamente a la resistencia a los tratamientos.<\/p>\n<p>La investigaci\u00f3n tambi\u00e9n abre nuevas v\u00edas terap\u00e9uticas: la restauraci\u00f3n de la actividad represora de Capicua o el ataque a factores que compensan su p\u00e9rdida pueden revertir la proliferaci\u00f3n tumoral y restaurar la sensibilidad a los medicamentos.<\/p>\n<p>\u201cHemos descubierto que Capicua es mucho m\u00e1s que un simple actor secundario en la v\u00eda oncog\u00e9nica de KRAS. Abre nuevas oportunidades para intervenir en fases tempranas de la enfermedad\u201d, subraya\u00a0Drosten. \u201cUna vez perdida su funci\u00f3n de represi\u00f3n, el crecimiento tumoral se dispara y, adem\u00e1s, aparecen resistencias a f\u00e1rmacos que antes eran efectivos\u201d, a\u00f1ade. \u200b<\/p>\n<p>                        <a href=\"https:\/\/www.agenciasinc.es\/Noticias\/Un-estudio-asocia-el-consumo-de-comida-procesada-y-el-cancer-de-pulmon\"><br \/>\n                            <img decoding=\"async\" src=\"https:\/\/cdn.agenciasinc.es\/var\/ezwebin_site\/storage\/images\/noticias\/un-estudio-asocia-el-consumo-de-comida-procesada-y-el-cancer-de-pulmon\/12331561-5-esl-MX\/Un-estudio-asocia-el-consumo-de-comida-procesada-y-el-cancer-de-pulmon.jpg\" alt=\"Un estudio asocia el consumo de comida procesada y el c\u00e1ncer de pulm\u00f3n\" title=\"Un estudio asocia el consumo de comida procesada y el c\u00e1ncer de pulm\u00f3n\" class=\"small_fotoderecha_img\" loading=\"lazy\" \/><br \/>\n                        <\/a><\/p>\n<p>                    <a href=\"https:\/\/www.agenciasinc.es\/Noticias\/Un-estudio-asocia-el-consumo-de-comida-procesada-y-el-cancer-de-pulmon\" class=\"small_fotoderecha_titulo\"><\/a><\/p>\n<h3 class=\"small_fotoderecha_titulo\">Un estudio asocia el consumo de comida procesada y el c\u00e1ncer de pulm\u00f3n<\/h3>\n<p>                    <\/p>\n<p>                                                                                                                                                <a href=\"https:\/\/www.agenciasinc.es\/Autor\/SINC\"><br \/>\n                                        SINC<br \/>\n                                        <\/a>                                                                                                <\/p>\n<p><a><\/a><\/p>\n<h2>Anticipar la resistencia<\/h2>\n<p>KRAS es uno de los oncogenes m\u00e1s estudiados y responsables del 30 % de los c\u00e1nceres humanos que, hasta hace poco, eran considerados \u201cintratables\u201d. Si bien existen terapias dirigidas actualmente aprobadas, la mayor\u00eda de los tumores acaban desarrollando resistencia.<\/p>\n<p>KRAS es uno de los oncogenes m\u00e1s estudiados y responsables del 30 % de los c\u00e1nceres humanos que, hasta hace poco, eran considerados \u201cintratables\u201d<\/p>\n<p>El equipo ha realizado experimentos con modelos animales, empleando ratones gen\u00e9ticamente modificados para replicar las mutaciones observadas en c\u00e1nceres humanos. Estas investigaciones permitieron estudiar de manera controlada el impacto de la p\u00e9rdida funcional de Capicua y de la amplificaci\u00f3n de KRAS en el desarrollo tumoral, as\u00ed como testar nuevas estrategias terap\u00e9uticas. Todos los protocolos con animales fueron aprobados por los comit\u00e9s \u00e9ticos pertinentes y cumplieron con las regulaciones internacionales sobre bienestar animal.<\/p>\n<p>Este descubrimiento tiene implicaciones importantes para la selecci\u00f3n y el tratamiento de los pacientes. La identificaci\u00f3n de mutaciones o alteraciones funcionales en Capicua permite anticipar la aparici\u00f3n de resistencias y dise\u00f1ar tratamientos personalizados basados en el perfil molecular de cada tumor.<\/p>\n<p>En este sentido,\u00a0Irene Ballesteros-Gonz\u00e1lez, primera autora del estudio, subraya: \u201cGracias a los modelos experimentales empleados en esta investigaci\u00f3n se han podido probar combinaciones farmacol\u00f3gicas. Adem\u00e1s, se ha demostrado que la reactivaci\u00f3n de Capicua, as\u00ed como el uso de inhibidores metab\u00f3licos espec\u00edficos, puede volver a sensibilizar los tumores resistentes a los f\u00e1rmacos convencionales\u201d. \u200b<\/p>\n<p>                        <a href=\"https:\/\/www.agenciasinc.es\/Noticias\/La-polucion-del-aire-dana-el-ADN-y-contribuye-al-cancer-de-pulmon\"><br \/>\n                            <img decoding=\"async\" src=\"https:\/\/cdn.agenciasinc.es\/var\/ezwebin_site\/storage\/images\/noticias\/la-polucion-del-aire-dana-el-adn-y-contribuye-al-cancer-de-pulmon\/12323576-9-esl-MX\/La-polucion-del-aire-dana-el-ADN-y-contribuye-al-cancer-de-pulmon.jpg\" alt=\"La poluci\u00f3n del aire da\u00f1a el ADN y contribuye al c\u00e1ncer de pulm\u00f3n\" title=\"La poluci\u00f3n del aire da\u00f1a el ADN y contribuye al c\u00e1ncer de pulm\u00f3n\" class=\"small_fotoderecha_img\" loading=\"lazy\" \/><br \/>\n                        <\/a><\/p>\n<p>                    <a href=\"https:\/\/www.agenciasinc.es\/Noticias\/La-polucion-del-aire-dana-el-ADN-y-contribuye-al-cancer-de-pulmon\" class=\"small_fotoderecha_titulo\"><\/a><\/p>\n<h3 class=\"small_fotoderecha_titulo\">La poluci\u00f3n del aire da\u00f1a el ADN y contribuye al c\u00e1ncer de pulm\u00f3n<\/h3>\n<p>                    <\/p>\n<p>                                                                                                                                                <a href=\"https:\/\/www.agenciasinc.es\/Autor\/SINC\"><br \/>\n                                        SINC<br \/>\n                                        <\/a>                                                                                                <\/p>\n<p><a><\/a><\/p>\n<h2>El tumor m\u00e1s mortal<\/h2>\n<p>Seg\u00fan los \u00faltimos datos del Registro de Tumores Tor\u00e1cicos del del Grupo Espa\u00f1ol de C\u00e1ncer de Pulm\u00f3n (GECP), este tipo de c\u00e1ncer sigue siendo el tumor m\u00e1s mortal, con 23 239 fallecimientos en 2024, un 1,9 % m\u00e1s que el a\u00f1o anterior. Adem\u00e1s, la mortalidad femenina crece un 7 %, y el c\u00e1ncer de pulm\u00f3n ya es la principal causa de muerte oncol\u00f3gica en mujeres.<\/p>\n<p>El tabaquismo sigue presente como causa directa de la enfermedad<\/p>\n<p>Los especialistas del GECP tambi\u00e9n alertan de nuevos perfiles: los diagn\u00f3sticos femeninos ya representan el 27,8 % y uno de cada veinte pacientes tiene menos de 50 a\u00f1os. El tabaquismo sigue presente como causa directa de la enfermedad: el 40,9 % es fumador y el 46 % exfumador.<\/p>\n<p>El c\u00e1ncer de pulm\u00f3n es el tumor m\u00e1s letal en Espa\u00f1a: s\u00f3lo 3 de cada 10 pacientes sobreviven a cinco a\u00f1os. Pese a ello, la supervivencia ha mejorado un 12 % en la \u00faltima d\u00e9cada gracias a la investigaci\u00f3n y las nuevas terapias. Sin embargo, s\u00f3lo el 4 % de la inversi\u00f3n p\u00fablica en c\u00e1ncer se destina al de pulm\u00f3n.<\/p>\n<p>Referencia:<\/p>\n<p>Irene Ballesteros-Gonz\u00e1lez\u00a0et al.\u00a0The repressor Capicua is a barrier to lung tumor development driven by\u00a0Kras\/Trp53\u00a0mutations.\u00a0<a href=\"https:\/\/www.embopress.org\/doi\/full\/10.1038\/s44321-025-00326-z\" target=\"_blank\">EMBO Molecular Medicine<\/a>\u00a0(2025).<\/p>","protected":false},"excerpt":{"rendered":"<p>Un equipo del Centro de Investigaci\u00f3n del C\u00e1ncer (CSIC-USAL-FICUS) ha identificado el papel de una prote\u00edna en el desarrollo y la resistencia a los tratamientos de los tumores pulmonares que tienen mutaciones en los genes KRAS y TP53. Este tipo de c\u00e1ncer, cuyo D\u00eda Internacional se celebra cada 17 de noviembre, es uno de los [&hellip;]<\/p>\n","protected":false},"author":5,"featured_media":0,"comment_status":"","ping_status":"","sticky":false,"template":"","format":"standard","meta":{"site-sidebar-layout":"default","site-content-layout":"","ast-site-content-layout":"default","site-content-style":"default","site-sidebar-style":"default","ast-global-header-display":"","ast-banner-title-visibility":"","ast-main-header-display":"","ast-hfb-above-header-display":"","ast-hfb-below-header-display":"","ast-hfb-mobile-header-display":"","site-post-title":"","ast-breadcrumbs-content":"","ast-featured-img":"","footer-sml-layout":"","ast-disable-related-posts":"","theme-transparent-header-meta":"","adv-header-id-meta":"","stick-header-meta":"","header-above-stick-meta":"","header-main-stick-meta":"","header-below-stick-meta":"","astra-migrate-meta-layouts":"default","ast-page-background-enabled":"default","ast-page-background-meta":{"desktop":{"background-color":"var(--ast-global-color-4)","background-image":"","background-repeat":"repeat","background-position":"center center","background-size":"auto","background-attachment":"scroll","background-type":"","background-media":"","overlay-type":"","overlay-color":"","overlay-opacity":"","overlay-gradient":""},"tablet":{"background-color":"","background-image":"","background-repeat":"repeat","background-position":"center center","background-size":"auto","background-attachment":"scroll","background-type":"","background-media":"","overlay-type":"","overlay-color":"","overlay-opacity":"","overlay-gradient":""},"mobile":{"background-color":"","background-image":"","background-repeat":"repeat","background-position":"center center","background-size":"auto","background-attachment":"scroll","background-type":"","background-media":"","overlay-type":"","overlay-color":"","overlay-opacity":"","overlay-gradient":""}},"ast-content-background-meta":{"desktop":{"background-color":"var(--ast-global-color-5)","background-image":"","background-repeat":"repeat","background-position":"center center","background-size":"auto","background-attachment":"scroll","background-type":"","background-media":"","overlay-type":"","overlay-color":"","overlay-opacity":"","overlay-gradient":""},"tablet":{"background-color":"var(--ast-global-color-5)","background-image":"","background-repeat":"repeat","background-position":"center center","background-size":"auto","background-attachment":"scroll","background-type":"","background-media":"","overlay-type":"","overlay-color":"","overlay-opacity":"","overlay-gradient":""},"mobile":{"background-color":"var(--ast-global-color-5)","background-image":"","background-repeat":"repeat","background-position":"center center","background-size":"auto","background-attachment":"scroll","background-type":"","background-media":"","overlay-type":"","overlay-color":"","overlay-opacity":"","overlay-gradient":""}},"footnotes":""},"categories":[5],"tags":[],"class_list":["post-188258","post","type-post","status-publish","format-standard","hentry","category-noticias"],"yoast_head":"<!-- This site is optimized with the Yoast SEO Premium plugin v20.9 (Yoast SEO v27.4) - https:\/\/yoast.com\/product\/yoast-seo-premium-wordpress\/ -->\n<title>Una prote\u00edna act\u00faa como barrera natural frente a la progresi\u00f3n del c\u00e1ncer de pulm\u00f3n - bip4ex<\/title>\n<meta name=\"robots\" content=\"index, follow, max-snippet:-1, max-image-preview:large, max-video-preview:-1\" \/>\n<link rel=\"canonical\" href=\"https:\/\/helloproject.es\/vigilancia\/una-proteina-actua-como-barrera-natural-frente-a-la-progresion-del-cancer-de-pulmon\/\" \/>\n<meta property=\"og:locale\" content=\"es_ES\" \/>\n<meta property=\"og:type\" content=\"article\" \/>\n<meta property=\"og:title\" content=\"Una prote\u00edna act\u00faa como barrera natural frente a la progresi\u00f3n del c\u00e1ncer de pulm\u00f3n\" \/>\n<meta property=\"og:description\" content=\"Un equipo del Centro de Investigaci\u00f3n del C\u00e1ncer (CSIC-USAL-FICUS) ha identificado el papel de una prote\u00edna en el desarrollo y la resistencia a los tratamientos de los tumores pulmonares que tienen mutaciones en los genes KRAS y TP53. Este tipo de c\u00e1ncer, cuyo D\u00eda Internacional se celebra cada 17 de noviembre, es uno de los [&hellip;]\" \/>\n<meta property=\"og:url\" content=\"https:\/\/helloproject.es\/vigilancia\/una-proteina-actua-como-barrera-natural-frente-a-la-progresion-del-cancer-de-pulmon\/\" \/>\n<meta property=\"og:site_name\" content=\"bip4ex\" \/>\n<meta property=\"article:published_time\" content=\"2025-11-17T10:28:41+00:00\" \/>\n<meta property=\"og:image\" content=\"https:\/\/cdn.agenciasinc.es\/var\/ezwebin_site\/storage\/images\/noticias\/un-estudio-asocia-el-consumo-de-comida-procesada-y-el-cancer-de-pulmon\/12331561-5-esl-MX\/Un-estudio-asocia-el-consumo-de-comida-procesada-y-el-cancer-de-pulmon.jpg\" \/>\n<meta name=\"author\" content=\"Luis Miguel Mej\u00edas Ramos\" \/>\n<meta name=\"twitter:card\" content=\"summary_large_image\" \/>\n<meta name=\"twitter:label1\" content=\"Escrito por\" \/>\n\t<meta name=\"twitter:data1\" content=\"Luis Miguel Mej\u00edas Ramos\" \/>\n\t<meta name=\"twitter:label2\" content=\"Tiempo de lectura\" \/>\n\t<meta name=\"twitter:data2\" content=\"4 minutos\" \/>\n<script type=\"application\/ld+json\" class=\"yoast-schema-graph\">{\"@context\":\"https:\\\/\\\/schema.org\",\"@graph\":[{\"@type\":\"Article\",\"@id\":\"https:\\\/\\\/helloproject.es\\\/vigilancia\\\/una-proteina-actua-como-barrera-natural-frente-a-la-progresion-del-cancer-de-pulmon\\\/#article\",\"isPartOf\":{\"@id\":\"https:\\\/\\\/helloproject.es\\\/vigilancia\\\/una-proteina-actua-como-barrera-natural-frente-a-la-progresion-del-cancer-de-pulmon\\\/\"},\"author\":{\"name\":\"Luis Miguel Mej\u00edas Ramos\",\"@id\":\"https:\\\/\\\/helloproject.es\\\/vigilancia\\\/#\\\/schema\\\/person\\\/3767b0619d59a11570372c821f8619ca\"},\"headline\":\"Una prote\u00edna act\u00faa como barrera natural frente a la progresi\u00f3n del c\u00e1ncer de pulm\u00f3n\",\"datePublished\":\"2025-11-17T10:28:41+00:00\",\"mainEntityOfPage\":{\"@id\":\"https:\\\/\\\/helloproject.es\\\/vigilancia\\\/una-proteina-actua-como-barrera-natural-frente-a-la-progresion-del-cancer-de-pulmon\\\/\"},\"wordCount\":845,\"publisher\":{\"@id\":\"https:\\\/\\\/helloproject.es\\\/vigilancia\\\/#organization\"},\"image\":{\"@id\":\"https:\\\/\\\/helloproject.es\\\/vigilancia\\\/una-proteina-actua-como-barrera-natural-frente-a-la-progresion-del-cancer-de-pulmon\\\/#primaryimage\"},\"thumbnailUrl\":\"https:\\\/\\\/cdn.agenciasinc.es\\\/var\\\/ezwebin_site\\\/storage\\\/images\\\/noticias\\\/un-estudio-asocia-el-consumo-de-comida-procesada-y-el-cancer-de-pulmon\\\/12331561-5-esl-MX\\\/Un-estudio-asocia-el-consumo-de-comida-procesada-y-el-cancer-de-pulmon.jpg\",\"articleSection\":[\"Noticias\"],\"inLanguage\":\"es\"},{\"@type\":\"WebPage\",\"@id\":\"https:\\\/\\\/helloproject.es\\\/vigilancia\\\/una-proteina-actua-como-barrera-natural-frente-a-la-progresion-del-cancer-de-pulmon\\\/\",\"url\":\"https:\\\/\\\/helloproject.es\\\/vigilancia\\\/una-proteina-actua-como-barrera-natural-frente-a-la-progresion-del-cancer-de-pulmon\\\/\",\"name\":\"Una prote\u00edna act\u00faa como barrera natural frente a la progresi\u00f3n del c\u00e1ncer de pulm\u00f3n - bip4ex\",\"isPartOf\":{\"@id\":\"https:\\\/\\\/helloproject.es\\\/vigilancia\\\/#website\"},\"primaryImageOfPage\":{\"@id\":\"https:\\\/\\\/helloproject.es\\\/vigilancia\\\/una-proteina-actua-como-barrera-natural-frente-a-la-progresion-del-cancer-de-pulmon\\\/#primaryimage\"},\"image\":{\"@id\":\"https:\\\/\\\/helloproject.es\\\/vigilancia\\\/una-proteina-actua-como-barrera-natural-frente-a-la-progresion-del-cancer-de-pulmon\\\/#primaryimage\"},\"thumbnailUrl\":\"https:\\\/\\\/cdn.agenciasinc.es\\\/var\\\/ezwebin_site\\\/storage\\\/images\\\/noticias\\\/un-estudio-asocia-el-consumo-de-comida-procesada-y-el-cancer-de-pulmon\\\/12331561-5-esl-MX\\\/Un-estudio-asocia-el-consumo-de-comida-procesada-y-el-cancer-de-pulmon.jpg\",\"datePublished\":\"2025-11-17T10:28:41+00:00\",\"breadcrumb\":{\"@id\":\"https:\\\/\\\/helloproject.es\\\/vigilancia\\\/una-proteina-actua-como-barrera-natural-frente-a-la-progresion-del-cancer-de-pulmon\\\/#breadcrumb\"},\"inLanguage\":\"es\",\"potentialAction\":[{\"@type\":\"ReadAction\",\"target\":[\"https:\\\/\\\/helloproject.es\\\/vigilancia\\\/una-proteina-actua-como-barrera-natural-frente-a-la-progresion-del-cancer-de-pulmon\\\/\"]}]},{\"@type\":\"ImageObject\",\"inLanguage\":\"es\",\"@id\":\"https:\\\/\\\/helloproject.es\\\/vigilancia\\\/una-proteina-actua-como-barrera-natural-frente-a-la-progresion-del-cancer-de-pulmon\\\/#primaryimage\",\"url\":\"https:\\\/\\\/cdn.agenciasinc.es\\\/var\\\/ezwebin_site\\\/storage\\\/images\\\/noticias\\\/un-estudio-asocia-el-consumo-de-comida-procesada-y-el-cancer-de-pulmon\\\/12331561-5-esl-MX\\\/Un-estudio-asocia-el-consumo-de-comida-procesada-y-el-cancer-de-pulmon.jpg\",\"contentUrl\":\"https:\\\/\\\/cdn.agenciasinc.es\\\/var\\\/ezwebin_site\\\/storage\\\/images\\\/noticias\\\/un-estudio-asocia-el-consumo-de-comida-procesada-y-el-cancer-de-pulmon\\\/12331561-5-esl-MX\\\/Un-estudio-asocia-el-consumo-de-comida-procesada-y-el-cancer-de-pulmon.jpg\"},{\"@type\":\"BreadcrumbList\",\"@id\":\"https:\\\/\\\/helloproject.es\\\/vigilancia\\\/una-proteina-actua-como-barrera-natural-frente-a-la-progresion-del-cancer-de-pulmon\\\/#breadcrumb\",\"itemListElement\":[{\"@type\":\"ListItem\",\"position\":1,\"name\":\"Home\",\"item\":\"https:\\\/\\\/helloproject.es\\\/vigilancia\\\/\"},{\"@type\":\"ListItem\",\"position\":2,\"name\":\"Una prote\u00edna act\u00faa como barrera natural frente a la progresi\u00f3n del c\u00e1ncer de pulm\u00f3n\"}]},{\"@type\":\"WebSite\",\"@id\":\"https:\\\/\\\/helloproject.es\\\/vigilancia\\\/#website\",\"url\":\"https:\\\/\\\/helloproject.es\\\/vigilancia\\\/\",\"name\":\"bip4ex\",\"description\":\"Vigilancia Tecnol\u00f3gica\",\"publisher\":{\"@id\":\"https:\\\/\\\/helloproject.es\\\/vigilancia\\\/#organization\"},\"potentialAction\":[{\"@type\":\"SearchAction\",\"target\":{\"@type\":\"EntryPoint\",\"urlTemplate\":\"https:\\\/\\\/helloproject.es\\\/vigilancia\\\/?s={search_term_string}\"},\"query-input\":{\"@type\":\"PropertyValueSpecification\",\"valueRequired\":true,\"valueName\":\"search_term_string\"}}],\"inLanguage\":\"es\"},{\"@type\":\"Organization\",\"@id\":\"https:\\\/\\\/helloproject.es\\\/vigilancia\\\/#organization\",\"name\":\"Helloproject.es\",\"url\":\"https:\\\/\\\/helloproject.es\\\/vigilancia\\\/\",\"logo\":{\"@type\":\"ImageObject\",\"inLanguage\":\"es\",\"@id\":\"https:\\\/\\\/helloproject.es\\\/vigilancia\\\/#\\\/schema\\\/logo\\\/image\\\/\",\"url\":\"https:\\\/\\\/helloproject.es\\\/vigilancia\\\/wp-content\\\/uploads\\\/2023\\\/07\\\/bip4ex.png\",\"contentUrl\":\"https:\\\/\\\/helloproject.es\\\/vigilancia\\\/wp-content\\\/uploads\\\/2023\\\/07\\\/bip4ex.png\",\"width\":322,\"height\":365,\"caption\":\"Helloproject.es\"},\"image\":{\"@id\":\"https:\\\/\\\/helloproject.es\\\/vigilancia\\\/#\\\/schema\\\/logo\\\/image\\\/\"}},{\"@type\":\"Person\",\"@id\":\"https:\\\/\\\/helloproject.es\\\/vigilancia\\\/#\\\/schema\\\/person\\\/3767b0619d59a11570372c821f8619ca\",\"name\":\"Luis Miguel Mej\u00edas Ramos\",\"url\":\"https:\\\/\\\/helloproject.es\\\/vigilancia\\\/author\\\/luismi\\\/\"}]}<\/script>\n<!-- \/ Yoast SEO Premium plugin. -->","yoast_head_json":{"title":"Una prote\u00edna act\u00faa como barrera natural frente a la progresi\u00f3n del c\u00e1ncer de pulm\u00f3n - bip4ex","robots":{"index":"index","follow":"follow","max-snippet":"max-snippet:-1","max-image-preview":"max-image-preview:large","max-video-preview":"max-video-preview:-1"},"canonical":"https:\/\/helloproject.es\/vigilancia\/una-proteina-actua-como-barrera-natural-frente-a-la-progresion-del-cancer-de-pulmon\/","og_locale":"es_ES","og_type":"article","og_title":"Una prote\u00edna act\u00faa como barrera natural frente a la progresi\u00f3n del c\u00e1ncer de pulm\u00f3n","og_description":"Un equipo del Centro de Investigaci\u00f3n del C\u00e1ncer (CSIC-USAL-FICUS) ha identificado el papel de una prote\u00edna en el desarrollo y la resistencia a los tratamientos de los tumores pulmonares que tienen mutaciones en los genes KRAS y TP53. Este tipo de c\u00e1ncer, cuyo D\u00eda Internacional se celebra cada 17 de noviembre, es uno de los [&hellip;]","og_url":"https:\/\/helloproject.es\/vigilancia\/una-proteina-actua-como-barrera-natural-frente-a-la-progresion-del-cancer-de-pulmon\/","og_site_name":"bip4ex","article_published_time":"2025-11-17T10:28:41+00:00","og_image":[{"url":"https:\/\/cdn.agenciasinc.es\/var\/ezwebin_site\/storage\/images\/noticias\/un-estudio-asocia-el-consumo-de-comida-procesada-y-el-cancer-de-pulmon\/12331561-5-esl-MX\/Un-estudio-asocia-el-consumo-de-comida-procesada-y-el-cancer-de-pulmon.jpg","type":"","width":"","height":""}],"author":"Luis Miguel Mej\u00edas Ramos","twitter_card":"summary_large_image","twitter_misc":{"Escrito por":"Luis Miguel Mej\u00edas Ramos","Tiempo de lectura":"4 minutos"},"schema":{"@context":"https:\/\/schema.org","@graph":[{"@type":"Article","@id":"https:\/\/helloproject.es\/vigilancia\/una-proteina-actua-como-barrera-natural-frente-a-la-progresion-del-cancer-de-pulmon\/#article","isPartOf":{"@id":"https:\/\/helloproject.es\/vigilancia\/una-proteina-actua-como-barrera-natural-frente-a-la-progresion-del-cancer-de-pulmon\/"},"author":{"name":"Luis Miguel Mej\u00edas Ramos","@id":"https:\/\/helloproject.es\/vigilancia\/#\/schema\/person\/3767b0619d59a11570372c821f8619ca"},"headline":"Una prote\u00edna act\u00faa como barrera natural frente a la progresi\u00f3n del c\u00e1ncer de pulm\u00f3n","datePublished":"2025-11-17T10:28:41+00:00","mainEntityOfPage":{"@id":"https:\/\/helloproject.es\/vigilancia\/una-proteina-actua-como-barrera-natural-frente-a-la-progresion-del-cancer-de-pulmon\/"},"wordCount":845,"publisher":{"@id":"https:\/\/helloproject.es\/vigilancia\/#organization"},"image":{"@id":"https:\/\/helloproject.es\/vigilancia\/una-proteina-actua-como-barrera-natural-frente-a-la-progresion-del-cancer-de-pulmon\/#primaryimage"},"thumbnailUrl":"https:\/\/cdn.agenciasinc.es\/var\/ezwebin_site\/storage\/images\/noticias\/un-estudio-asocia-el-consumo-de-comida-procesada-y-el-cancer-de-pulmon\/12331561-5-esl-MX\/Un-estudio-asocia-el-consumo-de-comida-procesada-y-el-cancer-de-pulmon.jpg","articleSection":["Noticias"],"inLanguage":"es"},{"@type":"WebPage","@id":"https:\/\/helloproject.es\/vigilancia\/una-proteina-actua-como-barrera-natural-frente-a-la-progresion-del-cancer-de-pulmon\/","url":"https:\/\/helloproject.es\/vigilancia\/una-proteina-actua-como-barrera-natural-frente-a-la-progresion-del-cancer-de-pulmon\/","name":"Una prote\u00edna act\u00faa como barrera natural frente a la progresi\u00f3n del c\u00e1ncer de pulm\u00f3n - bip4ex","isPartOf":{"@id":"https:\/\/helloproject.es\/vigilancia\/#website"},"primaryImageOfPage":{"@id":"https:\/\/helloproject.es\/vigilancia\/una-proteina-actua-como-barrera-natural-frente-a-la-progresion-del-cancer-de-pulmon\/#primaryimage"},"image":{"@id":"https:\/\/helloproject.es\/vigilancia\/una-proteina-actua-como-barrera-natural-frente-a-la-progresion-del-cancer-de-pulmon\/#primaryimage"},"thumbnailUrl":"https:\/\/cdn.agenciasinc.es\/var\/ezwebin_site\/storage\/images\/noticias\/un-estudio-asocia-el-consumo-de-comida-procesada-y-el-cancer-de-pulmon\/12331561-5-esl-MX\/Un-estudio-asocia-el-consumo-de-comida-procesada-y-el-cancer-de-pulmon.jpg","datePublished":"2025-11-17T10:28:41+00:00","breadcrumb":{"@id":"https:\/\/helloproject.es\/vigilancia\/una-proteina-actua-como-barrera-natural-frente-a-la-progresion-del-cancer-de-pulmon\/#breadcrumb"},"inLanguage":"es","potentialAction":[{"@type":"ReadAction","target":["https:\/\/helloproject.es\/vigilancia\/una-proteina-actua-como-barrera-natural-frente-a-la-progresion-del-cancer-de-pulmon\/"]}]},{"@type":"ImageObject","inLanguage":"es","@id":"https:\/\/helloproject.es\/vigilancia\/una-proteina-actua-como-barrera-natural-frente-a-la-progresion-del-cancer-de-pulmon\/#primaryimage","url":"https:\/\/cdn.agenciasinc.es\/var\/ezwebin_site\/storage\/images\/noticias\/un-estudio-asocia-el-consumo-de-comida-procesada-y-el-cancer-de-pulmon\/12331561-5-esl-MX\/Un-estudio-asocia-el-consumo-de-comida-procesada-y-el-cancer-de-pulmon.jpg","contentUrl":"https:\/\/cdn.agenciasinc.es\/var\/ezwebin_site\/storage\/images\/noticias\/un-estudio-asocia-el-consumo-de-comida-procesada-y-el-cancer-de-pulmon\/12331561-5-esl-MX\/Un-estudio-asocia-el-consumo-de-comida-procesada-y-el-cancer-de-pulmon.jpg"},{"@type":"BreadcrumbList","@id":"https:\/\/helloproject.es\/vigilancia\/una-proteina-actua-como-barrera-natural-frente-a-la-progresion-del-cancer-de-pulmon\/#breadcrumb","itemListElement":[{"@type":"ListItem","position":1,"name":"Home","item":"https:\/\/helloproject.es\/vigilancia\/"},{"@type":"ListItem","position":2,"name":"Una prote\u00edna act\u00faa como barrera natural frente a la progresi\u00f3n del c\u00e1ncer de pulm\u00f3n"}]},{"@type":"WebSite","@id":"https:\/\/helloproject.es\/vigilancia\/#website","url":"https:\/\/helloproject.es\/vigilancia\/","name":"bip4ex","description":"Vigilancia Tecnol\u00f3gica","publisher":{"@id":"https:\/\/helloproject.es\/vigilancia\/#organization"},"potentialAction":[{"@type":"SearchAction","target":{"@type":"EntryPoint","urlTemplate":"https:\/\/helloproject.es\/vigilancia\/?s={search_term_string}"},"query-input":{"@type":"PropertyValueSpecification","valueRequired":true,"valueName":"search_term_string"}}],"inLanguage":"es"},{"@type":"Organization","@id":"https:\/\/helloproject.es\/vigilancia\/#organization","name":"Helloproject.es","url":"https:\/\/helloproject.es\/vigilancia\/","logo":{"@type":"ImageObject","inLanguage":"es","@id":"https:\/\/helloproject.es\/vigilancia\/#\/schema\/logo\/image\/","url":"https:\/\/helloproject.es\/vigilancia\/wp-content\/uploads\/2023\/07\/bip4ex.png","contentUrl":"https:\/\/helloproject.es\/vigilancia\/wp-content\/uploads\/2023\/07\/bip4ex.png","width":322,"height":365,"caption":"Helloproject.es"},"image":{"@id":"https:\/\/helloproject.es\/vigilancia\/#\/schema\/logo\/image\/"}},{"@type":"Person","@id":"https:\/\/helloproject.es\/vigilancia\/#\/schema\/person\/3767b0619d59a11570372c821f8619ca","name":"Luis Miguel Mej\u00edas Ramos","url":"https:\/\/helloproject.es\/vigilancia\/author\/luismi\/"}]}},"_links":{"self":[{"href":"https:\/\/helloproject.es\/vigilancia\/wp-json\/wp\/v2\/posts\/188258","targetHints":{"allow":["GET"]}}],"collection":[{"href":"https:\/\/helloproject.es\/vigilancia\/wp-json\/wp\/v2\/posts"}],"about":[{"href":"https:\/\/helloproject.es\/vigilancia\/wp-json\/wp\/v2\/types\/post"}],"author":[{"embeddable":true,"href":"https:\/\/helloproject.es\/vigilancia\/wp-json\/wp\/v2\/users\/5"}],"replies":[{"embeddable":true,"href":"https:\/\/helloproject.es\/vigilancia\/wp-json\/wp\/v2\/comments?post=188258"}],"version-history":[{"count":0,"href":"https:\/\/helloproject.es\/vigilancia\/wp-json\/wp\/v2\/posts\/188258\/revisions"}],"wp:attachment":[{"href":"https:\/\/helloproject.es\/vigilancia\/wp-json\/wp\/v2\/media?parent=188258"}],"wp:term":[{"taxonomy":"category","embeddable":true,"href":"https:\/\/helloproject.es\/vigilancia\/wp-json\/wp\/v2\/categories?post=188258"},{"taxonomy":"post_tag","embeddable":true,"href":"https:\/\/helloproject.es\/vigilancia\/wp-json\/wp\/v2\/tags?post=188258"}],"curies":[{"name":"wp","href":"https:\/\/api.w.org\/{rel}","templated":true}]}}