{"id":188369,"date":"2025-11-18T12:28:06","date_gmt":"2025-11-18T11:28:06","guid":{"rendered":"https:\/\/helloproject.es\/vigilancia\/la-nariz-del-neandertal-de-altamura-no-tenia-adaptaciones-internas-al-frio\/"},"modified":"2025-11-18T12:28:06","modified_gmt":"2025-11-18T11:28:06","slug":"la-nariz-del-neandertal-de-altamura-no-tenia-adaptaciones-internas-al-frio","status":"publish","type":"post","link":"https:\/\/helloproject.es\/vigilancia\/la-nariz-del-neandertal-de-altamura-no-tenia-adaptaciones-internas-al-frio\/","title":{"rendered":"La nariz del neandertal de Altamura no ten\u00eda adaptaciones internas al fr\u00edo"},"content":{"rendered":"<p>El neandertal de Altamura (Italia) es uno de los esqueletos f\u00f3siles m\u00e1s excepcionales. Su cr\u00e1neo, aunque cubierto por calcita, est\u00e1 muy bien conservado y se ha convertido en un s\u00edmbolo de la paleoantropolog\u00eda. Ahora, un estudio arroja luz sobre la morfolog\u00eda facial de esta especie y su relaci\u00f3n con la adaptaci\u00f3n al fr\u00edo.<\/p>\n<p>El an\u00e1lisis gen\u00e9tico confirm\u00f3 que se trataba de un neandertal de entre 130 000 y 172 000 a\u00f1os, uno de los m\u00e1s antiguos conocidos<\/p>\n<p>Durante d\u00e9cadas, la dificultad para acceder a la zona de la cueva donde permanece impidi\u00f3 estudiar los restos, que inicialmente se atribuyeron a Homo heidelbergensis. En 2015, un equipo de la Universidad Sapienza de Roma (Italia) introdujo un brazo robotizado y extrajo una muestra de la esc\u00e1pula derecha del esqueleto.<\/p>\n<p>El an\u00e1lisis gen\u00e9tico confirm\u00f3 que se trataba de un neandertal de entre 130 000 y 172 000 a\u00f1os, uno de los m\u00e1s antiguos conocidos.<\/p>\n<p>La nueva investigaci\u00f3n, publicada este lunes en la revista\u00a0PNAS\u00a0y liderada por\u00a0Constantino Buzi, investigador de la Universidad de Perugia y asociado al Institut Catal\u00e0 de Paleoecologia Humana i Evoluci\u00f3 Social (IPHES-CERCA), ha analizado la morfolog\u00eda nasal del neandertal y no ha encontrado ning\u00fan rasgo interno exclusivo, lo que cierra un debate cient\u00edfico de d\u00e9cadas.<\/p>\n<p><a><\/a><\/p>\n<h2>Adaptaciones respiratorias<\/h2>\n<p>Los neandertales, la especie humana extinta que\u00a0habit\u00f3 Europa, Oriente Pr\u00f3ximo y Asia central en el Pleistoceno y coexisti\u00f3 con el Homo sapiens, son esenciales para comprender la evoluci\u00f3n humana.<\/p>\n<p>Su anatom\u00eda, m\u00e1s robusta que la de los humanos modernos, inclu\u00eda un gran t\u00f3rax, pelvis ancha y extremidades cortas, rasgos que probablemente facilitaron la adaptaci\u00f3n al clima fr\u00edo.<\/p>\n<p>Su anatom\u00eda inclu\u00eda un gran t\u00f3rax, pelvis ancha y extremidades cortas, rasgos que podr\u00edan facilitar la adaptaci\u00f3n al fr\u00edo. Sin embargo, la cara y la nariz no encajan con ese patr\u00f3n<\/p>\n<p>Sin embargo, aunque el cuerpo refleja esa adaptaci\u00f3n, la cara y la nariz no encajan con ese patr\u00f3n: ten\u00edan una apertura nasal muy amplia y un rostro proyectado hacia delante \u2014prognatismo mediofacial\u2014, caracter\u00edsticas aparentemente contradictorias con las adaptaciones habituales al fr\u00edo.<\/p>\n<p>Para explicar esta paradoja, algunos cient\u00edficos propusieron que los neandertales desarrollaron rasgos internos exclusivos en la cavidad nasal para compensar la falta de adaptaci\u00f3n externa, hip\u00f3tesis que aliment\u00f3 durante d\u00e9cadas un largo debate.<\/p>\n<p>                    <img decoding=\"async\" src=\"https:\/\/cdn.agenciasinc.es\/var\/ezwebin_site\/storage\/images\/_aliases\/img_1col\/media\/images\/5f50b579d2bfe716a78ab6cc070607b4528d00dbw\/12356411-1-esl-MX\/5f50b579d2bfe716a78ab6cc070607b4528d00dbw.jpg\" alt=\"\" \/><\/p>\n<p>El cr\u00e1neo del Hombre de Altamura se extrajo virtualmente mediante diversas t\u00e9cnicas de adquisici\u00f3n digital; el procedimiento fue especialmente complejo debido a su ubicaci\u00f3n entre dos c\u00e1maras k\u00e1rsticas de tama\u00f1o limitado. Foto: Constantino Buzi \/ IPHES-CERCA<\/p>\n<p>    document.addEventListener(\u00abDOMContentLoaded\u00bb, function() {<br \/>\n        var img = document.querySelector(&#8216;.image-container img&#8217;);<br \/>\n        if (img) {<br \/>\n            img.alt = \u00abEl cr\u00e1neo del Hombre de Altamura se extrajo virtualmente mediante diversas t\u00e9cnicas de adquisici\u00f3n digital; el procedimiento fue especialmente complejo debido a su ubicaci\u00f3n entre dos c\u00e1maras k\u00e1rsticas de tama\u00f1o limitado. Foto: Constantino Buzi \/ IPHES-CERCA\u00bb;<br \/>\n        }<br \/>\n    });<\/p>\n<p>El nuevo estudio, que emple\u00f3 tecnolog\u00eda endosc\u00f3pica de alta resoluci\u00f3n para analizar con detalle las estructuras internas de la nariz del neandertal de Altamura, ofrece resultados concluyentes: la especie no presenta ning\u00fan rasgo interno exclusivo ni adaptaciones espec\u00edficas.<\/p>\n<p>Algunos cient\u00edficos hab\u00edan hecho suposiciones \u201cbasadas en evidencias incompletas\u201d, explica Antonio Profico, investigador de la Universidad de Pisa y coautor del estudio, pero tales rasgos no existen: \u201cIncluso sin esas supuestas adaptaciones, la nariz neandertal era perfectamente eficiente para responder a las altas demandas energ\u00e9ticas de la especie\u201d, concluye.<\/p>\n<p><a><\/a><\/p>\n<h2>Morfolog\u00eda craneal arcaica<\/h2>\n<p>\u201cCuando incorporamos la bioenerg\u00e9tica, la \u2018paradoja\u2019 de la gran apertura nasal desaparece. Es exactamente lo que cabr\u00eda esperar en una especie adaptada al fr\u00edo pero con una morfolog\u00eda craneal arcaica. La morfolog\u00eda nasal que observamos en el neandertal primitivo de Altamura (aunque diferente a la de los humanos modernos) pudo ser la soluci\u00f3n ideal para acondicionar el aire en un cuerpo robusto\u201d, a\u00f1ade\u00a0Carlos Lorenzo, investigador del IPHES-CERCA y de la Universitat Rovira i Virgili.<\/p>\n<p>El estudio incluye un modelo tridimensional completo de la cavidad nasal a partir de im\u00e1genes endosc\u00f3picas<\/p>\n<p>El equipo sostiene que el caracter\u00edstico prognatismo mediofacial de los neandertales probablemente no se desarroll\u00f3 como respuesta directa a necesidades respiratorias, sino por una combinaci\u00f3n de presiones evolutivas y restricciones morfol\u00f3gicas que, en conjunto, dieron forma a un rostro distinto del nuestro pero \u201cplenamente funcional en los entornos fr\u00edos del Pleistoceno europeo\u201d, apuntan los autores.<\/p>\n<p>El estudio incluye un modelo tridimensional completo de la cavidad nasal a partir de im\u00e1genes endosc\u00f3picas, que permitir\u00e1 futuros an\u00e1lisis sobre el rendimiento respiratorio de los neandertales y sus adaptaciones fisiol\u00f3gicas.<\/p>\n<p><a><\/a><\/p>\n<h2>Una conservaci\u00f3n extraordinaria<\/h2>\n<p>Datado entre 130.000 y 172.000 a\u00f1os, el f\u00f3sil permanece incrustado en un complejo sistema k\u00e1rstico, lo que ha favorecido su excepcional conservaci\u00f3n y ha permitido observar por primera vez el interior de la nariz neandertal.<\/p>\n<p>\u201cLas condiciones \u00fanicas en las que se conserva el neandertal de Altamura podr\u00edan convertirlo en el esqueleto humano m\u00e1s completo jam\u00e1s encontrado. A pesar de seguir \u2018atrapado\u2019 en un sistema k\u00e1rstico muy complejo, contin\u00faa proporcion\u00e1ndonos informaci\u00f3n sin precedentes, especialmente gracias a las tecnolog\u00edas innovadoras empleadas para estudiarlo\u201d, explica Giorgio Manzi, de la Universidad Sapienza de Roma y coautor del art\u00edculo.<\/p>\n<p>En una peque\u00f1a sala, rodeados de estalactitas y estalagmitas, encontraron una gran columna de calcita cubierta de coraloides, de la que sobresal\u00eda un cr\u00e1neo humano excepcionalmente bien preservado<\/p>\n<p>El f\u00f3sil fue descubierto en 1993 por un grupo de espele\u00f3logos que exploraba el sistema k\u00e1rstico de Lamalunga, cerca de Altamura (sur de Italia), y hall\u00f3 una red de pasadizos a m\u00e1s de 15 metros de profundidad.<\/p>\n<p>En una peque\u00f1a sala, rodeados de estalactitas y estalagmitas, encontraron una gran columna de calcita cubierta de coraloides, de la que sobresal\u00eda un cr\u00e1neo humano excepcionalmente bien preservado.<\/p>\n<p>Las exploraciones posteriores confirmaron que, adem\u00e1s del cr\u00e1neo, hab\u00eda numerosos huesos del mismo individuo, bautizado como \u201cel hombre de Altamura\u201d.<\/p>\n<p>Referencia:<\/p>\n<p>Buzi, C., Profico, A., Lorenzo, C., Manzi, G.\u00a0\u201cThe first preserved nasal cavity in the human fossil record: The Neanderthal from Altamura\u00bb. <a href=\"https:\/\/pubmed.ncbi.nlm.nih.gov\/41248311\/\" target=\"_blank\">PNAS<\/a>, 2025.<\/p>","protected":false},"excerpt":{"rendered":"<p>El neandertal de Altamura (Italia) es uno de los esqueletos f\u00f3siles m\u00e1s excepcionales. Su cr\u00e1neo, aunque cubierto por calcita, est\u00e1 muy bien conservado y se ha convertido en un s\u00edmbolo de la paleoantropolog\u00eda. Ahora, un estudio arroja luz sobre la morfolog\u00eda facial de esta especie y su relaci\u00f3n con la adaptaci\u00f3n al fr\u00edo. El an\u00e1lisis [&hellip;]<\/p>\n","protected":false},"author":5,"featured_media":0,"comment_status":"","ping_status":"","sticky":false,"template":"","format":"standard","meta":{"site-sidebar-layout":"default","site-content-layout":"","ast-site-content-layout":"default","site-content-style":"default","site-sidebar-style":"default","ast-global-header-display":"","ast-banner-title-visibility":"","ast-main-header-display":"","ast-hfb-above-header-display":"","ast-hfb-below-header-display":"","ast-hfb-mobile-header-display":"","site-post-title":"","ast-breadcrumbs-content":"","ast-featured-img":"","footer-sml-layout":"","ast-disable-related-posts":"","theme-transparent-header-meta":"","adv-header-id-meta":"","stick-header-meta":"","header-above-stick-meta":"","header-main-stick-meta":"","header-below-stick-meta":"","astra-migrate-meta-layouts":"default","ast-page-background-enabled":"default","ast-page-background-meta":{"desktop":{"background-color":"var(--ast-global-color-4)","background-image":"","background-repeat":"repeat","background-position":"center center","background-size":"auto","background-attachment":"scroll","background-type":"","background-media":"","overlay-type":"","overlay-color":"","overlay-opacity":"","overlay-gradient":""},"tablet":{"background-color":"","background-image":"","background-repeat":"repeat","background-position":"center center","background-size":"auto","background-attachment":"scroll","background-type":"","background-media":"","overlay-type":"","overlay-color":"","overlay-opacity":"","overlay-gradient":""},"mobile":{"background-color":"","background-image":"","background-repeat":"repeat","background-position":"center center","background-size":"auto","background-attachment":"scroll","background-type":"","background-media":"","overlay-type":"","overlay-color":"","overlay-opacity":"","overlay-gradient":""}},"ast-content-background-meta":{"desktop":{"background-color":"var(--ast-global-color-5)","background-image":"","background-repeat":"repeat","background-position":"center center","background-size":"auto","background-attachment":"scroll","background-type":"","background-media":"","overlay-type":"","overlay-color":"","overlay-opacity":"","overlay-gradient":""},"tablet":{"background-color":"var(--ast-global-color-5)","background-image":"","background-repeat":"repeat","background-position":"center center","background-size":"auto","background-attachment":"scroll","background-type":"","background-media":"","overlay-type":"","overlay-color":"","overlay-opacity":"","overlay-gradient":""},"mobile":{"background-color":"var(--ast-global-color-5)","background-image":"","background-repeat":"repeat","background-position":"center center","background-size":"auto","background-attachment":"scroll","background-type":"","background-media":"","overlay-type":"","overlay-color":"","overlay-opacity":"","overlay-gradient":""}},"footnotes":""},"categories":[5],"tags":[],"class_list":["post-188369","post","type-post","status-publish","format-standard","hentry","category-noticias"],"yoast_head":"<!-- This site is optimized with the Yoast SEO Premium plugin v20.9 (Yoast SEO v27.4) - https:\/\/yoast.com\/product\/yoast-seo-premium-wordpress\/ -->\n<title>La nariz del neandertal de Altamura no ten\u00eda adaptaciones internas al fr\u00edo - bip4ex<\/title>\n<meta name=\"robots\" content=\"index, follow, max-snippet:-1, max-image-preview:large, max-video-preview:-1\" \/>\n<link rel=\"canonical\" href=\"https:\/\/helloproject.es\/vigilancia\/la-nariz-del-neandertal-de-altamura-no-tenia-adaptaciones-internas-al-frio\/\" \/>\n<meta property=\"og:locale\" content=\"es_ES\" \/>\n<meta property=\"og:type\" content=\"article\" \/>\n<meta property=\"og:title\" content=\"La nariz del neandertal de Altamura no ten\u00eda adaptaciones internas al fr\u00edo\" \/>\n<meta property=\"og:description\" content=\"El neandertal de Altamura (Italia) es uno de los esqueletos f\u00f3siles m\u00e1s excepcionales. Su cr\u00e1neo, aunque cubierto por calcita, est\u00e1 muy bien conservado y se ha convertido en un s\u00edmbolo de la paleoantropolog\u00eda. Ahora, un estudio arroja luz sobre la morfolog\u00eda facial de esta especie y su relaci\u00f3n con la adaptaci\u00f3n al fr\u00edo. El an\u00e1lisis [&hellip;]\" \/>\n<meta property=\"og:url\" content=\"https:\/\/helloproject.es\/vigilancia\/la-nariz-del-neandertal-de-altamura-no-tenia-adaptaciones-internas-al-frio\/\" \/>\n<meta property=\"og:site_name\" content=\"bip4ex\" \/>\n<meta property=\"article:published_time\" content=\"2025-11-18T11:28:06+00:00\" \/>\n<meta property=\"og:image\" content=\"https:\/\/cdn.agenciasinc.es\/var\/ezwebin_site\/storage\/images\/_aliases\/img_1col\/media\/images\/5f50b579d2bfe716a78ab6cc070607b4528d00dbw\/12356411-1-esl-MX\/5f50b579d2bfe716a78ab6cc070607b4528d00dbw.jpg\" \/>\n<meta name=\"author\" content=\"Luis Miguel Mej\u00edas Ramos\" \/>\n<meta name=\"twitter:card\" content=\"summary_large_image\" \/>\n<meta name=\"twitter:label1\" content=\"Escrito por\" \/>\n\t<meta name=\"twitter:data1\" content=\"Luis Miguel Mej\u00edas Ramos\" \/>\n\t<meta name=\"twitter:label2\" content=\"Tiempo de lectura\" \/>\n\t<meta name=\"twitter:data2\" content=\"5 minutos\" \/>\n<script type=\"application\/ld+json\" class=\"yoast-schema-graph\">{\"@context\":\"https:\\\/\\\/schema.org\",\"@graph\":[{\"@type\":\"Article\",\"@id\":\"https:\\\/\\\/helloproject.es\\\/vigilancia\\\/la-nariz-del-neandertal-de-altamura-no-tenia-adaptaciones-internas-al-frio\\\/#article\",\"isPartOf\":{\"@id\":\"https:\\\/\\\/helloproject.es\\\/vigilancia\\\/la-nariz-del-neandertal-de-altamura-no-tenia-adaptaciones-internas-al-frio\\\/\"},\"author\":{\"name\":\"Luis Miguel Mej\u00edas Ramos\",\"@id\":\"https:\\\/\\\/helloproject.es\\\/vigilancia\\\/#\\\/schema\\\/person\\\/3767b0619d59a11570372c821f8619ca\"},\"headline\":\"La nariz del neandertal de Altamura no ten\u00eda adaptaciones internas al fr\u00edo\",\"datePublished\":\"2025-11-18T11:28:06+00:00\",\"mainEntityOfPage\":{\"@id\":\"https:\\\/\\\/helloproject.es\\\/vigilancia\\\/la-nariz-del-neandertal-de-altamura-no-tenia-adaptaciones-internas-al-frio\\\/\"},\"wordCount\":1074,\"publisher\":{\"@id\":\"https:\\\/\\\/helloproject.es\\\/vigilancia\\\/#organization\"},\"image\":{\"@id\":\"https:\\\/\\\/helloproject.es\\\/vigilancia\\\/la-nariz-del-neandertal-de-altamura-no-tenia-adaptaciones-internas-al-frio\\\/#primaryimage\"},\"thumbnailUrl\":\"https:\\\/\\\/cdn.agenciasinc.es\\\/var\\\/ezwebin_site\\\/storage\\\/images\\\/_aliases\\\/img_1col\\\/media\\\/images\\\/5f50b579d2bfe716a78ab6cc070607b4528d00dbw\\\/12356411-1-esl-MX\\\/5f50b579d2bfe716a78ab6cc070607b4528d00dbw.jpg\",\"articleSection\":[\"Noticias\"],\"inLanguage\":\"es\"},{\"@type\":\"WebPage\",\"@id\":\"https:\\\/\\\/helloproject.es\\\/vigilancia\\\/la-nariz-del-neandertal-de-altamura-no-tenia-adaptaciones-internas-al-frio\\\/\",\"url\":\"https:\\\/\\\/helloproject.es\\\/vigilancia\\\/la-nariz-del-neandertal-de-altamura-no-tenia-adaptaciones-internas-al-frio\\\/\",\"name\":\"La nariz del neandertal de Altamura no ten\u00eda adaptaciones internas al fr\u00edo - bip4ex\",\"isPartOf\":{\"@id\":\"https:\\\/\\\/helloproject.es\\\/vigilancia\\\/#website\"},\"primaryImageOfPage\":{\"@id\":\"https:\\\/\\\/helloproject.es\\\/vigilancia\\\/la-nariz-del-neandertal-de-altamura-no-tenia-adaptaciones-internas-al-frio\\\/#primaryimage\"},\"image\":{\"@id\":\"https:\\\/\\\/helloproject.es\\\/vigilancia\\\/la-nariz-del-neandertal-de-altamura-no-tenia-adaptaciones-internas-al-frio\\\/#primaryimage\"},\"thumbnailUrl\":\"https:\\\/\\\/cdn.agenciasinc.es\\\/var\\\/ezwebin_site\\\/storage\\\/images\\\/_aliases\\\/img_1col\\\/media\\\/images\\\/5f50b579d2bfe716a78ab6cc070607b4528d00dbw\\\/12356411-1-esl-MX\\\/5f50b579d2bfe716a78ab6cc070607b4528d00dbw.jpg\",\"datePublished\":\"2025-11-18T11:28:06+00:00\",\"breadcrumb\":{\"@id\":\"https:\\\/\\\/helloproject.es\\\/vigilancia\\\/la-nariz-del-neandertal-de-altamura-no-tenia-adaptaciones-internas-al-frio\\\/#breadcrumb\"},\"inLanguage\":\"es\",\"potentialAction\":[{\"@type\":\"ReadAction\",\"target\":[\"https:\\\/\\\/helloproject.es\\\/vigilancia\\\/la-nariz-del-neandertal-de-altamura-no-tenia-adaptaciones-internas-al-frio\\\/\"]}]},{\"@type\":\"ImageObject\",\"inLanguage\":\"es\",\"@id\":\"https:\\\/\\\/helloproject.es\\\/vigilancia\\\/la-nariz-del-neandertal-de-altamura-no-tenia-adaptaciones-internas-al-frio\\\/#primaryimage\",\"url\":\"https:\\\/\\\/cdn.agenciasinc.es\\\/var\\\/ezwebin_site\\\/storage\\\/images\\\/_aliases\\\/img_1col\\\/media\\\/images\\\/5f50b579d2bfe716a78ab6cc070607b4528d00dbw\\\/12356411-1-esl-MX\\\/5f50b579d2bfe716a78ab6cc070607b4528d00dbw.jpg\",\"contentUrl\":\"https:\\\/\\\/cdn.agenciasinc.es\\\/var\\\/ezwebin_site\\\/storage\\\/images\\\/_aliases\\\/img_1col\\\/media\\\/images\\\/5f50b579d2bfe716a78ab6cc070607b4528d00dbw\\\/12356411-1-esl-MX\\\/5f50b579d2bfe716a78ab6cc070607b4528d00dbw.jpg\"},{\"@type\":\"BreadcrumbList\",\"@id\":\"https:\\\/\\\/helloproject.es\\\/vigilancia\\\/la-nariz-del-neandertal-de-altamura-no-tenia-adaptaciones-internas-al-frio\\\/#breadcrumb\",\"itemListElement\":[{\"@type\":\"ListItem\",\"position\":1,\"name\":\"Home\",\"item\":\"https:\\\/\\\/helloproject.es\\\/vigilancia\\\/\"},{\"@type\":\"ListItem\",\"position\":2,\"name\":\"La nariz del neandertal de Altamura no ten\u00eda adaptaciones internas al fr\u00edo\"}]},{\"@type\":\"WebSite\",\"@id\":\"https:\\\/\\\/helloproject.es\\\/vigilancia\\\/#website\",\"url\":\"https:\\\/\\\/helloproject.es\\\/vigilancia\\\/\",\"name\":\"bip4ex\",\"description\":\"Vigilancia Tecnol\u00f3gica\",\"publisher\":{\"@id\":\"https:\\\/\\\/helloproject.es\\\/vigilancia\\\/#organization\"},\"potentialAction\":[{\"@type\":\"SearchAction\",\"target\":{\"@type\":\"EntryPoint\",\"urlTemplate\":\"https:\\\/\\\/helloproject.es\\\/vigilancia\\\/?s={search_term_string}\"},\"query-input\":{\"@type\":\"PropertyValueSpecification\",\"valueRequired\":true,\"valueName\":\"search_term_string\"}}],\"inLanguage\":\"es\"},{\"@type\":\"Organization\",\"@id\":\"https:\\\/\\\/helloproject.es\\\/vigilancia\\\/#organization\",\"name\":\"Helloproject.es\",\"url\":\"https:\\\/\\\/helloproject.es\\\/vigilancia\\\/\",\"logo\":{\"@type\":\"ImageObject\",\"inLanguage\":\"es\",\"@id\":\"https:\\\/\\\/helloproject.es\\\/vigilancia\\\/#\\\/schema\\\/logo\\\/image\\\/\",\"url\":\"https:\\\/\\\/helloproject.es\\\/vigilancia\\\/wp-content\\\/uploads\\\/2023\\\/07\\\/bip4ex.png\",\"contentUrl\":\"https:\\\/\\\/helloproject.es\\\/vigilancia\\\/wp-content\\\/uploads\\\/2023\\\/07\\\/bip4ex.png\",\"width\":322,\"height\":365,\"caption\":\"Helloproject.es\"},\"image\":{\"@id\":\"https:\\\/\\\/helloproject.es\\\/vigilancia\\\/#\\\/schema\\\/logo\\\/image\\\/\"}},{\"@type\":\"Person\",\"@id\":\"https:\\\/\\\/helloproject.es\\\/vigilancia\\\/#\\\/schema\\\/person\\\/3767b0619d59a11570372c821f8619ca\",\"name\":\"Luis Miguel Mej\u00edas Ramos\",\"url\":\"https:\\\/\\\/helloproject.es\\\/vigilancia\\\/author\\\/luismi\\\/\"}]}<\/script>\n<!-- \/ Yoast SEO Premium plugin. -->","yoast_head_json":{"title":"La nariz del neandertal de Altamura no ten\u00eda adaptaciones internas al fr\u00edo - bip4ex","robots":{"index":"index","follow":"follow","max-snippet":"max-snippet:-1","max-image-preview":"max-image-preview:large","max-video-preview":"max-video-preview:-1"},"canonical":"https:\/\/helloproject.es\/vigilancia\/la-nariz-del-neandertal-de-altamura-no-tenia-adaptaciones-internas-al-frio\/","og_locale":"es_ES","og_type":"article","og_title":"La nariz del neandertal de Altamura no ten\u00eda adaptaciones internas al fr\u00edo","og_description":"El neandertal de Altamura (Italia) es uno de los esqueletos f\u00f3siles m\u00e1s excepcionales. Su cr\u00e1neo, aunque cubierto por calcita, est\u00e1 muy bien conservado y se ha convertido en un s\u00edmbolo de la paleoantropolog\u00eda. Ahora, un estudio arroja luz sobre la morfolog\u00eda facial de esta especie y su relaci\u00f3n con la adaptaci\u00f3n al fr\u00edo. El an\u00e1lisis [&hellip;]","og_url":"https:\/\/helloproject.es\/vigilancia\/la-nariz-del-neandertal-de-altamura-no-tenia-adaptaciones-internas-al-frio\/","og_site_name":"bip4ex","article_published_time":"2025-11-18T11:28:06+00:00","og_image":[{"url":"https:\/\/cdn.agenciasinc.es\/var\/ezwebin_site\/storage\/images\/_aliases\/img_1col\/media\/images\/5f50b579d2bfe716a78ab6cc070607b4528d00dbw\/12356411-1-esl-MX\/5f50b579d2bfe716a78ab6cc070607b4528d00dbw.jpg","type":"","width":"","height":""}],"author":"Luis Miguel Mej\u00edas Ramos","twitter_card":"summary_large_image","twitter_misc":{"Escrito por":"Luis Miguel Mej\u00edas Ramos","Tiempo de lectura":"5 minutos"},"schema":{"@context":"https:\/\/schema.org","@graph":[{"@type":"Article","@id":"https:\/\/helloproject.es\/vigilancia\/la-nariz-del-neandertal-de-altamura-no-tenia-adaptaciones-internas-al-frio\/#article","isPartOf":{"@id":"https:\/\/helloproject.es\/vigilancia\/la-nariz-del-neandertal-de-altamura-no-tenia-adaptaciones-internas-al-frio\/"},"author":{"name":"Luis Miguel Mej\u00edas Ramos","@id":"https:\/\/helloproject.es\/vigilancia\/#\/schema\/person\/3767b0619d59a11570372c821f8619ca"},"headline":"La nariz del neandertal de Altamura no ten\u00eda adaptaciones internas al fr\u00edo","datePublished":"2025-11-18T11:28:06+00:00","mainEntityOfPage":{"@id":"https:\/\/helloproject.es\/vigilancia\/la-nariz-del-neandertal-de-altamura-no-tenia-adaptaciones-internas-al-frio\/"},"wordCount":1074,"publisher":{"@id":"https:\/\/helloproject.es\/vigilancia\/#organization"},"image":{"@id":"https:\/\/helloproject.es\/vigilancia\/la-nariz-del-neandertal-de-altamura-no-tenia-adaptaciones-internas-al-frio\/#primaryimage"},"thumbnailUrl":"https:\/\/cdn.agenciasinc.es\/var\/ezwebin_site\/storage\/images\/_aliases\/img_1col\/media\/images\/5f50b579d2bfe716a78ab6cc070607b4528d00dbw\/12356411-1-esl-MX\/5f50b579d2bfe716a78ab6cc070607b4528d00dbw.jpg","articleSection":["Noticias"],"inLanguage":"es"},{"@type":"WebPage","@id":"https:\/\/helloproject.es\/vigilancia\/la-nariz-del-neandertal-de-altamura-no-tenia-adaptaciones-internas-al-frio\/","url":"https:\/\/helloproject.es\/vigilancia\/la-nariz-del-neandertal-de-altamura-no-tenia-adaptaciones-internas-al-frio\/","name":"La nariz del neandertal de Altamura no ten\u00eda adaptaciones internas al fr\u00edo - bip4ex","isPartOf":{"@id":"https:\/\/helloproject.es\/vigilancia\/#website"},"primaryImageOfPage":{"@id":"https:\/\/helloproject.es\/vigilancia\/la-nariz-del-neandertal-de-altamura-no-tenia-adaptaciones-internas-al-frio\/#primaryimage"},"image":{"@id":"https:\/\/helloproject.es\/vigilancia\/la-nariz-del-neandertal-de-altamura-no-tenia-adaptaciones-internas-al-frio\/#primaryimage"},"thumbnailUrl":"https:\/\/cdn.agenciasinc.es\/var\/ezwebin_site\/storage\/images\/_aliases\/img_1col\/media\/images\/5f50b579d2bfe716a78ab6cc070607b4528d00dbw\/12356411-1-esl-MX\/5f50b579d2bfe716a78ab6cc070607b4528d00dbw.jpg","datePublished":"2025-11-18T11:28:06+00:00","breadcrumb":{"@id":"https:\/\/helloproject.es\/vigilancia\/la-nariz-del-neandertal-de-altamura-no-tenia-adaptaciones-internas-al-frio\/#breadcrumb"},"inLanguage":"es","potentialAction":[{"@type":"ReadAction","target":["https:\/\/helloproject.es\/vigilancia\/la-nariz-del-neandertal-de-altamura-no-tenia-adaptaciones-internas-al-frio\/"]}]},{"@type":"ImageObject","inLanguage":"es","@id":"https:\/\/helloproject.es\/vigilancia\/la-nariz-del-neandertal-de-altamura-no-tenia-adaptaciones-internas-al-frio\/#primaryimage","url":"https:\/\/cdn.agenciasinc.es\/var\/ezwebin_site\/storage\/images\/_aliases\/img_1col\/media\/images\/5f50b579d2bfe716a78ab6cc070607b4528d00dbw\/12356411-1-esl-MX\/5f50b579d2bfe716a78ab6cc070607b4528d00dbw.jpg","contentUrl":"https:\/\/cdn.agenciasinc.es\/var\/ezwebin_site\/storage\/images\/_aliases\/img_1col\/media\/images\/5f50b579d2bfe716a78ab6cc070607b4528d00dbw\/12356411-1-esl-MX\/5f50b579d2bfe716a78ab6cc070607b4528d00dbw.jpg"},{"@type":"BreadcrumbList","@id":"https:\/\/helloproject.es\/vigilancia\/la-nariz-del-neandertal-de-altamura-no-tenia-adaptaciones-internas-al-frio\/#breadcrumb","itemListElement":[{"@type":"ListItem","position":1,"name":"Home","item":"https:\/\/helloproject.es\/vigilancia\/"},{"@type":"ListItem","position":2,"name":"La nariz del neandertal de Altamura no ten\u00eda adaptaciones internas al fr\u00edo"}]},{"@type":"WebSite","@id":"https:\/\/helloproject.es\/vigilancia\/#website","url":"https:\/\/helloproject.es\/vigilancia\/","name":"bip4ex","description":"Vigilancia Tecnol\u00f3gica","publisher":{"@id":"https:\/\/helloproject.es\/vigilancia\/#organization"},"potentialAction":[{"@type":"SearchAction","target":{"@type":"EntryPoint","urlTemplate":"https:\/\/helloproject.es\/vigilancia\/?s={search_term_string}"},"query-input":{"@type":"PropertyValueSpecification","valueRequired":true,"valueName":"search_term_string"}}],"inLanguage":"es"},{"@type":"Organization","@id":"https:\/\/helloproject.es\/vigilancia\/#organization","name":"Helloproject.es","url":"https:\/\/helloproject.es\/vigilancia\/","logo":{"@type":"ImageObject","inLanguage":"es","@id":"https:\/\/helloproject.es\/vigilancia\/#\/schema\/logo\/image\/","url":"https:\/\/helloproject.es\/vigilancia\/wp-content\/uploads\/2023\/07\/bip4ex.png","contentUrl":"https:\/\/helloproject.es\/vigilancia\/wp-content\/uploads\/2023\/07\/bip4ex.png","width":322,"height":365,"caption":"Helloproject.es"},"image":{"@id":"https:\/\/helloproject.es\/vigilancia\/#\/schema\/logo\/image\/"}},{"@type":"Person","@id":"https:\/\/helloproject.es\/vigilancia\/#\/schema\/person\/3767b0619d59a11570372c821f8619ca","name":"Luis Miguel Mej\u00edas Ramos","url":"https:\/\/helloproject.es\/vigilancia\/author\/luismi\/"}]}},"_links":{"self":[{"href":"https:\/\/helloproject.es\/vigilancia\/wp-json\/wp\/v2\/posts\/188369","targetHints":{"allow":["GET"]}}],"collection":[{"href":"https:\/\/helloproject.es\/vigilancia\/wp-json\/wp\/v2\/posts"}],"about":[{"href":"https:\/\/helloproject.es\/vigilancia\/wp-json\/wp\/v2\/types\/post"}],"author":[{"embeddable":true,"href":"https:\/\/helloproject.es\/vigilancia\/wp-json\/wp\/v2\/users\/5"}],"replies":[{"embeddable":true,"href":"https:\/\/helloproject.es\/vigilancia\/wp-json\/wp\/v2\/comments?post=188369"}],"version-history":[{"count":0,"href":"https:\/\/helloproject.es\/vigilancia\/wp-json\/wp\/v2\/posts\/188369\/revisions"}],"wp:attachment":[{"href":"https:\/\/helloproject.es\/vigilancia\/wp-json\/wp\/v2\/media?parent=188369"}],"wp:term":[{"taxonomy":"category","embeddable":true,"href":"https:\/\/helloproject.es\/vigilancia\/wp-json\/wp\/v2\/categories?post=188369"},{"taxonomy":"post_tag","embeddable":true,"href":"https:\/\/helloproject.es\/vigilancia\/wp-json\/wp\/v2\/tags?post=188369"}],"curies":[{"name":"wp","href":"https:\/\/api.w.org\/{rel}","templated":true}]}}