{"id":188379,"date":"2025-11-18T13:31:32","date_gmt":"2025-11-18T12:31:32","guid":{"rendered":"https:\/\/helloproject.es\/vigilancia\/de-varia-literaria-encuentro-con-jorge-diaz-cortes-integrante-del-conocido-seudonimo-carmen-mola\/"},"modified":"2025-11-18T13:31:32","modified_gmt":"2025-11-18T12:31:32","slug":"de-varia-literaria-encuentro-con-jorge-diaz-cortes-integrante-del-conocido-seudonimo-carmen-mola","status":"publish","type":"post","link":"https:\/\/helloproject.es\/vigilancia\/de-varia-literaria-encuentro-con-jorge-diaz-cortes-integrante-del-conocido-seudonimo-carmen-mola\/","title":{"rendered":"DE VARIA LITERARIA | Encuentro con Jorge D\u00edaz Cort\u00e9s, integrante del conocido seud\u00f3nimo Carmen Mola"},"content":{"rendered":"<p><span>DE VARIA LITERARIA | Encuentro con Jorge D\u00edaz Cort\u00e9s, integrante del conocido seud\u00f3nimo Carmen Mola <\/span><\/p>\n<div>\n<div>Fecha de noticia<\/div>\n<div>Martes, 18 de Noviembre de 2025\n<\/div>\n<\/div>\n<p><span><span>prensa<\/span><\/span><br \/>\n<span>Mar, 18\/11\/2025 &#8211; 12:47<br \/>\n<\/span><\/p>\n<div>El Centro Cultural Provincial acoge este jueves 20 de noviembre el encuentro literario con Jorge D\u00edaz Cort\u00e9s, integrante del conocido seud\u00f3nimo Carmen Mola dentro de la programaci\u00f3n del ciclo cultural \u2018De Varia Literaria\u2019<\/div>\n<div>\n<ul>\n<li>\n<p class=\"text-align-justify\"><span>Un mes de noviembre muy literario, que finalizar\u00e1 el 27 de noviembre con la presentaci\u00f3n del libro \u201cLas Memorias de Santiago Rodr\u00edguez D\u00edez, \u00bfel primer alcalde comunista de Espa\u00f1a? (Baltan\u00e1s 1890- M\u00e9xico 1974)<\/span><\/p>\n<\/li>\n<li>\n<p class=\"text-align-justify\"><span>\u00a0<strong>Entrada gratuita<\/strong> hasta completar aforo<\/span><\/p>\n<\/li>\n<\/ul>\n<\/div>","protected":false},"excerpt":{"rendered":"<p>DE VARIA LITERARIA | Encuentro con Jorge D\u00edaz Cort\u00e9s, integrante del conocido seud\u00f3nimo Carmen Mola Fecha de noticia Martes, 18 de Noviembre de 2025 prensa Mar, 18\/11\/2025 &#8211; 12:47 El Centro Cultural Provincial acoge este jueves 20 de noviembre el encuentro literario con Jorge D\u00edaz Cort\u00e9s, integrante del conocido seud\u00f3nimo Carmen Mola dentro de la [&hellip;]<\/p>\n","protected":false},"author":5,"featured_media":0,"comment_status":"","ping_status":"","sticky":false,"template":"","format":"standard","meta":{"site-sidebar-layout":"default","site-content-layout":"","ast-site-content-layout":"default","site-content-style":"default","site-sidebar-style":"default","ast-global-header-display":"","ast-banner-title-visibility":"","ast-main-header-display":"","ast-hfb-above-header-display":"","ast-hfb-below-header-display":"","ast-hfb-mobile-header-display":"","site-post-title":"","ast-breadcrumbs-content":"","ast-featured-img":"","footer-sml-layout":"","ast-disable-related-posts":"","theme-transparent-header-meta":"","adv-header-id-meta":"","stick-header-meta":"","header-above-stick-meta":"","header-main-stick-meta":"","header-below-stick-meta":"","astra-migrate-meta-layouts":"default","ast-page-background-enabled":"default","ast-page-background-meta":{"desktop":{"background-color":"var(--ast-global-color-4)","background-image":"","background-repeat":"repeat","background-position":"center center","background-size":"auto","background-attachment":"scroll","background-type":"","background-media":"","overlay-type":"","overlay-color":"","overlay-opacity":"","overlay-gradient":""},"tablet":{"background-color":"","background-image":"","background-repeat":"repeat","background-position":"center center","background-size":"auto","background-attachment":"scroll","background-type":"","background-media":"","overlay-type":"","overlay-color":"","overlay-opacity":"","overlay-gradient":""},"mobile":{"background-color":"","background-image":"","background-repeat":"repeat","background-position":"center center","background-size":"auto","background-attachment":"scroll","background-type":"","background-media":"","overlay-type":"","overlay-color":"","overlay-opacity":"","overlay-gradient":""}},"ast-content-background-meta":{"desktop":{"background-color":"var(--ast-global-color-5)","background-image":"","background-repeat":"repeat","background-position":"center center","background-size":"auto","background-attachment":"scroll","background-type":"","background-media":"","overlay-type":"","overlay-color":"","overlay-opacity":"","overlay-gradient":""},"tablet":{"background-color":"var(--ast-global-color-5)","background-image":"","background-repeat":"repeat","background-position":"center center","background-size":"auto","background-attachment":"scroll","background-type":"","background-media":"","overlay-type":"","overlay-color":"","overlay-opacity":"","overlay-gradient":""},"mobile":{"background-color":"var(--ast-global-color-5)","background-image":"","background-repeat":"repeat","background-position":"center center","background-size":"auto","background-attachment":"scroll","background-type":"","background-media":"","overlay-type":"","overlay-color":"","overlay-opacity":"","overlay-gradient":""}},"footnotes":""},"categories":[5],"tags":[],"class_list":["post-188379","post","type-post","status-publish","format-standard","hentry","category-noticias"],"yoast_head":"<!-- This site is optimized with the Yoast SEO Premium plugin v20.9 (Yoast SEO v27.4) - https:\/\/yoast.com\/product\/yoast-seo-premium-wordpress\/ -->\n<title>DE VARIA LITERARIA | Encuentro con Jorge D\u00edaz Cort\u00e9s, integrante del conocido seud\u00f3nimo Carmen Mola - bip4ex<\/title>\n<meta name=\"robots\" content=\"index, follow, max-snippet:-1, max-image-preview:large, max-video-preview:-1\" \/>\n<link rel=\"canonical\" href=\"https:\/\/helloproject.es\/vigilancia\/de-varia-literaria-encuentro-con-jorge-diaz-cortes-integrante-del-conocido-seudonimo-carmen-mola\/\" \/>\n<meta property=\"og:locale\" content=\"es_ES\" \/>\n<meta property=\"og:type\" content=\"article\" \/>\n<meta property=\"og:title\" content=\"DE VARIA LITERARIA | Encuentro con Jorge D\u00edaz Cort\u00e9s, integrante del conocido seud\u00f3nimo Carmen Mola\" \/>\n<meta property=\"og:description\" content=\"DE VARIA LITERARIA | Encuentro con Jorge D\u00edaz Cort\u00e9s, integrante del conocido seud\u00f3nimo Carmen Mola Fecha de noticia Martes, 18 de Noviembre de 2025 prensa Mar, 18\/11\/2025 &#8211; 12:47 El Centro Cultural Provincial acoge este jueves 20 de noviembre el encuentro literario con Jorge D\u00edaz Cort\u00e9s, integrante del conocido seud\u00f3nimo Carmen Mola dentro de la [&hellip;]\" \/>\n<meta property=\"og:url\" content=\"https:\/\/helloproject.es\/vigilancia\/de-varia-literaria-encuentro-con-jorge-diaz-cortes-integrante-del-conocido-seudonimo-carmen-mola\/\" \/>\n<meta property=\"og:site_name\" content=\"bip4ex\" \/>\n<meta property=\"article:published_time\" content=\"2025-11-18T12:31:32+00:00\" \/>\n<meta name=\"author\" content=\"Luis Miguel Mej\u00edas Ramos\" \/>\n<meta name=\"twitter:card\" content=\"summary_large_image\" \/>\n<meta name=\"twitter:label1\" content=\"Escrito por\" \/>\n\t<meta name=\"twitter:data1\" content=\"Luis Miguel Mej\u00edas Ramos\" \/>\n\t<meta name=\"twitter:label2\" content=\"Tiempo de lectura\" \/>\n\t<meta name=\"twitter:data2\" content=\"1 minuto\" \/>\n<script type=\"application\/ld+json\" class=\"yoast-schema-graph\">{\"@context\":\"https:\\\/\\\/schema.org\",\"@graph\":[{\"@type\":\"Article\",\"@id\":\"https:\\\/\\\/helloproject.es\\\/vigilancia\\\/de-varia-literaria-encuentro-con-jorge-diaz-cortes-integrante-del-conocido-seudonimo-carmen-mola\\\/#article\",\"isPartOf\":{\"@id\":\"https:\\\/\\\/helloproject.es\\\/vigilancia\\\/de-varia-literaria-encuentro-con-jorge-diaz-cortes-integrante-del-conocido-seudonimo-carmen-mola\\\/\"},\"author\":{\"name\":\"Luis Miguel Mej\u00edas Ramos\",\"@id\":\"https:\\\/\\\/helloproject.es\\\/vigilancia\\\/#\\\/schema\\\/person\\\/3767b0619d59a11570372c821f8619ca\"},\"headline\":\"DE VARIA LITERARIA | Encuentro con Jorge D\u00edaz Cort\u00e9s, integrante del conocido seud\u00f3nimo Carmen Mola\",\"datePublished\":\"2025-11-18T12:31:32+00:00\",\"mainEntityOfPage\":{\"@id\":\"https:\\\/\\\/helloproject.es\\\/vigilancia\\\/de-varia-literaria-encuentro-con-jorge-diaz-cortes-integrante-del-conocido-seudonimo-carmen-mola\\\/\"},\"wordCount\":122,\"publisher\":{\"@id\":\"https:\\\/\\\/helloproject.es\\\/vigilancia\\\/#organization\"},\"articleSection\":[\"Noticias\"],\"inLanguage\":\"es\"},{\"@type\":\"WebPage\",\"@id\":\"https:\\\/\\\/helloproject.es\\\/vigilancia\\\/de-varia-literaria-encuentro-con-jorge-diaz-cortes-integrante-del-conocido-seudonimo-carmen-mola\\\/\",\"url\":\"https:\\\/\\\/helloproject.es\\\/vigilancia\\\/de-varia-literaria-encuentro-con-jorge-diaz-cortes-integrante-del-conocido-seudonimo-carmen-mola\\\/\",\"name\":\"DE VARIA LITERARIA | Encuentro con Jorge D\u00edaz Cort\u00e9s, integrante del conocido seud\u00f3nimo Carmen Mola - bip4ex\",\"isPartOf\":{\"@id\":\"https:\\\/\\\/helloproject.es\\\/vigilancia\\\/#website\"},\"datePublished\":\"2025-11-18T12:31:32+00:00\",\"breadcrumb\":{\"@id\":\"https:\\\/\\\/helloproject.es\\\/vigilancia\\\/de-varia-literaria-encuentro-con-jorge-diaz-cortes-integrante-del-conocido-seudonimo-carmen-mola\\\/#breadcrumb\"},\"inLanguage\":\"es\",\"potentialAction\":[{\"@type\":\"ReadAction\",\"target\":[\"https:\\\/\\\/helloproject.es\\\/vigilancia\\\/de-varia-literaria-encuentro-con-jorge-diaz-cortes-integrante-del-conocido-seudonimo-carmen-mola\\\/\"]}]},{\"@type\":\"BreadcrumbList\",\"@id\":\"https:\\\/\\\/helloproject.es\\\/vigilancia\\\/de-varia-literaria-encuentro-con-jorge-diaz-cortes-integrante-del-conocido-seudonimo-carmen-mola\\\/#breadcrumb\",\"itemListElement\":[{\"@type\":\"ListItem\",\"position\":1,\"name\":\"Home\",\"item\":\"https:\\\/\\\/helloproject.es\\\/vigilancia\\\/\"},{\"@type\":\"ListItem\",\"position\":2,\"name\":\"DE VARIA LITERARIA | Encuentro con Jorge D\u00edaz Cort\u00e9s, integrante del conocido seud\u00f3nimo Carmen Mola\"}]},{\"@type\":\"WebSite\",\"@id\":\"https:\\\/\\\/helloproject.es\\\/vigilancia\\\/#website\",\"url\":\"https:\\\/\\\/helloproject.es\\\/vigilancia\\\/\",\"name\":\"bip4ex\",\"description\":\"Vigilancia Tecnol\u00f3gica\",\"publisher\":{\"@id\":\"https:\\\/\\\/helloproject.es\\\/vigilancia\\\/#organization\"},\"potentialAction\":[{\"@type\":\"SearchAction\",\"target\":{\"@type\":\"EntryPoint\",\"urlTemplate\":\"https:\\\/\\\/helloproject.es\\\/vigilancia\\\/?s={search_term_string}\"},\"query-input\":{\"@type\":\"PropertyValueSpecification\",\"valueRequired\":true,\"valueName\":\"search_term_string\"}}],\"inLanguage\":\"es\"},{\"@type\":\"Organization\",\"@id\":\"https:\\\/\\\/helloproject.es\\\/vigilancia\\\/#organization\",\"name\":\"Helloproject.es\",\"url\":\"https:\\\/\\\/helloproject.es\\\/vigilancia\\\/\",\"logo\":{\"@type\":\"ImageObject\",\"inLanguage\":\"es\",\"@id\":\"https:\\\/\\\/helloproject.es\\\/vigilancia\\\/#\\\/schema\\\/logo\\\/image\\\/\",\"url\":\"https:\\\/\\\/helloproject.es\\\/vigilancia\\\/wp-content\\\/uploads\\\/2023\\\/07\\\/bip4ex.png\",\"contentUrl\":\"https:\\\/\\\/helloproject.es\\\/vigilancia\\\/wp-content\\\/uploads\\\/2023\\\/07\\\/bip4ex.png\",\"width\":322,\"height\":365,\"caption\":\"Helloproject.es\"},\"image\":{\"@id\":\"https:\\\/\\\/helloproject.es\\\/vigilancia\\\/#\\\/schema\\\/logo\\\/image\\\/\"}},{\"@type\":\"Person\",\"@id\":\"https:\\\/\\\/helloproject.es\\\/vigilancia\\\/#\\\/schema\\\/person\\\/3767b0619d59a11570372c821f8619ca\",\"name\":\"Luis Miguel Mej\u00edas Ramos\",\"url\":\"https:\\\/\\\/helloproject.es\\\/vigilancia\\\/author\\\/luismi\\\/\"}]}<\/script>\n<!-- \/ Yoast SEO Premium plugin. -->","yoast_head_json":{"title":"DE VARIA LITERARIA | Encuentro con Jorge D\u00edaz Cort\u00e9s, integrante del conocido seud\u00f3nimo Carmen Mola - bip4ex","robots":{"index":"index","follow":"follow","max-snippet":"max-snippet:-1","max-image-preview":"max-image-preview:large","max-video-preview":"max-video-preview:-1"},"canonical":"https:\/\/helloproject.es\/vigilancia\/de-varia-literaria-encuentro-con-jorge-diaz-cortes-integrante-del-conocido-seudonimo-carmen-mola\/","og_locale":"es_ES","og_type":"article","og_title":"DE VARIA LITERARIA | Encuentro con Jorge D\u00edaz Cort\u00e9s, integrante del conocido seud\u00f3nimo Carmen Mola","og_description":"DE VARIA LITERARIA | Encuentro con Jorge D\u00edaz Cort\u00e9s, integrante del conocido seud\u00f3nimo Carmen Mola Fecha de noticia Martes, 18 de Noviembre de 2025 prensa Mar, 18\/11\/2025 &#8211; 12:47 El Centro Cultural Provincial acoge este jueves 20 de noviembre el encuentro literario con Jorge D\u00edaz Cort\u00e9s, integrante del conocido seud\u00f3nimo Carmen Mola dentro de la [&hellip;]","og_url":"https:\/\/helloproject.es\/vigilancia\/de-varia-literaria-encuentro-con-jorge-diaz-cortes-integrante-del-conocido-seudonimo-carmen-mola\/","og_site_name":"bip4ex","article_published_time":"2025-11-18T12:31:32+00:00","author":"Luis Miguel Mej\u00edas Ramos","twitter_card":"summary_large_image","twitter_misc":{"Escrito por":"Luis Miguel Mej\u00edas Ramos","Tiempo de lectura":"1 minuto"},"schema":{"@context":"https:\/\/schema.org","@graph":[{"@type":"Article","@id":"https:\/\/helloproject.es\/vigilancia\/de-varia-literaria-encuentro-con-jorge-diaz-cortes-integrante-del-conocido-seudonimo-carmen-mola\/#article","isPartOf":{"@id":"https:\/\/helloproject.es\/vigilancia\/de-varia-literaria-encuentro-con-jorge-diaz-cortes-integrante-del-conocido-seudonimo-carmen-mola\/"},"author":{"name":"Luis Miguel Mej\u00edas Ramos","@id":"https:\/\/helloproject.es\/vigilancia\/#\/schema\/person\/3767b0619d59a11570372c821f8619ca"},"headline":"DE VARIA LITERARIA | Encuentro con Jorge D\u00edaz Cort\u00e9s, integrante del conocido seud\u00f3nimo Carmen Mola","datePublished":"2025-11-18T12:31:32+00:00","mainEntityOfPage":{"@id":"https:\/\/helloproject.es\/vigilancia\/de-varia-literaria-encuentro-con-jorge-diaz-cortes-integrante-del-conocido-seudonimo-carmen-mola\/"},"wordCount":122,"publisher":{"@id":"https:\/\/helloproject.es\/vigilancia\/#organization"},"articleSection":["Noticias"],"inLanguage":"es"},{"@type":"WebPage","@id":"https:\/\/helloproject.es\/vigilancia\/de-varia-literaria-encuentro-con-jorge-diaz-cortes-integrante-del-conocido-seudonimo-carmen-mola\/","url":"https:\/\/helloproject.es\/vigilancia\/de-varia-literaria-encuentro-con-jorge-diaz-cortes-integrante-del-conocido-seudonimo-carmen-mola\/","name":"DE VARIA LITERARIA | Encuentro con Jorge D\u00edaz Cort\u00e9s, integrante del conocido seud\u00f3nimo Carmen Mola - bip4ex","isPartOf":{"@id":"https:\/\/helloproject.es\/vigilancia\/#website"},"datePublished":"2025-11-18T12:31:32+00:00","breadcrumb":{"@id":"https:\/\/helloproject.es\/vigilancia\/de-varia-literaria-encuentro-con-jorge-diaz-cortes-integrante-del-conocido-seudonimo-carmen-mola\/#breadcrumb"},"inLanguage":"es","potentialAction":[{"@type":"ReadAction","target":["https:\/\/helloproject.es\/vigilancia\/de-varia-literaria-encuentro-con-jorge-diaz-cortes-integrante-del-conocido-seudonimo-carmen-mola\/"]}]},{"@type":"BreadcrumbList","@id":"https:\/\/helloproject.es\/vigilancia\/de-varia-literaria-encuentro-con-jorge-diaz-cortes-integrante-del-conocido-seudonimo-carmen-mola\/#breadcrumb","itemListElement":[{"@type":"ListItem","position":1,"name":"Home","item":"https:\/\/helloproject.es\/vigilancia\/"},{"@type":"ListItem","position":2,"name":"DE VARIA LITERARIA | Encuentro con Jorge D\u00edaz Cort\u00e9s, integrante del conocido seud\u00f3nimo Carmen Mola"}]},{"@type":"WebSite","@id":"https:\/\/helloproject.es\/vigilancia\/#website","url":"https:\/\/helloproject.es\/vigilancia\/","name":"bip4ex","description":"Vigilancia Tecnol\u00f3gica","publisher":{"@id":"https:\/\/helloproject.es\/vigilancia\/#organization"},"potentialAction":[{"@type":"SearchAction","target":{"@type":"EntryPoint","urlTemplate":"https:\/\/helloproject.es\/vigilancia\/?s={search_term_string}"},"query-input":{"@type":"PropertyValueSpecification","valueRequired":true,"valueName":"search_term_string"}}],"inLanguage":"es"},{"@type":"Organization","@id":"https:\/\/helloproject.es\/vigilancia\/#organization","name":"Helloproject.es","url":"https:\/\/helloproject.es\/vigilancia\/","logo":{"@type":"ImageObject","inLanguage":"es","@id":"https:\/\/helloproject.es\/vigilancia\/#\/schema\/logo\/image\/","url":"https:\/\/helloproject.es\/vigilancia\/wp-content\/uploads\/2023\/07\/bip4ex.png","contentUrl":"https:\/\/helloproject.es\/vigilancia\/wp-content\/uploads\/2023\/07\/bip4ex.png","width":322,"height":365,"caption":"Helloproject.es"},"image":{"@id":"https:\/\/helloproject.es\/vigilancia\/#\/schema\/logo\/image\/"}},{"@type":"Person","@id":"https:\/\/helloproject.es\/vigilancia\/#\/schema\/person\/3767b0619d59a11570372c821f8619ca","name":"Luis Miguel Mej\u00edas Ramos","url":"https:\/\/helloproject.es\/vigilancia\/author\/luismi\/"}]}},"_links":{"self":[{"href":"https:\/\/helloproject.es\/vigilancia\/wp-json\/wp\/v2\/posts\/188379","targetHints":{"allow":["GET"]}}],"collection":[{"href":"https:\/\/helloproject.es\/vigilancia\/wp-json\/wp\/v2\/posts"}],"about":[{"href":"https:\/\/helloproject.es\/vigilancia\/wp-json\/wp\/v2\/types\/post"}],"author":[{"embeddable":true,"href":"https:\/\/helloproject.es\/vigilancia\/wp-json\/wp\/v2\/users\/5"}],"replies":[{"embeddable":true,"href":"https:\/\/helloproject.es\/vigilancia\/wp-json\/wp\/v2\/comments?post=188379"}],"version-history":[{"count":0,"href":"https:\/\/helloproject.es\/vigilancia\/wp-json\/wp\/v2\/posts\/188379\/revisions"}],"wp:attachment":[{"href":"https:\/\/helloproject.es\/vigilancia\/wp-json\/wp\/v2\/media?parent=188379"}],"wp:term":[{"taxonomy":"category","embeddable":true,"href":"https:\/\/helloproject.es\/vigilancia\/wp-json\/wp\/v2\/categories?post=188379"},{"taxonomy":"post_tag","embeddable":true,"href":"https:\/\/helloproject.es\/vigilancia\/wp-json\/wp\/v2\/tags?post=188379"}],"curies":[{"name":"wp","href":"https:\/\/api.w.org\/{rel}","templated":true}]}}