{"id":188385,"date":"2025-11-18T14:17:36","date_gmt":"2025-11-18T13:17:36","guid":{"rendered":"https:\/\/helloproject.es\/vigilancia\/el-gobierno-inicia-el-proceso-para-elegir-la-sede-de-la-agencia-de-salud-publica\/"},"modified":"2025-11-18T14:17:36","modified_gmt":"2025-11-18T13:17:36","slug":"el-gobierno-inicia-el-proceso-para-elegir-la-sede-de-la-agencia-de-salud-publica","status":"publish","type":"post","link":"https:\/\/helloproject.es\/vigilancia\/el-gobierno-inicia-el-proceso-para-elegir-la-sede-de-la-agencia-de-salud-publica\/","title":{"rendered":"El Gobierno inicia el proceso para elegir la sede de la Agencia de Salud P\u00fablica"},"content":{"rendered":"<ul>\n<li><strong>El procedimiento se tramitar\u00e1 por v\u00eda de<br \/>\nurgencia para asegurar la operatividad de la AESAP en el menor<br \/>\nplazo posible.<\/strong><\/li>\n<li><strong>La Agencia albergar\u00e1 el nodo central de la Red<br \/>\nEstatal de Vigilancia en Salud P\u00fablica y coordinar\u00e1<br \/>\nla preparaci\u00f3n ante crisis sanitarias.<\/strong><\/li>\n<li><strong>El Ministerio de Pol\u00edtica Territorial<br \/>\npublicar\u00e1 pr\u00f3ximamente en el BOE los criterios de<br \/>\nselecci\u00f3n.<\/strong><\/li>\n<\/ul>","protected":false},"excerpt":{"rendered":"<p>El procedimiento se tramitar\u00e1 por v\u00eda de urgencia para asegurar la operatividad de la AESAP en el menor plazo posible. La Agencia albergar\u00e1 el nodo central de la Red Estatal de Vigilancia en Salud P\u00fablica y coordinar\u00e1 la preparaci\u00f3n ante crisis sanitarias. El Ministerio de Pol\u00edtica Territorial publicar\u00e1 pr\u00f3ximamente en el BOE los criterios de [&hellip;]<\/p>\n","protected":false},"author":5,"featured_media":0,"comment_status":"","ping_status":"","sticky":false,"template":"","format":"standard","meta":{"site-sidebar-layout":"default","site-content-layout":"","ast-site-content-layout":"default","site-content-style":"default","site-sidebar-style":"default","ast-global-header-display":"","ast-banner-title-visibility":"","ast-main-header-display":"","ast-hfb-above-header-display":"","ast-hfb-below-header-display":"","ast-hfb-mobile-header-display":"","site-post-title":"","ast-breadcrumbs-content":"","ast-featured-img":"","footer-sml-layout":"","ast-disable-related-posts":"","theme-transparent-header-meta":"","adv-header-id-meta":"","stick-header-meta":"","header-above-stick-meta":"","header-main-stick-meta":"","header-below-stick-meta":"","astra-migrate-meta-layouts":"default","ast-page-background-enabled":"default","ast-page-background-meta":{"desktop":{"background-color":"var(--ast-global-color-4)","background-image":"","background-repeat":"repeat","background-position":"center center","background-size":"auto","background-attachment":"scroll","background-type":"","background-media":"","overlay-type":"","overlay-color":"","overlay-opacity":"","overlay-gradient":""},"tablet":{"background-color":"","background-image":"","background-repeat":"repeat","background-position":"center center","background-size":"auto","background-attachment":"scroll","background-type":"","background-media":"","overlay-type":"","overlay-color":"","overlay-opacity":"","overlay-gradient":""},"mobile":{"background-color":"","background-image":"","background-repeat":"repeat","background-position":"center center","background-size":"auto","background-attachment":"scroll","background-type":"","background-media":"","overlay-type":"","overlay-color":"","overlay-opacity":"","overlay-gradient":""}},"ast-content-background-meta":{"desktop":{"background-color":"var(--ast-global-color-5)","background-image":"","background-repeat":"repeat","background-position":"center center","background-size":"auto","background-attachment":"scroll","background-type":"","background-media":"","overlay-type":"","overlay-color":"","overlay-opacity":"","overlay-gradient":""},"tablet":{"background-color":"var(--ast-global-color-5)","background-image":"","background-repeat":"repeat","background-position":"center center","background-size":"auto","background-attachment":"scroll","background-type":"","background-media":"","overlay-type":"","overlay-color":"","overlay-opacity":"","overlay-gradient":""},"mobile":{"background-color":"var(--ast-global-color-5)","background-image":"","background-repeat":"repeat","background-position":"center center","background-size":"auto","background-attachment":"scroll","background-type":"","background-media":"","overlay-type":"","overlay-color":"","overlay-opacity":"","overlay-gradient":""}},"footnotes":""},"categories":[5],"tags":[],"class_list":["post-188385","post","type-post","status-publish","format-standard","hentry","category-noticias"],"yoast_head":"<!-- This site is optimized with the Yoast SEO Premium plugin v20.9 (Yoast SEO v27.4) - https:\/\/yoast.com\/product\/yoast-seo-premium-wordpress\/ -->\n<title>El Gobierno inicia el proceso para elegir la sede de la Agencia de Salud P\u00fablica - bip4ex<\/title>\n<meta name=\"robots\" content=\"index, follow, max-snippet:-1, max-image-preview:large, max-video-preview:-1\" \/>\n<link rel=\"canonical\" href=\"https:\/\/helloproject.es\/vigilancia\/el-gobierno-inicia-el-proceso-para-elegir-la-sede-de-la-agencia-de-salud-publica\/\" \/>\n<meta property=\"og:locale\" content=\"es_ES\" \/>\n<meta property=\"og:type\" content=\"article\" \/>\n<meta property=\"og:title\" content=\"El Gobierno inicia el proceso para elegir la sede de la Agencia de Salud P\u00fablica\" \/>\n<meta property=\"og:description\" content=\"El procedimiento se tramitar\u00e1 por v\u00eda de urgencia para asegurar la operatividad de la AESAP en el menor plazo posible. La Agencia albergar\u00e1 el nodo central de la Red Estatal de Vigilancia en Salud P\u00fablica y coordinar\u00e1 la preparaci\u00f3n ante crisis sanitarias. El Ministerio de Pol\u00edtica Territorial publicar\u00e1 pr\u00f3ximamente en el BOE los criterios de [&hellip;]\" \/>\n<meta property=\"og:url\" content=\"https:\/\/helloproject.es\/vigilancia\/el-gobierno-inicia-el-proceso-para-elegir-la-sede-de-la-agencia-de-salud-publica\/\" \/>\n<meta property=\"og:site_name\" content=\"bip4ex\" \/>\n<meta property=\"article:published_time\" content=\"2025-11-18T13:17:36+00:00\" \/>\n<meta name=\"author\" content=\"Luis Miguel Mej\u00edas Ramos\" \/>\n<meta name=\"twitter:card\" content=\"summary_large_image\" \/>\n<meta name=\"twitter:label1\" content=\"Escrito por\" \/>\n\t<meta name=\"twitter:data1\" content=\"Luis Miguel Mej\u00edas Ramos\" \/>\n<script type=\"application\/ld+json\" class=\"yoast-schema-graph\">{\"@context\":\"https:\\\/\\\/schema.org\",\"@graph\":[{\"@type\":\"Article\",\"@id\":\"https:\\\/\\\/helloproject.es\\\/vigilancia\\\/el-gobierno-inicia-el-proceso-para-elegir-la-sede-de-la-agencia-de-salud-publica\\\/#article\",\"isPartOf\":{\"@id\":\"https:\\\/\\\/helloproject.es\\\/vigilancia\\\/el-gobierno-inicia-el-proceso-para-elegir-la-sede-de-la-agencia-de-salud-publica\\\/\"},\"author\":{\"name\":\"Luis Miguel Mej\u00edas Ramos\",\"@id\":\"https:\\\/\\\/helloproject.es\\\/vigilancia\\\/#\\\/schema\\\/person\\\/3767b0619d59a11570372c821f8619ca\"},\"headline\":\"El Gobierno inicia el proceso para elegir la sede de la Agencia de Salud P\u00fablica\",\"datePublished\":\"2025-11-18T13:17:36+00:00\",\"mainEntityOfPage\":{\"@id\":\"https:\\\/\\\/helloproject.es\\\/vigilancia\\\/el-gobierno-inicia-el-proceso-para-elegir-la-sede-de-la-agencia-de-salud-publica\\\/\"},\"wordCount\":78,\"publisher\":{\"@id\":\"https:\\\/\\\/helloproject.es\\\/vigilancia\\\/#organization\"},\"articleSection\":[\"Noticias\"],\"inLanguage\":\"es\"},{\"@type\":\"WebPage\",\"@id\":\"https:\\\/\\\/helloproject.es\\\/vigilancia\\\/el-gobierno-inicia-el-proceso-para-elegir-la-sede-de-la-agencia-de-salud-publica\\\/\",\"url\":\"https:\\\/\\\/helloproject.es\\\/vigilancia\\\/el-gobierno-inicia-el-proceso-para-elegir-la-sede-de-la-agencia-de-salud-publica\\\/\",\"name\":\"El Gobierno inicia el proceso para elegir la sede de la Agencia de Salud P\u00fablica - bip4ex\",\"isPartOf\":{\"@id\":\"https:\\\/\\\/helloproject.es\\\/vigilancia\\\/#website\"},\"datePublished\":\"2025-11-18T13:17:36+00:00\",\"breadcrumb\":{\"@id\":\"https:\\\/\\\/helloproject.es\\\/vigilancia\\\/el-gobierno-inicia-el-proceso-para-elegir-la-sede-de-la-agencia-de-salud-publica\\\/#breadcrumb\"},\"inLanguage\":\"es\",\"potentialAction\":[{\"@type\":\"ReadAction\",\"target\":[\"https:\\\/\\\/helloproject.es\\\/vigilancia\\\/el-gobierno-inicia-el-proceso-para-elegir-la-sede-de-la-agencia-de-salud-publica\\\/\"]}]},{\"@type\":\"BreadcrumbList\",\"@id\":\"https:\\\/\\\/helloproject.es\\\/vigilancia\\\/el-gobierno-inicia-el-proceso-para-elegir-la-sede-de-la-agencia-de-salud-publica\\\/#breadcrumb\",\"itemListElement\":[{\"@type\":\"ListItem\",\"position\":1,\"name\":\"Home\",\"item\":\"https:\\\/\\\/helloproject.es\\\/vigilancia\\\/\"},{\"@type\":\"ListItem\",\"position\":2,\"name\":\"El Gobierno inicia el proceso para elegir la sede de la Agencia de Salud P\u00fablica\"}]},{\"@type\":\"WebSite\",\"@id\":\"https:\\\/\\\/helloproject.es\\\/vigilancia\\\/#website\",\"url\":\"https:\\\/\\\/helloproject.es\\\/vigilancia\\\/\",\"name\":\"bip4ex\",\"description\":\"Vigilancia Tecnol\u00f3gica\",\"publisher\":{\"@id\":\"https:\\\/\\\/helloproject.es\\\/vigilancia\\\/#organization\"},\"potentialAction\":[{\"@type\":\"SearchAction\",\"target\":{\"@type\":\"EntryPoint\",\"urlTemplate\":\"https:\\\/\\\/helloproject.es\\\/vigilancia\\\/?s={search_term_string}\"},\"query-input\":{\"@type\":\"PropertyValueSpecification\",\"valueRequired\":true,\"valueName\":\"search_term_string\"}}],\"inLanguage\":\"es\"},{\"@type\":\"Organization\",\"@id\":\"https:\\\/\\\/helloproject.es\\\/vigilancia\\\/#organization\",\"name\":\"Helloproject.es\",\"url\":\"https:\\\/\\\/helloproject.es\\\/vigilancia\\\/\",\"logo\":{\"@type\":\"ImageObject\",\"inLanguage\":\"es\",\"@id\":\"https:\\\/\\\/helloproject.es\\\/vigilancia\\\/#\\\/schema\\\/logo\\\/image\\\/\",\"url\":\"https:\\\/\\\/helloproject.es\\\/vigilancia\\\/wp-content\\\/uploads\\\/2023\\\/07\\\/bip4ex.png\",\"contentUrl\":\"https:\\\/\\\/helloproject.es\\\/vigilancia\\\/wp-content\\\/uploads\\\/2023\\\/07\\\/bip4ex.png\",\"width\":322,\"height\":365,\"caption\":\"Helloproject.es\"},\"image\":{\"@id\":\"https:\\\/\\\/helloproject.es\\\/vigilancia\\\/#\\\/schema\\\/logo\\\/image\\\/\"}},{\"@type\":\"Person\",\"@id\":\"https:\\\/\\\/helloproject.es\\\/vigilancia\\\/#\\\/schema\\\/person\\\/3767b0619d59a11570372c821f8619ca\",\"name\":\"Luis Miguel Mej\u00edas Ramos\",\"url\":\"https:\\\/\\\/helloproject.es\\\/vigilancia\\\/author\\\/luismi\\\/\"}]}<\/script>\n<!-- \/ Yoast SEO Premium plugin. -->","yoast_head_json":{"title":"El Gobierno inicia el proceso para elegir la sede de la Agencia de Salud P\u00fablica - bip4ex","robots":{"index":"index","follow":"follow","max-snippet":"max-snippet:-1","max-image-preview":"max-image-preview:large","max-video-preview":"max-video-preview:-1"},"canonical":"https:\/\/helloproject.es\/vigilancia\/el-gobierno-inicia-el-proceso-para-elegir-la-sede-de-la-agencia-de-salud-publica\/","og_locale":"es_ES","og_type":"article","og_title":"El Gobierno inicia el proceso para elegir la sede de la Agencia de Salud P\u00fablica","og_description":"El procedimiento se tramitar\u00e1 por v\u00eda de urgencia para asegurar la operatividad de la AESAP en el menor plazo posible. La Agencia albergar\u00e1 el nodo central de la Red Estatal de Vigilancia en Salud P\u00fablica y coordinar\u00e1 la preparaci\u00f3n ante crisis sanitarias. El Ministerio de Pol\u00edtica Territorial publicar\u00e1 pr\u00f3ximamente en el BOE los criterios de [&hellip;]","og_url":"https:\/\/helloproject.es\/vigilancia\/el-gobierno-inicia-el-proceso-para-elegir-la-sede-de-la-agencia-de-salud-publica\/","og_site_name":"bip4ex","article_published_time":"2025-11-18T13:17:36+00:00","author":"Luis Miguel Mej\u00edas Ramos","twitter_card":"summary_large_image","twitter_misc":{"Escrito por":"Luis Miguel Mej\u00edas Ramos"},"schema":{"@context":"https:\/\/schema.org","@graph":[{"@type":"Article","@id":"https:\/\/helloproject.es\/vigilancia\/el-gobierno-inicia-el-proceso-para-elegir-la-sede-de-la-agencia-de-salud-publica\/#article","isPartOf":{"@id":"https:\/\/helloproject.es\/vigilancia\/el-gobierno-inicia-el-proceso-para-elegir-la-sede-de-la-agencia-de-salud-publica\/"},"author":{"name":"Luis Miguel Mej\u00edas Ramos","@id":"https:\/\/helloproject.es\/vigilancia\/#\/schema\/person\/3767b0619d59a11570372c821f8619ca"},"headline":"El Gobierno inicia el proceso para elegir la sede de la Agencia de Salud P\u00fablica","datePublished":"2025-11-18T13:17:36+00:00","mainEntityOfPage":{"@id":"https:\/\/helloproject.es\/vigilancia\/el-gobierno-inicia-el-proceso-para-elegir-la-sede-de-la-agencia-de-salud-publica\/"},"wordCount":78,"publisher":{"@id":"https:\/\/helloproject.es\/vigilancia\/#organization"},"articleSection":["Noticias"],"inLanguage":"es"},{"@type":"WebPage","@id":"https:\/\/helloproject.es\/vigilancia\/el-gobierno-inicia-el-proceso-para-elegir-la-sede-de-la-agencia-de-salud-publica\/","url":"https:\/\/helloproject.es\/vigilancia\/el-gobierno-inicia-el-proceso-para-elegir-la-sede-de-la-agencia-de-salud-publica\/","name":"El Gobierno inicia el proceso para elegir la sede de la Agencia de Salud P\u00fablica - bip4ex","isPartOf":{"@id":"https:\/\/helloproject.es\/vigilancia\/#website"},"datePublished":"2025-11-18T13:17:36+00:00","breadcrumb":{"@id":"https:\/\/helloproject.es\/vigilancia\/el-gobierno-inicia-el-proceso-para-elegir-la-sede-de-la-agencia-de-salud-publica\/#breadcrumb"},"inLanguage":"es","potentialAction":[{"@type":"ReadAction","target":["https:\/\/helloproject.es\/vigilancia\/el-gobierno-inicia-el-proceso-para-elegir-la-sede-de-la-agencia-de-salud-publica\/"]}]},{"@type":"BreadcrumbList","@id":"https:\/\/helloproject.es\/vigilancia\/el-gobierno-inicia-el-proceso-para-elegir-la-sede-de-la-agencia-de-salud-publica\/#breadcrumb","itemListElement":[{"@type":"ListItem","position":1,"name":"Home","item":"https:\/\/helloproject.es\/vigilancia\/"},{"@type":"ListItem","position":2,"name":"El Gobierno inicia el proceso para elegir la sede de la Agencia de Salud P\u00fablica"}]},{"@type":"WebSite","@id":"https:\/\/helloproject.es\/vigilancia\/#website","url":"https:\/\/helloproject.es\/vigilancia\/","name":"bip4ex","description":"Vigilancia Tecnol\u00f3gica","publisher":{"@id":"https:\/\/helloproject.es\/vigilancia\/#organization"},"potentialAction":[{"@type":"SearchAction","target":{"@type":"EntryPoint","urlTemplate":"https:\/\/helloproject.es\/vigilancia\/?s={search_term_string}"},"query-input":{"@type":"PropertyValueSpecification","valueRequired":true,"valueName":"search_term_string"}}],"inLanguage":"es"},{"@type":"Organization","@id":"https:\/\/helloproject.es\/vigilancia\/#organization","name":"Helloproject.es","url":"https:\/\/helloproject.es\/vigilancia\/","logo":{"@type":"ImageObject","inLanguage":"es","@id":"https:\/\/helloproject.es\/vigilancia\/#\/schema\/logo\/image\/","url":"https:\/\/helloproject.es\/vigilancia\/wp-content\/uploads\/2023\/07\/bip4ex.png","contentUrl":"https:\/\/helloproject.es\/vigilancia\/wp-content\/uploads\/2023\/07\/bip4ex.png","width":322,"height":365,"caption":"Helloproject.es"},"image":{"@id":"https:\/\/helloproject.es\/vigilancia\/#\/schema\/logo\/image\/"}},{"@type":"Person","@id":"https:\/\/helloproject.es\/vigilancia\/#\/schema\/person\/3767b0619d59a11570372c821f8619ca","name":"Luis Miguel Mej\u00edas Ramos","url":"https:\/\/helloproject.es\/vigilancia\/author\/luismi\/"}]}},"_links":{"self":[{"href":"https:\/\/helloproject.es\/vigilancia\/wp-json\/wp\/v2\/posts\/188385","targetHints":{"allow":["GET"]}}],"collection":[{"href":"https:\/\/helloproject.es\/vigilancia\/wp-json\/wp\/v2\/posts"}],"about":[{"href":"https:\/\/helloproject.es\/vigilancia\/wp-json\/wp\/v2\/types\/post"}],"author":[{"embeddable":true,"href":"https:\/\/helloproject.es\/vigilancia\/wp-json\/wp\/v2\/users\/5"}],"replies":[{"embeddable":true,"href":"https:\/\/helloproject.es\/vigilancia\/wp-json\/wp\/v2\/comments?post=188385"}],"version-history":[{"count":0,"href":"https:\/\/helloproject.es\/vigilancia\/wp-json\/wp\/v2\/posts\/188385\/revisions"}],"wp:attachment":[{"href":"https:\/\/helloproject.es\/vigilancia\/wp-json\/wp\/v2\/media?parent=188385"}],"wp:term":[{"taxonomy":"category","embeddable":true,"href":"https:\/\/helloproject.es\/vigilancia\/wp-json\/wp\/v2\/categories?post=188385"},{"taxonomy":"post_tag","embeddable":true,"href":"https:\/\/helloproject.es\/vigilancia\/wp-json\/wp\/v2\/tags?post=188385"}],"curies":[{"name":"wp","href":"https:\/\/api.w.org\/{rel}","templated":true}]}}