{"id":188456,"date":"2025-11-19T10:28:16","date_gmt":"2025-11-19T09:28:16","guid":{"rendered":"https:\/\/helloproject.es\/vigilancia\/las-secuelas-fisicas-y-psicologicas-de-los-trastornos-alimentarios-persisten-durante-anos\/"},"modified":"2025-11-19T10:28:16","modified_gmt":"2025-11-19T09:28:16","slug":"las-secuelas-fisicas-y-psicologicas-de-los-trastornos-alimentarios-persisten-durante-anos","status":"publish","type":"post","link":"https:\/\/helloproject.es\/vigilancia\/las-secuelas-fisicas-y-psicologicas-de-los-trastornos-alimentarios-persisten-durante-anos\/","title":{"rendered":"Las secuelas f\u00edsicas y psicol\u00f3gicas de los trastornos alimentarios persisten durante a\u00f1os"},"content":{"rendered":"<p>Los efectos sobre la salud de los trastornos alimentarios, como anorexia, bulimia y atrac\u00f3n, se extienden a numerosos \u00f3rganos y persisten durante largos periodos, seg\u00fan un estudio publicado en BMJ Medicine.<\/p>\n<p>El trabajo analiz\u00f3 m\u00e1s de 20 a\u00f1os de registros m\u00e9dicos en Reino Unido y confirma que el riesgo de complicaciones graves \u2014desde insuficiencia renal y hep\u00e1tica hasta osteoporosis, diabetes y muerte prematura\u2014 aumenta de forma marcada durante el primer a\u00f1o tras el diagn\u00f3stico y se mantiene elevado a largo plazo.<\/p>\n<p>El estudio confirma que el riesgo de complicaciones graves por los trastornos de alimentaci\u00f3n se dispara en el primer a\u00f1o tras el diagn\u00f3stico y sigue elevado a largo plazo<\/p>\n<p>Catharine Morgan, investigadora de la Universidad de Manchester y coautora del estudio, explica a SINC que la principal aportaci\u00f3n del estudio es la constataci\u00f3n de un patr\u00f3n sostenido en el tiempo.\u00a0\u201cEn este trabajo demostramos que los trastornos alimentarios se asocian a incrementos persistentes en problemas de salud f\u00edsica y mental, y en mortalidad prematura, que contin\u00faan durante al menos una d\u00e9cada tras el diagn\u00f3stico\u201d.<\/p>\n<p>Estas conclusiones, agrega\u00a0 \u201cse apoyan en una de las cohortes m\u00e1s amplias analizadas hasta ahora, con datos enlazados de atenci\u00f3n primaria, hospitalaria y registros de mortalidad\u201d.<\/p>\n<p>                        <a href=\"https:\/\/www.agenciasinc.es\/Noticias\/La-anorexia-nerviosa-tiene-tambien-origen-metabolico-no-solo-psiquiatrico\"><br \/>\n                            <img decoding=\"async\" src=\"https:\/\/cdn.agenciasinc.es\/var\/ezwebin_site\/storage\/images\/noticias\/la-anorexia-nerviosa-tiene-tambien-origen-metabolico-no-solo-psiquiatrico\/6531301-1-esl-MX\/La-anorexia-nerviosa-tiene-tambien-origen-metabolico-no-solo-psiquiatrico.jpg\" alt=\"La anorexia nerviosa tiene tambi\u00e9n origen metab\u00f3lico, no solo psiqui\u00e1trico\" title=\"La anorexia nerviosa tiene tambi\u00e9n origen metab\u00f3lico, no solo psiqui\u00e1trico\" class=\"small_fotoderecha_img\" loading=\"lazy\" \/><br \/>\n                        <\/a><\/p>\n<p>                    <a href=\"https:\/\/www.agenciasinc.es\/Noticias\/La-anorexia-nerviosa-tiene-tambien-origen-metabolico-no-solo-psiquiatrico\" class=\"small_fotoderecha_titulo\"><\/a><\/p>\n<h3 class=\"small_fotoderecha_titulo\">La anorexia nerviosa tiene tambi\u00e9n origen metab\u00f3lico, no solo psiqui\u00e1trico<\/h3>\n<p>                    <\/p>\n<p>                                SINC<\/p>\n<p><a><\/a><\/p>\n<h2>C\u00famulo de complicaciones<\/h2>\n<p>Los autores observaron que, en los primeros 12 meses tras el diagn\u00f3stico, las personas con un trastorno alimentario presentaban un riesgo seis veces mayor de insuficiencia renal y casi siete veces mayor de enfermedad hep\u00e1tica, adem\u00e1s de un aumento significativo de osteoporosis, insuficiencia card\u00edaca y diabetes.\u00a0Estos riesgos continuaban elevados pasados cinco a\u00f1os, con decenas de casos adicionales por cada 10 000 personas.<\/p>\n<p>Un a\u00f1o tras el diagn\u00f3stico, el riesgo se multiplica: seis veces m\u00e1s insuficiencia renal, casi siete veces m\u00e1s enfermedad hep\u00e1tica y un aumento notable de osteoporosis, insuficiencia card\u00edaca y diabetes<\/p>\n<p>Morgan comenta a SINC que \u201ceste c\u00famulo de complicaciones en el primer a\u00f1o responde a diversos factores. Entre ellos, destaca el efecto fisiol\u00f3gico del tratamiento: la rehabilitaci\u00f3n nutricional y la recuperaci\u00f3n de peso pueden revelar o agravar alteraciones cardiometab\u00f3licas\u201d.<\/p>\n<p>\u201cTambi\u00e9n influye la vulnerabilidad psicol\u00f3gica durante las primeras fases de la intervenci\u00f3n, un momento especialmente intenso en lo emocional. A ello se suman retrasos en el reconocimiento cl\u00ednico, que hacen que el primer diagn\u00f3stico llegue con el cuadro ya muy avanzado, as\u00ed como un aumento de la vigilancia m\u00e9dica que permite detectar problemas antes no registrados\u201d, subraya.<\/p>\n<p><a><\/a><\/p>\n<h2>Vulnerabilidad psicol\u00f3gica<\/h2>\n<p>En el \u00e1mbito de la salud mental, el trabajo muestra un patr\u00f3n similar. Un a\u00f1o despu\u00e9s del diagn\u00f3stico, el riesgo de depresi\u00f3n se multiplica por siete y el de autolesiones por m\u00e1s de nueve, con cientos de casos adicionales por cada 10 000 personas. Aunque estos valores disminuyen con el tiempo, contin\u00faan por encima de los de la poblaci\u00f3n general incluso una d\u00e9cada despu\u00e9s.<\/p>\n<p><img decoding=\"async\" src=\"https:\/\/www.agenciasinc.es\/bundles\/app\/images\/quotebefore.png\" \/><\/p>\n<p>Los trastornos alimentarios suelen coexistir con rasgos de larga duraci\u00f3n, como\u00a0la ansiedad, el bajo estado de \u00e1nimo o la desregulaci\u00f3n emocional<\/p>\n<p>Catharine Morgan (Universidad de Manchester)<br \/>\n<img decoding=\"async\" src=\"https:\/\/www.agenciasinc.es\/bundles\/app\/images\/quoteafter.png\" \/><\/p>\n<p>La investigadora se\u00f1ala que\u00a0\u201clos trastornos alimentarios suelen coexistir con rasgos de larga duraci\u00f3n, como\u00a0la ansiedad, el bajo estado de \u00e1nimo o la desregulaci\u00f3n emocional, que no desaparecen r\u00e1pidamente\u201d.<\/p>\n<p>Comenta que\u00a0\u201cpueden producirse reca\u00eddas y el impacto social \u2014en la educaci\u00f3n, el trabajo, las relaciones y la autoestima\u2014 puede persistir mucho tiempo despu\u00e9s de que la alimentaci\u00f3n mejore. Estos factores se combinan para crear una vulnerabilidad potencial y sostenida a futuros problemas de salud mental\u201d.<\/p>\n<p>En cuanto a la mortalidad, el riesgo de fallecimiento por cualquier causa durante el primer a\u00f1o resulta m\u00e1s de cuatro veces mayor, y el de muerte por causas no naturales \u2014incluido el suicidio\u2014 se incrementa por cinco. Tras cinco y diez a\u00f1os, estos valores siguen duplicando o triplicando los de la poblaci\u00f3n sin trastorno alimenticio.<\/p>\n<p>                        <a href=\"https:\/\/www.agenciasinc.es\/Reportajes\/El-trastorno-disforico-premenstrual-una-grave-dolencia-olvidada-por-la-medicina\"><br \/>\n                            <img decoding=\"async\" src=\"https:\/\/cdn.agenciasinc.es\/var\/ezwebin_site\/storage\/images\/reportajes\/el-trastorno-disforico-premenstrual-una-grave-dolencia-olvidada-por-la-medicina\/12273926-8-esl-MX\/El-trastorno-disforico-premenstrual-una-grave-dolencia-olvidada-por-la-medicina.jpg\" alt=\"El trastorno disf\u00f3rico premenstrual, una grave dolencia olvidada por la medicina\" title=\"El trastorno disf\u00f3rico premenstrual, una grave dolencia olvidada por la medicina\" class=\"small_fotoderecha_img\" loading=\"lazy\" \/><br \/>\n                        <\/a><\/p>\n<p>                    <a href=\"https:\/\/www.agenciasinc.es\/Reportajes\/El-trastorno-disforico-premenstrual-una-grave-dolencia-olvidada-por-la-medicina\" class=\"small_fotoderecha_titulo\"><\/a><\/p>\n<h3 class=\"small_fotoderecha_titulo\">El trastorno disf\u00f3rico premenstrual, una grave dolencia olvidada por la medicina<\/h3>\n<p>                    <\/p>\n<p>                                                                                                                                                <a href=\"https:\/\/www.agenciasinc.es\/Autor\/Maria-G.-Dionis\"><br \/>\n                                        Mar\u00eda G. Dionis<br \/>\n                                        <\/a>                                                                                                <\/p>\n<p><a><\/a><\/p>\n<h2>Una atenci\u00f3n m\u00e1s integrada\u00a0<\/h2>\n<p>Ante este panorama, Morgan indica que los servicios sanitarios deber\u00edan considerar el tratamiento de estos trastornos como un\u00a0problema\u00a0 cr\u00f3nico. Propone priorizar controles peri\u00f3dicos de la salud f\u00edsica \u2014coraz\u00f3n, ri\u00f1ones, h\u00edgado, huesos y anal\u00edticas\u2014 y una evaluaci\u00f3n sistem\u00e1tica de depresi\u00f3n, ansiedad y riesgo de autolesiones.<\/p>\n<p>El riesgo de fallecimiento por cualquier causa durante el primer a\u00f1o resulta m\u00e1s de cuatro veces mayor, y el de muerte por causas no naturales \u2014incluido el suicidio\u2014 se incrementa por cinco<\/p>\n<p>Tambi\u00e9n destaca la importancia de desarrollar planes de atenci\u00f3n compartidos entre atenci\u00f3n primaria y equipos especializados, v\u00edas r\u00e1pidas de reingreso en caso de reca\u00edda y apoyo reforzado en las transiciones entre servicios, como el paso de la atenci\u00f3n infantojuvenil a la de adultos.<\/p>\n<p>Los autores del estudio concluyen que una atenci\u00f3n m\u00e1s integrada entre la atenci\u00f3n primaria, la especializada y los servicios de salud mental resulta esencial para\u00a0mejorar los resultados a largo plazo. Para Morgan, estos hallazgos ponen de relieve \u201cla necesidad de mantener un seguimiento continuado y de sensibilizar a los profesionales sanitarios sobre los efectos duraderos de los trastornos alimentarios\u201d.<\/p>\n<p>Referencia:<\/p>\n<p>Catharine Morgan et al. \u201cAdverse outcomes in patients with a diagnosis of an eating disorder: primary care cohort study with linked secondary care and mortality records\u201d.\u00a0<a href=\"https:\/\/bmjmedicine.bmj.com\/lookup\/doi\/10.1136\/bmjmed-2025-001438\" target=\"_blank\">BMJ Medicine<\/a>, 2025.\u00a0<\/p>","protected":false},"excerpt":{"rendered":"<p>Los efectos sobre la salud de los trastornos alimentarios, como anorexia, bulimia y atrac\u00f3n, se extienden a numerosos \u00f3rganos y persisten durante largos periodos, seg\u00fan un estudio publicado en BMJ Medicine. El trabajo analiz\u00f3 m\u00e1s de 20 a\u00f1os de registros m\u00e9dicos en Reino Unido y confirma que el riesgo de complicaciones graves \u2014desde insuficiencia renal [&hellip;]<\/p>\n","protected":false},"author":5,"featured_media":0,"comment_status":"","ping_status":"","sticky":false,"template":"","format":"standard","meta":{"site-sidebar-layout":"default","site-content-layout":"","ast-site-content-layout":"default","site-content-style":"default","site-sidebar-style":"default","ast-global-header-display":"","ast-banner-title-visibility":"","ast-main-header-display":"","ast-hfb-above-header-display":"","ast-hfb-below-header-display":"","ast-hfb-mobile-header-display":"","site-post-title":"","ast-breadcrumbs-content":"","ast-featured-img":"","footer-sml-layout":"","ast-disable-related-posts":"","theme-transparent-header-meta":"","adv-header-id-meta":"","stick-header-meta":"","header-above-stick-meta":"","header-main-stick-meta":"","header-below-stick-meta":"","astra-migrate-meta-layouts":"default","ast-page-background-enabled":"default","ast-page-background-meta":{"desktop":{"background-color":"var(--ast-global-color-4)","background-image":"","background-repeat":"repeat","background-position":"center center","background-size":"auto","background-attachment":"scroll","background-type":"","background-media":"","overlay-type":"","overlay-color":"","overlay-opacity":"","overlay-gradient":""},"tablet":{"background-color":"","background-image":"","background-repeat":"repeat","background-position":"center center","background-size":"auto","background-attachment":"scroll","background-type":"","background-media":"","overlay-type":"","overlay-color":"","overlay-opacity":"","overlay-gradient":""},"mobile":{"background-color":"","background-image":"","background-repeat":"repeat","background-position":"center center","background-size":"auto","background-attachment":"scroll","background-type":"","background-media":"","overlay-type":"","overlay-color":"","overlay-opacity":"","overlay-gradient":""}},"ast-content-background-meta":{"desktop":{"background-color":"var(--ast-global-color-5)","background-image":"","background-repeat":"repeat","background-position":"center center","background-size":"auto","background-attachment":"scroll","background-type":"","background-media":"","overlay-type":"","overlay-color":"","overlay-opacity":"","overlay-gradient":""},"tablet":{"background-color":"var(--ast-global-color-5)","background-image":"","background-repeat":"repeat","background-position":"center center","background-size":"auto","background-attachment":"scroll","background-type":"","background-media":"","overlay-type":"","overlay-color":"","overlay-opacity":"","overlay-gradient":""},"mobile":{"background-color":"var(--ast-global-color-5)","background-image":"","background-repeat":"repeat","background-position":"center center","background-size":"auto","background-attachment":"scroll","background-type":"","background-media":"","overlay-type":"","overlay-color":"","overlay-opacity":"","overlay-gradient":""}},"footnotes":""},"categories":[5],"tags":[],"class_list":["post-188456","post","type-post","status-publish","format-standard","hentry","category-noticias"],"yoast_head":"<!-- This site is optimized with the Yoast SEO Premium plugin v20.9 (Yoast SEO v27.4) - https:\/\/yoast.com\/product\/yoast-seo-premium-wordpress\/ -->\n<title>Las secuelas f\u00edsicas y psicol\u00f3gicas de los trastornos alimentarios persisten durante a\u00f1os - bip4ex<\/title>\n<meta name=\"robots\" content=\"index, follow, max-snippet:-1, max-image-preview:large, max-video-preview:-1\" \/>\n<link rel=\"canonical\" href=\"https:\/\/helloproject.es\/vigilancia\/las-secuelas-fisicas-y-psicologicas-de-los-trastornos-alimentarios-persisten-durante-anos\/\" \/>\n<meta property=\"og:locale\" content=\"es_ES\" \/>\n<meta property=\"og:type\" content=\"article\" \/>\n<meta property=\"og:title\" content=\"Las secuelas f\u00edsicas y psicol\u00f3gicas de los trastornos alimentarios persisten durante a\u00f1os\" \/>\n<meta property=\"og:description\" content=\"Los efectos sobre la salud de los trastornos alimentarios, como anorexia, bulimia y atrac\u00f3n, se extienden a numerosos \u00f3rganos y persisten durante largos periodos, seg\u00fan un estudio publicado en BMJ Medicine. El trabajo analiz\u00f3 m\u00e1s de 20 a\u00f1os de registros m\u00e9dicos en Reino Unido y confirma que el riesgo de complicaciones graves \u2014desde insuficiencia renal [&hellip;]\" \/>\n<meta property=\"og:url\" content=\"https:\/\/helloproject.es\/vigilancia\/las-secuelas-fisicas-y-psicologicas-de-los-trastornos-alimentarios-persisten-durante-anos\/\" \/>\n<meta property=\"og:site_name\" content=\"bip4ex\" \/>\n<meta property=\"article:published_time\" content=\"2025-11-19T09:28:16+00:00\" \/>\n<meta property=\"og:image\" content=\"https:\/\/cdn.agenciasinc.es\/var\/ezwebin_site\/storage\/images\/noticias\/la-anorexia-nerviosa-tiene-tambien-origen-metabolico-no-solo-psiquiatrico\/6531301-1-esl-MX\/La-anorexia-nerviosa-tiene-tambien-origen-metabolico-no-solo-psiquiatrico.jpg\" \/>\n<meta name=\"author\" content=\"Luis Miguel Mej\u00edas Ramos\" \/>\n<meta name=\"twitter:card\" content=\"summary_large_image\" \/>\n<meta name=\"twitter:label1\" content=\"Escrito por\" \/>\n\t<meta name=\"twitter:data1\" content=\"Luis Miguel Mej\u00edas Ramos\" \/>\n\t<meta name=\"twitter:label2\" content=\"Tiempo de lectura\" \/>\n\t<meta name=\"twitter:data2\" content=\"5 minutos\" \/>\n<script type=\"application\/ld+json\" class=\"yoast-schema-graph\">{\"@context\":\"https:\\\/\\\/schema.org\",\"@graph\":[{\"@type\":\"Article\",\"@id\":\"https:\\\/\\\/helloproject.es\\\/vigilancia\\\/las-secuelas-fisicas-y-psicologicas-de-los-trastornos-alimentarios-persisten-durante-anos\\\/#article\",\"isPartOf\":{\"@id\":\"https:\\\/\\\/helloproject.es\\\/vigilancia\\\/las-secuelas-fisicas-y-psicologicas-de-los-trastornos-alimentarios-persisten-durante-anos\\\/\"},\"author\":{\"name\":\"Luis Miguel Mej\u00edas Ramos\",\"@id\":\"https:\\\/\\\/helloproject.es\\\/vigilancia\\\/#\\\/schema\\\/person\\\/3767b0619d59a11570372c821f8619ca\"},\"headline\":\"Las secuelas f\u00edsicas y psicol\u00f3gicas de los trastornos alimentarios persisten durante a\u00f1os\",\"datePublished\":\"2025-11-19T09:28:16+00:00\",\"mainEntityOfPage\":{\"@id\":\"https:\\\/\\\/helloproject.es\\\/vigilancia\\\/las-secuelas-fisicas-y-psicologicas-de-los-trastornos-alimentarios-persisten-durante-anos\\\/\"},\"wordCount\":963,\"publisher\":{\"@id\":\"https:\\\/\\\/helloproject.es\\\/vigilancia\\\/#organization\"},\"image\":{\"@id\":\"https:\\\/\\\/helloproject.es\\\/vigilancia\\\/las-secuelas-fisicas-y-psicologicas-de-los-trastornos-alimentarios-persisten-durante-anos\\\/#primaryimage\"},\"thumbnailUrl\":\"https:\\\/\\\/cdn.agenciasinc.es\\\/var\\\/ezwebin_site\\\/storage\\\/images\\\/noticias\\\/la-anorexia-nerviosa-tiene-tambien-origen-metabolico-no-solo-psiquiatrico\\\/6531301-1-esl-MX\\\/La-anorexia-nerviosa-tiene-tambien-origen-metabolico-no-solo-psiquiatrico.jpg\",\"articleSection\":[\"Noticias\"],\"inLanguage\":\"es\"},{\"@type\":\"WebPage\",\"@id\":\"https:\\\/\\\/helloproject.es\\\/vigilancia\\\/las-secuelas-fisicas-y-psicologicas-de-los-trastornos-alimentarios-persisten-durante-anos\\\/\",\"url\":\"https:\\\/\\\/helloproject.es\\\/vigilancia\\\/las-secuelas-fisicas-y-psicologicas-de-los-trastornos-alimentarios-persisten-durante-anos\\\/\",\"name\":\"Las secuelas f\u00edsicas y psicol\u00f3gicas de los trastornos alimentarios persisten durante a\u00f1os - bip4ex\",\"isPartOf\":{\"@id\":\"https:\\\/\\\/helloproject.es\\\/vigilancia\\\/#website\"},\"primaryImageOfPage\":{\"@id\":\"https:\\\/\\\/helloproject.es\\\/vigilancia\\\/las-secuelas-fisicas-y-psicologicas-de-los-trastornos-alimentarios-persisten-durante-anos\\\/#primaryimage\"},\"image\":{\"@id\":\"https:\\\/\\\/helloproject.es\\\/vigilancia\\\/las-secuelas-fisicas-y-psicologicas-de-los-trastornos-alimentarios-persisten-durante-anos\\\/#primaryimage\"},\"thumbnailUrl\":\"https:\\\/\\\/cdn.agenciasinc.es\\\/var\\\/ezwebin_site\\\/storage\\\/images\\\/noticias\\\/la-anorexia-nerviosa-tiene-tambien-origen-metabolico-no-solo-psiquiatrico\\\/6531301-1-esl-MX\\\/La-anorexia-nerviosa-tiene-tambien-origen-metabolico-no-solo-psiquiatrico.jpg\",\"datePublished\":\"2025-11-19T09:28:16+00:00\",\"breadcrumb\":{\"@id\":\"https:\\\/\\\/helloproject.es\\\/vigilancia\\\/las-secuelas-fisicas-y-psicologicas-de-los-trastornos-alimentarios-persisten-durante-anos\\\/#breadcrumb\"},\"inLanguage\":\"es\",\"potentialAction\":[{\"@type\":\"ReadAction\",\"target\":[\"https:\\\/\\\/helloproject.es\\\/vigilancia\\\/las-secuelas-fisicas-y-psicologicas-de-los-trastornos-alimentarios-persisten-durante-anos\\\/\"]}]},{\"@type\":\"ImageObject\",\"inLanguage\":\"es\",\"@id\":\"https:\\\/\\\/helloproject.es\\\/vigilancia\\\/las-secuelas-fisicas-y-psicologicas-de-los-trastornos-alimentarios-persisten-durante-anos\\\/#primaryimage\",\"url\":\"https:\\\/\\\/cdn.agenciasinc.es\\\/var\\\/ezwebin_site\\\/storage\\\/images\\\/noticias\\\/la-anorexia-nerviosa-tiene-tambien-origen-metabolico-no-solo-psiquiatrico\\\/6531301-1-esl-MX\\\/La-anorexia-nerviosa-tiene-tambien-origen-metabolico-no-solo-psiquiatrico.jpg\",\"contentUrl\":\"https:\\\/\\\/cdn.agenciasinc.es\\\/var\\\/ezwebin_site\\\/storage\\\/images\\\/noticias\\\/la-anorexia-nerviosa-tiene-tambien-origen-metabolico-no-solo-psiquiatrico\\\/6531301-1-esl-MX\\\/La-anorexia-nerviosa-tiene-tambien-origen-metabolico-no-solo-psiquiatrico.jpg\"},{\"@type\":\"BreadcrumbList\",\"@id\":\"https:\\\/\\\/helloproject.es\\\/vigilancia\\\/las-secuelas-fisicas-y-psicologicas-de-los-trastornos-alimentarios-persisten-durante-anos\\\/#breadcrumb\",\"itemListElement\":[{\"@type\":\"ListItem\",\"position\":1,\"name\":\"Home\",\"item\":\"https:\\\/\\\/helloproject.es\\\/vigilancia\\\/\"},{\"@type\":\"ListItem\",\"position\":2,\"name\":\"Las secuelas f\u00edsicas y psicol\u00f3gicas de los trastornos alimentarios persisten durante a\u00f1os\"}]},{\"@type\":\"WebSite\",\"@id\":\"https:\\\/\\\/helloproject.es\\\/vigilancia\\\/#website\",\"url\":\"https:\\\/\\\/helloproject.es\\\/vigilancia\\\/\",\"name\":\"bip4ex\",\"description\":\"Vigilancia Tecnol\u00f3gica\",\"publisher\":{\"@id\":\"https:\\\/\\\/helloproject.es\\\/vigilancia\\\/#organization\"},\"potentialAction\":[{\"@type\":\"SearchAction\",\"target\":{\"@type\":\"EntryPoint\",\"urlTemplate\":\"https:\\\/\\\/helloproject.es\\\/vigilancia\\\/?s={search_term_string}\"},\"query-input\":{\"@type\":\"PropertyValueSpecification\",\"valueRequired\":true,\"valueName\":\"search_term_string\"}}],\"inLanguage\":\"es\"},{\"@type\":\"Organization\",\"@id\":\"https:\\\/\\\/helloproject.es\\\/vigilancia\\\/#organization\",\"name\":\"Helloproject.es\",\"url\":\"https:\\\/\\\/helloproject.es\\\/vigilancia\\\/\",\"logo\":{\"@type\":\"ImageObject\",\"inLanguage\":\"es\",\"@id\":\"https:\\\/\\\/helloproject.es\\\/vigilancia\\\/#\\\/schema\\\/logo\\\/image\\\/\",\"url\":\"https:\\\/\\\/helloproject.es\\\/vigilancia\\\/wp-content\\\/uploads\\\/2023\\\/07\\\/bip4ex.png\",\"contentUrl\":\"https:\\\/\\\/helloproject.es\\\/vigilancia\\\/wp-content\\\/uploads\\\/2023\\\/07\\\/bip4ex.png\",\"width\":322,\"height\":365,\"caption\":\"Helloproject.es\"},\"image\":{\"@id\":\"https:\\\/\\\/helloproject.es\\\/vigilancia\\\/#\\\/schema\\\/logo\\\/image\\\/\"}},{\"@type\":\"Person\",\"@id\":\"https:\\\/\\\/helloproject.es\\\/vigilancia\\\/#\\\/schema\\\/person\\\/3767b0619d59a11570372c821f8619ca\",\"name\":\"Luis Miguel Mej\u00edas Ramos\",\"url\":\"https:\\\/\\\/helloproject.es\\\/vigilancia\\\/author\\\/luismi\\\/\"}]}<\/script>\n<!-- \/ Yoast SEO Premium plugin. -->","yoast_head_json":{"title":"Las secuelas f\u00edsicas y psicol\u00f3gicas de los trastornos alimentarios persisten durante a\u00f1os - bip4ex","robots":{"index":"index","follow":"follow","max-snippet":"max-snippet:-1","max-image-preview":"max-image-preview:large","max-video-preview":"max-video-preview:-1"},"canonical":"https:\/\/helloproject.es\/vigilancia\/las-secuelas-fisicas-y-psicologicas-de-los-trastornos-alimentarios-persisten-durante-anos\/","og_locale":"es_ES","og_type":"article","og_title":"Las secuelas f\u00edsicas y psicol\u00f3gicas de los trastornos alimentarios persisten durante a\u00f1os","og_description":"Los efectos sobre la salud de los trastornos alimentarios, como anorexia, bulimia y atrac\u00f3n, se extienden a numerosos \u00f3rganos y persisten durante largos periodos, seg\u00fan un estudio publicado en BMJ Medicine. El trabajo analiz\u00f3 m\u00e1s de 20 a\u00f1os de registros m\u00e9dicos en Reino Unido y confirma que el riesgo de complicaciones graves \u2014desde insuficiencia renal [&hellip;]","og_url":"https:\/\/helloproject.es\/vigilancia\/las-secuelas-fisicas-y-psicologicas-de-los-trastornos-alimentarios-persisten-durante-anos\/","og_site_name":"bip4ex","article_published_time":"2025-11-19T09:28:16+00:00","og_image":[{"url":"https:\/\/cdn.agenciasinc.es\/var\/ezwebin_site\/storage\/images\/noticias\/la-anorexia-nerviosa-tiene-tambien-origen-metabolico-no-solo-psiquiatrico\/6531301-1-esl-MX\/La-anorexia-nerviosa-tiene-tambien-origen-metabolico-no-solo-psiquiatrico.jpg","type":"","width":"","height":""}],"author":"Luis Miguel Mej\u00edas Ramos","twitter_card":"summary_large_image","twitter_misc":{"Escrito por":"Luis Miguel Mej\u00edas Ramos","Tiempo de lectura":"5 minutos"},"schema":{"@context":"https:\/\/schema.org","@graph":[{"@type":"Article","@id":"https:\/\/helloproject.es\/vigilancia\/las-secuelas-fisicas-y-psicologicas-de-los-trastornos-alimentarios-persisten-durante-anos\/#article","isPartOf":{"@id":"https:\/\/helloproject.es\/vigilancia\/las-secuelas-fisicas-y-psicologicas-de-los-trastornos-alimentarios-persisten-durante-anos\/"},"author":{"name":"Luis Miguel Mej\u00edas Ramos","@id":"https:\/\/helloproject.es\/vigilancia\/#\/schema\/person\/3767b0619d59a11570372c821f8619ca"},"headline":"Las secuelas f\u00edsicas y psicol\u00f3gicas de los trastornos alimentarios persisten durante a\u00f1os","datePublished":"2025-11-19T09:28:16+00:00","mainEntityOfPage":{"@id":"https:\/\/helloproject.es\/vigilancia\/las-secuelas-fisicas-y-psicologicas-de-los-trastornos-alimentarios-persisten-durante-anos\/"},"wordCount":963,"publisher":{"@id":"https:\/\/helloproject.es\/vigilancia\/#organization"},"image":{"@id":"https:\/\/helloproject.es\/vigilancia\/las-secuelas-fisicas-y-psicologicas-de-los-trastornos-alimentarios-persisten-durante-anos\/#primaryimage"},"thumbnailUrl":"https:\/\/cdn.agenciasinc.es\/var\/ezwebin_site\/storage\/images\/noticias\/la-anorexia-nerviosa-tiene-tambien-origen-metabolico-no-solo-psiquiatrico\/6531301-1-esl-MX\/La-anorexia-nerviosa-tiene-tambien-origen-metabolico-no-solo-psiquiatrico.jpg","articleSection":["Noticias"],"inLanguage":"es"},{"@type":"WebPage","@id":"https:\/\/helloproject.es\/vigilancia\/las-secuelas-fisicas-y-psicologicas-de-los-trastornos-alimentarios-persisten-durante-anos\/","url":"https:\/\/helloproject.es\/vigilancia\/las-secuelas-fisicas-y-psicologicas-de-los-trastornos-alimentarios-persisten-durante-anos\/","name":"Las secuelas f\u00edsicas y psicol\u00f3gicas de los trastornos alimentarios persisten durante a\u00f1os - bip4ex","isPartOf":{"@id":"https:\/\/helloproject.es\/vigilancia\/#website"},"primaryImageOfPage":{"@id":"https:\/\/helloproject.es\/vigilancia\/las-secuelas-fisicas-y-psicologicas-de-los-trastornos-alimentarios-persisten-durante-anos\/#primaryimage"},"image":{"@id":"https:\/\/helloproject.es\/vigilancia\/las-secuelas-fisicas-y-psicologicas-de-los-trastornos-alimentarios-persisten-durante-anos\/#primaryimage"},"thumbnailUrl":"https:\/\/cdn.agenciasinc.es\/var\/ezwebin_site\/storage\/images\/noticias\/la-anorexia-nerviosa-tiene-tambien-origen-metabolico-no-solo-psiquiatrico\/6531301-1-esl-MX\/La-anorexia-nerviosa-tiene-tambien-origen-metabolico-no-solo-psiquiatrico.jpg","datePublished":"2025-11-19T09:28:16+00:00","breadcrumb":{"@id":"https:\/\/helloproject.es\/vigilancia\/las-secuelas-fisicas-y-psicologicas-de-los-trastornos-alimentarios-persisten-durante-anos\/#breadcrumb"},"inLanguage":"es","potentialAction":[{"@type":"ReadAction","target":["https:\/\/helloproject.es\/vigilancia\/las-secuelas-fisicas-y-psicologicas-de-los-trastornos-alimentarios-persisten-durante-anos\/"]}]},{"@type":"ImageObject","inLanguage":"es","@id":"https:\/\/helloproject.es\/vigilancia\/las-secuelas-fisicas-y-psicologicas-de-los-trastornos-alimentarios-persisten-durante-anos\/#primaryimage","url":"https:\/\/cdn.agenciasinc.es\/var\/ezwebin_site\/storage\/images\/noticias\/la-anorexia-nerviosa-tiene-tambien-origen-metabolico-no-solo-psiquiatrico\/6531301-1-esl-MX\/La-anorexia-nerviosa-tiene-tambien-origen-metabolico-no-solo-psiquiatrico.jpg","contentUrl":"https:\/\/cdn.agenciasinc.es\/var\/ezwebin_site\/storage\/images\/noticias\/la-anorexia-nerviosa-tiene-tambien-origen-metabolico-no-solo-psiquiatrico\/6531301-1-esl-MX\/La-anorexia-nerviosa-tiene-tambien-origen-metabolico-no-solo-psiquiatrico.jpg"},{"@type":"BreadcrumbList","@id":"https:\/\/helloproject.es\/vigilancia\/las-secuelas-fisicas-y-psicologicas-de-los-trastornos-alimentarios-persisten-durante-anos\/#breadcrumb","itemListElement":[{"@type":"ListItem","position":1,"name":"Home","item":"https:\/\/helloproject.es\/vigilancia\/"},{"@type":"ListItem","position":2,"name":"Las secuelas f\u00edsicas y psicol\u00f3gicas de los trastornos alimentarios persisten durante a\u00f1os"}]},{"@type":"WebSite","@id":"https:\/\/helloproject.es\/vigilancia\/#website","url":"https:\/\/helloproject.es\/vigilancia\/","name":"bip4ex","description":"Vigilancia Tecnol\u00f3gica","publisher":{"@id":"https:\/\/helloproject.es\/vigilancia\/#organization"},"potentialAction":[{"@type":"SearchAction","target":{"@type":"EntryPoint","urlTemplate":"https:\/\/helloproject.es\/vigilancia\/?s={search_term_string}"},"query-input":{"@type":"PropertyValueSpecification","valueRequired":true,"valueName":"search_term_string"}}],"inLanguage":"es"},{"@type":"Organization","@id":"https:\/\/helloproject.es\/vigilancia\/#organization","name":"Helloproject.es","url":"https:\/\/helloproject.es\/vigilancia\/","logo":{"@type":"ImageObject","inLanguage":"es","@id":"https:\/\/helloproject.es\/vigilancia\/#\/schema\/logo\/image\/","url":"https:\/\/helloproject.es\/vigilancia\/wp-content\/uploads\/2023\/07\/bip4ex.png","contentUrl":"https:\/\/helloproject.es\/vigilancia\/wp-content\/uploads\/2023\/07\/bip4ex.png","width":322,"height":365,"caption":"Helloproject.es"},"image":{"@id":"https:\/\/helloproject.es\/vigilancia\/#\/schema\/logo\/image\/"}},{"@type":"Person","@id":"https:\/\/helloproject.es\/vigilancia\/#\/schema\/person\/3767b0619d59a11570372c821f8619ca","name":"Luis Miguel Mej\u00edas Ramos","url":"https:\/\/helloproject.es\/vigilancia\/author\/luismi\/"}]}},"_links":{"self":[{"href":"https:\/\/helloproject.es\/vigilancia\/wp-json\/wp\/v2\/posts\/188456","targetHints":{"allow":["GET"]}}],"collection":[{"href":"https:\/\/helloproject.es\/vigilancia\/wp-json\/wp\/v2\/posts"}],"about":[{"href":"https:\/\/helloproject.es\/vigilancia\/wp-json\/wp\/v2\/types\/post"}],"author":[{"embeddable":true,"href":"https:\/\/helloproject.es\/vigilancia\/wp-json\/wp\/v2\/users\/5"}],"replies":[{"embeddable":true,"href":"https:\/\/helloproject.es\/vigilancia\/wp-json\/wp\/v2\/comments?post=188456"}],"version-history":[{"count":0,"href":"https:\/\/helloproject.es\/vigilancia\/wp-json\/wp\/v2\/posts\/188456\/revisions"}],"wp:attachment":[{"href":"https:\/\/helloproject.es\/vigilancia\/wp-json\/wp\/v2\/media?parent=188456"}],"wp:term":[{"taxonomy":"category","embeddable":true,"href":"https:\/\/helloproject.es\/vigilancia\/wp-json\/wp\/v2\/categories?post=188456"},{"taxonomy":"post_tag","embeddable":true,"href":"https:\/\/helloproject.es\/vigilancia\/wp-json\/wp\/v2\/tags?post=188456"}],"curies":[{"name":"wp","href":"https:\/\/api.w.org\/{rel}","templated":true}]}}