{"id":188465,"date":"2025-11-19T12:28:31","date_gmt":"2025-11-19T11:28:31","guid":{"rendered":"https:\/\/helloproject.es\/vigilancia\/el-consumo-de-ultraprocesados-se-ha-triplicado-en-espana-en-las-ultimas-tres-decadas\/"},"modified":"2025-11-19T12:28:31","modified_gmt":"2025-11-19T11:28:31","slug":"el-consumo-de-ultraprocesados-se-ha-triplicado-en-espana-en-las-ultimas-tres-decadas","status":"publish","type":"post","link":"https:\/\/helloproject.es\/vigilancia\/el-consumo-de-ultraprocesados-se-ha-triplicado-en-espana-en-las-ultimas-tres-decadas\/","title":{"rendered":"El consumo de ultraprocesados se ha triplicado en Espa\u00f1a en las \u00faltimas tres d\u00e9cadas"},"content":{"rendered":"<p>Los ultraprocesados se han convertido en el \u201cnuevo tabaquismo\u201d para la salud p\u00fablica, y Espa\u00f1a es uno de los pa\u00edses donde m\u00e1s ha crecido su consumo, llegando a triplicarse en las tres \u00faltimas tres d\u00e9cadas, seg\u00fan un an\u00e1lisis de la evidencia cient\u00edfica sobre el tema recogido en The Lancet.<\/p>\n<p>La revista cient\u00edfica publica un especial dedicado a los ultraprocesados elaborado por 43 expertos durante los \u00faltimos dos a\u00f1os, entre ellos Renata Bertazzi, investigadora en la Universidad de Salamanca, y Maira Bes-Rastrollo, catedr\u00e1tica de Medicina Preventiva y Salud P\u00fablica en la Universidad de Navarra.<\/p>\n<p>Uno de los estudios analiza el aumento de la ingesta de calor\u00edas procedentes de estos alimentos, y Espa\u00f1a se sit\u00faa a la cabeza: el aporte diario ha pasado del 11 % al 32 % en 30 a\u00f1os<\/p>\n<p>Uno de los art\u00edculos analiza cu\u00e1nto ha aumentado la ingesta de calor\u00edas procedentes de estos alimentos, y Espa\u00f1a se sit\u00faa a la cabeza: el aporte diario ha pasado del 11 % al 32 % en las tres \u00faltimas d\u00e9cadas.<\/p>\n<p>\u201cEl valor refleja la contribuci\u00f3n porcentual de calor\u00edas per c\u00e1pita adquiridas por los hogares seg\u00fan encuestas realizadas a la poblaci\u00f3n. Estos sondeos se utilizan cuando un pa\u00eds no dispone de encuestas nacionales de consumo individual, bajo la premisa de que lo que se compra ser\u00e1 consumido\u201d, explica Bertazzi en una entrevista con EFE.<\/p>\n<p>Los datos de Espa\u00f1a, matiza la investigadora, provienen de encuestas hechas en 1990, 2000 y 2010. \u201cCon la tendencia de crecimiento observada, es posible que el consumo actual sea a\u00fan mayor\u201d, indica.<\/p>\n<p><a><\/a><\/p>\n<h2>El nuevo tabaco<\/h2>\n<p>Los ultraprocesados, detalla Bertazzi, \u201cson formulaciones de sustancias derivadas de alimentos baratos y aditivos, dise\u00f1adas y comercializadas para reemplazar los alimentos integrales y las dietas basadas en comidas reales, con el fin de maximizar las ganancias de la industria alimentaria\u201d.<\/p>\n<p>\u201cUna forma sencilla de identificarlos es revisar la lista de ingredientes y buscar dos marcadores t\u00edpicos como los aditivos cosm\u00e9ticos, que no cumplen funci\u00f3n de conservaci\u00f3n, sino que modifican color, sabor, aroma, textura o apariencia: aromas artificiales, potenciadores del sabor, colorantes, emulsionantes, edulcorantes o espesantes\u201d, relata.<\/p>\n<p>Se identifican por aditivos cosm\u00e9ticos que alteran color, sabor o textura, como aromas artificiales, potenciadores del sabor, colorantes, emulsionantes, edulcorantes o espesantes<\/p>\n<p>Estos productos tambi\u00e9n se reconocen por su contenido en \u201csustancias de uso exclusivamente industrial, que no se encuentran en supermercados ni se utilizan en la cocina dom\u00e9stica, como case\u00edna, prote\u00edna de suero, jarabe de ma\u00edz de alta fructosa, az\u00facar invertido, maltodextrina, dextrosa, lactosa o aceites hidrogenados\u201d.<\/p>\n<p>\u201cB\u00e1sicamente la industria de los ultraprocesados reemplaza componentes perecederos de alimentos integrales por sustitutos m\u00e1s baratos y duraderos, manteniendo sabor y apariencia\u201d, resume.<\/p>\n<p>La evidencia cient\u00edfica confirma que el consumo creciente aumenta el riesgo de m\u00faltiples enfermedades como obesidad, diabetes, patolog\u00edas cardiovasculares o renales, depresi\u00f3n y muerte prematura.<\/p>\n<p><a><\/a><\/p>\n<h2>Necesidad de regulaci\u00f3n urgente<\/h2>\n<p>Los investigadores apelan a los gobiernos para regular y reducir la producci\u00f3n, la comercializaci\u00f3n y el consumo de ultraprocesados, con el objetivo de salvaguardar la salud p\u00fablica frente \u201ca la poderosa industria de fabricaci\u00f3n de ultraprocesados\u201d.<\/p>\n<p>Entre sus recomendaciones: un etiquetado \u201cm\u00e1s parecido al de una cajetilla de tabaco\u201d, que informe claramente de sus aditivos y del riesgo que suponen para la salud de forma visible en la parte frontal del producto.<\/p>\n<p>Recomiendan un etiquetado \u201cm\u00e1s parecido al de una cajetilla de tabaco\u201d, que informe claramente de sus aditivos y del riesgo que suponen para la salud de forma visible en la parte frontal del producto<\/p>\n<p>Plantean retirar estos productos de comedores escolares y hospitales, limitar su presencia en supermercados, restringir su publicidad y aplicar impuestos cuya recaudaci\u00f3n se destine a que frutas, verduras y alimentos frescos lleguen a los hogares con menos recursos.<\/p>\n<p>Comprar alimentos ultraprocesados nocivos para la salud no puede ser tan barato. \u201cHay que ponerles impuestos m\u00e1s altos y destinar ese dinero a que sea m\u00e1s f\u00e1cil acceder a la comida saludable\u201d, subray\u00f3 en una rueda de prensa organizada por The Lancet Camila Corval\u00e1n, directora del Centro de Prevenci\u00f3n de Enfermedades Cr\u00f3nicas Asociadas a la Nutrici\u00f3n (CIAPEC) de Chile.<\/p>\n<p><a><\/a><\/p>\n<h2>Respuesta sanitaria global<\/h2>\n<p>Los investigadores sostienen que son las empresas globales, y no las elecciones individuales, las que impulsan el auge de los ultraprocesados, y concluyen que \u201ces urgente y factible\u201d una respuesta sanitaria global a este desaf\u00edo.<\/p>\n<p>Este sector es el m\u00e1s rentable de la industria alimentaria, con ventas anuales de miles de millones de euros,\u00a0que le permiten ampliar producci\u00f3n, invertir en mercadotecnia agresiva<\/p>\n<p>Este sector es el m\u00e1s rentable de la industria alimentaria, con ventas anuales globales de miles de millones de euros, que le permiten ampliar producci\u00f3n, invertir en t\u00e9cnicas de mercadotecnia agresivas,\u00a0influencia pol\u00edtica y dise\u00f1os atractivos para impulsar el consumo.<\/p>\n<p>El art\u00edculo revela tambi\u00e9n c\u00f3mo las empresas de ultraprocesados emplean sofisticadas t\u00e1cticas pol\u00edticas para proteger sus beneficios: bloquean regulaciones, influyen en debates cient\u00edficos y en la opini\u00f3n p\u00fablica.<\/p>","protected":false},"excerpt":{"rendered":"<p>Los ultraprocesados se han convertido en el \u201cnuevo tabaquismo\u201d para la salud p\u00fablica, y Espa\u00f1a es uno de los pa\u00edses donde m\u00e1s ha crecido su consumo, llegando a triplicarse en las tres \u00faltimas tres d\u00e9cadas, seg\u00fan un an\u00e1lisis de la evidencia cient\u00edfica sobre el tema recogido en The Lancet. La revista cient\u00edfica publica un especial [&hellip;]<\/p>\n","protected":false},"author":5,"featured_media":0,"comment_status":"","ping_status":"","sticky":false,"template":"","format":"standard","meta":{"site-sidebar-layout":"default","site-content-layout":"","ast-site-content-layout":"default","site-content-style":"default","site-sidebar-style":"default","ast-global-header-display":"","ast-banner-title-visibility":"","ast-main-header-display":"","ast-hfb-above-header-display":"","ast-hfb-below-header-display":"","ast-hfb-mobile-header-display":"","site-post-title":"","ast-breadcrumbs-content":"","ast-featured-img":"","footer-sml-layout":"","ast-disable-related-posts":"","theme-transparent-header-meta":"","adv-header-id-meta":"","stick-header-meta":"","header-above-stick-meta":"","header-main-stick-meta":"","header-below-stick-meta":"","astra-migrate-meta-layouts":"default","ast-page-background-enabled":"default","ast-page-background-meta":{"desktop":{"background-color":"var(--ast-global-color-4)","background-image":"","background-repeat":"repeat","background-position":"center center","background-size":"auto","background-attachment":"scroll","background-type":"","background-media":"","overlay-type":"","overlay-color":"","overlay-opacity":"","overlay-gradient":""},"tablet":{"background-color":"","background-image":"","background-repeat":"repeat","background-position":"center center","background-size":"auto","background-attachment":"scroll","background-type":"","background-media":"","overlay-type":"","overlay-color":"","overlay-opacity":"","overlay-gradient":""},"mobile":{"background-color":"","background-image":"","background-repeat":"repeat","background-position":"center center","background-size":"auto","background-attachment":"scroll","background-type":"","background-media":"","overlay-type":"","overlay-color":"","overlay-opacity":"","overlay-gradient":""}},"ast-content-background-meta":{"desktop":{"background-color":"var(--ast-global-color-5)","background-image":"","background-repeat":"repeat","background-position":"center center","background-size":"auto","background-attachment":"scroll","background-type":"","background-media":"","overlay-type":"","overlay-color":"","overlay-opacity":"","overlay-gradient":""},"tablet":{"background-color":"var(--ast-global-color-5)","background-image":"","background-repeat":"repeat","background-position":"center center","background-size":"auto","background-attachment":"scroll","background-type":"","background-media":"","overlay-type":"","overlay-color":"","overlay-opacity":"","overlay-gradient":""},"mobile":{"background-color":"var(--ast-global-color-5)","background-image":"","background-repeat":"repeat","background-position":"center center","background-size":"auto","background-attachment":"scroll","background-type":"","background-media":"","overlay-type":"","overlay-color":"","overlay-opacity":"","overlay-gradient":""}},"footnotes":""},"categories":[5],"tags":[],"class_list":["post-188465","post","type-post","status-publish","format-standard","hentry","category-noticias"],"yoast_head":"<!-- This site is optimized with the Yoast SEO Premium plugin v20.9 (Yoast SEO v27.4) - https:\/\/yoast.com\/product\/yoast-seo-premium-wordpress\/ -->\n<title>El consumo de ultraprocesados se ha triplicado en Espa\u00f1a en las \u00faltimas tres d\u00e9cadas - bip4ex<\/title>\n<meta name=\"robots\" content=\"index, follow, max-snippet:-1, max-image-preview:large, max-video-preview:-1\" \/>\n<link rel=\"canonical\" href=\"https:\/\/helloproject.es\/vigilancia\/el-consumo-de-ultraprocesados-se-ha-triplicado-en-espana-en-las-ultimas-tres-decadas\/\" \/>\n<meta property=\"og:locale\" content=\"es_ES\" \/>\n<meta property=\"og:type\" content=\"article\" \/>\n<meta property=\"og:title\" content=\"El consumo de ultraprocesados se ha triplicado en Espa\u00f1a en las \u00faltimas tres d\u00e9cadas\" \/>\n<meta property=\"og:description\" content=\"Los ultraprocesados se han convertido en el \u201cnuevo tabaquismo\u201d para la salud p\u00fablica, y Espa\u00f1a es uno de los pa\u00edses donde m\u00e1s ha crecido su consumo, llegando a triplicarse en las tres \u00faltimas tres d\u00e9cadas, seg\u00fan un an\u00e1lisis de la evidencia cient\u00edfica sobre el tema recogido en The Lancet. La revista cient\u00edfica publica un especial [&hellip;]\" \/>\n<meta property=\"og:url\" content=\"https:\/\/helloproject.es\/vigilancia\/el-consumo-de-ultraprocesados-se-ha-triplicado-en-espana-en-las-ultimas-tres-decadas\/\" \/>\n<meta property=\"og:site_name\" content=\"bip4ex\" \/>\n<meta property=\"article:published_time\" content=\"2025-11-19T11:28:31+00:00\" \/>\n<meta name=\"author\" content=\"Luis Miguel Mej\u00edas Ramos\" \/>\n<meta name=\"twitter:card\" content=\"summary_large_image\" \/>\n<meta name=\"twitter:label1\" content=\"Escrito por\" \/>\n\t<meta name=\"twitter:data1\" content=\"Luis Miguel Mej\u00edas Ramos\" \/>\n\t<meta name=\"twitter:label2\" content=\"Tiempo de lectura\" \/>\n\t<meta name=\"twitter:data2\" content=\"4 minutos\" \/>\n<script type=\"application\/ld+json\" class=\"yoast-schema-graph\">{\"@context\":\"https:\\\/\\\/schema.org\",\"@graph\":[{\"@type\":\"Article\",\"@id\":\"https:\\\/\\\/helloproject.es\\\/vigilancia\\\/el-consumo-de-ultraprocesados-se-ha-triplicado-en-espana-en-las-ultimas-tres-decadas\\\/#article\",\"isPartOf\":{\"@id\":\"https:\\\/\\\/helloproject.es\\\/vigilancia\\\/el-consumo-de-ultraprocesados-se-ha-triplicado-en-espana-en-las-ultimas-tres-decadas\\\/\"},\"author\":{\"name\":\"Luis Miguel Mej\u00edas Ramos\",\"@id\":\"https:\\\/\\\/helloproject.es\\\/vigilancia\\\/#\\\/schema\\\/person\\\/3767b0619d59a11570372c821f8619ca\"},\"headline\":\"El consumo de ultraprocesados se ha triplicado en Espa\u00f1a en las \u00faltimas tres d\u00e9cadas\",\"datePublished\":\"2025-11-19T11:28:31+00:00\",\"mainEntityOfPage\":{\"@id\":\"https:\\\/\\\/helloproject.es\\\/vigilancia\\\/el-consumo-de-ultraprocesados-se-ha-triplicado-en-espana-en-las-ultimas-tres-decadas\\\/\"},\"wordCount\":882,\"publisher\":{\"@id\":\"https:\\\/\\\/helloproject.es\\\/vigilancia\\\/#organization\"},\"articleSection\":[\"Noticias\"],\"inLanguage\":\"es\"},{\"@type\":\"WebPage\",\"@id\":\"https:\\\/\\\/helloproject.es\\\/vigilancia\\\/el-consumo-de-ultraprocesados-se-ha-triplicado-en-espana-en-las-ultimas-tres-decadas\\\/\",\"url\":\"https:\\\/\\\/helloproject.es\\\/vigilancia\\\/el-consumo-de-ultraprocesados-se-ha-triplicado-en-espana-en-las-ultimas-tres-decadas\\\/\",\"name\":\"El consumo de ultraprocesados se ha triplicado en Espa\u00f1a en las \u00faltimas tres d\u00e9cadas - bip4ex\",\"isPartOf\":{\"@id\":\"https:\\\/\\\/helloproject.es\\\/vigilancia\\\/#website\"},\"datePublished\":\"2025-11-19T11:28:31+00:00\",\"breadcrumb\":{\"@id\":\"https:\\\/\\\/helloproject.es\\\/vigilancia\\\/el-consumo-de-ultraprocesados-se-ha-triplicado-en-espana-en-las-ultimas-tres-decadas\\\/#breadcrumb\"},\"inLanguage\":\"es\",\"potentialAction\":[{\"@type\":\"ReadAction\",\"target\":[\"https:\\\/\\\/helloproject.es\\\/vigilancia\\\/el-consumo-de-ultraprocesados-se-ha-triplicado-en-espana-en-las-ultimas-tres-decadas\\\/\"]}]},{\"@type\":\"BreadcrumbList\",\"@id\":\"https:\\\/\\\/helloproject.es\\\/vigilancia\\\/el-consumo-de-ultraprocesados-se-ha-triplicado-en-espana-en-las-ultimas-tres-decadas\\\/#breadcrumb\",\"itemListElement\":[{\"@type\":\"ListItem\",\"position\":1,\"name\":\"Home\",\"item\":\"https:\\\/\\\/helloproject.es\\\/vigilancia\\\/\"},{\"@type\":\"ListItem\",\"position\":2,\"name\":\"El consumo de ultraprocesados se ha triplicado en Espa\u00f1a en las \u00faltimas tres d\u00e9cadas\"}]},{\"@type\":\"WebSite\",\"@id\":\"https:\\\/\\\/helloproject.es\\\/vigilancia\\\/#website\",\"url\":\"https:\\\/\\\/helloproject.es\\\/vigilancia\\\/\",\"name\":\"bip4ex\",\"description\":\"Vigilancia Tecnol\u00f3gica\",\"publisher\":{\"@id\":\"https:\\\/\\\/helloproject.es\\\/vigilancia\\\/#organization\"},\"potentialAction\":[{\"@type\":\"SearchAction\",\"target\":{\"@type\":\"EntryPoint\",\"urlTemplate\":\"https:\\\/\\\/helloproject.es\\\/vigilancia\\\/?s={search_term_string}\"},\"query-input\":{\"@type\":\"PropertyValueSpecification\",\"valueRequired\":true,\"valueName\":\"search_term_string\"}}],\"inLanguage\":\"es\"},{\"@type\":\"Organization\",\"@id\":\"https:\\\/\\\/helloproject.es\\\/vigilancia\\\/#organization\",\"name\":\"Helloproject.es\",\"url\":\"https:\\\/\\\/helloproject.es\\\/vigilancia\\\/\",\"logo\":{\"@type\":\"ImageObject\",\"inLanguage\":\"es\",\"@id\":\"https:\\\/\\\/helloproject.es\\\/vigilancia\\\/#\\\/schema\\\/logo\\\/image\\\/\",\"url\":\"https:\\\/\\\/helloproject.es\\\/vigilancia\\\/wp-content\\\/uploads\\\/2023\\\/07\\\/bip4ex.png\",\"contentUrl\":\"https:\\\/\\\/helloproject.es\\\/vigilancia\\\/wp-content\\\/uploads\\\/2023\\\/07\\\/bip4ex.png\",\"width\":322,\"height\":365,\"caption\":\"Helloproject.es\"},\"image\":{\"@id\":\"https:\\\/\\\/helloproject.es\\\/vigilancia\\\/#\\\/schema\\\/logo\\\/image\\\/\"}},{\"@type\":\"Person\",\"@id\":\"https:\\\/\\\/helloproject.es\\\/vigilancia\\\/#\\\/schema\\\/person\\\/3767b0619d59a11570372c821f8619ca\",\"name\":\"Luis Miguel Mej\u00edas Ramos\",\"url\":\"https:\\\/\\\/helloproject.es\\\/vigilancia\\\/author\\\/luismi\\\/\"}]}<\/script>\n<!-- \/ Yoast SEO Premium plugin. -->","yoast_head_json":{"title":"El consumo de ultraprocesados se ha triplicado en Espa\u00f1a en las \u00faltimas tres d\u00e9cadas - bip4ex","robots":{"index":"index","follow":"follow","max-snippet":"max-snippet:-1","max-image-preview":"max-image-preview:large","max-video-preview":"max-video-preview:-1"},"canonical":"https:\/\/helloproject.es\/vigilancia\/el-consumo-de-ultraprocesados-se-ha-triplicado-en-espana-en-las-ultimas-tres-decadas\/","og_locale":"es_ES","og_type":"article","og_title":"El consumo de ultraprocesados se ha triplicado en Espa\u00f1a en las \u00faltimas tres d\u00e9cadas","og_description":"Los ultraprocesados se han convertido en el \u201cnuevo tabaquismo\u201d para la salud p\u00fablica, y Espa\u00f1a es uno de los pa\u00edses donde m\u00e1s ha crecido su consumo, llegando a triplicarse en las tres \u00faltimas tres d\u00e9cadas, seg\u00fan un an\u00e1lisis de la evidencia cient\u00edfica sobre el tema recogido en The Lancet. La revista cient\u00edfica publica un especial [&hellip;]","og_url":"https:\/\/helloproject.es\/vigilancia\/el-consumo-de-ultraprocesados-se-ha-triplicado-en-espana-en-las-ultimas-tres-decadas\/","og_site_name":"bip4ex","article_published_time":"2025-11-19T11:28:31+00:00","author":"Luis Miguel Mej\u00edas Ramos","twitter_card":"summary_large_image","twitter_misc":{"Escrito por":"Luis Miguel Mej\u00edas Ramos","Tiempo de lectura":"4 minutos"},"schema":{"@context":"https:\/\/schema.org","@graph":[{"@type":"Article","@id":"https:\/\/helloproject.es\/vigilancia\/el-consumo-de-ultraprocesados-se-ha-triplicado-en-espana-en-las-ultimas-tres-decadas\/#article","isPartOf":{"@id":"https:\/\/helloproject.es\/vigilancia\/el-consumo-de-ultraprocesados-se-ha-triplicado-en-espana-en-las-ultimas-tres-decadas\/"},"author":{"name":"Luis Miguel Mej\u00edas Ramos","@id":"https:\/\/helloproject.es\/vigilancia\/#\/schema\/person\/3767b0619d59a11570372c821f8619ca"},"headline":"El consumo de ultraprocesados se ha triplicado en Espa\u00f1a en las \u00faltimas tres d\u00e9cadas","datePublished":"2025-11-19T11:28:31+00:00","mainEntityOfPage":{"@id":"https:\/\/helloproject.es\/vigilancia\/el-consumo-de-ultraprocesados-se-ha-triplicado-en-espana-en-las-ultimas-tres-decadas\/"},"wordCount":882,"publisher":{"@id":"https:\/\/helloproject.es\/vigilancia\/#organization"},"articleSection":["Noticias"],"inLanguage":"es"},{"@type":"WebPage","@id":"https:\/\/helloproject.es\/vigilancia\/el-consumo-de-ultraprocesados-se-ha-triplicado-en-espana-en-las-ultimas-tres-decadas\/","url":"https:\/\/helloproject.es\/vigilancia\/el-consumo-de-ultraprocesados-se-ha-triplicado-en-espana-en-las-ultimas-tres-decadas\/","name":"El consumo de ultraprocesados se ha triplicado en Espa\u00f1a en las \u00faltimas tres d\u00e9cadas - bip4ex","isPartOf":{"@id":"https:\/\/helloproject.es\/vigilancia\/#website"},"datePublished":"2025-11-19T11:28:31+00:00","breadcrumb":{"@id":"https:\/\/helloproject.es\/vigilancia\/el-consumo-de-ultraprocesados-se-ha-triplicado-en-espana-en-las-ultimas-tres-decadas\/#breadcrumb"},"inLanguage":"es","potentialAction":[{"@type":"ReadAction","target":["https:\/\/helloproject.es\/vigilancia\/el-consumo-de-ultraprocesados-se-ha-triplicado-en-espana-en-las-ultimas-tres-decadas\/"]}]},{"@type":"BreadcrumbList","@id":"https:\/\/helloproject.es\/vigilancia\/el-consumo-de-ultraprocesados-se-ha-triplicado-en-espana-en-las-ultimas-tres-decadas\/#breadcrumb","itemListElement":[{"@type":"ListItem","position":1,"name":"Home","item":"https:\/\/helloproject.es\/vigilancia\/"},{"@type":"ListItem","position":2,"name":"El consumo de ultraprocesados se ha triplicado en Espa\u00f1a en las \u00faltimas tres d\u00e9cadas"}]},{"@type":"WebSite","@id":"https:\/\/helloproject.es\/vigilancia\/#website","url":"https:\/\/helloproject.es\/vigilancia\/","name":"bip4ex","description":"Vigilancia Tecnol\u00f3gica","publisher":{"@id":"https:\/\/helloproject.es\/vigilancia\/#organization"},"potentialAction":[{"@type":"SearchAction","target":{"@type":"EntryPoint","urlTemplate":"https:\/\/helloproject.es\/vigilancia\/?s={search_term_string}"},"query-input":{"@type":"PropertyValueSpecification","valueRequired":true,"valueName":"search_term_string"}}],"inLanguage":"es"},{"@type":"Organization","@id":"https:\/\/helloproject.es\/vigilancia\/#organization","name":"Helloproject.es","url":"https:\/\/helloproject.es\/vigilancia\/","logo":{"@type":"ImageObject","inLanguage":"es","@id":"https:\/\/helloproject.es\/vigilancia\/#\/schema\/logo\/image\/","url":"https:\/\/helloproject.es\/vigilancia\/wp-content\/uploads\/2023\/07\/bip4ex.png","contentUrl":"https:\/\/helloproject.es\/vigilancia\/wp-content\/uploads\/2023\/07\/bip4ex.png","width":322,"height":365,"caption":"Helloproject.es"},"image":{"@id":"https:\/\/helloproject.es\/vigilancia\/#\/schema\/logo\/image\/"}},{"@type":"Person","@id":"https:\/\/helloproject.es\/vigilancia\/#\/schema\/person\/3767b0619d59a11570372c821f8619ca","name":"Luis Miguel Mej\u00edas Ramos","url":"https:\/\/helloproject.es\/vigilancia\/author\/luismi\/"}]}},"_links":{"self":[{"href":"https:\/\/helloproject.es\/vigilancia\/wp-json\/wp\/v2\/posts\/188465","targetHints":{"allow":["GET"]}}],"collection":[{"href":"https:\/\/helloproject.es\/vigilancia\/wp-json\/wp\/v2\/posts"}],"about":[{"href":"https:\/\/helloproject.es\/vigilancia\/wp-json\/wp\/v2\/types\/post"}],"author":[{"embeddable":true,"href":"https:\/\/helloproject.es\/vigilancia\/wp-json\/wp\/v2\/users\/5"}],"replies":[{"embeddable":true,"href":"https:\/\/helloproject.es\/vigilancia\/wp-json\/wp\/v2\/comments?post=188465"}],"version-history":[{"count":0,"href":"https:\/\/helloproject.es\/vigilancia\/wp-json\/wp\/v2\/posts\/188465\/revisions"}],"wp:attachment":[{"href":"https:\/\/helloproject.es\/vigilancia\/wp-json\/wp\/v2\/media?parent=188465"}],"wp:term":[{"taxonomy":"category","embeddable":true,"href":"https:\/\/helloproject.es\/vigilancia\/wp-json\/wp\/v2\/categories?post=188465"},{"taxonomy":"post_tag","embeddable":true,"href":"https:\/\/helloproject.es\/vigilancia\/wp-json\/wp\/v2\/tags?post=188465"}],"curies":[{"name":"wp","href":"https:\/\/api.w.org\/{rel}","templated":true}]}}