{"id":191546,"date":"2025-12-22T11:28:13","date_gmt":"2025-12-22T10:28:13","guid":{"rendered":"https:\/\/helloproject.es\/vigilancia\/rafael-yuste-pide-proteger-la-privacidad-mental-ante-los-avances-de-la-neurotecnologia\/"},"modified":"2025-12-22T11:28:13","modified_gmt":"2025-12-22T10:28:13","slug":"rafael-yuste-pide-proteger-la-privacidad-mental-ante-los-avances-de-la-neurotecnologia","status":"publish","type":"post","link":"https:\/\/helloproject.es\/vigilancia\/rafael-yuste-pide-proteger-la-privacidad-mental-ante-los-avances-de-la-neurotecnologia\/","title":{"rendered":"Rafael Yuste pide proteger \u201cla privacidad mental\u201d ante los avances de la neurotecnolog\u00eda"},"content":{"rendered":"<p>Rafael Yuste defiende la \u201cprivacidad mental\u201d como uno de los neuroderechos esenciales ante los avances tecnol\u00f3gicos y celebra que el Gobierno y la Comunidad de Madrid eleven a \u201c80 millones cada uno\u201d su aportaci\u00f3n al Centro Nacional de Neurotecnolog\u00eda, ubicado en el campus de la Universidad Aut\u00f3noma de Madrid.<\/p>\n<p>\u201cLo que hoy se puede hacer en ratones, se podr\u00e1 hacer ma\u00f1ana en seres humanos\u201d, advierte el director del Centro de Neurotecnolog\u00eda de la\u00a0Universidad de Columbia (EE UU), donde lleva cuarenta a\u00f1os investigando los circuitos neuronales e impuls\u00f3 el proyecto BRAIN, financiado por la administraci\u00f3n de Barack Obama para mapear el cerebro humano.<\/p>\n<p>Dado que \u201cel cerebro no es un \u00f3rgano m\u00e1s, sino el \u00f3rgano que genera la mente humana\u201d, el riesgo de que la neurotecnolog\u00eda permita \u201cdescifrar y alterar la actividad mental\u201d le llev\u00f3 a convocar una reuni\u00f3n de neurobi\u00f3logos en 2017 para proponer unos \u201cderechos cerebrales\u201d, explic\u00f3 en Fundaci\u00f3n Telef\u00f3nica durante la presentaci\u00f3n de su libro Neuroderechos. Un viaje hacia la protecci\u00f3n de lo que nos hace humanos.<\/p>\n<p><img decoding=\"async\" src=\"https:\/\/www.agenciasinc.es\/bundles\/app\/images\/quotebefore.png\" \/><\/p>\n<p>Hay que proteger la privacidad mental para que el contenido de la actividad cerebral no pueda ser descodificado sin consentimiento, tambi\u00e9n, el derecho a la identidad personal, al yo, a la integridad ps\u00edquica de cada persona<\/p>\n<p>Rafael Yuste, neurobi\u00f3logo<br \/>\n<img decoding=\"async\" src=\"https:\/\/www.agenciasinc.es\/bundles\/app\/images\/quoteafter.png\" \/><\/p>\n<p>Entre ellos, \u201cel m\u00e1s urgente\u201d es el derecho a la privacidad mental, para que \u201cel contenido de la actividad mental no pueda ser descodificado sin consentimiento\u201d, adem\u00e1s del derecho a la identidad personal, \u201cal yo, a la integridad ps\u00edquica\u201d de cada persona.<\/p>\n<p><a><\/a><\/p>\n<h2>Libre albedr\u00edo<\/h2>\n<p>Tambi\u00e9n figuran los derechos al libre albedr\u00edo, a tomar decisiones \u201csin interferencias externas por neurotecnolog\u00eda\u201d; a estar protegidos contra los sesgos de los algoritmos utilizados, as\u00ed como al acceso equitativo a tecnolog\u00edas de \u201caumentaci\u00f3n sensorial y cognitiva\u201d, que podr\u00edan generar discriminaci\u00f3n entre personas \u201caumentadas o no\u201d, seg\u00fan Yuste.<\/p>\n<p>\u201cNo es ciencia ficci\u00f3n. La neurotecnolog\u00eda avanza a todo trapo y la inteligencia artificial tambi\u00e9n\u201d, por lo que estos derechos deben \u201cestar definidos en los tratados de derechos humanos\u201d, subraya.<\/p>\n<p><img decoding=\"async\" src=\"https:\/\/www.agenciasinc.es\/bundles\/app\/images\/quotebefore.png\" \/><\/p>\n<p>No es ciencia ficci\u00f3n. La neurotecnolog\u00eda avanza a todo trapo y la inteligencia artificial tambi\u00e9n\u201d, por lo que estos derechos deben \u201cestar definidos en los tratados de derechos humanos<\/p>\n<p>Rafael Yuste<br \/>\n<img decoding=\"async\" src=\"https:\/\/www.agenciasinc.es\/bundles\/app\/images\/quoteafter.png\" \/><\/p>\n<p>Como \u201cbuena noticia\u201d, hay seis lugares en el mundo donde los neuroderechos o al menos la privacidad mental est\u00e1n protegidos por ley: Chile, el primer pa\u00eds en hacerlo; los estados de R\u00edo Grande del Sur (Brasil), Colorado, California, Montana y Connecticut (EE UU).<\/p>\n<p><a><\/a><\/p>\n<h2>Protecci\u00f3n de datos cerebrales<\/h2>\n<p>En Espa\u00f1a, adem\u00e1s del anteproyecto de Ley de Salud Digital en Cantabria, se trabaja en Madrid en una propuesta similar de \u201cprotecci\u00f3n de datos cerebrales\u201d, que tambi\u00e9n se ha presentado en el Congreso y \u201cest\u00e1 en v\u00edas de tramitaci\u00f3n\u201d, pudiendo aprobarse en 2026, detalla.<\/p>\n<p>Como integrante del Consejo asesor sobre \u00e9tica en inteligencia artificial durante la etapa de la vicepresidenta Nadia Calvi\u00f1o, Yuste particip\u00f3 en la Carta de Derechos Digitales, un documento sin valor legal pero orientativo y \u201cun paso adelante muy valiente\u201d de Espa\u00f1a.<\/p>\n<p>Tras la pandemia, y gracias a los fondos de recuperaci\u00f3n de la UE, se plante\u00f3 crear un proyecto espa\u00f1ol \u201cpara desarrollar m\u00e9todos de neurotecnolog\u00eda de una manera \u00e9tica\u201d, en colaboraci\u00f3n entre el Estado y la Comunidad de Madrid.<\/p>\n<p>El Gobierno, la Comunidad y la Universidad Aut\u00f3noma (UAM) firmaron en diciembre pasado el Centro Nacional de Neurotecnolog\u00eda \u2018Spain Neurotech\u2019, ubicado en el campus de Cantoblanco de la UAM, al que ambas administraciones aportan \u201ccada una 80 millones de euros en un plan a quince a\u00f1os\u201d, adem\u00e1s de 40 millones de fondos europeos.<\/p>\n<p>Yuste se declara \u201crelativamente optimista de que estamos llegando a tiempo\u201d para proteger los neuroderechos, aunque lo ideal es hacerlo desde Naciones Unidas<\/p>\n<p>\u201cHe visto en primera fila c\u00f3mo estas administraciones se han puesto de acuerdo y han puesto incluso m\u00e1s dinero del que hab\u00edamos pedido\u201d, todo ello por \u201cayudar al bien com\u00fan y poniendo la ciencia por encima de los intereses partidistas\u201d, a\u00f1ade.<\/p>\n<p>Ello supone \u201cun mapa de esperanza en que nuestro pa\u00eds se va a poner en la delantera de Europa no solo en desarrollar reglas \u00e9ticas para la utilizaci\u00f3n de neurotecnolog\u00eda sino tambi\u00e9n en fabricar estas herramientas\u201d.<\/p>\n<p>Despu\u00e9s de 40 a\u00f1os trabajando en EEUU, \u201cestoy en transici\u00f3n para estar con un pie en Madrid, otro en Nueva York y en La Coru\u00f1a\u201d, concluye el neurobi\u00f3logo, que se declara \u201crelativamente optimista de que estamos llegando a tiempo\u201d para proteger los neuroderechos, aunque lo ideal es hacerlo desde Naciones Unidas.<\/p>","protected":false},"excerpt":{"rendered":"<p>Rafael Yuste defiende la \u201cprivacidad mental\u201d como uno de los neuroderechos esenciales ante los avances tecnol\u00f3gicos y celebra que el Gobierno y la Comunidad de Madrid eleven a \u201c80 millones cada uno\u201d su aportaci\u00f3n al Centro Nacional de Neurotecnolog\u00eda, ubicado en el campus de la Universidad Aut\u00f3noma de Madrid. \u201cLo que hoy se puede hacer [&hellip;]<\/p>\n","protected":false},"author":5,"featured_media":0,"comment_status":"","ping_status":"","sticky":false,"template":"","format":"standard","meta":{"site-sidebar-layout":"default","site-content-layout":"","ast-site-content-layout":"default","site-content-style":"default","site-sidebar-style":"default","ast-global-header-display":"","ast-banner-title-visibility":"","ast-main-header-display":"","ast-hfb-above-header-display":"","ast-hfb-below-header-display":"","ast-hfb-mobile-header-display":"","site-post-title":"","ast-breadcrumbs-content":"","ast-featured-img":"","footer-sml-layout":"","ast-disable-related-posts":"","theme-transparent-header-meta":"","adv-header-id-meta":"","stick-header-meta":"","header-above-stick-meta":"","header-main-stick-meta":"","header-below-stick-meta":"","astra-migrate-meta-layouts":"default","ast-page-background-enabled":"default","ast-page-background-meta":{"desktop":{"background-color":"var(--ast-global-color-4)","background-image":"","background-repeat":"repeat","background-position":"center center","background-size":"auto","background-attachment":"scroll","background-type":"","background-media":"","overlay-type":"","overlay-color":"","overlay-opacity":"","overlay-gradient":""},"tablet":{"background-color":"","background-image":"","background-repeat":"repeat","background-position":"center center","background-size":"auto","background-attachment":"scroll","background-type":"","background-media":"","overlay-type":"","overlay-color":"","overlay-opacity":"","overlay-gradient":""},"mobile":{"background-color":"","background-image":"","background-repeat":"repeat","background-position":"center center","background-size":"auto","background-attachment":"scroll","background-type":"","background-media":"","overlay-type":"","overlay-color":"","overlay-opacity":"","overlay-gradient":""}},"ast-content-background-meta":{"desktop":{"background-color":"var(--ast-global-color-5)","background-image":"","background-repeat":"repeat","background-position":"center center","background-size":"auto","background-attachment":"scroll","background-type":"","background-media":"","overlay-type":"","overlay-color":"","overlay-opacity":"","overlay-gradient":""},"tablet":{"background-color":"var(--ast-global-color-5)","background-image":"","background-repeat":"repeat","background-position":"center center","background-size":"auto","background-attachment":"scroll","background-type":"","background-media":"","overlay-type":"","overlay-color":"","overlay-opacity":"","overlay-gradient":""},"mobile":{"background-color":"var(--ast-global-color-5)","background-image":"","background-repeat":"repeat","background-position":"center center","background-size":"auto","background-attachment":"scroll","background-type":"","background-media":"","overlay-type":"","overlay-color":"","overlay-opacity":"","overlay-gradient":""}},"footnotes":""},"categories":[5],"tags":[],"class_list":["post-191546","post","type-post","status-publish","format-standard","hentry","category-noticias"],"yoast_head":"<!-- This site is optimized with the Yoast SEO Premium plugin v20.9 (Yoast SEO v27.4) - https:\/\/yoast.com\/product\/yoast-seo-premium-wordpress\/ -->\n<title>Rafael Yuste pide proteger \u201cla privacidad mental\u201d ante los avances de la neurotecnolog\u00eda - bip4ex<\/title>\n<meta name=\"robots\" content=\"index, follow, max-snippet:-1, max-image-preview:large, max-video-preview:-1\" \/>\n<link rel=\"canonical\" href=\"https:\/\/helloproject.es\/vigilancia\/rafael-yuste-pide-proteger-la-privacidad-mental-ante-los-avances-de-la-neurotecnologia\/\" \/>\n<meta property=\"og:locale\" content=\"es_ES\" \/>\n<meta property=\"og:type\" content=\"article\" \/>\n<meta property=\"og:title\" content=\"Rafael Yuste pide proteger \u201cla privacidad mental\u201d ante los avances de la neurotecnolog\u00eda\" \/>\n<meta property=\"og:description\" content=\"Rafael Yuste defiende la \u201cprivacidad mental\u201d como uno de los neuroderechos esenciales ante los avances tecnol\u00f3gicos y celebra que el Gobierno y la Comunidad de Madrid eleven a \u201c80 millones cada uno\u201d su aportaci\u00f3n al Centro Nacional de Neurotecnolog\u00eda, ubicado en el campus de la Universidad Aut\u00f3noma de Madrid. \u201cLo que hoy se puede hacer [&hellip;]\" \/>\n<meta property=\"og:url\" content=\"https:\/\/helloproject.es\/vigilancia\/rafael-yuste-pide-proteger-la-privacidad-mental-ante-los-avances-de-la-neurotecnologia\/\" \/>\n<meta property=\"og:site_name\" content=\"bip4ex\" \/>\n<meta property=\"article:published_time\" content=\"2025-12-22T10:28:13+00:00\" \/>\n<meta property=\"og:image\" content=\"https:\/\/www.agenciasinc.es\/bundles\/app\/images\/quotebefore.png\" \/>\n<meta name=\"author\" content=\"Luis Miguel Mej\u00edas Ramos\" \/>\n<meta name=\"twitter:card\" content=\"summary_large_image\" \/>\n<meta name=\"twitter:label1\" content=\"Escrito por\" \/>\n\t<meta name=\"twitter:data1\" content=\"Luis Miguel Mej\u00edas Ramos\" \/>\n\t<meta name=\"twitter:label2\" content=\"Tiempo de lectura\" \/>\n\t<meta name=\"twitter:data2\" content=\"4 minutos\" \/>\n<script type=\"application\/ld+json\" class=\"yoast-schema-graph\">{\"@context\":\"https:\\\/\\\/schema.org\",\"@graph\":[{\"@type\":\"Article\",\"@id\":\"https:\\\/\\\/helloproject.es\\\/vigilancia\\\/rafael-yuste-pide-proteger-la-privacidad-mental-ante-los-avances-de-la-neurotecnologia\\\/#article\",\"isPartOf\":{\"@id\":\"https:\\\/\\\/helloproject.es\\\/vigilancia\\\/rafael-yuste-pide-proteger-la-privacidad-mental-ante-los-avances-de-la-neurotecnologia\\\/\"},\"author\":{\"name\":\"Luis Miguel Mej\u00edas Ramos\",\"@id\":\"https:\\\/\\\/helloproject.es\\\/vigilancia\\\/#\\\/schema\\\/person\\\/3767b0619d59a11570372c821f8619ca\"},\"headline\":\"Rafael Yuste pide proteger \u201cla privacidad mental\u201d ante los avances de la neurotecnolog\u00eda\",\"datePublished\":\"2025-12-22T10:28:13+00:00\",\"mainEntityOfPage\":{\"@id\":\"https:\\\/\\\/helloproject.es\\\/vigilancia\\\/rafael-yuste-pide-proteger-la-privacidad-mental-ante-los-avances-de-la-neurotecnologia\\\/\"},\"wordCount\":816,\"publisher\":{\"@id\":\"https:\\\/\\\/helloproject.es\\\/vigilancia\\\/#organization\"},\"image\":{\"@id\":\"https:\\\/\\\/helloproject.es\\\/vigilancia\\\/rafael-yuste-pide-proteger-la-privacidad-mental-ante-los-avances-de-la-neurotecnologia\\\/#primaryimage\"},\"thumbnailUrl\":\"https:\\\/\\\/www.agenciasinc.es\\\/bundles\\\/app\\\/images\\\/quotebefore.png\",\"articleSection\":[\"Noticias\"],\"inLanguage\":\"es\"},{\"@type\":\"WebPage\",\"@id\":\"https:\\\/\\\/helloproject.es\\\/vigilancia\\\/rafael-yuste-pide-proteger-la-privacidad-mental-ante-los-avances-de-la-neurotecnologia\\\/\",\"url\":\"https:\\\/\\\/helloproject.es\\\/vigilancia\\\/rafael-yuste-pide-proteger-la-privacidad-mental-ante-los-avances-de-la-neurotecnologia\\\/\",\"name\":\"Rafael Yuste pide proteger \u201cla privacidad mental\u201d ante los avances de la neurotecnolog\u00eda - bip4ex\",\"isPartOf\":{\"@id\":\"https:\\\/\\\/helloproject.es\\\/vigilancia\\\/#website\"},\"primaryImageOfPage\":{\"@id\":\"https:\\\/\\\/helloproject.es\\\/vigilancia\\\/rafael-yuste-pide-proteger-la-privacidad-mental-ante-los-avances-de-la-neurotecnologia\\\/#primaryimage\"},\"image\":{\"@id\":\"https:\\\/\\\/helloproject.es\\\/vigilancia\\\/rafael-yuste-pide-proteger-la-privacidad-mental-ante-los-avances-de-la-neurotecnologia\\\/#primaryimage\"},\"thumbnailUrl\":\"https:\\\/\\\/www.agenciasinc.es\\\/bundles\\\/app\\\/images\\\/quotebefore.png\",\"datePublished\":\"2025-12-22T10:28:13+00:00\",\"breadcrumb\":{\"@id\":\"https:\\\/\\\/helloproject.es\\\/vigilancia\\\/rafael-yuste-pide-proteger-la-privacidad-mental-ante-los-avances-de-la-neurotecnologia\\\/#breadcrumb\"},\"inLanguage\":\"es\",\"potentialAction\":[{\"@type\":\"ReadAction\",\"target\":[\"https:\\\/\\\/helloproject.es\\\/vigilancia\\\/rafael-yuste-pide-proteger-la-privacidad-mental-ante-los-avances-de-la-neurotecnologia\\\/\"]}]},{\"@type\":\"ImageObject\",\"inLanguage\":\"es\",\"@id\":\"https:\\\/\\\/helloproject.es\\\/vigilancia\\\/rafael-yuste-pide-proteger-la-privacidad-mental-ante-los-avances-de-la-neurotecnologia\\\/#primaryimage\",\"url\":\"https:\\\/\\\/www.agenciasinc.es\\\/bundles\\\/app\\\/images\\\/quotebefore.png\",\"contentUrl\":\"https:\\\/\\\/www.agenciasinc.es\\\/bundles\\\/app\\\/images\\\/quotebefore.png\"},{\"@type\":\"BreadcrumbList\",\"@id\":\"https:\\\/\\\/helloproject.es\\\/vigilancia\\\/rafael-yuste-pide-proteger-la-privacidad-mental-ante-los-avances-de-la-neurotecnologia\\\/#breadcrumb\",\"itemListElement\":[{\"@type\":\"ListItem\",\"position\":1,\"name\":\"Home\",\"item\":\"https:\\\/\\\/helloproject.es\\\/vigilancia\\\/\"},{\"@type\":\"ListItem\",\"position\":2,\"name\":\"Rafael Yuste pide proteger \u201cla privacidad mental\u201d ante los avances de la neurotecnolog\u00eda\"}]},{\"@type\":\"WebSite\",\"@id\":\"https:\\\/\\\/helloproject.es\\\/vigilancia\\\/#website\",\"url\":\"https:\\\/\\\/helloproject.es\\\/vigilancia\\\/\",\"name\":\"bip4ex\",\"description\":\"Vigilancia Tecnol\u00f3gica\",\"publisher\":{\"@id\":\"https:\\\/\\\/helloproject.es\\\/vigilancia\\\/#organization\"},\"potentialAction\":[{\"@type\":\"SearchAction\",\"target\":{\"@type\":\"EntryPoint\",\"urlTemplate\":\"https:\\\/\\\/helloproject.es\\\/vigilancia\\\/?s={search_term_string}\"},\"query-input\":{\"@type\":\"PropertyValueSpecification\",\"valueRequired\":true,\"valueName\":\"search_term_string\"}}],\"inLanguage\":\"es\"},{\"@type\":\"Organization\",\"@id\":\"https:\\\/\\\/helloproject.es\\\/vigilancia\\\/#organization\",\"name\":\"Helloproject.es\",\"url\":\"https:\\\/\\\/helloproject.es\\\/vigilancia\\\/\",\"logo\":{\"@type\":\"ImageObject\",\"inLanguage\":\"es\",\"@id\":\"https:\\\/\\\/helloproject.es\\\/vigilancia\\\/#\\\/schema\\\/logo\\\/image\\\/\",\"url\":\"https:\\\/\\\/helloproject.es\\\/vigilancia\\\/wp-content\\\/uploads\\\/2023\\\/07\\\/bip4ex.png\",\"contentUrl\":\"https:\\\/\\\/helloproject.es\\\/vigilancia\\\/wp-content\\\/uploads\\\/2023\\\/07\\\/bip4ex.png\",\"width\":322,\"height\":365,\"caption\":\"Helloproject.es\"},\"image\":{\"@id\":\"https:\\\/\\\/helloproject.es\\\/vigilancia\\\/#\\\/schema\\\/logo\\\/image\\\/\"}},{\"@type\":\"Person\",\"@id\":\"https:\\\/\\\/helloproject.es\\\/vigilancia\\\/#\\\/schema\\\/person\\\/3767b0619d59a11570372c821f8619ca\",\"name\":\"Luis Miguel Mej\u00edas Ramos\",\"url\":\"https:\\\/\\\/helloproject.es\\\/vigilancia\\\/author\\\/luismi\\\/\"}]}<\/script>\n<!-- \/ Yoast SEO Premium plugin. -->","yoast_head_json":{"title":"Rafael Yuste pide proteger \u201cla privacidad mental\u201d ante los avances de la neurotecnolog\u00eda - bip4ex","robots":{"index":"index","follow":"follow","max-snippet":"max-snippet:-1","max-image-preview":"max-image-preview:large","max-video-preview":"max-video-preview:-1"},"canonical":"https:\/\/helloproject.es\/vigilancia\/rafael-yuste-pide-proteger-la-privacidad-mental-ante-los-avances-de-la-neurotecnologia\/","og_locale":"es_ES","og_type":"article","og_title":"Rafael Yuste pide proteger \u201cla privacidad mental\u201d ante los avances de la neurotecnolog\u00eda","og_description":"Rafael Yuste defiende la \u201cprivacidad mental\u201d como uno de los neuroderechos esenciales ante los avances tecnol\u00f3gicos y celebra que el Gobierno y la Comunidad de Madrid eleven a \u201c80 millones cada uno\u201d su aportaci\u00f3n al Centro Nacional de Neurotecnolog\u00eda, ubicado en el campus de la Universidad Aut\u00f3noma de Madrid. \u201cLo que hoy se puede hacer [&hellip;]","og_url":"https:\/\/helloproject.es\/vigilancia\/rafael-yuste-pide-proteger-la-privacidad-mental-ante-los-avances-de-la-neurotecnologia\/","og_site_name":"bip4ex","article_published_time":"2025-12-22T10:28:13+00:00","og_image":[{"url":"https:\/\/www.agenciasinc.es\/bundles\/app\/images\/quotebefore.png","type":"","width":"","height":""}],"author":"Luis Miguel Mej\u00edas Ramos","twitter_card":"summary_large_image","twitter_misc":{"Escrito por":"Luis Miguel Mej\u00edas Ramos","Tiempo de lectura":"4 minutos"},"schema":{"@context":"https:\/\/schema.org","@graph":[{"@type":"Article","@id":"https:\/\/helloproject.es\/vigilancia\/rafael-yuste-pide-proteger-la-privacidad-mental-ante-los-avances-de-la-neurotecnologia\/#article","isPartOf":{"@id":"https:\/\/helloproject.es\/vigilancia\/rafael-yuste-pide-proteger-la-privacidad-mental-ante-los-avances-de-la-neurotecnologia\/"},"author":{"name":"Luis Miguel Mej\u00edas Ramos","@id":"https:\/\/helloproject.es\/vigilancia\/#\/schema\/person\/3767b0619d59a11570372c821f8619ca"},"headline":"Rafael Yuste pide proteger \u201cla privacidad mental\u201d ante los avances de la neurotecnolog\u00eda","datePublished":"2025-12-22T10:28:13+00:00","mainEntityOfPage":{"@id":"https:\/\/helloproject.es\/vigilancia\/rafael-yuste-pide-proteger-la-privacidad-mental-ante-los-avances-de-la-neurotecnologia\/"},"wordCount":816,"publisher":{"@id":"https:\/\/helloproject.es\/vigilancia\/#organization"},"image":{"@id":"https:\/\/helloproject.es\/vigilancia\/rafael-yuste-pide-proteger-la-privacidad-mental-ante-los-avances-de-la-neurotecnologia\/#primaryimage"},"thumbnailUrl":"https:\/\/www.agenciasinc.es\/bundles\/app\/images\/quotebefore.png","articleSection":["Noticias"],"inLanguage":"es"},{"@type":"WebPage","@id":"https:\/\/helloproject.es\/vigilancia\/rafael-yuste-pide-proteger-la-privacidad-mental-ante-los-avances-de-la-neurotecnologia\/","url":"https:\/\/helloproject.es\/vigilancia\/rafael-yuste-pide-proteger-la-privacidad-mental-ante-los-avances-de-la-neurotecnologia\/","name":"Rafael Yuste pide proteger \u201cla privacidad mental\u201d ante los avances de la neurotecnolog\u00eda - bip4ex","isPartOf":{"@id":"https:\/\/helloproject.es\/vigilancia\/#website"},"primaryImageOfPage":{"@id":"https:\/\/helloproject.es\/vigilancia\/rafael-yuste-pide-proteger-la-privacidad-mental-ante-los-avances-de-la-neurotecnologia\/#primaryimage"},"image":{"@id":"https:\/\/helloproject.es\/vigilancia\/rafael-yuste-pide-proteger-la-privacidad-mental-ante-los-avances-de-la-neurotecnologia\/#primaryimage"},"thumbnailUrl":"https:\/\/www.agenciasinc.es\/bundles\/app\/images\/quotebefore.png","datePublished":"2025-12-22T10:28:13+00:00","breadcrumb":{"@id":"https:\/\/helloproject.es\/vigilancia\/rafael-yuste-pide-proteger-la-privacidad-mental-ante-los-avances-de-la-neurotecnologia\/#breadcrumb"},"inLanguage":"es","potentialAction":[{"@type":"ReadAction","target":["https:\/\/helloproject.es\/vigilancia\/rafael-yuste-pide-proteger-la-privacidad-mental-ante-los-avances-de-la-neurotecnologia\/"]}]},{"@type":"ImageObject","inLanguage":"es","@id":"https:\/\/helloproject.es\/vigilancia\/rafael-yuste-pide-proteger-la-privacidad-mental-ante-los-avances-de-la-neurotecnologia\/#primaryimage","url":"https:\/\/www.agenciasinc.es\/bundles\/app\/images\/quotebefore.png","contentUrl":"https:\/\/www.agenciasinc.es\/bundles\/app\/images\/quotebefore.png"},{"@type":"BreadcrumbList","@id":"https:\/\/helloproject.es\/vigilancia\/rafael-yuste-pide-proteger-la-privacidad-mental-ante-los-avances-de-la-neurotecnologia\/#breadcrumb","itemListElement":[{"@type":"ListItem","position":1,"name":"Home","item":"https:\/\/helloproject.es\/vigilancia\/"},{"@type":"ListItem","position":2,"name":"Rafael Yuste pide proteger \u201cla privacidad mental\u201d ante los avances de la neurotecnolog\u00eda"}]},{"@type":"WebSite","@id":"https:\/\/helloproject.es\/vigilancia\/#website","url":"https:\/\/helloproject.es\/vigilancia\/","name":"bip4ex","description":"Vigilancia Tecnol\u00f3gica","publisher":{"@id":"https:\/\/helloproject.es\/vigilancia\/#organization"},"potentialAction":[{"@type":"SearchAction","target":{"@type":"EntryPoint","urlTemplate":"https:\/\/helloproject.es\/vigilancia\/?s={search_term_string}"},"query-input":{"@type":"PropertyValueSpecification","valueRequired":true,"valueName":"search_term_string"}}],"inLanguage":"es"},{"@type":"Organization","@id":"https:\/\/helloproject.es\/vigilancia\/#organization","name":"Helloproject.es","url":"https:\/\/helloproject.es\/vigilancia\/","logo":{"@type":"ImageObject","inLanguage":"es","@id":"https:\/\/helloproject.es\/vigilancia\/#\/schema\/logo\/image\/","url":"https:\/\/helloproject.es\/vigilancia\/wp-content\/uploads\/2023\/07\/bip4ex.png","contentUrl":"https:\/\/helloproject.es\/vigilancia\/wp-content\/uploads\/2023\/07\/bip4ex.png","width":322,"height":365,"caption":"Helloproject.es"},"image":{"@id":"https:\/\/helloproject.es\/vigilancia\/#\/schema\/logo\/image\/"}},{"@type":"Person","@id":"https:\/\/helloproject.es\/vigilancia\/#\/schema\/person\/3767b0619d59a11570372c821f8619ca","name":"Luis Miguel Mej\u00edas Ramos","url":"https:\/\/helloproject.es\/vigilancia\/author\/luismi\/"}]}},"_links":{"self":[{"href":"https:\/\/helloproject.es\/vigilancia\/wp-json\/wp\/v2\/posts\/191546","targetHints":{"allow":["GET"]}}],"collection":[{"href":"https:\/\/helloproject.es\/vigilancia\/wp-json\/wp\/v2\/posts"}],"about":[{"href":"https:\/\/helloproject.es\/vigilancia\/wp-json\/wp\/v2\/types\/post"}],"author":[{"embeddable":true,"href":"https:\/\/helloproject.es\/vigilancia\/wp-json\/wp\/v2\/users\/5"}],"replies":[{"embeddable":true,"href":"https:\/\/helloproject.es\/vigilancia\/wp-json\/wp\/v2\/comments?post=191546"}],"version-history":[{"count":0,"href":"https:\/\/helloproject.es\/vigilancia\/wp-json\/wp\/v2\/posts\/191546\/revisions"}],"wp:attachment":[{"href":"https:\/\/helloproject.es\/vigilancia\/wp-json\/wp\/v2\/media?parent=191546"}],"wp:term":[{"taxonomy":"category","embeddable":true,"href":"https:\/\/helloproject.es\/vigilancia\/wp-json\/wp\/v2\/categories?post=191546"},{"taxonomy":"post_tag","embeddable":true,"href":"https:\/\/helloproject.es\/vigilancia\/wp-json\/wp\/v2\/tags?post=191546"}],"curies":[{"name":"wp","href":"https:\/\/api.w.org\/{rel}","templated":true}]}}