{"id":191628,"date":"2025-12-23T08:28:04","date_gmt":"2025-12-23T07:28:04","guid":{"rendered":"https:\/\/helloproject.es\/vigilancia\/cannabis-en-la-adolescencia-incluso-su-uso-ocasional-se-vincula-a-peores-notas-y-animo\/"},"modified":"2025-12-23T08:28:04","modified_gmt":"2025-12-23T07:28:04","slug":"cannabis-en-la-adolescencia-incluso-su-uso-ocasional-se-vincula-a-peores-notas-y-animo","status":"publish","type":"post","link":"https:\/\/helloproject.es\/vigilancia\/cannabis-en-la-adolescencia-incluso-su-uso-ocasional-se-vincula-a-peores-notas-y-animo\/","title":{"rendered":"Cannabis en la adolescencia: incluso su uso ocasional se vincula a peores notas y \u00e1nimo"},"content":{"rendered":"<p>El consumo de marihuana una o dos veces al mes se asoci\u00f3 con un peor rendimiento escolar y angustia emocional en los adolescentes, seg\u00fan un estudio en EE UU dirigido por Ryan Sult\u00e1n, profesor adjunto de psiquiatr\u00eda cl\u00ednica de la Universidad de Columbia. Es m\u00e1s, cuanto m\u00e1s frecuentemente tomaban cannabis los j\u00f3venes, m\u00e1s probabilidades ten\u00edan de manifestar malestar emocional y otros problemas sociales y acad\u00e9micos.<\/p>\n<p>\u201cMientras que estudios anteriores se han centrado en los efectos del uso frecuente de cannabis entre los adolescentes, nuestro estudio descubri\u00f3 que cualquier cantidad puede poner a los menores en riesgo de quedarse atr\u00e1s en la escuela. Y aquellos que lo consumen con m\u00e1s frecuencia pueden tener el mayor riesgo\u201d, afirma Sult\u00e1n, que estudia el consumo de sustancias en esta poblaci\u00f3n.<\/p>\n<p><img decoding=\"async\" src=\"https:\/\/www.agenciasinc.es\/bundles\/app\/images\/quotebefore.png\" \/><\/p>\n<p>Unos pocos porros \u2018inofensivos\u2019 pueden tener consecuencias acad\u00e9micas reales<\/p>\n<p>Ryan Sult\u00e1n, Univ. de Columbia<br \/>\n<img decoding=\"async\" src=\"https:\/\/www.agenciasinc.es\/bundles\/app\/images\/quoteafter.png\" \/><\/p>\n<p>\u201cUnos pocos porros \u2018inofensivos\u2019 pueden tener consecuencias acad\u00e9micas reales. Los adolescentes que lo toman habitualmente suelen tener dificultades para concentrarse, faltan a clase y pueden perder inter\u00e9s en sus planes de futuro\u201d, a\u00f1ade el especialista.<\/p>\n<p>                        <a href=\"https:\/\/www.agenciasinc.es\/Reportajes\/El-cannabis-que-se-fuma-hoy-es-tres-veces-mas-toxico-que-hace-una-decada\"><br \/>\n                            <img decoding=\"async\" src=\"https:\/\/cdn.agenciasinc.es\/var\/ezwebin_site\/storage\/images\/reportajes\/el-cannabis-que-se-fuma-hoy-es-tres-veces-mas-toxico-que-hace-una-decada\/12326510-1-esl-MX\/El-cannabis-que-se-fuma-hoy-es-tres-veces-mas-toxico-que-hace-una-decada.jpg\" alt=\"El cannabis que se fuma hoy es tres veces m\u00e1s t\u00f3xico que hace una d\u00e9cada\" title=\"El cannabis que se fuma hoy es tres veces m\u00e1s t\u00f3xico que hace una d\u00e9cada\" class=\"small_fotoderecha_img\" loading=\"lazy\" \/><br \/>\n                        <\/a><\/p>\n<p>                    <a href=\"https:\/\/www.agenciasinc.es\/Reportajes\/El-cannabis-que-se-fuma-hoy-es-tres-veces-mas-toxico-que-hace-una-decada\" class=\"small_fotoderecha_titulo\"><\/a><\/p>\n<h3 class=\"small_fotoderecha_titulo\">El cannabis que se fuma hoy es tres veces m\u00e1s t\u00f3xico que hace una d\u00e9cada<\/h3>\n<p>                    <\/p>\n<p>                                                                                                                                                <a href=\"https:\/\/www.agenciasinc.es\/Autor\/Laura-G.-De-Rivera\"><br \/>\n                                        Laura G. De Rivera<br \/>\n                                        <\/a>                                                                                                <\/p>\n<p><a><\/a><\/p>\n<h2>Cambios en las tendencias de uso de drogas<\/h2>\n<p>Si bien el consumo de muchas sustancias se encuentra en m\u00ednimos hist\u00f3ricos entre los j\u00f3venes estadounidenses, el cannabis sigue siendo una excepci\u00f3n. Aproximadamente 1 de cada 5 estudiantes de secundaria lo toma en la actualidad, y alrededor del 6 % de los alumnos de 12 \u00ba curso (el equivalente a 2\u00ba de Bachillerato en Espa\u00f1a) lo consume a diario, una tasa que ha aumentado en la \u00faltima d\u00e9cada.\u00a0<\/p>\n<p>Si bien el consumo de muchas sustancias se encuentra en m\u00ednimos hist\u00f3ricos entre los j\u00f3venes estadounidenses, el cannabis sigue siendo una excepci\u00f3n<\/p>\n<p>\u201cEl impacto puede ser dram\u00e1tico\u201d, subraya Sult\u00e1n. \u201cNo es raro que un adolescente fume marihuana solo unas pocas veces antes de mostrar signos de abstinencia y empeoramiento del estado de \u00e1nimo\u201d.<\/p>\n<p>Los cient\u00edficos est\u00e1n especialmente preocupados porque los productos de cannabis actuales contienen entre dos y tres veces m\u00e1s THC (el ingrediente que provoca el efecto psicoactivo) que en el pasado, lo que los hace m\u00e1s potentes.<\/p>\n<p><a><\/a><\/p>\n<h2>Una etapa decisiva para el cerebro<\/h2>\n<p>Adem\u00e1s, estudios anteriores han demostrado que su consumo durante la adolescencia, cuando el cerebro a\u00fan est\u00e1 desarrollando conexiones neuronales fundamentales, puede tener efectos duraderos en las funciones cognitivas que son cruciales para el rendimiento acad\u00e9mico.<\/p>\n<p><img decoding=\"async\" src=\"https:\/\/www.agenciasinc.es\/bundles\/app\/images\/quotebefore.png\" \/><\/p>\n<p>El consumo de cannabis, incluso de forma ocasional, durante estos per\u00edodos cr\u00edticos de crecimiento puede descarrilar el desarrollo normal<\/p>\n<p>Tim Becker, Weill Cornell Medicine<br \/>\n<img decoding=\"async\" src=\"https:\/\/www.agenciasinc.es\/bundles\/app\/images\/quoteafter.png\" \/><\/p>\n<p>\u201cEl cerebro de un adolescente a\u00fan est\u00e1 desarrollando los circuitos para el aprendizaje, el autocontrol y la regulaci\u00f3n emocional\u201d, afirma Tim Becker, psiquiatra infantil y adolescente del Weill Cornell Medicine y coautor del estudio. \u201cEl consumo de cannabis, incluso de forma ocasional, durante estos per\u00edodos cr\u00edticos de crecimiento interfiere en esos procesos y puede descarrilar el desarrollo normal\u201d.<\/p>\n<p><a><\/a><\/p>\n<h2>S\u00edntomas similares a la depresi\u00f3n y ansiedad<\/h2>\n<p>El nuevo estudio analiz\u00f3 los datos de una encuesta nacional realizada entre m\u00e1s de 160 000 estudiantes estadounidenses de 8.\u00ba, 10.\u00ba y 12.\u00ba grado (2\u00ba y 4\u00ba de la ESO y 2\u00ba de Bachillerato) entre 2018 y 2022. M\u00e1s de una cuarta parte de los encuestados declararon consumir cannabis; menos del 20 % dijeron tomarlo una vez al mes o con menos frecuencia; y un porcentaje mucho menor afirmaron que lo hac\u00edan semanalmente o casi a diario.<\/p>\n<p>Los adolescentes que consum\u00edan cannabis una o dos veces al mes mostraron \u00edndices m\u00e1s altos de s\u00edntomas similares a la depresi\u00f3n, ansiedad y comportamiento impulsivo que los que no lo usaban<\/p>\n<p>As\u00ed, los adolescentes que consum\u00edan cannabis una o dos veces al mes mostraron \u00edndices m\u00e1s altos de s\u00edntomas similares a la depresi\u00f3n, ansiedad y comportamiento impulsivo que los que no lo usaban.<\/p>\n<p>Los consumidores casi diarios ten\u00edan casi cuatro veces m\u00e1s probabilidades de sacar malas notas y se desvinculaban con frecuencia de las actividades escolares. Adem\u00e1s, estas asociaciones eran a\u00fan m\u00e1s fuertes en los usuarios m\u00e1s j\u00f3venes.<\/p>\n<p><a><\/a><\/p>\n<h2>Consejos para padres y cuidadores<\/h2>\n<p>Los expertos recomiendan mantener conversaciones francas y sin prejuicios con los adolescentes sobre el cannabis desde una edad temprana y con frecuencia.\u00a0<\/p>\n<p>\u201cAseg\u00farense de que entiendan que \u2018natural\u2019 no significa \u2018seguro\u2019\u201d, concluye Sult\u00e1n. \u201cLos padres tambi\u00e9n deben estar atentos a se\u00f1ales de alerta como el descenso en las calificaciones, los cambios de humor o la p\u00e9rdida de inter\u00e9s en las aficiones, y considerar que el cannabis podr\u00eda ser la explicaci\u00f3n\u201d.<\/p>\n<p>Referencia:<\/p>\n<p>Ryan Sult\u00e1n et al.: \u2018Cannabis Use Among US Adolescents\u2019. Pediatrics 2025<\/p>","protected":false},"excerpt":{"rendered":"<p>El consumo de marihuana una o dos veces al mes se asoci\u00f3 con un peor rendimiento escolar y angustia emocional en los adolescentes, seg\u00fan un estudio en EE UU dirigido por Ryan Sult\u00e1n, profesor adjunto de psiquiatr\u00eda cl\u00ednica de la Universidad de Columbia. Es m\u00e1s, cuanto m\u00e1s frecuentemente tomaban cannabis los j\u00f3venes, m\u00e1s probabilidades ten\u00edan [&hellip;]<\/p>\n","protected":false},"author":5,"featured_media":0,"comment_status":"","ping_status":"","sticky":false,"template":"","format":"standard","meta":{"site-sidebar-layout":"default","site-content-layout":"","ast-site-content-layout":"default","site-content-style":"default","site-sidebar-style":"default","ast-global-header-display":"","ast-banner-title-visibility":"","ast-main-header-display":"","ast-hfb-above-header-display":"","ast-hfb-below-header-display":"","ast-hfb-mobile-header-display":"","site-post-title":"","ast-breadcrumbs-content":"","ast-featured-img":"","footer-sml-layout":"","ast-disable-related-posts":"","theme-transparent-header-meta":"","adv-header-id-meta":"","stick-header-meta":"","header-above-stick-meta":"","header-main-stick-meta":"","header-below-stick-meta":"","astra-migrate-meta-layouts":"default","ast-page-background-enabled":"default","ast-page-background-meta":{"desktop":{"background-color":"var(--ast-global-color-4)","background-image":"","background-repeat":"repeat","background-position":"center center","background-size":"auto","background-attachment":"scroll","background-type":"","background-media":"","overlay-type":"","overlay-color":"","overlay-opacity":"","overlay-gradient":""},"tablet":{"background-color":"","background-image":"","background-repeat":"repeat","background-position":"center center","background-size":"auto","background-attachment":"scroll","background-type":"","background-media":"","overlay-type":"","overlay-color":"","overlay-opacity":"","overlay-gradient":""},"mobile":{"background-color":"","background-image":"","background-repeat":"repeat","background-position":"center center","background-size":"auto","background-attachment":"scroll","background-type":"","background-media":"","overlay-type":"","overlay-color":"","overlay-opacity":"","overlay-gradient":""}},"ast-content-background-meta":{"desktop":{"background-color":"var(--ast-global-color-5)","background-image":"","background-repeat":"repeat","background-position":"center center","background-size":"auto","background-attachment":"scroll","background-type":"","background-media":"","overlay-type":"","overlay-color":"","overlay-opacity":"","overlay-gradient":""},"tablet":{"background-color":"var(--ast-global-color-5)","background-image":"","background-repeat":"repeat","background-position":"center center","background-size":"auto","background-attachment":"scroll","background-type":"","background-media":"","overlay-type":"","overlay-color":"","overlay-opacity":"","overlay-gradient":""},"mobile":{"background-color":"var(--ast-global-color-5)","background-image":"","background-repeat":"repeat","background-position":"center center","background-size":"auto","background-attachment":"scroll","background-type":"","background-media":"","overlay-type":"","overlay-color":"","overlay-opacity":"","overlay-gradient":""}},"footnotes":""},"categories":[5],"tags":[],"class_list":["post-191628","post","type-post","status-publish","format-standard","hentry","category-noticias"],"yoast_head":"<!-- This site is optimized with the Yoast SEO Premium plugin v20.9 (Yoast SEO v27.4) - https:\/\/yoast.com\/product\/yoast-seo-premium-wordpress\/ -->\n<title>Cannabis en la adolescencia: incluso su uso ocasional se vincula a peores notas y \u00e1nimo - bip4ex<\/title>\n<meta name=\"robots\" content=\"index, follow, max-snippet:-1, max-image-preview:large, max-video-preview:-1\" \/>\n<link rel=\"canonical\" href=\"https:\/\/helloproject.es\/vigilancia\/cannabis-en-la-adolescencia-incluso-su-uso-ocasional-se-vincula-a-peores-notas-y-animo\/\" \/>\n<meta property=\"og:locale\" content=\"es_ES\" \/>\n<meta property=\"og:type\" content=\"article\" \/>\n<meta property=\"og:title\" content=\"Cannabis en la adolescencia: incluso su uso ocasional se vincula a peores notas y \u00e1nimo\" \/>\n<meta property=\"og:description\" content=\"El consumo de marihuana una o dos veces al mes se asoci\u00f3 con un peor rendimiento escolar y angustia emocional en los adolescentes, seg\u00fan un estudio en EE UU dirigido por Ryan Sult\u00e1n, profesor adjunto de psiquiatr\u00eda cl\u00ednica de la Universidad de Columbia. Es m\u00e1s, cuanto m\u00e1s frecuentemente tomaban cannabis los j\u00f3venes, m\u00e1s probabilidades ten\u00edan [&hellip;]\" \/>\n<meta property=\"og:url\" content=\"https:\/\/helloproject.es\/vigilancia\/cannabis-en-la-adolescencia-incluso-su-uso-ocasional-se-vincula-a-peores-notas-y-animo\/\" \/>\n<meta property=\"og:site_name\" content=\"bip4ex\" \/>\n<meta property=\"article:published_time\" content=\"2025-12-23T07:28:04+00:00\" \/>\n<meta property=\"og:image\" content=\"https:\/\/www.agenciasinc.es\/bundles\/app\/images\/quotebefore.png\" \/>\n<meta name=\"author\" content=\"Luis Miguel Mej\u00edas Ramos\" \/>\n<meta name=\"twitter:card\" content=\"summary_large_image\" \/>\n<meta name=\"twitter:label1\" content=\"Escrito por\" \/>\n\t<meta name=\"twitter:data1\" content=\"Luis Miguel Mej\u00edas Ramos\" \/>\n\t<meta name=\"twitter:label2\" content=\"Tiempo de lectura\" \/>\n\t<meta name=\"twitter:data2\" content=\"4 minutos\" \/>\n<script type=\"application\/ld+json\" class=\"yoast-schema-graph\">{\"@context\":\"https:\\\/\\\/schema.org\",\"@graph\":[{\"@type\":\"Article\",\"@id\":\"https:\\\/\\\/helloproject.es\\\/vigilancia\\\/cannabis-en-la-adolescencia-incluso-su-uso-ocasional-se-vincula-a-peores-notas-y-animo\\\/#article\",\"isPartOf\":{\"@id\":\"https:\\\/\\\/helloproject.es\\\/vigilancia\\\/cannabis-en-la-adolescencia-incluso-su-uso-ocasional-se-vincula-a-peores-notas-y-animo\\\/\"},\"author\":{\"name\":\"Luis Miguel Mej\u00edas Ramos\",\"@id\":\"https:\\\/\\\/helloproject.es\\\/vigilancia\\\/#\\\/schema\\\/person\\\/3767b0619d59a11570372c821f8619ca\"},\"headline\":\"Cannabis en la adolescencia: incluso su uso ocasional se vincula a peores notas y \u00e1nimo\",\"datePublished\":\"2025-12-23T07:28:04+00:00\",\"mainEntityOfPage\":{\"@id\":\"https:\\\/\\\/helloproject.es\\\/vigilancia\\\/cannabis-en-la-adolescencia-incluso-su-uso-ocasional-se-vincula-a-peores-notas-y-animo\\\/\"},\"wordCount\":822,\"publisher\":{\"@id\":\"https:\\\/\\\/helloproject.es\\\/vigilancia\\\/#organization\"},\"image\":{\"@id\":\"https:\\\/\\\/helloproject.es\\\/vigilancia\\\/cannabis-en-la-adolescencia-incluso-su-uso-ocasional-se-vincula-a-peores-notas-y-animo\\\/#primaryimage\"},\"thumbnailUrl\":\"https:\\\/\\\/www.agenciasinc.es\\\/bundles\\\/app\\\/images\\\/quotebefore.png\",\"articleSection\":[\"Noticias\"],\"inLanguage\":\"es\"},{\"@type\":\"WebPage\",\"@id\":\"https:\\\/\\\/helloproject.es\\\/vigilancia\\\/cannabis-en-la-adolescencia-incluso-su-uso-ocasional-se-vincula-a-peores-notas-y-animo\\\/\",\"url\":\"https:\\\/\\\/helloproject.es\\\/vigilancia\\\/cannabis-en-la-adolescencia-incluso-su-uso-ocasional-se-vincula-a-peores-notas-y-animo\\\/\",\"name\":\"Cannabis en la adolescencia: incluso su uso ocasional se vincula a peores notas y \u00e1nimo - bip4ex\",\"isPartOf\":{\"@id\":\"https:\\\/\\\/helloproject.es\\\/vigilancia\\\/#website\"},\"primaryImageOfPage\":{\"@id\":\"https:\\\/\\\/helloproject.es\\\/vigilancia\\\/cannabis-en-la-adolescencia-incluso-su-uso-ocasional-se-vincula-a-peores-notas-y-animo\\\/#primaryimage\"},\"image\":{\"@id\":\"https:\\\/\\\/helloproject.es\\\/vigilancia\\\/cannabis-en-la-adolescencia-incluso-su-uso-ocasional-se-vincula-a-peores-notas-y-animo\\\/#primaryimage\"},\"thumbnailUrl\":\"https:\\\/\\\/www.agenciasinc.es\\\/bundles\\\/app\\\/images\\\/quotebefore.png\",\"datePublished\":\"2025-12-23T07:28:04+00:00\",\"breadcrumb\":{\"@id\":\"https:\\\/\\\/helloproject.es\\\/vigilancia\\\/cannabis-en-la-adolescencia-incluso-su-uso-ocasional-se-vincula-a-peores-notas-y-animo\\\/#breadcrumb\"},\"inLanguage\":\"es\",\"potentialAction\":[{\"@type\":\"ReadAction\",\"target\":[\"https:\\\/\\\/helloproject.es\\\/vigilancia\\\/cannabis-en-la-adolescencia-incluso-su-uso-ocasional-se-vincula-a-peores-notas-y-animo\\\/\"]}]},{\"@type\":\"ImageObject\",\"inLanguage\":\"es\",\"@id\":\"https:\\\/\\\/helloproject.es\\\/vigilancia\\\/cannabis-en-la-adolescencia-incluso-su-uso-ocasional-se-vincula-a-peores-notas-y-animo\\\/#primaryimage\",\"url\":\"https:\\\/\\\/www.agenciasinc.es\\\/bundles\\\/app\\\/images\\\/quotebefore.png\",\"contentUrl\":\"https:\\\/\\\/www.agenciasinc.es\\\/bundles\\\/app\\\/images\\\/quotebefore.png\"},{\"@type\":\"BreadcrumbList\",\"@id\":\"https:\\\/\\\/helloproject.es\\\/vigilancia\\\/cannabis-en-la-adolescencia-incluso-su-uso-ocasional-se-vincula-a-peores-notas-y-animo\\\/#breadcrumb\",\"itemListElement\":[{\"@type\":\"ListItem\",\"position\":1,\"name\":\"Home\",\"item\":\"https:\\\/\\\/helloproject.es\\\/vigilancia\\\/\"},{\"@type\":\"ListItem\",\"position\":2,\"name\":\"Cannabis en la adolescencia: incluso su uso ocasional se vincula a peores notas y \u00e1nimo\"}]},{\"@type\":\"WebSite\",\"@id\":\"https:\\\/\\\/helloproject.es\\\/vigilancia\\\/#website\",\"url\":\"https:\\\/\\\/helloproject.es\\\/vigilancia\\\/\",\"name\":\"bip4ex\",\"description\":\"Vigilancia Tecnol\u00f3gica\",\"publisher\":{\"@id\":\"https:\\\/\\\/helloproject.es\\\/vigilancia\\\/#organization\"},\"potentialAction\":[{\"@type\":\"SearchAction\",\"target\":{\"@type\":\"EntryPoint\",\"urlTemplate\":\"https:\\\/\\\/helloproject.es\\\/vigilancia\\\/?s={search_term_string}\"},\"query-input\":{\"@type\":\"PropertyValueSpecification\",\"valueRequired\":true,\"valueName\":\"search_term_string\"}}],\"inLanguage\":\"es\"},{\"@type\":\"Organization\",\"@id\":\"https:\\\/\\\/helloproject.es\\\/vigilancia\\\/#organization\",\"name\":\"Helloproject.es\",\"url\":\"https:\\\/\\\/helloproject.es\\\/vigilancia\\\/\",\"logo\":{\"@type\":\"ImageObject\",\"inLanguage\":\"es\",\"@id\":\"https:\\\/\\\/helloproject.es\\\/vigilancia\\\/#\\\/schema\\\/logo\\\/image\\\/\",\"url\":\"https:\\\/\\\/helloproject.es\\\/vigilancia\\\/wp-content\\\/uploads\\\/2023\\\/07\\\/bip4ex.png\",\"contentUrl\":\"https:\\\/\\\/helloproject.es\\\/vigilancia\\\/wp-content\\\/uploads\\\/2023\\\/07\\\/bip4ex.png\",\"width\":322,\"height\":365,\"caption\":\"Helloproject.es\"},\"image\":{\"@id\":\"https:\\\/\\\/helloproject.es\\\/vigilancia\\\/#\\\/schema\\\/logo\\\/image\\\/\"}},{\"@type\":\"Person\",\"@id\":\"https:\\\/\\\/helloproject.es\\\/vigilancia\\\/#\\\/schema\\\/person\\\/3767b0619d59a11570372c821f8619ca\",\"name\":\"Luis Miguel Mej\u00edas Ramos\",\"url\":\"https:\\\/\\\/helloproject.es\\\/vigilancia\\\/author\\\/luismi\\\/\"}]}<\/script>\n<!-- \/ Yoast SEO Premium plugin. -->","yoast_head_json":{"title":"Cannabis en la adolescencia: incluso su uso ocasional se vincula a peores notas y \u00e1nimo - bip4ex","robots":{"index":"index","follow":"follow","max-snippet":"max-snippet:-1","max-image-preview":"max-image-preview:large","max-video-preview":"max-video-preview:-1"},"canonical":"https:\/\/helloproject.es\/vigilancia\/cannabis-en-la-adolescencia-incluso-su-uso-ocasional-se-vincula-a-peores-notas-y-animo\/","og_locale":"es_ES","og_type":"article","og_title":"Cannabis en la adolescencia: incluso su uso ocasional se vincula a peores notas y \u00e1nimo","og_description":"El consumo de marihuana una o dos veces al mes se asoci\u00f3 con un peor rendimiento escolar y angustia emocional en los adolescentes, seg\u00fan un estudio en EE UU dirigido por Ryan Sult\u00e1n, profesor adjunto de psiquiatr\u00eda cl\u00ednica de la Universidad de Columbia. Es m\u00e1s, cuanto m\u00e1s frecuentemente tomaban cannabis los j\u00f3venes, m\u00e1s probabilidades ten\u00edan [&hellip;]","og_url":"https:\/\/helloproject.es\/vigilancia\/cannabis-en-la-adolescencia-incluso-su-uso-ocasional-se-vincula-a-peores-notas-y-animo\/","og_site_name":"bip4ex","article_published_time":"2025-12-23T07:28:04+00:00","og_image":[{"url":"https:\/\/www.agenciasinc.es\/bundles\/app\/images\/quotebefore.png","type":"","width":"","height":""}],"author":"Luis Miguel Mej\u00edas Ramos","twitter_card":"summary_large_image","twitter_misc":{"Escrito por":"Luis Miguel Mej\u00edas Ramos","Tiempo de lectura":"4 minutos"},"schema":{"@context":"https:\/\/schema.org","@graph":[{"@type":"Article","@id":"https:\/\/helloproject.es\/vigilancia\/cannabis-en-la-adolescencia-incluso-su-uso-ocasional-se-vincula-a-peores-notas-y-animo\/#article","isPartOf":{"@id":"https:\/\/helloproject.es\/vigilancia\/cannabis-en-la-adolescencia-incluso-su-uso-ocasional-se-vincula-a-peores-notas-y-animo\/"},"author":{"name":"Luis Miguel Mej\u00edas Ramos","@id":"https:\/\/helloproject.es\/vigilancia\/#\/schema\/person\/3767b0619d59a11570372c821f8619ca"},"headline":"Cannabis en la adolescencia: incluso su uso ocasional se vincula a peores notas y \u00e1nimo","datePublished":"2025-12-23T07:28:04+00:00","mainEntityOfPage":{"@id":"https:\/\/helloproject.es\/vigilancia\/cannabis-en-la-adolescencia-incluso-su-uso-ocasional-se-vincula-a-peores-notas-y-animo\/"},"wordCount":822,"publisher":{"@id":"https:\/\/helloproject.es\/vigilancia\/#organization"},"image":{"@id":"https:\/\/helloproject.es\/vigilancia\/cannabis-en-la-adolescencia-incluso-su-uso-ocasional-se-vincula-a-peores-notas-y-animo\/#primaryimage"},"thumbnailUrl":"https:\/\/www.agenciasinc.es\/bundles\/app\/images\/quotebefore.png","articleSection":["Noticias"],"inLanguage":"es"},{"@type":"WebPage","@id":"https:\/\/helloproject.es\/vigilancia\/cannabis-en-la-adolescencia-incluso-su-uso-ocasional-se-vincula-a-peores-notas-y-animo\/","url":"https:\/\/helloproject.es\/vigilancia\/cannabis-en-la-adolescencia-incluso-su-uso-ocasional-se-vincula-a-peores-notas-y-animo\/","name":"Cannabis en la adolescencia: incluso su uso ocasional se vincula a peores notas y \u00e1nimo - bip4ex","isPartOf":{"@id":"https:\/\/helloproject.es\/vigilancia\/#website"},"primaryImageOfPage":{"@id":"https:\/\/helloproject.es\/vigilancia\/cannabis-en-la-adolescencia-incluso-su-uso-ocasional-se-vincula-a-peores-notas-y-animo\/#primaryimage"},"image":{"@id":"https:\/\/helloproject.es\/vigilancia\/cannabis-en-la-adolescencia-incluso-su-uso-ocasional-se-vincula-a-peores-notas-y-animo\/#primaryimage"},"thumbnailUrl":"https:\/\/www.agenciasinc.es\/bundles\/app\/images\/quotebefore.png","datePublished":"2025-12-23T07:28:04+00:00","breadcrumb":{"@id":"https:\/\/helloproject.es\/vigilancia\/cannabis-en-la-adolescencia-incluso-su-uso-ocasional-se-vincula-a-peores-notas-y-animo\/#breadcrumb"},"inLanguage":"es","potentialAction":[{"@type":"ReadAction","target":["https:\/\/helloproject.es\/vigilancia\/cannabis-en-la-adolescencia-incluso-su-uso-ocasional-se-vincula-a-peores-notas-y-animo\/"]}]},{"@type":"ImageObject","inLanguage":"es","@id":"https:\/\/helloproject.es\/vigilancia\/cannabis-en-la-adolescencia-incluso-su-uso-ocasional-se-vincula-a-peores-notas-y-animo\/#primaryimage","url":"https:\/\/www.agenciasinc.es\/bundles\/app\/images\/quotebefore.png","contentUrl":"https:\/\/www.agenciasinc.es\/bundles\/app\/images\/quotebefore.png"},{"@type":"BreadcrumbList","@id":"https:\/\/helloproject.es\/vigilancia\/cannabis-en-la-adolescencia-incluso-su-uso-ocasional-se-vincula-a-peores-notas-y-animo\/#breadcrumb","itemListElement":[{"@type":"ListItem","position":1,"name":"Home","item":"https:\/\/helloproject.es\/vigilancia\/"},{"@type":"ListItem","position":2,"name":"Cannabis en la adolescencia: incluso su uso ocasional se vincula a peores notas y \u00e1nimo"}]},{"@type":"WebSite","@id":"https:\/\/helloproject.es\/vigilancia\/#website","url":"https:\/\/helloproject.es\/vigilancia\/","name":"bip4ex","description":"Vigilancia Tecnol\u00f3gica","publisher":{"@id":"https:\/\/helloproject.es\/vigilancia\/#organization"},"potentialAction":[{"@type":"SearchAction","target":{"@type":"EntryPoint","urlTemplate":"https:\/\/helloproject.es\/vigilancia\/?s={search_term_string}"},"query-input":{"@type":"PropertyValueSpecification","valueRequired":true,"valueName":"search_term_string"}}],"inLanguage":"es"},{"@type":"Organization","@id":"https:\/\/helloproject.es\/vigilancia\/#organization","name":"Helloproject.es","url":"https:\/\/helloproject.es\/vigilancia\/","logo":{"@type":"ImageObject","inLanguage":"es","@id":"https:\/\/helloproject.es\/vigilancia\/#\/schema\/logo\/image\/","url":"https:\/\/helloproject.es\/vigilancia\/wp-content\/uploads\/2023\/07\/bip4ex.png","contentUrl":"https:\/\/helloproject.es\/vigilancia\/wp-content\/uploads\/2023\/07\/bip4ex.png","width":322,"height":365,"caption":"Helloproject.es"},"image":{"@id":"https:\/\/helloproject.es\/vigilancia\/#\/schema\/logo\/image\/"}},{"@type":"Person","@id":"https:\/\/helloproject.es\/vigilancia\/#\/schema\/person\/3767b0619d59a11570372c821f8619ca","name":"Luis Miguel Mej\u00edas Ramos","url":"https:\/\/helloproject.es\/vigilancia\/author\/luismi\/"}]}},"_links":{"self":[{"href":"https:\/\/helloproject.es\/vigilancia\/wp-json\/wp\/v2\/posts\/191628","targetHints":{"allow":["GET"]}}],"collection":[{"href":"https:\/\/helloproject.es\/vigilancia\/wp-json\/wp\/v2\/posts"}],"about":[{"href":"https:\/\/helloproject.es\/vigilancia\/wp-json\/wp\/v2\/types\/post"}],"author":[{"embeddable":true,"href":"https:\/\/helloproject.es\/vigilancia\/wp-json\/wp\/v2\/users\/5"}],"replies":[{"embeddable":true,"href":"https:\/\/helloproject.es\/vigilancia\/wp-json\/wp\/v2\/comments?post=191628"}],"version-history":[{"count":0,"href":"https:\/\/helloproject.es\/vigilancia\/wp-json\/wp\/v2\/posts\/191628\/revisions"}],"wp:attachment":[{"href":"https:\/\/helloproject.es\/vigilancia\/wp-json\/wp\/v2\/media?parent=191628"}],"wp:term":[{"taxonomy":"category","embeddable":true,"href":"https:\/\/helloproject.es\/vigilancia\/wp-json\/wp\/v2\/categories?post=191628"},{"taxonomy":"post_tag","embeddable":true,"href":"https:\/\/helloproject.es\/vigilancia\/wp-json\/wp\/v2\/tags?post=191628"}],"curies":[{"name":"wp","href":"https:\/\/api.w.org\/{rel}","templated":true}]}}