{"id":191645,"date":"2025-12-23T10:17:31","date_gmt":"2025-12-23T09:17:31","guid":{"rendered":"https:\/\/helloproject.es\/vigilancia\/paralizacion-temporal-de-la-actividad-pesquera-de-la-flota-pesquera-y-marisquera\/"},"modified":"2025-12-23T10:17:31","modified_gmt":"2025-12-23T09:17:31","slug":"paralizacion-temporal-de-la-actividad-pesquera-de-la-flota-pesquera-y-marisquera","status":"publish","type":"post","link":"https:\/\/helloproject.es\/vigilancia\/paralizacion-temporal-de-la-actividad-pesquera-de-la-flota-pesquera-y-marisquera\/","title":{"rendered":"Paralizaci\u00f3n temporal de la actividad pesquera de la flota pesquera y marisquera"},"content":{"rendered":"<p>Orden de 28 de noviembre de 2025, por la que se convocan para el a\u00f1o 2025, las ayudas previstas en la Orden de 2 de septiembre de 2022, por la que se establecen las bases reguladoras para la concesi\u00f3n de ayudas en r\u00e9gimen de concurrencia no competitiva, por la paralizaci\u00f3n temporal de la actividad pesquera de la flota pesquera y marisquera con puerto base en Andaluc\u00eda, en el marco del Programa Operativo del Fondo Europeo Mar\u00edtimo y de la Pesca (2014-2020), modificada por la Orden de 22 de mayo de 2024, que se citan (BOJA de 22 de diciembre de 2025). Texto completo.<\/p>","protected":false},"excerpt":{"rendered":"<p>Orden de 28 de noviembre de 2025, por la que se convocan para el a\u00f1o 2025, las ayudas previstas en la Orden de 2 de septiembre de 2022, por la que se establecen las bases reguladoras para la concesi\u00f3n de ayudas en r\u00e9gimen de concurrencia no competitiva, por la paralizaci\u00f3n temporal de la actividad pesquera [&hellip;]<\/p>\n","protected":false},"author":5,"featured_media":0,"comment_status":"","ping_status":"","sticky":false,"template":"","format":"standard","meta":{"site-sidebar-layout":"default","site-content-layout":"","ast-site-content-layout":"default","site-content-style":"default","site-sidebar-style":"default","ast-global-header-display":"","ast-banner-title-visibility":"","ast-main-header-display":"","ast-hfb-above-header-display":"","ast-hfb-below-header-display":"","ast-hfb-mobile-header-display":"","site-post-title":"","ast-breadcrumbs-content":"","ast-featured-img":"","footer-sml-layout":"","ast-disable-related-posts":"","theme-transparent-header-meta":"","adv-header-id-meta":"","stick-header-meta":"","header-above-stick-meta":"","header-main-stick-meta":"","header-below-stick-meta":"","astra-migrate-meta-layouts":"default","ast-page-background-enabled":"default","ast-page-background-meta":{"desktop":{"background-color":"var(--ast-global-color-4)","background-image":"","background-repeat":"repeat","background-position":"center center","background-size":"auto","background-attachment":"scroll","background-type":"","background-media":"","overlay-type":"","overlay-color":"","overlay-opacity":"","overlay-gradient":""},"tablet":{"background-color":"","background-image":"","background-repeat":"repeat","background-position":"center center","background-size":"auto","background-attachment":"scroll","background-type":"","background-media":"","overlay-type":"","overlay-color":"","overlay-opacity":"","overlay-gradient":""},"mobile":{"background-color":"","background-image":"","background-repeat":"repeat","background-position":"center center","background-size":"auto","background-attachment":"scroll","background-type":"","background-media":"","overlay-type":"","overlay-color":"","overlay-opacity":"","overlay-gradient":""}},"ast-content-background-meta":{"desktop":{"background-color":"var(--ast-global-color-5)","background-image":"","background-repeat":"repeat","background-position":"center center","background-size":"auto","background-attachment":"scroll","background-type":"","background-media":"","overlay-type":"","overlay-color":"","overlay-opacity":"","overlay-gradient":""},"tablet":{"background-color":"var(--ast-global-color-5)","background-image":"","background-repeat":"repeat","background-position":"center center","background-size":"auto","background-attachment":"scroll","background-type":"","background-media":"","overlay-type":"","overlay-color":"","overlay-opacity":"","overlay-gradient":""},"mobile":{"background-color":"var(--ast-global-color-5)","background-image":"","background-repeat":"repeat","background-position":"center center","background-size":"auto","background-attachment":"scroll","background-type":"","background-media":"","overlay-type":"","overlay-color":"","overlay-opacity":"","overlay-gradient":""}},"footnotes":""},"categories":[4],"tags":[],"class_list":["post-191645","post","type-post","status-publish","format-standard","hentry","category-legislacion"],"yoast_head":"<!-- This site is optimized with the Yoast SEO Premium plugin v20.9 (Yoast SEO v27.4) - https:\/\/yoast.com\/product\/yoast-seo-premium-wordpress\/ -->\n<title>Paralizaci\u00f3n temporal de la actividad pesquera de la flota pesquera y marisquera - bip4ex<\/title>\n<meta name=\"robots\" content=\"index, follow, max-snippet:-1, max-image-preview:large, max-video-preview:-1\" \/>\n<link rel=\"canonical\" href=\"https:\/\/helloproject.es\/vigilancia\/paralizacion-temporal-de-la-actividad-pesquera-de-la-flota-pesquera-y-marisquera\/\" \/>\n<meta property=\"og:locale\" content=\"es_ES\" \/>\n<meta property=\"og:type\" content=\"article\" \/>\n<meta property=\"og:title\" content=\"Paralizaci\u00f3n temporal de la actividad pesquera de la flota pesquera y marisquera\" \/>\n<meta property=\"og:description\" content=\"Orden de 28 de noviembre de 2025, por la que se convocan para el a\u00f1o 2025, las ayudas previstas en la Orden de 2 de septiembre de 2022, por la que se establecen las bases reguladoras para la concesi\u00f3n de ayudas en r\u00e9gimen de concurrencia no competitiva, por la paralizaci\u00f3n temporal de la actividad pesquera [&hellip;]\" \/>\n<meta property=\"og:url\" content=\"https:\/\/helloproject.es\/vigilancia\/paralizacion-temporal-de-la-actividad-pesquera-de-la-flota-pesquera-y-marisquera\/\" \/>\n<meta property=\"og:site_name\" content=\"bip4ex\" \/>\n<meta property=\"article:published_time\" content=\"2025-12-23T09:17:31+00:00\" \/>\n<meta name=\"author\" content=\"Luis Miguel Mej\u00edas Ramos\" \/>\n<meta name=\"twitter:card\" content=\"summary_large_image\" \/>\n<meta name=\"twitter:label1\" content=\"Escrito por\" \/>\n\t<meta name=\"twitter:data1\" content=\"Luis Miguel Mej\u00edas Ramos\" \/>\n\t<meta name=\"twitter:label2\" content=\"Tiempo de lectura\" \/>\n\t<meta name=\"twitter:data2\" content=\"1 minuto\" \/>\n<script type=\"application\/ld+json\" class=\"yoast-schema-graph\">{\"@context\":\"https:\\\/\\\/schema.org\",\"@graph\":[{\"@type\":\"Article\",\"@id\":\"https:\\\/\\\/helloproject.es\\\/vigilancia\\\/paralizacion-temporal-de-la-actividad-pesquera-de-la-flota-pesquera-y-marisquera\\\/#article\",\"isPartOf\":{\"@id\":\"https:\\\/\\\/helloproject.es\\\/vigilancia\\\/paralizacion-temporal-de-la-actividad-pesquera-de-la-flota-pesquera-y-marisquera\\\/\"},\"author\":{\"name\":\"Luis Miguel Mej\u00edas Ramos\",\"@id\":\"https:\\\/\\\/helloproject.es\\\/vigilancia\\\/#\\\/schema\\\/person\\\/3767b0619d59a11570372c821f8619ca\"},\"headline\":\"Paralizaci\u00f3n temporal de la actividad pesquera de la flota pesquera y marisquera\",\"datePublished\":\"2025-12-23T09:17:31+00:00\",\"mainEntityOfPage\":{\"@id\":\"https:\\\/\\\/helloproject.es\\\/vigilancia\\\/paralizacion-temporal-de-la-actividad-pesquera-de-la-flota-pesquera-y-marisquera\\\/\"},\"wordCount\":113,\"publisher\":{\"@id\":\"https:\\\/\\\/helloproject.es\\\/vigilancia\\\/#organization\"},\"articleSection\":[\"Legislacion\"],\"inLanguage\":\"es\"},{\"@type\":\"WebPage\",\"@id\":\"https:\\\/\\\/helloproject.es\\\/vigilancia\\\/paralizacion-temporal-de-la-actividad-pesquera-de-la-flota-pesquera-y-marisquera\\\/\",\"url\":\"https:\\\/\\\/helloproject.es\\\/vigilancia\\\/paralizacion-temporal-de-la-actividad-pesquera-de-la-flota-pesquera-y-marisquera\\\/\",\"name\":\"Paralizaci\u00f3n temporal de la actividad pesquera de la flota pesquera y marisquera - bip4ex\",\"isPartOf\":{\"@id\":\"https:\\\/\\\/helloproject.es\\\/vigilancia\\\/#website\"},\"datePublished\":\"2025-12-23T09:17:31+00:00\",\"breadcrumb\":{\"@id\":\"https:\\\/\\\/helloproject.es\\\/vigilancia\\\/paralizacion-temporal-de-la-actividad-pesquera-de-la-flota-pesquera-y-marisquera\\\/#breadcrumb\"},\"inLanguage\":\"es\",\"potentialAction\":[{\"@type\":\"ReadAction\",\"target\":[\"https:\\\/\\\/helloproject.es\\\/vigilancia\\\/paralizacion-temporal-de-la-actividad-pesquera-de-la-flota-pesquera-y-marisquera\\\/\"]}]},{\"@type\":\"BreadcrumbList\",\"@id\":\"https:\\\/\\\/helloproject.es\\\/vigilancia\\\/paralizacion-temporal-de-la-actividad-pesquera-de-la-flota-pesquera-y-marisquera\\\/#breadcrumb\",\"itemListElement\":[{\"@type\":\"ListItem\",\"position\":1,\"name\":\"Home\",\"item\":\"https:\\\/\\\/helloproject.es\\\/vigilancia\\\/\"},{\"@type\":\"ListItem\",\"position\":2,\"name\":\"Paralizaci\u00f3n temporal de la actividad pesquera de la flota pesquera y marisquera\"}]},{\"@type\":\"WebSite\",\"@id\":\"https:\\\/\\\/helloproject.es\\\/vigilancia\\\/#website\",\"url\":\"https:\\\/\\\/helloproject.es\\\/vigilancia\\\/\",\"name\":\"bip4ex\",\"description\":\"Vigilancia Tecnol\u00f3gica\",\"publisher\":{\"@id\":\"https:\\\/\\\/helloproject.es\\\/vigilancia\\\/#organization\"},\"potentialAction\":[{\"@type\":\"SearchAction\",\"target\":{\"@type\":\"EntryPoint\",\"urlTemplate\":\"https:\\\/\\\/helloproject.es\\\/vigilancia\\\/?s={search_term_string}\"},\"query-input\":{\"@type\":\"PropertyValueSpecification\",\"valueRequired\":true,\"valueName\":\"search_term_string\"}}],\"inLanguage\":\"es\"},{\"@type\":\"Organization\",\"@id\":\"https:\\\/\\\/helloproject.es\\\/vigilancia\\\/#organization\",\"name\":\"Helloproject.es\",\"url\":\"https:\\\/\\\/helloproject.es\\\/vigilancia\\\/\",\"logo\":{\"@type\":\"ImageObject\",\"inLanguage\":\"es\",\"@id\":\"https:\\\/\\\/helloproject.es\\\/vigilancia\\\/#\\\/schema\\\/logo\\\/image\\\/\",\"url\":\"https:\\\/\\\/helloproject.es\\\/vigilancia\\\/wp-content\\\/uploads\\\/2023\\\/07\\\/bip4ex.png\",\"contentUrl\":\"https:\\\/\\\/helloproject.es\\\/vigilancia\\\/wp-content\\\/uploads\\\/2023\\\/07\\\/bip4ex.png\",\"width\":322,\"height\":365,\"caption\":\"Helloproject.es\"},\"image\":{\"@id\":\"https:\\\/\\\/helloproject.es\\\/vigilancia\\\/#\\\/schema\\\/logo\\\/image\\\/\"}},{\"@type\":\"Person\",\"@id\":\"https:\\\/\\\/helloproject.es\\\/vigilancia\\\/#\\\/schema\\\/person\\\/3767b0619d59a11570372c821f8619ca\",\"name\":\"Luis Miguel Mej\u00edas Ramos\",\"url\":\"https:\\\/\\\/helloproject.es\\\/vigilancia\\\/author\\\/luismi\\\/\"}]}<\/script>\n<!-- \/ Yoast SEO Premium plugin. -->","yoast_head_json":{"title":"Paralizaci\u00f3n temporal de la actividad pesquera de la flota pesquera y marisquera - bip4ex","robots":{"index":"index","follow":"follow","max-snippet":"max-snippet:-1","max-image-preview":"max-image-preview:large","max-video-preview":"max-video-preview:-1"},"canonical":"https:\/\/helloproject.es\/vigilancia\/paralizacion-temporal-de-la-actividad-pesquera-de-la-flota-pesquera-y-marisquera\/","og_locale":"es_ES","og_type":"article","og_title":"Paralizaci\u00f3n temporal de la actividad pesquera de la flota pesquera y marisquera","og_description":"Orden de 28 de noviembre de 2025, por la que se convocan para el a\u00f1o 2025, las ayudas previstas en la Orden de 2 de septiembre de 2022, por la que se establecen las bases reguladoras para la concesi\u00f3n de ayudas en r\u00e9gimen de concurrencia no competitiva, por la paralizaci\u00f3n temporal de la actividad pesquera [&hellip;]","og_url":"https:\/\/helloproject.es\/vigilancia\/paralizacion-temporal-de-la-actividad-pesquera-de-la-flota-pesquera-y-marisquera\/","og_site_name":"bip4ex","article_published_time":"2025-12-23T09:17:31+00:00","author":"Luis Miguel Mej\u00edas Ramos","twitter_card":"summary_large_image","twitter_misc":{"Escrito por":"Luis Miguel Mej\u00edas Ramos","Tiempo de lectura":"1 minuto"},"schema":{"@context":"https:\/\/schema.org","@graph":[{"@type":"Article","@id":"https:\/\/helloproject.es\/vigilancia\/paralizacion-temporal-de-la-actividad-pesquera-de-la-flota-pesquera-y-marisquera\/#article","isPartOf":{"@id":"https:\/\/helloproject.es\/vigilancia\/paralizacion-temporal-de-la-actividad-pesquera-de-la-flota-pesquera-y-marisquera\/"},"author":{"name":"Luis Miguel Mej\u00edas Ramos","@id":"https:\/\/helloproject.es\/vigilancia\/#\/schema\/person\/3767b0619d59a11570372c821f8619ca"},"headline":"Paralizaci\u00f3n temporal de la actividad pesquera de la flota pesquera y marisquera","datePublished":"2025-12-23T09:17:31+00:00","mainEntityOfPage":{"@id":"https:\/\/helloproject.es\/vigilancia\/paralizacion-temporal-de-la-actividad-pesquera-de-la-flota-pesquera-y-marisquera\/"},"wordCount":113,"publisher":{"@id":"https:\/\/helloproject.es\/vigilancia\/#organization"},"articleSection":["Legislacion"],"inLanguage":"es"},{"@type":"WebPage","@id":"https:\/\/helloproject.es\/vigilancia\/paralizacion-temporal-de-la-actividad-pesquera-de-la-flota-pesquera-y-marisquera\/","url":"https:\/\/helloproject.es\/vigilancia\/paralizacion-temporal-de-la-actividad-pesquera-de-la-flota-pesquera-y-marisquera\/","name":"Paralizaci\u00f3n temporal de la actividad pesquera de la flota pesquera y marisquera - bip4ex","isPartOf":{"@id":"https:\/\/helloproject.es\/vigilancia\/#website"},"datePublished":"2025-12-23T09:17:31+00:00","breadcrumb":{"@id":"https:\/\/helloproject.es\/vigilancia\/paralizacion-temporal-de-la-actividad-pesquera-de-la-flota-pesquera-y-marisquera\/#breadcrumb"},"inLanguage":"es","potentialAction":[{"@type":"ReadAction","target":["https:\/\/helloproject.es\/vigilancia\/paralizacion-temporal-de-la-actividad-pesquera-de-la-flota-pesquera-y-marisquera\/"]}]},{"@type":"BreadcrumbList","@id":"https:\/\/helloproject.es\/vigilancia\/paralizacion-temporal-de-la-actividad-pesquera-de-la-flota-pesquera-y-marisquera\/#breadcrumb","itemListElement":[{"@type":"ListItem","position":1,"name":"Home","item":"https:\/\/helloproject.es\/vigilancia\/"},{"@type":"ListItem","position":2,"name":"Paralizaci\u00f3n temporal de la actividad pesquera de la flota pesquera y marisquera"}]},{"@type":"WebSite","@id":"https:\/\/helloproject.es\/vigilancia\/#website","url":"https:\/\/helloproject.es\/vigilancia\/","name":"bip4ex","description":"Vigilancia Tecnol\u00f3gica","publisher":{"@id":"https:\/\/helloproject.es\/vigilancia\/#organization"},"potentialAction":[{"@type":"SearchAction","target":{"@type":"EntryPoint","urlTemplate":"https:\/\/helloproject.es\/vigilancia\/?s={search_term_string}"},"query-input":{"@type":"PropertyValueSpecification","valueRequired":true,"valueName":"search_term_string"}}],"inLanguage":"es"},{"@type":"Organization","@id":"https:\/\/helloproject.es\/vigilancia\/#organization","name":"Helloproject.es","url":"https:\/\/helloproject.es\/vigilancia\/","logo":{"@type":"ImageObject","inLanguage":"es","@id":"https:\/\/helloproject.es\/vigilancia\/#\/schema\/logo\/image\/","url":"https:\/\/helloproject.es\/vigilancia\/wp-content\/uploads\/2023\/07\/bip4ex.png","contentUrl":"https:\/\/helloproject.es\/vigilancia\/wp-content\/uploads\/2023\/07\/bip4ex.png","width":322,"height":365,"caption":"Helloproject.es"},"image":{"@id":"https:\/\/helloproject.es\/vigilancia\/#\/schema\/logo\/image\/"}},{"@type":"Person","@id":"https:\/\/helloproject.es\/vigilancia\/#\/schema\/person\/3767b0619d59a11570372c821f8619ca","name":"Luis Miguel Mej\u00edas Ramos","url":"https:\/\/helloproject.es\/vigilancia\/author\/luismi\/"}]}},"_links":{"self":[{"href":"https:\/\/helloproject.es\/vigilancia\/wp-json\/wp\/v2\/posts\/191645","targetHints":{"allow":["GET"]}}],"collection":[{"href":"https:\/\/helloproject.es\/vigilancia\/wp-json\/wp\/v2\/posts"}],"about":[{"href":"https:\/\/helloproject.es\/vigilancia\/wp-json\/wp\/v2\/types\/post"}],"author":[{"embeddable":true,"href":"https:\/\/helloproject.es\/vigilancia\/wp-json\/wp\/v2\/users\/5"}],"replies":[{"embeddable":true,"href":"https:\/\/helloproject.es\/vigilancia\/wp-json\/wp\/v2\/comments?post=191645"}],"version-history":[{"count":0,"href":"https:\/\/helloproject.es\/vigilancia\/wp-json\/wp\/v2\/posts\/191645\/revisions"}],"wp:attachment":[{"href":"https:\/\/helloproject.es\/vigilancia\/wp-json\/wp\/v2\/media?parent=191645"}],"wp:term":[{"taxonomy":"category","embeddable":true,"href":"https:\/\/helloproject.es\/vigilancia\/wp-json\/wp\/v2\/categories?post=191645"},{"taxonomy":"post_tag","embeddable":true,"href":"https:\/\/helloproject.es\/vigilancia\/wp-json\/wp\/v2\/tags?post=191645"}],"curies":[{"name":"wp","href":"https:\/\/api.w.org\/{rel}","templated":true}]}}