{"id":193401,"date":"2026-01-12T12:28:13","date_gmt":"2026-01-12T11:28:13","guid":{"rendered":"https:\/\/helloproject.es\/vigilancia\/hallan-mas-agujeros-negros-activos-en-galaxias-enanas-al-ver-mas-alla-del-resplandor-de-la-formacion-estelar\/"},"modified":"2026-01-12T12:28:13","modified_gmt":"2026-01-12T11:28:13","slug":"hallan-mas-agujeros-negros-activos-en-galaxias-enanas-al-ver-mas-alla-del-resplandor-de-la-formacion-estelar","status":"publish","type":"post","link":"https:\/\/helloproject.es\/vigilancia\/hallan-mas-agujeros-negros-activos-en-galaxias-enanas-al-ver-mas-alla-del-resplandor-de-la-formacion-estelar\/","title":{"rendered":"Hallan m\u00e1s agujeros negros activos en galaxias enanas al ver m\u00e1s all\u00e1 del resplandor de la formaci\u00f3n estelar"},"content":{"rendered":"<p>Un nuevo censo de m\u00e1s de 8 000 galaxias cercanas ha encontrado que los agujeros negros activos (AGN) aumentan en frecuencia conforme crece la masa de la galaxia, mostrando un incremento notable en las galaxias de tama\u00f1o similar al de la V\u00eda L\u00e1ctea.<\/p>\n<p>Los cient\u00edficos realizaron el censo m\u00e1s exhaustivo hasta la fecha de n\u00facleos gal\u00e1cticos activos en esas galaxias cercanas. Si bien la mayor\u00eda de los estudios anteriores indicaban que los agujeros negros activos aparec\u00edan en alrededor del 1 % de las galaxias enanas, el nuevo censo muestra que esa cifra es en realidad entre 2 % y 5 %, aunque todav\u00eda muy por detr\u00e1s de las galaxias del tama\u00f1o de la V\u00eda L\u00e1ctea, en las cuales entre el 16 % y 27 % tienen agujeros negros activos.<\/p>\n<p>Los nuevos m\u00e9todos de medici\u00f3n, incluida la\u00a0selecci\u00f3n basada en la masa, est\u00e1n contribuyendo a una mejor comprensi\u00f3n de las galaxias de todos tama\u00f1os y de lo que ocurre en su interior.<\/p>\n<p>Los astr\u00f3nomos a\u00fan no est\u00e1n seguros de qu\u00e9 est\u00e1 causando este aumento pronunciado, pero se\u00f1alaron que los nuevos m\u00e9todos de medici\u00f3n, incluida la selecci\u00f3n basada en la masa, est\u00e1n contribuyendo a una mejor comprensi\u00f3n de las galaxias de todos tama\u00f1os y de lo que ocurre en su interior.<\/p>\n<p>El nuevo censo se present\u00f3 en una conferencia de prensa durante la 247\u00aa reuni\u00f3n de la Sociedad Astron\u00f3mica Americana en Phoenix, Arizona.<\/p>\n<p>Los cient\u00edficos del Center for Astrophysics | Harvard &amp; Smithsonian y de la Universidad de Carolina del Norte en Chapel Hill volvieron a evaluar m\u00e1s de 8 000 galaxias cercanas para detectar actividad de agujeros negros. Mientras que la mayor\u00eda de estudios anteriores encontr\u00f3 unos diez agujeros negros activos por cada 1 000 galaxias enanas, el nuevo censo sit\u00faa ese n\u00famero m\u00e1s cerca de entre 20 y 50. A\u00fan as\u00ed, eso queda muy por detr\u00e1s del 16-27 % de galaxias medianas y 20-48 % de galaxias grandes que muestran se\u00f1ales de actividad de AGN.<\/p>\n<p><a><\/a><\/p>\n<h2>Mejores m\u00e9todos de detecci\u00f3n<\/h2>\n<p>\u201cEl intenso salto en la actividad de AGN entre las galaxias enanas y las galaxias medianas \u2014o de transici\u00f3n\u2014 nos dice que algo importante est\u00e1 cambiando entre las dos\u201d, dijo Mugdha Polimera, astr\u00f3noma del CfA y autora principal del nuevo censo. \u201cPodr\u00eda ser un cambio en las propias galaxias, o una se\u00f1al de que todav\u00eda no estamos detectando todo en las m\u00e1s peque\u00f1as y necesitamos mejores m\u00e9todos de detecci\u00f3n. De cualquier manera, es una nueva pista que no podemos ignorar\u201d.<\/p>\n<p>El equipo agrup\u00f3 las galaxias por masa y us\u00f3 las \u00faltimas innovaciones en an\u00e1lisis de datos \u00f3pticos, infrarrojos y de rayos X para captar incluso las se\u00f1ales m\u00e1s d\u00e9biles de actividad de agujeros negros<\/p>\n<p>El equipo agrup\u00f3 las galaxias por masa y us\u00f3 las \u00faltimas innovaciones en an\u00e1lisis de datos \u00f3pticos, infrarrojos y de rayos X para captar incluso las se\u00f1ales m\u00e1s d\u00e9biles de actividad de agujeros negros. Los hallazgos ofrecen a los cient\u00edficos un punto de partida m\u00e1s s\u00f3lido para averiguar c\u00f3mo se forman y crecen los agujeros negros, ayud\u00e1ndolos a \u201cver m\u00e1s all\u00e1\u201d del resplandor de la formaci\u00f3n estelar y comprender qu\u00e9 est\u00e1 realmente ocurriendo en los corazones de las galaxias cercanas.<\/p>\n<p><a><\/a><\/p>\n<h2>Superar el resplandor de la formaci\u00f3n estelar<\/h2>\n<p>\u201cVer m\u00e1s all\u00e1 del resplandor de la formaci\u00f3n estelar revela agujeros negros masivos que hab\u00edan pasado desapercibidos en las galaxias enanas, pero todav\u00eda estamos tratando de entender por qu\u00e9 los agujeros negros son repentinamente m\u00e1s comunes en galaxias como la nuestra\u201d, dijo Sheila J. Kannappan, profesora de f\u00edsica y astronom\u00eda en la UNC y coautora del nuevo censo.<\/p>\n<p>Estos resultados son esenciales para poner a prueba los modelos de los or\u00edgenes de los agujeros negros y su papel en la configuraci\u00f3n de las galaxias<\/p>\n<p>\u201cCreemos que la V\u00eda L\u00e1ctea se form\u00f3 a partir de muchas galaxias m\u00e1s peque\u00f1as que se fusionaron, por lo que los agujeros negros masivos de las galaxias enanas deber\u00edan haberse fusionado para formar el agujero negro supermasivo de la V\u00eda L\u00e1ctea. Estos resultados son esenciales para poner a prueba los modelos de los or\u00edgenes de los agujeros negros y su papel en la configuraci\u00f3n de las galaxias.\u201d<\/p>\n<p>Debido a que la vigorosa formaci\u00f3n de estrellas puede ocultar los agujeros negros de d\u00e9biles acreciones, estos nuevos porcentajes son aproximados y, a medida que las observaciones se completen, el equipo sospecha que el censo cambiar\u00e1. Actualmente, el equipo est\u00e1 en proceso de publicar las mediciones procesadas utilizadas en el estudio para permitir que otros investigadores reproduzcan y ampl\u00eden los resultados.\u00a0<\/p>","protected":false},"excerpt":{"rendered":"<p>Un nuevo censo de m\u00e1s de 8 000 galaxias cercanas ha encontrado que los agujeros negros activos (AGN) aumentan en frecuencia conforme crece la masa de la galaxia, mostrando un incremento notable en las galaxias de tama\u00f1o similar al de la V\u00eda L\u00e1ctea. Los cient\u00edficos realizaron el censo m\u00e1s exhaustivo hasta la fecha de n\u00facleos [&hellip;]<\/p>\n","protected":false},"author":5,"featured_media":0,"comment_status":"","ping_status":"","sticky":false,"template":"","format":"standard","meta":{"site-sidebar-layout":"default","site-content-layout":"","ast-site-content-layout":"default","site-content-style":"default","site-sidebar-style":"default","ast-global-header-display":"","ast-banner-title-visibility":"","ast-main-header-display":"","ast-hfb-above-header-display":"","ast-hfb-below-header-display":"","ast-hfb-mobile-header-display":"","site-post-title":"","ast-breadcrumbs-content":"","ast-featured-img":"","footer-sml-layout":"","ast-disable-related-posts":"","theme-transparent-header-meta":"","adv-header-id-meta":"","stick-header-meta":"","header-above-stick-meta":"","header-main-stick-meta":"","header-below-stick-meta":"","astra-migrate-meta-layouts":"default","ast-page-background-enabled":"default","ast-page-background-meta":{"desktop":{"background-color":"var(--ast-global-color-4)","background-image":"","background-repeat":"repeat","background-position":"center center","background-size":"auto","background-attachment":"scroll","background-type":"","background-media":"","overlay-type":"","overlay-color":"","overlay-opacity":"","overlay-gradient":""},"tablet":{"background-color":"","background-image":"","background-repeat":"repeat","background-position":"center center","background-size":"auto","background-attachment":"scroll","background-type":"","background-media":"","overlay-type":"","overlay-color":"","overlay-opacity":"","overlay-gradient":""},"mobile":{"background-color":"","background-image":"","background-repeat":"repeat","background-position":"center center","background-size":"auto","background-attachment":"scroll","background-type":"","background-media":"","overlay-type":"","overlay-color":"","overlay-opacity":"","overlay-gradient":""}},"ast-content-background-meta":{"desktop":{"background-color":"var(--ast-global-color-5)","background-image":"","background-repeat":"repeat","background-position":"center center","background-size":"auto","background-attachment":"scroll","background-type":"","background-media":"","overlay-type":"","overlay-color":"","overlay-opacity":"","overlay-gradient":""},"tablet":{"background-color":"var(--ast-global-color-5)","background-image":"","background-repeat":"repeat","background-position":"center center","background-size":"auto","background-attachment":"scroll","background-type":"","background-media":"","overlay-type":"","overlay-color":"","overlay-opacity":"","overlay-gradient":""},"mobile":{"background-color":"var(--ast-global-color-5)","background-image":"","background-repeat":"repeat","background-position":"center center","background-size":"auto","background-attachment":"scroll","background-type":"","background-media":"","overlay-type":"","overlay-color":"","overlay-opacity":"","overlay-gradient":""}},"footnotes":""},"categories":[5],"tags":[],"class_list":["post-193401","post","type-post","status-publish","format-standard","hentry","category-noticias"],"yoast_head":"<!-- This site is optimized with the Yoast SEO Premium plugin v20.9 (Yoast SEO v27.4) - https:\/\/yoast.com\/product\/yoast-seo-premium-wordpress\/ -->\n<title>Hallan m\u00e1s agujeros negros activos en galaxias enanas al ver m\u00e1s all\u00e1 del resplandor de la formaci\u00f3n estelar - bip4ex<\/title>\n<meta name=\"robots\" content=\"index, follow, max-snippet:-1, max-image-preview:large, max-video-preview:-1\" \/>\n<link rel=\"canonical\" href=\"https:\/\/helloproject.es\/vigilancia\/hallan-mas-agujeros-negros-activos-en-galaxias-enanas-al-ver-mas-alla-del-resplandor-de-la-formacion-estelar\/\" \/>\n<meta property=\"og:locale\" content=\"es_ES\" \/>\n<meta property=\"og:type\" content=\"article\" \/>\n<meta property=\"og:title\" content=\"Hallan m\u00e1s agujeros negros activos en galaxias enanas al ver m\u00e1s all\u00e1 del resplandor de la formaci\u00f3n estelar\" \/>\n<meta property=\"og:description\" content=\"Un nuevo censo de m\u00e1s de 8 000 galaxias cercanas ha encontrado que los agujeros negros activos (AGN) aumentan en frecuencia conforme crece la masa de la galaxia, mostrando un incremento notable en las galaxias de tama\u00f1o similar al de la V\u00eda L\u00e1ctea. Los cient\u00edficos realizaron el censo m\u00e1s exhaustivo hasta la fecha de n\u00facleos [&hellip;]\" \/>\n<meta property=\"og:url\" content=\"https:\/\/helloproject.es\/vigilancia\/hallan-mas-agujeros-negros-activos-en-galaxias-enanas-al-ver-mas-alla-del-resplandor-de-la-formacion-estelar\/\" \/>\n<meta property=\"og:site_name\" content=\"bip4ex\" \/>\n<meta property=\"article:published_time\" content=\"2026-01-12T11:28:13+00:00\" \/>\n<meta name=\"author\" content=\"Luis Miguel Mej\u00edas Ramos\" \/>\n<meta name=\"twitter:card\" content=\"summary_large_image\" \/>\n<meta name=\"twitter:label1\" content=\"Escrito por\" \/>\n\t<meta name=\"twitter:data1\" content=\"Luis Miguel Mej\u00edas Ramos\" \/>\n\t<meta name=\"twitter:label2\" content=\"Tiempo de lectura\" \/>\n\t<meta name=\"twitter:data2\" content=\"4 minutos\" \/>\n<script type=\"application\/ld+json\" class=\"yoast-schema-graph\">{\"@context\":\"https:\\\/\\\/schema.org\",\"@graph\":[{\"@type\":\"Article\",\"@id\":\"https:\\\/\\\/helloproject.es\\\/vigilancia\\\/hallan-mas-agujeros-negros-activos-en-galaxias-enanas-al-ver-mas-alla-del-resplandor-de-la-formacion-estelar\\\/#article\",\"isPartOf\":{\"@id\":\"https:\\\/\\\/helloproject.es\\\/vigilancia\\\/hallan-mas-agujeros-negros-activos-en-galaxias-enanas-al-ver-mas-alla-del-resplandor-de-la-formacion-estelar\\\/\"},\"author\":{\"name\":\"Luis Miguel Mej\u00edas Ramos\",\"@id\":\"https:\\\/\\\/helloproject.es\\\/vigilancia\\\/#\\\/schema\\\/person\\\/3767b0619d59a11570372c821f8619ca\"},\"headline\":\"Hallan m\u00e1s agujeros negros activos en galaxias enanas al ver m\u00e1s all\u00e1 del resplandor de la formaci\u00f3n estelar\",\"datePublished\":\"2026-01-12T11:28:13+00:00\",\"mainEntityOfPage\":{\"@id\":\"https:\\\/\\\/helloproject.es\\\/vigilancia\\\/hallan-mas-agujeros-negros-activos-en-galaxias-enanas-al-ver-mas-alla-del-resplandor-de-la-formacion-estelar\\\/\"},\"wordCount\":831,\"publisher\":{\"@id\":\"https:\\\/\\\/helloproject.es\\\/vigilancia\\\/#organization\"},\"articleSection\":[\"Noticias\"],\"inLanguage\":\"es\"},{\"@type\":\"WebPage\",\"@id\":\"https:\\\/\\\/helloproject.es\\\/vigilancia\\\/hallan-mas-agujeros-negros-activos-en-galaxias-enanas-al-ver-mas-alla-del-resplandor-de-la-formacion-estelar\\\/\",\"url\":\"https:\\\/\\\/helloproject.es\\\/vigilancia\\\/hallan-mas-agujeros-negros-activos-en-galaxias-enanas-al-ver-mas-alla-del-resplandor-de-la-formacion-estelar\\\/\",\"name\":\"Hallan m\u00e1s agujeros negros activos en galaxias enanas al ver m\u00e1s all\u00e1 del resplandor de la formaci\u00f3n estelar - bip4ex\",\"isPartOf\":{\"@id\":\"https:\\\/\\\/helloproject.es\\\/vigilancia\\\/#website\"},\"datePublished\":\"2026-01-12T11:28:13+00:00\",\"breadcrumb\":{\"@id\":\"https:\\\/\\\/helloproject.es\\\/vigilancia\\\/hallan-mas-agujeros-negros-activos-en-galaxias-enanas-al-ver-mas-alla-del-resplandor-de-la-formacion-estelar\\\/#breadcrumb\"},\"inLanguage\":\"es\",\"potentialAction\":[{\"@type\":\"ReadAction\",\"target\":[\"https:\\\/\\\/helloproject.es\\\/vigilancia\\\/hallan-mas-agujeros-negros-activos-en-galaxias-enanas-al-ver-mas-alla-del-resplandor-de-la-formacion-estelar\\\/\"]}]},{\"@type\":\"BreadcrumbList\",\"@id\":\"https:\\\/\\\/helloproject.es\\\/vigilancia\\\/hallan-mas-agujeros-negros-activos-en-galaxias-enanas-al-ver-mas-alla-del-resplandor-de-la-formacion-estelar\\\/#breadcrumb\",\"itemListElement\":[{\"@type\":\"ListItem\",\"position\":1,\"name\":\"Home\",\"item\":\"https:\\\/\\\/helloproject.es\\\/vigilancia\\\/\"},{\"@type\":\"ListItem\",\"position\":2,\"name\":\"Hallan m\u00e1s agujeros negros activos en galaxias enanas al ver m\u00e1s all\u00e1 del resplandor de la formaci\u00f3n estelar\"}]},{\"@type\":\"WebSite\",\"@id\":\"https:\\\/\\\/helloproject.es\\\/vigilancia\\\/#website\",\"url\":\"https:\\\/\\\/helloproject.es\\\/vigilancia\\\/\",\"name\":\"bip4ex\",\"description\":\"Vigilancia Tecnol\u00f3gica\",\"publisher\":{\"@id\":\"https:\\\/\\\/helloproject.es\\\/vigilancia\\\/#organization\"},\"potentialAction\":[{\"@type\":\"SearchAction\",\"target\":{\"@type\":\"EntryPoint\",\"urlTemplate\":\"https:\\\/\\\/helloproject.es\\\/vigilancia\\\/?s={search_term_string}\"},\"query-input\":{\"@type\":\"PropertyValueSpecification\",\"valueRequired\":true,\"valueName\":\"search_term_string\"}}],\"inLanguage\":\"es\"},{\"@type\":\"Organization\",\"@id\":\"https:\\\/\\\/helloproject.es\\\/vigilancia\\\/#organization\",\"name\":\"Helloproject.es\",\"url\":\"https:\\\/\\\/helloproject.es\\\/vigilancia\\\/\",\"logo\":{\"@type\":\"ImageObject\",\"inLanguage\":\"es\",\"@id\":\"https:\\\/\\\/helloproject.es\\\/vigilancia\\\/#\\\/schema\\\/logo\\\/image\\\/\",\"url\":\"https:\\\/\\\/helloproject.es\\\/vigilancia\\\/wp-content\\\/uploads\\\/2023\\\/07\\\/bip4ex.png\",\"contentUrl\":\"https:\\\/\\\/helloproject.es\\\/vigilancia\\\/wp-content\\\/uploads\\\/2023\\\/07\\\/bip4ex.png\",\"width\":322,\"height\":365,\"caption\":\"Helloproject.es\"},\"image\":{\"@id\":\"https:\\\/\\\/helloproject.es\\\/vigilancia\\\/#\\\/schema\\\/logo\\\/image\\\/\"}},{\"@type\":\"Person\",\"@id\":\"https:\\\/\\\/helloproject.es\\\/vigilancia\\\/#\\\/schema\\\/person\\\/3767b0619d59a11570372c821f8619ca\",\"name\":\"Luis Miguel Mej\u00edas Ramos\",\"url\":\"https:\\\/\\\/helloproject.es\\\/vigilancia\\\/author\\\/luismi\\\/\"}]}<\/script>\n<!-- \/ Yoast SEO Premium plugin. -->","yoast_head_json":{"title":"Hallan m\u00e1s agujeros negros activos en galaxias enanas al ver m\u00e1s all\u00e1 del resplandor de la formaci\u00f3n estelar - bip4ex","robots":{"index":"index","follow":"follow","max-snippet":"max-snippet:-1","max-image-preview":"max-image-preview:large","max-video-preview":"max-video-preview:-1"},"canonical":"https:\/\/helloproject.es\/vigilancia\/hallan-mas-agujeros-negros-activos-en-galaxias-enanas-al-ver-mas-alla-del-resplandor-de-la-formacion-estelar\/","og_locale":"es_ES","og_type":"article","og_title":"Hallan m\u00e1s agujeros negros activos en galaxias enanas al ver m\u00e1s all\u00e1 del resplandor de la formaci\u00f3n estelar","og_description":"Un nuevo censo de m\u00e1s de 8 000 galaxias cercanas ha encontrado que los agujeros negros activos (AGN) aumentan en frecuencia conforme crece la masa de la galaxia, mostrando un incremento notable en las galaxias de tama\u00f1o similar al de la V\u00eda L\u00e1ctea. Los cient\u00edficos realizaron el censo m\u00e1s exhaustivo hasta la fecha de n\u00facleos [&hellip;]","og_url":"https:\/\/helloproject.es\/vigilancia\/hallan-mas-agujeros-negros-activos-en-galaxias-enanas-al-ver-mas-alla-del-resplandor-de-la-formacion-estelar\/","og_site_name":"bip4ex","article_published_time":"2026-01-12T11:28:13+00:00","author":"Luis Miguel Mej\u00edas Ramos","twitter_card":"summary_large_image","twitter_misc":{"Escrito por":"Luis Miguel Mej\u00edas Ramos","Tiempo de lectura":"4 minutos"},"schema":{"@context":"https:\/\/schema.org","@graph":[{"@type":"Article","@id":"https:\/\/helloproject.es\/vigilancia\/hallan-mas-agujeros-negros-activos-en-galaxias-enanas-al-ver-mas-alla-del-resplandor-de-la-formacion-estelar\/#article","isPartOf":{"@id":"https:\/\/helloproject.es\/vigilancia\/hallan-mas-agujeros-negros-activos-en-galaxias-enanas-al-ver-mas-alla-del-resplandor-de-la-formacion-estelar\/"},"author":{"name":"Luis Miguel Mej\u00edas Ramos","@id":"https:\/\/helloproject.es\/vigilancia\/#\/schema\/person\/3767b0619d59a11570372c821f8619ca"},"headline":"Hallan m\u00e1s agujeros negros activos en galaxias enanas al ver m\u00e1s all\u00e1 del resplandor de la formaci\u00f3n estelar","datePublished":"2026-01-12T11:28:13+00:00","mainEntityOfPage":{"@id":"https:\/\/helloproject.es\/vigilancia\/hallan-mas-agujeros-negros-activos-en-galaxias-enanas-al-ver-mas-alla-del-resplandor-de-la-formacion-estelar\/"},"wordCount":831,"publisher":{"@id":"https:\/\/helloproject.es\/vigilancia\/#organization"},"articleSection":["Noticias"],"inLanguage":"es"},{"@type":"WebPage","@id":"https:\/\/helloproject.es\/vigilancia\/hallan-mas-agujeros-negros-activos-en-galaxias-enanas-al-ver-mas-alla-del-resplandor-de-la-formacion-estelar\/","url":"https:\/\/helloproject.es\/vigilancia\/hallan-mas-agujeros-negros-activos-en-galaxias-enanas-al-ver-mas-alla-del-resplandor-de-la-formacion-estelar\/","name":"Hallan m\u00e1s agujeros negros activos en galaxias enanas al ver m\u00e1s all\u00e1 del resplandor de la formaci\u00f3n estelar - bip4ex","isPartOf":{"@id":"https:\/\/helloproject.es\/vigilancia\/#website"},"datePublished":"2026-01-12T11:28:13+00:00","breadcrumb":{"@id":"https:\/\/helloproject.es\/vigilancia\/hallan-mas-agujeros-negros-activos-en-galaxias-enanas-al-ver-mas-alla-del-resplandor-de-la-formacion-estelar\/#breadcrumb"},"inLanguage":"es","potentialAction":[{"@type":"ReadAction","target":["https:\/\/helloproject.es\/vigilancia\/hallan-mas-agujeros-negros-activos-en-galaxias-enanas-al-ver-mas-alla-del-resplandor-de-la-formacion-estelar\/"]}]},{"@type":"BreadcrumbList","@id":"https:\/\/helloproject.es\/vigilancia\/hallan-mas-agujeros-negros-activos-en-galaxias-enanas-al-ver-mas-alla-del-resplandor-de-la-formacion-estelar\/#breadcrumb","itemListElement":[{"@type":"ListItem","position":1,"name":"Home","item":"https:\/\/helloproject.es\/vigilancia\/"},{"@type":"ListItem","position":2,"name":"Hallan m\u00e1s agujeros negros activos en galaxias enanas al ver m\u00e1s all\u00e1 del resplandor de la formaci\u00f3n estelar"}]},{"@type":"WebSite","@id":"https:\/\/helloproject.es\/vigilancia\/#website","url":"https:\/\/helloproject.es\/vigilancia\/","name":"bip4ex","description":"Vigilancia Tecnol\u00f3gica","publisher":{"@id":"https:\/\/helloproject.es\/vigilancia\/#organization"},"potentialAction":[{"@type":"SearchAction","target":{"@type":"EntryPoint","urlTemplate":"https:\/\/helloproject.es\/vigilancia\/?s={search_term_string}"},"query-input":{"@type":"PropertyValueSpecification","valueRequired":true,"valueName":"search_term_string"}}],"inLanguage":"es"},{"@type":"Organization","@id":"https:\/\/helloproject.es\/vigilancia\/#organization","name":"Helloproject.es","url":"https:\/\/helloproject.es\/vigilancia\/","logo":{"@type":"ImageObject","inLanguage":"es","@id":"https:\/\/helloproject.es\/vigilancia\/#\/schema\/logo\/image\/","url":"https:\/\/helloproject.es\/vigilancia\/wp-content\/uploads\/2023\/07\/bip4ex.png","contentUrl":"https:\/\/helloproject.es\/vigilancia\/wp-content\/uploads\/2023\/07\/bip4ex.png","width":322,"height":365,"caption":"Helloproject.es"},"image":{"@id":"https:\/\/helloproject.es\/vigilancia\/#\/schema\/logo\/image\/"}},{"@type":"Person","@id":"https:\/\/helloproject.es\/vigilancia\/#\/schema\/person\/3767b0619d59a11570372c821f8619ca","name":"Luis Miguel Mej\u00edas Ramos","url":"https:\/\/helloproject.es\/vigilancia\/author\/luismi\/"}]}},"_links":{"self":[{"href":"https:\/\/helloproject.es\/vigilancia\/wp-json\/wp\/v2\/posts\/193401","targetHints":{"allow":["GET"]}}],"collection":[{"href":"https:\/\/helloproject.es\/vigilancia\/wp-json\/wp\/v2\/posts"}],"about":[{"href":"https:\/\/helloproject.es\/vigilancia\/wp-json\/wp\/v2\/types\/post"}],"author":[{"embeddable":true,"href":"https:\/\/helloproject.es\/vigilancia\/wp-json\/wp\/v2\/users\/5"}],"replies":[{"embeddable":true,"href":"https:\/\/helloproject.es\/vigilancia\/wp-json\/wp\/v2\/comments?post=193401"}],"version-history":[{"count":0,"href":"https:\/\/helloproject.es\/vigilancia\/wp-json\/wp\/v2\/posts\/193401\/revisions"}],"wp:attachment":[{"href":"https:\/\/helloproject.es\/vigilancia\/wp-json\/wp\/v2\/media?parent=193401"}],"wp:term":[{"taxonomy":"category","embeddable":true,"href":"https:\/\/helloproject.es\/vigilancia\/wp-json\/wp\/v2\/categories?post=193401"},{"taxonomy":"post_tag","embeddable":true,"href":"https:\/\/helloproject.es\/vigilancia\/wp-json\/wp\/v2\/tags?post=193401"}],"curies":[{"name":"wp","href":"https:\/\/api.w.org\/{rel}","templated":true}]}}