{"id":193402,"date":"2026-01-12T12:28:14","date_gmt":"2026-01-12T11:28:14","guid":{"rendered":"https:\/\/helloproject.es\/vigilancia\/un-clima-extremo-y-una-vegetacion-lista-para-arder-intensificaron-los-incendios-de-2025-en-espana\/"},"modified":"2026-01-12T12:28:14","modified_gmt":"2026-01-12T11:28:14","slug":"un-clima-extremo-y-una-vegetacion-lista-para-arder-intensificaron-los-incendios-de-2025-en-espana","status":"publish","type":"post","link":"https:\/\/helloproject.es\/vigilancia\/un-clima-extremo-y-una-vegetacion-lista-para-arder-intensificaron-los-incendios-de-2025-en-espana\/","title":{"rendered":"Un clima extremo y una vegetaci\u00f3n lista para arder intensificaron los incendios de 2025 en Espa\u00f1a"},"content":{"rendered":"<p>La combinaci\u00f3n de una meteorolog\u00eda extrema y una vegetaci\u00f3n propicia para arder se erige como la principal causa del r\u00e9cord hist\u00f3rico de superficie quemada durante los incendios registrados el pasado mes de agosto en el noroeste de la pen\u00ednsula ib\u00e9rica.<\/p>\n<p>El noroeste de la pen\u00ednsula ib\u00e9rica concentr\u00f3 solo durante el mes de agosto m\u00e1s del 50 % del \u00e1rea total quemada en territorio europeo entre enero y agosto<\/p>\n<p>Esta zona, que apenas representa un 2 % de la Uni\u00f3n Europea, concentr\u00f3 solo durante el mes de agosto m\u00e1s del 50 % (unas 540 000 hect\u00e1reas) del \u00e1rea total quemada en territorio europeo entre enero y agosto.<\/p>\n<p>Esta ha sido una de las conclusiones alcanzada por un estudio liderado por la Universidad de Murcia y publicado en la revista Global Change Biology.<\/p>\n<p>En el equipo multidisciplinar tambi\u00e9n participaron el Centro de Investigaciones sobre Desertificaci\u00f3n (CIDE), centro mixto del Consejo Superior de Investigaciones Cient\u00edficas (CSIC), la Universitat de Val\u00e8ncia y la Generalitat Valenciana, la Misi\u00f3n Biol\u00f3gica de Galicia (MBG-CSIC) y el Instituto Mixto de Investigaci\u00f3n en Biodiversidad (IMIB, CSIC-Universidad de Oviedo-Principado de Asturias).<\/p>\n<p>                        <a href=\"https:\/\/www.agenciasinc.es\/Reportajes\/Respirar-el-humo-de-los-incendios-un-problema-emergente-de-salud-publica\"><br \/>\n                            <img decoding=\"async\" src=\"https:\/\/cdn.agenciasinc.es\/var\/ezwebin_site\/storage\/images\/reportajes\/respirar-el-humo-de-los-incendios-un-problema-emergente-de-salud-publica\/12366589-6-esl-MX\/Respirar-el-humo-de-los-incendios-un-problema-emergente-de-salud-publica.jpg\" alt=\"Respirar el humo de los incendios, un problema emergente de salud p\u00fablica\" title=\"Respirar el humo de los incendios, un problema emergente de salud p\u00fablica\" class=\"small_fotoderecha_img\" loading=\"lazy\" \/><br \/>\n                        <\/a><\/p>\n<p>                    <a href=\"https:\/\/www.agenciasinc.es\/Reportajes\/Respirar-el-humo-de-los-incendios-un-problema-emergente-de-salud-publica\" class=\"small_fotoderecha_titulo\"><\/a><\/p>\n<h3 class=\"small_fotoderecha_titulo\">Respirar el humo de los incendios, un problema emergente de salud p\u00fablica<\/h3>\n<p>                    <\/p>\n<p>                                                                                                                                                <a href=\"https:\/\/www.agenciasinc.es\/Autor\/Eva-Rodriguez\"><br \/>\n                                        Eva Rodr\u00edguez<br \/>\n                                        <\/a>                                                                                                <\/p>\n<p><a><\/a><\/p>\n<h2>Ola de calor intensa<\/h2>\n<p>El estudio subraya que estos incendios no fueron un fen\u00f3meno casual, sino que se desarrollaron coincidiendo con una intensa ola de calor que se alarg\u00f3 durante 16 d\u00edas en el suroeste de Europa, lo que favoreci\u00f3 la aparici\u00f3n de condiciones meteorol\u00f3gicas extremas propicias para la propagaci\u00f3n del fuego. \u201cEsto se reflej\u00f3 en un aumento del \u00cdndice Meteorol\u00f3gico de Peligro de Incendios, que alcanz\u00f3 el valor mensual m\u00e1s extremo registrado en el noroeste de la pen\u00ednsula ib\u00e9rica en el periodo 1985-2025\u201d, se\u00f1ala Marco Turco, investigador de la Universidad de Murcia.<\/p>\n<p>No obstante, el trabajo destaca que, si bien las condiciones meteorol\u00f3gicas extremas son necesarias, no bastan para explicar la magnitud de los incendios. Para comprender la intensidad de los incendios del pasado mes de agosto en el noroeste de la Pen\u00ednsula Ib\u00e9rica es necesario tener en cuenta otro factor clave: la vegetaci\u00f3n afectada.<\/p>\n<p><img decoding=\"async\" src=\"https:\/\/www.agenciasinc.es\/bundles\/app\/images\/quotebefore.png\" \/><\/p>\n<p>Los matorrales y pinares se quemaron m\u00e1s que otros tipos de vegetaci\u00f3n, en relaci\u00f3n con lo disponible en la zona<\/p>\n<p>Juli G. Pausas, CSIC<br \/>\n<img decoding=\"async\" src=\"https:\/\/www.agenciasinc.es\/bundles\/app\/images\/quoteafter.png\" \/><\/p>\n<p>\u201cEl estudio deja claro que los incendios extremos dependen de unas condiciones meteorol\u00f3gicas extremas\u201d, explica Juli G. Pausas, investigador del CSIC en el CIDE y coautor del art\u00edculo. \u201cPero el tipo de vegetaci\u00f3n tambi\u00e9n influye en la propagaci\u00f3n de los incendios: los matorrales y pinares se quemaron m\u00e1s que otros tipos de vegetaci\u00f3n, en relaci\u00f3n con lo disponible en la zona\u201d, asegura.<\/p>\n<p>\u201cPor otra parte, los bosques aut\u00f3ctonos de roble, por ejemplo, se quemaron menos de lo que les tocar\u00eda si toda la vegetaci\u00f3n quemase por igual\u201d, destaca la investigadora Cristina Sant\u00edn, del IMIB. Sant\u00edn a\u00f1ade: \u201ceste an\u00e1lisis no encuentra evidencia de que las zonas protegidas quemaran m\u00e1s que las no protegidas, que es algo que se repiti\u00f3 mucho este verano en los medios de comunicaci\u00f3n\u201d.<\/p>\n<p>                        <a href=\"https:\/\/www.agenciasinc.es\/Reportajes\/De-las-llamas-al-grifo-como-los-incendios-comprometen-la-calidad-del-agua\"><br \/>\n                            <img decoding=\"async\" src=\"https:\/\/cdn.agenciasinc.es\/var\/ezwebin_site\/storage\/images\/reportajes\/de-las-llamas-al-grifo-como-los-incendios-comprometen-la-calidad-del-agua\/12355684-9-esl-MX\/De-las-llamas-al-grifo-como-los-incendios-comprometen-la-calidad-del-agua.jpg\" alt=\"De las llamas al grifo, c\u00f3mo los incendios comprometen la calidad del agua\" title=\"De las llamas al grifo, c\u00f3mo los incendios comprometen la calidad del agua\" class=\"small_fotoderecha_img\" loading=\"lazy\" \/><br \/>\n                        <\/a><\/p>\n<p>                    <a href=\"https:\/\/www.agenciasinc.es\/Reportajes\/De-las-llamas-al-grifo-como-los-incendios-comprometen-la-calidad-del-agua\" class=\"small_fotoderecha_titulo\"><\/a><\/p>\n<h3 class=\"small_fotoderecha_titulo\">De las llamas al grifo, c\u00f3mo los incendios comprometen la calidad del agua<\/h3>\n<p>                    <\/p>\n<p>                                                                                                                                                <a href=\"https:\/\/www.agenciasinc.es\/Autor\/Eva-Rodriguez\"><br \/>\n                                        Eva Rodr\u00edguez<br \/>\n                                        <\/a>                                                                                                <\/p>\n<p>Para que veranos como el de 2025 no se repitan, los investigadores consideran fundamental pasar de una estrategia predominantemente reactiva a una prevenci\u00f3n proactiva que reconozca la resiliencia ante los incendios como una cuesti\u00f3n de seguridad nacional. \u201cPara que veranos como el de 2025 sigan siendo excepcionales y no se conviertan en la nueva norma, se necesita actuar en todas las dimensiones del riesgo, peligro, exposici\u00f3n y vulnerabilidad, mediante una mitigaci\u00f3n y adaptaci\u00f3n coordinadas\u201d, concluye Dominic Roy\u00e9, investigador de la MBG-CSIC.\u00a0<\/p>\n<p>Referencia:<\/p>\n<p>S\u00e1nchez-Hern\u00e1ndez, G., M. Turco\u00a0et al. Record-Breaking 2025 European Wildfires Concentrated in Northwest Iberia.\u00a0<a href=\"https:\/\/doi.org\/10.1111\/gcb.70649\" target=\"_blank\">Global Change Biology<\/a>\u00a0(2025).<\/p>","protected":false},"excerpt":{"rendered":"<p>La combinaci\u00f3n de una meteorolog\u00eda extrema y una vegetaci\u00f3n propicia para arder se erige como la principal causa del r\u00e9cord hist\u00f3rico de superficie quemada durante los incendios registrados el pasado mes de agosto en el noroeste de la pen\u00ednsula ib\u00e9rica. El noroeste de la pen\u00ednsula ib\u00e9rica concentr\u00f3 solo durante el mes de agosto m\u00e1s del [&hellip;]<\/p>\n","protected":false},"author":5,"featured_media":0,"comment_status":"","ping_status":"","sticky":false,"template":"","format":"standard","meta":{"site-sidebar-layout":"default","site-content-layout":"","ast-site-content-layout":"default","site-content-style":"default","site-sidebar-style":"default","ast-global-header-display":"","ast-banner-title-visibility":"","ast-main-header-display":"","ast-hfb-above-header-display":"","ast-hfb-below-header-display":"","ast-hfb-mobile-header-display":"","site-post-title":"","ast-breadcrumbs-content":"","ast-featured-img":"","footer-sml-layout":"","ast-disable-related-posts":"","theme-transparent-header-meta":"","adv-header-id-meta":"","stick-header-meta":"","header-above-stick-meta":"","header-main-stick-meta":"","header-below-stick-meta":"","astra-migrate-meta-layouts":"default","ast-page-background-enabled":"default","ast-page-background-meta":{"desktop":{"background-color":"var(--ast-global-color-4)","background-image":"","background-repeat":"repeat","background-position":"center center","background-size":"auto","background-attachment":"scroll","background-type":"","background-media":"","overlay-type":"","overlay-color":"","overlay-opacity":"","overlay-gradient":""},"tablet":{"background-color":"","background-image":"","background-repeat":"repeat","background-position":"center center","background-size":"auto","background-attachment":"scroll","background-type":"","background-media":"","overlay-type":"","overlay-color":"","overlay-opacity":"","overlay-gradient":""},"mobile":{"background-color":"","background-image":"","background-repeat":"repeat","background-position":"center center","background-size":"auto","background-attachment":"scroll","background-type":"","background-media":"","overlay-type":"","overlay-color":"","overlay-opacity":"","overlay-gradient":""}},"ast-content-background-meta":{"desktop":{"background-color":"var(--ast-global-color-5)","background-image":"","background-repeat":"repeat","background-position":"center center","background-size":"auto","background-attachment":"scroll","background-type":"","background-media":"","overlay-type":"","overlay-color":"","overlay-opacity":"","overlay-gradient":""},"tablet":{"background-color":"var(--ast-global-color-5)","background-image":"","background-repeat":"repeat","background-position":"center center","background-size":"auto","background-attachment":"scroll","background-type":"","background-media":"","overlay-type":"","overlay-color":"","overlay-opacity":"","overlay-gradient":""},"mobile":{"background-color":"var(--ast-global-color-5)","background-image":"","background-repeat":"repeat","background-position":"center center","background-size":"auto","background-attachment":"scroll","background-type":"","background-media":"","overlay-type":"","overlay-color":"","overlay-opacity":"","overlay-gradient":""}},"footnotes":""},"categories":[5],"tags":[],"class_list":["post-193402","post","type-post","status-publish","format-standard","hentry","category-noticias"],"yoast_head":"<!-- This site is optimized with the Yoast SEO Premium plugin v20.9 (Yoast SEO v27.4) - https:\/\/yoast.com\/product\/yoast-seo-premium-wordpress\/ -->\n<title>Un clima extremo y una vegetaci\u00f3n lista para arder intensificaron los incendios de 2025 en Espa\u00f1a - bip4ex<\/title>\n<meta name=\"robots\" content=\"index, follow, max-snippet:-1, max-image-preview:large, max-video-preview:-1\" \/>\n<link rel=\"canonical\" href=\"https:\/\/helloproject.es\/vigilancia\/un-clima-extremo-y-una-vegetacion-lista-para-arder-intensificaron-los-incendios-de-2025-en-espana\/\" \/>\n<meta property=\"og:locale\" content=\"es_ES\" \/>\n<meta property=\"og:type\" content=\"article\" \/>\n<meta property=\"og:title\" content=\"Un clima extremo y una vegetaci\u00f3n lista para arder intensificaron los incendios de 2025 en Espa\u00f1a\" \/>\n<meta property=\"og:description\" content=\"La combinaci\u00f3n de una meteorolog\u00eda extrema y una vegetaci\u00f3n propicia para arder se erige como la principal causa del r\u00e9cord hist\u00f3rico de superficie quemada durante los incendios registrados el pasado mes de agosto en el noroeste de la pen\u00ednsula ib\u00e9rica. El noroeste de la pen\u00ednsula ib\u00e9rica concentr\u00f3 solo durante el mes de agosto m\u00e1s del [&hellip;]\" \/>\n<meta property=\"og:url\" content=\"https:\/\/helloproject.es\/vigilancia\/un-clima-extremo-y-una-vegetacion-lista-para-arder-intensificaron-los-incendios-de-2025-en-espana\/\" \/>\n<meta property=\"og:site_name\" content=\"bip4ex\" \/>\n<meta property=\"article:published_time\" content=\"2026-01-12T11:28:14+00:00\" \/>\n<meta property=\"og:image\" content=\"https:\/\/cdn.agenciasinc.es\/var\/ezwebin_site\/storage\/images\/reportajes\/respirar-el-humo-de-los-incendios-un-problema-emergente-de-salud-publica\/12366589-6-esl-MX\/Respirar-el-humo-de-los-incendios-un-problema-emergente-de-salud-publica.jpg\" \/>\n<meta name=\"author\" content=\"Luis Miguel Mej\u00edas Ramos\" \/>\n<meta name=\"twitter:card\" content=\"summary_large_image\" \/>\n<meta name=\"twitter:label1\" content=\"Escrito por\" \/>\n\t<meta name=\"twitter:data1\" content=\"Luis Miguel Mej\u00edas Ramos\" \/>\n\t<meta name=\"twitter:label2\" content=\"Tiempo de lectura\" \/>\n\t<meta name=\"twitter:data2\" content=\"3 minutos\" \/>\n<script type=\"application\/ld+json\" class=\"yoast-schema-graph\">{\"@context\":\"https:\\\/\\\/schema.org\",\"@graph\":[{\"@type\":\"Article\",\"@id\":\"https:\\\/\\\/helloproject.es\\\/vigilancia\\\/un-clima-extremo-y-una-vegetacion-lista-para-arder-intensificaron-los-incendios-de-2025-en-espana\\\/#article\",\"isPartOf\":{\"@id\":\"https:\\\/\\\/helloproject.es\\\/vigilancia\\\/un-clima-extremo-y-una-vegetacion-lista-para-arder-intensificaron-los-incendios-de-2025-en-espana\\\/\"},\"author\":{\"name\":\"Luis Miguel Mej\u00edas Ramos\",\"@id\":\"https:\\\/\\\/helloproject.es\\\/vigilancia\\\/#\\\/schema\\\/person\\\/3767b0619d59a11570372c821f8619ca\"},\"headline\":\"Un clima extremo y una vegetaci\u00f3n lista para arder intensificaron los incendios de 2025 en Espa\u00f1a\",\"datePublished\":\"2026-01-12T11:28:14+00:00\",\"mainEntityOfPage\":{\"@id\":\"https:\\\/\\\/helloproject.es\\\/vigilancia\\\/un-clima-extremo-y-una-vegetacion-lista-para-arder-intensificaron-los-incendios-de-2025-en-espana\\\/\"},\"wordCount\":675,\"publisher\":{\"@id\":\"https:\\\/\\\/helloproject.es\\\/vigilancia\\\/#organization\"},\"image\":{\"@id\":\"https:\\\/\\\/helloproject.es\\\/vigilancia\\\/un-clima-extremo-y-una-vegetacion-lista-para-arder-intensificaron-los-incendios-de-2025-en-espana\\\/#primaryimage\"},\"thumbnailUrl\":\"https:\\\/\\\/cdn.agenciasinc.es\\\/var\\\/ezwebin_site\\\/storage\\\/images\\\/reportajes\\\/respirar-el-humo-de-los-incendios-un-problema-emergente-de-salud-publica\\\/12366589-6-esl-MX\\\/Respirar-el-humo-de-los-incendios-un-problema-emergente-de-salud-publica.jpg\",\"articleSection\":[\"Noticias\"],\"inLanguage\":\"es\"},{\"@type\":\"WebPage\",\"@id\":\"https:\\\/\\\/helloproject.es\\\/vigilancia\\\/un-clima-extremo-y-una-vegetacion-lista-para-arder-intensificaron-los-incendios-de-2025-en-espana\\\/\",\"url\":\"https:\\\/\\\/helloproject.es\\\/vigilancia\\\/un-clima-extremo-y-una-vegetacion-lista-para-arder-intensificaron-los-incendios-de-2025-en-espana\\\/\",\"name\":\"Un clima extremo y una vegetaci\u00f3n lista para arder intensificaron los incendios de 2025 en Espa\u00f1a - bip4ex\",\"isPartOf\":{\"@id\":\"https:\\\/\\\/helloproject.es\\\/vigilancia\\\/#website\"},\"primaryImageOfPage\":{\"@id\":\"https:\\\/\\\/helloproject.es\\\/vigilancia\\\/un-clima-extremo-y-una-vegetacion-lista-para-arder-intensificaron-los-incendios-de-2025-en-espana\\\/#primaryimage\"},\"image\":{\"@id\":\"https:\\\/\\\/helloproject.es\\\/vigilancia\\\/un-clima-extremo-y-una-vegetacion-lista-para-arder-intensificaron-los-incendios-de-2025-en-espana\\\/#primaryimage\"},\"thumbnailUrl\":\"https:\\\/\\\/cdn.agenciasinc.es\\\/var\\\/ezwebin_site\\\/storage\\\/images\\\/reportajes\\\/respirar-el-humo-de-los-incendios-un-problema-emergente-de-salud-publica\\\/12366589-6-esl-MX\\\/Respirar-el-humo-de-los-incendios-un-problema-emergente-de-salud-publica.jpg\",\"datePublished\":\"2026-01-12T11:28:14+00:00\",\"breadcrumb\":{\"@id\":\"https:\\\/\\\/helloproject.es\\\/vigilancia\\\/un-clima-extremo-y-una-vegetacion-lista-para-arder-intensificaron-los-incendios-de-2025-en-espana\\\/#breadcrumb\"},\"inLanguage\":\"es\",\"potentialAction\":[{\"@type\":\"ReadAction\",\"target\":[\"https:\\\/\\\/helloproject.es\\\/vigilancia\\\/un-clima-extremo-y-una-vegetacion-lista-para-arder-intensificaron-los-incendios-de-2025-en-espana\\\/\"]}]},{\"@type\":\"ImageObject\",\"inLanguage\":\"es\",\"@id\":\"https:\\\/\\\/helloproject.es\\\/vigilancia\\\/un-clima-extremo-y-una-vegetacion-lista-para-arder-intensificaron-los-incendios-de-2025-en-espana\\\/#primaryimage\",\"url\":\"https:\\\/\\\/cdn.agenciasinc.es\\\/var\\\/ezwebin_site\\\/storage\\\/images\\\/reportajes\\\/respirar-el-humo-de-los-incendios-un-problema-emergente-de-salud-publica\\\/12366589-6-esl-MX\\\/Respirar-el-humo-de-los-incendios-un-problema-emergente-de-salud-publica.jpg\",\"contentUrl\":\"https:\\\/\\\/cdn.agenciasinc.es\\\/var\\\/ezwebin_site\\\/storage\\\/images\\\/reportajes\\\/respirar-el-humo-de-los-incendios-un-problema-emergente-de-salud-publica\\\/12366589-6-esl-MX\\\/Respirar-el-humo-de-los-incendios-un-problema-emergente-de-salud-publica.jpg\"},{\"@type\":\"BreadcrumbList\",\"@id\":\"https:\\\/\\\/helloproject.es\\\/vigilancia\\\/un-clima-extremo-y-una-vegetacion-lista-para-arder-intensificaron-los-incendios-de-2025-en-espana\\\/#breadcrumb\",\"itemListElement\":[{\"@type\":\"ListItem\",\"position\":1,\"name\":\"Home\",\"item\":\"https:\\\/\\\/helloproject.es\\\/vigilancia\\\/\"},{\"@type\":\"ListItem\",\"position\":2,\"name\":\"Un clima extremo y una vegetaci\u00f3n lista para arder intensificaron los incendios de 2025 en Espa\u00f1a\"}]},{\"@type\":\"WebSite\",\"@id\":\"https:\\\/\\\/helloproject.es\\\/vigilancia\\\/#website\",\"url\":\"https:\\\/\\\/helloproject.es\\\/vigilancia\\\/\",\"name\":\"bip4ex\",\"description\":\"Vigilancia Tecnol\u00f3gica\",\"publisher\":{\"@id\":\"https:\\\/\\\/helloproject.es\\\/vigilancia\\\/#organization\"},\"potentialAction\":[{\"@type\":\"SearchAction\",\"target\":{\"@type\":\"EntryPoint\",\"urlTemplate\":\"https:\\\/\\\/helloproject.es\\\/vigilancia\\\/?s={search_term_string}\"},\"query-input\":{\"@type\":\"PropertyValueSpecification\",\"valueRequired\":true,\"valueName\":\"search_term_string\"}}],\"inLanguage\":\"es\"},{\"@type\":\"Organization\",\"@id\":\"https:\\\/\\\/helloproject.es\\\/vigilancia\\\/#organization\",\"name\":\"Helloproject.es\",\"url\":\"https:\\\/\\\/helloproject.es\\\/vigilancia\\\/\",\"logo\":{\"@type\":\"ImageObject\",\"inLanguage\":\"es\",\"@id\":\"https:\\\/\\\/helloproject.es\\\/vigilancia\\\/#\\\/schema\\\/logo\\\/image\\\/\",\"url\":\"https:\\\/\\\/helloproject.es\\\/vigilancia\\\/wp-content\\\/uploads\\\/2023\\\/07\\\/bip4ex.png\",\"contentUrl\":\"https:\\\/\\\/helloproject.es\\\/vigilancia\\\/wp-content\\\/uploads\\\/2023\\\/07\\\/bip4ex.png\",\"width\":322,\"height\":365,\"caption\":\"Helloproject.es\"},\"image\":{\"@id\":\"https:\\\/\\\/helloproject.es\\\/vigilancia\\\/#\\\/schema\\\/logo\\\/image\\\/\"}},{\"@type\":\"Person\",\"@id\":\"https:\\\/\\\/helloproject.es\\\/vigilancia\\\/#\\\/schema\\\/person\\\/3767b0619d59a11570372c821f8619ca\",\"name\":\"Luis Miguel Mej\u00edas Ramos\",\"url\":\"https:\\\/\\\/helloproject.es\\\/vigilancia\\\/author\\\/luismi\\\/\"}]}<\/script>\n<!-- \/ Yoast SEO Premium plugin. -->","yoast_head_json":{"title":"Un clima extremo y una vegetaci\u00f3n lista para arder intensificaron los incendios de 2025 en Espa\u00f1a - bip4ex","robots":{"index":"index","follow":"follow","max-snippet":"max-snippet:-1","max-image-preview":"max-image-preview:large","max-video-preview":"max-video-preview:-1"},"canonical":"https:\/\/helloproject.es\/vigilancia\/un-clima-extremo-y-una-vegetacion-lista-para-arder-intensificaron-los-incendios-de-2025-en-espana\/","og_locale":"es_ES","og_type":"article","og_title":"Un clima extremo y una vegetaci\u00f3n lista para arder intensificaron los incendios de 2025 en Espa\u00f1a","og_description":"La combinaci\u00f3n de una meteorolog\u00eda extrema y una vegetaci\u00f3n propicia para arder se erige como la principal causa del r\u00e9cord hist\u00f3rico de superficie quemada durante los incendios registrados el pasado mes de agosto en el noroeste de la pen\u00ednsula ib\u00e9rica. El noroeste de la pen\u00ednsula ib\u00e9rica concentr\u00f3 solo durante el mes de agosto m\u00e1s del [&hellip;]","og_url":"https:\/\/helloproject.es\/vigilancia\/un-clima-extremo-y-una-vegetacion-lista-para-arder-intensificaron-los-incendios-de-2025-en-espana\/","og_site_name":"bip4ex","article_published_time":"2026-01-12T11:28:14+00:00","og_image":[{"url":"https:\/\/cdn.agenciasinc.es\/var\/ezwebin_site\/storage\/images\/reportajes\/respirar-el-humo-de-los-incendios-un-problema-emergente-de-salud-publica\/12366589-6-esl-MX\/Respirar-el-humo-de-los-incendios-un-problema-emergente-de-salud-publica.jpg","type":"","width":"","height":""}],"author":"Luis Miguel Mej\u00edas Ramos","twitter_card":"summary_large_image","twitter_misc":{"Escrito por":"Luis Miguel Mej\u00edas Ramos","Tiempo de lectura":"3 minutos"},"schema":{"@context":"https:\/\/schema.org","@graph":[{"@type":"Article","@id":"https:\/\/helloproject.es\/vigilancia\/un-clima-extremo-y-una-vegetacion-lista-para-arder-intensificaron-los-incendios-de-2025-en-espana\/#article","isPartOf":{"@id":"https:\/\/helloproject.es\/vigilancia\/un-clima-extremo-y-una-vegetacion-lista-para-arder-intensificaron-los-incendios-de-2025-en-espana\/"},"author":{"name":"Luis Miguel Mej\u00edas Ramos","@id":"https:\/\/helloproject.es\/vigilancia\/#\/schema\/person\/3767b0619d59a11570372c821f8619ca"},"headline":"Un clima extremo y una vegetaci\u00f3n lista para arder intensificaron los incendios de 2025 en Espa\u00f1a","datePublished":"2026-01-12T11:28:14+00:00","mainEntityOfPage":{"@id":"https:\/\/helloproject.es\/vigilancia\/un-clima-extremo-y-una-vegetacion-lista-para-arder-intensificaron-los-incendios-de-2025-en-espana\/"},"wordCount":675,"publisher":{"@id":"https:\/\/helloproject.es\/vigilancia\/#organization"},"image":{"@id":"https:\/\/helloproject.es\/vigilancia\/un-clima-extremo-y-una-vegetacion-lista-para-arder-intensificaron-los-incendios-de-2025-en-espana\/#primaryimage"},"thumbnailUrl":"https:\/\/cdn.agenciasinc.es\/var\/ezwebin_site\/storage\/images\/reportajes\/respirar-el-humo-de-los-incendios-un-problema-emergente-de-salud-publica\/12366589-6-esl-MX\/Respirar-el-humo-de-los-incendios-un-problema-emergente-de-salud-publica.jpg","articleSection":["Noticias"],"inLanguage":"es"},{"@type":"WebPage","@id":"https:\/\/helloproject.es\/vigilancia\/un-clima-extremo-y-una-vegetacion-lista-para-arder-intensificaron-los-incendios-de-2025-en-espana\/","url":"https:\/\/helloproject.es\/vigilancia\/un-clima-extremo-y-una-vegetacion-lista-para-arder-intensificaron-los-incendios-de-2025-en-espana\/","name":"Un clima extremo y una vegetaci\u00f3n lista para arder intensificaron los incendios de 2025 en Espa\u00f1a - bip4ex","isPartOf":{"@id":"https:\/\/helloproject.es\/vigilancia\/#website"},"primaryImageOfPage":{"@id":"https:\/\/helloproject.es\/vigilancia\/un-clima-extremo-y-una-vegetacion-lista-para-arder-intensificaron-los-incendios-de-2025-en-espana\/#primaryimage"},"image":{"@id":"https:\/\/helloproject.es\/vigilancia\/un-clima-extremo-y-una-vegetacion-lista-para-arder-intensificaron-los-incendios-de-2025-en-espana\/#primaryimage"},"thumbnailUrl":"https:\/\/cdn.agenciasinc.es\/var\/ezwebin_site\/storage\/images\/reportajes\/respirar-el-humo-de-los-incendios-un-problema-emergente-de-salud-publica\/12366589-6-esl-MX\/Respirar-el-humo-de-los-incendios-un-problema-emergente-de-salud-publica.jpg","datePublished":"2026-01-12T11:28:14+00:00","breadcrumb":{"@id":"https:\/\/helloproject.es\/vigilancia\/un-clima-extremo-y-una-vegetacion-lista-para-arder-intensificaron-los-incendios-de-2025-en-espana\/#breadcrumb"},"inLanguage":"es","potentialAction":[{"@type":"ReadAction","target":["https:\/\/helloproject.es\/vigilancia\/un-clima-extremo-y-una-vegetacion-lista-para-arder-intensificaron-los-incendios-de-2025-en-espana\/"]}]},{"@type":"ImageObject","inLanguage":"es","@id":"https:\/\/helloproject.es\/vigilancia\/un-clima-extremo-y-una-vegetacion-lista-para-arder-intensificaron-los-incendios-de-2025-en-espana\/#primaryimage","url":"https:\/\/cdn.agenciasinc.es\/var\/ezwebin_site\/storage\/images\/reportajes\/respirar-el-humo-de-los-incendios-un-problema-emergente-de-salud-publica\/12366589-6-esl-MX\/Respirar-el-humo-de-los-incendios-un-problema-emergente-de-salud-publica.jpg","contentUrl":"https:\/\/cdn.agenciasinc.es\/var\/ezwebin_site\/storage\/images\/reportajes\/respirar-el-humo-de-los-incendios-un-problema-emergente-de-salud-publica\/12366589-6-esl-MX\/Respirar-el-humo-de-los-incendios-un-problema-emergente-de-salud-publica.jpg"},{"@type":"BreadcrumbList","@id":"https:\/\/helloproject.es\/vigilancia\/un-clima-extremo-y-una-vegetacion-lista-para-arder-intensificaron-los-incendios-de-2025-en-espana\/#breadcrumb","itemListElement":[{"@type":"ListItem","position":1,"name":"Home","item":"https:\/\/helloproject.es\/vigilancia\/"},{"@type":"ListItem","position":2,"name":"Un clima extremo y una vegetaci\u00f3n lista para arder intensificaron los incendios de 2025 en Espa\u00f1a"}]},{"@type":"WebSite","@id":"https:\/\/helloproject.es\/vigilancia\/#website","url":"https:\/\/helloproject.es\/vigilancia\/","name":"bip4ex","description":"Vigilancia Tecnol\u00f3gica","publisher":{"@id":"https:\/\/helloproject.es\/vigilancia\/#organization"},"potentialAction":[{"@type":"SearchAction","target":{"@type":"EntryPoint","urlTemplate":"https:\/\/helloproject.es\/vigilancia\/?s={search_term_string}"},"query-input":{"@type":"PropertyValueSpecification","valueRequired":true,"valueName":"search_term_string"}}],"inLanguage":"es"},{"@type":"Organization","@id":"https:\/\/helloproject.es\/vigilancia\/#organization","name":"Helloproject.es","url":"https:\/\/helloproject.es\/vigilancia\/","logo":{"@type":"ImageObject","inLanguage":"es","@id":"https:\/\/helloproject.es\/vigilancia\/#\/schema\/logo\/image\/","url":"https:\/\/helloproject.es\/vigilancia\/wp-content\/uploads\/2023\/07\/bip4ex.png","contentUrl":"https:\/\/helloproject.es\/vigilancia\/wp-content\/uploads\/2023\/07\/bip4ex.png","width":322,"height":365,"caption":"Helloproject.es"},"image":{"@id":"https:\/\/helloproject.es\/vigilancia\/#\/schema\/logo\/image\/"}},{"@type":"Person","@id":"https:\/\/helloproject.es\/vigilancia\/#\/schema\/person\/3767b0619d59a11570372c821f8619ca","name":"Luis Miguel Mej\u00edas Ramos","url":"https:\/\/helloproject.es\/vigilancia\/author\/luismi\/"}]}},"_links":{"self":[{"href":"https:\/\/helloproject.es\/vigilancia\/wp-json\/wp\/v2\/posts\/193402","targetHints":{"allow":["GET"]}}],"collection":[{"href":"https:\/\/helloproject.es\/vigilancia\/wp-json\/wp\/v2\/posts"}],"about":[{"href":"https:\/\/helloproject.es\/vigilancia\/wp-json\/wp\/v2\/types\/post"}],"author":[{"embeddable":true,"href":"https:\/\/helloproject.es\/vigilancia\/wp-json\/wp\/v2\/users\/5"}],"replies":[{"embeddable":true,"href":"https:\/\/helloproject.es\/vigilancia\/wp-json\/wp\/v2\/comments?post=193402"}],"version-history":[{"count":0,"href":"https:\/\/helloproject.es\/vigilancia\/wp-json\/wp\/v2\/posts\/193402\/revisions"}],"wp:attachment":[{"href":"https:\/\/helloproject.es\/vigilancia\/wp-json\/wp\/v2\/media?parent=193402"}],"wp:term":[{"taxonomy":"category","embeddable":true,"href":"https:\/\/helloproject.es\/vigilancia\/wp-json\/wp\/v2\/categories?post=193402"},{"taxonomy":"post_tag","embeddable":true,"href":"https:\/\/helloproject.es\/vigilancia\/wp-json\/wp\/v2\/tags?post=193402"}],"curies":[{"name":"wp","href":"https:\/\/api.w.org\/{rel}","templated":true}]}}