{"id":193547,"date":"2026-01-13T07:17:19","date_gmt":"2026-01-13T06:17:19","guid":{"rendered":"https:\/\/helloproject.es\/vigilancia\/convocatoria-para-cubrir-el-puesto-de-jefe-del-servicio-de-prevencion-de-riesgos-laborales-del-servicio-de-salud-de-las-islas-baleares\/"},"modified":"2026-01-13T07:17:19","modified_gmt":"2026-01-13T06:17:19","slug":"convocatoria-para-cubrir-el-puesto-de-jefe-del-servicio-de-prevencion-de-riesgos-laborales-del-servicio-de-salud-de-las-islas-baleares","status":"publish","type":"post","link":"https:\/\/helloproject.es\/vigilancia\/convocatoria-para-cubrir-el-puesto-de-jefe-del-servicio-de-prevencion-de-riesgos-laborales-del-servicio-de-salud-de-las-islas-baleares\/","title":{"rendered":"Convocatoria para cubrir el puesto de jefe del Servicio de Prevenci\u00f3n de Riesgos Laborales del Servicio de Salud de las Islas Baleares"},"content":{"rendered":"<p><img decoding=\"async\" src=\"https:\/\/www.infosalut.com\/images\/noticies\/infosalut\/epr1595.jpg\" \/><\/p>\n<p>El <a href=\"https:\/\/www.caib.es\/eboibfront\/es\/2026\/12215\/710604\/resolucio-del-director-general-del-servei-de-salut\" target=\"_blank\" rel=\"noopener\">Bolet\u00edn Oficial de las Islas Baleares (BOIB) n\u00fam. 5, de 10 de enero de 2026<\/a>, publica la Resoluci\u00f3n del director general del <a href=\"https:\/\/www.ibsalut.es\/\" target=\"_blank\" rel=\"noopener\">Servicio de Salud<\/a> por la que se aprueba la convocatoria para cubrir, por el sistema de libre designaci\u00f3n, el puesto de trabajo de <strong>jefe\/a del Servicio de Prevenci\u00f3n de Riesgos Laborales<\/strong>, correspondiente a la plantilla org\u00e1nica autorizada de los Servicios Corporativos del Servicio de Salud de las Illes Balears.<\/p>","protected":false},"excerpt":{"rendered":"<p>El Bolet\u00edn Oficial de las Islas Baleares (BOIB) n\u00fam. 5, de 10 de enero de 2026, publica la Resoluci\u00f3n del director general del Servicio de Salud por la que se aprueba la convocatoria para cubrir, por el sistema de libre designaci\u00f3n, el puesto de trabajo de jefe\/a del Servicio de Prevenci\u00f3n de Riesgos Laborales, correspondiente [&hellip;]<\/p>\n","protected":false},"author":5,"featured_media":0,"comment_status":"","ping_status":"","sticky":false,"template":"","format":"standard","meta":{"site-sidebar-layout":"default","site-content-layout":"","ast-site-content-layout":"default","site-content-style":"default","site-sidebar-style":"default","ast-global-header-display":"","ast-banner-title-visibility":"","ast-main-header-display":"","ast-hfb-above-header-display":"","ast-hfb-below-header-display":"","ast-hfb-mobile-header-display":"","site-post-title":"","ast-breadcrumbs-content":"","ast-featured-img":"","footer-sml-layout":"","ast-disable-related-posts":"","theme-transparent-header-meta":"","adv-header-id-meta":"","stick-header-meta":"","header-above-stick-meta":"","header-main-stick-meta":"","header-below-stick-meta":"","astra-migrate-meta-layouts":"default","ast-page-background-enabled":"default","ast-page-background-meta":{"desktop":{"background-color":"var(--ast-global-color-4)","background-image":"","background-repeat":"repeat","background-position":"center center","background-size":"auto","background-attachment":"scroll","background-type":"","background-media":"","overlay-type":"","overlay-color":"","overlay-opacity":"","overlay-gradient":""},"tablet":{"background-color":"","background-image":"","background-repeat":"repeat","background-position":"center center","background-size":"auto","background-attachment":"scroll","background-type":"","background-media":"","overlay-type":"","overlay-color":"","overlay-opacity":"","overlay-gradient":""},"mobile":{"background-color":"","background-image":"","background-repeat":"repeat","background-position":"center center","background-size":"auto","background-attachment":"scroll","background-type":"","background-media":"","overlay-type":"","overlay-color":"","overlay-opacity":"","overlay-gradient":""}},"ast-content-background-meta":{"desktop":{"background-color":"var(--ast-global-color-5)","background-image":"","background-repeat":"repeat","background-position":"center center","background-size":"auto","background-attachment":"scroll","background-type":"","background-media":"","overlay-type":"","overlay-color":"","overlay-opacity":"","overlay-gradient":""},"tablet":{"background-color":"var(--ast-global-color-5)","background-image":"","background-repeat":"repeat","background-position":"center center","background-size":"auto","background-attachment":"scroll","background-type":"","background-media":"","overlay-type":"","overlay-color":"","overlay-opacity":"","overlay-gradient":""},"mobile":{"background-color":"var(--ast-global-color-5)","background-image":"","background-repeat":"repeat","background-position":"center center","background-size":"auto","background-attachment":"scroll","background-type":"","background-media":"","overlay-type":"","overlay-color":"","overlay-opacity":"","overlay-gradient":""}},"footnotes":""},"categories":[5],"tags":[],"class_list":["post-193547","post","type-post","status-publish","format-standard","hentry","category-noticias"],"yoast_head":"<!-- This site is optimized with the Yoast SEO Premium plugin v20.9 (Yoast SEO v27.4) - https:\/\/yoast.com\/product\/yoast-seo-premium-wordpress\/ -->\n<title>Convocatoria para cubrir el puesto de jefe del Servicio de Prevenci\u00f3n de Riesgos Laborales del Servicio de Salud de las Islas Baleares - bip4ex<\/title>\n<meta name=\"robots\" content=\"index, follow, max-snippet:-1, max-image-preview:large, max-video-preview:-1\" \/>\n<link rel=\"canonical\" href=\"https:\/\/helloproject.es\/vigilancia\/convocatoria-para-cubrir-el-puesto-de-jefe-del-servicio-de-prevencion-de-riesgos-laborales-del-servicio-de-salud-de-las-islas-baleares\/\" \/>\n<meta property=\"og:locale\" content=\"es_ES\" \/>\n<meta property=\"og:type\" content=\"article\" \/>\n<meta property=\"og:title\" content=\"Convocatoria para cubrir el puesto de jefe del Servicio de Prevenci\u00f3n de Riesgos Laborales del Servicio de Salud de las Islas Baleares\" \/>\n<meta property=\"og:description\" content=\"El Bolet\u00edn Oficial de las Islas Baleares (BOIB) n\u00fam. 5, de 10 de enero de 2026, publica la Resoluci\u00f3n del director general del Servicio de Salud por la que se aprueba la convocatoria para cubrir, por el sistema de libre designaci\u00f3n, el puesto de trabajo de jefe\/a del Servicio de Prevenci\u00f3n de Riesgos Laborales, correspondiente [&hellip;]\" \/>\n<meta property=\"og:url\" content=\"https:\/\/helloproject.es\/vigilancia\/convocatoria-para-cubrir-el-puesto-de-jefe-del-servicio-de-prevencion-de-riesgos-laborales-del-servicio-de-salud-de-las-islas-baleares\/\" \/>\n<meta property=\"og:site_name\" content=\"bip4ex\" \/>\n<meta property=\"article:published_time\" content=\"2026-01-13T06:17:19+00:00\" \/>\n<meta property=\"og:image\" content=\"https:\/\/www.infosalut.com\/images\/noticies\/infosalut\/epr1595.jpg\" \/>\n<meta name=\"author\" content=\"Luis Miguel Mej\u00edas Ramos\" \/>\n<meta name=\"twitter:card\" content=\"summary_large_image\" \/>\n<meta name=\"twitter:label1\" content=\"Escrito por\" \/>\n\t<meta name=\"twitter:data1\" content=\"Luis Miguel Mej\u00edas Ramos\" \/>\n<script type=\"application\/ld+json\" class=\"yoast-schema-graph\">{\"@context\":\"https:\\\/\\\/schema.org\",\"@graph\":[{\"@type\":\"Article\",\"@id\":\"https:\\\/\\\/helloproject.es\\\/vigilancia\\\/convocatoria-para-cubrir-el-puesto-de-jefe-del-servicio-de-prevencion-de-riesgos-laborales-del-servicio-de-salud-de-las-islas-baleares\\\/#article\",\"isPartOf\":{\"@id\":\"https:\\\/\\\/helloproject.es\\\/vigilancia\\\/convocatoria-para-cubrir-el-puesto-de-jefe-del-servicio-de-prevencion-de-riesgos-laborales-del-servicio-de-salud-de-las-islas-baleares\\\/\"},\"author\":{\"name\":\"Luis Miguel Mej\u00edas Ramos\",\"@id\":\"https:\\\/\\\/helloproject.es\\\/vigilancia\\\/#\\\/schema\\\/person\\\/3767b0619d59a11570372c821f8619ca\"},\"headline\":\"Convocatoria para cubrir el puesto de jefe del Servicio de Prevenci\u00f3n de Riesgos Laborales del Servicio de Salud de las Islas Baleares\",\"datePublished\":\"2026-01-13T06:17:19+00:00\",\"mainEntityOfPage\":{\"@id\":\"https:\\\/\\\/helloproject.es\\\/vigilancia\\\/convocatoria-para-cubrir-el-puesto-de-jefe-del-servicio-de-prevencion-de-riesgos-laborales-del-servicio-de-salud-de-las-islas-baleares\\\/\"},\"wordCount\":99,\"publisher\":{\"@id\":\"https:\\\/\\\/helloproject.es\\\/vigilancia\\\/#organization\"},\"image\":{\"@id\":\"https:\\\/\\\/helloproject.es\\\/vigilancia\\\/convocatoria-para-cubrir-el-puesto-de-jefe-del-servicio-de-prevencion-de-riesgos-laborales-del-servicio-de-salud-de-las-islas-baleares\\\/#primaryimage\"},\"thumbnailUrl\":\"https:\\\/\\\/www.infosalut.com\\\/images\\\/noticies\\\/infosalut\\\/epr1595.jpg\",\"articleSection\":[\"Noticias\"],\"inLanguage\":\"es\"},{\"@type\":\"WebPage\",\"@id\":\"https:\\\/\\\/helloproject.es\\\/vigilancia\\\/convocatoria-para-cubrir-el-puesto-de-jefe-del-servicio-de-prevencion-de-riesgos-laborales-del-servicio-de-salud-de-las-islas-baleares\\\/\",\"url\":\"https:\\\/\\\/helloproject.es\\\/vigilancia\\\/convocatoria-para-cubrir-el-puesto-de-jefe-del-servicio-de-prevencion-de-riesgos-laborales-del-servicio-de-salud-de-las-islas-baleares\\\/\",\"name\":\"Convocatoria para cubrir el puesto de jefe del Servicio de Prevenci\u00f3n de Riesgos Laborales del Servicio de Salud de las Islas Baleares - bip4ex\",\"isPartOf\":{\"@id\":\"https:\\\/\\\/helloproject.es\\\/vigilancia\\\/#website\"},\"primaryImageOfPage\":{\"@id\":\"https:\\\/\\\/helloproject.es\\\/vigilancia\\\/convocatoria-para-cubrir-el-puesto-de-jefe-del-servicio-de-prevencion-de-riesgos-laborales-del-servicio-de-salud-de-las-islas-baleares\\\/#primaryimage\"},\"image\":{\"@id\":\"https:\\\/\\\/helloproject.es\\\/vigilancia\\\/convocatoria-para-cubrir-el-puesto-de-jefe-del-servicio-de-prevencion-de-riesgos-laborales-del-servicio-de-salud-de-las-islas-baleares\\\/#primaryimage\"},\"thumbnailUrl\":\"https:\\\/\\\/www.infosalut.com\\\/images\\\/noticies\\\/infosalut\\\/epr1595.jpg\",\"datePublished\":\"2026-01-13T06:17:19+00:00\",\"breadcrumb\":{\"@id\":\"https:\\\/\\\/helloproject.es\\\/vigilancia\\\/convocatoria-para-cubrir-el-puesto-de-jefe-del-servicio-de-prevencion-de-riesgos-laborales-del-servicio-de-salud-de-las-islas-baleares\\\/#breadcrumb\"},\"inLanguage\":\"es\",\"potentialAction\":[{\"@type\":\"ReadAction\",\"target\":[\"https:\\\/\\\/helloproject.es\\\/vigilancia\\\/convocatoria-para-cubrir-el-puesto-de-jefe-del-servicio-de-prevencion-de-riesgos-laborales-del-servicio-de-salud-de-las-islas-baleares\\\/\"]}]},{\"@type\":\"ImageObject\",\"inLanguage\":\"es\",\"@id\":\"https:\\\/\\\/helloproject.es\\\/vigilancia\\\/convocatoria-para-cubrir-el-puesto-de-jefe-del-servicio-de-prevencion-de-riesgos-laborales-del-servicio-de-salud-de-las-islas-baleares\\\/#primaryimage\",\"url\":\"https:\\\/\\\/www.infosalut.com\\\/images\\\/noticies\\\/infosalut\\\/epr1595.jpg\",\"contentUrl\":\"https:\\\/\\\/www.infosalut.com\\\/images\\\/noticies\\\/infosalut\\\/epr1595.jpg\"},{\"@type\":\"BreadcrumbList\",\"@id\":\"https:\\\/\\\/helloproject.es\\\/vigilancia\\\/convocatoria-para-cubrir-el-puesto-de-jefe-del-servicio-de-prevencion-de-riesgos-laborales-del-servicio-de-salud-de-las-islas-baleares\\\/#breadcrumb\",\"itemListElement\":[{\"@type\":\"ListItem\",\"position\":1,\"name\":\"Home\",\"item\":\"https:\\\/\\\/helloproject.es\\\/vigilancia\\\/\"},{\"@type\":\"ListItem\",\"position\":2,\"name\":\"Convocatoria para cubrir el puesto de jefe del Servicio de Prevenci\u00f3n de Riesgos Laborales del Servicio de Salud de las Islas Baleares\"}]},{\"@type\":\"WebSite\",\"@id\":\"https:\\\/\\\/helloproject.es\\\/vigilancia\\\/#website\",\"url\":\"https:\\\/\\\/helloproject.es\\\/vigilancia\\\/\",\"name\":\"bip4ex\",\"description\":\"Vigilancia Tecnol\u00f3gica\",\"publisher\":{\"@id\":\"https:\\\/\\\/helloproject.es\\\/vigilancia\\\/#organization\"},\"potentialAction\":[{\"@type\":\"SearchAction\",\"target\":{\"@type\":\"EntryPoint\",\"urlTemplate\":\"https:\\\/\\\/helloproject.es\\\/vigilancia\\\/?s={search_term_string}\"},\"query-input\":{\"@type\":\"PropertyValueSpecification\",\"valueRequired\":true,\"valueName\":\"search_term_string\"}}],\"inLanguage\":\"es\"},{\"@type\":\"Organization\",\"@id\":\"https:\\\/\\\/helloproject.es\\\/vigilancia\\\/#organization\",\"name\":\"Helloproject.es\",\"url\":\"https:\\\/\\\/helloproject.es\\\/vigilancia\\\/\",\"logo\":{\"@type\":\"ImageObject\",\"inLanguage\":\"es\",\"@id\":\"https:\\\/\\\/helloproject.es\\\/vigilancia\\\/#\\\/schema\\\/logo\\\/image\\\/\",\"url\":\"https:\\\/\\\/helloproject.es\\\/vigilancia\\\/wp-content\\\/uploads\\\/2023\\\/07\\\/bip4ex.png\",\"contentUrl\":\"https:\\\/\\\/helloproject.es\\\/vigilancia\\\/wp-content\\\/uploads\\\/2023\\\/07\\\/bip4ex.png\",\"width\":322,\"height\":365,\"caption\":\"Helloproject.es\"},\"image\":{\"@id\":\"https:\\\/\\\/helloproject.es\\\/vigilancia\\\/#\\\/schema\\\/logo\\\/image\\\/\"}},{\"@type\":\"Person\",\"@id\":\"https:\\\/\\\/helloproject.es\\\/vigilancia\\\/#\\\/schema\\\/person\\\/3767b0619d59a11570372c821f8619ca\",\"name\":\"Luis Miguel Mej\u00edas Ramos\",\"url\":\"https:\\\/\\\/helloproject.es\\\/vigilancia\\\/author\\\/luismi\\\/\"}]}<\/script>\n<!-- \/ Yoast SEO Premium plugin. -->","yoast_head_json":{"title":"Convocatoria para cubrir el puesto de jefe del Servicio de Prevenci\u00f3n de Riesgos Laborales del Servicio de Salud de las Islas Baleares - bip4ex","robots":{"index":"index","follow":"follow","max-snippet":"max-snippet:-1","max-image-preview":"max-image-preview:large","max-video-preview":"max-video-preview:-1"},"canonical":"https:\/\/helloproject.es\/vigilancia\/convocatoria-para-cubrir-el-puesto-de-jefe-del-servicio-de-prevencion-de-riesgos-laborales-del-servicio-de-salud-de-las-islas-baleares\/","og_locale":"es_ES","og_type":"article","og_title":"Convocatoria para cubrir el puesto de jefe del Servicio de Prevenci\u00f3n de Riesgos Laborales del Servicio de Salud de las Islas Baleares","og_description":"El Bolet\u00edn Oficial de las Islas Baleares (BOIB) n\u00fam. 5, de 10 de enero de 2026, publica la Resoluci\u00f3n del director general del Servicio de Salud por la que se aprueba la convocatoria para cubrir, por el sistema de libre designaci\u00f3n, el puesto de trabajo de jefe\/a del Servicio de Prevenci\u00f3n de Riesgos Laborales, correspondiente [&hellip;]","og_url":"https:\/\/helloproject.es\/vigilancia\/convocatoria-para-cubrir-el-puesto-de-jefe-del-servicio-de-prevencion-de-riesgos-laborales-del-servicio-de-salud-de-las-islas-baleares\/","og_site_name":"bip4ex","article_published_time":"2026-01-13T06:17:19+00:00","og_image":[{"url":"https:\/\/www.infosalut.com\/images\/noticies\/infosalut\/epr1595.jpg","type":"","width":"","height":""}],"author":"Luis Miguel Mej\u00edas Ramos","twitter_card":"summary_large_image","twitter_misc":{"Escrito por":"Luis Miguel Mej\u00edas Ramos"},"schema":{"@context":"https:\/\/schema.org","@graph":[{"@type":"Article","@id":"https:\/\/helloproject.es\/vigilancia\/convocatoria-para-cubrir-el-puesto-de-jefe-del-servicio-de-prevencion-de-riesgos-laborales-del-servicio-de-salud-de-las-islas-baleares\/#article","isPartOf":{"@id":"https:\/\/helloproject.es\/vigilancia\/convocatoria-para-cubrir-el-puesto-de-jefe-del-servicio-de-prevencion-de-riesgos-laborales-del-servicio-de-salud-de-las-islas-baleares\/"},"author":{"name":"Luis Miguel Mej\u00edas Ramos","@id":"https:\/\/helloproject.es\/vigilancia\/#\/schema\/person\/3767b0619d59a11570372c821f8619ca"},"headline":"Convocatoria para cubrir el puesto de jefe del Servicio de Prevenci\u00f3n de Riesgos Laborales del Servicio de Salud de las Islas Baleares","datePublished":"2026-01-13T06:17:19+00:00","mainEntityOfPage":{"@id":"https:\/\/helloproject.es\/vigilancia\/convocatoria-para-cubrir-el-puesto-de-jefe-del-servicio-de-prevencion-de-riesgos-laborales-del-servicio-de-salud-de-las-islas-baleares\/"},"wordCount":99,"publisher":{"@id":"https:\/\/helloproject.es\/vigilancia\/#organization"},"image":{"@id":"https:\/\/helloproject.es\/vigilancia\/convocatoria-para-cubrir-el-puesto-de-jefe-del-servicio-de-prevencion-de-riesgos-laborales-del-servicio-de-salud-de-las-islas-baleares\/#primaryimage"},"thumbnailUrl":"https:\/\/www.infosalut.com\/images\/noticies\/infosalut\/epr1595.jpg","articleSection":["Noticias"],"inLanguage":"es"},{"@type":"WebPage","@id":"https:\/\/helloproject.es\/vigilancia\/convocatoria-para-cubrir-el-puesto-de-jefe-del-servicio-de-prevencion-de-riesgos-laborales-del-servicio-de-salud-de-las-islas-baleares\/","url":"https:\/\/helloproject.es\/vigilancia\/convocatoria-para-cubrir-el-puesto-de-jefe-del-servicio-de-prevencion-de-riesgos-laborales-del-servicio-de-salud-de-las-islas-baleares\/","name":"Convocatoria para cubrir el puesto de jefe del Servicio de Prevenci\u00f3n de Riesgos Laborales del Servicio de Salud de las Islas Baleares - bip4ex","isPartOf":{"@id":"https:\/\/helloproject.es\/vigilancia\/#website"},"primaryImageOfPage":{"@id":"https:\/\/helloproject.es\/vigilancia\/convocatoria-para-cubrir-el-puesto-de-jefe-del-servicio-de-prevencion-de-riesgos-laborales-del-servicio-de-salud-de-las-islas-baleares\/#primaryimage"},"image":{"@id":"https:\/\/helloproject.es\/vigilancia\/convocatoria-para-cubrir-el-puesto-de-jefe-del-servicio-de-prevencion-de-riesgos-laborales-del-servicio-de-salud-de-las-islas-baleares\/#primaryimage"},"thumbnailUrl":"https:\/\/www.infosalut.com\/images\/noticies\/infosalut\/epr1595.jpg","datePublished":"2026-01-13T06:17:19+00:00","breadcrumb":{"@id":"https:\/\/helloproject.es\/vigilancia\/convocatoria-para-cubrir-el-puesto-de-jefe-del-servicio-de-prevencion-de-riesgos-laborales-del-servicio-de-salud-de-las-islas-baleares\/#breadcrumb"},"inLanguage":"es","potentialAction":[{"@type":"ReadAction","target":["https:\/\/helloproject.es\/vigilancia\/convocatoria-para-cubrir-el-puesto-de-jefe-del-servicio-de-prevencion-de-riesgos-laborales-del-servicio-de-salud-de-las-islas-baleares\/"]}]},{"@type":"ImageObject","inLanguage":"es","@id":"https:\/\/helloproject.es\/vigilancia\/convocatoria-para-cubrir-el-puesto-de-jefe-del-servicio-de-prevencion-de-riesgos-laborales-del-servicio-de-salud-de-las-islas-baleares\/#primaryimage","url":"https:\/\/www.infosalut.com\/images\/noticies\/infosalut\/epr1595.jpg","contentUrl":"https:\/\/www.infosalut.com\/images\/noticies\/infosalut\/epr1595.jpg"},{"@type":"BreadcrumbList","@id":"https:\/\/helloproject.es\/vigilancia\/convocatoria-para-cubrir-el-puesto-de-jefe-del-servicio-de-prevencion-de-riesgos-laborales-del-servicio-de-salud-de-las-islas-baleares\/#breadcrumb","itemListElement":[{"@type":"ListItem","position":1,"name":"Home","item":"https:\/\/helloproject.es\/vigilancia\/"},{"@type":"ListItem","position":2,"name":"Convocatoria para cubrir el puesto de jefe del Servicio de Prevenci\u00f3n de Riesgos Laborales del Servicio de Salud de las Islas Baleares"}]},{"@type":"WebSite","@id":"https:\/\/helloproject.es\/vigilancia\/#website","url":"https:\/\/helloproject.es\/vigilancia\/","name":"bip4ex","description":"Vigilancia Tecnol\u00f3gica","publisher":{"@id":"https:\/\/helloproject.es\/vigilancia\/#organization"},"potentialAction":[{"@type":"SearchAction","target":{"@type":"EntryPoint","urlTemplate":"https:\/\/helloproject.es\/vigilancia\/?s={search_term_string}"},"query-input":{"@type":"PropertyValueSpecification","valueRequired":true,"valueName":"search_term_string"}}],"inLanguage":"es"},{"@type":"Organization","@id":"https:\/\/helloproject.es\/vigilancia\/#organization","name":"Helloproject.es","url":"https:\/\/helloproject.es\/vigilancia\/","logo":{"@type":"ImageObject","inLanguage":"es","@id":"https:\/\/helloproject.es\/vigilancia\/#\/schema\/logo\/image\/","url":"https:\/\/helloproject.es\/vigilancia\/wp-content\/uploads\/2023\/07\/bip4ex.png","contentUrl":"https:\/\/helloproject.es\/vigilancia\/wp-content\/uploads\/2023\/07\/bip4ex.png","width":322,"height":365,"caption":"Helloproject.es"},"image":{"@id":"https:\/\/helloproject.es\/vigilancia\/#\/schema\/logo\/image\/"}},{"@type":"Person","@id":"https:\/\/helloproject.es\/vigilancia\/#\/schema\/person\/3767b0619d59a11570372c821f8619ca","name":"Luis Miguel Mej\u00edas Ramos","url":"https:\/\/helloproject.es\/vigilancia\/author\/luismi\/"}]}},"_links":{"self":[{"href":"https:\/\/helloproject.es\/vigilancia\/wp-json\/wp\/v2\/posts\/193547","targetHints":{"allow":["GET"]}}],"collection":[{"href":"https:\/\/helloproject.es\/vigilancia\/wp-json\/wp\/v2\/posts"}],"about":[{"href":"https:\/\/helloproject.es\/vigilancia\/wp-json\/wp\/v2\/types\/post"}],"author":[{"embeddable":true,"href":"https:\/\/helloproject.es\/vigilancia\/wp-json\/wp\/v2\/users\/5"}],"replies":[{"embeddable":true,"href":"https:\/\/helloproject.es\/vigilancia\/wp-json\/wp\/v2\/comments?post=193547"}],"version-history":[{"count":0,"href":"https:\/\/helloproject.es\/vigilancia\/wp-json\/wp\/v2\/posts\/193547\/revisions"}],"wp:attachment":[{"href":"https:\/\/helloproject.es\/vigilancia\/wp-json\/wp\/v2\/media?parent=193547"}],"wp:term":[{"taxonomy":"category","embeddable":true,"href":"https:\/\/helloproject.es\/vigilancia\/wp-json\/wp\/v2\/categories?post=193547"},{"taxonomy":"post_tag","embeddable":true,"href":"https:\/\/helloproject.es\/vigilancia\/wp-json\/wp\/v2\/tags?post=193547"}],"curies":[{"name":"wp","href":"https:\/\/api.w.org\/{rel}","templated":true}]}}