{"id":193570,"date":"2026-01-13T10:17:14","date_gmt":"2026-01-13T09:17:14","guid":{"rendered":"https:\/\/helloproject.es\/vigilancia\/webinario-informativo-relativo-a-la-nueva-convocatoria-del-programa-de-energias-renovables-innovadoras-viernes-16-de-enero-de-2026\/"},"modified":"2026-01-13T10:17:14","modified_gmt":"2026-01-13T09:17:14","slug":"webinario-informativo-relativo-a-la-nueva-convocatoria-del-programa-de-energias-renovables-innovadoras-viernes-16-de-enero-de-2026","status":"publish","type":"post","link":"https:\/\/helloproject.es\/vigilancia\/webinario-informativo-relativo-a-la-nueva-convocatoria-del-programa-de-energias-renovables-innovadoras-viernes-16-de-enero-de-2026\/","title":{"rendered":"Webinario informativo relativo a la nueva convocatoria del programa de Energ\u00edas Renovables Innovadoras viernes 16 de enero de 2026"},"content":{"rendered":"<p>El viernes 16 de enero de 2026 se celebrar\u00e1 un Webinario informativo relativo a la nueva convocatoria del programa de Energ\u00edas Renovables Innovadoras<strong>.<\/strong><\/p>\n<p>La segunda convocatoria del programa RENOVABLES INNOVADORAS tiene como objetivo el de continuar impulsando proyectos de generaci\u00f3n renovable con almacenamiento de car\u00e1cter innovador al darse en proyectos agrivoltaicos, fotovoltaica flotante, tipos de infraestructuras concretas (vertederos, plantas de tratamiento de agua, espacios mineros clausurados, etc.), autoconsumo colectivo con participaci\u00f3n de consumidores vulnerables y la implantaci\u00f3n de bombas de calor renovables.<\/p>\n<p>En este contexto, se realiza una segunda convocatoria de este programa a la vista del inter\u00e9s generado en la primera convocatoria ya resuelta, en virtud de la Orden TED\/765\/2024, de 22 de julio, por la que se establecen las bases reguladoras para la concesi\u00f3n de ayudas a la inversi\u00f3n en proyectos innovadores de energ\u00edas renovables y almacenamiento, as\u00ed como a la implantaci\u00f3n de sistemas t\u00e9rmicos renovables (Programa de Energ\u00edas Renovables Innovadoras), en el marco del Plan de Recuperaci\u00f3n, Transformaci\u00f3n y Resiliencia, financiado por la Uni\u00f3n Europea-Next Generation EU.<\/p>\n<p>La informaci\u00f3n sobre el horario y el link para inscribirse la podr\u00e1n encontrar en este\u00a0<a href=\"https:\/\/www.idae.es\/ayudas-y-financiacion\/programa-energias-renovables-innovadoras\" data-saferedirecturl=\"https:\/\/www.google.com\/url?q=https:\/\/www.idae.es\/ayudas-y-financiacion\/programa-energias-renovables-innovadoras&amp;source=gmail&amp;ust=1768380225830000&amp;usg=AOvVaw1fhdb9THl6Ij9tJP9684gR\">enlace<\/a>.<\/p>\n<p>The post <a href=\"https:\/\/femp-fondos-europa.es\/webinario-informativo-relativo-a-la-nueva-convocatoria-del-programa-de-energias-renovables-innovadoras-viernes-16-de-enero-de-2026\/\">Webinario informativo relativo a la nueva convocatoria del programa de Energ\u00edas Renovables Innovadoras viernes 16 de enero de 2026<\/a> appeared first on <a href=\"https:\/\/femp-fondos-europa.es\/\">Fondos Europeos NG y 2021-2027 &#8211; FEMP<\/a>.<\/p>","protected":false},"excerpt":{"rendered":"<p>El viernes 16 de enero de 2026 se celebrar\u00e1 un Webinario informativo relativo a la nueva convocatoria del programa de Energ\u00edas Renovables Innovadoras. La segunda convocatoria del programa RENOVABLES INNOVADORAS tiene como objetivo el de continuar impulsando proyectos de generaci\u00f3n renovable con almacenamiento de car\u00e1cter innovador al darse en proyectos agrivoltaicos, fotovoltaica flotante, tipos de [&hellip;]<\/p>\n","protected":false},"author":5,"featured_media":0,"comment_status":"","ping_status":"","sticky":false,"template":"","format":"standard","meta":{"site-sidebar-layout":"default","site-content-layout":"","ast-site-content-layout":"default","site-content-style":"default","site-sidebar-style":"default","ast-global-header-display":"","ast-banner-title-visibility":"","ast-main-header-display":"","ast-hfb-above-header-display":"","ast-hfb-below-header-display":"","ast-hfb-mobile-header-display":"","site-post-title":"","ast-breadcrumbs-content":"","ast-featured-img":"","footer-sml-layout":"","ast-disable-related-posts":"","theme-transparent-header-meta":"","adv-header-id-meta":"","stick-header-meta":"","header-above-stick-meta":"","header-main-stick-meta":"","header-below-stick-meta":"","astra-migrate-meta-layouts":"default","ast-page-background-enabled":"default","ast-page-background-meta":{"desktop":{"background-color":"var(--ast-global-color-4)","background-image":"","background-repeat":"repeat","background-position":"center center","background-size":"auto","background-attachment":"scroll","background-type":"","background-media":"","overlay-type":"","overlay-color":"","overlay-opacity":"","overlay-gradient":""},"tablet":{"background-color":"","background-image":"","background-repeat":"repeat","background-position":"center center","background-size":"auto","background-attachment":"scroll","background-type":"","background-media":"","overlay-type":"","overlay-color":"","overlay-opacity":"","overlay-gradient":""},"mobile":{"background-color":"","background-image":"","background-repeat":"repeat","background-position":"center center","background-size":"auto","background-attachment":"scroll","background-type":"","background-media":"","overlay-type":"","overlay-color":"","overlay-opacity":"","overlay-gradient":""}},"ast-content-background-meta":{"desktop":{"background-color":"var(--ast-global-color-5)","background-image":"","background-repeat":"repeat","background-position":"center center","background-size":"auto","background-attachment":"scroll","background-type":"","background-media":"","overlay-type":"","overlay-color":"","overlay-opacity":"","overlay-gradient":""},"tablet":{"background-color":"var(--ast-global-color-5)","background-image":"","background-repeat":"repeat","background-position":"center center","background-size":"auto","background-attachment":"scroll","background-type":"","background-media":"","overlay-type":"","overlay-color":"","overlay-opacity":"","overlay-gradient":""},"mobile":{"background-color":"var(--ast-global-color-5)","background-image":"","background-repeat":"repeat","background-position":"center center","background-size":"auto","background-attachment":"scroll","background-type":"","background-media":"","overlay-type":"","overlay-color":"","overlay-opacity":"","overlay-gradient":""}},"footnotes":""},"categories":[8],"tags":[],"class_list":["post-193570","post","type-post","status-publish","format-standard","hentry","category-ayudas-y-subvenciones"],"yoast_head":"<!-- This site is optimized with the Yoast SEO Premium plugin v20.9 (Yoast SEO v27.4) - https:\/\/yoast.com\/product\/yoast-seo-premium-wordpress\/ -->\n<title>Webinario informativo relativo a la nueva convocatoria del programa de Energ\u00edas Renovables Innovadoras viernes 16 de enero de 2026 - bip4ex<\/title>\n<meta name=\"robots\" content=\"index, follow, max-snippet:-1, max-image-preview:large, max-video-preview:-1\" \/>\n<link rel=\"canonical\" href=\"https:\/\/helloproject.es\/vigilancia\/webinario-informativo-relativo-a-la-nueva-convocatoria-del-programa-de-energias-renovables-innovadoras-viernes-16-de-enero-de-2026\/\" \/>\n<meta property=\"og:locale\" content=\"es_ES\" \/>\n<meta property=\"og:type\" content=\"article\" \/>\n<meta property=\"og:title\" content=\"Webinario informativo relativo a la nueva convocatoria del programa de Energ\u00edas Renovables Innovadoras viernes 16 de enero de 2026\" \/>\n<meta property=\"og:description\" content=\"El viernes 16 de enero de 2026 se celebrar\u00e1 un Webinario informativo relativo a la nueva convocatoria del programa de Energ\u00edas Renovables Innovadoras. La segunda convocatoria del programa RENOVABLES INNOVADORAS tiene como objetivo el de continuar impulsando proyectos de generaci\u00f3n renovable con almacenamiento de car\u00e1cter innovador al darse en proyectos agrivoltaicos, fotovoltaica flotante, tipos de [&hellip;]\" \/>\n<meta property=\"og:url\" content=\"https:\/\/helloproject.es\/vigilancia\/webinario-informativo-relativo-a-la-nueva-convocatoria-del-programa-de-energias-renovables-innovadoras-viernes-16-de-enero-de-2026\/\" \/>\n<meta property=\"og:site_name\" content=\"bip4ex\" \/>\n<meta property=\"article:published_time\" content=\"2026-01-13T09:17:14+00:00\" \/>\n<meta name=\"author\" content=\"Luis Miguel Mej\u00edas Ramos\" \/>\n<meta name=\"twitter:card\" content=\"summary_large_image\" \/>\n<meta name=\"twitter:label1\" content=\"Escrito por\" \/>\n\t<meta name=\"twitter:data1\" content=\"Luis Miguel Mej\u00edas Ramos\" \/>\n\t<meta name=\"twitter:label2\" content=\"Tiempo de lectura\" \/>\n\t<meta name=\"twitter:data2\" content=\"1 minuto\" \/>\n<script type=\"application\/ld+json\" class=\"yoast-schema-graph\">{\"@context\":\"https:\\\/\\\/schema.org\",\"@graph\":[{\"@type\":\"Article\",\"@id\":\"https:\\\/\\\/helloproject.es\\\/vigilancia\\\/webinario-informativo-relativo-a-la-nueva-convocatoria-del-programa-de-energias-renovables-innovadoras-viernes-16-de-enero-de-2026\\\/#article\",\"isPartOf\":{\"@id\":\"https:\\\/\\\/helloproject.es\\\/vigilancia\\\/webinario-informativo-relativo-a-la-nueva-convocatoria-del-programa-de-energias-renovables-innovadoras-viernes-16-de-enero-de-2026\\\/\"},\"author\":{\"name\":\"Luis Miguel Mej\u00edas Ramos\",\"@id\":\"https:\\\/\\\/helloproject.es\\\/vigilancia\\\/#\\\/schema\\\/person\\\/3767b0619d59a11570372c821f8619ca\"},\"headline\":\"Webinario informativo relativo a la nueva convocatoria del programa de Energ\u00edas Renovables Innovadoras viernes 16 de enero de 2026\",\"datePublished\":\"2026-01-13T09:17:14+00:00\",\"mainEntityOfPage\":{\"@id\":\"https:\\\/\\\/helloproject.es\\\/vigilancia\\\/webinario-informativo-relativo-a-la-nueva-convocatoria-del-programa-de-energias-renovables-innovadoras-viernes-16-de-enero-de-2026\\\/\"},\"wordCount\":248,\"publisher\":{\"@id\":\"https:\\\/\\\/helloproject.es\\\/vigilancia\\\/#organization\"},\"articleSection\":[\"Ayudas y Subvenciones\"],\"inLanguage\":\"es\"},{\"@type\":\"WebPage\",\"@id\":\"https:\\\/\\\/helloproject.es\\\/vigilancia\\\/webinario-informativo-relativo-a-la-nueva-convocatoria-del-programa-de-energias-renovables-innovadoras-viernes-16-de-enero-de-2026\\\/\",\"url\":\"https:\\\/\\\/helloproject.es\\\/vigilancia\\\/webinario-informativo-relativo-a-la-nueva-convocatoria-del-programa-de-energias-renovables-innovadoras-viernes-16-de-enero-de-2026\\\/\",\"name\":\"Webinario informativo relativo a la nueva convocatoria del programa de Energ\u00edas Renovables Innovadoras viernes 16 de enero de 2026 - bip4ex\",\"isPartOf\":{\"@id\":\"https:\\\/\\\/helloproject.es\\\/vigilancia\\\/#website\"},\"datePublished\":\"2026-01-13T09:17:14+00:00\",\"breadcrumb\":{\"@id\":\"https:\\\/\\\/helloproject.es\\\/vigilancia\\\/webinario-informativo-relativo-a-la-nueva-convocatoria-del-programa-de-energias-renovables-innovadoras-viernes-16-de-enero-de-2026\\\/#breadcrumb\"},\"inLanguage\":\"es\",\"potentialAction\":[{\"@type\":\"ReadAction\",\"target\":[\"https:\\\/\\\/helloproject.es\\\/vigilancia\\\/webinario-informativo-relativo-a-la-nueva-convocatoria-del-programa-de-energias-renovables-innovadoras-viernes-16-de-enero-de-2026\\\/\"]}]},{\"@type\":\"BreadcrumbList\",\"@id\":\"https:\\\/\\\/helloproject.es\\\/vigilancia\\\/webinario-informativo-relativo-a-la-nueva-convocatoria-del-programa-de-energias-renovables-innovadoras-viernes-16-de-enero-de-2026\\\/#breadcrumb\",\"itemListElement\":[{\"@type\":\"ListItem\",\"position\":1,\"name\":\"Home\",\"item\":\"https:\\\/\\\/helloproject.es\\\/vigilancia\\\/\"},{\"@type\":\"ListItem\",\"position\":2,\"name\":\"Webinario informativo relativo a la nueva convocatoria del programa de Energ\u00edas Renovables Innovadoras viernes 16 de enero de 2026\"}]},{\"@type\":\"WebSite\",\"@id\":\"https:\\\/\\\/helloproject.es\\\/vigilancia\\\/#website\",\"url\":\"https:\\\/\\\/helloproject.es\\\/vigilancia\\\/\",\"name\":\"bip4ex\",\"description\":\"Vigilancia Tecnol\u00f3gica\",\"publisher\":{\"@id\":\"https:\\\/\\\/helloproject.es\\\/vigilancia\\\/#organization\"},\"potentialAction\":[{\"@type\":\"SearchAction\",\"target\":{\"@type\":\"EntryPoint\",\"urlTemplate\":\"https:\\\/\\\/helloproject.es\\\/vigilancia\\\/?s={search_term_string}\"},\"query-input\":{\"@type\":\"PropertyValueSpecification\",\"valueRequired\":true,\"valueName\":\"search_term_string\"}}],\"inLanguage\":\"es\"},{\"@type\":\"Organization\",\"@id\":\"https:\\\/\\\/helloproject.es\\\/vigilancia\\\/#organization\",\"name\":\"Helloproject.es\",\"url\":\"https:\\\/\\\/helloproject.es\\\/vigilancia\\\/\",\"logo\":{\"@type\":\"ImageObject\",\"inLanguage\":\"es\",\"@id\":\"https:\\\/\\\/helloproject.es\\\/vigilancia\\\/#\\\/schema\\\/logo\\\/image\\\/\",\"url\":\"https:\\\/\\\/helloproject.es\\\/vigilancia\\\/wp-content\\\/uploads\\\/2023\\\/07\\\/bip4ex.png\",\"contentUrl\":\"https:\\\/\\\/helloproject.es\\\/vigilancia\\\/wp-content\\\/uploads\\\/2023\\\/07\\\/bip4ex.png\",\"width\":322,\"height\":365,\"caption\":\"Helloproject.es\"},\"image\":{\"@id\":\"https:\\\/\\\/helloproject.es\\\/vigilancia\\\/#\\\/schema\\\/logo\\\/image\\\/\"}},{\"@type\":\"Person\",\"@id\":\"https:\\\/\\\/helloproject.es\\\/vigilancia\\\/#\\\/schema\\\/person\\\/3767b0619d59a11570372c821f8619ca\",\"name\":\"Luis Miguel Mej\u00edas Ramos\",\"url\":\"https:\\\/\\\/helloproject.es\\\/vigilancia\\\/author\\\/luismi\\\/\"}]}<\/script>\n<!-- \/ Yoast SEO Premium plugin. -->","yoast_head_json":{"title":"Webinario informativo relativo a la nueva convocatoria del programa de Energ\u00edas Renovables Innovadoras viernes 16 de enero de 2026 - bip4ex","robots":{"index":"index","follow":"follow","max-snippet":"max-snippet:-1","max-image-preview":"max-image-preview:large","max-video-preview":"max-video-preview:-1"},"canonical":"https:\/\/helloproject.es\/vigilancia\/webinario-informativo-relativo-a-la-nueva-convocatoria-del-programa-de-energias-renovables-innovadoras-viernes-16-de-enero-de-2026\/","og_locale":"es_ES","og_type":"article","og_title":"Webinario informativo relativo a la nueva convocatoria del programa de Energ\u00edas Renovables Innovadoras viernes 16 de enero de 2026","og_description":"El viernes 16 de enero de 2026 se celebrar\u00e1 un Webinario informativo relativo a la nueva convocatoria del programa de Energ\u00edas Renovables Innovadoras. La segunda convocatoria del programa RENOVABLES INNOVADORAS tiene como objetivo el de continuar impulsando proyectos de generaci\u00f3n renovable con almacenamiento de car\u00e1cter innovador al darse en proyectos agrivoltaicos, fotovoltaica flotante, tipos de [&hellip;]","og_url":"https:\/\/helloproject.es\/vigilancia\/webinario-informativo-relativo-a-la-nueva-convocatoria-del-programa-de-energias-renovables-innovadoras-viernes-16-de-enero-de-2026\/","og_site_name":"bip4ex","article_published_time":"2026-01-13T09:17:14+00:00","author":"Luis Miguel Mej\u00edas Ramos","twitter_card":"summary_large_image","twitter_misc":{"Escrito por":"Luis Miguel Mej\u00edas Ramos","Tiempo de lectura":"1 minuto"},"schema":{"@context":"https:\/\/schema.org","@graph":[{"@type":"Article","@id":"https:\/\/helloproject.es\/vigilancia\/webinario-informativo-relativo-a-la-nueva-convocatoria-del-programa-de-energias-renovables-innovadoras-viernes-16-de-enero-de-2026\/#article","isPartOf":{"@id":"https:\/\/helloproject.es\/vigilancia\/webinario-informativo-relativo-a-la-nueva-convocatoria-del-programa-de-energias-renovables-innovadoras-viernes-16-de-enero-de-2026\/"},"author":{"name":"Luis Miguel Mej\u00edas Ramos","@id":"https:\/\/helloproject.es\/vigilancia\/#\/schema\/person\/3767b0619d59a11570372c821f8619ca"},"headline":"Webinario informativo relativo a la nueva convocatoria del programa de Energ\u00edas Renovables Innovadoras viernes 16 de enero de 2026","datePublished":"2026-01-13T09:17:14+00:00","mainEntityOfPage":{"@id":"https:\/\/helloproject.es\/vigilancia\/webinario-informativo-relativo-a-la-nueva-convocatoria-del-programa-de-energias-renovables-innovadoras-viernes-16-de-enero-de-2026\/"},"wordCount":248,"publisher":{"@id":"https:\/\/helloproject.es\/vigilancia\/#organization"},"articleSection":["Ayudas y Subvenciones"],"inLanguage":"es"},{"@type":"WebPage","@id":"https:\/\/helloproject.es\/vigilancia\/webinario-informativo-relativo-a-la-nueva-convocatoria-del-programa-de-energias-renovables-innovadoras-viernes-16-de-enero-de-2026\/","url":"https:\/\/helloproject.es\/vigilancia\/webinario-informativo-relativo-a-la-nueva-convocatoria-del-programa-de-energias-renovables-innovadoras-viernes-16-de-enero-de-2026\/","name":"Webinario informativo relativo a la nueva convocatoria del programa de Energ\u00edas Renovables Innovadoras viernes 16 de enero de 2026 - bip4ex","isPartOf":{"@id":"https:\/\/helloproject.es\/vigilancia\/#website"},"datePublished":"2026-01-13T09:17:14+00:00","breadcrumb":{"@id":"https:\/\/helloproject.es\/vigilancia\/webinario-informativo-relativo-a-la-nueva-convocatoria-del-programa-de-energias-renovables-innovadoras-viernes-16-de-enero-de-2026\/#breadcrumb"},"inLanguage":"es","potentialAction":[{"@type":"ReadAction","target":["https:\/\/helloproject.es\/vigilancia\/webinario-informativo-relativo-a-la-nueva-convocatoria-del-programa-de-energias-renovables-innovadoras-viernes-16-de-enero-de-2026\/"]}]},{"@type":"BreadcrumbList","@id":"https:\/\/helloproject.es\/vigilancia\/webinario-informativo-relativo-a-la-nueva-convocatoria-del-programa-de-energias-renovables-innovadoras-viernes-16-de-enero-de-2026\/#breadcrumb","itemListElement":[{"@type":"ListItem","position":1,"name":"Home","item":"https:\/\/helloproject.es\/vigilancia\/"},{"@type":"ListItem","position":2,"name":"Webinario informativo relativo a la nueva convocatoria del programa de Energ\u00edas Renovables Innovadoras viernes 16 de enero de 2026"}]},{"@type":"WebSite","@id":"https:\/\/helloproject.es\/vigilancia\/#website","url":"https:\/\/helloproject.es\/vigilancia\/","name":"bip4ex","description":"Vigilancia Tecnol\u00f3gica","publisher":{"@id":"https:\/\/helloproject.es\/vigilancia\/#organization"},"potentialAction":[{"@type":"SearchAction","target":{"@type":"EntryPoint","urlTemplate":"https:\/\/helloproject.es\/vigilancia\/?s={search_term_string}"},"query-input":{"@type":"PropertyValueSpecification","valueRequired":true,"valueName":"search_term_string"}}],"inLanguage":"es"},{"@type":"Organization","@id":"https:\/\/helloproject.es\/vigilancia\/#organization","name":"Helloproject.es","url":"https:\/\/helloproject.es\/vigilancia\/","logo":{"@type":"ImageObject","inLanguage":"es","@id":"https:\/\/helloproject.es\/vigilancia\/#\/schema\/logo\/image\/","url":"https:\/\/helloproject.es\/vigilancia\/wp-content\/uploads\/2023\/07\/bip4ex.png","contentUrl":"https:\/\/helloproject.es\/vigilancia\/wp-content\/uploads\/2023\/07\/bip4ex.png","width":322,"height":365,"caption":"Helloproject.es"},"image":{"@id":"https:\/\/helloproject.es\/vigilancia\/#\/schema\/logo\/image\/"}},{"@type":"Person","@id":"https:\/\/helloproject.es\/vigilancia\/#\/schema\/person\/3767b0619d59a11570372c821f8619ca","name":"Luis Miguel Mej\u00edas Ramos","url":"https:\/\/helloproject.es\/vigilancia\/author\/luismi\/"}]}},"_links":{"self":[{"href":"https:\/\/helloproject.es\/vigilancia\/wp-json\/wp\/v2\/posts\/193570","targetHints":{"allow":["GET"]}}],"collection":[{"href":"https:\/\/helloproject.es\/vigilancia\/wp-json\/wp\/v2\/posts"}],"about":[{"href":"https:\/\/helloproject.es\/vigilancia\/wp-json\/wp\/v2\/types\/post"}],"author":[{"embeddable":true,"href":"https:\/\/helloproject.es\/vigilancia\/wp-json\/wp\/v2\/users\/5"}],"replies":[{"embeddable":true,"href":"https:\/\/helloproject.es\/vigilancia\/wp-json\/wp\/v2\/comments?post=193570"}],"version-history":[{"count":0,"href":"https:\/\/helloproject.es\/vigilancia\/wp-json\/wp\/v2\/posts\/193570\/revisions"}],"wp:attachment":[{"href":"https:\/\/helloproject.es\/vigilancia\/wp-json\/wp\/v2\/media?parent=193570"}],"wp:term":[{"taxonomy":"category","embeddable":true,"href":"https:\/\/helloproject.es\/vigilancia\/wp-json\/wp\/v2\/categories?post=193570"},{"taxonomy":"post_tag","embeddable":true,"href":"https:\/\/helloproject.es\/vigilancia\/wp-json\/wp\/v2\/tags?post=193570"}],"curies":[{"name":"wp","href":"https:\/\/api.w.org\/{rel}","templated":true}]}}