{"id":193609,"date":"2026-01-13T14:28:26","date_gmt":"2026-01-13T13:28:26","guid":{"rendered":"https:\/\/helloproject.es\/vigilancia\/visita-institucional-nuevas-infraestructuras-y-espacios-publicos-en-villanuno-de-valdavia\/"},"modified":"2026-01-13T14:28:26","modified_gmt":"2026-01-13T13:28:26","slug":"visita-institucional-nuevas-infraestructuras-y-espacios-publicos-en-villanuno-de-valdavia","status":"publish","type":"post","link":"https:\/\/helloproject.es\/vigilancia\/visita-institucional-nuevas-infraestructuras-y-espacios-publicos-en-villanuno-de-valdavia\/","title":{"rendered":"VISITA INSTITUCIONAL | Nuevas infraestructuras y espacios p\u00fablicos en Villanu\u00f1o de Valdavia"},"content":{"rendered":"<p><span>VISITA INSTITUCIONAL | Nuevas infraestructuras y espacios p\u00fablicos en Villanu\u00f1o de Valdavia <\/span><\/p>\n<div>\n<div>Fecha de noticia<\/div>\n<div><time datetime=\"2026-01-13T12:00:00Z\">Martes, 13 de Enero de 2026<\/time>\n<\/div>\n<\/div>\n<p><span><span>prensa<\/span><\/span><br \/>\n<span><time datetime=\"2026-01-13T12:49:03+01:00\" title=\"Martes, Enero 13, 2026 - 12:49\">Mar, 13\/01\/2026 &#8211; 12:49<\/time><br \/>\n<\/span><\/p>\n<div>La Diputaci\u00f3n de Palencia acondiciona la b\u00e1scula municipal como apoyo al sector primario y mejora de las infraestructuras y espacios p\u00fablicos en Villanu\u00f1o de Valdavia <\/div>\n<div>\n<p class=\"text-align-justify\"><span lang=\"ES-TRAD\">La presidenta de la Diputaci\u00f3n de Palencia, \u00c1ngeles Armis\u00e9n, ha realizado una visita institucional a la localidad de Villanu\u00f1o de Valdavia<strong>\u00a0<\/strong>donde ha sido recibida por el concejal, Rafael Carlos Macho y donde\u00a0ha podido comprobar de primera mano el resultado de las actuaciones ejecutadas en los \u00faltimos a\u00f1os gracias al compromiso institucional con el desarrollo del medio rural. Durante la visita, la presidenta ha estado acompa\u00f1ada por los diputados de zona, Adolfo Palacios y Miguel Abia, y por el diputado de Acci\u00f3n Territorial, Urbano Alonso.<\/span><\/p>\n<\/div>","protected":false},"excerpt":{"rendered":"<p>VISITA INSTITUCIONAL | Nuevas infraestructuras y espacios p\u00fablicos en Villanu\u00f1o de Valdavia Fecha de noticia Martes, 13 de Enero de 2026 prensa Mar, 13\/01\/2026 &#8211; 12:49 La Diputaci\u00f3n de Palencia acondiciona la b\u00e1scula municipal como apoyo al sector primario y mejora de las infraestructuras y espacios p\u00fablicos en Villanu\u00f1o de Valdavia La presidenta de la [&hellip;]<\/p>\n","protected":false},"author":5,"featured_media":0,"comment_status":"","ping_status":"","sticky":false,"template":"","format":"standard","meta":{"site-sidebar-layout":"default","site-content-layout":"","ast-site-content-layout":"default","site-content-style":"default","site-sidebar-style":"default","ast-global-header-display":"","ast-banner-title-visibility":"","ast-main-header-display":"","ast-hfb-above-header-display":"","ast-hfb-below-header-display":"","ast-hfb-mobile-header-display":"","site-post-title":"","ast-breadcrumbs-content":"","ast-featured-img":"","footer-sml-layout":"","ast-disable-related-posts":"","theme-transparent-header-meta":"","adv-header-id-meta":"","stick-header-meta":"","header-above-stick-meta":"","header-main-stick-meta":"","header-below-stick-meta":"","astra-migrate-meta-layouts":"default","ast-page-background-enabled":"default","ast-page-background-meta":{"desktop":{"background-color":"var(--ast-global-color-4)","background-image":"","background-repeat":"repeat","background-position":"center center","background-size":"auto","background-attachment":"scroll","background-type":"","background-media":"","overlay-type":"","overlay-color":"","overlay-opacity":"","overlay-gradient":""},"tablet":{"background-color":"","background-image":"","background-repeat":"repeat","background-position":"center center","background-size":"auto","background-attachment":"scroll","background-type":"","background-media":"","overlay-type":"","overlay-color":"","overlay-opacity":"","overlay-gradient":""},"mobile":{"background-color":"","background-image":"","background-repeat":"repeat","background-position":"center center","background-size":"auto","background-attachment":"scroll","background-type":"","background-media":"","overlay-type":"","overlay-color":"","overlay-opacity":"","overlay-gradient":""}},"ast-content-background-meta":{"desktop":{"background-color":"var(--ast-global-color-5)","background-image":"","background-repeat":"repeat","background-position":"center center","background-size":"auto","background-attachment":"scroll","background-type":"","background-media":"","overlay-type":"","overlay-color":"","overlay-opacity":"","overlay-gradient":""},"tablet":{"background-color":"var(--ast-global-color-5)","background-image":"","background-repeat":"repeat","background-position":"center center","background-size":"auto","background-attachment":"scroll","background-type":"","background-media":"","overlay-type":"","overlay-color":"","overlay-opacity":"","overlay-gradient":""},"mobile":{"background-color":"var(--ast-global-color-5)","background-image":"","background-repeat":"repeat","background-position":"center center","background-size":"auto","background-attachment":"scroll","background-type":"","background-media":"","overlay-type":"","overlay-color":"","overlay-opacity":"","overlay-gradient":""}},"footnotes":""},"categories":[5],"tags":[],"class_list":["post-193609","post","type-post","status-publish","format-standard","hentry","category-noticias"],"yoast_head":"<!-- This site is optimized with the Yoast SEO Premium plugin v20.9 (Yoast SEO v27.4) - https:\/\/yoast.com\/product\/yoast-seo-premium-wordpress\/ -->\n<title>VISITA INSTITUCIONAL | Nuevas infraestructuras y espacios p\u00fablicos en Villanu\u00f1o de Valdavia - bip4ex<\/title>\n<meta name=\"robots\" content=\"index, follow, max-snippet:-1, max-image-preview:large, max-video-preview:-1\" \/>\n<link rel=\"canonical\" href=\"https:\/\/helloproject.es\/vigilancia\/visita-institucional-nuevas-infraestructuras-y-espacios-publicos-en-villanuno-de-valdavia\/\" \/>\n<meta property=\"og:locale\" content=\"es_ES\" \/>\n<meta property=\"og:type\" content=\"article\" \/>\n<meta property=\"og:title\" content=\"VISITA INSTITUCIONAL | Nuevas infraestructuras y espacios p\u00fablicos en Villanu\u00f1o de Valdavia\" \/>\n<meta property=\"og:description\" content=\"VISITA INSTITUCIONAL | Nuevas infraestructuras y espacios p\u00fablicos en Villanu\u00f1o de Valdavia Fecha de noticia Martes, 13 de Enero de 2026 prensa Mar, 13\/01\/2026 &#8211; 12:49 La Diputaci\u00f3n de Palencia acondiciona la b\u00e1scula municipal como apoyo al sector primario y mejora de las infraestructuras y espacios p\u00fablicos en Villanu\u00f1o de Valdavia La presidenta de la [&hellip;]\" \/>\n<meta property=\"og:url\" content=\"https:\/\/helloproject.es\/vigilancia\/visita-institucional-nuevas-infraestructuras-y-espacios-publicos-en-villanuno-de-valdavia\/\" \/>\n<meta property=\"og:site_name\" content=\"bip4ex\" \/>\n<meta property=\"article:published_time\" content=\"2026-01-13T13:28:26+00:00\" \/>\n<meta name=\"author\" content=\"Luis Miguel Mej\u00edas Ramos\" \/>\n<meta name=\"twitter:card\" content=\"summary_large_image\" \/>\n<meta name=\"twitter:label1\" content=\"Escrito por\" \/>\n\t<meta name=\"twitter:data1\" content=\"Luis Miguel Mej\u00edas Ramos\" \/>\n\t<meta name=\"twitter:label2\" content=\"Tiempo de lectura\" \/>\n\t<meta name=\"twitter:data2\" content=\"1 minuto\" \/>\n<script type=\"application\/ld+json\" class=\"yoast-schema-graph\">{\"@context\":\"https:\\\/\\\/schema.org\",\"@graph\":[{\"@type\":\"Article\",\"@id\":\"https:\\\/\\\/helloproject.es\\\/vigilancia\\\/visita-institucional-nuevas-infraestructuras-y-espacios-publicos-en-villanuno-de-valdavia\\\/#article\",\"isPartOf\":{\"@id\":\"https:\\\/\\\/helloproject.es\\\/vigilancia\\\/visita-institucional-nuevas-infraestructuras-y-espacios-publicos-en-villanuno-de-valdavia\\\/\"},\"author\":{\"name\":\"Luis Miguel Mej\u00edas Ramos\",\"@id\":\"https:\\\/\\\/helloproject.es\\\/vigilancia\\\/#\\\/schema\\\/person\\\/3767b0619d59a11570372c821f8619ca\"},\"headline\":\"VISITA INSTITUCIONAL | Nuevas infraestructuras y espacios p\u00fablicos en Villanu\u00f1o de Valdavia\",\"datePublished\":\"2026-01-13T13:28:26+00:00\",\"mainEntityOfPage\":{\"@id\":\"https:\\\/\\\/helloproject.es\\\/vigilancia\\\/visita-institucional-nuevas-infraestructuras-y-espacios-publicos-en-villanuno-de-valdavia\\\/\"},\"wordCount\":157,\"publisher\":{\"@id\":\"https:\\\/\\\/helloproject.es\\\/vigilancia\\\/#organization\"},\"articleSection\":[\"Noticias\"],\"inLanguage\":\"es\"},{\"@type\":\"WebPage\",\"@id\":\"https:\\\/\\\/helloproject.es\\\/vigilancia\\\/visita-institucional-nuevas-infraestructuras-y-espacios-publicos-en-villanuno-de-valdavia\\\/\",\"url\":\"https:\\\/\\\/helloproject.es\\\/vigilancia\\\/visita-institucional-nuevas-infraestructuras-y-espacios-publicos-en-villanuno-de-valdavia\\\/\",\"name\":\"VISITA INSTITUCIONAL | Nuevas infraestructuras y espacios p\u00fablicos en Villanu\u00f1o de Valdavia - bip4ex\",\"isPartOf\":{\"@id\":\"https:\\\/\\\/helloproject.es\\\/vigilancia\\\/#website\"},\"datePublished\":\"2026-01-13T13:28:26+00:00\",\"breadcrumb\":{\"@id\":\"https:\\\/\\\/helloproject.es\\\/vigilancia\\\/visita-institucional-nuevas-infraestructuras-y-espacios-publicos-en-villanuno-de-valdavia\\\/#breadcrumb\"},\"inLanguage\":\"es\",\"potentialAction\":[{\"@type\":\"ReadAction\",\"target\":[\"https:\\\/\\\/helloproject.es\\\/vigilancia\\\/visita-institucional-nuevas-infraestructuras-y-espacios-publicos-en-villanuno-de-valdavia\\\/\"]}]},{\"@type\":\"BreadcrumbList\",\"@id\":\"https:\\\/\\\/helloproject.es\\\/vigilancia\\\/visita-institucional-nuevas-infraestructuras-y-espacios-publicos-en-villanuno-de-valdavia\\\/#breadcrumb\",\"itemListElement\":[{\"@type\":\"ListItem\",\"position\":1,\"name\":\"Home\",\"item\":\"https:\\\/\\\/helloproject.es\\\/vigilancia\\\/\"},{\"@type\":\"ListItem\",\"position\":2,\"name\":\"VISITA INSTITUCIONAL | Nuevas infraestructuras y espacios p\u00fablicos en Villanu\u00f1o de Valdavia\"}]},{\"@type\":\"WebSite\",\"@id\":\"https:\\\/\\\/helloproject.es\\\/vigilancia\\\/#website\",\"url\":\"https:\\\/\\\/helloproject.es\\\/vigilancia\\\/\",\"name\":\"bip4ex\",\"description\":\"Vigilancia Tecnol\u00f3gica\",\"publisher\":{\"@id\":\"https:\\\/\\\/helloproject.es\\\/vigilancia\\\/#organization\"},\"potentialAction\":[{\"@type\":\"SearchAction\",\"target\":{\"@type\":\"EntryPoint\",\"urlTemplate\":\"https:\\\/\\\/helloproject.es\\\/vigilancia\\\/?s={search_term_string}\"},\"query-input\":{\"@type\":\"PropertyValueSpecification\",\"valueRequired\":true,\"valueName\":\"search_term_string\"}}],\"inLanguage\":\"es\"},{\"@type\":\"Organization\",\"@id\":\"https:\\\/\\\/helloproject.es\\\/vigilancia\\\/#organization\",\"name\":\"Helloproject.es\",\"url\":\"https:\\\/\\\/helloproject.es\\\/vigilancia\\\/\",\"logo\":{\"@type\":\"ImageObject\",\"inLanguage\":\"es\",\"@id\":\"https:\\\/\\\/helloproject.es\\\/vigilancia\\\/#\\\/schema\\\/logo\\\/image\\\/\",\"url\":\"https:\\\/\\\/helloproject.es\\\/vigilancia\\\/wp-content\\\/uploads\\\/2023\\\/07\\\/bip4ex.png\",\"contentUrl\":\"https:\\\/\\\/helloproject.es\\\/vigilancia\\\/wp-content\\\/uploads\\\/2023\\\/07\\\/bip4ex.png\",\"width\":322,\"height\":365,\"caption\":\"Helloproject.es\"},\"image\":{\"@id\":\"https:\\\/\\\/helloproject.es\\\/vigilancia\\\/#\\\/schema\\\/logo\\\/image\\\/\"}},{\"@type\":\"Person\",\"@id\":\"https:\\\/\\\/helloproject.es\\\/vigilancia\\\/#\\\/schema\\\/person\\\/3767b0619d59a11570372c821f8619ca\",\"name\":\"Luis Miguel Mej\u00edas Ramos\",\"url\":\"https:\\\/\\\/helloproject.es\\\/vigilancia\\\/author\\\/luismi\\\/\"}]}<\/script>\n<!-- \/ Yoast SEO Premium plugin. -->","yoast_head_json":{"title":"VISITA INSTITUCIONAL | Nuevas infraestructuras y espacios p\u00fablicos en Villanu\u00f1o de Valdavia - bip4ex","robots":{"index":"index","follow":"follow","max-snippet":"max-snippet:-1","max-image-preview":"max-image-preview:large","max-video-preview":"max-video-preview:-1"},"canonical":"https:\/\/helloproject.es\/vigilancia\/visita-institucional-nuevas-infraestructuras-y-espacios-publicos-en-villanuno-de-valdavia\/","og_locale":"es_ES","og_type":"article","og_title":"VISITA INSTITUCIONAL | Nuevas infraestructuras y espacios p\u00fablicos en Villanu\u00f1o de Valdavia","og_description":"VISITA INSTITUCIONAL | Nuevas infraestructuras y espacios p\u00fablicos en Villanu\u00f1o de Valdavia Fecha de noticia Martes, 13 de Enero de 2026 prensa Mar, 13\/01\/2026 &#8211; 12:49 La Diputaci\u00f3n de Palencia acondiciona la b\u00e1scula municipal como apoyo al sector primario y mejora de las infraestructuras y espacios p\u00fablicos en Villanu\u00f1o de Valdavia La presidenta de la [&hellip;]","og_url":"https:\/\/helloproject.es\/vigilancia\/visita-institucional-nuevas-infraestructuras-y-espacios-publicos-en-villanuno-de-valdavia\/","og_site_name":"bip4ex","article_published_time":"2026-01-13T13:28:26+00:00","author":"Luis Miguel Mej\u00edas Ramos","twitter_card":"summary_large_image","twitter_misc":{"Escrito por":"Luis Miguel Mej\u00edas Ramos","Tiempo de lectura":"1 minuto"},"schema":{"@context":"https:\/\/schema.org","@graph":[{"@type":"Article","@id":"https:\/\/helloproject.es\/vigilancia\/visita-institucional-nuevas-infraestructuras-y-espacios-publicos-en-villanuno-de-valdavia\/#article","isPartOf":{"@id":"https:\/\/helloproject.es\/vigilancia\/visita-institucional-nuevas-infraestructuras-y-espacios-publicos-en-villanuno-de-valdavia\/"},"author":{"name":"Luis Miguel Mej\u00edas Ramos","@id":"https:\/\/helloproject.es\/vigilancia\/#\/schema\/person\/3767b0619d59a11570372c821f8619ca"},"headline":"VISITA INSTITUCIONAL | Nuevas infraestructuras y espacios p\u00fablicos en Villanu\u00f1o de Valdavia","datePublished":"2026-01-13T13:28:26+00:00","mainEntityOfPage":{"@id":"https:\/\/helloproject.es\/vigilancia\/visita-institucional-nuevas-infraestructuras-y-espacios-publicos-en-villanuno-de-valdavia\/"},"wordCount":157,"publisher":{"@id":"https:\/\/helloproject.es\/vigilancia\/#organization"},"articleSection":["Noticias"],"inLanguage":"es"},{"@type":"WebPage","@id":"https:\/\/helloproject.es\/vigilancia\/visita-institucional-nuevas-infraestructuras-y-espacios-publicos-en-villanuno-de-valdavia\/","url":"https:\/\/helloproject.es\/vigilancia\/visita-institucional-nuevas-infraestructuras-y-espacios-publicos-en-villanuno-de-valdavia\/","name":"VISITA INSTITUCIONAL | Nuevas infraestructuras y espacios p\u00fablicos en Villanu\u00f1o de Valdavia - bip4ex","isPartOf":{"@id":"https:\/\/helloproject.es\/vigilancia\/#website"},"datePublished":"2026-01-13T13:28:26+00:00","breadcrumb":{"@id":"https:\/\/helloproject.es\/vigilancia\/visita-institucional-nuevas-infraestructuras-y-espacios-publicos-en-villanuno-de-valdavia\/#breadcrumb"},"inLanguage":"es","potentialAction":[{"@type":"ReadAction","target":["https:\/\/helloproject.es\/vigilancia\/visita-institucional-nuevas-infraestructuras-y-espacios-publicos-en-villanuno-de-valdavia\/"]}]},{"@type":"BreadcrumbList","@id":"https:\/\/helloproject.es\/vigilancia\/visita-institucional-nuevas-infraestructuras-y-espacios-publicos-en-villanuno-de-valdavia\/#breadcrumb","itemListElement":[{"@type":"ListItem","position":1,"name":"Home","item":"https:\/\/helloproject.es\/vigilancia\/"},{"@type":"ListItem","position":2,"name":"VISITA INSTITUCIONAL | Nuevas infraestructuras y espacios p\u00fablicos en Villanu\u00f1o de Valdavia"}]},{"@type":"WebSite","@id":"https:\/\/helloproject.es\/vigilancia\/#website","url":"https:\/\/helloproject.es\/vigilancia\/","name":"bip4ex","description":"Vigilancia Tecnol\u00f3gica","publisher":{"@id":"https:\/\/helloproject.es\/vigilancia\/#organization"},"potentialAction":[{"@type":"SearchAction","target":{"@type":"EntryPoint","urlTemplate":"https:\/\/helloproject.es\/vigilancia\/?s={search_term_string}"},"query-input":{"@type":"PropertyValueSpecification","valueRequired":true,"valueName":"search_term_string"}}],"inLanguage":"es"},{"@type":"Organization","@id":"https:\/\/helloproject.es\/vigilancia\/#organization","name":"Helloproject.es","url":"https:\/\/helloproject.es\/vigilancia\/","logo":{"@type":"ImageObject","inLanguage":"es","@id":"https:\/\/helloproject.es\/vigilancia\/#\/schema\/logo\/image\/","url":"https:\/\/helloproject.es\/vigilancia\/wp-content\/uploads\/2023\/07\/bip4ex.png","contentUrl":"https:\/\/helloproject.es\/vigilancia\/wp-content\/uploads\/2023\/07\/bip4ex.png","width":322,"height":365,"caption":"Helloproject.es"},"image":{"@id":"https:\/\/helloproject.es\/vigilancia\/#\/schema\/logo\/image\/"}},{"@type":"Person","@id":"https:\/\/helloproject.es\/vigilancia\/#\/schema\/person\/3767b0619d59a11570372c821f8619ca","name":"Luis Miguel Mej\u00edas Ramos","url":"https:\/\/helloproject.es\/vigilancia\/author\/luismi\/"}]}},"_links":{"self":[{"href":"https:\/\/helloproject.es\/vigilancia\/wp-json\/wp\/v2\/posts\/193609","targetHints":{"allow":["GET"]}}],"collection":[{"href":"https:\/\/helloproject.es\/vigilancia\/wp-json\/wp\/v2\/posts"}],"about":[{"href":"https:\/\/helloproject.es\/vigilancia\/wp-json\/wp\/v2\/types\/post"}],"author":[{"embeddable":true,"href":"https:\/\/helloproject.es\/vigilancia\/wp-json\/wp\/v2\/users\/5"}],"replies":[{"embeddable":true,"href":"https:\/\/helloproject.es\/vigilancia\/wp-json\/wp\/v2\/comments?post=193609"}],"version-history":[{"count":0,"href":"https:\/\/helloproject.es\/vigilancia\/wp-json\/wp\/v2\/posts\/193609\/revisions"}],"wp:attachment":[{"href":"https:\/\/helloproject.es\/vigilancia\/wp-json\/wp\/v2\/media?parent=193609"}],"wp:term":[{"taxonomy":"category","embeddable":true,"href":"https:\/\/helloproject.es\/vigilancia\/wp-json\/wp\/v2\/categories?post=193609"},{"taxonomy":"post_tag","embeddable":true,"href":"https:\/\/helloproject.es\/vigilancia\/wp-json\/wp\/v2\/tags?post=193609"}],"curies":[{"name":"wp","href":"https:\/\/api.w.org\/{rel}","templated":true}]}}