{"id":193610,"date":"2026-01-13T14:28:27","date_gmt":"2026-01-13T13:28:27","guid":{"rendered":"https:\/\/helloproject.es\/vigilancia\/concluyen-las-obras-del-albergue-cafeteria-de-sahagun-el-viejo-y-pasarela-en-paredes-de-nava\/"},"modified":"2026-01-13T14:28:27","modified_gmt":"2026-01-13T13:28:27","slug":"concluyen-las-obras-del-albergue-cafeteria-de-sahagun-el-viejo-y-pasarela-en-paredes-de-nava","status":"publish","type":"post","link":"https:\/\/helloproject.es\/vigilancia\/concluyen-las-obras-del-albergue-cafeteria-de-sahagun-el-viejo-y-pasarela-en-paredes-de-nava\/","title":{"rendered":"Concluyen las obras del albergue-cafeter\u00eda de \u2018Sahag\u00fan el Viejo\u2019 y  pasarela en Paredes de Nava"},"content":{"rendered":"<p><span>Concluyen las obras del albergue-cafeter\u00eda de \u2018Sahag\u00fan el Viejo\u2019 y  pasarela en Paredes de Nava<\/span><\/p>\n<div>\n<div>Fecha de noticia<\/div>\n<div><time datetime=\"2026-01-13T12:00:00Z\">Martes, 13 de Enero de 2026<\/time>\n<\/div>\n<\/div>\n<p><span><span>prensa<\/span><\/span><br \/>\n<span><time datetime=\"2026-01-13T12:40:58+01:00\" title=\"Martes, Enero 13, 2026 - 12:40\">Mar, 13\/01\/2026 &#8211; 12:40<\/time><br \/>\n<\/span><\/p>\n<div>Concluyen las obras de adecuaci\u00f3n del albergue-cafeter\u00eda del conjunto hist\u00f3rico de \u2018Sahag\u00fan el Viejo\u2019 y la nueva pasarela en Paredes de Nava, con una inversi\u00f3n total de m\u00e1s de 141.000 euros<\/div>\n<div>\n<ul>\n<li>\n<p class=\"text-align-justify\"><span>Las obras de adecuaci\u00f3n del albergue-cafeter\u00eda\u00a0del conjunto hist\u00f3rico de \u2018Sahag\u00fan el Viejo\u2019 han contado con un <strong>presupuesto total de 90.820 euros<\/strong>, de los cuales <strong>48.000 euros<\/strong>\u00a0se han destinado a la adecuaci\u00f3n del edificio y <strong>42.899 euros<\/strong>\u00a0a la instalaci\u00f3n fotovoltaica.<\/span><\/p>\n<\/li>\n<li>\n<p class=\"text-align-justify\"><span>La comitiva tambi\u00e9n ha visitado la nueva pasarela peatonal bajo el conocido como \u2018<\/span><em><span>Puente del Deseo\u2019<\/span><\/em><span>, punto en el que la carretera auton\u00f3mica que une Paredes de Nava y Frechilla, dentro del t\u00e9rmino municipal de Paredes de Nava. La actuaci\u00f3n ha contado <strong>con un presupuesto total de 50.454,27 euros<\/strong><\/span><\/p>\n<\/li>\n<li>\n<p class=\"text-align-justify\"><span>Para agilizar la ejecuci\u00f3n de las actuaciones, el <strong>Ayuntamiento de Paredes de Nava<\/strong>\u00a0y el <strong>Consorcio para la Gesti\u00f3n Tur\u00edstica del Canal de Castilla<\/strong> suscribieron en diciembre de 2024 un <strong>convenio de colaboraci\u00f3n<\/strong>. En base a este convenio el Ayuntamiento, como titular de la concesi\u00f3n demanial de las instalaciones, ha asumido la redacci\u00f3n de los proyectos t\u00e9cnicos, la direcci\u00f3n facultativa y la coordinaci\u00f3n de seguridad y salud de las obras.<\/span><\/p>\n<\/li>\n<li>\n<p class=\"text-align-justify\"><span>Con estas intervenciones se refuerza la puesta en valor del Canal de Castilla y se avanza en la recuperaci\u00f3n de su patrimonio hist\u00f3rico, impulsando un modelo de turismo sostenible y de calidad en el medio rural palentino.<\/span><\/p>\n<\/li>\n<\/ul>\n<\/div>","protected":false},"excerpt":{"rendered":"<p>Concluyen las obras del albergue-cafeter\u00eda de \u2018Sahag\u00fan el Viejo\u2019 y pasarela en Paredes de Nava Fecha de noticia Martes, 13 de Enero de 2026 prensa Mar, 13\/01\/2026 &#8211; 12:40 Concluyen las obras de adecuaci\u00f3n del albergue-cafeter\u00eda del conjunto hist\u00f3rico de \u2018Sahag\u00fan el Viejo\u2019 y la nueva pasarela en Paredes de Nava, con una inversi\u00f3n total [&hellip;]<\/p>\n","protected":false},"author":5,"featured_media":0,"comment_status":"","ping_status":"","sticky":false,"template":"","format":"standard","meta":{"site-sidebar-layout":"default","site-content-layout":"","ast-site-content-layout":"default","site-content-style":"default","site-sidebar-style":"default","ast-global-header-display":"","ast-banner-title-visibility":"","ast-main-header-display":"","ast-hfb-above-header-display":"","ast-hfb-below-header-display":"","ast-hfb-mobile-header-display":"","site-post-title":"","ast-breadcrumbs-content":"","ast-featured-img":"","footer-sml-layout":"","ast-disable-related-posts":"","theme-transparent-header-meta":"","adv-header-id-meta":"","stick-header-meta":"","header-above-stick-meta":"","header-main-stick-meta":"","header-below-stick-meta":"","astra-migrate-meta-layouts":"default","ast-page-background-enabled":"default","ast-page-background-meta":{"desktop":{"background-color":"var(--ast-global-color-4)","background-image":"","background-repeat":"repeat","background-position":"center center","background-size":"auto","background-attachment":"scroll","background-type":"","background-media":"","overlay-type":"","overlay-color":"","overlay-opacity":"","overlay-gradient":""},"tablet":{"background-color":"","background-image":"","background-repeat":"repeat","background-position":"center center","background-size":"auto","background-attachment":"scroll","background-type":"","background-media":"","overlay-type":"","overlay-color":"","overlay-opacity":"","overlay-gradient":""},"mobile":{"background-color":"","background-image":"","background-repeat":"repeat","background-position":"center center","background-size":"auto","background-attachment":"scroll","background-type":"","background-media":"","overlay-type":"","overlay-color":"","overlay-opacity":"","overlay-gradient":""}},"ast-content-background-meta":{"desktop":{"background-color":"var(--ast-global-color-5)","background-image":"","background-repeat":"repeat","background-position":"center center","background-size":"auto","background-attachment":"scroll","background-type":"","background-media":"","overlay-type":"","overlay-color":"","overlay-opacity":"","overlay-gradient":""},"tablet":{"background-color":"var(--ast-global-color-5)","background-image":"","background-repeat":"repeat","background-position":"center center","background-size":"auto","background-attachment":"scroll","background-type":"","background-media":"","overlay-type":"","overlay-color":"","overlay-opacity":"","overlay-gradient":""},"mobile":{"background-color":"var(--ast-global-color-5)","background-image":"","background-repeat":"repeat","background-position":"center center","background-size":"auto","background-attachment":"scroll","background-type":"","background-media":"","overlay-type":"","overlay-color":"","overlay-opacity":"","overlay-gradient":""}},"footnotes":""},"categories":[5],"tags":[],"class_list":["post-193610","post","type-post","status-publish","format-standard","hentry","category-noticias"],"yoast_head":"<!-- This site is optimized with the Yoast SEO Premium plugin v20.9 (Yoast SEO v27.4) - https:\/\/yoast.com\/product\/yoast-seo-premium-wordpress\/ -->\n<title>Concluyen las obras del albergue-cafeter\u00eda de \u2018Sahag\u00fan el Viejo\u2019 y pasarela en Paredes de Nava - bip4ex<\/title>\n<meta name=\"robots\" content=\"index, follow, max-snippet:-1, max-image-preview:large, max-video-preview:-1\" \/>\n<link rel=\"canonical\" href=\"https:\/\/helloproject.es\/vigilancia\/concluyen-las-obras-del-albergue-cafeteria-de-sahagun-el-viejo-y-pasarela-en-paredes-de-nava\/\" \/>\n<meta property=\"og:locale\" content=\"es_ES\" \/>\n<meta property=\"og:type\" content=\"article\" \/>\n<meta property=\"og:title\" content=\"Concluyen las obras del albergue-cafeter\u00eda de \u2018Sahag\u00fan el Viejo\u2019 y pasarela en Paredes de Nava\" \/>\n<meta property=\"og:description\" content=\"Concluyen las obras del albergue-cafeter\u00eda de \u2018Sahag\u00fan el Viejo\u2019 y pasarela en Paredes de Nava Fecha de noticia Martes, 13 de Enero de 2026 prensa Mar, 13\/01\/2026 &#8211; 12:40 Concluyen las obras de adecuaci\u00f3n del albergue-cafeter\u00eda del conjunto hist\u00f3rico de \u2018Sahag\u00fan el Viejo\u2019 y la nueva pasarela en Paredes de Nava, con una inversi\u00f3n total [&hellip;]\" \/>\n<meta property=\"og:url\" content=\"https:\/\/helloproject.es\/vigilancia\/concluyen-las-obras-del-albergue-cafeteria-de-sahagun-el-viejo-y-pasarela-en-paredes-de-nava\/\" \/>\n<meta property=\"og:site_name\" content=\"bip4ex\" \/>\n<meta property=\"article:published_time\" content=\"2026-01-13T13:28:27+00:00\" \/>\n<meta name=\"author\" content=\"Luis Miguel Mej\u00edas Ramos\" \/>\n<meta name=\"twitter:card\" content=\"summary_large_image\" \/>\n<meta name=\"twitter:label1\" content=\"Escrito por\" \/>\n\t<meta name=\"twitter:data1\" content=\"Luis Miguel Mej\u00edas Ramos\" \/>\n\t<meta name=\"twitter:label2\" content=\"Tiempo de lectura\" \/>\n\t<meta name=\"twitter:data2\" content=\"1 minuto\" \/>\n<script type=\"application\/ld+json\" class=\"yoast-schema-graph\">{\"@context\":\"https:\\\/\\\/schema.org\",\"@graph\":[{\"@type\":\"Article\",\"@id\":\"https:\\\/\\\/helloproject.es\\\/vigilancia\\\/concluyen-las-obras-del-albergue-cafeteria-de-sahagun-el-viejo-y-pasarela-en-paredes-de-nava\\\/#article\",\"isPartOf\":{\"@id\":\"https:\\\/\\\/helloproject.es\\\/vigilancia\\\/concluyen-las-obras-del-albergue-cafeteria-de-sahagun-el-viejo-y-pasarela-en-paredes-de-nava\\\/\"},\"author\":{\"name\":\"Luis Miguel Mej\u00edas Ramos\",\"@id\":\"https:\\\/\\\/helloproject.es\\\/vigilancia\\\/#\\\/schema\\\/person\\\/3767b0619d59a11570372c821f8619ca\"},\"headline\":\"Concluyen las obras del albergue-cafeter\u00eda de \u2018Sahag\u00fan el Viejo\u2019 y pasarela en Paredes de Nava\",\"datePublished\":\"2026-01-13T13:28:27+00:00\",\"mainEntityOfPage\":{\"@id\":\"https:\\\/\\\/helloproject.es\\\/vigilancia\\\/concluyen-las-obras-del-albergue-cafeteria-de-sahagun-el-viejo-y-pasarela-en-paredes-de-nava\\\/\"},\"wordCount\":294,\"publisher\":{\"@id\":\"https:\\\/\\\/helloproject.es\\\/vigilancia\\\/#organization\"},\"articleSection\":[\"Noticias\"],\"inLanguage\":\"es\"},{\"@type\":\"WebPage\",\"@id\":\"https:\\\/\\\/helloproject.es\\\/vigilancia\\\/concluyen-las-obras-del-albergue-cafeteria-de-sahagun-el-viejo-y-pasarela-en-paredes-de-nava\\\/\",\"url\":\"https:\\\/\\\/helloproject.es\\\/vigilancia\\\/concluyen-las-obras-del-albergue-cafeteria-de-sahagun-el-viejo-y-pasarela-en-paredes-de-nava\\\/\",\"name\":\"Concluyen las obras del albergue-cafeter\u00eda de \u2018Sahag\u00fan el Viejo\u2019 y pasarela en Paredes de Nava - bip4ex\",\"isPartOf\":{\"@id\":\"https:\\\/\\\/helloproject.es\\\/vigilancia\\\/#website\"},\"datePublished\":\"2026-01-13T13:28:27+00:00\",\"breadcrumb\":{\"@id\":\"https:\\\/\\\/helloproject.es\\\/vigilancia\\\/concluyen-las-obras-del-albergue-cafeteria-de-sahagun-el-viejo-y-pasarela-en-paredes-de-nava\\\/#breadcrumb\"},\"inLanguage\":\"es\",\"potentialAction\":[{\"@type\":\"ReadAction\",\"target\":[\"https:\\\/\\\/helloproject.es\\\/vigilancia\\\/concluyen-las-obras-del-albergue-cafeteria-de-sahagun-el-viejo-y-pasarela-en-paredes-de-nava\\\/\"]}]},{\"@type\":\"BreadcrumbList\",\"@id\":\"https:\\\/\\\/helloproject.es\\\/vigilancia\\\/concluyen-las-obras-del-albergue-cafeteria-de-sahagun-el-viejo-y-pasarela-en-paredes-de-nava\\\/#breadcrumb\",\"itemListElement\":[{\"@type\":\"ListItem\",\"position\":1,\"name\":\"Home\",\"item\":\"https:\\\/\\\/helloproject.es\\\/vigilancia\\\/\"},{\"@type\":\"ListItem\",\"position\":2,\"name\":\"Concluyen las obras del albergue-cafeter\u00eda de \u2018Sahag\u00fan el Viejo\u2019 y pasarela en Paredes de Nava\"}]},{\"@type\":\"WebSite\",\"@id\":\"https:\\\/\\\/helloproject.es\\\/vigilancia\\\/#website\",\"url\":\"https:\\\/\\\/helloproject.es\\\/vigilancia\\\/\",\"name\":\"bip4ex\",\"description\":\"Vigilancia Tecnol\u00f3gica\",\"publisher\":{\"@id\":\"https:\\\/\\\/helloproject.es\\\/vigilancia\\\/#organization\"},\"potentialAction\":[{\"@type\":\"SearchAction\",\"target\":{\"@type\":\"EntryPoint\",\"urlTemplate\":\"https:\\\/\\\/helloproject.es\\\/vigilancia\\\/?s={search_term_string}\"},\"query-input\":{\"@type\":\"PropertyValueSpecification\",\"valueRequired\":true,\"valueName\":\"search_term_string\"}}],\"inLanguage\":\"es\"},{\"@type\":\"Organization\",\"@id\":\"https:\\\/\\\/helloproject.es\\\/vigilancia\\\/#organization\",\"name\":\"Helloproject.es\",\"url\":\"https:\\\/\\\/helloproject.es\\\/vigilancia\\\/\",\"logo\":{\"@type\":\"ImageObject\",\"inLanguage\":\"es\",\"@id\":\"https:\\\/\\\/helloproject.es\\\/vigilancia\\\/#\\\/schema\\\/logo\\\/image\\\/\",\"url\":\"https:\\\/\\\/helloproject.es\\\/vigilancia\\\/wp-content\\\/uploads\\\/2023\\\/07\\\/bip4ex.png\",\"contentUrl\":\"https:\\\/\\\/helloproject.es\\\/vigilancia\\\/wp-content\\\/uploads\\\/2023\\\/07\\\/bip4ex.png\",\"width\":322,\"height\":365,\"caption\":\"Helloproject.es\"},\"image\":{\"@id\":\"https:\\\/\\\/helloproject.es\\\/vigilancia\\\/#\\\/schema\\\/logo\\\/image\\\/\"}},{\"@type\":\"Person\",\"@id\":\"https:\\\/\\\/helloproject.es\\\/vigilancia\\\/#\\\/schema\\\/person\\\/3767b0619d59a11570372c821f8619ca\",\"name\":\"Luis Miguel Mej\u00edas Ramos\",\"url\":\"https:\\\/\\\/helloproject.es\\\/vigilancia\\\/author\\\/luismi\\\/\"}]}<\/script>\n<!-- \/ Yoast SEO Premium plugin. -->","yoast_head_json":{"title":"Concluyen las obras del albergue-cafeter\u00eda de \u2018Sahag\u00fan el Viejo\u2019 y pasarela en Paredes de Nava - bip4ex","robots":{"index":"index","follow":"follow","max-snippet":"max-snippet:-1","max-image-preview":"max-image-preview:large","max-video-preview":"max-video-preview:-1"},"canonical":"https:\/\/helloproject.es\/vigilancia\/concluyen-las-obras-del-albergue-cafeteria-de-sahagun-el-viejo-y-pasarela-en-paredes-de-nava\/","og_locale":"es_ES","og_type":"article","og_title":"Concluyen las obras del albergue-cafeter\u00eda de \u2018Sahag\u00fan el Viejo\u2019 y pasarela en Paredes de Nava","og_description":"Concluyen las obras del albergue-cafeter\u00eda de \u2018Sahag\u00fan el Viejo\u2019 y pasarela en Paredes de Nava Fecha de noticia Martes, 13 de Enero de 2026 prensa Mar, 13\/01\/2026 &#8211; 12:40 Concluyen las obras de adecuaci\u00f3n del albergue-cafeter\u00eda del conjunto hist\u00f3rico de \u2018Sahag\u00fan el Viejo\u2019 y la nueva pasarela en Paredes de Nava, con una inversi\u00f3n total [&hellip;]","og_url":"https:\/\/helloproject.es\/vigilancia\/concluyen-las-obras-del-albergue-cafeteria-de-sahagun-el-viejo-y-pasarela-en-paredes-de-nava\/","og_site_name":"bip4ex","article_published_time":"2026-01-13T13:28:27+00:00","author":"Luis Miguel Mej\u00edas Ramos","twitter_card":"summary_large_image","twitter_misc":{"Escrito por":"Luis Miguel Mej\u00edas Ramos","Tiempo de lectura":"1 minuto"},"schema":{"@context":"https:\/\/schema.org","@graph":[{"@type":"Article","@id":"https:\/\/helloproject.es\/vigilancia\/concluyen-las-obras-del-albergue-cafeteria-de-sahagun-el-viejo-y-pasarela-en-paredes-de-nava\/#article","isPartOf":{"@id":"https:\/\/helloproject.es\/vigilancia\/concluyen-las-obras-del-albergue-cafeteria-de-sahagun-el-viejo-y-pasarela-en-paredes-de-nava\/"},"author":{"name":"Luis Miguel Mej\u00edas Ramos","@id":"https:\/\/helloproject.es\/vigilancia\/#\/schema\/person\/3767b0619d59a11570372c821f8619ca"},"headline":"Concluyen las obras del albergue-cafeter\u00eda de \u2018Sahag\u00fan el Viejo\u2019 y pasarela en Paredes de Nava","datePublished":"2026-01-13T13:28:27+00:00","mainEntityOfPage":{"@id":"https:\/\/helloproject.es\/vigilancia\/concluyen-las-obras-del-albergue-cafeteria-de-sahagun-el-viejo-y-pasarela-en-paredes-de-nava\/"},"wordCount":294,"publisher":{"@id":"https:\/\/helloproject.es\/vigilancia\/#organization"},"articleSection":["Noticias"],"inLanguage":"es"},{"@type":"WebPage","@id":"https:\/\/helloproject.es\/vigilancia\/concluyen-las-obras-del-albergue-cafeteria-de-sahagun-el-viejo-y-pasarela-en-paredes-de-nava\/","url":"https:\/\/helloproject.es\/vigilancia\/concluyen-las-obras-del-albergue-cafeteria-de-sahagun-el-viejo-y-pasarela-en-paredes-de-nava\/","name":"Concluyen las obras del albergue-cafeter\u00eda de \u2018Sahag\u00fan el Viejo\u2019 y pasarela en Paredes de Nava - bip4ex","isPartOf":{"@id":"https:\/\/helloproject.es\/vigilancia\/#website"},"datePublished":"2026-01-13T13:28:27+00:00","breadcrumb":{"@id":"https:\/\/helloproject.es\/vigilancia\/concluyen-las-obras-del-albergue-cafeteria-de-sahagun-el-viejo-y-pasarela-en-paredes-de-nava\/#breadcrumb"},"inLanguage":"es","potentialAction":[{"@type":"ReadAction","target":["https:\/\/helloproject.es\/vigilancia\/concluyen-las-obras-del-albergue-cafeteria-de-sahagun-el-viejo-y-pasarela-en-paredes-de-nava\/"]}]},{"@type":"BreadcrumbList","@id":"https:\/\/helloproject.es\/vigilancia\/concluyen-las-obras-del-albergue-cafeteria-de-sahagun-el-viejo-y-pasarela-en-paredes-de-nava\/#breadcrumb","itemListElement":[{"@type":"ListItem","position":1,"name":"Home","item":"https:\/\/helloproject.es\/vigilancia\/"},{"@type":"ListItem","position":2,"name":"Concluyen las obras del albergue-cafeter\u00eda de \u2018Sahag\u00fan el Viejo\u2019 y pasarela en Paredes de Nava"}]},{"@type":"WebSite","@id":"https:\/\/helloproject.es\/vigilancia\/#website","url":"https:\/\/helloproject.es\/vigilancia\/","name":"bip4ex","description":"Vigilancia Tecnol\u00f3gica","publisher":{"@id":"https:\/\/helloproject.es\/vigilancia\/#organization"},"potentialAction":[{"@type":"SearchAction","target":{"@type":"EntryPoint","urlTemplate":"https:\/\/helloproject.es\/vigilancia\/?s={search_term_string}"},"query-input":{"@type":"PropertyValueSpecification","valueRequired":true,"valueName":"search_term_string"}}],"inLanguage":"es"},{"@type":"Organization","@id":"https:\/\/helloproject.es\/vigilancia\/#organization","name":"Helloproject.es","url":"https:\/\/helloproject.es\/vigilancia\/","logo":{"@type":"ImageObject","inLanguage":"es","@id":"https:\/\/helloproject.es\/vigilancia\/#\/schema\/logo\/image\/","url":"https:\/\/helloproject.es\/vigilancia\/wp-content\/uploads\/2023\/07\/bip4ex.png","contentUrl":"https:\/\/helloproject.es\/vigilancia\/wp-content\/uploads\/2023\/07\/bip4ex.png","width":322,"height":365,"caption":"Helloproject.es"},"image":{"@id":"https:\/\/helloproject.es\/vigilancia\/#\/schema\/logo\/image\/"}},{"@type":"Person","@id":"https:\/\/helloproject.es\/vigilancia\/#\/schema\/person\/3767b0619d59a11570372c821f8619ca","name":"Luis Miguel Mej\u00edas Ramos","url":"https:\/\/helloproject.es\/vigilancia\/author\/luismi\/"}]}},"_links":{"self":[{"href":"https:\/\/helloproject.es\/vigilancia\/wp-json\/wp\/v2\/posts\/193610","targetHints":{"allow":["GET"]}}],"collection":[{"href":"https:\/\/helloproject.es\/vigilancia\/wp-json\/wp\/v2\/posts"}],"about":[{"href":"https:\/\/helloproject.es\/vigilancia\/wp-json\/wp\/v2\/types\/post"}],"author":[{"embeddable":true,"href":"https:\/\/helloproject.es\/vigilancia\/wp-json\/wp\/v2\/users\/5"}],"replies":[{"embeddable":true,"href":"https:\/\/helloproject.es\/vigilancia\/wp-json\/wp\/v2\/comments?post=193610"}],"version-history":[{"count":0,"href":"https:\/\/helloproject.es\/vigilancia\/wp-json\/wp\/v2\/posts\/193610\/revisions"}],"wp:attachment":[{"href":"https:\/\/helloproject.es\/vigilancia\/wp-json\/wp\/v2\/media?parent=193610"}],"wp:term":[{"taxonomy":"category","embeddable":true,"href":"https:\/\/helloproject.es\/vigilancia\/wp-json\/wp\/v2\/categories?post=193610"},{"taxonomy":"post_tag","embeddable":true,"href":"https:\/\/helloproject.es\/vigilancia\/wp-json\/wp\/v2\/tags?post=193610"}],"curies":[{"name":"wp","href":"https:\/\/api.w.org\/{rel}","templated":true}]}}