{"id":193628,"date":"2026-01-13T15:28:17","date_gmt":"2026-01-13T14:28:17","guid":{"rendered":"https:\/\/helloproject.es\/vigilancia\/descrito-el-esqueleto-mas-antiguo-y-completo-hasta-la-fecha-de-homo-habilis\/"},"modified":"2026-01-13T15:28:17","modified_gmt":"2026-01-13T14:28:17","slug":"descrito-el-esqueleto-mas-antiguo-y-completo-hasta-la-fecha-de-homo-habilis","status":"publish","type":"post","link":"https:\/\/helloproject.es\/vigilancia\/descrito-el-esqueleto-mas-antiguo-y-completo-hasta-la-fecha-de-homo-habilis\/","title":{"rendered":"Descrito el esqueleto m\u00e1s antiguo y completo hasta la fecha de \u2018Homo habilis\u2019"},"content":{"rendered":"<p>Un equipo internacional ha dado a conocer un esqueleto excepcionalmente bien conservado de Homo habilis, con una antig\u00fcedad de m\u00e1s de 2 millones de a\u00f1os. El f\u00f3sil, designado como KNM-ER 64061, fue recuperado en East Turkana, en el norte de Kenia, y constituye la evidencia postcraneal m\u00e1s completa de Homo habilis conocida hasta la fecha.<\/p>\n<p>Este hallazgo, publicado en <a href=\"https:\/\/anatomypubs.onlinelibrary.wiley.com\/doi\/10.1002\/ar.70100\" target=\"_blank\">Anatomical Record<\/a>, ha contado con la participaci\u00f3n del\u00a0Institut Catal\u00e0 de Paleontologia Miquel Crusafont (ICP-CERCA), y aporta evidencias clave para comprender la biolog\u00eda y la evoluci\u00f3n de los primeros humanos.<\/p>\n<p>\u2018Homo habilis\u2019\u00a0es una especie humana extinta que probablemente fue\u00a0ancestro de\u00a0\u2018Homo erectus\u2019. Se conoce principalmente por restos craneales y vivi\u00f3 entre 2,5 y 1,4 millones de a\u00f1os atr\u00e1s<\/p>\n<p>Homo habilis es una especie humana extinta que probablemente fue ancestro de Homo erectus. Se conoce principalmente por restos craneales y vivi\u00f3 entre 2,5 y 1,4 millones de a\u00f1os atr\u00e1s.<\/p>\n<p>El nuevo esqueleto descrito, datado entre 2,02 y 2,06 millones de a\u00f1os, incluye ambas clav\u00edculas, fragmentos de esc\u00e1pula, huesos del brazo y antebrazo, partes de la pelvis y del sacro. Adem\u00e1s, est\u00e1 asociado a un conjunto casi completo de dientes mandibulares, lo que permiti\u00f3 asignar con seguridad todos los huesos a un mismo individuo y a la especie Homo habilis.<\/p>\n<p>                    <img decoding=\"async\" src=\"https:\/\/cdn.agenciasinc.es\/var\/ezwebin_site\/storage\/images\/_aliases\/img_1col\/media\/images\/imatge1_fossil_knmer64060_knmer64061\/12367846-1-esl-MX\/Imatge1_Fossil_KNMER64060_KNMER64061.jpg\" alt=\"\" \/><\/p>\n<p>La dentici\u00f3n mandibular y los elementos postcraneales que constituyen KNM-ER 64060 y KNM-ER 64061, respectivamente. \/ Adaptado de Grine, F. E. et al.<\/p>\n<p>    document.addEventListener(\u00abDOMContentLoaded\u00bb, function() {<br \/>\n        var img = document.querySelector(&#8216;.image-container img&#8217;);<br \/>\n        if (img) {<br \/>\n            img.alt = \u00abLa dentici\u00f3n mandibular y los elementos postcraneales que constituyen KNM-ER 64060 y KNM-ER 64061, respectivamente. \/ Adaptado de Grine, F. E. et al.\u00bb;<br \/>\n        }<br \/>\n    });<\/p>\n<p>Hasta ahora solo se hab\u00edan identificado unos pocos individuos con huesos claramente asociados a restos dentarios diagn\u00f3sticos. \u201cDe hecho, solo se conocen otros tres esqueletos parciales muy fragmentarios e incompletos de esta especie tan importante\u201d, explica\u00a0Fred Grine, autor principal del estudio e investigador de la Stony Brook University (EE UU).<\/p>\n<p>Los huesos fueron descubiertos en 2012 durante una campa\u00f1a dirigida por\u00a0Meave Leakey en East Turkana. Posteriormente se recuperaron fragmentos adicionales que hubo que reorganizar como un rompecabezas antes de iniciar los an\u00e1lisis morfol\u00f3gicos.<\/p>\n<p>\u201cMeave Leakey me invit\u00f3 a incorporarme al estudio en 2014, pero nuestro trabajo necesit\u00f3 toda una d\u00e9cada para completarse\u201d, se\u00f1ala Ashley S. Hammond, investigadora ICREA en el ICP-CERCA y coautora del estudio.<\/p>\n<p>                        <a href=\"https:\/\/www.agenciasinc.es\/Noticias\/Nuevos-fosiles-revelan-como-eran-las-manos-del-hombre-cascanueces\"><br \/>\n                            <img decoding=\"async\" src=\"https:\/\/cdn.agenciasinc.es\/var\/ezwebin_site\/storage\/images\/noticias\/nuevos-fosiles-revelan-como-eran-las-manos-del-hombre-cascanueces\/12349689-5-esl-MX\/Nuevos-fosiles-revelan-como-eran-las-manos-del-hombre-cascanueces.jpg\" alt=\"Nuevos f\u00f3siles revelan c\u00f3mo eran las manos del \u2018hombre cascanueces\u2019\" title=\"Nuevos f\u00f3siles revelan c\u00f3mo eran las manos del \u2018hombre cascanueces\u2019\" class=\"small_fotoderecha_img\" loading=\"lazy\" \/><br \/>\n                        <\/a><\/p>\n<p>                    <a href=\"https:\/\/www.agenciasinc.es\/Noticias\/Nuevos-fosiles-revelan-como-eran-las-manos-del-hombre-cascanueces\" class=\"small_fotoderecha_titulo\"><\/a><\/p>\n<h3 class=\"small_fotoderecha_titulo\">Nuevos f\u00f3siles revelan c\u00f3mo eran las manos del \u2018hombre cascanueces\u2019<\/h3>\n<p>                    <\/p>\n<p>                                                                                                                                                <a href=\"https:\/\/www.agenciasinc.es\/Autor\/Eva-Rodriguez\"><br \/>\n                                        Eva Rodr\u00edguez<br \/>\n                                        <\/a>                                                                                                <\/p>\n<p><a><\/a><\/p>\n<h2>Cambios adaptativos clave<\/h2>\n<p>Entre los primeros homininos y la aparici\u00f3n de Homo erectus se produjeron cambios adaptativos clave. Los an\u00e1lisis de KNM-ER 64061 muestran similitudes con Homo erectus y especies posteriores, pero tambi\u00e9n diferencias: el individuo era m\u00e1s bajo, menos robusto y ten\u00eda brazos proporcionalmente m\u00e1s largos y fuertes. Med\u00eda unos 160 cent\u00edmetros y pesaba entre 30,7 y 32,7 kilos. El antebrazo era m\u00e1s largo en relaci\u00f3n con el brazo que en Homo erectus, una caracter\u00edstica que lo conecta con australopitecos como Australopithecus afarensis.<\/p>\n<p>Los an\u00e1lisis muestran similitudes con\u00a0\u2018Homo erectus\u2019\u00a0y especies posteriores, pero tambi\u00e9n diferencias: el individuo era m\u00e1s bajo, menos robusto y ten\u00eda brazos proporcionalmente m\u00e1s largos y fuertes. Med\u00eda unos 160 cent\u00edmetros y pesaba entre 30,7 y 32,7 kilos<\/p>\n<p>Los huesos del hombro y del brazo presentan corticales gruesas, similares a las de los australopitecos y otros f\u00f3siles tempranos del g\u00e9nero Homo. Estas caracter\u00edsticas podr\u00edan reflejar adaptaciones a un estilo de vida distinto al de Homo erectus. \u201cLos brazos de Homo habilis est\u00e1n cada vez mejor documentados, y KNM-ER 64061 confirma que eran bastante largos y robustos. Lo que sigue siendo un enigma son las extremidades inferiores\u201d, a\u00f1ade Hammond.<\/p>\n<p>El estudio fue liderado inicialmente por Bill Jungers, cuya labor pionera result\u00f3 decisiva para avanzar en la comprensi\u00f3n de la anatom\u00eda humana primitiva. Jungers falleci\u00f3 durante el desarrollo del proyecto, pero sus aportaciones siguen siendo centrales en el an\u00e1lisis de este f\u00f3sil.<\/p>\n<p>Referencia:<\/p>\n<p>Grine, F. E., Yang, D., Hammond, A. S., et al. \u201cNew partial skeleton of Homo habilis from the upper Burgi Member, Koobi Fora Formation, Ileret, Kenya\u201d. <a href=\"https:\/\/anatomypubs.onlinelibrary.wiley.com\/doi\/10.1002\/ar.70100\" target=\"_blank\">Anatomical Record<\/a>, 2025.<\/p>","protected":false},"excerpt":{"rendered":"<p>Un equipo internacional ha dado a conocer un esqueleto excepcionalmente bien conservado de Homo habilis, con una antig\u00fcedad de m\u00e1s de 2 millones de a\u00f1os. El f\u00f3sil, designado como KNM-ER 64061, fue recuperado en East Turkana, en el norte de Kenia, y constituye la evidencia postcraneal m\u00e1s completa de Homo habilis conocida hasta la fecha. [&hellip;]<\/p>\n","protected":false},"author":5,"featured_media":0,"comment_status":"","ping_status":"","sticky":false,"template":"","format":"standard","meta":{"site-sidebar-layout":"default","site-content-layout":"","ast-site-content-layout":"default","site-content-style":"default","site-sidebar-style":"default","ast-global-header-display":"","ast-banner-title-visibility":"","ast-main-header-display":"","ast-hfb-above-header-display":"","ast-hfb-below-header-display":"","ast-hfb-mobile-header-display":"","site-post-title":"","ast-breadcrumbs-content":"","ast-featured-img":"","footer-sml-layout":"","ast-disable-related-posts":"","theme-transparent-header-meta":"","adv-header-id-meta":"","stick-header-meta":"","header-above-stick-meta":"","header-main-stick-meta":"","header-below-stick-meta":"","astra-migrate-meta-layouts":"default","ast-page-background-enabled":"default","ast-page-background-meta":{"desktop":{"background-color":"var(--ast-global-color-4)","background-image":"","background-repeat":"repeat","background-position":"center center","background-size":"auto","background-attachment":"scroll","background-type":"","background-media":"","overlay-type":"","overlay-color":"","overlay-opacity":"","overlay-gradient":""},"tablet":{"background-color":"","background-image":"","background-repeat":"repeat","background-position":"center center","background-size":"auto","background-attachment":"scroll","background-type":"","background-media":"","overlay-type":"","overlay-color":"","overlay-opacity":"","overlay-gradient":""},"mobile":{"background-color":"","background-image":"","background-repeat":"repeat","background-position":"center center","background-size":"auto","background-attachment":"scroll","background-type":"","background-media":"","overlay-type":"","overlay-color":"","overlay-opacity":"","overlay-gradient":""}},"ast-content-background-meta":{"desktop":{"background-color":"var(--ast-global-color-5)","background-image":"","background-repeat":"repeat","background-position":"center center","background-size":"auto","background-attachment":"scroll","background-type":"","background-media":"","overlay-type":"","overlay-color":"","overlay-opacity":"","overlay-gradient":""},"tablet":{"background-color":"var(--ast-global-color-5)","background-image":"","background-repeat":"repeat","background-position":"center center","background-size":"auto","background-attachment":"scroll","background-type":"","background-media":"","overlay-type":"","overlay-color":"","overlay-opacity":"","overlay-gradient":""},"mobile":{"background-color":"var(--ast-global-color-5)","background-image":"","background-repeat":"repeat","background-position":"center center","background-size":"auto","background-attachment":"scroll","background-type":"","background-media":"","overlay-type":"","overlay-color":"","overlay-opacity":"","overlay-gradient":""}},"footnotes":""},"categories":[5],"tags":[],"class_list":["post-193628","post","type-post","status-publish","format-standard","hentry","category-noticias"],"yoast_head":"<!-- This site is optimized with the Yoast SEO Premium plugin v20.9 (Yoast SEO v27.4) - https:\/\/yoast.com\/product\/yoast-seo-premium-wordpress\/ -->\n<title>Descrito el esqueleto m\u00e1s antiguo y completo hasta la fecha de \u2018Homo habilis\u2019 - bip4ex<\/title>\n<meta name=\"robots\" content=\"index, follow, max-snippet:-1, max-image-preview:large, max-video-preview:-1\" \/>\n<link rel=\"canonical\" href=\"https:\/\/helloproject.es\/vigilancia\/descrito-el-esqueleto-mas-antiguo-y-completo-hasta-la-fecha-de-homo-habilis\/\" \/>\n<meta property=\"og:locale\" content=\"es_ES\" \/>\n<meta property=\"og:type\" content=\"article\" \/>\n<meta property=\"og:title\" content=\"Descrito el esqueleto m\u00e1s antiguo y completo hasta la fecha de \u2018Homo habilis\u2019\" \/>\n<meta property=\"og:description\" content=\"Un equipo internacional ha dado a conocer un esqueleto excepcionalmente bien conservado de Homo habilis, con una antig\u00fcedad de m\u00e1s de 2 millones de a\u00f1os. El f\u00f3sil, designado como KNM-ER 64061, fue recuperado en East Turkana, en el norte de Kenia, y constituye la evidencia postcraneal m\u00e1s completa de Homo habilis conocida hasta la fecha. [&hellip;]\" \/>\n<meta property=\"og:url\" content=\"https:\/\/helloproject.es\/vigilancia\/descrito-el-esqueleto-mas-antiguo-y-completo-hasta-la-fecha-de-homo-habilis\/\" \/>\n<meta property=\"og:site_name\" content=\"bip4ex\" \/>\n<meta property=\"article:published_time\" content=\"2026-01-13T14:28:17+00:00\" \/>\n<meta property=\"og:image\" content=\"https:\/\/cdn.agenciasinc.es\/var\/ezwebin_site\/storage\/images\/_aliases\/img_1col\/media\/images\/imatge1_fossil_knmer64060_knmer64061\/12367846-1-esl-MX\/Imatge1_Fossil_KNMER64060_KNMER64061.jpg\" \/>\n<meta name=\"author\" content=\"Luis Miguel Mej\u00edas Ramos\" \/>\n<meta name=\"twitter:card\" content=\"summary_large_image\" \/>\n<meta name=\"twitter:label1\" content=\"Escrito por\" \/>\n\t<meta name=\"twitter:data1\" content=\"Luis Miguel Mej\u00edas Ramos\" \/>\n\t<meta name=\"twitter:label2\" content=\"Tiempo de lectura\" \/>\n\t<meta name=\"twitter:data2\" content=\"3 minutos\" \/>\n<script type=\"application\/ld+json\" class=\"yoast-schema-graph\">{\"@context\":\"https:\\\/\\\/schema.org\",\"@graph\":[{\"@type\":\"Article\",\"@id\":\"https:\\\/\\\/helloproject.es\\\/vigilancia\\\/descrito-el-esqueleto-mas-antiguo-y-completo-hasta-la-fecha-de-homo-habilis\\\/#article\",\"isPartOf\":{\"@id\":\"https:\\\/\\\/helloproject.es\\\/vigilancia\\\/descrito-el-esqueleto-mas-antiguo-y-completo-hasta-la-fecha-de-homo-habilis\\\/\"},\"author\":{\"name\":\"Luis Miguel Mej\u00edas Ramos\",\"@id\":\"https:\\\/\\\/helloproject.es\\\/vigilancia\\\/#\\\/schema\\\/person\\\/3767b0619d59a11570372c821f8619ca\"},\"headline\":\"Descrito el esqueleto m\u00e1s antiguo y completo hasta la fecha de \u2018Homo habilis\u2019\",\"datePublished\":\"2026-01-13T14:28:17+00:00\",\"mainEntityOfPage\":{\"@id\":\"https:\\\/\\\/helloproject.es\\\/vigilancia\\\/descrito-el-esqueleto-mas-antiguo-y-completo-hasta-la-fecha-de-homo-habilis\\\/\"},\"wordCount\":708,\"publisher\":{\"@id\":\"https:\\\/\\\/helloproject.es\\\/vigilancia\\\/#organization\"},\"image\":{\"@id\":\"https:\\\/\\\/helloproject.es\\\/vigilancia\\\/descrito-el-esqueleto-mas-antiguo-y-completo-hasta-la-fecha-de-homo-habilis\\\/#primaryimage\"},\"thumbnailUrl\":\"https:\\\/\\\/cdn.agenciasinc.es\\\/var\\\/ezwebin_site\\\/storage\\\/images\\\/_aliases\\\/img_1col\\\/media\\\/images\\\/imatge1_fossil_knmer64060_knmer64061\\\/12367846-1-esl-MX\\\/Imatge1_Fossil_KNMER64060_KNMER64061.jpg\",\"articleSection\":[\"Noticias\"],\"inLanguage\":\"es\"},{\"@type\":\"WebPage\",\"@id\":\"https:\\\/\\\/helloproject.es\\\/vigilancia\\\/descrito-el-esqueleto-mas-antiguo-y-completo-hasta-la-fecha-de-homo-habilis\\\/\",\"url\":\"https:\\\/\\\/helloproject.es\\\/vigilancia\\\/descrito-el-esqueleto-mas-antiguo-y-completo-hasta-la-fecha-de-homo-habilis\\\/\",\"name\":\"Descrito el esqueleto m\u00e1s antiguo y completo hasta la fecha de \u2018Homo habilis\u2019 - bip4ex\",\"isPartOf\":{\"@id\":\"https:\\\/\\\/helloproject.es\\\/vigilancia\\\/#website\"},\"primaryImageOfPage\":{\"@id\":\"https:\\\/\\\/helloproject.es\\\/vigilancia\\\/descrito-el-esqueleto-mas-antiguo-y-completo-hasta-la-fecha-de-homo-habilis\\\/#primaryimage\"},\"image\":{\"@id\":\"https:\\\/\\\/helloproject.es\\\/vigilancia\\\/descrito-el-esqueleto-mas-antiguo-y-completo-hasta-la-fecha-de-homo-habilis\\\/#primaryimage\"},\"thumbnailUrl\":\"https:\\\/\\\/cdn.agenciasinc.es\\\/var\\\/ezwebin_site\\\/storage\\\/images\\\/_aliases\\\/img_1col\\\/media\\\/images\\\/imatge1_fossil_knmer64060_knmer64061\\\/12367846-1-esl-MX\\\/Imatge1_Fossil_KNMER64060_KNMER64061.jpg\",\"datePublished\":\"2026-01-13T14:28:17+00:00\",\"breadcrumb\":{\"@id\":\"https:\\\/\\\/helloproject.es\\\/vigilancia\\\/descrito-el-esqueleto-mas-antiguo-y-completo-hasta-la-fecha-de-homo-habilis\\\/#breadcrumb\"},\"inLanguage\":\"es\",\"potentialAction\":[{\"@type\":\"ReadAction\",\"target\":[\"https:\\\/\\\/helloproject.es\\\/vigilancia\\\/descrito-el-esqueleto-mas-antiguo-y-completo-hasta-la-fecha-de-homo-habilis\\\/\"]}]},{\"@type\":\"ImageObject\",\"inLanguage\":\"es\",\"@id\":\"https:\\\/\\\/helloproject.es\\\/vigilancia\\\/descrito-el-esqueleto-mas-antiguo-y-completo-hasta-la-fecha-de-homo-habilis\\\/#primaryimage\",\"url\":\"https:\\\/\\\/cdn.agenciasinc.es\\\/var\\\/ezwebin_site\\\/storage\\\/images\\\/_aliases\\\/img_1col\\\/media\\\/images\\\/imatge1_fossil_knmer64060_knmer64061\\\/12367846-1-esl-MX\\\/Imatge1_Fossil_KNMER64060_KNMER64061.jpg\",\"contentUrl\":\"https:\\\/\\\/cdn.agenciasinc.es\\\/var\\\/ezwebin_site\\\/storage\\\/images\\\/_aliases\\\/img_1col\\\/media\\\/images\\\/imatge1_fossil_knmer64060_knmer64061\\\/12367846-1-esl-MX\\\/Imatge1_Fossil_KNMER64060_KNMER64061.jpg\"},{\"@type\":\"BreadcrumbList\",\"@id\":\"https:\\\/\\\/helloproject.es\\\/vigilancia\\\/descrito-el-esqueleto-mas-antiguo-y-completo-hasta-la-fecha-de-homo-habilis\\\/#breadcrumb\",\"itemListElement\":[{\"@type\":\"ListItem\",\"position\":1,\"name\":\"Home\",\"item\":\"https:\\\/\\\/helloproject.es\\\/vigilancia\\\/\"},{\"@type\":\"ListItem\",\"position\":2,\"name\":\"Descrito el esqueleto m\u00e1s antiguo y completo hasta la fecha de \u2018Homo habilis\u2019\"}]},{\"@type\":\"WebSite\",\"@id\":\"https:\\\/\\\/helloproject.es\\\/vigilancia\\\/#website\",\"url\":\"https:\\\/\\\/helloproject.es\\\/vigilancia\\\/\",\"name\":\"bip4ex\",\"description\":\"Vigilancia Tecnol\u00f3gica\",\"publisher\":{\"@id\":\"https:\\\/\\\/helloproject.es\\\/vigilancia\\\/#organization\"},\"potentialAction\":[{\"@type\":\"SearchAction\",\"target\":{\"@type\":\"EntryPoint\",\"urlTemplate\":\"https:\\\/\\\/helloproject.es\\\/vigilancia\\\/?s={search_term_string}\"},\"query-input\":{\"@type\":\"PropertyValueSpecification\",\"valueRequired\":true,\"valueName\":\"search_term_string\"}}],\"inLanguage\":\"es\"},{\"@type\":\"Organization\",\"@id\":\"https:\\\/\\\/helloproject.es\\\/vigilancia\\\/#organization\",\"name\":\"Helloproject.es\",\"url\":\"https:\\\/\\\/helloproject.es\\\/vigilancia\\\/\",\"logo\":{\"@type\":\"ImageObject\",\"inLanguage\":\"es\",\"@id\":\"https:\\\/\\\/helloproject.es\\\/vigilancia\\\/#\\\/schema\\\/logo\\\/image\\\/\",\"url\":\"https:\\\/\\\/helloproject.es\\\/vigilancia\\\/wp-content\\\/uploads\\\/2023\\\/07\\\/bip4ex.png\",\"contentUrl\":\"https:\\\/\\\/helloproject.es\\\/vigilancia\\\/wp-content\\\/uploads\\\/2023\\\/07\\\/bip4ex.png\",\"width\":322,\"height\":365,\"caption\":\"Helloproject.es\"},\"image\":{\"@id\":\"https:\\\/\\\/helloproject.es\\\/vigilancia\\\/#\\\/schema\\\/logo\\\/image\\\/\"}},{\"@type\":\"Person\",\"@id\":\"https:\\\/\\\/helloproject.es\\\/vigilancia\\\/#\\\/schema\\\/person\\\/3767b0619d59a11570372c821f8619ca\",\"name\":\"Luis Miguel Mej\u00edas Ramos\",\"url\":\"https:\\\/\\\/helloproject.es\\\/vigilancia\\\/author\\\/luismi\\\/\"}]}<\/script>\n<!-- \/ Yoast SEO Premium plugin. -->","yoast_head_json":{"title":"Descrito el esqueleto m\u00e1s antiguo y completo hasta la fecha de \u2018Homo habilis\u2019 - bip4ex","robots":{"index":"index","follow":"follow","max-snippet":"max-snippet:-1","max-image-preview":"max-image-preview:large","max-video-preview":"max-video-preview:-1"},"canonical":"https:\/\/helloproject.es\/vigilancia\/descrito-el-esqueleto-mas-antiguo-y-completo-hasta-la-fecha-de-homo-habilis\/","og_locale":"es_ES","og_type":"article","og_title":"Descrito el esqueleto m\u00e1s antiguo y completo hasta la fecha de \u2018Homo habilis\u2019","og_description":"Un equipo internacional ha dado a conocer un esqueleto excepcionalmente bien conservado de Homo habilis, con una antig\u00fcedad de m\u00e1s de 2 millones de a\u00f1os. El f\u00f3sil, designado como KNM-ER 64061, fue recuperado en East Turkana, en el norte de Kenia, y constituye la evidencia postcraneal m\u00e1s completa de Homo habilis conocida hasta la fecha. [&hellip;]","og_url":"https:\/\/helloproject.es\/vigilancia\/descrito-el-esqueleto-mas-antiguo-y-completo-hasta-la-fecha-de-homo-habilis\/","og_site_name":"bip4ex","article_published_time":"2026-01-13T14:28:17+00:00","og_image":[{"url":"https:\/\/cdn.agenciasinc.es\/var\/ezwebin_site\/storage\/images\/_aliases\/img_1col\/media\/images\/imatge1_fossil_knmer64060_knmer64061\/12367846-1-esl-MX\/Imatge1_Fossil_KNMER64060_KNMER64061.jpg","type":"","width":"","height":""}],"author":"Luis Miguel Mej\u00edas Ramos","twitter_card":"summary_large_image","twitter_misc":{"Escrito por":"Luis Miguel Mej\u00edas Ramos","Tiempo de lectura":"3 minutos"},"schema":{"@context":"https:\/\/schema.org","@graph":[{"@type":"Article","@id":"https:\/\/helloproject.es\/vigilancia\/descrito-el-esqueleto-mas-antiguo-y-completo-hasta-la-fecha-de-homo-habilis\/#article","isPartOf":{"@id":"https:\/\/helloproject.es\/vigilancia\/descrito-el-esqueleto-mas-antiguo-y-completo-hasta-la-fecha-de-homo-habilis\/"},"author":{"name":"Luis Miguel Mej\u00edas Ramos","@id":"https:\/\/helloproject.es\/vigilancia\/#\/schema\/person\/3767b0619d59a11570372c821f8619ca"},"headline":"Descrito el esqueleto m\u00e1s antiguo y completo hasta la fecha de \u2018Homo habilis\u2019","datePublished":"2026-01-13T14:28:17+00:00","mainEntityOfPage":{"@id":"https:\/\/helloproject.es\/vigilancia\/descrito-el-esqueleto-mas-antiguo-y-completo-hasta-la-fecha-de-homo-habilis\/"},"wordCount":708,"publisher":{"@id":"https:\/\/helloproject.es\/vigilancia\/#organization"},"image":{"@id":"https:\/\/helloproject.es\/vigilancia\/descrito-el-esqueleto-mas-antiguo-y-completo-hasta-la-fecha-de-homo-habilis\/#primaryimage"},"thumbnailUrl":"https:\/\/cdn.agenciasinc.es\/var\/ezwebin_site\/storage\/images\/_aliases\/img_1col\/media\/images\/imatge1_fossil_knmer64060_knmer64061\/12367846-1-esl-MX\/Imatge1_Fossil_KNMER64060_KNMER64061.jpg","articleSection":["Noticias"],"inLanguage":"es"},{"@type":"WebPage","@id":"https:\/\/helloproject.es\/vigilancia\/descrito-el-esqueleto-mas-antiguo-y-completo-hasta-la-fecha-de-homo-habilis\/","url":"https:\/\/helloproject.es\/vigilancia\/descrito-el-esqueleto-mas-antiguo-y-completo-hasta-la-fecha-de-homo-habilis\/","name":"Descrito el esqueleto m\u00e1s antiguo y completo hasta la fecha de \u2018Homo habilis\u2019 - bip4ex","isPartOf":{"@id":"https:\/\/helloproject.es\/vigilancia\/#website"},"primaryImageOfPage":{"@id":"https:\/\/helloproject.es\/vigilancia\/descrito-el-esqueleto-mas-antiguo-y-completo-hasta-la-fecha-de-homo-habilis\/#primaryimage"},"image":{"@id":"https:\/\/helloproject.es\/vigilancia\/descrito-el-esqueleto-mas-antiguo-y-completo-hasta-la-fecha-de-homo-habilis\/#primaryimage"},"thumbnailUrl":"https:\/\/cdn.agenciasinc.es\/var\/ezwebin_site\/storage\/images\/_aliases\/img_1col\/media\/images\/imatge1_fossil_knmer64060_knmer64061\/12367846-1-esl-MX\/Imatge1_Fossil_KNMER64060_KNMER64061.jpg","datePublished":"2026-01-13T14:28:17+00:00","breadcrumb":{"@id":"https:\/\/helloproject.es\/vigilancia\/descrito-el-esqueleto-mas-antiguo-y-completo-hasta-la-fecha-de-homo-habilis\/#breadcrumb"},"inLanguage":"es","potentialAction":[{"@type":"ReadAction","target":["https:\/\/helloproject.es\/vigilancia\/descrito-el-esqueleto-mas-antiguo-y-completo-hasta-la-fecha-de-homo-habilis\/"]}]},{"@type":"ImageObject","inLanguage":"es","@id":"https:\/\/helloproject.es\/vigilancia\/descrito-el-esqueleto-mas-antiguo-y-completo-hasta-la-fecha-de-homo-habilis\/#primaryimage","url":"https:\/\/cdn.agenciasinc.es\/var\/ezwebin_site\/storage\/images\/_aliases\/img_1col\/media\/images\/imatge1_fossil_knmer64060_knmer64061\/12367846-1-esl-MX\/Imatge1_Fossil_KNMER64060_KNMER64061.jpg","contentUrl":"https:\/\/cdn.agenciasinc.es\/var\/ezwebin_site\/storage\/images\/_aliases\/img_1col\/media\/images\/imatge1_fossil_knmer64060_knmer64061\/12367846-1-esl-MX\/Imatge1_Fossil_KNMER64060_KNMER64061.jpg"},{"@type":"BreadcrumbList","@id":"https:\/\/helloproject.es\/vigilancia\/descrito-el-esqueleto-mas-antiguo-y-completo-hasta-la-fecha-de-homo-habilis\/#breadcrumb","itemListElement":[{"@type":"ListItem","position":1,"name":"Home","item":"https:\/\/helloproject.es\/vigilancia\/"},{"@type":"ListItem","position":2,"name":"Descrito el esqueleto m\u00e1s antiguo y completo hasta la fecha de \u2018Homo habilis\u2019"}]},{"@type":"WebSite","@id":"https:\/\/helloproject.es\/vigilancia\/#website","url":"https:\/\/helloproject.es\/vigilancia\/","name":"bip4ex","description":"Vigilancia Tecnol\u00f3gica","publisher":{"@id":"https:\/\/helloproject.es\/vigilancia\/#organization"},"potentialAction":[{"@type":"SearchAction","target":{"@type":"EntryPoint","urlTemplate":"https:\/\/helloproject.es\/vigilancia\/?s={search_term_string}"},"query-input":{"@type":"PropertyValueSpecification","valueRequired":true,"valueName":"search_term_string"}}],"inLanguage":"es"},{"@type":"Organization","@id":"https:\/\/helloproject.es\/vigilancia\/#organization","name":"Helloproject.es","url":"https:\/\/helloproject.es\/vigilancia\/","logo":{"@type":"ImageObject","inLanguage":"es","@id":"https:\/\/helloproject.es\/vigilancia\/#\/schema\/logo\/image\/","url":"https:\/\/helloproject.es\/vigilancia\/wp-content\/uploads\/2023\/07\/bip4ex.png","contentUrl":"https:\/\/helloproject.es\/vigilancia\/wp-content\/uploads\/2023\/07\/bip4ex.png","width":322,"height":365,"caption":"Helloproject.es"},"image":{"@id":"https:\/\/helloproject.es\/vigilancia\/#\/schema\/logo\/image\/"}},{"@type":"Person","@id":"https:\/\/helloproject.es\/vigilancia\/#\/schema\/person\/3767b0619d59a11570372c821f8619ca","name":"Luis Miguel Mej\u00edas Ramos","url":"https:\/\/helloproject.es\/vigilancia\/author\/luismi\/"}]}},"_links":{"self":[{"href":"https:\/\/helloproject.es\/vigilancia\/wp-json\/wp\/v2\/posts\/193628","targetHints":{"allow":["GET"]}}],"collection":[{"href":"https:\/\/helloproject.es\/vigilancia\/wp-json\/wp\/v2\/posts"}],"about":[{"href":"https:\/\/helloproject.es\/vigilancia\/wp-json\/wp\/v2\/types\/post"}],"author":[{"embeddable":true,"href":"https:\/\/helloproject.es\/vigilancia\/wp-json\/wp\/v2\/users\/5"}],"replies":[{"embeddable":true,"href":"https:\/\/helloproject.es\/vigilancia\/wp-json\/wp\/v2\/comments?post=193628"}],"version-history":[{"count":0,"href":"https:\/\/helloproject.es\/vigilancia\/wp-json\/wp\/v2\/posts\/193628\/revisions"}],"wp:attachment":[{"href":"https:\/\/helloproject.es\/vigilancia\/wp-json\/wp\/v2\/media?parent=193628"}],"wp:term":[{"taxonomy":"category","embeddable":true,"href":"https:\/\/helloproject.es\/vigilancia\/wp-json\/wp\/v2\/categories?post=193628"},{"taxonomy":"post_tag","embeddable":true,"href":"https:\/\/helloproject.es\/vigilancia\/wp-json\/wp\/v2\/tags?post=193628"}],"curies":[{"name":"wp","href":"https:\/\/api.w.org\/{rel}","templated":true}]}}