{"id":193629,"date":"2026-01-13T15:28:18","date_gmt":"2026-01-13T14:28:18","guid":{"rendered":"https:\/\/helloproject.es\/vigilancia\/el-jilguero-europeo-ave-del-ano-2026\/"},"modified":"2026-01-13T15:28:18","modified_gmt":"2026-01-13T14:28:18","slug":"el-jilguero-europeo-ave-del-ano-2026","status":"publish","type":"post","link":"https:\/\/helloproject.es\/vigilancia\/el-jilguero-europeo-ave-del-ano-2026\/","title":{"rendered":"El jilguero europeo, Ave del A\u00f1o 2026"},"content":{"rendered":"<p>La votaci\u00f3n del Ave del A\u00f1o de la organizaci\u00f3n SEO\/BirdLife, abierta al p\u00fablico, ha dado por ganadora al\u202f<a href=\"https:\/\/seo.org\/ave\/jilguero-europeo\/\" target=\"_blank\">jilguero europeo<\/a>,\u202funa especie que a pesar de no estar amenazada representa un abanico muy completo de los diferentes problemas de conservaci\u00f3n de la naturaleza, desde el modelo agrario y urbano hasta las capturas ilegales.<\/p>\n<p>El jilguero europeo\u00a0representa un abanico muy completo de los diferentes problemas de conservaci\u00f3n de la naturaleza, desde el modelo agrario y urbano hasta las capturas ilegales<\/p>\n<p>El jilguero europeo, una de las aves m\u00e1s conocidas y queridas de la avifauna peninsular, se impone este a\u00f1o despu\u00e9s de que la sociedad y los aficionados a la naturaleza participaran en la elecci\u00f3n entre las tres candidatas propuestas por SEO\/BirdLife: jilguero europeo, alondra com\u00fan y cormor\u00e1n mo\u00f1udo.<\/p>\n<p>Hasta la fecha,\u202f36 especies han obtenido esta distinci\u00f3n\u202fcon el objetivo de concienciar sobre su declive poblacional o porque sus h\u00e1bitats presentan amenazas relevantes para su conservaci\u00f3n. Y este a\u00f1o el jilguero europeo se proclama Ave del A\u00f1o como una respuesta de la ciudadan\u00eda para dar voz a las aves comunes y defender unos campos y unas ciudades con m\u00e1s biodiversidad.<\/p>\n<p>                        <a href=\"https:\/\/www.agenciasinc.es\/Noticias\/Ultimos-mugidos-del-avetoro-comun-en-Espana-ave-del-ano-2024\"><br \/>\n                            <img decoding=\"async\" src=\"https:\/\/cdn.agenciasinc.es\/var\/ezwebin_site\/storage\/images\/noticias\/ultimos-mugidos-del-avetoro-comun-en-espana-ave-del-ano-2024\/11740248-1-esl-MX\/Ultimos-mugidos-del-avetoro-comun-en-Espana-ave-del-ano-2024.jpg\" alt=\"\u00daltimos \u2018mugidos\u2019 del avetoro com\u00fan en Espa\u00f1a, ave del a\u00f1o 2024\" title=\"\u00daltimos \u2018mugidos\u2019 del avetoro com\u00fan en Espa\u00f1a, ave del a\u00f1o 2024\" class=\"small_fotoderecha_img\" loading=\"lazy\" \/><br \/>\n                        <\/a><\/p>\n<p>                    <a href=\"https:\/\/www.agenciasinc.es\/Noticias\/Ultimos-mugidos-del-avetoro-comun-en-Espana-ave-del-ano-2024\" class=\"small_fotoderecha_titulo\"><\/a><\/p>\n<h3 class=\"small_fotoderecha_titulo\">\u00daltimos \u2018mugidos\u2019 del avetoro com\u00fan en Espa\u00f1a, ave del a\u00f1o 2024<\/h3>\n<p>                    <\/p>\n<p>                                                                                                                                                <a href=\"https:\/\/www.agenciasinc.es\/Autor\/SINC\"><br \/>\n                                        SINC<br \/>\n                                        <\/a>                                                                                                <\/p>\n<p><a><\/a><\/p>\n<h2>El ave de la careta roja, nexo entre el campo y la ciudad<\/h2>\n<p>Con su llamativo plumaje \u2014con careta roja en la cabeza, alas negras con bandas amarillas y dorso pardo\u2014 y su variado canto, el jilguero es f\u00e1cilmente reconocible y muy apreciado por el p\u00fablico general. Se trata de una especie abundante y de amplia distribuci\u00f3n en Espa\u00f1a, presente en pr\u00e1cticamente todo el territorio \u2014incluidas las islas Canarias y Baleares\u2014 y con una poblaci\u00f3n nacional estimada en torno a 14 -15 millones de ejemplares.<\/p>\n<p>Se trata de una especie abundante y de amplia distribuci\u00f3n en Espa\u00f1a, presente en pr\u00e1cticamente todo el territorio \u2014incluidas las islas Canarias y Baleares\u2014<\/p>\n<p>A pesar de su buena situaci\u00f3n poblacional \u2014catalogada como de Preocupaci\u00f3n Menor en la Lista Roja Europea de Aves\u2014, el jilguero europeo enfrenta amenazas significativas derivadas de las actividades humanas: la captura ilegal con fines de comercio y tenencia en cautividad, y los efectos del uso excesivo de plaguicidas y herbicidas en los sistemas agr\u00edcolas, conllevan p\u00e9rdidas cuantiosas de individuos cada temporada.<\/p>\n<p>La campa\u00f1a Ave del A\u00f1o 2026 pretende visibilizar estas amenazas y poner el foco sobre la importancia de conservar la biodiversidad en los paisajes agrarios, espacios donde el jilguero desarrolla gran parte de su ciclo vital. Como especie representativa de los entornos abiertos y multifuncionales \u2014incluidos olivares, dehesas, pastizales con arbolado y m\u00e1rgenes agr\u00edcolas\u2014, su elecci\u00f3n aporta una valiosa oportunidad para impulsar un di\u00e1logo sobre modelos de agricultura m\u00e1s respetuosos con la naturaleza.<\/p>\n<p>                        <a href=\"https:\/\/www.agenciasinc.es\/Noticias\/Las-cotorras-mas-sociales-son-las-que-tienen-un-vocabulario-mas-rico\"><br \/>\n                            <img decoding=\"async\" src=\"https:\/\/cdn.agenciasinc.es\/var\/ezwebin_site\/storage\/images\/noticias\/las-cotorras-mas-sociales-son-las-que-tienen-un-vocabulario-mas-rico\/12235605-3-esl-MX\/Las-cotorras-mas-sociales-son-las-que-tienen-un-vocabulario-mas-rico.jpg\" alt=\"Las cotorras m\u00e1s sociales son las que tienen un vocabulario m\u00e1s rico\" title=\"Las cotorras m\u00e1s sociales son las que tienen un vocabulario m\u00e1s rico\" class=\"small_fotoderecha_img\" loading=\"lazy\" \/><br \/>\n                        <\/a><\/p>\n<p>                    <a href=\"https:\/\/www.agenciasinc.es\/Noticias\/Las-cotorras-mas-sociales-son-las-que-tienen-un-vocabulario-mas-rico\" class=\"small_fotoderecha_titulo\"><\/a><\/p>\n<h3 class=\"small_fotoderecha_titulo\">Las cotorras m\u00e1s sociales son las que tienen un vocabulario m\u00e1s rico<\/h3>\n<p>                    <\/p>\n<p>                                                                                                                                                <a href=\"https:\/\/www.agenciasinc.es\/Autor\/SINC\"><br \/>\n                                        SINC<br \/>\n                                        <\/a>                                                                                                <\/p>\n<p>Pero adem\u00e1s, el jilguero europeo es muy com\u00fan en pueblos y ciudades; por lo que tambi\u00e9n va a permitir llamar la atenci\u00f3n sobre la necesidad de reverdecer las ciudades y aplicar esquemas de jardiner\u00eda menos intensiva.<\/p>\n<p>Durante 2026 SEO\/BirdLife desarrollar\u00e1 actividades de comunicaci\u00f3n, educaci\u00f3n, incidencia y conservaci\u00f3n centradas en el jilguero europeo, con el objetivo de sensibilizar a instituciones, administraciones y ciudadan\u00eda sobre la necesidad de proteger a esta emblem\u00e1tica ave (s\u00f3lo est\u00e1 protegida en Arag\u00f3n y La Rioja) y mantener los h\u00e1bitats que la sostienen, as\u00ed como para contribuir a mejorar las pr\u00e1cticas agr\u00edcolas, los modelos urbanos y las pol\u00edticas de conservaci\u00f3n.<\/p>","protected":false},"excerpt":{"rendered":"<p>La votaci\u00f3n del Ave del A\u00f1o de la organizaci\u00f3n SEO\/BirdLife, abierta al p\u00fablico, ha dado por ganadora al\u202fjilguero europeo,\u202funa especie que a pesar de no estar amenazada representa un abanico muy completo de los diferentes problemas de conservaci\u00f3n de la naturaleza, desde el modelo agrario y urbano hasta las capturas ilegales. El jilguero europeo\u00a0representa un [&hellip;]<\/p>\n","protected":false},"author":5,"featured_media":0,"comment_status":"","ping_status":"","sticky":false,"template":"","format":"standard","meta":{"site-sidebar-layout":"default","site-content-layout":"","ast-site-content-layout":"default","site-content-style":"default","site-sidebar-style":"default","ast-global-header-display":"","ast-banner-title-visibility":"","ast-main-header-display":"","ast-hfb-above-header-display":"","ast-hfb-below-header-display":"","ast-hfb-mobile-header-display":"","site-post-title":"","ast-breadcrumbs-content":"","ast-featured-img":"","footer-sml-layout":"","ast-disable-related-posts":"","theme-transparent-header-meta":"","adv-header-id-meta":"","stick-header-meta":"","header-above-stick-meta":"","header-main-stick-meta":"","header-below-stick-meta":"","astra-migrate-meta-layouts":"default","ast-page-background-enabled":"default","ast-page-background-meta":{"desktop":{"background-color":"var(--ast-global-color-4)","background-image":"","background-repeat":"repeat","background-position":"center center","background-size":"auto","background-attachment":"scroll","background-type":"","background-media":"","overlay-type":"","overlay-color":"","overlay-opacity":"","overlay-gradient":""},"tablet":{"background-color":"","background-image":"","background-repeat":"repeat","background-position":"center center","background-size":"auto","background-attachment":"scroll","background-type":"","background-media":"","overlay-type":"","overlay-color":"","overlay-opacity":"","overlay-gradient":""},"mobile":{"background-color":"","background-image":"","background-repeat":"repeat","background-position":"center center","background-size":"auto","background-attachment":"scroll","background-type":"","background-media":"","overlay-type":"","overlay-color":"","overlay-opacity":"","overlay-gradient":""}},"ast-content-background-meta":{"desktop":{"background-color":"var(--ast-global-color-5)","background-image":"","background-repeat":"repeat","background-position":"center center","background-size":"auto","background-attachment":"scroll","background-type":"","background-media":"","overlay-type":"","overlay-color":"","overlay-opacity":"","overlay-gradient":""},"tablet":{"background-color":"var(--ast-global-color-5)","background-image":"","background-repeat":"repeat","background-position":"center center","background-size":"auto","background-attachment":"scroll","background-type":"","background-media":"","overlay-type":"","overlay-color":"","overlay-opacity":"","overlay-gradient":""},"mobile":{"background-color":"var(--ast-global-color-5)","background-image":"","background-repeat":"repeat","background-position":"center center","background-size":"auto","background-attachment":"scroll","background-type":"","background-media":"","overlay-type":"","overlay-color":"","overlay-opacity":"","overlay-gradient":""}},"footnotes":""},"categories":[5],"tags":[],"class_list":["post-193629","post","type-post","status-publish","format-standard","hentry","category-noticias"],"yoast_head":"<!-- This site is optimized with the Yoast SEO Premium plugin v20.9 (Yoast SEO v27.4) - https:\/\/yoast.com\/product\/yoast-seo-premium-wordpress\/ -->\n<title>El jilguero europeo, Ave del A\u00f1o 2026 - bip4ex<\/title>\n<meta name=\"robots\" content=\"index, follow, max-snippet:-1, max-image-preview:large, max-video-preview:-1\" \/>\n<link rel=\"canonical\" href=\"https:\/\/helloproject.es\/vigilancia\/el-jilguero-europeo-ave-del-ano-2026\/\" \/>\n<meta property=\"og:locale\" content=\"es_ES\" \/>\n<meta property=\"og:type\" content=\"article\" \/>\n<meta property=\"og:title\" content=\"El jilguero europeo, Ave del A\u00f1o 2026\" \/>\n<meta property=\"og:description\" content=\"La votaci\u00f3n del Ave del A\u00f1o de la organizaci\u00f3n SEO\/BirdLife, abierta al p\u00fablico, ha dado por ganadora al\u202fjilguero europeo,\u202funa especie que a pesar de no estar amenazada representa un abanico muy completo de los diferentes problemas de conservaci\u00f3n de la naturaleza, desde el modelo agrario y urbano hasta las capturas ilegales. El jilguero europeo\u00a0representa un [&hellip;]\" \/>\n<meta property=\"og:url\" content=\"https:\/\/helloproject.es\/vigilancia\/el-jilguero-europeo-ave-del-ano-2026\/\" \/>\n<meta property=\"og:site_name\" content=\"bip4ex\" \/>\n<meta property=\"article:published_time\" content=\"2026-01-13T14:28:18+00:00\" \/>\n<meta property=\"og:image\" content=\"https:\/\/cdn.agenciasinc.es\/var\/ezwebin_site\/storage\/images\/noticias\/ultimos-mugidos-del-avetoro-comun-en-espana-ave-del-ano-2024\/11740248-1-esl-MX\/Ultimos-mugidos-del-avetoro-comun-en-Espana-ave-del-ano-2024.jpg\" \/>\n<meta name=\"author\" content=\"Luis Miguel Mej\u00edas Ramos\" \/>\n<meta name=\"twitter:card\" content=\"summary_large_image\" \/>\n<meta name=\"twitter:label1\" content=\"Escrito por\" \/>\n\t<meta name=\"twitter:data1\" content=\"Luis Miguel Mej\u00edas Ramos\" \/>\n\t<meta name=\"twitter:label2\" content=\"Tiempo de lectura\" \/>\n\t<meta name=\"twitter:data2\" content=\"3 minutos\" \/>\n<script type=\"application\/ld+json\" class=\"yoast-schema-graph\">{\"@context\":\"https:\\\/\\\/schema.org\",\"@graph\":[{\"@type\":\"Article\",\"@id\":\"https:\\\/\\\/helloproject.es\\\/vigilancia\\\/el-jilguero-europeo-ave-del-ano-2026\\\/#article\",\"isPartOf\":{\"@id\":\"https:\\\/\\\/helloproject.es\\\/vigilancia\\\/el-jilguero-europeo-ave-del-ano-2026\\\/\"},\"author\":{\"name\":\"Luis Miguel Mej\u00edas Ramos\",\"@id\":\"https:\\\/\\\/helloproject.es\\\/vigilancia\\\/#\\\/schema\\\/person\\\/3767b0619d59a11570372c821f8619ca\"},\"headline\":\"El jilguero europeo, Ave del A\u00f1o 2026\",\"datePublished\":\"2026-01-13T14:28:18+00:00\",\"mainEntityOfPage\":{\"@id\":\"https:\\\/\\\/helloproject.es\\\/vigilancia\\\/el-jilguero-europeo-ave-del-ano-2026\\\/\"},\"wordCount\":629,\"publisher\":{\"@id\":\"https:\\\/\\\/helloproject.es\\\/vigilancia\\\/#organization\"},\"image\":{\"@id\":\"https:\\\/\\\/helloproject.es\\\/vigilancia\\\/el-jilguero-europeo-ave-del-ano-2026\\\/#primaryimage\"},\"thumbnailUrl\":\"https:\\\/\\\/cdn.agenciasinc.es\\\/var\\\/ezwebin_site\\\/storage\\\/images\\\/noticias\\\/ultimos-mugidos-del-avetoro-comun-en-espana-ave-del-ano-2024\\\/11740248-1-esl-MX\\\/Ultimos-mugidos-del-avetoro-comun-en-Espana-ave-del-ano-2024.jpg\",\"articleSection\":[\"Noticias\"],\"inLanguage\":\"es\"},{\"@type\":\"WebPage\",\"@id\":\"https:\\\/\\\/helloproject.es\\\/vigilancia\\\/el-jilguero-europeo-ave-del-ano-2026\\\/\",\"url\":\"https:\\\/\\\/helloproject.es\\\/vigilancia\\\/el-jilguero-europeo-ave-del-ano-2026\\\/\",\"name\":\"El jilguero europeo, Ave del A\u00f1o 2026 - bip4ex\",\"isPartOf\":{\"@id\":\"https:\\\/\\\/helloproject.es\\\/vigilancia\\\/#website\"},\"primaryImageOfPage\":{\"@id\":\"https:\\\/\\\/helloproject.es\\\/vigilancia\\\/el-jilguero-europeo-ave-del-ano-2026\\\/#primaryimage\"},\"image\":{\"@id\":\"https:\\\/\\\/helloproject.es\\\/vigilancia\\\/el-jilguero-europeo-ave-del-ano-2026\\\/#primaryimage\"},\"thumbnailUrl\":\"https:\\\/\\\/cdn.agenciasinc.es\\\/var\\\/ezwebin_site\\\/storage\\\/images\\\/noticias\\\/ultimos-mugidos-del-avetoro-comun-en-espana-ave-del-ano-2024\\\/11740248-1-esl-MX\\\/Ultimos-mugidos-del-avetoro-comun-en-Espana-ave-del-ano-2024.jpg\",\"datePublished\":\"2026-01-13T14:28:18+00:00\",\"breadcrumb\":{\"@id\":\"https:\\\/\\\/helloproject.es\\\/vigilancia\\\/el-jilguero-europeo-ave-del-ano-2026\\\/#breadcrumb\"},\"inLanguage\":\"es\",\"potentialAction\":[{\"@type\":\"ReadAction\",\"target\":[\"https:\\\/\\\/helloproject.es\\\/vigilancia\\\/el-jilguero-europeo-ave-del-ano-2026\\\/\"]}]},{\"@type\":\"ImageObject\",\"inLanguage\":\"es\",\"@id\":\"https:\\\/\\\/helloproject.es\\\/vigilancia\\\/el-jilguero-europeo-ave-del-ano-2026\\\/#primaryimage\",\"url\":\"https:\\\/\\\/cdn.agenciasinc.es\\\/var\\\/ezwebin_site\\\/storage\\\/images\\\/noticias\\\/ultimos-mugidos-del-avetoro-comun-en-espana-ave-del-ano-2024\\\/11740248-1-esl-MX\\\/Ultimos-mugidos-del-avetoro-comun-en-Espana-ave-del-ano-2024.jpg\",\"contentUrl\":\"https:\\\/\\\/cdn.agenciasinc.es\\\/var\\\/ezwebin_site\\\/storage\\\/images\\\/noticias\\\/ultimos-mugidos-del-avetoro-comun-en-espana-ave-del-ano-2024\\\/11740248-1-esl-MX\\\/Ultimos-mugidos-del-avetoro-comun-en-Espana-ave-del-ano-2024.jpg\"},{\"@type\":\"BreadcrumbList\",\"@id\":\"https:\\\/\\\/helloproject.es\\\/vigilancia\\\/el-jilguero-europeo-ave-del-ano-2026\\\/#breadcrumb\",\"itemListElement\":[{\"@type\":\"ListItem\",\"position\":1,\"name\":\"Home\",\"item\":\"https:\\\/\\\/helloproject.es\\\/vigilancia\\\/\"},{\"@type\":\"ListItem\",\"position\":2,\"name\":\"El jilguero europeo, Ave del A\u00f1o 2026\"}]},{\"@type\":\"WebSite\",\"@id\":\"https:\\\/\\\/helloproject.es\\\/vigilancia\\\/#website\",\"url\":\"https:\\\/\\\/helloproject.es\\\/vigilancia\\\/\",\"name\":\"bip4ex\",\"description\":\"Vigilancia Tecnol\u00f3gica\",\"publisher\":{\"@id\":\"https:\\\/\\\/helloproject.es\\\/vigilancia\\\/#organization\"},\"potentialAction\":[{\"@type\":\"SearchAction\",\"target\":{\"@type\":\"EntryPoint\",\"urlTemplate\":\"https:\\\/\\\/helloproject.es\\\/vigilancia\\\/?s={search_term_string}\"},\"query-input\":{\"@type\":\"PropertyValueSpecification\",\"valueRequired\":true,\"valueName\":\"search_term_string\"}}],\"inLanguage\":\"es\"},{\"@type\":\"Organization\",\"@id\":\"https:\\\/\\\/helloproject.es\\\/vigilancia\\\/#organization\",\"name\":\"Helloproject.es\",\"url\":\"https:\\\/\\\/helloproject.es\\\/vigilancia\\\/\",\"logo\":{\"@type\":\"ImageObject\",\"inLanguage\":\"es\",\"@id\":\"https:\\\/\\\/helloproject.es\\\/vigilancia\\\/#\\\/schema\\\/logo\\\/image\\\/\",\"url\":\"https:\\\/\\\/helloproject.es\\\/vigilancia\\\/wp-content\\\/uploads\\\/2023\\\/07\\\/bip4ex.png\",\"contentUrl\":\"https:\\\/\\\/helloproject.es\\\/vigilancia\\\/wp-content\\\/uploads\\\/2023\\\/07\\\/bip4ex.png\",\"width\":322,\"height\":365,\"caption\":\"Helloproject.es\"},\"image\":{\"@id\":\"https:\\\/\\\/helloproject.es\\\/vigilancia\\\/#\\\/schema\\\/logo\\\/image\\\/\"}},{\"@type\":\"Person\",\"@id\":\"https:\\\/\\\/helloproject.es\\\/vigilancia\\\/#\\\/schema\\\/person\\\/3767b0619d59a11570372c821f8619ca\",\"name\":\"Luis Miguel Mej\u00edas Ramos\",\"url\":\"https:\\\/\\\/helloproject.es\\\/vigilancia\\\/author\\\/luismi\\\/\"}]}<\/script>\n<!-- \/ Yoast SEO Premium plugin. -->","yoast_head_json":{"title":"El jilguero europeo, Ave del A\u00f1o 2026 - bip4ex","robots":{"index":"index","follow":"follow","max-snippet":"max-snippet:-1","max-image-preview":"max-image-preview:large","max-video-preview":"max-video-preview:-1"},"canonical":"https:\/\/helloproject.es\/vigilancia\/el-jilguero-europeo-ave-del-ano-2026\/","og_locale":"es_ES","og_type":"article","og_title":"El jilguero europeo, Ave del A\u00f1o 2026","og_description":"La votaci\u00f3n del Ave del A\u00f1o de la organizaci\u00f3n SEO\/BirdLife, abierta al p\u00fablico, ha dado por ganadora al\u202fjilguero europeo,\u202funa especie que a pesar de no estar amenazada representa un abanico muy completo de los diferentes problemas de conservaci\u00f3n de la naturaleza, desde el modelo agrario y urbano hasta las capturas ilegales. El jilguero europeo\u00a0representa un [&hellip;]","og_url":"https:\/\/helloproject.es\/vigilancia\/el-jilguero-europeo-ave-del-ano-2026\/","og_site_name":"bip4ex","article_published_time":"2026-01-13T14:28:18+00:00","og_image":[{"url":"https:\/\/cdn.agenciasinc.es\/var\/ezwebin_site\/storage\/images\/noticias\/ultimos-mugidos-del-avetoro-comun-en-espana-ave-del-ano-2024\/11740248-1-esl-MX\/Ultimos-mugidos-del-avetoro-comun-en-Espana-ave-del-ano-2024.jpg","type":"","width":"","height":""}],"author":"Luis Miguel Mej\u00edas Ramos","twitter_card":"summary_large_image","twitter_misc":{"Escrito por":"Luis Miguel Mej\u00edas Ramos","Tiempo de lectura":"3 minutos"},"schema":{"@context":"https:\/\/schema.org","@graph":[{"@type":"Article","@id":"https:\/\/helloproject.es\/vigilancia\/el-jilguero-europeo-ave-del-ano-2026\/#article","isPartOf":{"@id":"https:\/\/helloproject.es\/vigilancia\/el-jilguero-europeo-ave-del-ano-2026\/"},"author":{"name":"Luis Miguel Mej\u00edas Ramos","@id":"https:\/\/helloproject.es\/vigilancia\/#\/schema\/person\/3767b0619d59a11570372c821f8619ca"},"headline":"El jilguero europeo, Ave del A\u00f1o 2026","datePublished":"2026-01-13T14:28:18+00:00","mainEntityOfPage":{"@id":"https:\/\/helloproject.es\/vigilancia\/el-jilguero-europeo-ave-del-ano-2026\/"},"wordCount":629,"publisher":{"@id":"https:\/\/helloproject.es\/vigilancia\/#organization"},"image":{"@id":"https:\/\/helloproject.es\/vigilancia\/el-jilguero-europeo-ave-del-ano-2026\/#primaryimage"},"thumbnailUrl":"https:\/\/cdn.agenciasinc.es\/var\/ezwebin_site\/storage\/images\/noticias\/ultimos-mugidos-del-avetoro-comun-en-espana-ave-del-ano-2024\/11740248-1-esl-MX\/Ultimos-mugidos-del-avetoro-comun-en-Espana-ave-del-ano-2024.jpg","articleSection":["Noticias"],"inLanguage":"es"},{"@type":"WebPage","@id":"https:\/\/helloproject.es\/vigilancia\/el-jilguero-europeo-ave-del-ano-2026\/","url":"https:\/\/helloproject.es\/vigilancia\/el-jilguero-europeo-ave-del-ano-2026\/","name":"El jilguero europeo, Ave del A\u00f1o 2026 - bip4ex","isPartOf":{"@id":"https:\/\/helloproject.es\/vigilancia\/#website"},"primaryImageOfPage":{"@id":"https:\/\/helloproject.es\/vigilancia\/el-jilguero-europeo-ave-del-ano-2026\/#primaryimage"},"image":{"@id":"https:\/\/helloproject.es\/vigilancia\/el-jilguero-europeo-ave-del-ano-2026\/#primaryimage"},"thumbnailUrl":"https:\/\/cdn.agenciasinc.es\/var\/ezwebin_site\/storage\/images\/noticias\/ultimos-mugidos-del-avetoro-comun-en-espana-ave-del-ano-2024\/11740248-1-esl-MX\/Ultimos-mugidos-del-avetoro-comun-en-Espana-ave-del-ano-2024.jpg","datePublished":"2026-01-13T14:28:18+00:00","breadcrumb":{"@id":"https:\/\/helloproject.es\/vigilancia\/el-jilguero-europeo-ave-del-ano-2026\/#breadcrumb"},"inLanguage":"es","potentialAction":[{"@type":"ReadAction","target":["https:\/\/helloproject.es\/vigilancia\/el-jilguero-europeo-ave-del-ano-2026\/"]}]},{"@type":"ImageObject","inLanguage":"es","@id":"https:\/\/helloproject.es\/vigilancia\/el-jilguero-europeo-ave-del-ano-2026\/#primaryimage","url":"https:\/\/cdn.agenciasinc.es\/var\/ezwebin_site\/storage\/images\/noticias\/ultimos-mugidos-del-avetoro-comun-en-espana-ave-del-ano-2024\/11740248-1-esl-MX\/Ultimos-mugidos-del-avetoro-comun-en-Espana-ave-del-ano-2024.jpg","contentUrl":"https:\/\/cdn.agenciasinc.es\/var\/ezwebin_site\/storage\/images\/noticias\/ultimos-mugidos-del-avetoro-comun-en-espana-ave-del-ano-2024\/11740248-1-esl-MX\/Ultimos-mugidos-del-avetoro-comun-en-Espana-ave-del-ano-2024.jpg"},{"@type":"BreadcrumbList","@id":"https:\/\/helloproject.es\/vigilancia\/el-jilguero-europeo-ave-del-ano-2026\/#breadcrumb","itemListElement":[{"@type":"ListItem","position":1,"name":"Home","item":"https:\/\/helloproject.es\/vigilancia\/"},{"@type":"ListItem","position":2,"name":"El jilguero europeo, Ave del A\u00f1o 2026"}]},{"@type":"WebSite","@id":"https:\/\/helloproject.es\/vigilancia\/#website","url":"https:\/\/helloproject.es\/vigilancia\/","name":"bip4ex","description":"Vigilancia Tecnol\u00f3gica","publisher":{"@id":"https:\/\/helloproject.es\/vigilancia\/#organization"},"potentialAction":[{"@type":"SearchAction","target":{"@type":"EntryPoint","urlTemplate":"https:\/\/helloproject.es\/vigilancia\/?s={search_term_string}"},"query-input":{"@type":"PropertyValueSpecification","valueRequired":true,"valueName":"search_term_string"}}],"inLanguage":"es"},{"@type":"Organization","@id":"https:\/\/helloproject.es\/vigilancia\/#organization","name":"Helloproject.es","url":"https:\/\/helloproject.es\/vigilancia\/","logo":{"@type":"ImageObject","inLanguage":"es","@id":"https:\/\/helloproject.es\/vigilancia\/#\/schema\/logo\/image\/","url":"https:\/\/helloproject.es\/vigilancia\/wp-content\/uploads\/2023\/07\/bip4ex.png","contentUrl":"https:\/\/helloproject.es\/vigilancia\/wp-content\/uploads\/2023\/07\/bip4ex.png","width":322,"height":365,"caption":"Helloproject.es"},"image":{"@id":"https:\/\/helloproject.es\/vigilancia\/#\/schema\/logo\/image\/"}},{"@type":"Person","@id":"https:\/\/helloproject.es\/vigilancia\/#\/schema\/person\/3767b0619d59a11570372c821f8619ca","name":"Luis Miguel Mej\u00edas Ramos","url":"https:\/\/helloproject.es\/vigilancia\/author\/luismi\/"}]}},"_links":{"self":[{"href":"https:\/\/helloproject.es\/vigilancia\/wp-json\/wp\/v2\/posts\/193629","targetHints":{"allow":["GET"]}}],"collection":[{"href":"https:\/\/helloproject.es\/vigilancia\/wp-json\/wp\/v2\/posts"}],"about":[{"href":"https:\/\/helloproject.es\/vigilancia\/wp-json\/wp\/v2\/types\/post"}],"author":[{"embeddable":true,"href":"https:\/\/helloproject.es\/vigilancia\/wp-json\/wp\/v2\/users\/5"}],"replies":[{"embeddable":true,"href":"https:\/\/helloproject.es\/vigilancia\/wp-json\/wp\/v2\/comments?post=193629"}],"version-history":[{"count":0,"href":"https:\/\/helloproject.es\/vigilancia\/wp-json\/wp\/v2\/posts\/193629\/revisions"}],"wp:attachment":[{"href":"https:\/\/helloproject.es\/vigilancia\/wp-json\/wp\/v2\/media?parent=193629"}],"wp:term":[{"taxonomy":"category","embeddable":true,"href":"https:\/\/helloproject.es\/vigilancia\/wp-json\/wp\/v2\/categories?post=193629"},{"taxonomy":"post_tag","embeddable":true,"href":"https:\/\/helloproject.es\/vigilancia\/wp-json\/wp\/v2\/tags?post=193629"}],"curies":[{"name":"wp","href":"https:\/\/api.w.org\/{rel}","templated":true}]}}