{"id":193749,"date":"2026-01-14T08:30:47","date_gmt":"2026-01-14T07:30:47","guid":{"rendered":"https:\/\/helloproject.es\/vigilancia\/resolucion-de-29-de-diciembre-de-2025-de-la-secretaria-de-estado-de-politica-territorial-por-la-que-se-acuerda-la-asignacion-de-las-subvenciones-para-la-recuperacion-de-danos-en-infraestructuras-mun\/"},"modified":"2026-01-14T08:30:47","modified_gmt":"2026-01-14T07:30:47","slug":"resolucion-de-29-de-diciembre-de-2025-de-la-secretaria-de-estado-de-politica-territorial-por-la-que-se-acuerda-la-asignacion-de-las-subvenciones-para-la-recuperacion-de-danos-en-infraestructuras-mun","status":"publish","type":"post","link":"https:\/\/helloproject.es\/vigilancia\/resolucion-de-29-de-diciembre-de-2025-de-la-secretaria-de-estado-de-politica-territorial-por-la-que-se-acuerda-la-asignacion-de-las-subvenciones-para-la-recuperacion-de-danos-en-infraestructuras-mun\/","title":{"rendered":"Resoluci\u00f3n de 29 de diciembre de 2025, de la Secretar\u00eda de Estado de Pol\u00edtica Territorial, por la que se acuerda la asignaci\u00f3n de las subvenciones para la recuperaci\u00f3n de da\u00f1os en infraestructuras municipales y red viaria provincial e insular, previstas en el apartado tercero del Acuerdo del Consejo de Ministros de 1 de abril de 2025, por el que se declara \u00abZona afectada gravemente por una emergencia de protecci\u00f3n civil\u00bb el territorio afectado como consecuencia de las inundaciones y otros fen\u00f3menos de distinta naturaleza acaecidos entre el 16 de septiembre de 2024 y el 24 de marzo de 2025."},"content":{"rendered":"<p>Ministerio de Pol\u00edtica Territorial y Memoria Democr\u00e1tica &#8211; Publicado el 14\/01\/2026 &#8211; Referencia: BOE-A-2026-823<\/p>","protected":false},"excerpt":{"rendered":"<p>Ministerio de Pol\u00edtica Territorial y Memoria Democr\u00e1tica &#8211; Publicado el 14\/01\/2026 &#8211; Referencia: BOE-A-2026-823<\/p>\n","protected":false},"author":5,"featured_media":0,"comment_status":"","ping_status":"","sticky":false,"template":"","format":"standard","meta":{"site-sidebar-layout":"default","site-content-layout":"","ast-site-content-layout":"default","site-content-style":"default","site-sidebar-style":"default","ast-global-header-display":"","ast-banner-title-visibility":"","ast-main-header-display":"","ast-hfb-above-header-display":"","ast-hfb-below-header-display":"","ast-hfb-mobile-header-display":"","site-post-title":"","ast-breadcrumbs-content":"","ast-featured-img":"","footer-sml-layout":"","ast-disable-related-posts":"","theme-transparent-header-meta":"","adv-header-id-meta":"","stick-header-meta":"","header-above-stick-meta":"","header-main-stick-meta":"","header-below-stick-meta":"","astra-migrate-meta-layouts":"default","ast-page-background-enabled":"default","ast-page-background-meta":{"desktop":{"background-color":"var(--ast-global-color-4)","background-image":"","background-repeat":"repeat","background-position":"center center","background-size":"auto","background-attachment":"scroll","background-type":"","background-media":"","overlay-type":"","overlay-color":"","overlay-opacity":"","overlay-gradient":""},"tablet":{"background-color":"","background-image":"","background-repeat":"repeat","background-position":"center center","background-size":"auto","background-attachment":"scroll","background-type":"","background-media":"","overlay-type":"","overlay-color":"","overlay-opacity":"","overlay-gradient":""},"mobile":{"background-color":"","background-image":"","background-repeat":"repeat","background-position":"center center","background-size":"auto","background-attachment":"scroll","background-type":"","background-media":"","overlay-type":"","overlay-color":"","overlay-opacity":"","overlay-gradient":""}},"ast-content-background-meta":{"desktop":{"background-color":"var(--ast-global-color-5)","background-image":"","background-repeat":"repeat","background-position":"center center","background-size":"auto","background-attachment":"scroll","background-type":"","background-media":"","overlay-type":"","overlay-color":"","overlay-opacity":"","overlay-gradient":""},"tablet":{"background-color":"var(--ast-global-color-5)","background-image":"","background-repeat":"repeat","background-position":"center center","background-size":"auto","background-attachment":"scroll","background-type":"","background-media":"","overlay-type":"","overlay-color":"","overlay-opacity":"","overlay-gradient":""},"mobile":{"background-color":"var(--ast-global-color-5)","background-image":"","background-repeat":"repeat","background-position":"center center","background-size":"auto","background-attachment":"scroll","background-type":"","background-media":"","overlay-type":"","overlay-color":"","overlay-opacity":"","overlay-gradient":""}},"footnotes":""},"categories":[8],"tags":[],"class_list":["post-193749","post","type-post","status-publish","format-standard","hentry","category-ayudas-y-subvenciones"],"yoast_head":"<!-- This site is optimized with the Yoast SEO Premium plugin v20.9 (Yoast SEO v27.4) - https:\/\/yoast.com\/product\/yoast-seo-premium-wordpress\/ -->\n<title>Resoluci\u00f3n de 29 de diciembre de 2025, de la Secretar\u00eda de Estado de Pol\u00edtica Territorial, por la que se acuerda la asignaci\u00f3n de las subvenciones para la recuperaci\u00f3n de da\u00f1os en infraestructuras municipales y red viaria provincial e insular, previstas en el apartado tercero del Acuerdo del Consejo de Ministros de 1 de abril de 2025, por el que se declara \u00abZona afectada gravemente por una emergencia de protecci\u00f3n civil\u00bb el territorio afectado como consecuencia de las inundaciones y otros fen\u00f3menos de distinta naturaleza acaecidos entre el 16 de septiembre de 2024 y el 24 de marzo de 2025. - bip4ex<\/title>\n<meta name=\"robots\" content=\"index, follow, max-snippet:-1, max-image-preview:large, max-video-preview:-1\" \/>\n<link rel=\"canonical\" href=\"https:\/\/helloproject.es\/vigilancia\/resolucion-de-29-de-diciembre-de-2025-de-la-secretaria-de-estado-de-politica-territorial-por-la-que-se-acuerda-la-asignacion-de-las-subvenciones-para-la-recuperacion-de-danos-en-infraestructuras-mun\/\" \/>\n<meta property=\"og:locale\" content=\"es_ES\" \/>\n<meta property=\"og:type\" content=\"article\" \/>\n<meta property=\"og:title\" content=\"Resoluci\u00f3n de 29 de diciembre de 2025, de la Secretar\u00eda de Estado de Pol\u00edtica Territorial, por la que se acuerda la asignaci\u00f3n de las subvenciones para la recuperaci\u00f3n de da\u00f1os en infraestructuras municipales y red viaria provincial e insular, previstas en el apartado tercero del Acuerdo del Consejo de Ministros de 1 de abril de 2025, por el que se declara \u00abZona afectada gravemente por una emergencia de protecci\u00f3n civil\u00bb el territorio afectado como consecuencia de las inundaciones y otros fen\u00f3menos de distinta naturaleza acaecidos entre el 16 de septiembre de 2024 y el 24 de marzo de 2025.\" \/>\n<meta property=\"og:description\" content=\"Ministerio de Pol\u00edtica Territorial y Memoria Democr\u00e1tica &#8211; Publicado el 14\/01\/2026 &#8211; Referencia: BOE-A-2026-823\" \/>\n<meta property=\"og:url\" content=\"https:\/\/helloproject.es\/vigilancia\/resolucion-de-29-de-diciembre-de-2025-de-la-secretaria-de-estado-de-politica-territorial-por-la-que-se-acuerda-la-asignacion-de-las-subvenciones-para-la-recuperacion-de-danos-en-infraestructuras-mun\/\" \/>\n<meta property=\"og:site_name\" content=\"bip4ex\" \/>\n<meta property=\"article:published_time\" content=\"2026-01-14T07:30:47+00:00\" \/>\n<meta name=\"author\" content=\"Luis Miguel Mej\u00edas Ramos\" \/>\n<meta name=\"twitter:card\" content=\"summary_large_image\" \/>\n<meta name=\"twitter:label1\" content=\"Escrito por\" \/>\n\t<meta name=\"twitter:data1\" content=\"Luis Miguel Mej\u00edas Ramos\" \/>\n<script type=\"application\/ld+json\" class=\"yoast-schema-graph\">{\"@context\":\"https:\\\/\\\/schema.org\",\"@graph\":[{\"@type\":\"Article\",\"@id\":\"https:\\\/\\\/helloproject.es\\\/vigilancia\\\/resolucion-de-29-de-diciembre-de-2025-de-la-secretaria-de-estado-de-politica-territorial-por-la-que-se-acuerda-la-asignacion-de-las-subvenciones-para-la-recuperacion-de-danos-en-infraestructuras-mun\\\/#article\",\"isPartOf\":{\"@id\":\"https:\\\/\\\/helloproject.es\\\/vigilancia\\\/resolucion-de-29-de-diciembre-de-2025-de-la-secretaria-de-estado-de-politica-territorial-por-la-que-se-acuerda-la-asignacion-de-las-subvenciones-para-la-recuperacion-de-danos-en-infraestructuras-mun\\\/\"},\"author\":{\"name\":\"Luis Miguel Mej\u00edas Ramos\",\"@id\":\"https:\\\/\\\/helloproject.es\\\/vigilancia\\\/#\\\/schema\\\/person\\\/3767b0619d59a11570372c821f8619ca\"},\"headline\":\"Resoluci\u00f3n de 29 de diciembre de 2025, de la Secretar\u00eda de Estado de Pol\u00edtica Territorial, por la que se acuerda la asignaci\u00f3n de las subvenciones para la recuperaci\u00f3n de da\u00f1os en infraestructuras municipales y red viaria provincial e insular, previstas en el apartado tercero del Acuerdo del Consejo de Ministros de 1 de abril de 2025, por el que se declara \u00abZona afectada gravemente por una emergencia de protecci\u00f3n civil\u00bb el territorio afectado como consecuencia de las inundaciones y otros fen\u00f3menos de distinta naturaleza acaecidos entre el 16 de septiembre de 2024 y el 24 de marzo de 2025.\",\"datePublished\":\"2026-01-14T07:30:47+00:00\",\"mainEntityOfPage\":{\"@id\":\"https:\\\/\\\/helloproject.es\\\/vigilancia\\\/resolucion-de-29-de-diciembre-de-2025-de-la-secretaria-de-estado-de-politica-territorial-por-la-que-se-acuerda-la-asignacion-de-las-subvenciones-para-la-recuperacion-de-danos-en-infraestructuras-mun\\\/\"},\"wordCount\":115,\"publisher\":{\"@id\":\"https:\\\/\\\/helloproject.es\\\/vigilancia\\\/#organization\"},\"articleSection\":[\"Ayudas y Subvenciones\"],\"inLanguage\":\"es\"},{\"@type\":\"WebPage\",\"@id\":\"https:\\\/\\\/helloproject.es\\\/vigilancia\\\/resolucion-de-29-de-diciembre-de-2025-de-la-secretaria-de-estado-de-politica-territorial-por-la-que-se-acuerda-la-asignacion-de-las-subvenciones-para-la-recuperacion-de-danos-en-infraestructuras-mun\\\/\",\"url\":\"https:\\\/\\\/helloproject.es\\\/vigilancia\\\/resolucion-de-29-de-diciembre-de-2025-de-la-secretaria-de-estado-de-politica-territorial-por-la-que-se-acuerda-la-asignacion-de-las-subvenciones-para-la-recuperacion-de-danos-en-infraestructuras-mun\\\/\",\"name\":\"Resoluci\u00f3n de 29 de diciembre de 2025, de la Secretar\u00eda de Estado de Pol\u00edtica Territorial, por la que se acuerda la asignaci\u00f3n de las subvenciones para la recuperaci\u00f3n de da\u00f1os en infraestructuras municipales y red viaria provincial e insular, previstas en el apartado tercero del Acuerdo del Consejo de Ministros de 1 de abril de 2025, por el que se declara \u00abZona afectada gravemente por una emergencia de protecci\u00f3n civil\u00bb el territorio afectado como consecuencia de las inundaciones y otros fen\u00f3menos de distinta naturaleza acaecidos entre el 16 de septiembre de 2024 y el 24 de marzo de 2025. - bip4ex\",\"isPartOf\":{\"@id\":\"https:\\\/\\\/helloproject.es\\\/vigilancia\\\/#website\"},\"datePublished\":\"2026-01-14T07:30:47+00:00\",\"breadcrumb\":{\"@id\":\"https:\\\/\\\/helloproject.es\\\/vigilancia\\\/resolucion-de-29-de-diciembre-de-2025-de-la-secretaria-de-estado-de-politica-territorial-por-la-que-se-acuerda-la-asignacion-de-las-subvenciones-para-la-recuperacion-de-danos-en-infraestructuras-mun\\\/#breadcrumb\"},\"inLanguage\":\"es\",\"potentialAction\":[{\"@type\":\"ReadAction\",\"target\":[\"https:\\\/\\\/helloproject.es\\\/vigilancia\\\/resolucion-de-29-de-diciembre-de-2025-de-la-secretaria-de-estado-de-politica-territorial-por-la-que-se-acuerda-la-asignacion-de-las-subvenciones-para-la-recuperacion-de-danos-en-infraestructuras-mun\\\/\"]}]},{\"@type\":\"BreadcrumbList\",\"@id\":\"https:\\\/\\\/helloproject.es\\\/vigilancia\\\/resolucion-de-29-de-diciembre-de-2025-de-la-secretaria-de-estado-de-politica-territorial-por-la-que-se-acuerda-la-asignacion-de-las-subvenciones-para-la-recuperacion-de-danos-en-infraestructuras-mun\\\/#breadcrumb\",\"itemListElement\":[{\"@type\":\"ListItem\",\"position\":1,\"name\":\"Home\",\"item\":\"https:\\\/\\\/helloproject.es\\\/vigilancia\\\/\"},{\"@type\":\"ListItem\",\"position\":2,\"name\":\"Resoluci\u00f3n de 29 de diciembre de 2025, de la Secretar\u00eda de Estado de Pol\u00edtica Territorial, por la que se acuerda la asignaci\u00f3n de las subvenciones para la recuperaci\u00f3n de da\u00f1os en infraestructuras municipales y red viaria provincial e insular, previstas en el apartado tercero del Acuerdo del Consejo de Ministros de 1 de abril de 2025, por el que se declara \u00abZona afectada gravemente por una emergencia de protecci\u00f3n civil\u00bb el territorio afectado como consecuencia de las inundaciones y otros fen\u00f3menos de distinta naturaleza acaecidos entre el 16 de septiembre de 2024 y el 24 de marzo de 2025.\"}]},{\"@type\":\"WebSite\",\"@id\":\"https:\\\/\\\/helloproject.es\\\/vigilancia\\\/#website\",\"url\":\"https:\\\/\\\/helloproject.es\\\/vigilancia\\\/\",\"name\":\"bip4ex\",\"description\":\"Vigilancia Tecnol\u00f3gica\",\"publisher\":{\"@id\":\"https:\\\/\\\/helloproject.es\\\/vigilancia\\\/#organization\"},\"potentialAction\":[{\"@type\":\"SearchAction\",\"target\":{\"@type\":\"EntryPoint\",\"urlTemplate\":\"https:\\\/\\\/helloproject.es\\\/vigilancia\\\/?s={search_term_string}\"},\"query-input\":{\"@type\":\"PropertyValueSpecification\",\"valueRequired\":true,\"valueName\":\"search_term_string\"}}],\"inLanguage\":\"es\"},{\"@type\":\"Organization\",\"@id\":\"https:\\\/\\\/helloproject.es\\\/vigilancia\\\/#organization\",\"name\":\"Helloproject.es\",\"url\":\"https:\\\/\\\/helloproject.es\\\/vigilancia\\\/\",\"logo\":{\"@type\":\"ImageObject\",\"inLanguage\":\"es\",\"@id\":\"https:\\\/\\\/helloproject.es\\\/vigilancia\\\/#\\\/schema\\\/logo\\\/image\\\/\",\"url\":\"https:\\\/\\\/helloproject.es\\\/vigilancia\\\/wp-content\\\/uploads\\\/2023\\\/07\\\/bip4ex.png\",\"contentUrl\":\"https:\\\/\\\/helloproject.es\\\/vigilancia\\\/wp-content\\\/uploads\\\/2023\\\/07\\\/bip4ex.png\",\"width\":322,\"height\":365,\"caption\":\"Helloproject.es\"},\"image\":{\"@id\":\"https:\\\/\\\/helloproject.es\\\/vigilancia\\\/#\\\/schema\\\/logo\\\/image\\\/\"}},{\"@type\":\"Person\",\"@id\":\"https:\\\/\\\/helloproject.es\\\/vigilancia\\\/#\\\/schema\\\/person\\\/3767b0619d59a11570372c821f8619ca\",\"name\":\"Luis Miguel Mej\u00edas Ramos\",\"url\":\"https:\\\/\\\/helloproject.es\\\/vigilancia\\\/author\\\/luismi\\\/\"}]}<\/script>\n<!-- \/ Yoast SEO Premium plugin. -->","yoast_head_json":{"title":"Resoluci\u00f3n de 29 de diciembre de 2025, de la Secretar\u00eda de Estado de Pol\u00edtica Territorial, por la que se acuerda la asignaci\u00f3n de las subvenciones para la recuperaci\u00f3n de da\u00f1os en infraestructuras municipales y red viaria provincial e insular, previstas en el apartado tercero del Acuerdo del Consejo de Ministros de 1 de abril de 2025, por el que se declara \u00abZona afectada gravemente por una emergencia de protecci\u00f3n civil\u00bb el territorio afectado como consecuencia de las inundaciones y otros fen\u00f3menos de distinta naturaleza acaecidos entre el 16 de septiembre de 2024 y el 24 de marzo de 2025. - bip4ex","robots":{"index":"index","follow":"follow","max-snippet":"max-snippet:-1","max-image-preview":"max-image-preview:large","max-video-preview":"max-video-preview:-1"},"canonical":"https:\/\/helloproject.es\/vigilancia\/resolucion-de-29-de-diciembre-de-2025-de-la-secretaria-de-estado-de-politica-territorial-por-la-que-se-acuerda-la-asignacion-de-las-subvenciones-para-la-recuperacion-de-danos-en-infraestructuras-mun\/","og_locale":"es_ES","og_type":"article","og_title":"Resoluci\u00f3n de 29 de diciembre de 2025, de la Secretar\u00eda de Estado de Pol\u00edtica Territorial, por la que se acuerda la asignaci\u00f3n de las subvenciones para la recuperaci\u00f3n de da\u00f1os en infraestructuras municipales y red viaria provincial e insular, previstas en el apartado tercero del Acuerdo del Consejo de Ministros de 1 de abril de 2025, por el que se declara \u00abZona afectada gravemente por una emergencia de protecci\u00f3n civil\u00bb el territorio afectado como consecuencia de las inundaciones y otros fen\u00f3menos de distinta naturaleza acaecidos entre el 16 de septiembre de 2024 y el 24 de marzo de 2025.","og_description":"Ministerio de Pol\u00edtica Territorial y Memoria Democr\u00e1tica &#8211; Publicado el 14\/01\/2026 &#8211; Referencia: BOE-A-2026-823","og_url":"https:\/\/helloproject.es\/vigilancia\/resolucion-de-29-de-diciembre-de-2025-de-la-secretaria-de-estado-de-politica-territorial-por-la-que-se-acuerda-la-asignacion-de-las-subvenciones-para-la-recuperacion-de-danos-en-infraestructuras-mun\/","og_site_name":"bip4ex","article_published_time":"2026-01-14T07:30:47+00:00","author":"Luis Miguel Mej\u00edas Ramos","twitter_card":"summary_large_image","twitter_misc":{"Escrito por":"Luis Miguel Mej\u00edas Ramos"},"schema":{"@context":"https:\/\/schema.org","@graph":[{"@type":"Article","@id":"https:\/\/helloproject.es\/vigilancia\/resolucion-de-29-de-diciembre-de-2025-de-la-secretaria-de-estado-de-politica-territorial-por-la-que-se-acuerda-la-asignacion-de-las-subvenciones-para-la-recuperacion-de-danos-en-infraestructuras-mun\/#article","isPartOf":{"@id":"https:\/\/helloproject.es\/vigilancia\/resolucion-de-29-de-diciembre-de-2025-de-la-secretaria-de-estado-de-politica-territorial-por-la-que-se-acuerda-la-asignacion-de-las-subvenciones-para-la-recuperacion-de-danos-en-infraestructuras-mun\/"},"author":{"name":"Luis Miguel Mej\u00edas Ramos","@id":"https:\/\/helloproject.es\/vigilancia\/#\/schema\/person\/3767b0619d59a11570372c821f8619ca"},"headline":"Resoluci\u00f3n de 29 de diciembre de 2025, de la Secretar\u00eda de Estado de Pol\u00edtica Territorial, por la que se acuerda la asignaci\u00f3n de las subvenciones para la recuperaci\u00f3n de da\u00f1os en infraestructuras municipales y red viaria provincial e insular, previstas en el apartado tercero del Acuerdo del Consejo de Ministros de 1 de abril de 2025, por el que se declara \u00abZona afectada gravemente por una emergencia de protecci\u00f3n civil\u00bb el territorio afectado como consecuencia de las inundaciones y otros fen\u00f3menos de distinta naturaleza acaecidos entre el 16 de septiembre de 2024 y el 24 de marzo de 2025.","datePublished":"2026-01-14T07:30:47+00:00","mainEntityOfPage":{"@id":"https:\/\/helloproject.es\/vigilancia\/resolucion-de-29-de-diciembre-de-2025-de-la-secretaria-de-estado-de-politica-territorial-por-la-que-se-acuerda-la-asignacion-de-las-subvenciones-para-la-recuperacion-de-danos-en-infraestructuras-mun\/"},"wordCount":115,"publisher":{"@id":"https:\/\/helloproject.es\/vigilancia\/#organization"},"articleSection":["Ayudas y Subvenciones"],"inLanguage":"es"},{"@type":"WebPage","@id":"https:\/\/helloproject.es\/vigilancia\/resolucion-de-29-de-diciembre-de-2025-de-la-secretaria-de-estado-de-politica-territorial-por-la-que-se-acuerda-la-asignacion-de-las-subvenciones-para-la-recuperacion-de-danos-en-infraestructuras-mun\/","url":"https:\/\/helloproject.es\/vigilancia\/resolucion-de-29-de-diciembre-de-2025-de-la-secretaria-de-estado-de-politica-territorial-por-la-que-se-acuerda-la-asignacion-de-las-subvenciones-para-la-recuperacion-de-danos-en-infraestructuras-mun\/","name":"Resoluci\u00f3n de 29 de diciembre de 2025, de la Secretar\u00eda de Estado de Pol\u00edtica Territorial, por la que se acuerda la asignaci\u00f3n de las subvenciones para la recuperaci\u00f3n de da\u00f1os en infraestructuras municipales y red viaria provincial e insular, previstas en el apartado tercero del Acuerdo del Consejo de Ministros de 1 de abril de 2025, por el que se declara \u00abZona afectada gravemente por una emergencia de protecci\u00f3n civil\u00bb el territorio afectado como consecuencia de las inundaciones y otros fen\u00f3menos de distinta naturaleza acaecidos entre el 16 de septiembre de 2024 y el 24 de marzo de 2025. - bip4ex","isPartOf":{"@id":"https:\/\/helloproject.es\/vigilancia\/#website"},"datePublished":"2026-01-14T07:30:47+00:00","breadcrumb":{"@id":"https:\/\/helloproject.es\/vigilancia\/resolucion-de-29-de-diciembre-de-2025-de-la-secretaria-de-estado-de-politica-territorial-por-la-que-se-acuerda-la-asignacion-de-las-subvenciones-para-la-recuperacion-de-danos-en-infraestructuras-mun\/#breadcrumb"},"inLanguage":"es","potentialAction":[{"@type":"ReadAction","target":["https:\/\/helloproject.es\/vigilancia\/resolucion-de-29-de-diciembre-de-2025-de-la-secretaria-de-estado-de-politica-territorial-por-la-que-se-acuerda-la-asignacion-de-las-subvenciones-para-la-recuperacion-de-danos-en-infraestructuras-mun\/"]}]},{"@type":"BreadcrumbList","@id":"https:\/\/helloproject.es\/vigilancia\/resolucion-de-29-de-diciembre-de-2025-de-la-secretaria-de-estado-de-politica-territorial-por-la-que-se-acuerda-la-asignacion-de-las-subvenciones-para-la-recuperacion-de-danos-en-infraestructuras-mun\/#breadcrumb","itemListElement":[{"@type":"ListItem","position":1,"name":"Home","item":"https:\/\/helloproject.es\/vigilancia\/"},{"@type":"ListItem","position":2,"name":"Resoluci\u00f3n de 29 de diciembre de 2025, de la Secretar\u00eda de Estado de Pol\u00edtica Territorial, por la que se acuerda la asignaci\u00f3n de las subvenciones para la recuperaci\u00f3n de da\u00f1os en infraestructuras municipales y red viaria provincial e insular, previstas en el apartado tercero del Acuerdo del Consejo de Ministros de 1 de abril de 2025, por el que se declara \u00abZona afectada gravemente por una emergencia de protecci\u00f3n civil\u00bb el territorio afectado como consecuencia de las inundaciones y otros fen\u00f3menos de distinta naturaleza acaecidos entre el 16 de septiembre de 2024 y el 24 de marzo de 2025."}]},{"@type":"WebSite","@id":"https:\/\/helloproject.es\/vigilancia\/#website","url":"https:\/\/helloproject.es\/vigilancia\/","name":"bip4ex","description":"Vigilancia Tecnol\u00f3gica","publisher":{"@id":"https:\/\/helloproject.es\/vigilancia\/#organization"},"potentialAction":[{"@type":"SearchAction","target":{"@type":"EntryPoint","urlTemplate":"https:\/\/helloproject.es\/vigilancia\/?s={search_term_string}"},"query-input":{"@type":"PropertyValueSpecification","valueRequired":true,"valueName":"search_term_string"}}],"inLanguage":"es"},{"@type":"Organization","@id":"https:\/\/helloproject.es\/vigilancia\/#organization","name":"Helloproject.es","url":"https:\/\/helloproject.es\/vigilancia\/","logo":{"@type":"ImageObject","inLanguage":"es","@id":"https:\/\/helloproject.es\/vigilancia\/#\/schema\/logo\/image\/","url":"https:\/\/helloproject.es\/vigilancia\/wp-content\/uploads\/2023\/07\/bip4ex.png","contentUrl":"https:\/\/helloproject.es\/vigilancia\/wp-content\/uploads\/2023\/07\/bip4ex.png","width":322,"height":365,"caption":"Helloproject.es"},"image":{"@id":"https:\/\/helloproject.es\/vigilancia\/#\/schema\/logo\/image\/"}},{"@type":"Person","@id":"https:\/\/helloproject.es\/vigilancia\/#\/schema\/person\/3767b0619d59a11570372c821f8619ca","name":"Luis Miguel Mej\u00edas Ramos","url":"https:\/\/helloproject.es\/vigilancia\/author\/luismi\/"}]}},"_links":{"self":[{"href":"https:\/\/helloproject.es\/vigilancia\/wp-json\/wp\/v2\/posts\/193749","targetHints":{"allow":["GET"]}}],"collection":[{"href":"https:\/\/helloproject.es\/vigilancia\/wp-json\/wp\/v2\/posts"}],"about":[{"href":"https:\/\/helloproject.es\/vigilancia\/wp-json\/wp\/v2\/types\/post"}],"author":[{"embeddable":true,"href":"https:\/\/helloproject.es\/vigilancia\/wp-json\/wp\/v2\/users\/5"}],"replies":[{"embeddable":true,"href":"https:\/\/helloproject.es\/vigilancia\/wp-json\/wp\/v2\/comments?post=193749"}],"version-history":[{"count":0,"href":"https:\/\/helloproject.es\/vigilancia\/wp-json\/wp\/v2\/posts\/193749\/revisions"}],"wp:attachment":[{"href":"https:\/\/helloproject.es\/vigilancia\/wp-json\/wp\/v2\/media?parent=193749"}],"wp:term":[{"taxonomy":"category","embeddable":true,"href":"https:\/\/helloproject.es\/vigilancia\/wp-json\/wp\/v2\/categories?post=193749"},{"taxonomy":"post_tag","embeddable":true,"href":"https:\/\/helloproject.es\/vigilancia\/wp-json\/wp\/v2\/tags?post=193749"}],"curies":[{"name":"wp","href":"https:\/\/api.w.org\/{rel}","templated":true}]}}