{"id":197940,"date":"2026-02-05T11:29:35","date_gmt":"2026-02-05T10:29:35","guid":{"rendered":"https:\/\/helloproject.es\/vigilancia\/diputacion-impulsa-vivienda-y-servicios-en-la-zona-de-aguilar-con-27-millones-y-45-de-fondos-feder\/"},"modified":"2026-02-05T11:29:35","modified_gmt":"2026-02-05T10:29:35","slug":"diputacion-impulsa-vivienda-y-servicios-en-la-zona-de-aguilar-con-27-millones-y-45-de-fondos-feder","status":"publish","type":"post","link":"https:\/\/helloproject.es\/vigilancia\/diputacion-impulsa-vivienda-y-servicios-en-la-zona-de-aguilar-con-27-millones-y-45-de-fondos-feder\/","title":{"rendered":"Diputaci\u00f3n impulsa vivienda y servicios en la zona de Aguilar con 2,7 millones y 4,5 de fondos FEDER"},"content":{"rendered":"<p><span>Diputaci\u00f3n impulsa vivienda y servicios en la zona de Aguilar con 2,7 millones y 4,5 de fondos FEDER<\/span><\/p>\n<div>\n<div>Fecha de noticia<\/div>\n<div><time datetime=\"2026-02-05T12:00:00Z\">Jueves, 05 de Febrero de 2026<\/time>\n<\/div>\n<\/div>\n<p><span><span>prensa<\/span><\/span><br \/>\n<span><time datetime=\"2026-02-05T10:42:18+01:00\" title=\"Jueves, Febrero 5, 2026 - 10:42\">Jue, 05\/02\/2026 &#8211; 10:42<\/time><br \/>\n<\/span><\/p>\n<div>La Diputaci\u00f3n recibe la resoluci\u00f3n definitiva de 4,5 millones de fondos FEDER para su proyecto de viviendas y servicios en Aguilar, Herrera, Barruelo y Alar, al que aportar\u00e1 2,71 millones <\/div>\n<div>\n<ul>\n<li>\n<p class=\"text-align-justify\"><span lang=\"ES-TRAD\"><strong>Los ayuntamientos aportan otros 2,71 millones\u00a0de euros en funci\u00f3n del coste de cada proyecto individual para cubrir as\u00ed\u00a0el total del presupuesto que suma 10 millones de euros.\u00a0<\/strong><\/span><\/p>\n<\/li>\n<li>\n<p class=\"text-align-justify\"><span lang=\"ES-TRAD\"><strong>El proyecto<\/strong><\/span><span><strong> se centra en el\u00a0\u00e1rea funcional de Aguilar de Campoo, como cabecera, Herrera de Pisuerga, Barruelo de Santull\u00e1n y Alar del Rey, como una zona en el que a pesar de un\u00a0importante crecimiento productivo y empresarial tiene un d\u00e9ficit de vivienda que impide que se asiente poblaci\u00f3n.<\/strong><\/span><\/p>\n<\/li>\n<li>\n<p class=\"text-align-justify\"><span><strong>El proyecto, con un presupuesto total de 10 millones, tiene como\u00a0objetivo fijar y asentar poblaci\u00f3n mediante la creaci\u00f3n de vivienda y las infraestructuras complementarias necesarias.<\/strong><\/span><\/p>\n<\/li>\n<li>\n<p class=\"text-align-justify\"><span lang=\"ES-TRAD\"><strong>La ayuda de algo m\u00e1s de 4,5 millones, que ya es definitiva, pertenece a la convocatoria\u00a0<\/strong><\/span><span><strong>\u2018Asignaci\u00f3n de senda financiera FEDER a planes integrados de entidades locales en el marco del desarrollo urbano sostenible\u2019\u00a0con cargo al Fondo Europeo Regional en el periodo 2021-2027 del Ministerio de Hacienda<\/strong><\/span><\/p>\n<\/li>\n<li>\n<p class=\"text-align-justify\"><span><strong>Con la concesi\u00f3n a esta convocatoria, la\u00a0Diputaci\u00f3n contin\u00faa en su l\u00ednea de aprovechar todas las oportunidades de financiaci\u00f3n exterior,\u00a0para abordar proyectos que permitan\u00a0seguir avanzando en la modernizaci\u00f3n y desarrollo de la provincia con una gesti\u00f3n econ\u00f3mica eficaz y sostenible.<\/strong><\/span><\/p>\n<\/li>\n<li>\n<p class=\"text-align-justify\"><span lang=\"ES-TRAD\"><strong>El proyecto ha obtenido\u00a0la\u00a0m\u00e1xima puntuaci\u00f3n de Castilla y Le\u00f3n\u00a0y para su consecuci\u00f3n\u00a0ha sido clave la vinculaci\u00f3n del mismo a la Agenda Rural de Palencia,\u00a0aprobada por la Diputaci\u00f3n en el a\u00f1o 2022, elaborada con la metodolog\u00eda de la Agenda Urbana Espa\u00f1ola y\u00a0requisito indispensable para poder acceder a la financiaci\u00f3n FEDER, tanto en este caso como en el PAI Vega Valdavia.<\/strong><\/span><\/p>\n<\/li>\n<li>\n<p class=\"text-align-justify\"><span><strong>El PAI consta de cinco proyectos; uno en\u00a0Aguilar\u00a0por\u00a05,5 millones (2,5 millones procedentes del FEDER y casi 1,5 millones la Diputaci\u00f3n y \u00a0la misma cantidad el Ayuntamiento de Aguilar)\u00a0para\u00a0dotar de las infraestructuras necesarias para una mayor accesibilidad y conexi\u00f3n del casco urbano con el pr\u00f3ximo desarrollo del\u00a0sector sur promovido por la Junta de Castilla y Le\u00f3n.<\/strong><\/span><\/p>\n<\/li>\n<li>\n<p class=\"text-align-justify\"><span><strong>Otro en\u00a0Barruelo\u00a0con presupuesto\u00a0de 1,6 millones de euros (casi 731.000 euros de fondos FEDER y 434.500 Diputaci\u00f3n y otros tantos el Ayuntamiento de Barruelo)\u00a0para la\u00a0conversi\u00f3n del antiguo auditorio Nicol\u00e1s Torre en un complejo de viviendas\u00a0de alquiler municipal de dos plantas y otra planta con garajes.<\/strong><\/span><\/p>\n<\/li>\n<li>\n<p class=\"text-align-justify\"><span><strong>Un tercero en\u00a0Alar del Rey con un presupuesto de\u00a01,6 millones de\u00a0euros (casi 731.000 euros de fondos FEDER y 434.500 Diputaci\u00f3n y otros tantos el Ayuntamiento de alar). Se trata de un proyecto similar al de Barruelo, pero con\u00a0casas adosadas y de nueva planta en el que la construcci\u00f3n de viviendas ir\u00e1\u00a0acompa\u00f1ada de la restituci\u00f3n ambiental y ecol\u00f3gica del lugar.<\/strong><\/span><\/p>\n<\/li>\n<li>\n<p class=\"text-align-justify\"><span><strong>Dos en Herrera de Pisuerga que suman 1,3 millones (593.000 de fondos FEDER y 353.000 Diputaci\u00f3n y otros 353.000 Ayuntamiento de Herrera de Pisuerga) para la\u00a0rehabilitaci\u00f3n del antiguo mercado de ganado para uso social y cultural que incluye\u00a0eficiencia energ\u00e9tica\u00a0y otra actuaci\u00f3n de\u00a0eficiencia energ\u00e9tica y climatizaci\u00f3n del polideportivo municipal\u00a0para poder incrementar su uso.\u00a0<\/strong><\/span><\/p>\n<\/li>\n<\/ul>\n<\/div>","protected":false},"excerpt":{"rendered":"<p>Diputaci\u00f3n impulsa vivienda y servicios en la zona de Aguilar con 2,7 millones y 4,5 de fondos FEDER Fecha de noticia Jueves, 05 de Febrero de 2026 prensa Jue, 05\/02\/2026 &#8211; 10:42 La Diputaci\u00f3n recibe la resoluci\u00f3n definitiva de 4,5 millones de fondos FEDER para su proyecto de viviendas y servicios en Aguilar, Herrera, Barruelo [&hellip;]<\/p>\n","protected":false},"author":5,"featured_media":0,"comment_status":"","ping_status":"","sticky":false,"template":"","format":"standard","meta":{"site-sidebar-layout":"default","site-content-layout":"","ast-site-content-layout":"default","site-content-style":"default","site-sidebar-style":"default","ast-global-header-display":"","ast-banner-title-visibility":"","ast-main-header-display":"","ast-hfb-above-header-display":"","ast-hfb-below-header-display":"","ast-hfb-mobile-header-display":"","site-post-title":"","ast-breadcrumbs-content":"","ast-featured-img":"","footer-sml-layout":"","ast-disable-related-posts":"","theme-transparent-header-meta":"","adv-header-id-meta":"","stick-header-meta":"","header-above-stick-meta":"","header-main-stick-meta":"","header-below-stick-meta":"","astra-migrate-meta-layouts":"default","ast-page-background-enabled":"default","ast-page-background-meta":{"desktop":{"background-color":"var(--ast-global-color-4)","background-image":"","background-repeat":"repeat","background-position":"center center","background-size":"auto","background-attachment":"scroll","background-type":"","background-media":"","overlay-type":"","overlay-color":"","overlay-opacity":"","overlay-gradient":""},"tablet":{"background-color":"","background-image":"","background-repeat":"repeat","background-position":"center center","background-size":"auto","background-attachment":"scroll","background-type":"","background-media":"","overlay-type":"","overlay-color":"","overlay-opacity":"","overlay-gradient":""},"mobile":{"background-color":"","background-image":"","background-repeat":"repeat","background-position":"center center","background-size":"auto","background-attachment":"scroll","background-type":"","background-media":"","overlay-type":"","overlay-color":"","overlay-opacity":"","overlay-gradient":""}},"ast-content-background-meta":{"desktop":{"background-color":"var(--ast-global-color-5)","background-image":"","background-repeat":"repeat","background-position":"center center","background-size":"auto","background-attachment":"scroll","background-type":"","background-media":"","overlay-type":"","overlay-color":"","overlay-opacity":"","overlay-gradient":""},"tablet":{"background-color":"var(--ast-global-color-5)","background-image":"","background-repeat":"repeat","background-position":"center center","background-size":"auto","background-attachment":"scroll","background-type":"","background-media":"","overlay-type":"","overlay-color":"","overlay-opacity":"","overlay-gradient":""},"mobile":{"background-color":"var(--ast-global-color-5)","background-image":"","background-repeat":"repeat","background-position":"center center","background-size":"auto","background-attachment":"scroll","background-type":"","background-media":"","overlay-type":"","overlay-color":"","overlay-opacity":"","overlay-gradient":""}},"footnotes":""},"categories":[5],"tags":[],"class_list":["post-197940","post","type-post","status-publish","format-standard","hentry","category-noticias"],"yoast_head":"<!-- This site is optimized with the Yoast SEO Premium plugin v20.9 (Yoast SEO v27.4) - https:\/\/yoast.com\/product\/yoast-seo-premium-wordpress\/ -->\n<title>Diputaci\u00f3n impulsa vivienda y servicios en la zona de Aguilar con 2,7 millones y 4,5 de fondos FEDER - bip4ex<\/title>\n<meta name=\"robots\" content=\"index, follow, max-snippet:-1, max-image-preview:large, max-video-preview:-1\" \/>\n<link rel=\"canonical\" href=\"https:\/\/helloproject.es\/vigilancia\/diputacion-impulsa-vivienda-y-servicios-en-la-zona-de-aguilar-con-27-millones-y-45-de-fondos-feder\/\" \/>\n<meta property=\"og:locale\" content=\"es_ES\" \/>\n<meta property=\"og:type\" content=\"article\" \/>\n<meta property=\"og:title\" content=\"Diputaci\u00f3n impulsa vivienda y servicios en la zona de Aguilar con 2,7 millones y 4,5 de fondos FEDER\" \/>\n<meta property=\"og:description\" content=\"Diputaci\u00f3n impulsa vivienda y servicios en la zona de Aguilar con 2,7 millones y 4,5 de fondos FEDER Fecha de noticia Jueves, 05 de Febrero de 2026 prensa Jue, 05\/02\/2026 &#8211; 10:42 La Diputaci\u00f3n recibe la resoluci\u00f3n definitiva de 4,5 millones de fondos FEDER para su proyecto de viviendas y servicios en Aguilar, Herrera, Barruelo [&hellip;]\" \/>\n<meta property=\"og:url\" content=\"https:\/\/helloproject.es\/vigilancia\/diputacion-impulsa-vivienda-y-servicios-en-la-zona-de-aguilar-con-27-millones-y-45-de-fondos-feder\/\" \/>\n<meta property=\"og:site_name\" content=\"bip4ex\" \/>\n<meta property=\"article:published_time\" content=\"2026-02-05T10:29:35+00:00\" \/>\n<meta name=\"author\" content=\"Luis Miguel Mej\u00edas Ramos\" \/>\n<meta name=\"twitter:card\" content=\"summary_large_image\" \/>\n<meta name=\"twitter:label1\" content=\"Escrito por\" \/>\n\t<meta name=\"twitter:data1\" content=\"Luis Miguel Mej\u00edas Ramos\" \/>\n\t<meta name=\"twitter:label2\" content=\"Tiempo de lectura\" \/>\n\t<meta name=\"twitter:data2\" content=\"3 minutos\" \/>\n<script type=\"application\/ld+json\" class=\"yoast-schema-graph\">{\"@context\":\"https:\\\/\\\/schema.org\",\"@graph\":[{\"@type\":\"Article\",\"@id\":\"https:\\\/\\\/helloproject.es\\\/vigilancia\\\/diputacion-impulsa-vivienda-y-servicios-en-la-zona-de-aguilar-con-27-millones-y-45-de-fondos-feder\\\/#article\",\"isPartOf\":{\"@id\":\"https:\\\/\\\/helloproject.es\\\/vigilancia\\\/diputacion-impulsa-vivienda-y-servicios-en-la-zona-de-aguilar-con-27-millones-y-45-de-fondos-feder\\\/\"},\"author\":{\"name\":\"Luis Miguel Mej\u00edas Ramos\",\"@id\":\"https:\\\/\\\/helloproject.es\\\/vigilancia\\\/#\\\/schema\\\/person\\\/3767b0619d59a11570372c821f8619ca\"},\"headline\":\"Diputaci\u00f3n impulsa vivienda y servicios en la zona de Aguilar con 2,7 millones y 4,5 de fondos FEDER\",\"datePublished\":\"2026-02-05T10:29:35+00:00\",\"mainEntityOfPage\":{\"@id\":\"https:\\\/\\\/helloproject.es\\\/vigilancia\\\/diputacion-impulsa-vivienda-y-servicios-en-la-zona-de-aguilar-con-27-millones-y-45-de-fondos-feder\\\/\"},\"wordCount\":592,\"publisher\":{\"@id\":\"https:\\\/\\\/helloproject.es\\\/vigilancia\\\/#organization\"},\"articleSection\":[\"Noticias\"],\"inLanguage\":\"es\"},{\"@type\":\"WebPage\",\"@id\":\"https:\\\/\\\/helloproject.es\\\/vigilancia\\\/diputacion-impulsa-vivienda-y-servicios-en-la-zona-de-aguilar-con-27-millones-y-45-de-fondos-feder\\\/\",\"url\":\"https:\\\/\\\/helloproject.es\\\/vigilancia\\\/diputacion-impulsa-vivienda-y-servicios-en-la-zona-de-aguilar-con-27-millones-y-45-de-fondos-feder\\\/\",\"name\":\"Diputaci\u00f3n impulsa vivienda y servicios en la zona de Aguilar con 2,7 millones y 4,5 de fondos FEDER - bip4ex\",\"isPartOf\":{\"@id\":\"https:\\\/\\\/helloproject.es\\\/vigilancia\\\/#website\"},\"datePublished\":\"2026-02-05T10:29:35+00:00\",\"breadcrumb\":{\"@id\":\"https:\\\/\\\/helloproject.es\\\/vigilancia\\\/diputacion-impulsa-vivienda-y-servicios-en-la-zona-de-aguilar-con-27-millones-y-45-de-fondos-feder\\\/#breadcrumb\"},\"inLanguage\":\"es\",\"potentialAction\":[{\"@type\":\"ReadAction\",\"target\":[\"https:\\\/\\\/helloproject.es\\\/vigilancia\\\/diputacion-impulsa-vivienda-y-servicios-en-la-zona-de-aguilar-con-27-millones-y-45-de-fondos-feder\\\/\"]}]},{\"@type\":\"BreadcrumbList\",\"@id\":\"https:\\\/\\\/helloproject.es\\\/vigilancia\\\/diputacion-impulsa-vivienda-y-servicios-en-la-zona-de-aguilar-con-27-millones-y-45-de-fondos-feder\\\/#breadcrumb\",\"itemListElement\":[{\"@type\":\"ListItem\",\"position\":1,\"name\":\"Home\",\"item\":\"https:\\\/\\\/helloproject.es\\\/vigilancia\\\/\"},{\"@type\":\"ListItem\",\"position\":2,\"name\":\"Diputaci\u00f3n impulsa vivienda y servicios en la zona de Aguilar con 2,7 millones y 4,5 de fondos FEDER\"}]},{\"@type\":\"WebSite\",\"@id\":\"https:\\\/\\\/helloproject.es\\\/vigilancia\\\/#website\",\"url\":\"https:\\\/\\\/helloproject.es\\\/vigilancia\\\/\",\"name\":\"bip4ex\",\"description\":\"Vigilancia Tecnol\u00f3gica\",\"publisher\":{\"@id\":\"https:\\\/\\\/helloproject.es\\\/vigilancia\\\/#organization\"},\"potentialAction\":[{\"@type\":\"SearchAction\",\"target\":{\"@type\":\"EntryPoint\",\"urlTemplate\":\"https:\\\/\\\/helloproject.es\\\/vigilancia\\\/?s={search_term_string}\"},\"query-input\":{\"@type\":\"PropertyValueSpecification\",\"valueRequired\":true,\"valueName\":\"search_term_string\"}}],\"inLanguage\":\"es\"},{\"@type\":\"Organization\",\"@id\":\"https:\\\/\\\/helloproject.es\\\/vigilancia\\\/#organization\",\"name\":\"Helloproject.es\",\"url\":\"https:\\\/\\\/helloproject.es\\\/vigilancia\\\/\",\"logo\":{\"@type\":\"ImageObject\",\"inLanguage\":\"es\",\"@id\":\"https:\\\/\\\/helloproject.es\\\/vigilancia\\\/#\\\/schema\\\/logo\\\/image\\\/\",\"url\":\"https:\\\/\\\/helloproject.es\\\/vigilancia\\\/wp-content\\\/uploads\\\/2023\\\/07\\\/bip4ex.png\",\"contentUrl\":\"https:\\\/\\\/helloproject.es\\\/vigilancia\\\/wp-content\\\/uploads\\\/2023\\\/07\\\/bip4ex.png\",\"width\":322,\"height\":365,\"caption\":\"Helloproject.es\"},\"image\":{\"@id\":\"https:\\\/\\\/helloproject.es\\\/vigilancia\\\/#\\\/schema\\\/logo\\\/image\\\/\"}},{\"@type\":\"Person\",\"@id\":\"https:\\\/\\\/helloproject.es\\\/vigilancia\\\/#\\\/schema\\\/person\\\/3767b0619d59a11570372c821f8619ca\",\"name\":\"Luis Miguel Mej\u00edas Ramos\",\"url\":\"https:\\\/\\\/helloproject.es\\\/vigilancia\\\/author\\\/luismi\\\/\"}]}<\/script>\n<!-- \/ Yoast SEO Premium plugin. -->","yoast_head_json":{"title":"Diputaci\u00f3n impulsa vivienda y servicios en la zona de Aguilar con 2,7 millones y 4,5 de fondos FEDER - bip4ex","robots":{"index":"index","follow":"follow","max-snippet":"max-snippet:-1","max-image-preview":"max-image-preview:large","max-video-preview":"max-video-preview:-1"},"canonical":"https:\/\/helloproject.es\/vigilancia\/diputacion-impulsa-vivienda-y-servicios-en-la-zona-de-aguilar-con-27-millones-y-45-de-fondos-feder\/","og_locale":"es_ES","og_type":"article","og_title":"Diputaci\u00f3n impulsa vivienda y servicios en la zona de Aguilar con 2,7 millones y 4,5 de fondos FEDER","og_description":"Diputaci\u00f3n impulsa vivienda y servicios en la zona de Aguilar con 2,7 millones y 4,5 de fondos FEDER Fecha de noticia Jueves, 05 de Febrero de 2026 prensa Jue, 05\/02\/2026 &#8211; 10:42 La Diputaci\u00f3n recibe la resoluci\u00f3n definitiva de 4,5 millones de fondos FEDER para su proyecto de viviendas y servicios en Aguilar, Herrera, Barruelo [&hellip;]","og_url":"https:\/\/helloproject.es\/vigilancia\/diputacion-impulsa-vivienda-y-servicios-en-la-zona-de-aguilar-con-27-millones-y-45-de-fondos-feder\/","og_site_name":"bip4ex","article_published_time":"2026-02-05T10:29:35+00:00","author":"Luis Miguel Mej\u00edas Ramos","twitter_card":"summary_large_image","twitter_misc":{"Escrito por":"Luis Miguel Mej\u00edas Ramos","Tiempo de lectura":"3 minutos"},"schema":{"@context":"https:\/\/schema.org","@graph":[{"@type":"Article","@id":"https:\/\/helloproject.es\/vigilancia\/diputacion-impulsa-vivienda-y-servicios-en-la-zona-de-aguilar-con-27-millones-y-45-de-fondos-feder\/#article","isPartOf":{"@id":"https:\/\/helloproject.es\/vigilancia\/diputacion-impulsa-vivienda-y-servicios-en-la-zona-de-aguilar-con-27-millones-y-45-de-fondos-feder\/"},"author":{"name":"Luis Miguel Mej\u00edas Ramos","@id":"https:\/\/helloproject.es\/vigilancia\/#\/schema\/person\/3767b0619d59a11570372c821f8619ca"},"headline":"Diputaci\u00f3n impulsa vivienda y servicios en la zona de Aguilar con 2,7 millones y 4,5 de fondos FEDER","datePublished":"2026-02-05T10:29:35+00:00","mainEntityOfPage":{"@id":"https:\/\/helloproject.es\/vigilancia\/diputacion-impulsa-vivienda-y-servicios-en-la-zona-de-aguilar-con-27-millones-y-45-de-fondos-feder\/"},"wordCount":592,"publisher":{"@id":"https:\/\/helloproject.es\/vigilancia\/#organization"},"articleSection":["Noticias"],"inLanguage":"es"},{"@type":"WebPage","@id":"https:\/\/helloproject.es\/vigilancia\/diputacion-impulsa-vivienda-y-servicios-en-la-zona-de-aguilar-con-27-millones-y-45-de-fondos-feder\/","url":"https:\/\/helloproject.es\/vigilancia\/diputacion-impulsa-vivienda-y-servicios-en-la-zona-de-aguilar-con-27-millones-y-45-de-fondos-feder\/","name":"Diputaci\u00f3n impulsa vivienda y servicios en la zona de Aguilar con 2,7 millones y 4,5 de fondos FEDER - bip4ex","isPartOf":{"@id":"https:\/\/helloproject.es\/vigilancia\/#website"},"datePublished":"2026-02-05T10:29:35+00:00","breadcrumb":{"@id":"https:\/\/helloproject.es\/vigilancia\/diputacion-impulsa-vivienda-y-servicios-en-la-zona-de-aguilar-con-27-millones-y-45-de-fondos-feder\/#breadcrumb"},"inLanguage":"es","potentialAction":[{"@type":"ReadAction","target":["https:\/\/helloproject.es\/vigilancia\/diputacion-impulsa-vivienda-y-servicios-en-la-zona-de-aguilar-con-27-millones-y-45-de-fondos-feder\/"]}]},{"@type":"BreadcrumbList","@id":"https:\/\/helloproject.es\/vigilancia\/diputacion-impulsa-vivienda-y-servicios-en-la-zona-de-aguilar-con-27-millones-y-45-de-fondos-feder\/#breadcrumb","itemListElement":[{"@type":"ListItem","position":1,"name":"Home","item":"https:\/\/helloproject.es\/vigilancia\/"},{"@type":"ListItem","position":2,"name":"Diputaci\u00f3n impulsa vivienda y servicios en la zona de Aguilar con 2,7 millones y 4,5 de fondos FEDER"}]},{"@type":"WebSite","@id":"https:\/\/helloproject.es\/vigilancia\/#website","url":"https:\/\/helloproject.es\/vigilancia\/","name":"bip4ex","description":"Vigilancia Tecnol\u00f3gica","publisher":{"@id":"https:\/\/helloproject.es\/vigilancia\/#organization"},"potentialAction":[{"@type":"SearchAction","target":{"@type":"EntryPoint","urlTemplate":"https:\/\/helloproject.es\/vigilancia\/?s={search_term_string}"},"query-input":{"@type":"PropertyValueSpecification","valueRequired":true,"valueName":"search_term_string"}}],"inLanguage":"es"},{"@type":"Organization","@id":"https:\/\/helloproject.es\/vigilancia\/#organization","name":"Helloproject.es","url":"https:\/\/helloproject.es\/vigilancia\/","logo":{"@type":"ImageObject","inLanguage":"es","@id":"https:\/\/helloproject.es\/vigilancia\/#\/schema\/logo\/image\/","url":"https:\/\/helloproject.es\/vigilancia\/wp-content\/uploads\/2023\/07\/bip4ex.png","contentUrl":"https:\/\/helloproject.es\/vigilancia\/wp-content\/uploads\/2023\/07\/bip4ex.png","width":322,"height":365,"caption":"Helloproject.es"},"image":{"@id":"https:\/\/helloproject.es\/vigilancia\/#\/schema\/logo\/image\/"}},{"@type":"Person","@id":"https:\/\/helloproject.es\/vigilancia\/#\/schema\/person\/3767b0619d59a11570372c821f8619ca","name":"Luis Miguel Mej\u00edas Ramos","url":"https:\/\/helloproject.es\/vigilancia\/author\/luismi\/"}]}},"_links":{"self":[{"href":"https:\/\/helloproject.es\/vigilancia\/wp-json\/wp\/v2\/posts\/197940","targetHints":{"allow":["GET"]}}],"collection":[{"href":"https:\/\/helloproject.es\/vigilancia\/wp-json\/wp\/v2\/posts"}],"about":[{"href":"https:\/\/helloproject.es\/vigilancia\/wp-json\/wp\/v2\/types\/post"}],"author":[{"embeddable":true,"href":"https:\/\/helloproject.es\/vigilancia\/wp-json\/wp\/v2\/users\/5"}],"replies":[{"embeddable":true,"href":"https:\/\/helloproject.es\/vigilancia\/wp-json\/wp\/v2\/comments?post=197940"}],"version-history":[{"count":0,"href":"https:\/\/helloproject.es\/vigilancia\/wp-json\/wp\/v2\/posts\/197940\/revisions"}],"wp:attachment":[{"href":"https:\/\/helloproject.es\/vigilancia\/wp-json\/wp\/v2\/media?parent=197940"}],"wp:term":[{"taxonomy":"category","embeddable":true,"href":"https:\/\/helloproject.es\/vigilancia\/wp-json\/wp\/v2\/categories?post=197940"},{"taxonomy":"post_tag","embeddable":true,"href":"https:\/\/helloproject.es\/vigilancia\/wp-json\/wp\/v2\/tags?post=197940"}],"curies":[{"name":"wp","href":"https:\/\/api.w.org\/{rel}","templated":true}]}}