{"id":197946,"date":"2026-02-05T15:28:10","date_gmt":"2026-02-05T14:28:10","guid":{"rendered":"https:\/\/helloproject.es\/vigilancia\/las-lluvias-de-2025-dan-un-respiro-a-donana-pero-persisten-retos-estructurales-a-largo-plazo\/"},"modified":"2026-02-05T15:28:10","modified_gmt":"2026-02-05T14:28:10","slug":"las-lluvias-de-2025-dan-un-respiro-a-donana-pero-persisten-retos-estructurales-a-largo-plazo","status":"publish","type":"post","link":"https:\/\/helloproject.es\/vigilancia\/las-lluvias-de-2025-dan-un-respiro-a-donana-pero-persisten-retos-estructurales-a-largo-plazo\/","title":{"rendered":"Las lluvias de 2025 dan un respiro a Do\u00f1ana, pero persisten retos estructurales a largo plazo"},"content":{"rendered":"<p>La Infraestructura Cient\u00edfica y T\u00e9cnica Singular &#8211; Reserva Biol\u00f3gica de Do\u00f1ana\u00a0(ICTS-Do\u00f1ana), dependiente de la Estaci\u00f3n Biol\u00f3gica de Do\u00f1ana, del Consejo Superior de Investigaciones Cient\u00edficas (CSIC), ha presentado hoy el informe \u2018<a href=\"https:\/\/saco.csic.es\/s\/q23EdQFkRp34fL2\" target=\"_blank\">Estado de la Biodiversidad de Do\u00f1ana 2025<\/a>\u2019, con los resultados del programa de monitorizaci\u00f3n ambiental que lleva a cabo en el Espacio Natural de Do\u00f1ana.<\/p>\n<p>Los datos confirman que Do\u00f1ana sigue teniendo un enorme valor ecol\u00f3gico, pero tambi\u00e9n reflejan una situaci\u00f3n compleja que combina se\u00f1ales alentadoras con s\u00edntomas preocupantes.<\/p>\n<p>\u201cLos datos muestran que hay motivos para la esperanza, pero es necesario seguir trabajando en su recuperaci\u00f3n\u201d, ha indicado\u00a0Eloy Revilla, director de la Estaci\u00f3n Biol\u00f3gica de Do\u00f1ana (EBD-CSIC), durante la presentaci\u00f3n.<\/p>\n<p><img decoding=\"async\" src=\"https:\/\/www.agenciasinc.es\/bundles\/app\/images\/quotebefore.png\" \/><\/p>\n<p>Las precipitaciones de este a\u00f1o apuntan a una evoluci\u00f3n positiva de Do\u00f1ana, aunque persisten problemas muy importantes que requieren esfuerzos constantes a largo plazo<\/p>\n<p>Eloy Revilla, director de la Estaci\u00f3n Biol\u00f3gica de Do\u00f1ana<br \/>\n<img decoding=\"async\" src=\"https:\/\/www.agenciasinc.es\/bundles\/app\/images\/quoteafter.png\" \/><\/p>\n<p>\u201cLas precipitaciones de este a\u00f1o apuntan a una evoluci\u00f3n positiva de Do\u00f1ana, aunque persisten problemas muy importantes que requieren esfuerzos constantes a largo plazo y no se solucionan con un a\u00f1o bueno de lluvias, ni con dos\u201d.<\/p>\n<p><a><\/a><\/p>\n<h2>Una marisma revitalizada<\/h2>\n<p>Durante m\u00e1s de una d\u00e9cada, Do\u00f1ana ha sufrido precipitaciones por debajo de la media, con\u00a0<a href=\"https:\/\/www.csic.es\/es\/actualidad-del-csic\/donana-hace-balance-del-2023-sequia-altas-temperaturas-y-claros-declives-de-especies\" target=\"_blank\">una sequ\u00eda muy acentuada en 2022 y 2023<\/a>. El ciclo hidrol\u00f3gico de 2024 a 2025 ha registrado una precipitaci\u00f3n total de 675 mm, una cifra superior a la media hist\u00f3rica, situada en 530 mm.Sin embargo, m\u00e1s all\u00e1 de la cantidad total de lluvia, ha sido clave su distribuci\u00f3n a lo largo del a\u00f1o.<\/p>\n<p>Las precipitaciones se concentraron de forma intensa en cortos periodos de tiempo, especialmente en marzo, cuando se recogieron 287,2 mm, el 42,6 % del total anual. Estas lluvias provocaron fuertes avenidas en los arroyos que\u00a0alimentan la marisma y dieron lugar a un llenado excepcional.<\/p>\n<p>La marisma alcanz\u00f3 en marzo de 2025 una inundaci\u00f3n cercana al 100 %, algo que no ocurr\u00eda desde 2010<\/p>\n<p>La marisma alcanz\u00f3 en marzo de 2025 una inundaci\u00f3n cercana al 100 %, algo que no ocurr\u00eda desde 2010. Se mantuvo con agua durante 157 d\u00edas, casi el doble de la media hist\u00f3rica de 79 d\u00edas, lo que sit\u00faa a este ciclo entre los m\u00e1s largos desde 1984.<\/p>\n<p>Las fenoc\u00e1maras y torres de flujo instaladas dentro de la Reserva Biol\u00f3gica de Do\u00f1ana, que analizan la vegetaci\u00f3n y su entorno a diario, muestran, adem\u00e1s, una marisma con mayor vigor vegetal que el a\u00f1o anterior y con m\u00e1s del doble de productividad.<\/p>\n<p><a><\/a><\/p>\n<h2>Preocupaci\u00f3n por el estado de las lagunas<\/h2>\n<p>Sin embargo, esta situaci\u00f3n excepcional no se ha reproducido en el sistema de lagunas, mucho m\u00e1s dependiente del estado del acu\u00edfero que del agua superficial. Solo el 36 % de las lagunas llegaron a inundarse, lo que refleja la falta de recuperaci\u00f3n del acu\u00edfero.<\/p>\n<p>Las lagunas peridunares, las m\u00e1s grandes de Do\u00f1ana (Santa Olalla, Sopet\u00f3n y Dulce), s\u00ed mantuvieron agua durante gran parte del ciclo hidrol\u00f3gico.\u00a0En particular, Santa Olalla rompi\u00f3 la din\u00e1mica de a\u00f1os anteriores y se ha mantenido inundada durante todo el ciclo.<\/p>\n<p>Las lagunas peridunares, las m\u00e1s grandes de Do\u00f1ana, s\u00ed mantuvieron agua durante gran parte del ciclo hidrol\u00f3gico<\/p>\n<p>Por su parte, en muchas lagunas temporales que no han presentado inundaci\u00f3n recurrente en los \u00faltimos a\u00f1os, se ha observado una colonizaci\u00f3n progresiva de vegetaci\u00f3n terrestre, que sustituye a los antiguos pastizales h\u00famedos y dificulta su futura recuperaci\u00f3n.<\/p>\n<p>Esta colonizaci\u00f3n responde a un periodo de tiempo m\u00e1s amplio y est\u00e1 claramente relacionada con el impacto de las extracciones de agua subterr\u00e1nea.<\/p>\n<p><a><\/a><\/p>\n<h2>Aves acu\u00e1ticas<\/h2>\n<p>En cuanto a las aves, la ICTS-Do\u00f1ana mantiene censos a\u00e9reos y terrestres peri\u00f3dicos de aves acu\u00e1ticas. Los censos a\u00e9reos, iniciados en la d\u00e9cada de 1970, constituyen el primer programa de monitoreo estandarizado y se realizan de forma mensual desde entonces.<\/p>\n<p>El censo a\u00e9reo refleja una invernada discreta de aves, ya que las lluvias se produjeron sobre todo a partir de finales de enero y especialmente durante la primavera.<\/p>\n<p>El censo a\u00e9reo refleja una\u00a0invernada discreta de aves, ya que las lluvias se produjeron sobre todo a partir de finales de enero y especialmente durante la primavera<\/p>\n<p>En enero se censaron 178 907 aves invernantes, una cifra inferior al promedio hist\u00f3rico para este mes, situada en torno a los 280 000 individuos, y muy alejada de los m\u00e1ximos registrados a finales de los a\u00f1os 80 y principios de los 90, cuando se superaban las 600.000 aves.<\/p>\n<p>En general, en el 2025 la mayor\u00eda de las especies muestra aumentos en abundancia respecto al 2024. Sin embargo, si se observa la serie temporal de los \u00faltimos 20 a\u00f1os, se evidencia un descenso acusado, sostenido y concordante entre los datos recogidos con el censo a\u00e9reo y el censo terrestre.<\/p>\n<p>En particular, los consumidores de vegetaci\u00f3n, aves lim\u00edcolas peque\u00f1as, pisc\u00edvoras y patos de superficie son los grupos m\u00e1s afectados, con ca\u00eddas especialmente severas, entre el 69 % y el 80 %.<\/p>\n<p>En particular, la situaci\u00f3n del \u00e1nsar com\u00fan es especialmente sorprendente. Esta especie, profundamente ligada al imaginario colectivo de Do\u00f1ana, ha alcanzado m\u00ednimos hist\u00f3ricos de invernantes, con tan solo 3 500 individuos censados, unas cifras que alertan sobre su futuro en el ecosistema invernal de Do\u00f1ana.<\/p>\n<p>Con el grueso de precipitaciones en marzo, la mejora h\u00eddrica no se tradujo, por tanto, en una mejor invernada, pero s\u00ed tuvo un efecto positivo en la reproducci\u00f3n<\/p>\n<p>Con el grueso de precipitaciones en marzo, la mejora h\u00eddrica no se tradujo, por tanto, en una mejor invernada, pero s\u00ed tuvo un efecto positivo en la reproducci\u00f3n. En 2025, el n\u00famero de parejas reproductoras aument\u00f3 en el 85 % de las especies respecto a 2024.<\/p>\n<p>No obstante, si se analiza la evoluci\u00f3n en los \u00faltimos 20 a\u00f1os, el panorama no deja de ser preocupante: cerca de tres cuartas partes de las especies muestran un descenso en el n\u00famero de parejas reproductoras, asociado a la degradaci\u00f3n hidrol\u00f3gica de Do\u00f1ana. A medio plazo, los declives afectan a algo m\u00e1s de la mitad de las especies.<\/p>\n<p>Por su parte, la campa\u00f1a de anillamiento de aves paseriformes durante la migraci\u00f3n posnupcial, que se lleva desarrollando desde 1994 ininterrumpidamente, muestra un panorama relativamente estable. En 2025 se anillaron cerca de 1 700 aves pertenecientes a 52 especies, unas cifras muy similares a la media hist\u00f3rica del programa.<\/p>\n<p>En 2025 se anillaron cerca de 1 700 aves pertenecientes a 52 especies, unas cifras muy similares a la media hist\u00f3rica del programa<\/p>\n<p>Al analizar los distintos grupos, los migrantes presaharianos presentan estabilidad o incluso ligeros incrementos, mientras que los migrantes transaharianos muestran un descenso moderado. Estas diferencias podr\u00edan estar relacionadas con varios factores, como el adelanto del paso migratorio, una menor permanencia de estas peque\u00f1as aves en el \u00e1rea de Do\u00f1ana o cambios en las zonas europeas de descanso y de invernada.<\/p>\n<p><a><\/a><\/p>\n<h2>Anfibios e insectos acu\u00e1ticos<\/h2>\n<p>Las lluvias del \u00faltimo a\u00f1o han tenido efectos positivos en algunos grupos. Los escarabajos acu\u00e1ticos, por ejemplo, alcanzaron en algunas zonas uno de los niveles de abundancia m\u00e1s altos de la \u00faltima d\u00e9cada, probablemente gracias a la mayor disponibilidad de h\u00e1bitats acu\u00e1ticos.<\/p>\n<p>Las lagunas con mayor duraci\u00f3n de inundaci\u00f3n albergaron las comunidades m\u00e1s diversas, lo que pone de relieve la importancia del agua y la disponibilidad de microh\u00e1bitats para mantener la biodiversidad de insectos.<\/p>\n<p>Las lagunas con mayor duraci\u00f3n de inundaci\u00f3n albergaron las comunidades m\u00e1s diversas, lo que pone de relieve la importancia del agua<\/p>\n<p>Los anfibios han sido otros de los grandes beneficiados por las lluvias, con mejores condiciones para su reproducci\u00f3n. Entre ellos destacan la rana com\u00fan y el sapo de espuelas, las especies detectadas m\u00e1s frecuentemente en los muestreos. El gallipato, por ejemplo, vuelve a observarse en m\u00e1s localidades tras los \u00faltimos a\u00f1os de sequ\u00eda.<\/p>\n<p>Por su parte, reptiles como lagartijas y salamanquesas mantienen una alta diversidad, y las zonas afectadas por el incendio de 2017 muestran una notable recuperaci\u00f3n.<\/p>\n<p>La detecci\u00f3n de especies de inter\u00e9s como la lagartija de Carbonell, endemismo ib\u00e9rico catalogado como \u201cvulnerable\u201d, refuerza el valor de Do\u00f1ana para la conservaci\u00f3n de especies amenazadas.<\/p>\n<p><a><\/a><\/p>\n<h2>Presi\u00f3n de especies invasoras<\/h2>\n<p>En h\u00e1bitats degradados o con r\u00e9gimen h\u00eddrico inestable siguen dominando especies oportunistas e invasoras, que contin\u00faan siendo uno de los grandes retos para la biodiversidad de Do\u00f1ana. El cangrejo rojo americano mantiene una presencia muy elevada en el Espacio Natural de Do\u00f1ana.<\/p>\n<p>La jaiba azul, por su parte, sigue expandi\u00e9ndose en ca\u00f1os mareales y vuelve a aparecer en Veta Lengua en mayor n\u00famero que en 2024. Por primera vez se han incorporado datos detallados del caracol\u00a0Physella acuta, detectado en la mayor\u00eda de los puntos muestreados y con alto n\u00famero de individuos en algunas charcas.<\/p>\n<p>En cuanto a la flora invasora,\u00a0Oxalis pes-caprae, conocida popularmente como vinagrera, contin\u00faa aumentando su capacidad de colonizaci\u00f3n<\/p>\n<p>En cuanto a la flora invasora,\u00a0Oxalis pes-caprae, conocida popularmente como vinagrera, contin\u00faa aumentando su capacidad de colonizaci\u00f3n. Esta especie no solo ocupa cada vez una mayor superficie, sino que adem\u00e1s se instala con poblaciones m\u00e1s densas.<\/p>\n<p>En 2025, el seguimiento de la\u00a0<a href=\"https:\/\/www.csic.es\/es\/actualidad-del-csic\/la-hormiga-argentina-el-invasor-entre-los-alcornoques-de-donana\" target=\"_blank\">hormiga argentina, tambi\u00e9n una especie invasora<\/a>, revela que sigue presente en la Reserva Biol\u00f3gica de Do\u00f1ana, aunque no muestra m\u00e1s se\u00f1ales de expansi\u00f3n. Este seguimiento se ha ampliado a toda la comunidad de hormigas arbor\u00edcolas que habitan en los alcornoques, revelando una comunidad muy diversa, con m\u00e1s de 20 especies propias de ecosistemas mediterr\u00e1neos.<\/p>\n<p><a><\/a><\/p>\n<h2>Algunas especies nativas en estado cr\u00edtico<\/h2>\n<p>En muchos otros grupos de especies nativas, las tendencias siguen siendo preocupantes. Siguiendo en el medio acu\u00e1tico, la situaci\u00f3n de los peces nativos es cr\u00edtica: solo se han registrado tres especies en la marisma y una en lagunas, con abundancias m\u00ednimas en la primavera de 2025.<\/p>\n<p>En contraste, los peces ex\u00f3ticos son mayoritarios, con especies como\u00a0la gambusia, la m\u00e1s extendida, o el pez gato, que vuelve a aumentar su presencia.<\/p>\n<p>En contraste, los peces ex\u00f3ticos son mayoritarios, con especies como\u00a0la gambusia, la m\u00e1s extendida, o\u00a0el pez gato, que vuelve a aumentar su presencia<\/p>\n<p>La situaci\u00f3n es cr\u00edtica tambi\u00e9n para las especies nativas de tortugas terrestres y acu\u00e1ticas. La tortuga mora alcanza en 2025 uno de los valores m\u00e1s bajos de abundancia de toda la serie hist\u00f3rica.<\/p>\n<p>Por su parte, el gal\u00e1pago leproso y el gal\u00e1pago europeo, incluidos en el Cat\u00e1logo Espa\u00f1ol de Especies Amenazadas, registran m\u00ednimos de poblaci\u00f3n. Estos datos evidencian la fragilidad de estas especies frente a las sequ\u00edas recurrentes.<\/p>\n<p>Las mariposas, por su parte, registraron en 2025 una de las abundancias m\u00e1s bajas de la serie hist\u00f3rica, posiblemente afectadas por eventos de precipitaci\u00f3n de naturaleza torrencial.<\/p>\n<p>No obstante, en 2025 se han detectado especies que no se observaban desde hac\u00eda a\u00f1os. Un ejemplo es la\u00a0Cyaniris semiargus, que hab\u00eda sido detectada por \u00faltima vez hace cinco a\u00f1os y la\u00a0Laeosopis roboris, cuyo \u00faltimo registro fue hace doce a\u00f1os.<\/p>\n<p>En cuanto a los mam\u00edferos, conejos y liebres contin\u00faan manteniendo poblaciones muy bajas, lo que repercute en especies emblem\u00e1ticas que se alimentan de ellos. A pesar de todo, los conejos presentan valores algo mejores que el a\u00f1o anterior en el periodo primaveral.<\/p>\n<p>En cuanto a los mam\u00edferos, conejos y liebres contin\u00faan manteniendo poblaciones muy bajas, lo que repercute en especies emblem\u00e1ticas que se alimentan de ellos<\/p>\n<p>El jabal\u00ed, por otra parte, presenta tambi\u00e9n cifras algo superiores, aunque en l\u00ednea con los \u00faltimos a\u00f1os. Con respecto a micromam\u00edferos, roedores y otros mam\u00edferos de peque\u00f1o tama\u00f1o, presentan un escaso n\u00famero de individuos en todas las especies.<\/p>\n<p><a><\/a><\/p>\n<h2>Mejoras puntuales\u00a0<\/h2>\n<p>En conclusi\u00f3n, los datos recogidos en el \u00faltimo a\u00f1o muestran el excepcional valor de Do\u00f1ana para la conservaci\u00f3n de la biodiversidad. Se registran avances en 2025, como la inundaci\u00f3n excepcional de la marisma y las mejoras de los datos en algunas especies.<\/p>\n<p>A pesar de ello, Do\u00f1ana sigue enfrentando retos estructurales importantes. La limitada inundaci\u00f3n de las lagunas, el declive de algunas especies aut\u00f3ctonas y la expansi\u00f3n de especies invasoras, entre otros, ponen de relieve la fragilidad del ecosistema.<\/p>\n<p>Los datos recientes son alentadores, pero garantizar el valor ecol\u00f3gico de Do\u00f1ana requerir\u00e1 de acciones continuadas en el tiempo que aborden estos retos de manera integral.<\/p>","protected":false},"excerpt":{"rendered":"<p>La Infraestructura Cient\u00edfica y T\u00e9cnica Singular &#8211; Reserva Biol\u00f3gica de Do\u00f1ana\u00a0(ICTS-Do\u00f1ana), dependiente de la Estaci\u00f3n Biol\u00f3gica de Do\u00f1ana, del Consejo Superior de Investigaciones Cient\u00edficas (CSIC), ha presentado hoy el informe \u2018Estado de la Biodiversidad de Do\u00f1ana 2025\u2019, con los resultados del programa de monitorizaci\u00f3n ambiental que lleva a cabo en el Espacio Natural de Do\u00f1ana. [&hellip;]<\/p>\n","protected":false},"author":5,"featured_media":0,"comment_status":"","ping_status":"","sticky":false,"template":"","format":"standard","meta":{"site-sidebar-layout":"default","site-content-layout":"","ast-site-content-layout":"default","site-content-style":"default","site-sidebar-style":"default","ast-global-header-display":"","ast-banner-title-visibility":"","ast-main-header-display":"","ast-hfb-above-header-display":"","ast-hfb-below-header-display":"","ast-hfb-mobile-header-display":"","site-post-title":"","ast-breadcrumbs-content":"","ast-featured-img":"","footer-sml-layout":"","ast-disable-related-posts":"","theme-transparent-header-meta":"","adv-header-id-meta":"","stick-header-meta":"","header-above-stick-meta":"","header-main-stick-meta":"","header-below-stick-meta":"","astra-migrate-meta-layouts":"default","ast-page-background-enabled":"default","ast-page-background-meta":{"desktop":{"background-color":"var(--ast-global-color-4)","background-image":"","background-repeat":"repeat","background-position":"center center","background-size":"auto","background-attachment":"scroll","background-type":"","background-media":"","overlay-type":"","overlay-color":"","overlay-opacity":"","overlay-gradient":""},"tablet":{"background-color":"","background-image":"","background-repeat":"repeat","background-position":"center center","background-size":"auto","background-attachment":"scroll","background-type":"","background-media":"","overlay-type":"","overlay-color":"","overlay-opacity":"","overlay-gradient":""},"mobile":{"background-color":"","background-image":"","background-repeat":"repeat","background-position":"center center","background-size":"auto","background-attachment":"scroll","background-type":"","background-media":"","overlay-type":"","overlay-color":"","overlay-opacity":"","overlay-gradient":""}},"ast-content-background-meta":{"desktop":{"background-color":"var(--ast-global-color-5)","background-image":"","background-repeat":"repeat","background-position":"center center","background-size":"auto","background-attachment":"scroll","background-type":"","background-media":"","overlay-type":"","overlay-color":"","overlay-opacity":"","overlay-gradient":""},"tablet":{"background-color":"var(--ast-global-color-5)","background-image":"","background-repeat":"repeat","background-position":"center center","background-size":"auto","background-attachment":"scroll","background-type":"","background-media":"","overlay-type":"","overlay-color":"","overlay-opacity":"","overlay-gradient":""},"mobile":{"background-color":"var(--ast-global-color-5)","background-image":"","background-repeat":"repeat","background-position":"center center","background-size":"auto","background-attachment":"scroll","background-type":"","background-media":"","overlay-type":"","overlay-color":"","overlay-opacity":"","overlay-gradient":""}},"footnotes":""},"categories":[5],"tags":[],"class_list":["post-197946","post","type-post","status-publish","format-standard","hentry","category-noticias"],"yoast_head":"<!-- This site is optimized with the Yoast SEO Premium plugin v20.9 (Yoast SEO v27.4) - https:\/\/yoast.com\/product\/yoast-seo-premium-wordpress\/ -->\n<title>Las lluvias de 2025 dan un respiro a Do\u00f1ana, pero persisten retos estructurales a largo plazo - bip4ex<\/title>\n<meta name=\"robots\" content=\"index, follow, max-snippet:-1, max-image-preview:large, max-video-preview:-1\" \/>\n<link rel=\"canonical\" href=\"https:\/\/helloproject.es\/vigilancia\/las-lluvias-de-2025-dan-un-respiro-a-donana-pero-persisten-retos-estructurales-a-largo-plazo\/\" \/>\n<meta property=\"og:locale\" content=\"es_ES\" \/>\n<meta property=\"og:type\" content=\"article\" \/>\n<meta property=\"og:title\" content=\"Las lluvias de 2025 dan un respiro a Do\u00f1ana, pero persisten retos estructurales a largo plazo\" \/>\n<meta property=\"og:description\" content=\"La Infraestructura Cient\u00edfica y T\u00e9cnica Singular &#8211; Reserva Biol\u00f3gica de Do\u00f1ana\u00a0(ICTS-Do\u00f1ana), dependiente de la Estaci\u00f3n Biol\u00f3gica de Do\u00f1ana, del Consejo Superior de Investigaciones Cient\u00edficas (CSIC), ha presentado hoy el informe \u2018Estado de la Biodiversidad de Do\u00f1ana 2025\u2019, con los resultados del programa de monitorizaci\u00f3n ambiental que lleva a cabo en el Espacio Natural de Do\u00f1ana. [&hellip;]\" \/>\n<meta property=\"og:url\" content=\"https:\/\/helloproject.es\/vigilancia\/las-lluvias-de-2025-dan-un-respiro-a-donana-pero-persisten-retos-estructurales-a-largo-plazo\/\" \/>\n<meta property=\"og:site_name\" content=\"bip4ex\" \/>\n<meta property=\"article:published_time\" content=\"2026-02-05T14:28:10+00:00\" \/>\n<meta property=\"og:image\" content=\"https:\/\/www.agenciasinc.es\/bundles\/app\/images\/quotebefore.png\" \/>\n<meta name=\"author\" content=\"Luis Miguel Mej\u00edas Ramos\" \/>\n<meta name=\"twitter:card\" content=\"summary_large_image\" \/>\n<meta name=\"twitter:label1\" content=\"Escrito por\" \/>\n\t<meta name=\"twitter:data1\" content=\"Luis Miguel Mej\u00edas Ramos\" \/>\n\t<meta name=\"twitter:label2\" content=\"Tiempo de lectura\" \/>\n\t<meta name=\"twitter:data2\" content=\"11 minutos\" \/>\n<script type=\"application\/ld+json\" class=\"yoast-schema-graph\">{\"@context\":\"https:\\\/\\\/schema.org\",\"@graph\":[{\"@type\":\"Article\",\"@id\":\"https:\\\/\\\/helloproject.es\\\/vigilancia\\\/las-lluvias-de-2025-dan-un-respiro-a-donana-pero-persisten-retos-estructurales-a-largo-plazo\\\/#article\",\"isPartOf\":{\"@id\":\"https:\\\/\\\/helloproject.es\\\/vigilancia\\\/las-lluvias-de-2025-dan-un-respiro-a-donana-pero-persisten-retos-estructurales-a-largo-plazo\\\/\"},\"author\":{\"name\":\"Luis Miguel Mej\u00edas Ramos\",\"@id\":\"https:\\\/\\\/helloproject.es\\\/vigilancia\\\/#\\\/schema\\\/person\\\/3767b0619d59a11570372c821f8619ca\"},\"headline\":\"Las lluvias de 2025 dan un respiro a Do\u00f1ana, pero persisten retos estructurales a largo plazo\",\"datePublished\":\"2026-02-05T14:28:10+00:00\",\"mainEntityOfPage\":{\"@id\":\"https:\\\/\\\/helloproject.es\\\/vigilancia\\\/las-lluvias-de-2025-dan-un-respiro-a-donana-pero-persisten-retos-estructurales-a-largo-plazo\\\/\"},\"wordCount\":2174,\"publisher\":{\"@id\":\"https:\\\/\\\/helloproject.es\\\/vigilancia\\\/#organization\"},\"image\":{\"@id\":\"https:\\\/\\\/helloproject.es\\\/vigilancia\\\/las-lluvias-de-2025-dan-un-respiro-a-donana-pero-persisten-retos-estructurales-a-largo-plazo\\\/#primaryimage\"},\"thumbnailUrl\":\"https:\\\/\\\/www.agenciasinc.es\\\/bundles\\\/app\\\/images\\\/quotebefore.png\",\"articleSection\":[\"Noticias\"],\"inLanguage\":\"es\"},{\"@type\":\"WebPage\",\"@id\":\"https:\\\/\\\/helloproject.es\\\/vigilancia\\\/las-lluvias-de-2025-dan-un-respiro-a-donana-pero-persisten-retos-estructurales-a-largo-plazo\\\/\",\"url\":\"https:\\\/\\\/helloproject.es\\\/vigilancia\\\/las-lluvias-de-2025-dan-un-respiro-a-donana-pero-persisten-retos-estructurales-a-largo-plazo\\\/\",\"name\":\"Las lluvias de 2025 dan un respiro a Do\u00f1ana, pero persisten retos estructurales a largo plazo - bip4ex\",\"isPartOf\":{\"@id\":\"https:\\\/\\\/helloproject.es\\\/vigilancia\\\/#website\"},\"primaryImageOfPage\":{\"@id\":\"https:\\\/\\\/helloproject.es\\\/vigilancia\\\/las-lluvias-de-2025-dan-un-respiro-a-donana-pero-persisten-retos-estructurales-a-largo-plazo\\\/#primaryimage\"},\"image\":{\"@id\":\"https:\\\/\\\/helloproject.es\\\/vigilancia\\\/las-lluvias-de-2025-dan-un-respiro-a-donana-pero-persisten-retos-estructurales-a-largo-plazo\\\/#primaryimage\"},\"thumbnailUrl\":\"https:\\\/\\\/www.agenciasinc.es\\\/bundles\\\/app\\\/images\\\/quotebefore.png\",\"datePublished\":\"2026-02-05T14:28:10+00:00\",\"breadcrumb\":{\"@id\":\"https:\\\/\\\/helloproject.es\\\/vigilancia\\\/las-lluvias-de-2025-dan-un-respiro-a-donana-pero-persisten-retos-estructurales-a-largo-plazo\\\/#breadcrumb\"},\"inLanguage\":\"es\",\"potentialAction\":[{\"@type\":\"ReadAction\",\"target\":[\"https:\\\/\\\/helloproject.es\\\/vigilancia\\\/las-lluvias-de-2025-dan-un-respiro-a-donana-pero-persisten-retos-estructurales-a-largo-plazo\\\/\"]}]},{\"@type\":\"ImageObject\",\"inLanguage\":\"es\",\"@id\":\"https:\\\/\\\/helloproject.es\\\/vigilancia\\\/las-lluvias-de-2025-dan-un-respiro-a-donana-pero-persisten-retos-estructurales-a-largo-plazo\\\/#primaryimage\",\"url\":\"https:\\\/\\\/www.agenciasinc.es\\\/bundles\\\/app\\\/images\\\/quotebefore.png\",\"contentUrl\":\"https:\\\/\\\/www.agenciasinc.es\\\/bundles\\\/app\\\/images\\\/quotebefore.png\"},{\"@type\":\"BreadcrumbList\",\"@id\":\"https:\\\/\\\/helloproject.es\\\/vigilancia\\\/las-lluvias-de-2025-dan-un-respiro-a-donana-pero-persisten-retos-estructurales-a-largo-plazo\\\/#breadcrumb\",\"itemListElement\":[{\"@type\":\"ListItem\",\"position\":1,\"name\":\"Home\",\"item\":\"https:\\\/\\\/helloproject.es\\\/vigilancia\\\/\"},{\"@type\":\"ListItem\",\"position\":2,\"name\":\"Las lluvias de 2025 dan un respiro a Do\u00f1ana, pero persisten retos estructurales a largo plazo\"}]},{\"@type\":\"WebSite\",\"@id\":\"https:\\\/\\\/helloproject.es\\\/vigilancia\\\/#website\",\"url\":\"https:\\\/\\\/helloproject.es\\\/vigilancia\\\/\",\"name\":\"bip4ex\",\"description\":\"Vigilancia Tecnol\u00f3gica\",\"publisher\":{\"@id\":\"https:\\\/\\\/helloproject.es\\\/vigilancia\\\/#organization\"},\"potentialAction\":[{\"@type\":\"SearchAction\",\"target\":{\"@type\":\"EntryPoint\",\"urlTemplate\":\"https:\\\/\\\/helloproject.es\\\/vigilancia\\\/?s={search_term_string}\"},\"query-input\":{\"@type\":\"PropertyValueSpecification\",\"valueRequired\":true,\"valueName\":\"search_term_string\"}}],\"inLanguage\":\"es\"},{\"@type\":\"Organization\",\"@id\":\"https:\\\/\\\/helloproject.es\\\/vigilancia\\\/#organization\",\"name\":\"Helloproject.es\",\"url\":\"https:\\\/\\\/helloproject.es\\\/vigilancia\\\/\",\"logo\":{\"@type\":\"ImageObject\",\"inLanguage\":\"es\",\"@id\":\"https:\\\/\\\/helloproject.es\\\/vigilancia\\\/#\\\/schema\\\/logo\\\/image\\\/\",\"url\":\"https:\\\/\\\/helloproject.es\\\/vigilancia\\\/wp-content\\\/uploads\\\/2023\\\/07\\\/bip4ex.png\",\"contentUrl\":\"https:\\\/\\\/helloproject.es\\\/vigilancia\\\/wp-content\\\/uploads\\\/2023\\\/07\\\/bip4ex.png\",\"width\":322,\"height\":365,\"caption\":\"Helloproject.es\"},\"image\":{\"@id\":\"https:\\\/\\\/helloproject.es\\\/vigilancia\\\/#\\\/schema\\\/logo\\\/image\\\/\"}},{\"@type\":\"Person\",\"@id\":\"https:\\\/\\\/helloproject.es\\\/vigilancia\\\/#\\\/schema\\\/person\\\/3767b0619d59a11570372c821f8619ca\",\"name\":\"Luis Miguel Mej\u00edas Ramos\",\"url\":\"https:\\\/\\\/helloproject.es\\\/vigilancia\\\/author\\\/luismi\\\/\"}]}<\/script>\n<!-- \/ Yoast SEO Premium plugin. -->","yoast_head_json":{"title":"Las lluvias de 2025 dan un respiro a Do\u00f1ana, pero persisten retos estructurales a largo plazo - bip4ex","robots":{"index":"index","follow":"follow","max-snippet":"max-snippet:-1","max-image-preview":"max-image-preview:large","max-video-preview":"max-video-preview:-1"},"canonical":"https:\/\/helloproject.es\/vigilancia\/las-lluvias-de-2025-dan-un-respiro-a-donana-pero-persisten-retos-estructurales-a-largo-plazo\/","og_locale":"es_ES","og_type":"article","og_title":"Las lluvias de 2025 dan un respiro a Do\u00f1ana, pero persisten retos estructurales a largo plazo","og_description":"La Infraestructura Cient\u00edfica y T\u00e9cnica Singular &#8211; Reserva Biol\u00f3gica de Do\u00f1ana\u00a0(ICTS-Do\u00f1ana), dependiente de la Estaci\u00f3n Biol\u00f3gica de Do\u00f1ana, del Consejo Superior de Investigaciones Cient\u00edficas (CSIC), ha presentado hoy el informe \u2018Estado de la Biodiversidad de Do\u00f1ana 2025\u2019, con los resultados del programa de monitorizaci\u00f3n ambiental que lleva a cabo en el Espacio Natural de Do\u00f1ana. [&hellip;]","og_url":"https:\/\/helloproject.es\/vigilancia\/las-lluvias-de-2025-dan-un-respiro-a-donana-pero-persisten-retos-estructurales-a-largo-plazo\/","og_site_name":"bip4ex","article_published_time":"2026-02-05T14:28:10+00:00","og_image":[{"url":"https:\/\/www.agenciasinc.es\/bundles\/app\/images\/quotebefore.png","type":"","width":"","height":""}],"author":"Luis Miguel Mej\u00edas Ramos","twitter_card":"summary_large_image","twitter_misc":{"Escrito por":"Luis Miguel Mej\u00edas Ramos","Tiempo de lectura":"11 minutos"},"schema":{"@context":"https:\/\/schema.org","@graph":[{"@type":"Article","@id":"https:\/\/helloproject.es\/vigilancia\/las-lluvias-de-2025-dan-un-respiro-a-donana-pero-persisten-retos-estructurales-a-largo-plazo\/#article","isPartOf":{"@id":"https:\/\/helloproject.es\/vigilancia\/las-lluvias-de-2025-dan-un-respiro-a-donana-pero-persisten-retos-estructurales-a-largo-plazo\/"},"author":{"name":"Luis Miguel Mej\u00edas Ramos","@id":"https:\/\/helloproject.es\/vigilancia\/#\/schema\/person\/3767b0619d59a11570372c821f8619ca"},"headline":"Las lluvias de 2025 dan un respiro a Do\u00f1ana, pero persisten retos estructurales a largo plazo","datePublished":"2026-02-05T14:28:10+00:00","mainEntityOfPage":{"@id":"https:\/\/helloproject.es\/vigilancia\/las-lluvias-de-2025-dan-un-respiro-a-donana-pero-persisten-retos-estructurales-a-largo-plazo\/"},"wordCount":2174,"publisher":{"@id":"https:\/\/helloproject.es\/vigilancia\/#organization"},"image":{"@id":"https:\/\/helloproject.es\/vigilancia\/las-lluvias-de-2025-dan-un-respiro-a-donana-pero-persisten-retos-estructurales-a-largo-plazo\/#primaryimage"},"thumbnailUrl":"https:\/\/www.agenciasinc.es\/bundles\/app\/images\/quotebefore.png","articleSection":["Noticias"],"inLanguage":"es"},{"@type":"WebPage","@id":"https:\/\/helloproject.es\/vigilancia\/las-lluvias-de-2025-dan-un-respiro-a-donana-pero-persisten-retos-estructurales-a-largo-plazo\/","url":"https:\/\/helloproject.es\/vigilancia\/las-lluvias-de-2025-dan-un-respiro-a-donana-pero-persisten-retos-estructurales-a-largo-plazo\/","name":"Las lluvias de 2025 dan un respiro a Do\u00f1ana, pero persisten retos estructurales a largo plazo - bip4ex","isPartOf":{"@id":"https:\/\/helloproject.es\/vigilancia\/#website"},"primaryImageOfPage":{"@id":"https:\/\/helloproject.es\/vigilancia\/las-lluvias-de-2025-dan-un-respiro-a-donana-pero-persisten-retos-estructurales-a-largo-plazo\/#primaryimage"},"image":{"@id":"https:\/\/helloproject.es\/vigilancia\/las-lluvias-de-2025-dan-un-respiro-a-donana-pero-persisten-retos-estructurales-a-largo-plazo\/#primaryimage"},"thumbnailUrl":"https:\/\/www.agenciasinc.es\/bundles\/app\/images\/quotebefore.png","datePublished":"2026-02-05T14:28:10+00:00","breadcrumb":{"@id":"https:\/\/helloproject.es\/vigilancia\/las-lluvias-de-2025-dan-un-respiro-a-donana-pero-persisten-retos-estructurales-a-largo-plazo\/#breadcrumb"},"inLanguage":"es","potentialAction":[{"@type":"ReadAction","target":["https:\/\/helloproject.es\/vigilancia\/las-lluvias-de-2025-dan-un-respiro-a-donana-pero-persisten-retos-estructurales-a-largo-plazo\/"]}]},{"@type":"ImageObject","inLanguage":"es","@id":"https:\/\/helloproject.es\/vigilancia\/las-lluvias-de-2025-dan-un-respiro-a-donana-pero-persisten-retos-estructurales-a-largo-plazo\/#primaryimage","url":"https:\/\/www.agenciasinc.es\/bundles\/app\/images\/quotebefore.png","contentUrl":"https:\/\/www.agenciasinc.es\/bundles\/app\/images\/quotebefore.png"},{"@type":"BreadcrumbList","@id":"https:\/\/helloproject.es\/vigilancia\/las-lluvias-de-2025-dan-un-respiro-a-donana-pero-persisten-retos-estructurales-a-largo-plazo\/#breadcrumb","itemListElement":[{"@type":"ListItem","position":1,"name":"Home","item":"https:\/\/helloproject.es\/vigilancia\/"},{"@type":"ListItem","position":2,"name":"Las lluvias de 2025 dan un respiro a Do\u00f1ana, pero persisten retos estructurales a largo plazo"}]},{"@type":"WebSite","@id":"https:\/\/helloproject.es\/vigilancia\/#website","url":"https:\/\/helloproject.es\/vigilancia\/","name":"bip4ex","description":"Vigilancia Tecnol\u00f3gica","publisher":{"@id":"https:\/\/helloproject.es\/vigilancia\/#organization"},"potentialAction":[{"@type":"SearchAction","target":{"@type":"EntryPoint","urlTemplate":"https:\/\/helloproject.es\/vigilancia\/?s={search_term_string}"},"query-input":{"@type":"PropertyValueSpecification","valueRequired":true,"valueName":"search_term_string"}}],"inLanguage":"es"},{"@type":"Organization","@id":"https:\/\/helloproject.es\/vigilancia\/#organization","name":"Helloproject.es","url":"https:\/\/helloproject.es\/vigilancia\/","logo":{"@type":"ImageObject","inLanguage":"es","@id":"https:\/\/helloproject.es\/vigilancia\/#\/schema\/logo\/image\/","url":"https:\/\/helloproject.es\/vigilancia\/wp-content\/uploads\/2023\/07\/bip4ex.png","contentUrl":"https:\/\/helloproject.es\/vigilancia\/wp-content\/uploads\/2023\/07\/bip4ex.png","width":322,"height":365,"caption":"Helloproject.es"},"image":{"@id":"https:\/\/helloproject.es\/vigilancia\/#\/schema\/logo\/image\/"}},{"@type":"Person","@id":"https:\/\/helloproject.es\/vigilancia\/#\/schema\/person\/3767b0619d59a11570372c821f8619ca","name":"Luis Miguel Mej\u00edas Ramos","url":"https:\/\/helloproject.es\/vigilancia\/author\/luismi\/"}]}},"_links":{"self":[{"href":"https:\/\/helloproject.es\/vigilancia\/wp-json\/wp\/v2\/posts\/197946","targetHints":{"allow":["GET"]}}],"collection":[{"href":"https:\/\/helloproject.es\/vigilancia\/wp-json\/wp\/v2\/posts"}],"about":[{"href":"https:\/\/helloproject.es\/vigilancia\/wp-json\/wp\/v2\/types\/post"}],"author":[{"embeddable":true,"href":"https:\/\/helloproject.es\/vigilancia\/wp-json\/wp\/v2\/users\/5"}],"replies":[{"embeddable":true,"href":"https:\/\/helloproject.es\/vigilancia\/wp-json\/wp\/v2\/comments?post=197946"}],"version-history":[{"count":0,"href":"https:\/\/helloproject.es\/vigilancia\/wp-json\/wp\/v2\/posts\/197946\/revisions"}],"wp:attachment":[{"href":"https:\/\/helloproject.es\/vigilancia\/wp-json\/wp\/v2\/media?parent=197946"}],"wp:term":[{"taxonomy":"category","embeddable":true,"href":"https:\/\/helloproject.es\/vigilancia\/wp-json\/wp\/v2\/categories?post=197946"},{"taxonomy":"post_tag","embeddable":true,"href":"https:\/\/helloproject.es\/vigilancia\/wp-json\/wp\/v2\/tags?post=197946"}],"curies":[{"name":"wp","href":"https:\/\/api.w.org\/{rel}","templated":true}]}}