{"id":197956,"date":"2026-02-05T20:28:17","date_gmt":"2026-02-05T19:28:17","guid":{"rendered":"https:\/\/helloproject.es\/vigilancia\/diputacion-y-cocemfe-impulsan-servicios-sociosanitarios-innovadores-para-la-montana-palentina\/"},"modified":"2026-02-05T20:28:17","modified_gmt":"2026-02-05T19:28:17","slug":"diputacion-y-cocemfe-impulsan-servicios-sociosanitarios-innovadores-para-la-montana-palentina","status":"publish","type":"post","link":"https:\/\/helloproject.es\/vigilancia\/diputacion-y-cocemfe-impulsan-servicios-sociosanitarios-innovadores-para-la-montana-palentina\/","title":{"rendered":"Diputaci\u00f3n y COCEMFE impulsan servicios sociosanitarios innovadores para la Monta\u00f1a Palentina"},"content":{"rendered":"<p><span> Diputaci\u00f3n y COCEMFE impulsan servicios sociosanitarios innovadores para la Monta\u00f1a Palentina<\/span><\/p>\n<div>\n<div>Fecha de noticia<\/div>\n<div><time datetime=\"2026-02-05T12:00:00Z\">Jueves, 05 de Febrero de 2026<\/time>\n<\/div>\n<\/div>\n<p><span><span>prensa<\/span><\/span><br \/>\n<span><time datetime=\"2026-02-05T19:20:34+01:00\" title=\"Jueves, Febrero 5, 2026 - 19:20\">Jue, 05\/02\/2026 &#8211; 19:20<\/time><br \/>\n<\/span><\/p>\n<div>La Diputaci\u00f3n de Palencia y COCEMFE Castilla y Le\u00f3n impulsan servicios sociosanitarios innovadores para la Monta\u00f1a Palentina en la localidad de Guardo<\/div>\n<div>\n<p class=\"text-align-justify\"><strong><span lang=\"ES-TRAD\"><\/span><\/strong><\/p>\n<p class=\"text-align-justify\"><strong><span lang=\"ES-TRAD\"><\/span><\/strong><\/p>\n<ul>\n<li>\n<p class=\"text-align-justify\"><span lang=\"ES-TRAD\"><\/span><span lang=\"ES-TRAD\">El CENTRO MULTISERVICIOS MONTA\u00d1A PALENTINA de Guardo,\u00a0se ubica en un espacio cedido por el Ayuntamiento de Guardo dentro del vivero de empresas del pol\u00edgono industrial de Campond\u00f3n. Cuenta con una superficie de 310 metros cuadrados, distribuidos en seis zonas de rehabilitaci\u00f3n y entrenamientos: un gimnasio para tratamientos individualizados y fisioterapia, una sala de estimulaci\u00f3n sensorial y terapia ocupacional, otra de logopedia, el despacho de psicolog\u00eda, zona de descanso y un ba\u00f1o adaptado<\/span><\/p>\n<\/li>\n<\/ul>\n<\/div>","protected":false},"excerpt":{"rendered":"<p>Diputaci\u00f3n y COCEMFE impulsan servicios sociosanitarios innovadores para la Monta\u00f1a Palentina Fecha de noticia Jueves, 05 de Febrero de 2026 prensa Jue, 05\/02\/2026 &#8211; 19:20 La Diputaci\u00f3n de Palencia y COCEMFE Castilla y Le\u00f3n impulsan servicios sociosanitarios innovadores para la Monta\u00f1a Palentina en la localidad de Guardo El CENTRO MULTISERVICIOS MONTA\u00d1A PALENTINA de Guardo,\u00a0se ubica [&hellip;]<\/p>\n","protected":false},"author":5,"featured_media":0,"comment_status":"","ping_status":"","sticky":false,"template":"","format":"standard","meta":{"site-sidebar-layout":"default","site-content-layout":"","ast-site-content-layout":"default","site-content-style":"default","site-sidebar-style":"default","ast-global-header-display":"","ast-banner-title-visibility":"","ast-main-header-display":"","ast-hfb-above-header-display":"","ast-hfb-below-header-display":"","ast-hfb-mobile-header-display":"","site-post-title":"","ast-breadcrumbs-content":"","ast-featured-img":"","footer-sml-layout":"","ast-disable-related-posts":"","theme-transparent-header-meta":"","adv-header-id-meta":"","stick-header-meta":"","header-above-stick-meta":"","header-main-stick-meta":"","header-below-stick-meta":"","astra-migrate-meta-layouts":"default","ast-page-background-enabled":"default","ast-page-background-meta":{"desktop":{"background-color":"var(--ast-global-color-4)","background-image":"","background-repeat":"repeat","background-position":"center center","background-size":"auto","background-attachment":"scroll","background-type":"","background-media":"","overlay-type":"","overlay-color":"","overlay-opacity":"","overlay-gradient":""},"tablet":{"background-color":"","background-image":"","background-repeat":"repeat","background-position":"center center","background-size":"auto","background-attachment":"scroll","background-type":"","background-media":"","overlay-type":"","overlay-color":"","overlay-opacity":"","overlay-gradient":""},"mobile":{"background-color":"","background-image":"","background-repeat":"repeat","background-position":"center center","background-size":"auto","background-attachment":"scroll","background-type":"","background-media":"","overlay-type":"","overlay-color":"","overlay-opacity":"","overlay-gradient":""}},"ast-content-background-meta":{"desktop":{"background-color":"var(--ast-global-color-5)","background-image":"","background-repeat":"repeat","background-position":"center center","background-size":"auto","background-attachment":"scroll","background-type":"","background-media":"","overlay-type":"","overlay-color":"","overlay-opacity":"","overlay-gradient":""},"tablet":{"background-color":"var(--ast-global-color-5)","background-image":"","background-repeat":"repeat","background-position":"center center","background-size":"auto","background-attachment":"scroll","background-type":"","background-media":"","overlay-type":"","overlay-color":"","overlay-opacity":"","overlay-gradient":""},"mobile":{"background-color":"var(--ast-global-color-5)","background-image":"","background-repeat":"repeat","background-position":"center center","background-size":"auto","background-attachment":"scroll","background-type":"","background-media":"","overlay-type":"","overlay-color":"","overlay-opacity":"","overlay-gradient":""}},"footnotes":""},"categories":[5],"tags":[],"class_list":["post-197956","post","type-post","status-publish","format-standard","hentry","category-noticias"],"yoast_head":"<!-- This site is optimized with the Yoast SEO Premium plugin v20.9 (Yoast SEO v27.4) - https:\/\/yoast.com\/product\/yoast-seo-premium-wordpress\/ -->\n<title>Diputaci\u00f3n y COCEMFE impulsan servicios sociosanitarios innovadores para la Monta\u00f1a Palentina - bip4ex<\/title>\n<meta name=\"robots\" content=\"index, follow, max-snippet:-1, max-image-preview:large, max-video-preview:-1\" \/>\n<link rel=\"canonical\" href=\"https:\/\/helloproject.es\/vigilancia\/diputacion-y-cocemfe-impulsan-servicios-sociosanitarios-innovadores-para-la-montana-palentina\/\" \/>\n<meta property=\"og:locale\" content=\"es_ES\" \/>\n<meta property=\"og:type\" content=\"article\" \/>\n<meta property=\"og:title\" content=\"Diputaci\u00f3n y COCEMFE impulsan servicios sociosanitarios innovadores para la Monta\u00f1a Palentina\" \/>\n<meta property=\"og:description\" content=\"Diputaci\u00f3n y COCEMFE impulsan servicios sociosanitarios innovadores para la Monta\u00f1a Palentina Fecha de noticia Jueves, 05 de Febrero de 2026 prensa Jue, 05\/02\/2026 &#8211; 19:20 La Diputaci\u00f3n de Palencia y COCEMFE Castilla y Le\u00f3n impulsan servicios sociosanitarios innovadores para la Monta\u00f1a Palentina en la localidad de Guardo El CENTRO MULTISERVICIOS MONTA\u00d1A PALENTINA de Guardo,\u00a0se ubica [&hellip;]\" \/>\n<meta property=\"og:url\" content=\"https:\/\/helloproject.es\/vigilancia\/diputacion-y-cocemfe-impulsan-servicios-sociosanitarios-innovadores-para-la-montana-palentina\/\" \/>\n<meta property=\"og:site_name\" content=\"bip4ex\" \/>\n<meta property=\"article:published_time\" content=\"2026-02-05T19:28:17+00:00\" \/>\n<meta name=\"author\" content=\"Luis Miguel Mej\u00edas Ramos\" \/>\n<meta name=\"twitter:card\" content=\"summary_large_image\" \/>\n<meta name=\"twitter:label1\" content=\"Escrito por\" \/>\n\t<meta name=\"twitter:data1\" content=\"Luis Miguel Mej\u00edas Ramos\" \/>\n\t<meta name=\"twitter:label2\" content=\"Tiempo de lectura\" \/>\n\t<meta name=\"twitter:data2\" content=\"1 minuto\" \/>\n<script type=\"application\/ld+json\" class=\"yoast-schema-graph\">{\"@context\":\"https:\\\/\\\/schema.org\",\"@graph\":[{\"@type\":\"Article\",\"@id\":\"https:\\\/\\\/helloproject.es\\\/vigilancia\\\/diputacion-y-cocemfe-impulsan-servicios-sociosanitarios-innovadores-para-la-montana-palentina\\\/#article\",\"isPartOf\":{\"@id\":\"https:\\\/\\\/helloproject.es\\\/vigilancia\\\/diputacion-y-cocemfe-impulsan-servicios-sociosanitarios-innovadores-para-la-montana-palentina\\\/\"},\"author\":{\"name\":\"Luis Miguel Mej\u00edas Ramos\",\"@id\":\"https:\\\/\\\/helloproject.es\\\/vigilancia\\\/#\\\/schema\\\/person\\\/3767b0619d59a11570372c821f8619ca\"},\"headline\":\"Diputaci\u00f3n y COCEMFE impulsan servicios sociosanitarios innovadores para la Monta\u00f1a Palentina\",\"datePublished\":\"2026-02-05T19:28:17+00:00\",\"mainEntityOfPage\":{\"@id\":\"https:\\\/\\\/helloproject.es\\\/vigilancia\\\/diputacion-y-cocemfe-impulsan-servicios-sociosanitarios-innovadores-para-la-montana-palentina\\\/\"},\"wordCount\":140,\"publisher\":{\"@id\":\"https:\\\/\\\/helloproject.es\\\/vigilancia\\\/#organization\"},\"articleSection\":[\"Noticias\"],\"inLanguage\":\"es\"},{\"@type\":\"WebPage\",\"@id\":\"https:\\\/\\\/helloproject.es\\\/vigilancia\\\/diputacion-y-cocemfe-impulsan-servicios-sociosanitarios-innovadores-para-la-montana-palentina\\\/\",\"url\":\"https:\\\/\\\/helloproject.es\\\/vigilancia\\\/diputacion-y-cocemfe-impulsan-servicios-sociosanitarios-innovadores-para-la-montana-palentina\\\/\",\"name\":\"Diputaci\u00f3n y COCEMFE impulsan servicios sociosanitarios innovadores para la Monta\u00f1a Palentina - bip4ex\",\"isPartOf\":{\"@id\":\"https:\\\/\\\/helloproject.es\\\/vigilancia\\\/#website\"},\"datePublished\":\"2026-02-05T19:28:17+00:00\",\"breadcrumb\":{\"@id\":\"https:\\\/\\\/helloproject.es\\\/vigilancia\\\/diputacion-y-cocemfe-impulsan-servicios-sociosanitarios-innovadores-para-la-montana-palentina\\\/#breadcrumb\"},\"inLanguage\":\"es\",\"potentialAction\":[{\"@type\":\"ReadAction\",\"target\":[\"https:\\\/\\\/helloproject.es\\\/vigilancia\\\/diputacion-y-cocemfe-impulsan-servicios-sociosanitarios-innovadores-para-la-montana-palentina\\\/\"]}]},{\"@type\":\"BreadcrumbList\",\"@id\":\"https:\\\/\\\/helloproject.es\\\/vigilancia\\\/diputacion-y-cocemfe-impulsan-servicios-sociosanitarios-innovadores-para-la-montana-palentina\\\/#breadcrumb\",\"itemListElement\":[{\"@type\":\"ListItem\",\"position\":1,\"name\":\"Home\",\"item\":\"https:\\\/\\\/helloproject.es\\\/vigilancia\\\/\"},{\"@type\":\"ListItem\",\"position\":2,\"name\":\"Diputaci\u00f3n y COCEMFE impulsan servicios sociosanitarios innovadores para la Monta\u00f1a Palentina\"}]},{\"@type\":\"WebSite\",\"@id\":\"https:\\\/\\\/helloproject.es\\\/vigilancia\\\/#website\",\"url\":\"https:\\\/\\\/helloproject.es\\\/vigilancia\\\/\",\"name\":\"bip4ex\",\"description\":\"Vigilancia Tecnol\u00f3gica\",\"publisher\":{\"@id\":\"https:\\\/\\\/helloproject.es\\\/vigilancia\\\/#organization\"},\"potentialAction\":[{\"@type\":\"SearchAction\",\"target\":{\"@type\":\"EntryPoint\",\"urlTemplate\":\"https:\\\/\\\/helloproject.es\\\/vigilancia\\\/?s={search_term_string}\"},\"query-input\":{\"@type\":\"PropertyValueSpecification\",\"valueRequired\":true,\"valueName\":\"search_term_string\"}}],\"inLanguage\":\"es\"},{\"@type\":\"Organization\",\"@id\":\"https:\\\/\\\/helloproject.es\\\/vigilancia\\\/#organization\",\"name\":\"Helloproject.es\",\"url\":\"https:\\\/\\\/helloproject.es\\\/vigilancia\\\/\",\"logo\":{\"@type\":\"ImageObject\",\"inLanguage\":\"es\",\"@id\":\"https:\\\/\\\/helloproject.es\\\/vigilancia\\\/#\\\/schema\\\/logo\\\/image\\\/\",\"url\":\"https:\\\/\\\/helloproject.es\\\/vigilancia\\\/wp-content\\\/uploads\\\/2023\\\/07\\\/bip4ex.png\",\"contentUrl\":\"https:\\\/\\\/helloproject.es\\\/vigilancia\\\/wp-content\\\/uploads\\\/2023\\\/07\\\/bip4ex.png\",\"width\":322,\"height\":365,\"caption\":\"Helloproject.es\"},\"image\":{\"@id\":\"https:\\\/\\\/helloproject.es\\\/vigilancia\\\/#\\\/schema\\\/logo\\\/image\\\/\"}},{\"@type\":\"Person\",\"@id\":\"https:\\\/\\\/helloproject.es\\\/vigilancia\\\/#\\\/schema\\\/person\\\/3767b0619d59a11570372c821f8619ca\",\"name\":\"Luis Miguel Mej\u00edas Ramos\",\"url\":\"https:\\\/\\\/helloproject.es\\\/vigilancia\\\/author\\\/luismi\\\/\"}]}<\/script>\n<!-- \/ Yoast SEO Premium plugin. -->","yoast_head_json":{"title":"Diputaci\u00f3n y COCEMFE impulsan servicios sociosanitarios innovadores para la Monta\u00f1a Palentina - bip4ex","robots":{"index":"index","follow":"follow","max-snippet":"max-snippet:-1","max-image-preview":"max-image-preview:large","max-video-preview":"max-video-preview:-1"},"canonical":"https:\/\/helloproject.es\/vigilancia\/diputacion-y-cocemfe-impulsan-servicios-sociosanitarios-innovadores-para-la-montana-palentina\/","og_locale":"es_ES","og_type":"article","og_title":"Diputaci\u00f3n y COCEMFE impulsan servicios sociosanitarios innovadores para la Monta\u00f1a Palentina","og_description":"Diputaci\u00f3n y COCEMFE impulsan servicios sociosanitarios innovadores para la Monta\u00f1a Palentina Fecha de noticia Jueves, 05 de Febrero de 2026 prensa Jue, 05\/02\/2026 &#8211; 19:20 La Diputaci\u00f3n de Palencia y COCEMFE Castilla y Le\u00f3n impulsan servicios sociosanitarios innovadores para la Monta\u00f1a Palentina en la localidad de Guardo El CENTRO MULTISERVICIOS MONTA\u00d1A PALENTINA de Guardo,\u00a0se ubica [&hellip;]","og_url":"https:\/\/helloproject.es\/vigilancia\/diputacion-y-cocemfe-impulsan-servicios-sociosanitarios-innovadores-para-la-montana-palentina\/","og_site_name":"bip4ex","article_published_time":"2026-02-05T19:28:17+00:00","author":"Luis Miguel Mej\u00edas Ramos","twitter_card":"summary_large_image","twitter_misc":{"Escrito por":"Luis Miguel Mej\u00edas Ramos","Tiempo de lectura":"1 minuto"},"schema":{"@context":"https:\/\/schema.org","@graph":[{"@type":"Article","@id":"https:\/\/helloproject.es\/vigilancia\/diputacion-y-cocemfe-impulsan-servicios-sociosanitarios-innovadores-para-la-montana-palentina\/#article","isPartOf":{"@id":"https:\/\/helloproject.es\/vigilancia\/diputacion-y-cocemfe-impulsan-servicios-sociosanitarios-innovadores-para-la-montana-palentina\/"},"author":{"name":"Luis Miguel Mej\u00edas Ramos","@id":"https:\/\/helloproject.es\/vigilancia\/#\/schema\/person\/3767b0619d59a11570372c821f8619ca"},"headline":"Diputaci\u00f3n y COCEMFE impulsan servicios sociosanitarios innovadores para la Monta\u00f1a Palentina","datePublished":"2026-02-05T19:28:17+00:00","mainEntityOfPage":{"@id":"https:\/\/helloproject.es\/vigilancia\/diputacion-y-cocemfe-impulsan-servicios-sociosanitarios-innovadores-para-la-montana-palentina\/"},"wordCount":140,"publisher":{"@id":"https:\/\/helloproject.es\/vigilancia\/#organization"},"articleSection":["Noticias"],"inLanguage":"es"},{"@type":"WebPage","@id":"https:\/\/helloproject.es\/vigilancia\/diputacion-y-cocemfe-impulsan-servicios-sociosanitarios-innovadores-para-la-montana-palentina\/","url":"https:\/\/helloproject.es\/vigilancia\/diputacion-y-cocemfe-impulsan-servicios-sociosanitarios-innovadores-para-la-montana-palentina\/","name":"Diputaci\u00f3n y COCEMFE impulsan servicios sociosanitarios innovadores para la Monta\u00f1a Palentina - bip4ex","isPartOf":{"@id":"https:\/\/helloproject.es\/vigilancia\/#website"},"datePublished":"2026-02-05T19:28:17+00:00","breadcrumb":{"@id":"https:\/\/helloproject.es\/vigilancia\/diputacion-y-cocemfe-impulsan-servicios-sociosanitarios-innovadores-para-la-montana-palentina\/#breadcrumb"},"inLanguage":"es","potentialAction":[{"@type":"ReadAction","target":["https:\/\/helloproject.es\/vigilancia\/diputacion-y-cocemfe-impulsan-servicios-sociosanitarios-innovadores-para-la-montana-palentina\/"]}]},{"@type":"BreadcrumbList","@id":"https:\/\/helloproject.es\/vigilancia\/diputacion-y-cocemfe-impulsan-servicios-sociosanitarios-innovadores-para-la-montana-palentina\/#breadcrumb","itemListElement":[{"@type":"ListItem","position":1,"name":"Home","item":"https:\/\/helloproject.es\/vigilancia\/"},{"@type":"ListItem","position":2,"name":"Diputaci\u00f3n y COCEMFE impulsan servicios sociosanitarios innovadores para la Monta\u00f1a Palentina"}]},{"@type":"WebSite","@id":"https:\/\/helloproject.es\/vigilancia\/#website","url":"https:\/\/helloproject.es\/vigilancia\/","name":"bip4ex","description":"Vigilancia Tecnol\u00f3gica","publisher":{"@id":"https:\/\/helloproject.es\/vigilancia\/#organization"},"potentialAction":[{"@type":"SearchAction","target":{"@type":"EntryPoint","urlTemplate":"https:\/\/helloproject.es\/vigilancia\/?s={search_term_string}"},"query-input":{"@type":"PropertyValueSpecification","valueRequired":true,"valueName":"search_term_string"}}],"inLanguage":"es"},{"@type":"Organization","@id":"https:\/\/helloproject.es\/vigilancia\/#organization","name":"Helloproject.es","url":"https:\/\/helloproject.es\/vigilancia\/","logo":{"@type":"ImageObject","inLanguage":"es","@id":"https:\/\/helloproject.es\/vigilancia\/#\/schema\/logo\/image\/","url":"https:\/\/helloproject.es\/vigilancia\/wp-content\/uploads\/2023\/07\/bip4ex.png","contentUrl":"https:\/\/helloproject.es\/vigilancia\/wp-content\/uploads\/2023\/07\/bip4ex.png","width":322,"height":365,"caption":"Helloproject.es"},"image":{"@id":"https:\/\/helloproject.es\/vigilancia\/#\/schema\/logo\/image\/"}},{"@type":"Person","@id":"https:\/\/helloproject.es\/vigilancia\/#\/schema\/person\/3767b0619d59a11570372c821f8619ca","name":"Luis Miguel Mej\u00edas Ramos","url":"https:\/\/helloproject.es\/vigilancia\/author\/luismi\/"}]}},"_links":{"self":[{"href":"https:\/\/helloproject.es\/vigilancia\/wp-json\/wp\/v2\/posts\/197956","targetHints":{"allow":["GET"]}}],"collection":[{"href":"https:\/\/helloproject.es\/vigilancia\/wp-json\/wp\/v2\/posts"}],"about":[{"href":"https:\/\/helloproject.es\/vigilancia\/wp-json\/wp\/v2\/types\/post"}],"author":[{"embeddable":true,"href":"https:\/\/helloproject.es\/vigilancia\/wp-json\/wp\/v2\/users\/5"}],"replies":[{"embeddable":true,"href":"https:\/\/helloproject.es\/vigilancia\/wp-json\/wp\/v2\/comments?post=197956"}],"version-history":[{"count":0,"href":"https:\/\/helloproject.es\/vigilancia\/wp-json\/wp\/v2\/posts\/197956\/revisions"}],"wp:attachment":[{"href":"https:\/\/helloproject.es\/vigilancia\/wp-json\/wp\/v2\/media?parent=197956"}],"wp:term":[{"taxonomy":"category","embeddable":true,"href":"https:\/\/helloproject.es\/vigilancia\/wp-json\/wp\/v2\/categories?post=197956"},{"taxonomy":"post_tag","embeddable":true,"href":"https:\/\/helloproject.es\/vigilancia\/wp-json\/wp\/v2\/tags?post=197956"}],"curies":[{"name":"wp","href":"https:\/\/api.w.org\/{rel}","templated":true}]}}