{"id":197993,"date":"2026-02-06T11:28:29","date_gmt":"2026-02-06T10:28:29","guid":{"rendered":"https:\/\/helloproject.es\/vigilancia\/el-mundo-de-la-ciencia-llora-la-muerte-de-josefina-castellvi-pionera-de-la-antartida\/"},"modified":"2026-02-06T11:28:29","modified_gmt":"2026-02-06T10:28:29","slug":"el-mundo-de-la-ciencia-llora-la-muerte-de-josefina-castellvi-pionera-de-la-antartida","status":"publish","type":"post","link":"https:\/\/helloproject.es\/vigilancia\/el-mundo-de-la-ciencia-llora-la-muerte-de-josefina-castellvi-pionera-de-la-antartida\/","title":{"rendered":"El mundo de la ciencia llora la muerte de Josefina Castellv\u00ed, pionera de la Ant\u00e1rtida"},"content":{"rendered":"<p>El mundo de la ciencia llora la muerte de la bi\u00f3loga y ocean\u00f3grafa Josefina Castellv\u00ed, directora de la primera base espa\u00f1ola en la Ant\u00e1rtida, quien falleci\u00f3 el pasado lunes, 2 de febrero, en Barcelona a los 90 a\u00f1os.<\/p>\n<p>En una \u00e9poca en la que las mujeres apenas ten\u00edan presencia en los laboratorios, Castellv\u00ed (Barcelona, 1935) particip\u00f3 en la organizaci\u00f3n de la investigaci\u00f3n espa\u00f1ola en la Ant\u00e1rtida, en 1984, y dirigi\u00f3 la Base Ant\u00e1rtica Espa\u00f1ola de la isla Livingston entre 1989 y 1997. All\u00ed se encuentra el pico Castellv\u00ed, nombrado as\u00ed en su honor.<\/p>\n<p>Fue tambi\u00e9n la delegada del Centro Superior de Investigaciones Cient\u00edficas (CSIC) en Catalu\u00f1a y directora del Instituto de Ciencias del Mar.<\/p>\n<p>En una \u00e9poca en la que las mujeres apenas ten\u00edan presencia en los laboratorios, Castellv\u00ed particip\u00f3 en la organizaci\u00f3n de la investigaci\u00f3n espa\u00f1ola en la Ant\u00e1rtida, en 1984<\/p>\n<p>La ministra de Ciencia, Innovaci\u00f3n y Universidades, Diana Morant, ha lamentado el fallecimiento de la cient\u00edfica catalana: \u00abSu legado en la ciencia, la investigaci\u00f3n polar y la igualdad en la ciencia inspira a generaciones. Gracias por abrir caminos\u00bb, ha escrito en la red social X.<\/p>\n<p>Tambi\u00e9n la conseller\u00eda de Investigaci\u00f3n y Universidades de la Generalitat ha mostrado su pesar por la muerte \u00abde una de las grandes cient\u00edficas catalanas\u00bb, que a lo largo de su trayectoria recibi\u00f3 numerosas distinciones, como la Medalla de Oro al M\u00e9rito Cient\u00edfico del Ayuntamiento de Barcelona (1996), la Medalla Narc\u00eds Monturiol al M\u00e9rito Cient\u00edfico y Tecnol\u00f3gico de la Generalitat (1996), la Creu de Sant Jordi de la Generalitat (2003) o el Premio de Medio Ambiente del Institut d\u2019Estudis Catalans (2006).<\/p>\n<p>\u00abHoy lloramos la p\u00e9rdida de Josefina Castellv\u00ed (&#8230;) Su legado cient\u00edfico, social y en favor de la sostenibilidad perdurar\u00e1 siempre. Gracias por todo\u00bb, ha dicho en X la consellera de Territorio, Vivienda y Transici\u00f3n Ecol\u00f3gica y portavoz del Govern, S\u00edlvia Paneque.<\/p>\n<p>Tambi\u00e9n los Mossos d&#8217;Esquadra han puesto en valor el legado que deja Castellv\u00ed y han recordado que una de sus embarcaciones patrulla con su nombre<\/p>\n<p>\u00abLa huella en la Ant\u00e1rtida y su legado cient\u00edfico permanecer\u00e1n siempre con nosotros\u00bb, ha se\u00f1alado la Red Vives de Universidades, que promueve la cohesi\u00f3n de la comunidad universitaria y que en 2016 otorg\u00f3 a Castellv\u00ed la Medalla de Honor de la instituci\u00f3n.<\/p>\n<p><a><\/a><\/p>\n<h2>Defensora del medioambiente<\/h2>\n<p>Tambi\u00e9n los Mossos d&#8217;Esquadra han puesto en valor el legado que deja Castellv\u00ed y han recordado que una de sus embarcaciones patrulla con su nombre \u00abcomo s\u00edmbolo de un compromiso rotundo, vivo y presente con la defensa de nuestro entorno marino\u00bb.<\/p>\n<p>Otras entidades e instituciones cient\u00edficas como el CSIC, WWF o el Museo de la Ciencia CosmoCaixa han lamentado la muerte de esta pionera de la investigaci\u00f3n ant\u00e1rtica y referente cient\u00edfica. \u00abOcean\u00f3grafa brillante y ejemplo de determinaci\u00f3n, abri\u00f3 camino a generaciones de bi\u00f3logos\/as\u00bb, ha subrayado el Colegio de Bi\u00f3logos de Catalu\u00f1a.<\/p>\n<p>Retirada profesionalmente desde el a\u00f1o 2000, Josefina Castellv\u00ed continu\u00f3 durante muchos a\u00f1os vinculada a la difusi\u00f3n y la defensa del medioambiente y del continente ant\u00e1rtico<\/p>\n<p>Retirada profesionalmente desde el a\u00f1o 2000, Josefina Castellv\u00ed continu\u00f3 durante muchos a\u00f1os vinculada a la difusi\u00f3n y la defensa del medioambiente y del continente ant\u00e1rtico.<\/p>\n<p>Coincidiendo con el 25 aniversario de la creaci\u00f3n de la Base Ant\u00e1rtica espa\u00f1ola, Castellv\u00ed fue protagonista del documental &#8216;Los recuerdos de hielo&#8217;, de Albert Sol\u00e9, que permiti\u00f3 a la investigadora volver a pisar el continente blanco 25 a\u00f1os despu\u00e9s y verlo por \u00faltima vez.<\/p>","protected":false},"excerpt":{"rendered":"<p>El mundo de la ciencia llora la muerte de la bi\u00f3loga y ocean\u00f3grafa Josefina Castellv\u00ed, directora de la primera base espa\u00f1ola en la Ant\u00e1rtida, quien falleci\u00f3 el pasado lunes, 2 de febrero, en Barcelona a los 90 a\u00f1os. En una \u00e9poca en la que las mujeres apenas ten\u00edan presencia en los laboratorios, Castellv\u00ed (Barcelona, 1935) [&hellip;]<\/p>\n","protected":false},"author":5,"featured_media":0,"comment_status":"","ping_status":"","sticky":false,"template":"","format":"standard","meta":{"site-sidebar-layout":"default","site-content-layout":"","ast-site-content-layout":"default","site-content-style":"default","site-sidebar-style":"default","ast-global-header-display":"","ast-banner-title-visibility":"","ast-main-header-display":"","ast-hfb-above-header-display":"","ast-hfb-below-header-display":"","ast-hfb-mobile-header-display":"","site-post-title":"","ast-breadcrumbs-content":"","ast-featured-img":"","footer-sml-layout":"","ast-disable-related-posts":"","theme-transparent-header-meta":"","adv-header-id-meta":"","stick-header-meta":"","header-above-stick-meta":"","header-main-stick-meta":"","header-below-stick-meta":"","astra-migrate-meta-layouts":"default","ast-page-background-enabled":"default","ast-page-background-meta":{"desktop":{"background-color":"var(--ast-global-color-4)","background-image":"","background-repeat":"repeat","background-position":"center center","background-size":"auto","background-attachment":"scroll","background-type":"","background-media":"","overlay-type":"","overlay-color":"","overlay-opacity":"","overlay-gradient":""},"tablet":{"background-color":"","background-image":"","background-repeat":"repeat","background-position":"center center","background-size":"auto","background-attachment":"scroll","background-type":"","background-media":"","overlay-type":"","overlay-color":"","overlay-opacity":"","overlay-gradient":""},"mobile":{"background-color":"","background-image":"","background-repeat":"repeat","background-position":"center center","background-size":"auto","background-attachment":"scroll","background-type":"","background-media":"","overlay-type":"","overlay-color":"","overlay-opacity":"","overlay-gradient":""}},"ast-content-background-meta":{"desktop":{"background-color":"var(--ast-global-color-5)","background-image":"","background-repeat":"repeat","background-position":"center center","background-size":"auto","background-attachment":"scroll","background-type":"","background-media":"","overlay-type":"","overlay-color":"","overlay-opacity":"","overlay-gradient":""},"tablet":{"background-color":"var(--ast-global-color-5)","background-image":"","background-repeat":"repeat","background-position":"center center","background-size":"auto","background-attachment":"scroll","background-type":"","background-media":"","overlay-type":"","overlay-color":"","overlay-opacity":"","overlay-gradient":""},"mobile":{"background-color":"var(--ast-global-color-5)","background-image":"","background-repeat":"repeat","background-position":"center center","background-size":"auto","background-attachment":"scroll","background-type":"","background-media":"","overlay-type":"","overlay-color":"","overlay-opacity":"","overlay-gradient":""}},"footnotes":""},"categories":[5],"tags":[],"class_list":["post-197993","post","type-post","status-publish","format-standard","hentry","category-noticias"],"yoast_head":"<!-- This site is optimized with the Yoast SEO Premium plugin v20.9 (Yoast SEO v27.4) - https:\/\/yoast.com\/product\/yoast-seo-premium-wordpress\/ -->\n<title>El mundo de la ciencia llora la muerte de Josefina Castellv\u00ed, pionera de la Ant\u00e1rtida - bip4ex<\/title>\n<meta name=\"robots\" content=\"index, follow, max-snippet:-1, max-image-preview:large, max-video-preview:-1\" \/>\n<link rel=\"canonical\" href=\"https:\/\/helloproject.es\/vigilancia\/el-mundo-de-la-ciencia-llora-la-muerte-de-josefina-castellvi-pionera-de-la-antartida\/\" \/>\n<meta property=\"og:locale\" content=\"es_ES\" \/>\n<meta property=\"og:type\" content=\"article\" \/>\n<meta property=\"og:title\" content=\"El mundo de la ciencia llora la muerte de Josefina Castellv\u00ed, pionera de la Ant\u00e1rtida\" \/>\n<meta property=\"og:description\" content=\"El mundo de la ciencia llora la muerte de la bi\u00f3loga y ocean\u00f3grafa Josefina Castellv\u00ed, directora de la primera base espa\u00f1ola en la Ant\u00e1rtida, quien falleci\u00f3 el pasado lunes, 2 de febrero, en Barcelona a los 90 a\u00f1os. En una \u00e9poca en la que las mujeres apenas ten\u00edan presencia en los laboratorios, Castellv\u00ed (Barcelona, 1935) [&hellip;]\" \/>\n<meta property=\"og:url\" content=\"https:\/\/helloproject.es\/vigilancia\/el-mundo-de-la-ciencia-llora-la-muerte-de-josefina-castellvi-pionera-de-la-antartida\/\" \/>\n<meta property=\"og:site_name\" content=\"bip4ex\" \/>\n<meta property=\"article:published_time\" content=\"2026-02-06T10:28:29+00:00\" \/>\n<meta name=\"author\" content=\"Luis Miguel Mej\u00edas Ramos\" \/>\n<meta name=\"twitter:card\" content=\"summary_large_image\" \/>\n<meta name=\"twitter:label1\" content=\"Escrito por\" \/>\n\t<meta name=\"twitter:data1\" content=\"Luis Miguel Mej\u00edas Ramos\" \/>\n\t<meta name=\"twitter:label2\" content=\"Tiempo de lectura\" \/>\n\t<meta name=\"twitter:data2\" content=\"3 minutos\" \/>\n<script type=\"application\/ld+json\" class=\"yoast-schema-graph\">{\"@context\":\"https:\\\/\\\/schema.org\",\"@graph\":[{\"@type\":\"Article\",\"@id\":\"https:\\\/\\\/helloproject.es\\\/vigilancia\\\/el-mundo-de-la-ciencia-llora-la-muerte-de-josefina-castellvi-pionera-de-la-antartida\\\/#article\",\"isPartOf\":{\"@id\":\"https:\\\/\\\/helloproject.es\\\/vigilancia\\\/el-mundo-de-la-ciencia-llora-la-muerte-de-josefina-castellvi-pionera-de-la-antartida\\\/\"},\"author\":{\"name\":\"Luis Miguel Mej\u00edas Ramos\",\"@id\":\"https:\\\/\\\/helloproject.es\\\/vigilancia\\\/#\\\/schema\\\/person\\\/3767b0619d59a11570372c821f8619ca\"},\"headline\":\"El mundo de la ciencia llora la muerte de Josefina Castellv\u00ed, pionera de la Ant\u00e1rtida\",\"datePublished\":\"2026-02-06T10:28:29+00:00\",\"mainEntityOfPage\":{\"@id\":\"https:\\\/\\\/helloproject.es\\\/vigilancia\\\/el-mundo-de-la-ciencia-llora-la-muerte-de-josefina-castellvi-pionera-de-la-antartida\\\/\"},\"wordCount\":635,\"publisher\":{\"@id\":\"https:\\\/\\\/helloproject.es\\\/vigilancia\\\/#organization\"},\"articleSection\":[\"Noticias\"],\"inLanguage\":\"es\"},{\"@type\":\"WebPage\",\"@id\":\"https:\\\/\\\/helloproject.es\\\/vigilancia\\\/el-mundo-de-la-ciencia-llora-la-muerte-de-josefina-castellvi-pionera-de-la-antartida\\\/\",\"url\":\"https:\\\/\\\/helloproject.es\\\/vigilancia\\\/el-mundo-de-la-ciencia-llora-la-muerte-de-josefina-castellvi-pionera-de-la-antartida\\\/\",\"name\":\"El mundo de la ciencia llora la muerte de Josefina Castellv\u00ed, pionera de la Ant\u00e1rtida - bip4ex\",\"isPartOf\":{\"@id\":\"https:\\\/\\\/helloproject.es\\\/vigilancia\\\/#website\"},\"datePublished\":\"2026-02-06T10:28:29+00:00\",\"breadcrumb\":{\"@id\":\"https:\\\/\\\/helloproject.es\\\/vigilancia\\\/el-mundo-de-la-ciencia-llora-la-muerte-de-josefina-castellvi-pionera-de-la-antartida\\\/#breadcrumb\"},\"inLanguage\":\"es\",\"potentialAction\":[{\"@type\":\"ReadAction\",\"target\":[\"https:\\\/\\\/helloproject.es\\\/vigilancia\\\/el-mundo-de-la-ciencia-llora-la-muerte-de-josefina-castellvi-pionera-de-la-antartida\\\/\"]}]},{\"@type\":\"BreadcrumbList\",\"@id\":\"https:\\\/\\\/helloproject.es\\\/vigilancia\\\/el-mundo-de-la-ciencia-llora-la-muerte-de-josefina-castellvi-pionera-de-la-antartida\\\/#breadcrumb\",\"itemListElement\":[{\"@type\":\"ListItem\",\"position\":1,\"name\":\"Home\",\"item\":\"https:\\\/\\\/helloproject.es\\\/vigilancia\\\/\"},{\"@type\":\"ListItem\",\"position\":2,\"name\":\"El mundo de la ciencia llora la muerte de Josefina Castellv\u00ed, pionera de la Ant\u00e1rtida\"}]},{\"@type\":\"WebSite\",\"@id\":\"https:\\\/\\\/helloproject.es\\\/vigilancia\\\/#website\",\"url\":\"https:\\\/\\\/helloproject.es\\\/vigilancia\\\/\",\"name\":\"bip4ex\",\"description\":\"Vigilancia Tecnol\u00f3gica\",\"publisher\":{\"@id\":\"https:\\\/\\\/helloproject.es\\\/vigilancia\\\/#organization\"},\"potentialAction\":[{\"@type\":\"SearchAction\",\"target\":{\"@type\":\"EntryPoint\",\"urlTemplate\":\"https:\\\/\\\/helloproject.es\\\/vigilancia\\\/?s={search_term_string}\"},\"query-input\":{\"@type\":\"PropertyValueSpecification\",\"valueRequired\":true,\"valueName\":\"search_term_string\"}}],\"inLanguage\":\"es\"},{\"@type\":\"Organization\",\"@id\":\"https:\\\/\\\/helloproject.es\\\/vigilancia\\\/#organization\",\"name\":\"Helloproject.es\",\"url\":\"https:\\\/\\\/helloproject.es\\\/vigilancia\\\/\",\"logo\":{\"@type\":\"ImageObject\",\"inLanguage\":\"es\",\"@id\":\"https:\\\/\\\/helloproject.es\\\/vigilancia\\\/#\\\/schema\\\/logo\\\/image\\\/\",\"url\":\"https:\\\/\\\/helloproject.es\\\/vigilancia\\\/wp-content\\\/uploads\\\/2023\\\/07\\\/bip4ex.png\",\"contentUrl\":\"https:\\\/\\\/helloproject.es\\\/vigilancia\\\/wp-content\\\/uploads\\\/2023\\\/07\\\/bip4ex.png\",\"width\":322,\"height\":365,\"caption\":\"Helloproject.es\"},\"image\":{\"@id\":\"https:\\\/\\\/helloproject.es\\\/vigilancia\\\/#\\\/schema\\\/logo\\\/image\\\/\"}},{\"@type\":\"Person\",\"@id\":\"https:\\\/\\\/helloproject.es\\\/vigilancia\\\/#\\\/schema\\\/person\\\/3767b0619d59a11570372c821f8619ca\",\"name\":\"Luis Miguel Mej\u00edas Ramos\",\"url\":\"https:\\\/\\\/helloproject.es\\\/vigilancia\\\/author\\\/luismi\\\/\"}]}<\/script>\n<!-- \/ Yoast SEO Premium plugin. -->","yoast_head_json":{"title":"El mundo de la ciencia llora la muerte de Josefina Castellv\u00ed, pionera de la Ant\u00e1rtida - bip4ex","robots":{"index":"index","follow":"follow","max-snippet":"max-snippet:-1","max-image-preview":"max-image-preview:large","max-video-preview":"max-video-preview:-1"},"canonical":"https:\/\/helloproject.es\/vigilancia\/el-mundo-de-la-ciencia-llora-la-muerte-de-josefina-castellvi-pionera-de-la-antartida\/","og_locale":"es_ES","og_type":"article","og_title":"El mundo de la ciencia llora la muerte de Josefina Castellv\u00ed, pionera de la Ant\u00e1rtida","og_description":"El mundo de la ciencia llora la muerte de la bi\u00f3loga y ocean\u00f3grafa Josefina Castellv\u00ed, directora de la primera base espa\u00f1ola en la Ant\u00e1rtida, quien falleci\u00f3 el pasado lunes, 2 de febrero, en Barcelona a los 90 a\u00f1os. En una \u00e9poca en la que las mujeres apenas ten\u00edan presencia en los laboratorios, Castellv\u00ed (Barcelona, 1935) [&hellip;]","og_url":"https:\/\/helloproject.es\/vigilancia\/el-mundo-de-la-ciencia-llora-la-muerte-de-josefina-castellvi-pionera-de-la-antartida\/","og_site_name":"bip4ex","article_published_time":"2026-02-06T10:28:29+00:00","author":"Luis Miguel Mej\u00edas Ramos","twitter_card":"summary_large_image","twitter_misc":{"Escrito por":"Luis Miguel Mej\u00edas Ramos","Tiempo de lectura":"3 minutos"},"schema":{"@context":"https:\/\/schema.org","@graph":[{"@type":"Article","@id":"https:\/\/helloproject.es\/vigilancia\/el-mundo-de-la-ciencia-llora-la-muerte-de-josefina-castellvi-pionera-de-la-antartida\/#article","isPartOf":{"@id":"https:\/\/helloproject.es\/vigilancia\/el-mundo-de-la-ciencia-llora-la-muerte-de-josefina-castellvi-pionera-de-la-antartida\/"},"author":{"name":"Luis Miguel Mej\u00edas Ramos","@id":"https:\/\/helloproject.es\/vigilancia\/#\/schema\/person\/3767b0619d59a11570372c821f8619ca"},"headline":"El mundo de la ciencia llora la muerte de Josefina Castellv\u00ed, pionera de la Ant\u00e1rtida","datePublished":"2026-02-06T10:28:29+00:00","mainEntityOfPage":{"@id":"https:\/\/helloproject.es\/vigilancia\/el-mundo-de-la-ciencia-llora-la-muerte-de-josefina-castellvi-pionera-de-la-antartida\/"},"wordCount":635,"publisher":{"@id":"https:\/\/helloproject.es\/vigilancia\/#organization"},"articleSection":["Noticias"],"inLanguage":"es"},{"@type":"WebPage","@id":"https:\/\/helloproject.es\/vigilancia\/el-mundo-de-la-ciencia-llora-la-muerte-de-josefina-castellvi-pionera-de-la-antartida\/","url":"https:\/\/helloproject.es\/vigilancia\/el-mundo-de-la-ciencia-llora-la-muerte-de-josefina-castellvi-pionera-de-la-antartida\/","name":"El mundo de la ciencia llora la muerte de Josefina Castellv\u00ed, pionera de la Ant\u00e1rtida - bip4ex","isPartOf":{"@id":"https:\/\/helloproject.es\/vigilancia\/#website"},"datePublished":"2026-02-06T10:28:29+00:00","breadcrumb":{"@id":"https:\/\/helloproject.es\/vigilancia\/el-mundo-de-la-ciencia-llora-la-muerte-de-josefina-castellvi-pionera-de-la-antartida\/#breadcrumb"},"inLanguage":"es","potentialAction":[{"@type":"ReadAction","target":["https:\/\/helloproject.es\/vigilancia\/el-mundo-de-la-ciencia-llora-la-muerte-de-josefina-castellvi-pionera-de-la-antartida\/"]}]},{"@type":"BreadcrumbList","@id":"https:\/\/helloproject.es\/vigilancia\/el-mundo-de-la-ciencia-llora-la-muerte-de-josefina-castellvi-pionera-de-la-antartida\/#breadcrumb","itemListElement":[{"@type":"ListItem","position":1,"name":"Home","item":"https:\/\/helloproject.es\/vigilancia\/"},{"@type":"ListItem","position":2,"name":"El mundo de la ciencia llora la muerte de Josefina Castellv\u00ed, pionera de la Ant\u00e1rtida"}]},{"@type":"WebSite","@id":"https:\/\/helloproject.es\/vigilancia\/#website","url":"https:\/\/helloproject.es\/vigilancia\/","name":"bip4ex","description":"Vigilancia Tecnol\u00f3gica","publisher":{"@id":"https:\/\/helloproject.es\/vigilancia\/#organization"},"potentialAction":[{"@type":"SearchAction","target":{"@type":"EntryPoint","urlTemplate":"https:\/\/helloproject.es\/vigilancia\/?s={search_term_string}"},"query-input":{"@type":"PropertyValueSpecification","valueRequired":true,"valueName":"search_term_string"}}],"inLanguage":"es"},{"@type":"Organization","@id":"https:\/\/helloproject.es\/vigilancia\/#organization","name":"Helloproject.es","url":"https:\/\/helloproject.es\/vigilancia\/","logo":{"@type":"ImageObject","inLanguage":"es","@id":"https:\/\/helloproject.es\/vigilancia\/#\/schema\/logo\/image\/","url":"https:\/\/helloproject.es\/vigilancia\/wp-content\/uploads\/2023\/07\/bip4ex.png","contentUrl":"https:\/\/helloproject.es\/vigilancia\/wp-content\/uploads\/2023\/07\/bip4ex.png","width":322,"height":365,"caption":"Helloproject.es"},"image":{"@id":"https:\/\/helloproject.es\/vigilancia\/#\/schema\/logo\/image\/"}},{"@type":"Person","@id":"https:\/\/helloproject.es\/vigilancia\/#\/schema\/person\/3767b0619d59a11570372c821f8619ca","name":"Luis Miguel Mej\u00edas Ramos","url":"https:\/\/helloproject.es\/vigilancia\/author\/luismi\/"}]}},"_links":{"self":[{"href":"https:\/\/helloproject.es\/vigilancia\/wp-json\/wp\/v2\/posts\/197993","targetHints":{"allow":["GET"]}}],"collection":[{"href":"https:\/\/helloproject.es\/vigilancia\/wp-json\/wp\/v2\/posts"}],"about":[{"href":"https:\/\/helloproject.es\/vigilancia\/wp-json\/wp\/v2\/types\/post"}],"author":[{"embeddable":true,"href":"https:\/\/helloproject.es\/vigilancia\/wp-json\/wp\/v2\/users\/5"}],"replies":[{"embeddable":true,"href":"https:\/\/helloproject.es\/vigilancia\/wp-json\/wp\/v2\/comments?post=197993"}],"version-history":[{"count":0,"href":"https:\/\/helloproject.es\/vigilancia\/wp-json\/wp\/v2\/posts\/197993\/revisions"}],"wp:attachment":[{"href":"https:\/\/helloproject.es\/vigilancia\/wp-json\/wp\/v2\/media?parent=197993"}],"wp:term":[{"taxonomy":"category","embeddable":true,"href":"https:\/\/helloproject.es\/vigilancia\/wp-json\/wp\/v2\/categories?post=197993"},{"taxonomy":"post_tag","embeddable":true,"href":"https:\/\/helloproject.es\/vigilancia\/wp-json\/wp\/v2\/tags?post=197993"}],"curies":[{"name":"wp","href":"https:\/\/api.w.org\/{rel}","templated":true}]}}