{"id":198046,"date":"2026-02-09T16:30:10","date_gmt":"2026-02-09T15:30:10","guid":{"rendered":"https:\/\/helloproject.es\/vigilancia\/accesibilidad-y-acondicionamiento-en-los-entornos-del-castillo-de-belmonte-de-campos\/"},"modified":"2026-02-09T16:30:10","modified_gmt":"2026-02-09T15:30:10","slug":"accesibilidad-y-acondicionamiento-en-los-entornos-del-castillo-de-belmonte-de-campos","status":"publish","type":"post","link":"https:\/\/helloproject.es\/vigilancia\/accesibilidad-y-acondicionamiento-en-los-entornos-del-castillo-de-belmonte-de-campos\/","title":{"rendered":"Accesibilidad y acondicionamiento en los entornos del Castillo de Belmonte de Campos"},"content":{"rendered":"<p><span>Accesibilidad y acondicionamiento en los entornos del Castillo de Belmonte de Campos<\/span><\/p>\n<div>\n<div>Fecha de noticia<\/div>\n<div><time datetime=\"2026-02-09T12:00:00Z\">Lunes, 09 de Febrero de 2026<\/time>\n<\/div>\n<\/div>\n<p><span><span>prensa<\/span><\/span><br \/>\n<span><time datetime=\"2026-02-09T14:50:18+01:00\" title=\"Lunes, Febrero 9, 2026 - 14:50\">Lun, 09\/02\/2026 &#8211; 14:50<\/time><br \/>\n<\/span><\/p>\n<div>Mejora de la accesibilidad y el acondicionamiento en los entornos del Castillo de Belmonte de Campos<\/div>\n<div>\n<ul>\n<li><span>La presidenta de la Diputaci\u00f3n de Palencia, \u00c1ngeles Armis\u00e9n, acompa\u00f1ada del diputado de Acci\u00f3n Territorial, Urbano Alonso, y del diputado de zona, Luis Calder\u00f3n, ha mantenido una reuni\u00f3n institucional con el alcalde de Belmonte de Campos, Jes\u00fas Alfonso, en el Ayuntamiento de la localidad, con el objetivo de escuchar las demandas y necesidades del municipio.<\/span><\/li>\n<\/ul>\n<\/div>","protected":false},"excerpt":{"rendered":"<p>Accesibilidad y acondicionamiento en los entornos del Castillo de Belmonte de Campos Fecha de noticia Lunes, 09 de Febrero de 2026 prensa Lun, 09\/02\/2026 &#8211; 14:50 Mejora de la accesibilidad y el acondicionamiento en los entornos del Castillo de Belmonte de Campos La presidenta de la Diputaci\u00f3n de Palencia, \u00c1ngeles Armis\u00e9n, acompa\u00f1ada del diputado de [&hellip;]<\/p>\n","protected":false},"author":5,"featured_media":0,"comment_status":"","ping_status":"","sticky":false,"template":"","format":"standard","meta":{"site-sidebar-layout":"default","site-content-layout":"","ast-site-content-layout":"default","site-content-style":"default","site-sidebar-style":"default","ast-global-header-display":"","ast-banner-title-visibility":"","ast-main-header-display":"","ast-hfb-above-header-display":"","ast-hfb-below-header-display":"","ast-hfb-mobile-header-display":"","site-post-title":"","ast-breadcrumbs-content":"","ast-featured-img":"","footer-sml-layout":"","ast-disable-related-posts":"","theme-transparent-header-meta":"","adv-header-id-meta":"","stick-header-meta":"","header-above-stick-meta":"","header-main-stick-meta":"","header-below-stick-meta":"","astra-migrate-meta-layouts":"default","ast-page-background-enabled":"default","ast-page-background-meta":{"desktop":{"background-color":"var(--ast-global-color-4)","background-image":"","background-repeat":"repeat","background-position":"center center","background-size":"auto","background-attachment":"scroll","background-type":"","background-media":"","overlay-type":"","overlay-color":"","overlay-opacity":"","overlay-gradient":""},"tablet":{"background-color":"","background-image":"","background-repeat":"repeat","background-position":"center center","background-size":"auto","background-attachment":"scroll","background-type":"","background-media":"","overlay-type":"","overlay-color":"","overlay-opacity":"","overlay-gradient":""},"mobile":{"background-color":"","background-image":"","background-repeat":"repeat","background-position":"center center","background-size":"auto","background-attachment":"scroll","background-type":"","background-media":"","overlay-type":"","overlay-color":"","overlay-opacity":"","overlay-gradient":""}},"ast-content-background-meta":{"desktop":{"background-color":"var(--ast-global-color-5)","background-image":"","background-repeat":"repeat","background-position":"center center","background-size":"auto","background-attachment":"scroll","background-type":"","background-media":"","overlay-type":"","overlay-color":"","overlay-opacity":"","overlay-gradient":""},"tablet":{"background-color":"var(--ast-global-color-5)","background-image":"","background-repeat":"repeat","background-position":"center center","background-size":"auto","background-attachment":"scroll","background-type":"","background-media":"","overlay-type":"","overlay-color":"","overlay-opacity":"","overlay-gradient":""},"mobile":{"background-color":"var(--ast-global-color-5)","background-image":"","background-repeat":"repeat","background-position":"center center","background-size":"auto","background-attachment":"scroll","background-type":"","background-media":"","overlay-type":"","overlay-color":"","overlay-opacity":"","overlay-gradient":""}},"footnotes":""},"categories":[5],"tags":[],"class_list":["post-198046","post","type-post","status-publish","format-standard","hentry","category-noticias"],"yoast_head":"<!-- This site is optimized with the Yoast SEO Premium plugin v20.9 (Yoast SEO v27.4) - https:\/\/yoast.com\/product\/yoast-seo-premium-wordpress\/ -->\n<title>Accesibilidad y acondicionamiento en los entornos del Castillo de Belmonte de Campos - bip4ex<\/title>\n<meta name=\"robots\" content=\"index, follow, max-snippet:-1, max-image-preview:large, max-video-preview:-1\" \/>\n<link rel=\"canonical\" href=\"https:\/\/helloproject.es\/vigilancia\/accesibilidad-y-acondicionamiento-en-los-entornos-del-castillo-de-belmonte-de-campos\/\" \/>\n<meta property=\"og:locale\" content=\"es_ES\" \/>\n<meta property=\"og:type\" content=\"article\" \/>\n<meta property=\"og:title\" content=\"Accesibilidad y acondicionamiento en los entornos del Castillo de Belmonte de Campos\" \/>\n<meta property=\"og:description\" content=\"Accesibilidad y acondicionamiento en los entornos del Castillo de Belmonte de Campos Fecha de noticia Lunes, 09 de Febrero de 2026 prensa Lun, 09\/02\/2026 &#8211; 14:50 Mejora de la accesibilidad y el acondicionamiento en los entornos del Castillo de Belmonte de Campos La presidenta de la Diputaci\u00f3n de Palencia, \u00c1ngeles Armis\u00e9n, acompa\u00f1ada del diputado de [&hellip;]\" \/>\n<meta property=\"og:url\" content=\"https:\/\/helloproject.es\/vigilancia\/accesibilidad-y-acondicionamiento-en-los-entornos-del-castillo-de-belmonte-de-campos\/\" \/>\n<meta property=\"og:site_name\" content=\"bip4ex\" \/>\n<meta property=\"article:published_time\" content=\"2026-02-09T15:30:10+00:00\" \/>\n<meta name=\"author\" content=\"Luis Miguel Mej\u00edas Ramos\" \/>\n<meta name=\"twitter:card\" content=\"summary_large_image\" \/>\n<meta name=\"twitter:label1\" content=\"Escrito por\" \/>\n\t<meta name=\"twitter:data1\" content=\"Luis Miguel Mej\u00edas Ramos\" \/>\n\t<meta name=\"twitter:label2\" content=\"Tiempo de lectura\" \/>\n\t<meta name=\"twitter:data2\" content=\"1 minuto\" \/>\n<script type=\"application\/ld+json\" class=\"yoast-schema-graph\">{\"@context\":\"https:\\\/\\\/schema.org\",\"@graph\":[{\"@type\":\"Article\",\"@id\":\"https:\\\/\\\/helloproject.es\\\/vigilancia\\\/accesibilidad-y-acondicionamiento-en-los-entornos-del-castillo-de-belmonte-de-campos\\\/#article\",\"isPartOf\":{\"@id\":\"https:\\\/\\\/helloproject.es\\\/vigilancia\\\/accesibilidad-y-acondicionamiento-en-los-entornos-del-castillo-de-belmonte-de-campos\\\/\"},\"author\":{\"name\":\"Luis Miguel Mej\u00edas Ramos\",\"@id\":\"https:\\\/\\\/helloproject.es\\\/vigilancia\\\/#\\\/schema\\\/person\\\/3767b0619d59a11570372c821f8619ca\"},\"headline\":\"Accesibilidad y acondicionamiento en los entornos del Castillo de Belmonte de Campos\",\"datePublished\":\"2026-02-09T15:30:10+00:00\",\"mainEntityOfPage\":{\"@id\":\"https:\\\/\\\/helloproject.es\\\/vigilancia\\\/accesibilidad-y-acondicionamiento-en-los-entornos-del-castillo-de-belmonte-de-campos\\\/\"},\"wordCount\":112,\"publisher\":{\"@id\":\"https:\\\/\\\/helloproject.es\\\/vigilancia\\\/#organization\"},\"articleSection\":[\"Noticias\"],\"inLanguage\":\"es\"},{\"@type\":\"WebPage\",\"@id\":\"https:\\\/\\\/helloproject.es\\\/vigilancia\\\/accesibilidad-y-acondicionamiento-en-los-entornos-del-castillo-de-belmonte-de-campos\\\/\",\"url\":\"https:\\\/\\\/helloproject.es\\\/vigilancia\\\/accesibilidad-y-acondicionamiento-en-los-entornos-del-castillo-de-belmonte-de-campos\\\/\",\"name\":\"Accesibilidad y acondicionamiento en los entornos del Castillo de Belmonte de Campos - bip4ex\",\"isPartOf\":{\"@id\":\"https:\\\/\\\/helloproject.es\\\/vigilancia\\\/#website\"},\"datePublished\":\"2026-02-09T15:30:10+00:00\",\"breadcrumb\":{\"@id\":\"https:\\\/\\\/helloproject.es\\\/vigilancia\\\/accesibilidad-y-acondicionamiento-en-los-entornos-del-castillo-de-belmonte-de-campos\\\/#breadcrumb\"},\"inLanguage\":\"es\",\"potentialAction\":[{\"@type\":\"ReadAction\",\"target\":[\"https:\\\/\\\/helloproject.es\\\/vigilancia\\\/accesibilidad-y-acondicionamiento-en-los-entornos-del-castillo-de-belmonte-de-campos\\\/\"]}]},{\"@type\":\"BreadcrumbList\",\"@id\":\"https:\\\/\\\/helloproject.es\\\/vigilancia\\\/accesibilidad-y-acondicionamiento-en-los-entornos-del-castillo-de-belmonte-de-campos\\\/#breadcrumb\",\"itemListElement\":[{\"@type\":\"ListItem\",\"position\":1,\"name\":\"Home\",\"item\":\"https:\\\/\\\/helloproject.es\\\/vigilancia\\\/\"},{\"@type\":\"ListItem\",\"position\":2,\"name\":\"Accesibilidad y acondicionamiento en los entornos del Castillo de Belmonte de Campos\"}]},{\"@type\":\"WebSite\",\"@id\":\"https:\\\/\\\/helloproject.es\\\/vigilancia\\\/#website\",\"url\":\"https:\\\/\\\/helloproject.es\\\/vigilancia\\\/\",\"name\":\"bip4ex\",\"description\":\"Vigilancia Tecnol\u00f3gica\",\"publisher\":{\"@id\":\"https:\\\/\\\/helloproject.es\\\/vigilancia\\\/#organization\"},\"potentialAction\":[{\"@type\":\"SearchAction\",\"target\":{\"@type\":\"EntryPoint\",\"urlTemplate\":\"https:\\\/\\\/helloproject.es\\\/vigilancia\\\/?s={search_term_string}\"},\"query-input\":{\"@type\":\"PropertyValueSpecification\",\"valueRequired\":true,\"valueName\":\"search_term_string\"}}],\"inLanguage\":\"es\"},{\"@type\":\"Organization\",\"@id\":\"https:\\\/\\\/helloproject.es\\\/vigilancia\\\/#organization\",\"name\":\"Helloproject.es\",\"url\":\"https:\\\/\\\/helloproject.es\\\/vigilancia\\\/\",\"logo\":{\"@type\":\"ImageObject\",\"inLanguage\":\"es\",\"@id\":\"https:\\\/\\\/helloproject.es\\\/vigilancia\\\/#\\\/schema\\\/logo\\\/image\\\/\",\"url\":\"https:\\\/\\\/helloproject.es\\\/vigilancia\\\/wp-content\\\/uploads\\\/2023\\\/07\\\/bip4ex.png\",\"contentUrl\":\"https:\\\/\\\/helloproject.es\\\/vigilancia\\\/wp-content\\\/uploads\\\/2023\\\/07\\\/bip4ex.png\",\"width\":322,\"height\":365,\"caption\":\"Helloproject.es\"},\"image\":{\"@id\":\"https:\\\/\\\/helloproject.es\\\/vigilancia\\\/#\\\/schema\\\/logo\\\/image\\\/\"}},{\"@type\":\"Person\",\"@id\":\"https:\\\/\\\/helloproject.es\\\/vigilancia\\\/#\\\/schema\\\/person\\\/3767b0619d59a11570372c821f8619ca\",\"name\":\"Luis Miguel Mej\u00edas Ramos\",\"url\":\"https:\\\/\\\/helloproject.es\\\/vigilancia\\\/author\\\/luismi\\\/\"}]}<\/script>\n<!-- \/ Yoast SEO Premium plugin. -->","yoast_head_json":{"title":"Accesibilidad y acondicionamiento en los entornos del Castillo de Belmonte de Campos - bip4ex","robots":{"index":"index","follow":"follow","max-snippet":"max-snippet:-1","max-image-preview":"max-image-preview:large","max-video-preview":"max-video-preview:-1"},"canonical":"https:\/\/helloproject.es\/vigilancia\/accesibilidad-y-acondicionamiento-en-los-entornos-del-castillo-de-belmonte-de-campos\/","og_locale":"es_ES","og_type":"article","og_title":"Accesibilidad y acondicionamiento en los entornos del Castillo de Belmonte de Campos","og_description":"Accesibilidad y acondicionamiento en los entornos del Castillo de Belmonte de Campos Fecha de noticia Lunes, 09 de Febrero de 2026 prensa Lun, 09\/02\/2026 &#8211; 14:50 Mejora de la accesibilidad y el acondicionamiento en los entornos del Castillo de Belmonte de Campos La presidenta de la Diputaci\u00f3n de Palencia, \u00c1ngeles Armis\u00e9n, acompa\u00f1ada del diputado de [&hellip;]","og_url":"https:\/\/helloproject.es\/vigilancia\/accesibilidad-y-acondicionamiento-en-los-entornos-del-castillo-de-belmonte-de-campos\/","og_site_name":"bip4ex","article_published_time":"2026-02-09T15:30:10+00:00","author":"Luis Miguel Mej\u00edas Ramos","twitter_card":"summary_large_image","twitter_misc":{"Escrito por":"Luis Miguel Mej\u00edas Ramos","Tiempo de lectura":"1 minuto"},"schema":{"@context":"https:\/\/schema.org","@graph":[{"@type":"Article","@id":"https:\/\/helloproject.es\/vigilancia\/accesibilidad-y-acondicionamiento-en-los-entornos-del-castillo-de-belmonte-de-campos\/#article","isPartOf":{"@id":"https:\/\/helloproject.es\/vigilancia\/accesibilidad-y-acondicionamiento-en-los-entornos-del-castillo-de-belmonte-de-campos\/"},"author":{"name":"Luis Miguel Mej\u00edas Ramos","@id":"https:\/\/helloproject.es\/vigilancia\/#\/schema\/person\/3767b0619d59a11570372c821f8619ca"},"headline":"Accesibilidad y acondicionamiento en los entornos del Castillo de Belmonte de Campos","datePublished":"2026-02-09T15:30:10+00:00","mainEntityOfPage":{"@id":"https:\/\/helloproject.es\/vigilancia\/accesibilidad-y-acondicionamiento-en-los-entornos-del-castillo-de-belmonte-de-campos\/"},"wordCount":112,"publisher":{"@id":"https:\/\/helloproject.es\/vigilancia\/#organization"},"articleSection":["Noticias"],"inLanguage":"es"},{"@type":"WebPage","@id":"https:\/\/helloproject.es\/vigilancia\/accesibilidad-y-acondicionamiento-en-los-entornos-del-castillo-de-belmonte-de-campos\/","url":"https:\/\/helloproject.es\/vigilancia\/accesibilidad-y-acondicionamiento-en-los-entornos-del-castillo-de-belmonte-de-campos\/","name":"Accesibilidad y acondicionamiento en los entornos del Castillo de Belmonte de Campos - bip4ex","isPartOf":{"@id":"https:\/\/helloproject.es\/vigilancia\/#website"},"datePublished":"2026-02-09T15:30:10+00:00","breadcrumb":{"@id":"https:\/\/helloproject.es\/vigilancia\/accesibilidad-y-acondicionamiento-en-los-entornos-del-castillo-de-belmonte-de-campos\/#breadcrumb"},"inLanguage":"es","potentialAction":[{"@type":"ReadAction","target":["https:\/\/helloproject.es\/vigilancia\/accesibilidad-y-acondicionamiento-en-los-entornos-del-castillo-de-belmonte-de-campos\/"]}]},{"@type":"BreadcrumbList","@id":"https:\/\/helloproject.es\/vigilancia\/accesibilidad-y-acondicionamiento-en-los-entornos-del-castillo-de-belmonte-de-campos\/#breadcrumb","itemListElement":[{"@type":"ListItem","position":1,"name":"Home","item":"https:\/\/helloproject.es\/vigilancia\/"},{"@type":"ListItem","position":2,"name":"Accesibilidad y acondicionamiento en los entornos del Castillo de Belmonte de Campos"}]},{"@type":"WebSite","@id":"https:\/\/helloproject.es\/vigilancia\/#website","url":"https:\/\/helloproject.es\/vigilancia\/","name":"bip4ex","description":"Vigilancia Tecnol\u00f3gica","publisher":{"@id":"https:\/\/helloproject.es\/vigilancia\/#organization"},"potentialAction":[{"@type":"SearchAction","target":{"@type":"EntryPoint","urlTemplate":"https:\/\/helloproject.es\/vigilancia\/?s={search_term_string}"},"query-input":{"@type":"PropertyValueSpecification","valueRequired":true,"valueName":"search_term_string"}}],"inLanguage":"es"},{"@type":"Organization","@id":"https:\/\/helloproject.es\/vigilancia\/#organization","name":"Helloproject.es","url":"https:\/\/helloproject.es\/vigilancia\/","logo":{"@type":"ImageObject","inLanguage":"es","@id":"https:\/\/helloproject.es\/vigilancia\/#\/schema\/logo\/image\/","url":"https:\/\/helloproject.es\/vigilancia\/wp-content\/uploads\/2023\/07\/bip4ex.png","contentUrl":"https:\/\/helloproject.es\/vigilancia\/wp-content\/uploads\/2023\/07\/bip4ex.png","width":322,"height":365,"caption":"Helloproject.es"},"image":{"@id":"https:\/\/helloproject.es\/vigilancia\/#\/schema\/logo\/image\/"}},{"@type":"Person","@id":"https:\/\/helloproject.es\/vigilancia\/#\/schema\/person\/3767b0619d59a11570372c821f8619ca","name":"Luis Miguel Mej\u00edas Ramos","url":"https:\/\/helloproject.es\/vigilancia\/author\/luismi\/"}]}},"_links":{"self":[{"href":"https:\/\/helloproject.es\/vigilancia\/wp-json\/wp\/v2\/posts\/198046","targetHints":{"allow":["GET"]}}],"collection":[{"href":"https:\/\/helloproject.es\/vigilancia\/wp-json\/wp\/v2\/posts"}],"about":[{"href":"https:\/\/helloproject.es\/vigilancia\/wp-json\/wp\/v2\/types\/post"}],"author":[{"embeddable":true,"href":"https:\/\/helloproject.es\/vigilancia\/wp-json\/wp\/v2\/users\/5"}],"replies":[{"embeddable":true,"href":"https:\/\/helloproject.es\/vigilancia\/wp-json\/wp\/v2\/comments?post=198046"}],"version-history":[{"count":0,"href":"https:\/\/helloproject.es\/vigilancia\/wp-json\/wp\/v2\/posts\/198046\/revisions"}],"wp:attachment":[{"href":"https:\/\/helloproject.es\/vigilancia\/wp-json\/wp\/v2\/media?parent=198046"}],"wp:term":[{"taxonomy":"category","embeddable":true,"href":"https:\/\/helloproject.es\/vigilancia\/wp-json\/wp\/v2\/categories?post=198046"},{"taxonomy":"post_tag","embeddable":true,"href":"https:\/\/helloproject.es\/vigilancia\/wp-json\/wp\/v2\/tags?post=198046"}],"curies":[{"name":"wp","href":"https:\/\/api.w.org\/{rel}","templated":true}]}}