{"id":199115,"date":"2026-02-25T12:28:21","date_gmt":"2026-02-25T11:28:21","guid":{"rendered":"https:\/\/helloproject.es\/vigilancia\/identifican-en-cuenca-una-nueva-ave-del-cretacico-clave-en-la-evolucion-temprana-de-las-aves\/"},"modified":"2026-02-25T12:28:21","modified_gmt":"2026-02-25T11:28:21","slug":"identifican-en-cuenca-una-nueva-ave-del-cretacico-clave-en-la-evolucion-temprana-de-las-aves","status":"publish","type":"post","link":"https:\/\/helloproject.es\/vigilancia\/identifican-en-cuenca-una-nueva-ave-del-cretacico-clave-en-la-evolucion-temprana-de-las-aves\/","title":{"rendered":"Identifican en Cuenca una nueva ave del Cret\u00e1cico clave en la evoluci\u00f3n temprana de las aves"},"content":{"rendered":"<p>El yacimiento de Las Hoyas, reconocido como uno de los geositios m\u00e1s importantes del planeta por la\u00a0Uni\u00f3n Internacional de Ciencias Geol\u00f3gicas\u00a0(IUGS) y declarado Bien de Inter\u00e9s Cultural, representa un antiguo humedal del Cret\u00e1cico donde convivieron plantas y animales en un momento crucial de la evoluci\u00f3n de la vida en la Tierra.<\/p>\n<p>Entre sus f\u00f3siles m\u00e1s destacados se encuentran las aves enantiornitas, un linaje de dinosaurios que en aquel momento comenzaba a diversificarse, hasta convertirse en el grupo de aves m\u00e1s abundante del planeta antes de desaparecer con el resto de dinosaurios.<\/p>\n<p>Las Hoyas documenta este grupo desde la d\u00e9cada de 1980, con hallazgos\u00a0tan emblem\u00e1ticos como\u00a0Iberomesornis, a los que siguieron descubrimientos como\u00a0Concornis\u00a0y\u00a0Eoalulavis, adem\u00e1s del primer polluelo reci\u00e9n nacido descrito para estas aves.<\/p>\n<p>El nombre de la especie alude a las Gorgonas de la mitolog\u00eda griega, como Medusa, capaces de convertir en piedra a quien las mirara y a las que solo se pod\u00eda vencer cort\u00e1ndoles la cabeza<\/p>\n<p>En esa misma l\u00ednea de investigaci\u00f3n sobre la fauna aviaria de Las Hoyas, un nuevo trabajo presenta una nueva especie de enantiornita:\u00a0Gorgonavis alcyone. El nombre de la especie alude a las Gorgonas de la mitolog\u00eda griega, como Medusa, capaces de convertir en piedra a quien las mirara y a las que solo se pod\u00eda vencer cort\u00e1ndoles la cabeza. El gui\u00f1o no es casual: el ejemplar hallado est\u00e1 representado precisamente por una peque\u00f1a cabeza aislada.<\/p>\n<p><a><\/a><\/p>\n<h2>Un linaje de aves primitivas en expansi\u00f3n<\/h2>\n<p>\u201cEl cr\u00e1neo es clave en la determinaci\u00f3n de una especie, pero en aves f\u00f3siles es f\u00e1cil que se pierda porque suele desarticularse temprano en el proceso post mortem, lo que ha sido habitual en las especies descritas en Las Hoyas\u201d, explica Sergio M. Nebreda, primer autor del trabajo y actualmente investigador postdoctoral en la Universidad Johns Hopkins.<\/p>\n<p>Nebreda destaca adem\u00e1s que \u201cla apariencia del pico de estas aves primitivas era excepcionalmente elongada\u2014de ah\u00ed el nombre del grupo de aves enantiornitas al que pertenece, las longipter\u00edgidas\u2014y aunque ten\u00eda peque\u00f1os dientes, manten\u00eda una anatom\u00eda similar al pico de las aves modernas\u201d.<\/p>\n<p><img decoding=\"async\" src=\"https:\/\/www.agenciasinc.es\/bundles\/app\/images\/quotebefore.png\" \/><\/p>\n<p>La apariencia del pico de estas aves primitivas era excepcionalmente elongada\u2014de ah\u00ed el nombre del grupo de aves enantiornitas al que pertenece, las longipter\u00edgidas\u2014y aunque ten\u00eda peque\u00f1os dientes, manten\u00eda una anatom\u00eda similar al pico de las aves modernas<\/p>\n<p> Sergio M. Nebreda, primer autor del trabajo<br \/>\n<img decoding=\"async\" src=\"https:\/\/www.agenciasinc.es\/bundles\/app\/images\/quoteafter.png\" \/><\/p>\n<p>Las aves longipter\u00edgidas, linaje al que pertenece este f\u00f3sil, se conoc\u00edan hasta ahora \u00fanicamente a partir de yacimientos paleontol\u00f3gicos de China. Desde la\u00a0Universidad Aut\u00f3noma de Madrid, la profesora em\u00e9rita Angela Buscalioni subraya que \u201ccomo otros grupos f\u00f3siles descubiertos en el yacimiento, esta nueva ave destaca la posici\u00f3n clave de Las Hoyas entre Asia y Europa en esa \u00e9poca\u201d.<\/p>\n<p>Por su parte, Jes\u00fas Marug\u00e1n Lob\u00f3n, coordinador del proyecto, a\u00f1ade que \u201cla presencia de una nueva especie en el yacimiento robustece la hip\u00f3tesis de que este humedal fue un ecosistema clave para comprender mejor el modo de vida de estas aves primitivas\u201d.<\/p>\n<p>La descripci\u00f3n del cr\u00e1neo de esta nueva especie ha requerido el uso de t\u00e9cnicas digitales avanzadas, como la micro-tomograf\u00eda computarizada, en el marco de un equipo internacional en el que tambi\u00e9n han participado el\u00a0Museo de Historia Natural de Los \u00c1ngeles, la\u00a0Universidad de Cambridge y la\u00a0Universidad de M\u00e1laga.<\/p>","protected":false},"excerpt":{"rendered":"<p>El yacimiento de Las Hoyas, reconocido como uno de los geositios m\u00e1s importantes del planeta por la\u00a0Uni\u00f3n Internacional de Ciencias Geol\u00f3gicas\u00a0(IUGS) y declarado Bien de Inter\u00e9s Cultural, representa un antiguo humedal del Cret\u00e1cico donde convivieron plantas y animales en un momento crucial de la evoluci\u00f3n de la vida en la Tierra. Entre sus f\u00f3siles m\u00e1s [&hellip;]<\/p>\n","protected":false},"author":5,"featured_media":0,"comment_status":"","ping_status":"","sticky":false,"template":"","format":"standard","meta":{"site-sidebar-layout":"default","site-content-layout":"","ast-site-content-layout":"default","site-content-style":"default","site-sidebar-style":"default","ast-global-header-display":"","ast-banner-title-visibility":"","ast-main-header-display":"","ast-hfb-above-header-display":"","ast-hfb-below-header-display":"","ast-hfb-mobile-header-display":"","site-post-title":"","ast-breadcrumbs-content":"","ast-featured-img":"","footer-sml-layout":"","ast-disable-related-posts":"","theme-transparent-header-meta":"","adv-header-id-meta":"","stick-header-meta":"","header-above-stick-meta":"","header-main-stick-meta":"","header-below-stick-meta":"","astra-migrate-meta-layouts":"default","ast-page-background-enabled":"default","ast-page-background-meta":{"desktop":{"background-color":"var(--ast-global-color-4)","background-image":"","background-repeat":"repeat","background-position":"center center","background-size":"auto","background-attachment":"scroll","background-type":"","background-media":"","overlay-type":"","overlay-color":"","overlay-opacity":"","overlay-gradient":""},"tablet":{"background-color":"","background-image":"","background-repeat":"repeat","background-position":"center center","background-size":"auto","background-attachment":"scroll","background-type":"","background-media":"","overlay-type":"","overlay-color":"","overlay-opacity":"","overlay-gradient":""},"mobile":{"background-color":"","background-image":"","background-repeat":"repeat","background-position":"center center","background-size":"auto","background-attachment":"scroll","background-type":"","background-media":"","overlay-type":"","overlay-color":"","overlay-opacity":"","overlay-gradient":""}},"ast-content-background-meta":{"desktop":{"background-color":"var(--ast-global-color-5)","background-image":"","background-repeat":"repeat","background-position":"center center","background-size":"auto","background-attachment":"scroll","background-type":"","background-media":"","overlay-type":"","overlay-color":"","overlay-opacity":"","overlay-gradient":""},"tablet":{"background-color":"var(--ast-global-color-5)","background-image":"","background-repeat":"repeat","background-position":"center center","background-size":"auto","background-attachment":"scroll","background-type":"","background-media":"","overlay-type":"","overlay-color":"","overlay-opacity":"","overlay-gradient":""},"mobile":{"background-color":"var(--ast-global-color-5)","background-image":"","background-repeat":"repeat","background-position":"center center","background-size":"auto","background-attachment":"scroll","background-type":"","background-media":"","overlay-type":"","overlay-color":"","overlay-opacity":"","overlay-gradient":""}},"footnotes":""},"categories":[5],"tags":[],"class_list":["post-199115","post","type-post","status-publish","format-standard","hentry","category-noticias"],"yoast_head":"<!-- This site is optimized with the Yoast SEO Premium plugin v20.9 (Yoast SEO v27.4) - https:\/\/yoast.com\/product\/yoast-seo-premium-wordpress\/ -->\n<title>Identifican en Cuenca una nueva ave del Cret\u00e1cico clave en la evoluci\u00f3n temprana de las aves - bip4ex<\/title>\n<meta name=\"robots\" content=\"index, follow, max-snippet:-1, max-image-preview:large, max-video-preview:-1\" \/>\n<link rel=\"canonical\" href=\"https:\/\/helloproject.es\/vigilancia\/identifican-en-cuenca-una-nueva-ave-del-cretacico-clave-en-la-evolucion-temprana-de-las-aves\/\" \/>\n<meta property=\"og:locale\" content=\"es_ES\" \/>\n<meta property=\"og:type\" content=\"article\" \/>\n<meta property=\"og:title\" content=\"Identifican en Cuenca una nueva ave del Cret\u00e1cico clave en la evoluci\u00f3n temprana de las aves\" \/>\n<meta property=\"og:description\" content=\"El yacimiento de Las Hoyas, reconocido como uno de los geositios m\u00e1s importantes del planeta por la\u00a0Uni\u00f3n Internacional de Ciencias Geol\u00f3gicas\u00a0(IUGS) y declarado Bien de Inter\u00e9s Cultural, representa un antiguo humedal del Cret\u00e1cico donde convivieron plantas y animales en un momento crucial de la evoluci\u00f3n de la vida en la Tierra. Entre sus f\u00f3siles m\u00e1s [&hellip;]\" \/>\n<meta property=\"og:url\" content=\"https:\/\/helloproject.es\/vigilancia\/identifican-en-cuenca-una-nueva-ave-del-cretacico-clave-en-la-evolucion-temprana-de-las-aves\/\" \/>\n<meta property=\"og:site_name\" content=\"bip4ex\" \/>\n<meta property=\"article:published_time\" content=\"2026-02-25T11:28:21+00:00\" \/>\n<meta property=\"og:image\" content=\"https:\/\/www.agenciasinc.es\/bundles\/app\/images\/quotebefore.png\" \/>\n<meta name=\"author\" content=\"Luis Miguel Mej\u00edas Ramos\" \/>\n<meta name=\"twitter:card\" content=\"summary_large_image\" \/>\n<meta name=\"twitter:label1\" content=\"Escrito por\" \/>\n\t<meta name=\"twitter:data1\" content=\"Luis Miguel Mej\u00edas Ramos\" \/>\n\t<meta name=\"twitter:label2\" content=\"Tiempo de lectura\" \/>\n\t<meta name=\"twitter:data2\" content=\"3 minutos\" \/>\n<script type=\"application\/ld+json\" class=\"yoast-schema-graph\">{\"@context\":\"https:\\\/\\\/schema.org\",\"@graph\":[{\"@type\":\"Article\",\"@id\":\"https:\\\/\\\/helloproject.es\\\/vigilancia\\\/identifican-en-cuenca-una-nueva-ave-del-cretacico-clave-en-la-evolucion-temprana-de-las-aves\\\/#article\",\"isPartOf\":{\"@id\":\"https:\\\/\\\/helloproject.es\\\/vigilancia\\\/identifican-en-cuenca-una-nueva-ave-del-cretacico-clave-en-la-evolucion-temprana-de-las-aves\\\/\"},\"author\":{\"name\":\"Luis Miguel Mej\u00edas Ramos\",\"@id\":\"https:\\\/\\\/helloproject.es\\\/vigilancia\\\/#\\\/schema\\\/person\\\/3767b0619d59a11570372c821f8619ca\"},\"headline\":\"Identifican en Cuenca una nueva ave del Cret\u00e1cico clave en la evoluci\u00f3n temprana de las aves\",\"datePublished\":\"2026-02-25T11:28:21+00:00\",\"mainEntityOfPage\":{\"@id\":\"https:\\\/\\\/helloproject.es\\\/vigilancia\\\/identifican-en-cuenca-una-nueva-ave-del-cretacico-clave-en-la-evolucion-temprana-de-las-aves\\\/\"},\"wordCount\":619,\"publisher\":{\"@id\":\"https:\\\/\\\/helloproject.es\\\/vigilancia\\\/#organization\"},\"image\":{\"@id\":\"https:\\\/\\\/helloproject.es\\\/vigilancia\\\/identifican-en-cuenca-una-nueva-ave-del-cretacico-clave-en-la-evolucion-temprana-de-las-aves\\\/#primaryimage\"},\"thumbnailUrl\":\"https:\\\/\\\/www.agenciasinc.es\\\/bundles\\\/app\\\/images\\\/quotebefore.png\",\"articleSection\":[\"Noticias\"],\"inLanguage\":\"es\"},{\"@type\":\"WebPage\",\"@id\":\"https:\\\/\\\/helloproject.es\\\/vigilancia\\\/identifican-en-cuenca-una-nueva-ave-del-cretacico-clave-en-la-evolucion-temprana-de-las-aves\\\/\",\"url\":\"https:\\\/\\\/helloproject.es\\\/vigilancia\\\/identifican-en-cuenca-una-nueva-ave-del-cretacico-clave-en-la-evolucion-temprana-de-las-aves\\\/\",\"name\":\"Identifican en Cuenca una nueva ave del Cret\u00e1cico clave en la evoluci\u00f3n temprana de las aves - bip4ex\",\"isPartOf\":{\"@id\":\"https:\\\/\\\/helloproject.es\\\/vigilancia\\\/#website\"},\"primaryImageOfPage\":{\"@id\":\"https:\\\/\\\/helloproject.es\\\/vigilancia\\\/identifican-en-cuenca-una-nueva-ave-del-cretacico-clave-en-la-evolucion-temprana-de-las-aves\\\/#primaryimage\"},\"image\":{\"@id\":\"https:\\\/\\\/helloproject.es\\\/vigilancia\\\/identifican-en-cuenca-una-nueva-ave-del-cretacico-clave-en-la-evolucion-temprana-de-las-aves\\\/#primaryimage\"},\"thumbnailUrl\":\"https:\\\/\\\/www.agenciasinc.es\\\/bundles\\\/app\\\/images\\\/quotebefore.png\",\"datePublished\":\"2026-02-25T11:28:21+00:00\",\"breadcrumb\":{\"@id\":\"https:\\\/\\\/helloproject.es\\\/vigilancia\\\/identifican-en-cuenca-una-nueva-ave-del-cretacico-clave-en-la-evolucion-temprana-de-las-aves\\\/#breadcrumb\"},\"inLanguage\":\"es\",\"potentialAction\":[{\"@type\":\"ReadAction\",\"target\":[\"https:\\\/\\\/helloproject.es\\\/vigilancia\\\/identifican-en-cuenca-una-nueva-ave-del-cretacico-clave-en-la-evolucion-temprana-de-las-aves\\\/\"]}]},{\"@type\":\"ImageObject\",\"inLanguage\":\"es\",\"@id\":\"https:\\\/\\\/helloproject.es\\\/vigilancia\\\/identifican-en-cuenca-una-nueva-ave-del-cretacico-clave-en-la-evolucion-temprana-de-las-aves\\\/#primaryimage\",\"url\":\"https:\\\/\\\/www.agenciasinc.es\\\/bundles\\\/app\\\/images\\\/quotebefore.png\",\"contentUrl\":\"https:\\\/\\\/www.agenciasinc.es\\\/bundles\\\/app\\\/images\\\/quotebefore.png\"},{\"@type\":\"BreadcrumbList\",\"@id\":\"https:\\\/\\\/helloproject.es\\\/vigilancia\\\/identifican-en-cuenca-una-nueva-ave-del-cretacico-clave-en-la-evolucion-temprana-de-las-aves\\\/#breadcrumb\",\"itemListElement\":[{\"@type\":\"ListItem\",\"position\":1,\"name\":\"Home\",\"item\":\"https:\\\/\\\/helloproject.es\\\/vigilancia\\\/\"},{\"@type\":\"ListItem\",\"position\":2,\"name\":\"Identifican en Cuenca una nueva ave del Cret\u00e1cico clave en la evoluci\u00f3n temprana de las aves\"}]},{\"@type\":\"WebSite\",\"@id\":\"https:\\\/\\\/helloproject.es\\\/vigilancia\\\/#website\",\"url\":\"https:\\\/\\\/helloproject.es\\\/vigilancia\\\/\",\"name\":\"bip4ex\",\"description\":\"Vigilancia Tecnol\u00f3gica\",\"publisher\":{\"@id\":\"https:\\\/\\\/helloproject.es\\\/vigilancia\\\/#organization\"},\"potentialAction\":[{\"@type\":\"SearchAction\",\"target\":{\"@type\":\"EntryPoint\",\"urlTemplate\":\"https:\\\/\\\/helloproject.es\\\/vigilancia\\\/?s={search_term_string}\"},\"query-input\":{\"@type\":\"PropertyValueSpecification\",\"valueRequired\":true,\"valueName\":\"search_term_string\"}}],\"inLanguage\":\"es\"},{\"@type\":\"Organization\",\"@id\":\"https:\\\/\\\/helloproject.es\\\/vigilancia\\\/#organization\",\"name\":\"Helloproject.es\",\"url\":\"https:\\\/\\\/helloproject.es\\\/vigilancia\\\/\",\"logo\":{\"@type\":\"ImageObject\",\"inLanguage\":\"es\",\"@id\":\"https:\\\/\\\/helloproject.es\\\/vigilancia\\\/#\\\/schema\\\/logo\\\/image\\\/\",\"url\":\"https:\\\/\\\/helloproject.es\\\/vigilancia\\\/wp-content\\\/uploads\\\/2023\\\/07\\\/bip4ex.png\",\"contentUrl\":\"https:\\\/\\\/helloproject.es\\\/vigilancia\\\/wp-content\\\/uploads\\\/2023\\\/07\\\/bip4ex.png\",\"width\":322,\"height\":365,\"caption\":\"Helloproject.es\"},\"image\":{\"@id\":\"https:\\\/\\\/helloproject.es\\\/vigilancia\\\/#\\\/schema\\\/logo\\\/image\\\/\"}},{\"@type\":\"Person\",\"@id\":\"https:\\\/\\\/helloproject.es\\\/vigilancia\\\/#\\\/schema\\\/person\\\/3767b0619d59a11570372c821f8619ca\",\"name\":\"Luis Miguel Mej\u00edas Ramos\",\"url\":\"https:\\\/\\\/helloproject.es\\\/vigilancia\\\/author\\\/luismi\\\/\"}]}<\/script>\n<!-- \/ Yoast SEO Premium plugin. -->","yoast_head_json":{"title":"Identifican en Cuenca una nueva ave del Cret\u00e1cico clave en la evoluci\u00f3n temprana de las aves - bip4ex","robots":{"index":"index","follow":"follow","max-snippet":"max-snippet:-1","max-image-preview":"max-image-preview:large","max-video-preview":"max-video-preview:-1"},"canonical":"https:\/\/helloproject.es\/vigilancia\/identifican-en-cuenca-una-nueva-ave-del-cretacico-clave-en-la-evolucion-temprana-de-las-aves\/","og_locale":"es_ES","og_type":"article","og_title":"Identifican en Cuenca una nueva ave del Cret\u00e1cico clave en la evoluci\u00f3n temprana de las aves","og_description":"El yacimiento de Las Hoyas, reconocido como uno de los geositios m\u00e1s importantes del planeta por la\u00a0Uni\u00f3n Internacional de Ciencias Geol\u00f3gicas\u00a0(IUGS) y declarado Bien de Inter\u00e9s Cultural, representa un antiguo humedal del Cret\u00e1cico donde convivieron plantas y animales en un momento crucial de la evoluci\u00f3n de la vida en la Tierra. Entre sus f\u00f3siles m\u00e1s [&hellip;]","og_url":"https:\/\/helloproject.es\/vigilancia\/identifican-en-cuenca-una-nueva-ave-del-cretacico-clave-en-la-evolucion-temprana-de-las-aves\/","og_site_name":"bip4ex","article_published_time":"2026-02-25T11:28:21+00:00","og_image":[{"url":"https:\/\/www.agenciasinc.es\/bundles\/app\/images\/quotebefore.png","type":"","width":"","height":""}],"author":"Luis Miguel Mej\u00edas Ramos","twitter_card":"summary_large_image","twitter_misc":{"Escrito por":"Luis Miguel Mej\u00edas Ramos","Tiempo de lectura":"3 minutos"},"schema":{"@context":"https:\/\/schema.org","@graph":[{"@type":"Article","@id":"https:\/\/helloproject.es\/vigilancia\/identifican-en-cuenca-una-nueva-ave-del-cretacico-clave-en-la-evolucion-temprana-de-las-aves\/#article","isPartOf":{"@id":"https:\/\/helloproject.es\/vigilancia\/identifican-en-cuenca-una-nueva-ave-del-cretacico-clave-en-la-evolucion-temprana-de-las-aves\/"},"author":{"name":"Luis Miguel Mej\u00edas Ramos","@id":"https:\/\/helloproject.es\/vigilancia\/#\/schema\/person\/3767b0619d59a11570372c821f8619ca"},"headline":"Identifican en Cuenca una nueva ave del Cret\u00e1cico clave en la evoluci\u00f3n temprana de las aves","datePublished":"2026-02-25T11:28:21+00:00","mainEntityOfPage":{"@id":"https:\/\/helloproject.es\/vigilancia\/identifican-en-cuenca-una-nueva-ave-del-cretacico-clave-en-la-evolucion-temprana-de-las-aves\/"},"wordCount":619,"publisher":{"@id":"https:\/\/helloproject.es\/vigilancia\/#organization"},"image":{"@id":"https:\/\/helloproject.es\/vigilancia\/identifican-en-cuenca-una-nueva-ave-del-cretacico-clave-en-la-evolucion-temprana-de-las-aves\/#primaryimage"},"thumbnailUrl":"https:\/\/www.agenciasinc.es\/bundles\/app\/images\/quotebefore.png","articleSection":["Noticias"],"inLanguage":"es"},{"@type":"WebPage","@id":"https:\/\/helloproject.es\/vigilancia\/identifican-en-cuenca-una-nueva-ave-del-cretacico-clave-en-la-evolucion-temprana-de-las-aves\/","url":"https:\/\/helloproject.es\/vigilancia\/identifican-en-cuenca-una-nueva-ave-del-cretacico-clave-en-la-evolucion-temprana-de-las-aves\/","name":"Identifican en Cuenca una nueva ave del Cret\u00e1cico clave en la evoluci\u00f3n temprana de las aves - bip4ex","isPartOf":{"@id":"https:\/\/helloproject.es\/vigilancia\/#website"},"primaryImageOfPage":{"@id":"https:\/\/helloproject.es\/vigilancia\/identifican-en-cuenca-una-nueva-ave-del-cretacico-clave-en-la-evolucion-temprana-de-las-aves\/#primaryimage"},"image":{"@id":"https:\/\/helloproject.es\/vigilancia\/identifican-en-cuenca-una-nueva-ave-del-cretacico-clave-en-la-evolucion-temprana-de-las-aves\/#primaryimage"},"thumbnailUrl":"https:\/\/www.agenciasinc.es\/bundles\/app\/images\/quotebefore.png","datePublished":"2026-02-25T11:28:21+00:00","breadcrumb":{"@id":"https:\/\/helloproject.es\/vigilancia\/identifican-en-cuenca-una-nueva-ave-del-cretacico-clave-en-la-evolucion-temprana-de-las-aves\/#breadcrumb"},"inLanguage":"es","potentialAction":[{"@type":"ReadAction","target":["https:\/\/helloproject.es\/vigilancia\/identifican-en-cuenca-una-nueva-ave-del-cretacico-clave-en-la-evolucion-temprana-de-las-aves\/"]}]},{"@type":"ImageObject","inLanguage":"es","@id":"https:\/\/helloproject.es\/vigilancia\/identifican-en-cuenca-una-nueva-ave-del-cretacico-clave-en-la-evolucion-temprana-de-las-aves\/#primaryimage","url":"https:\/\/www.agenciasinc.es\/bundles\/app\/images\/quotebefore.png","contentUrl":"https:\/\/www.agenciasinc.es\/bundles\/app\/images\/quotebefore.png"},{"@type":"BreadcrumbList","@id":"https:\/\/helloproject.es\/vigilancia\/identifican-en-cuenca-una-nueva-ave-del-cretacico-clave-en-la-evolucion-temprana-de-las-aves\/#breadcrumb","itemListElement":[{"@type":"ListItem","position":1,"name":"Home","item":"https:\/\/helloproject.es\/vigilancia\/"},{"@type":"ListItem","position":2,"name":"Identifican en Cuenca una nueva ave del Cret\u00e1cico clave en la evoluci\u00f3n temprana de las aves"}]},{"@type":"WebSite","@id":"https:\/\/helloproject.es\/vigilancia\/#website","url":"https:\/\/helloproject.es\/vigilancia\/","name":"bip4ex","description":"Vigilancia Tecnol\u00f3gica","publisher":{"@id":"https:\/\/helloproject.es\/vigilancia\/#organization"},"potentialAction":[{"@type":"SearchAction","target":{"@type":"EntryPoint","urlTemplate":"https:\/\/helloproject.es\/vigilancia\/?s={search_term_string}"},"query-input":{"@type":"PropertyValueSpecification","valueRequired":true,"valueName":"search_term_string"}}],"inLanguage":"es"},{"@type":"Organization","@id":"https:\/\/helloproject.es\/vigilancia\/#organization","name":"Helloproject.es","url":"https:\/\/helloproject.es\/vigilancia\/","logo":{"@type":"ImageObject","inLanguage":"es","@id":"https:\/\/helloproject.es\/vigilancia\/#\/schema\/logo\/image\/","url":"https:\/\/helloproject.es\/vigilancia\/wp-content\/uploads\/2023\/07\/bip4ex.png","contentUrl":"https:\/\/helloproject.es\/vigilancia\/wp-content\/uploads\/2023\/07\/bip4ex.png","width":322,"height":365,"caption":"Helloproject.es"},"image":{"@id":"https:\/\/helloproject.es\/vigilancia\/#\/schema\/logo\/image\/"}},{"@type":"Person","@id":"https:\/\/helloproject.es\/vigilancia\/#\/schema\/person\/3767b0619d59a11570372c821f8619ca","name":"Luis Miguel Mej\u00edas Ramos","url":"https:\/\/helloproject.es\/vigilancia\/author\/luismi\/"}]}},"_links":{"self":[{"href":"https:\/\/helloproject.es\/vigilancia\/wp-json\/wp\/v2\/posts\/199115","targetHints":{"allow":["GET"]}}],"collection":[{"href":"https:\/\/helloproject.es\/vigilancia\/wp-json\/wp\/v2\/posts"}],"about":[{"href":"https:\/\/helloproject.es\/vigilancia\/wp-json\/wp\/v2\/types\/post"}],"author":[{"embeddable":true,"href":"https:\/\/helloproject.es\/vigilancia\/wp-json\/wp\/v2\/users\/5"}],"replies":[{"embeddable":true,"href":"https:\/\/helloproject.es\/vigilancia\/wp-json\/wp\/v2\/comments?post=199115"}],"version-history":[{"count":0,"href":"https:\/\/helloproject.es\/vigilancia\/wp-json\/wp\/v2\/posts\/199115\/revisions"}],"wp:attachment":[{"href":"https:\/\/helloproject.es\/vigilancia\/wp-json\/wp\/v2\/media?parent=199115"}],"wp:term":[{"taxonomy":"category","embeddable":true,"href":"https:\/\/helloproject.es\/vigilancia\/wp-json\/wp\/v2\/categories?post=199115"},{"taxonomy":"post_tag","embeddable":true,"href":"https:\/\/helloproject.es\/vigilancia\/wp-json\/wp\/v2\/tags?post=199115"}],"curies":[{"name":"wp","href":"https:\/\/api.w.org\/{rel}","templated":true}]}}