{"id":199127,"date":"2026-02-25T14:28:29","date_gmt":"2026-02-25T13:28:29","guid":{"rendered":"https:\/\/helloproject.es\/vigilancia\/premios-idi-fomentar-la-competitividad-empresarial-y-el-emprendimiento-en-el-medio-rural\/"},"modified":"2026-02-25T14:28:29","modified_gmt":"2026-02-25T13:28:29","slug":"premios-idi-fomentar-la-competitividad-empresarial-y-el-emprendimiento-en-el-medio-rural","status":"publish","type":"post","link":"https:\/\/helloproject.es\/vigilancia\/premios-idi-fomentar-la-competitividad-empresarial-y-el-emprendimiento-en-el-medio-rural\/","title":{"rendered":"PREMIOS I+D+i | Fomentar la competitividad empresarial y el emprendimiento en el medio rural"},"content":{"rendered":"<p><span>PREMIOS I+D+i | Fomentar la competitividad empresarial y el emprendimiento en el medio rural <\/span><\/p>\n<div>\n<div>Fecha de noticia<\/div>\n<div><time datetime=\"2026-02-25T12:00:00Z\">Mi\u00e9rcoles, 25 de Febrero de 2026<\/time>\n<\/div>\n<\/div>\n<p><span><span>prensa<\/span><\/span><br \/>\n<span><time datetime=\"2026-02-25T14:01:30+01:00\" title=\"Mi\u00e9rcoles, Febrero 25, 2026 - 14:01\">Mi\u00e9, 25\/02\/2026 &#8211; 14:01<\/time><br \/>\n<\/span><\/p>\n<div>Diputaci\u00f3n de Palencia y la Fundaci\u00f3n Universidad de Valladolid premian los proyectos I+D+i 2025: \u2018Generando valor rural Provincia de Palencia\u2019 dedicados a fomentar la competitividad empresarial y el emprendimiento en el medio rural <\/div>\n<div>\n<ul type=\"disc\">\n<li>\n<p class=\"text-align-justify\"><span lang=\"ES-TRAD\"><\/span><span lang=\"ES-TRAD\">La convocatoria, a la que se han presentado 9 proyectos innovadores, tiene como objetivo principal<strong> fomentar la competitividad empresarial, el esp\u00edritu innovador y el emprendimiento en el medio rural, motivando a las empresas y emprendedores sobre la necesidad de invertir en conocimiento y desarrollo tecnol\u00f3gico para alcanzar un mayor grado de competitividad empresarial<\/strong><\/span><span lang=\"ES-TRAD\"><\/span><\/p>\n<\/li>\n<\/ul>\n<p class=\"text-align-justify\"><strong><span lang=\"ES-TRAD\"><\/span><\/strong><\/p>\n<ul type=\"disc\">\n<li>\n<p class=\"text-align-justify\"><span lang=\"ES-TRAD\"><\/span><span lang=\"ES-TRAD\">La presidenta de la Diputaci\u00f3n de Palencia, \u00c1ngeles Armis\u00e9n, acompa\u00f1ada del vicepresidente Primero, Urbano Alonso y el diputado de Servicios Sociales, junto con el rector de la Universidad de Valladolid, Antonio Largo Cabrerizo, el vicerrector del Campus de Palencia, Julio Javier D\u00edez Casero, la delegada del rector para la Transferencia de Conocimiento Maria \u00c1ngeles P\u00e9rez Rueda, han sido los encargados de recibir y entregar los galardones a los premiados.<\/span><\/p>\n<\/li>\n<\/ul>\n<p><strong><span lang=\"ES-TRAD\"><\/span><\/strong><\/p>\n<ul type=\"disc\">\n<li>\n<p class=\"text-align-justify\"><span lang=\"ES-TRAD\"><\/span><span lang=\"ES-TRAD\">La instituci\u00f3n provincial cuenta con la colaboraci\u00f3n de la<strong> Fundaci\u00f3n Universidad\u00a0de Valladolid<\/strong> para\u00a0llevar a cabo estos<strong> premios<\/strong>, en el marco del convenio de colaboraci\u00f3n que se firm\u00f3 entre ambas entidades para generar oportunidades que apoyen la dinamizaci\u00f3n de la provincia de Palencia.<\/span><span lang=\"ES-TRAD\"><\/span><\/p>\n<\/li>\n<\/ul>\n<\/div>","protected":false},"excerpt":{"rendered":"<p>PREMIOS I+D+i | Fomentar la competitividad empresarial y el emprendimiento en el medio rural Fecha de noticia Mi\u00e9rcoles, 25 de Febrero de 2026 prensa Mi\u00e9, 25\/02\/2026 &#8211; 14:01 Diputaci\u00f3n de Palencia y la Fundaci\u00f3n Universidad de Valladolid premian los proyectos I+D+i 2025: \u2018Generando valor rural Provincia de Palencia\u2019 dedicados a fomentar la competitividad empresarial y [&hellip;]<\/p>\n","protected":false},"author":5,"featured_media":0,"comment_status":"","ping_status":"","sticky":false,"template":"","format":"standard","meta":{"site-sidebar-layout":"default","site-content-layout":"","ast-site-content-layout":"default","site-content-style":"default","site-sidebar-style":"default","ast-global-header-display":"","ast-banner-title-visibility":"","ast-main-header-display":"","ast-hfb-above-header-display":"","ast-hfb-below-header-display":"","ast-hfb-mobile-header-display":"","site-post-title":"","ast-breadcrumbs-content":"","ast-featured-img":"","footer-sml-layout":"","ast-disable-related-posts":"","theme-transparent-header-meta":"","adv-header-id-meta":"","stick-header-meta":"","header-above-stick-meta":"","header-main-stick-meta":"","header-below-stick-meta":"","astra-migrate-meta-layouts":"default","ast-page-background-enabled":"default","ast-page-background-meta":{"desktop":{"background-color":"var(--ast-global-color-4)","background-image":"","background-repeat":"repeat","background-position":"center center","background-size":"auto","background-attachment":"scroll","background-type":"","background-media":"","overlay-type":"","overlay-color":"","overlay-opacity":"","overlay-gradient":""},"tablet":{"background-color":"","background-image":"","background-repeat":"repeat","background-position":"center center","background-size":"auto","background-attachment":"scroll","background-type":"","background-media":"","overlay-type":"","overlay-color":"","overlay-opacity":"","overlay-gradient":""},"mobile":{"background-color":"","background-image":"","background-repeat":"repeat","background-position":"center center","background-size":"auto","background-attachment":"scroll","background-type":"","background-media":"","overlay-type":"","overlay-color":"","overlay-opacity":"","overlay-gradient":""}},"ast-content-background-meta":{"desktop":{"background-color":"var(--ast-global-color-5)","background-image":"","background-repeat":"repeat","background-position":"center center","background-size":"auto","background-attachment":"scroll","background-type":"","background-media":"","overlay-type":"","overlay-color":"","overlay-opacity":"","overlay-gradient":""},"tablet":{"background-color":"var(--ast-global-color-5)","background-image":"","background-repeat":"repeat","background-position":"center center","background-size":"auto","background-attachment":"scroll","background-type":"","background-media":"","overlay-type":"","overlay-color":"","overlay-opacity":"","overlay-gradient":""},"mobile":{"background-color":"var(--ast-global-color-5)","background-image":"","background-repeat":"repeat","background-position":"center center","background-size":"auto","background-attachment":"scroll","background-type":"","background-media":"","overlay-type":"","overlay-color":"","overlay-opacity":"","overlay-gradient":""}},"footnotes":""},"categories":[5],"tags":[],"class_list":["post-199127","post","type-post","status-publish","format-standard","hentry","category-noticias"],"yoast_head":"<!-- This site is optimized with the Yoast SEO Premium plugin v20.9 (Yoast SEO v27.4) - https:\/\/yoast.com\/product\/yoast-seo-premium-wordpress\/ -->\n<title>PREMIOS I+D+i | Fomentar la competitividad empresarial y el emprendimiento en el medio rural - bip4ex<\/title>\n<meta name=\"robots\" content=\"index, follow, max-snippet:-1, max-image-preview:large, max-video-preview:-1\" \/>\n<link rel=\"canonical\" href=\"https:\/\/helloproject.es\/vigilancia\/premios-idi-fomentar-la-competitividad-empresarial-y-el-emprendimiento-en-el-medio-rural\/\" \/>\n<meta property=\"og:locale\" content=\"es_ES\" \/>\n<meta property=\"og:type\" content=\"article\" \/>\n<meta property=\"og:title\" content=\"PREMIOS I+D+i | Fomentar la competitividad empresarial y el emprendimiento en el medio rural\" \/>\n<meta property=\"og:description\" content=\"PREMIOS I+D+i | Fomentar la competitividad empresarial y el emprendimiento en el medio rural Fecha de noticia Mi\u00e9rcoles, 25 de Febrero de 2026 prensa Mi\u00e9, 25\/02\/2026 &#8211; 14:01 Diputaci\u00f3n de Palencia y la Fundaci\u00f3n Universidad de Valladolid premian los proyectos I+D+i 2025: \u2018Generando valor rural Provincia de Palencia\u2019 dedicados a fomentar la competitividad empresarial y [&hellip;]\" \/>\n<meta property=\"og:url\" content=\"https:\/\/helloproject.es\/vigilancia\/premios-idi-fomentar-la-competitividad-empresarial-y-el-emprendimiento-en-el-medio-rural\/\" \/>\n<meta property=\"og:site_name\" content=\"bip4ex\" \/>\n<meta property=\"article:published_time\" content=\"2026-02-25T13:28:29+00:00\" \/>\n<meta name=\"author\" content=\"Luis Miguel Mej\u00edas Ramos\" \/>\n<meta name=\"twitter:card\" content=\"summary_large_image\" \/>\n<meta name=\"twitter:label1\" content=\"Escrito por\" \/>\n\t<meta name=\"twitter:data1\" content=\"Luis Miguel Mej\u00edas Ramos\" \/>\n\t<meta name=\"twitter:label2\" content=\"Tiempo de lectura\" \/>\n\t<meta name=\"twitter:data2\" content=\"1 minuto\" \/>\n<script type=\"application\/ld+json\" class=\"yoast-schema-graph\">{\"@context\":\"https:\\\/\\\/schema.org\",\"@graph\":[{\"@type\":\"Article\",\"@id\":\"https:\\\/\\\/helloproject.es\\\/vigilancia\\\/premios-idi-fomentar-la-competitividad-empresarial-y-el-emprendimiento-en-el-medio-rural\\\/#article\",\"isPartOf\":{\"@id\":\"https:\\\/\\\/helloproject.es\\\/vigilancia\\\/premios-idi-fomentar-la-competitividad-empresarial-y-el-emprendimiento-en-el-medio-rural\\\/\"},\"author\":{\"name\":\"Luis Miguel Mej\u00edas Ramos\",\"@id\":\"https:\\\/\\\/helloproject.es\\\/vigilancia\\\/#\\\/schema\\\/person\\\/3767b0619d59a11570372c821f8619ca\"},\"headline\":\"PREMIOS I+D+i | Fomentar la competitividad empresarial y el emprendimiento en el medio rural\",\"datePublished\":\"2026-02-25T13:28:29+00:00\",\"mainEntityOfPage\":{\"@id\":\"https:\\\/\\\/helloproject.es\\\/vigilancia\\\/premios-idi-fomentar-la-competitividad-empresarial-y-el-emprendimiento-en-el-medio-rural\\\/\"},\"wordCount\":254,\"publisher\":{\"@id\":\"https:\\\/\\\/helloproject.es\\\/vigilancia\\\/#organization\"},\"articleSection\":[\"Noticias\"],\"inLanguage\":\"es\"},{\"@type\":\"WebPage\",\"@id\":\"https:\\\/\\\/helloproject.es\\\/vigilancia\\\/premios-idi-fomentar-la-competitividad-empresarial-y-el-emprendimiento-en-el-medio-rural\\\/\",\"url\":\"https:\\\/\\\/helloproject.es\\\/vigilancia\\\/premios-idi-fomentar-la-competitividad-empresarial-y-el-emprendimiento-en-el-medio-rural\\\/\",\"name\":\"PREMIOS I+D+i | Fomentar la competitividad empresarial y el emprendimiento en el medio rural - bip4ex\",\"isPartOf\":{\"@id\":\"https:\\\/\\\/helloproject.es\\\/vigilancia\\\/#website\"},\"datePublished\":\"2026-02-25T13:28:29+00:00\",\"breadcrumb\":{\"@id\":\"https:\\\/\\\/helloproject.es\\\/vigilancia\\\/premios-idi-fomentar-la-competitividad-empresarial-y-el-emprendimiento-en-el-medio-rural\\\/#breadcrumb\"},\"inLanguage\":\"es\",\"potentialAction\":[{\"@type\":\"ReadAction\",\"target\":[\"https:\\\/\\\/helloproject.es\\\/vigilancia\\\/premios-idi-fomentar-la-competitividad-empresarial-y-el-emprendimiento-en-el-medio-rural\\\/\"]}]},{\"@type\":\"BreadcrumbList\",\"@id\":\"https:\\\/\\\/helloproject.es\\\/vigilancia\\\/premios-idi-fomentar-la-competitividad-empresarial-y-el-emprendimiento-en-el-medio-rural\\\/#breadcrumb\",\"itemListElement\":[{\"@type\":\"ListItem\",\"position\":1,\"name\":\"Home\",\"item\":\"https:\\\/\\\/helloproject.es\\\/vigilancia\\\/\"},{\"@type\":\"ListItem\",\"position\":2,\"name\":\"PREMIOS I+D+i | Fomentar la competitividad empresarial y el emprendimiento en el medio rural\"}]},{\"@type\":\"WebSite\",\"@id\":\"https:\\\/\\\/helloproject.es\\\/vigilancia\\\/#website\",\"url\":\"https:\\\/\\\/helloproject.es\\\/vigilancia\\\/\",\"name\":\"bip4ex\",\"description\":\"Vigilancia Tecnol\u00f3gica\",\"publisher\":{\"@id\":\"https:\\\/\\\/helloproject.es\\\/vigilancia\\\/#organization\"},\"potentialAction\":[{\"@type\":\"SearchAction\",\"target\":{\"@type\":\"EntryPoint\",\"urlTemplate\":\"https:\\\/\\\/helloproject.es\\\/vigilancia\\\/?s={search_term_string}\"},\"query-input\":{\"@type\":\"PropertyValueSpecification\",\"valueRequired\":true,\"valueName\":\"search_term_string\"}}],\"inLanguage\":\"es\"},{\"@type\":\"Organization\",\"@id\":\"https:\\\/\\\/helloproject.es\\\/vigilancia\\\/#organization\",\"name\":\"Helloproject.es\",\"url\":\"https:\\\/\\\/helloproject.es\\\/vigilancia\\\/\",\"logo\":{\"@type\":\"ImageObject\",\"inLanguage\":\"es\",\"@id\":\"https:\\\/\\\/helloproject.es\\\/vigilancia\\\/#\\\/schema\\\/logo\\\/image\\\/\",\"url\":\"https:\\\/\\\/helloproject.es\\\/vigilancia\\\/wp-content\\\/uploads\\\/2023\\\/07\\\/bip4ex.png\",\"contentUrl\":\"https:\\\/\\\/helloproject.es\\\/vigilancia\\\/wp-content\\\/uploads\\\/2023\\\/07\\\/bip4ex.png\",\"width\":322,\"height\":365,\"caption\":\"Helloproject.es\"},\"image\":{\"@id\":\"https:\\\/\\\/helloproject.es\\\/vigilancia\\\/#\\\/schema\\\/logo\\\/image\\\/\"}},{\"@type\":\"Person\",\"@id\":\"https:\\\/\\\/helloproject.es\\\/vigilancia\\\/#\\\/schema\\\/person\\\/3767b0619d59a11570372c821f8619ca\",\"name\":\"Luis Miguel Mej\u00edas Ramos\",\"url\":\"https:\\\/\\\/helloproject.es\\\/vigilancia\\\/author\\\/luismi\\\/\"}]}<\/script>\n<!-- \/ Yoast SEO Premium plugin. -->","yoast_head_json":{"title":"PREMIOS I+D+i | Fomentar la competitividad empresarial y el emprendimiento en el medio rural - bip4ex","robots":{"index":"index","follow":"follow","max-snippet":"max-snippet:-1","max-image-preview":"max-image-preview:large","max-video-preview":"max-video-preview:-1"},"canonical":"https:\/\/helloproject.es\/vigilancia\/premios-idi-fomentar-la-competitividad-empresarial-y-el-emprendimiento-en-el-medio-rural\/","og_locale":"es_ES","og_type":"article","og_title":"PREMIOS I+D+i | Fomentar la competitividad empresarial y el emprendimiento en el medio rural","og_description":"PREMIOS I+D+i | Fomentar la competitividad empresarial y el emprendimiento en el medio rural Fecha de noticia Mi\u00e9rcoles, 25 de Febrero de 2026 prensa Mi\u00e9, 25\/02\/2026 &#8211; 14:01 Diputaci\u00f3n de Palencia y la Fundaci\u00f3n Universidad de Valladolid premian los proyectos I+D+i 2025: \u2018Generando valor rural Provincia de Palencia\u2019 dedicados a fomentar la competitividad empresarial y [&hellip;]","og_url":"https:\/\/helloproject.es\/vigilancia\/premios-idi-fomentar-la-competitividad-empresarial-y-el-emprendimiento-en-el-medio-rural\/","og_site_name":"bip4ex","article_published_time":"2026-02-25T13:28:29+00:00","author":"Luis Miguel Mej\u00edas Ramos","twitter_card":"summary_large_image","twitter_misc":{"Escrito por":"Luis Miguel Mej\u00edas Ramos","Tiempo de lectura":"1 minuto"},"schema":{"@context":"https:\/\/schema.org","@graph":[{"@type":"Article","@id":"https:\/\/helloproject.es\/vigilancia\/premios-idi-fomentar-la-competitividad-empresarial-y-el-emprendimiento-en-el-medio-rural\/#article","isPartOf":{"@id":"https:\/\/helloproject.es\/vigilancia\/premios-idi-fomentar-la-competitividad-empresarial-y-el-emprendimiento-en-el-medio-rural\/"},"author":{"name":"Luis Miguel Mej\u00edas Ramos","@id":"https:\/\/helloproject.es\/vigilancia\/#\/schema\/person\/3767b0619d59a11570372c821f8619ca"},"headline":"PREMIOS I+D+i | Fomentar la competitividad empresarial y el emprendimiento en el medio rural","datePublished":"2026-02-25T13:28:29+00:00","mainEntityOfPage":{"@id":"https:\/\/helloproject.es\/vigilancia\/premios-idi-fomentar-la-competitividad-empresarial-y-el-emprendimiento-en-el-medio-rural\/"},"wordCount":254,"publisher":{"@id":"https:\/\/helloproject.es\/vigilancia\/#organization"},"articleSection":["Noticias"],"inLanguage":"es"},{"@type":"WebPage","@id":"https:\/\/helloproject.es\/vigilancia\/premios-idi-fomentar-la-competitividad-empresarial-y-el-emprendimiento-en-el-medio-rural\/","url":"https:\/\/helloproject.es\/vigilancia\/premios-idi-fomentar-la-competitividad-empresarial-y-el-emprendimiento-en-el-medio-rural\/","name":"PREMIOS I+D+i | Fomentar la competitividad empresarial y el emprendimiento en el medio rural - bip4ex","isPartOf":{"@id":"https:\/\/helloproject.es\/vigilancia\/#website"},"datePublished":"2026-02-25T13:28:29+00:00","breadcrumb":{"@id":"https:\/\/helloproject.es\/vigilancia\/premios-idi-fomentar-la-competitividad-empresarial-y-el-emprendimiento-en-el-medio-rural\/#breadcrumb"},"inLanguage":"es","potentialAction":[{"@type":"ReadAction","target":["https:\/\/helloproject.es\/vigilancia\/premios-idi-fomentar-la-competitividad-empresarial-y-el-emprendimiento-en-el-medio-rural\/"]}]},{"@type":"BreadcrumbList","@id":"https:\/\/helloproject.es\/vigilancia\/premios-idi-fomentar-la-competitividad-empresarial-y-el-emprendimiento-en-el-medio-rural\/#breadcrumb","itemListElement":[{"@type":"ListItem","position":1,"name":"Home","item":"https:\/\/helloproject.es\/vigilancia\/"},{"@type":"ListItem","position":2,"name":"PREMIOS I+D+i | Fomentar la competitividad empresarial y el emprendimiento en el medio rural"}]},{"@type":"WebSite","@id":"https:\/\/helloproject.es\/vigilancia\/#website","url":"https:\/\/helloproject.es\/vigilancia\/","name":"bip4ex","description":"Vigilancia Tecnol\u00f3gica","publisher":{"@id":"https:\/\/helloproject.es\/vigilancia\/#organization"},"potentialAction":[{"@type":"SearchAction","target":{"@type":"EntryPoint","urlTemplate":"https:\/\/helloproject.es\/vigilancia\/?s={search_term_string}"},"query-input":{"@type":"PropertyValueSpecification","valueRequired":true,"valueName":"search_term_string"}}],"inLanguage":"es"},{"@type":"Organization","@id":"https:\/\/helloproject.es\/vigilancia\/#organization","name":"Helloproject.es","url":"https:\/\/helloproject.es\/vigilancia\/","logo":{"@type":"ImageObject","inLanguage":"es","@id":"https:\/\/helloproject.es\/vigilancia\/#\/schema\/logo\/image\/","url":"https:\/\/helloproject.es\/vigilancia\/wp-content\/uploads\/2023\/07\/bip4ex.png","contentUrl":"https:\/\/helloproject.es\/vigilancia\/wp-content\/uploads\/2023\/07\/bip4ex.png","width":322,"height":365,"caption":"Helloproject.es"},"image":{"@id":"https:\/\/helloproject.es\/vigilancia\/#\/schema\/logo\/image\/"}},{"@type":"Person","@id":"https:\/\/helloproject.es\/vigilancia\/#\/schema\/person\/3767b0619d59a11570372c821f8619ca","name":"Luis Miguel Mej\u00edas Ramos","url":"https:\/\/helloproject.es\/vigilancia\/author\/luismi\/"}]}},"_links":{"self":[{"href":"https:\/\/helloproject.es\/vigilancia\/wp-json\/wp\/v2\/posts\/199127","targetHints":{"allow":["GET"]}}],"collection":[{"href":"https:\/\/helloproject.es\/vigilancia\/wp-json\/wp\/v2\/posts"}],"about":[{"href":"https:\/\/helloproject.es\/vigilancia\/wp-json\/wp\/v2\/types\/post"}],"author":[{"embeddable":true,"href":"https:\/\/helloproject.es\/vigilancia\/wp-json\/wp\/v2\/users\/5"}],"replies":[{"embeddable":true,"href":"https:\/\/helloproject.es\/vigilancia\/wp-json\/wp\/v2\/comments?post=199127"}],"version-history":[{"count":0,"href":"https:\/\/helloproject.es\/vigilancia\/wp-json\/wp\/v2\/posts\/199127\/revisions"}],"wp:attachment":[{"href":"https:\/\/helloproject.es\/vigilancia\/wp-json\/wp\/v2\/media?parent=199127"}],"wp:term":[{"taxonomy":"category","embeddable":true,"href":"https:\/\/helloproject.es\/vigilancia\/wp-json\/wp\/v2\/categories?post=199127"},{"taxonomy":"post_tag","embeddable":true,"href":"https:\/\/helloproject.es\/vigilancia\/wp-json\/wp\/v2\/tags?post=199127"}],"curies":[{"name":"wp","href":"https:\/\/api.w.org\/{rel}","templated":true}]}}