{"id":199134,"date":"2026-02-25T15:28:10","date_gmt":"2026-02-25T14:28:10","guid":{"rendered":"https:\/\/helloproject.es\/vigilancia\/consumo-prohibira-la-venta-de-bebidas-energeticas-a-menores-de-16-anos\/"},"modified":"2026-02-25T15:28:10","modified_gmt":"2026-02-25T14:28:10","slug":"consumo-prohibira-la-venta-de-bebidas-energeticas-a-menores-de-16-anos","status":"publish","type":"post","link":"https:\/\/helloproject.es\/vigilancia\/consumo-prohibira-la-venta-de-bebidas-energeticas-a-menores-de-16-anos\/","title":{"rendered":"Consumo prohibir\u00e1 la venta de bebidas energ\u00e9ticas a menores de 16 a\u00f1os"},"content":{"rendered":"<p>El ministro de Derechos Sociales, Consumo y Agenda 2030, Pablo Bustinduy, ha anunciado este mi\u00e9rcoles que pondr\u00e1 en marcha una normativa para prohibir las bebidas energ\u00e9ticas a menores de 16 a\u00f1os.<\/p>\n<p>En declaraciones a la prensa en Barcelona, Bustinduy ha se\u00f1alado que esta prohibici\u00f3n se ampliar\u00e1 tambi\u00e9n a los menores de 18 a\u00f1os en el caso de las bebidas que contienen m\u00e1s de 32 miligramos de cafe\u00edna por cada 100 mililitros.\u00a0<\/p>\n<p>As\u00ed lo ha detallado el ministro en Barcelona, despu\u00e9s de inaugurar el I Congreso multisede sobre servicios sociales, cuidados y comunidad, y antes de reunirse con representantes de la Gasol Foundation, organizaci\u00f3n que combate la obesidad infantil.<\/p>\n<p><a><\/a><\/p>\n<h2>Una amenaza para los j\u00f3venes<\/h2>\n<p>\u00abEs una evidencia cient\u00edfica que estas bebidas energ\u00e9ticas se han convertido en una amenaza para la salud de las personas j\u00f3venes\u00bb, ha afirmado el ministro para justificar la necesidad de esta prohibici\u00f3n.\u00a0<\/p>\n<p>Preguntado por c\u00f3mo y cu\u00e1ndo estar\u00e1 en vigor esta medida, Bustinduy ha dicho que tiene \u00abla firme voluntad de sacar adelante esta regulaci\u00f3n con el instrumento jur\u00eddico m\u00e1s eficaz y que vea la luz en el menor plazo posible\u00bb.<\/p>\n<p>Nueve de cada diez personas en Espa\u00f1a est\u00e1 de acuerdo con esta prohibici\u00f3n<\/p>\n<p>El ministro ha juzgado que es una medida a la que \u00abdif\u00edcilmente alguien podr\u00e1 oponerse\u00bb, pues existe \u00abun consenso ampl\u00edsimo\u00bb sobre los efectos nocivos de estas bebidas en la salud de los m\u00e1s j\u00f3venes.\u00a0<\/p>\n<p>En este sentido, ha hecho referencia al bar\u00f3metro sobre publicidad de alimentos y bebidas energ\u00e9ticas que adelant\u00f3 la semana pasada la AESAN (Agencia Espa\u00f1ola de Seguridad Alimentaria y Nutrici\u00f3n), seg\u00fan el cual nueve de cada diez personas en Espa\u00f1a est\u00e1 de acuerdo con esta prohibici\u00f3n.\u00a0<\/p>\n<p><a><\/a><\/p>\n<h2>Prohibida la venta en centros escolares<\/h2>\n<p>El mismo estudio indica que el 25 % de los encuestados consume bebidas energ\u00e9ticas y que lo hacen dos veces por semana de media.\u00a0<\/p>\n<p>El 25 % de los encuestados\u00a0consume\u00a0bebidas energ\u00e9ticas\u00a0y lo hacen dos veces por semana<\/p>\n<p>Por otra parte, casi la mitad (el 49 %) de quienes toman bebidas energ\u00e9ticas consumen al menos una al d\u00eda, y el 47 % las mezclan regularmente con alcohol.<\/p>\n<p>Esta pr\u00f3xima regulaci\u00f3n se sumar\u00e1 a la prohibici\u00f3n de la venta de bebidas energ\u00e9ticas en los centros escolares de toda Espa\u00f1a, que impuls\u00f3 el Ministerio de Consumo.<\/p>\n<p>Adem\u00e1s, como existen \u00abcampa\u00f1as de publicidad muy agresivas\u00bb en el \u00e1mbito de las bebidas energ\u00e9ticas y en otros productos no saludables, el ministro ha recordado que recientemente ya se puso en marcha una normativa para regular de la publicidad de estos alimentos.<\/p>","protected":false},"excerpt":{"rendered":"<p>El ministro de Derechos Sociales, Consumo y Agenda 2030, Pablo Bustinduy, ha anunciado este mi\u00e9rcoles que pondr\u00e1 en marcha una normativa para prohibir las bebidas energ\u00e9ticas a menores de 16 a\u00f1os. En declaraciones a la prensa en Barcelona, Bustinduy ha se\u00f1alado que esta prohibici\u00f3n se ampliar\u00e1 tambi\u00e9n a los menores de 18 a\u00f1os en el [&hellip;]<\/p>\n","protected":false},"author":5,"featured_media":0,"comment_status":"","ping_status":"","sticky":false,"template":"","format":"standard","meta":{"site-sidebar-layout":"default","site-content-layout":"","ast-site-content-layout":"default","site-content-style":"default","site-sidebar-style":"default","ast-global-header-display":"","ast-banner-title-visibility":"","ast-main-header-display":"","ast-hfb-above-header-display":"","ast-hfb-below-header-display":"","ast-hfb-mobile-header-display":"","site-post-title":"","ast-breadcrumbs-content":"","ast-featured-img":"","footer-sml-layout":"","ast-disable-related-posts":"","theme-transparent-header-meta":"","adv-header-id-meta":"","stick-header-meta":"","header-above-stick-meta":"","header-main-stick-meta":"","header-below-stick-meta":"","astra-migrate-meta-layouts":"default","ast-page-background-enabled":"default","ast-page-background-meta":{"desktop":{"background-color":"var(--ast-global-color-4)","background-image":"","background-repeat":"repeat","background-position":"center center","background-size":"auto","background-attachment":"scroll","background-type":"","background-media":"","overlay-type":"","overlay-color":"","overlay-opacity":"","overlay-gradient":""},"tablet":{"background-color":"","background-image":"","background-repeat":"repeat","background-position":"center center","background-size":"auto","background-attachment":"scroll","background-type":"","background-media":"","overlay-type":"","overlay-color":"","overlay-opacity":"","overlay-gradient":""},"mobile":{"background-color":"","background-image":"","background-repeat":"repeat","background-position":"center center","background-size":"auto","background-attachment":"scroll","background-type":"","background-media":"","overlay-type":"","overlay-color":"","overlay-opacity":"","overlay-gradient":""}},"ast-content-background-meta":{"desktop":{"background-color":"var(--ast-global-color-5)","background-image":"","background-repeat":"repeat","background-position":"center center","background-size":"auto","background-attachment":"scroll","background-type":"","background-media":"","overlay-type":"","overlay-color":"","overlay-opacity":"","overlay-gradient":""},"tablet":{"background-color":"var(--ast-global-color-5)","background-image":"","background-repeat":"repeat","background-position":"center center","background-size":"auto","background-attachment":"scroll","background-type":"","background-media":"","overlay-type":"","overlay-color":"","overlay-opacity":"","overlay-gradient":""},"mobile":{"background-color":"var(--ast-global-color-5)","background-image":"","background-repeat":"repeat","background-position":"center center","background-size":"auto","background-attachment":"scroll","background-type":"","background-media":"","overlay-type":"","overlay-color":"","overlay-opacity":"","overlay-gradient":""}},"footnotes":""},"categories":[5],"tags":[],"class_list":["post-199134","post","type-post","status-publish","format-standard","hentry","category-noticias"],"yoast_head":"<!-- This site is optimized with the Yoast SEO Premium plugin v20.9 (Yoast SEO v27.4) - https:\/\/yoast.com\/product\/yoast-seo-premium-wordpress\/ -->\n<title>Consumo prohibir\u00e1 la venta de bebidas energ\u00e9ticas a menores de 16 a\u00f1os - bip4ex<\/title>\n<meta name=\"robots\" content=\"index, follow, max-snippet:-1, max-image-preview:large, max-video-preview:-1\" \/>\n<link rel=\"canonical\" href=\"https:\/\/helloproject.es\/vigilancia\/consumo-prohibira-la-venta-de-bebidas-energeticas-a-menores-de-16-anos\/\" \/>\n<meta property=\"og:locale\" content=\"es_ES\" \/>\n<meta property=\"og:type\" content=\"article\" \/>\n<meta property=\"og:title\" content=\"Consumo prohibir\u00e1 la venta de bebidas energ\u00e9ticas a menores de 16 a\u00f1os\" \/>\n<meta property=\"og:description\" content=\"El ministro de Derechos Sociales, Consumo y Agenda 2030, Pablo Bustinduy, ha anunciado este mi\u00e9rcoles que pondr\u00e1 en marcha una normativa para prohibir las bebidas energ\u00e9ticas a menores de 16 a\u00f1os. En declaraciones a la prensa en Barcelona, Bustinduy ha se\u00f1alado que esta prohibici\u00f3n se ampliar\u00e1 tambi\u00e9n a los menores de 18 a\u00f1os en el [&hellip;]\" \/>\n<meta property=\"og:url\" content=\"https:\/\/helloproject.es\/vigilancia\/consumo-prohibira-la-venta-de-bebidas-energeticas-a-menores-de-16-anos\/\" \/>\n<meta property=\"og:site_name\" content=\"bip4ex\" \/>\n<meta property=\"article:published_time\" content=\"2026-02-25T14:28:10+00:00\" \/>\n<meta name=\"author\" content=\"Luis Miguel Mej\u00edas Ramos\" \/>\n<meta name=\"twitter:card\" content=\"summary_large_image\" \/>\n<meta name=\"twitter:label1\" content=\"Escrito por\" \/>\n\t<meta name=\"twitter:data1\" content=\"Luis Miguel Mej\u00edas Ramos\" \/>\n\t<meta name=\"twitter:label2\" content=\"Tiempo de lectura\" \/>\n\t<meta name=\"twitter:data2\" content=\"2 minutos\" \/>\n<script type=\"application\/ld+json\" class=\"yoast-schema-graph\">{\"@context\":\"https:\\\/\\\/schema.org\",\"@graph\":[{\"@type\":\"Article\",\"@id\":\"https:\\\/\\\/helloproject.es\\\/vigilancia\\\/consumo-prohibira-la-venta-de-bebidas-energeticas-a-menores-de-16-anos\\\/#article\",\"isPartOf\":{\"@id\":\"https:\\\/\\\/helloproject.es\\\/vigilancia\\\/consumo-prohibira-la-venta-de-bebidas-energeticas-a-menores-de-16-anos\\\/\"},\"author\":{\"name\":\"Luis Miguel Mej\u00edas Ramos\",\"@id\":\"https:\\\/\\\/helloproject.es\\\/vigilancia\\\/#\\\/schema\\\/person\\\/3767b0619d59a11570372c821f8619ca\"},\"headline\":\"Consumo prohibir\u00e1 la venta de bebidas energ\u00e9ticas a menores de 16 a\u00f1os\",\"datePublished\":\"2026-02-25T14:28:10+00:00\",\"mainEntityOfPage\":{\"@id\":\"https:\\\/\\\/helloproject.es\\\/vigilancia\\\/consumo-prohibira-la-venta-de-bebidas-energeticas-a-menores-de-16-anos\\\/\"},\"wordCount\":466,\"publisher\":{\"@id\":\"https:\\\/\\\/helloproject.es\\\/vigilancia\\\/#organization\"},\"articleSection\":[\"Noticias\"],\"inLanguage\":\"es\"},{\"@type\":\"WebPage\",\"@id\":\"https:\\\/\\\/helloproject.es\\\/vigilancia\\\/consumo-prohibira-la-venta-de-bebidas-energeticas-a-menores-de-16-anos\\\/\",\"url\":\"https:\\\/\\\/helloproject.es\\\/vigilancia\\\/consumo-prohibira-la-venta-de-bebidas-energeticas-a-menores-de-16-anos\\\/\",\"name\":\"Consumo prohibir\u00e1 la venta de bebidas energ\u00e9ticas a menores de 16 a\u00f1os - bip4ex\",\"isPartOf\":{\"@id\":\"https:\\\/\\\/helloproject.es\\\/vigilancia\\\/#website\"},\"datePublished\":\"2026-02-25T14:28:10+00:00\",\"breadcrumb\":{\"@id\":\"https:\\\/\\\/helloproject.es\\\/vigilancia\\\/consumo-prohibira-la-venta-de-bebidas-energeticas-a-menores-de-16-anos\\\/#breadcrumb\"},\"inLanguage\":\"es\",\"potentialAction\":[{\"@type\":\"ReadAction\",\"target\":[\"https:\\\/\\\/helloproject.es\\\/vigilancia\\\/consumo-prohibira-la-venta-de-bebidas-energeticas-a-menores-de-16-anos\\\/\"]}]},{\"@type\":\"BreadcrumbList\",\"@id\":\"https:\\\/\\\/helloproject.es\\\/vigilancia\\\/consumo-prohibira-la-venta-de-bebidas-energeticas-a-menores-de-16-anos\\\/#breadcrumb\",\"itemListElement\":[{\"@type\":\"ListItem\",\"position\":1,\"name\":\"Home\",\"item\":\"https:\\\/\\\/helloproject.es\\\/vigilancia\\\/\"},{\"@type\":\"ListItem\",\"position\":2,\"name\":\"Consumo prohibir\u00e1 la venta de bebidas energ\u00e9ticas a menores de 16 a\u00f1os\"}]},{\"@type\":\"WebSite\",\"@id\":\"https:\\\/\\\/helloproject.es\\\/vigilancia\\\/#website\",\"url\":\"https:\\\/\\\/helloproject.es\\\/vigilancia\\\/\",\"name\":\"bip4ex\",\"description\":\"Vigilancia Tecnol\u00f3gica\",\"publisher\":{\"@id\":\"https:\\\/\\\/helloproject.es\\\/vigilancia\\\/#organization\"},\"potentialAction\":[{\"@type\":\"SearchAction\",\"target\":{\"@type\":\"EntryPoint\",\"urlTemplate\":\"https:\\\/\\\/helloproject.es\\\/vigilancia\\\/?s={search_term_string}\"},\"query-input\":{\"@type\":\"PropertyValueSpecification\",\"valueRequired\":true,\"valueName\":\"search_term_string\"}}],\"inLanguage\":\"es\"},{\"@type\":\"Organization\",\"@id\":\"https:\\\/\\\/helloproject.es\\\/vigilancia\\\/#organization\",\"name\":\"Helloproject.es\",\"url\":\"https:\\\/\\\/helloproject.es\\\/vigilancia\\\/\",\"logo\":{\"@type\":\"ImageObject\",\"inLanguage\":\"es\",\"@id\":\"https:\\\/\\\/helloproject.es\\\/vigilancia\\\/#\\\/schema\\\/logo\\\/image\\\/\",\"url\":\"https:\\\/\\\/helloproject.es\\\/vigilancia\\\/wp-content\\\/uploads\\\/2023\\\/07\\\/bip4ex.png\",\"contentUrl\":\"https:\\\/\\\/helloproject.es\\\/vigilancia\\\/wp-content\\\/uploads\\\/2023\\\/07\\\/bip4ex.png\",\"width\":322,\"height\":365,\"caption\":\"Helloproject.es\"},\"image\":{\"@id\":\"https:\\\/\\\/helloproject.es\\\/vigilancia\\\/#\\\/schema\\\/logo\\\/image\\\/\"}},{\"@type\":\"Person\",\"@id\":\"https:\\\/\\\/helloproject.es\\\/vigilancia\\\/#\\\/schema\\\/person\\\/3767b0619d59a11570372c821f8619ca\",\"name\":\"Luis Miguel Mej\u00edas Ramos\",\"url\":\"https:\\\/\\\/helloproject.es\\\/vigilancia\\\/author\\\/luismi\\\/\"}]}<\/script>\n<!-- \/ Yoast SEO Premium plugin. -->","yoast_head_json":{"title":"Consumo prohibir\u00e1 la venta de bebidas energ\u00e9ticas a menores de 16 a\u00f1os - bip4ex","robots":{"index":"index","follow":"follow","max-snippet":"max-snippet:-1","max-image-preview":"max-image-preview:large","max-video-preview":"max-video-preview:-1"},"canonical":"https:\/\/helloproject.es\/vigilancia\/consumo-prohibira-la-venta-de-bebidas-energeticas-a-menores-de-16-anos\/","og_locale":"es_ES","og_type":"article","og_title":"Consumo prohibir\u00e1 la venta de bebidas energ\u00e9ticas a menores de 16 a\u00f1os","og_description":"El ministro de Derechos Sociales, Consumo y Agenda 2030, Pablo Bustinduy, ha anunciado este mi\u00e9rcoles que pondr\u00e1 en marcha una normativa para prohibir las bebidas energ\u00e9ticas a menores de 16 a\u00f1os. En declaraciones a la prensa en Barcelona, Bustinduy ha se\u00f1alado que esta prohibici\u00f3n se ampliar\u00e1 tambi\u00e9n a los menores de 18 a\u00f1os en el [&hellip;]","og_url":"https:\/\/helloproject.es\/vigilancia\/consumo-prohibira-la-venta-de-bebidas-energeticas-a-menores-de-16-anos\/","og_site_name":"bip4ex","article_published_time":"2026-02-25T14:28:10+00:00","author":"Luis Miguel Mej\u00edas Ramos","twitter_card":"summary_large_image","twitter_misc":{"Escrito por":"Luis Miguel Mej\u00edas Ramos","Tiempo de lectura":"2 minutos"},"schema":{"@context":"https:\/\/schema.org","@graph":[{"@type":"Article","@id":"https:\/\/helloproject.es\/vigilancia\/consumo-prohibira-la-venta-de-bebidas-energeticas-a-menores-de-16-anos\/#article","isPartOf":{"@id":"https:\/\/helloproject.es\/vigilancia\/consumo-prohibira-la-venta-de-bebidas-energeticas-a-menores-de-16-anos\/"},"author":{"name":"Luis Miguel Mej\u00edas Ramos","@id":"https:\/\/helloproject.es\/vigilancia\/#\/schema\/person\/3767b0619d59a11570372c821f8619ca"},"headline":"Consumo prohibir\u00e1 la venta de bebidas energ\u00e9ticas a menores de 16 a\u00f1os","datePublished":"2026-02-25T14:28:10+00:00","mainEntityOfPage":{"@id":"https:\/\/helloproject.es\/vigilancia\/consumo-prohibira-la-venta-de-bebidas-energeticas-a-menores-de-16-anos\/"},"wordCount":466,"publisher":{"@id":"https:\/\/helloproject.es\/vigilancia\/#organization"},"articleSection":["Noticias"],"inLanguage":"es"},{"@type":"WebPage","@id":"https:\/\/helloproject.es\/vigilancia\/consumo-prohibira-la-venta-de-bebidas-energeticas-a-menores-de-16-anos\/","url":"https:\/\/helloproject.es\/vigilancia\/consumo-prohibira-la-venta-de-bebidas-energeticas-a-menores-de-16-anos\/","name":"Consumo prohibir\u00e1 la venta de bebidas energ\u00e9ticas a menores de 16 a\u00f1os - bip4ex","isPartOf":{"@id":"https:\/\/helloproject.es\/vigilancia\/#website"},"datePublished":"2026-02-25T14:28:10+00:00","breadcrumb":{"@id":"https:\/\/helloproject.es\/vigilancia\/consumo-prohibira-la-venta-de-bebidas-energeticas-a-menores-de-16-anos\/#breadcrumb"},"inLanguage":"es","potentialAction":[{"@type":"ReadAction","target":["https:\/\/helloproject.es\/vigilancia\/consumo-prohibira-la-venta-de-bebidas-energeticas-a-menores-de-16-anos\/"]}]},{"@type":"BreadcrumbList","@id":"https:\/\/helloproject.es\/vigilancia\/consumo-prohibira-la-venta-de-bebidas-energeticas-a-menores-de-16-anos\/#breadcrumb","itemListElement":[{"@type":"ListItem","position":1,"name":"Home","item":"https:\/\/helloproject.es\/vigilancia\/"},{"@type":"ListItem","position":2,"name":"Consumo prohibir\u00e1 la venta de bebidas energ\u00e9ticas a menores de 16 a\u00f1os"}]},{"@type":"WebSite","@id":"https:\/\/helloproject.es\/vigilancia\/#website","url":"https:\/\/helloproject.es\/vigilancia\/","name":"bip4ex","description":"Vigilancia Tecnol\u00f3gica","publisher":{"@id":"https:\/\/helloproject.es\/vigilancia\/#organization"},"potentialAction":[{"@type":"SearchAction","target":{"@type":"EntryPoint","urlTemplate":"https:\/\/helloproject.es\/vigilancia\/?s={search_term_string}"},"query-input":{"@type":"PropertyValueSpecification","valueRequired":true,"valueName":"search_term_string"}}],"inLanguage":"es"},{"@type":"Organization","@id":"https:\/\/helloproject.es\/vigilancia\/#organization","name":"Helloproject.es","url":"https:\/\/helloproject.es\/vigilancia\/","logo":{"@type":"ImageObject","inLanguage":"es","@id":"https:\/\/helloproject.es\/vigilancia\/#\/schema\/logo\/image\/","url":"https:\/\/helloproject.es\/vigilancia\/wp-content\/uploads\/2023\/07\/bip4ex.png","contentUrl":"https:\/\/helloproject.es\/vigilancia\/wp-content\/uploads\/2023\/07\/bip4ex.png","width":322,"height":365,"caption":"Helloproject.es"},"image":{"@id":"https:\/\/helloproject.es\/vigilancia\/#\/schema\/logo\/image\/"}},{"@type":"Person","@id":"https:\/\/helloproject.es\/vigilancia\/#\/schema\/person\/3767b0619d59a11570372c821f8619ca","name":"Luis Miguel Mej\u00edas Ramos","url":"https:\/\/helloproject.es\/vigilancia\/author\/luismi\/"}]}},"_links":{"self":[{"href":"https:\/\/helloproject.es\/vigilancia\/wp-json\/wp\/v2\/posts\/199134","targetHints":{"allow":["GET"]}}],"collection":[{"href":"https:\/\/helloproject.es\/vigilancia\/wp-json\/wp\/v2\/posts"}],"about":[{"href":"https:\/\/helloproject.es\/vigilancia\/wp-json\/wp\/v2\/types\/post"}],"author":[{"embeddable":true,"href":"https:\/\/helloproject.es\/vigilancia\/wp-json\/wp\/v2\/users\/5"}],"replies":[{"embeddable":true,"href":"https:\/\/helloproject.es\/vigilancia\/wp-json\/wp\/v2\/comments?post=199134"}],"version-history":[{"count":0,"href":"https:\/\/helloproject.es\/vigilancia\/wp-json\/wp\/v2\/posts\/199134\/revisions"}],"wp:attachment":[{"href":"https:\/\/helloproject.es\/vigilancia\/wp-json\/wp\/v2\/media?parent=199134"}],"wp:term":[{"taxonomy":"category","embeddable":true,"href":"https:\/\/helloproject.es\/vigilancia\/wp-json\/wp\/v2\/categories?post=199134"},{"taxonomy":"post_tag","embeddable":true,"href":"https:\/\/helloproject.es\/vigilancia\/wp-json\/wp\/v2\/tags?post=199134"}],"curies":[{"name":"wp","href":"https:\/\/api.w.org\/{rel}","templated":true}]}}