{"id":199135,"date":"2026-02-25T15:28:12","date_gmt":"2026-02-25T14:28:12","guid":{"rendered":"https:\/\/helloproject.es\/vigilancia\/una-nueva-imagen-del-centro-de-la-via-lactea-revela-su-quimica-oculta-con-un-detalle-sin-precedentes\/"},"modified":"2026-02-25T15:28:12","modified_gmt":"2026-02-25T14:28:12","slug":"una-nueva-imagen-del-centro-de-la-via-lactea-revela-su-quimica-oculta-con-un-detalle-sin-precedentes","status":"publish","type":"post","link":"https:\/\/helloproject.es\/vigilancia\/una-nueva-imagen-del-centro-de-la-via-lactea-revela-su-quimica-oculta-con-un-detalle-sin-precedentes\/","title":{"rendered":"Una nueva imagen del centro de la V\u00eda L\u00e1ctea revela su qu\u00edmica oculta con un detalle sin precedentes"},"content":{"rendered":"<p>Un equipo de astr\u00f3nomos y astr\u00f3nomas ha captado una nueva y sorprendente imagen de la regi\u00f3n central de nuestra V\u00eda L\u00e1ctea, que revela una compleja red de filamentos de gas c\u00f3smico con un detalle sin precedentes.<\/p>\n<p>Obtenido con el radiotelescopio ALMA (Atacama Large Millimeter\/submillimeter Array), este rico conjunto de datos permitir\u00e1 a la comunidad astron\u00f3mica profundizar en la vida de las estrellas presentes en la regi\u00f3n m\u00e1s extrema de nuestra galaxia, junto al agujero negro supermasivo que hay en su centro.<\/p>\n<p>\u201cEs un lugar de extremos, invisible a nuestros ojos, pero ahora revelado con extraordinario detalle\u201d, declara Ashley Barnes, astr\u00f3nomo del Observatorio Europeo Austral (ESO) en Alemania, que forma parte del equipo que obtuvo los nuevos datos.<\/p>\n<p><img decoding=\"async\" src=\"https:\/\/www.agenciasinc.es\/bundles\/app\/images\/quotebefore.png\" \/><\/p>\n<p>Es un lugar de extremos, invisible a nuestros ojos, pero ahora revelado con extraordinario detalle<\/p>\n<p>Ashley Barnes, ESO<br \/>\n<img decoding=\"async\" src=\"https:\/\/www.agenciasinc.es\/bundles\/app\/images\/quoteafter.png\" \/><\/p>\n<p>Las observaciones proporcionan una visi\u00f3n \u00fanica del gas fr\u00edo (la materia prima a partir de la cual se forman las estrellas) dentro de la llamada Zona Molecular Central (CMZ, por sus siglas en ingl\u00e9s) de nuestra galaxia. Es la primera vez que se explora con tanto detalle el gas fr\u00edo de toda esta zona.<\/p>\n<p>Los datos se presentan en <a href=\"https:\/\/almascience.org\/alma-data\/lp\/aces\" target=\"_blank\">cinco art\u00edculos<\/a>, ahora aceptados para su publicaci\u00f3n en\u00a0Monthly Notices of the Royal Astronomical Society.<\/p>\n<p>                        <a href=\"https:\/\/www.agenciasinc.es\/Noticias\/Desvelan-por-primera-vez-detalles-de-la-adolescencia-de-los-sistemas-planetarios\"><br \/>\n                            <img decoding=\"async\" src=\"https:\/\/cdn.agenciasinc.es\/var\/ezwebin_site\/storage\/images\/noticias\/desvelan-por-primera-vez-detalles-de-la-adolescencia-de-los-sistemas-planetarios\/12369852-1-esl-MX\/Desvelan-por-primera-vez-detalles-de-la-adolescencia-de-los-sistemas-planetarios.png\" alt=\"Desvelan por primera vez detalles de la \u2018adolescencia\u2019 de los sistemas planetarios\" title=\"Desvelan por primera vez detalles de la \u2018adolescencia\u2019 de los sistemas planetarios\" class=\"small_fotoderecha_img\" loading=\"lazy\" \/><br \/>\n                        <\/a><\/p>\n<p>                    <a href=\"https:\/\/www.agenciasinc.es\/Noticias\/Desvelan-por-primera-vez-detalles-de-la-adolescencia-de-los-sistemas-planetarios\" class=\"small_fotoderecha_titulo\"><\/a><\/p>\n<h3 class=\"small_fotoderecha_titulo\">Desvelan por primera vez detalles de la \u2018adolescencia\u2019 de los sistemas planetarios<\/h3>\n<p>                    <\/p>\n<p>                                                                                                                                                <a href=\"https:\/\/www.agenciasinc.es\/Autor\/SINC\"><br \/>\n                                        SINC<br \/>\n                                        <\/a>                                                                                                <\/p>\n<p><a><\/a><\/p>\n<h2>Una regi\u00f3n de m\u00e1s de 650 a\u00f1os luz<\/h2>\n<p>La regi\u00f3n que aparece en la nueva imagen abarca m\u00e1s de 650 a\u00f1os luz. Alberga densas nubes de gas y polvo que rodean el agujero negro supermasivo que hay en el centro de nuestra galaxia.<\/p>\n<p>\u201cEs el \u00fanico n\u00facleo gal\u00e1ctico lo suficientemente cercano a la Tierra como para que lo estudiemos con tanto detalle\u201d, afirma Barnes. El conjunto de datos revela la CMZ como nunca antes, desde estructuras de gas de decenas de a\u00f1os luz de di\u00e1metro hasta peque\u00f1as nubes de gas alrededor de estrellas individuales.<\/p>\n<p>En concreto, el gas que se estudia con\u00a0<a href=\"https:\/\/sites.google.com\/view\/aces-cmz\/home\" target=\"_blank\">ACES<\/a>\u00a0(siglas de\u00a0<a href=\"https:\/\/www.eso.org\/public\/spain\/teles-instr\/alma\/\" target=\"_blank\">ALMA<\/a>\u00a0CMZ Exploration Survey, sondeo de exploraci\u00f3n de la zona molecular central con ALMA) es gas molecular fr\u00edo. El sondeo desentra\u00f1a la intrincada qu\u00edmica de la CMZ, y ha detectado docenas de mol\u00e9culas diferentes, desde las simples, como el mon\u00f3xido de silicio, hasta las org\u00e1nicas m\u00e1s complejas, como el metanol, la acetona o el etanol.<\/p>\n<p><img decoding=\"async\" src=\"https:\/\/www.agenciasinc.es\/bundles\/app\/images\/quotebefore.png\" \/><\/p>\n<p>La CMZ alberga algunas de las estrellas m\u00e1s masivas conocidas en nuestra galaxia, muchas de las cuales viven r\u00e1pido y mueren j\u00f3venes, terminando sus vidas en potentes explosiones de supernovas e incluso hipernovas<\/p>\n<p>Steve Longmore, Universidad John Moores<br \/>\n<img decoding=\"async\" src=\"https:\/\/www.agenciasinc.es\/bundles\/app\/images\/quoteafter.png\" \/><\/p>\n<p>El gas molecular fr\u00edo fluye a lo largo de filamentos que alimentan grupos de materia a partir de los cuales pueden crecer estrellas. En las afueras de la V\u00eda L\u00e1ctea se sabe c\u00f3mo ocurre este proceso, pero dentro de la regi\u00f3n central los eventos son mucho m\u00e1s extremos.<\/p>\n<p>\u201cLa CMZ alberga algunas de las estrellas m\u00e1s masivas conocidas en nuestra galaxia, muchas de las cuales viven r\u00e1pido y mueren j\u00f3venes, terminando sus vidas en potentes explosiones de supernovas e incluso hipernovas\u201d, declara el l\u00edder de ACES, Steve Longmore, profesor de astrof\u00edsica en la Universidad John Moores de Liverpool (Reino Unido).<\/p>\n<p>                        <a href=\"https:\/\/www.agenciasinc.es\/Noticias\/Captan-por-primera-vez-el-instante-en-que-empieza-a-formarse-un-sistema-planetario\"><br \/>\n                            <img decoding=\"async\" src=\"https:\/\/cdn.agenciasinc.es\/var\/ezwebin_site\/storage\/images\/noticias\/captan-por-primera-vez-el-instante-en-que-empieza-a-formarse-un-sistema-planetario\/12329066-1-esl-MX\/Captan-por-primera-vez-el-instante-en-que-empieza-a-formarse-un-sistema-planetario.jpg\" alt=\"Captan por primera vez el instante en que empieza a formarse un sistema planetario\" title=\"Captan por primera vez el instante en que empieza a formarse un sistema planetario\" class=\"small_fotoderecha_img\" loading=\"lazy\" \/><br \/>\n                        <\/a><\/p>\n<p>                    <a href=\"https:\/\/www.agenciasinc.es\/Noticias\/Captan-por-primera-vez-el-instante-en-que-empieza-a-formarse-un-sistema-planetario\" class=\"small_fotoderecha_titulo\"><\/a><\/p>\n<h3 class=\"small_fotoderecha_titulo\">Captan por primera vez el instante en que empieza a formarse un sistema planetario<\/h3>\n<p>                    <\/p>\n<p>                                                                                                                                                <a href=\"https:\/\/www.agenciasinc.es\/Autor\/SINC\"><br \/>\n                                        SINC<br \/>\n                                        <\/a>                                                                                                <\/p>\n<p><a><\/a><\/p>\n<h2>Estrellas en entornos extremos<\/h2>\n<p>Con ACES, la comunidad astron\u00f3mica espera comprender mejor c\u00f3mo influyen estos fen\u00f3menos en el nacimiento de las estrellas y si nuestras teor\u00edas de formaci\u00f3n estelar se mantienen en entornos extremos.<\/p>\n<p>Esta es la primera vez que se escanea un \u00e1rea tan grande con esta instalaci\u00f3n, lo que la convierte en la imagen m\u00e1s grande de ALMA<\/p>\n<p>\u201cAl estudiar c\u00f3mo nacen las estrellas en la CMZ, tambi\u00e9n podemos obtener una imagen m\u00e1s clara de c\u00f3mo crecieron y evolucionaron las galaxias\u201d, agrega Longmore. \u201cCreemos que la regi\u00f3n comparte muchas caracter\u00edsticas con las galaxias del universo temprano, donde las estrellas se formaban en entornos ca\u00f3ticos y extremos\u201d.<\/p>\n<p>Para recopilar este nuevo conjunto de datos, el equipo utiliz\u00f3\u00a0<a href=\"https:\/\/www.eso.org\/public\/spain\/teles-instr\/alma\/\" target=\"_blank\">ALMA<\/a>, una instalaci\u00f3n operada por ESO y sus socios en el desierto de Atacama, en Chile. De hecho, esta es la primera vez que se escanea un \u00e1rea tan grande con esta instalaci\u00f3n, lo que la convierte en la imagen m\u00e1s grande de ALMA. En el cielo, el mosaico (obtenido al unir muchas observaciones individuales, como juntar piezas de un rompecabezas) es tan largo como tres lunas llenas puestas una al lado de la otra.<\/p>\n<p>\u201cLa pr\u00f3xima\u00a0<a href=\"https:\/\/www.eso.org\/public\/spain\/teles-instr\/alma\/wsu\/\" target=\"_blank\">actualizaci\u00f3n de sensibilidad de banda ancha<\/a>\u00a0de ALMA, junto con el\u00a0<a href=\"https:\/\/elt.eso.org\/\" target=\"_blank\">Telescopio Extremadamente Grande<\/a>\u00a0de ESO, pronto nos permitir\u00e1 adentrarnos a\u00fan m\u00e1s en esta regi\u00f3n para resolver estructuras m\u00e1s finas, rastrear qu\u00edmicas m\u00e1s complejas y explorar la interacci\u00f3n entre estrellas, gas y agujeros negros con una claridad sin\u00a0precedentes\u201d, concluye Barnes. \u201cEn muchos sentidos, esto no es m\u00e1s que el comienzo\u201d.<\/p>","protected":false},"excerpt":{"rendered":"<p>Un equipo de astr\u00f3nomos y astr\u00f3nomas ha captado una nueva y sorprendente imagen de la regi\u00f3n central de nuestra V\u00eda L\u00e1ctea, que revela una compleja red de filamentos de gas c\u00f3smico con un detalle sin precedentes. Obtenido con el radiotelescopio ALMA (Atacama Large Millimeter\/submillimeter Array), este rico conjunto de datos permitir\u00e1 a la comunidad astron\u00f3mica [&hellip;]<\/p>\n","protected":false},"author":5,"featured_media":0,"comment_status":"","ping_status":"","sticky":false,"template":"","format":"standard","meta":{"site-sidebar-layout":"default","site-content-layout":"","ast-site-content-layout":"default","site-content-style":"default","site-sidebar-style":"default","ast-global-header-display":"","ast-banner-title-visibility":"","ast-main-header-display":"","ast-hfb-above-header-display":"","ast-hfb-below-header-display":"","ast-hfb-mobile-header-display":"","site-post-title":"","ast-breadcrumbs-content":"","ast-featured-img":"","footer-sml-layout":"","ast-disable-related-posts":"","theme-transparent-header-meta":"","adv-header-id-meta":"","stick-header-meta":"","header-above-stick-meta":"","header-main-stick-meta":"","header-below-stick-meta":"","astra-migrate-meta-layouts":"default","ast-page-background-enabled":"default","ast-page-background-meta":{"desktop":{"background-color":"var(--ast-global-color-4)","background-image":"","background-repeat":"repeat","background-position":"center center","background-size":"auto","background-attachment":"scroll","background-type":"","background-media":"","overlay-type":"","overlay-color":"","overlay-opacity":"","overlay-gradient":""},"tablet":{"background-color":"","background-image":"","background-repeat":"repeat","background-position":"center center","background-size":"auto","background-attachment":"scroll","background-type":"","background-media":"","overlay-type":"","overlay-color":"","overlay-opacity":"","overlay-gradient":""},"mobile":{"background-color":"","background-image":"","background-repeat":"repeat","background-position":"center center","background-size":"auto","background-attachment":"scroll","background-type":"","background-media":"","overlay-type":"","overlay-color":"","overlay-opacity":"","overlay-gradient":""}},"ast-content-background-meta":{"desktop":{"background-color":"var(--ast-global-color-5)","background-image":"","background-repeat":"repeat","background-position":"center center","background-size":"auto","background-attachment":"scroll","background-type":"","background-media":"","overlay-type":"","overlay-color":"","overlay-opacity":"","overlay-gradient":""},"tablet":{"background-color":"var(--ast-global-color-5)","background-image":"","background-repeat":"repeat","background-position":"center center","background-size":"auto","background-attachment":"scroll","background-type":"","background-media":"","overlay-type":"","overlay-color":"","overlay-opacity":"","overlay-gradient":""},"mobile":{"background-color":"var(--ast-global-color-5)","background-image":"","background-repeat":"repeat","background-position":"center center","background-size":"auto","background-attachment":"scroll","background-type":"","background-media":"","overlay-type":"","overlay-color":"","overlay-opacity":"","overlay-gradient":""}},"footnotes":""},"categories":[5],"tags":[],"class_list":["post-199135","post","type-post","status-publish","format-standard","hentry","category-noticias"],"yoast_head":"<!-- This site is optimized with the Yoast SEO Premium plugin v20.9 (Yoast SEO v27.4) - https:\/\/yoast.com\/product\/yoast-seo-premium-wordpress\/ -->\n<title>Una nueva imagen del centro de la V\u00eda L\u00e1ctea revela su qu\u00edmica oculta con un detalle sin precedentes - bip4ex<\/title>\n<meta name=\"robots\" content=\"index, follow, max-snippet:-1, max-image-preview:large, max-video-preview:-1\" \/>\n<link rel=\"canonical\" href=\"https:\/\/helloproject.es\/vigilancia\/una-nueva-imagen-del-centro-de-la-via-lactea-revela-su-quimica-oculta-con-un-detalle-sin-precedentes\/\" \/>\n<meta property=\"og:locale\" content=\"es_ES\" \/>\n<meta property=\"og:type\" content=\"article\" \/>\n<meta property=\"og:title\" content=\"Una nueva imagen del centro de la V\u00eda L\u00e1ctea revela su qu\u00edmica oculta con un detalle sin precedentes\" \/>\n<meta property=\"og:description\" content=\"Un equipo de astr\u00f3nomos y astr\u00f3nomas ha captado una nueva y sorprendente imagen de la regi\u00f3n central de nuestra V\u00eda L\u00e1ctea, que revela una compleja red de filamentos de gas c\u00f3smico con un detalle sin precedentes. Obtenido con el radiotelescopio ALMA (Atacama Large Millimeter\/submillimeter Array), este rico conjunto de datos permitir\u00e1 a la comunidad astron\u00f3mica [&hellip;]\" \/>\n<meta property=\"og:url\" content=\"https:\/\/helloproject.es\/vigilancia\/una-nueva-imagen-del-centro-de-la-via-lactea-revela-su-quimica-oculta-con-un-detalle-sin-precedentes\/\" \/>\n<meta property=\"og:site_name\" content=\"bip4ex\" \/>\n<meta property=\"article:published_time\" content=\"2026-02-25T14:28:12+00:00\" \/>\n<meta property=\"og:image\" content=\"https:\/\/www.agenciasinc.es\/bundles\/app\/images\/quotebefore.png\" \/>\n<meta name=\"author\" content=\"Luis Miguel Mej\u00edas Ramos\" \/>\n<meta name=\"twitter:card\" content=\"summary_large_image\" \/>\n<meta name=\"twitter:label1\" content=\"Escrito por\" \/>\n\t<meta name=\"twitter:data1\" content=\"Luis Miguel Mej\u00edas Ramos\" \/>\n\t<meta name=\"twitter:label2\" content=\"Tiempo de lectura\" \/>\n\t<meta name=\"twitter:data2\" content=\"4 minutos\" \/>\n<script type=\"application\/ld+json\" class=\"yoast-schema-graph\">{\"@context\":\"https:\\\/\\\/schema.org\",\"@graph\":[{\"@type\":\"Article\",\"@id\":\"https:\\\/\\\/helloproject.es\\\/vigilancia\\\/una-nueva-imagen-del-centro-de-la-via-lactea-revela-su-quimica-oculta-con-un-detalle-sin-precedentes\\\/#article\",\"isPartOf\":{\"@id\":\"https:\\\/\\\/helloproject.es\\\/vigilancia\\\/una-nueva-imagen-del-centro-de-la-via-lactea-revela-su-quimica-oculta-con-un-detalle-sin-precedentes\\\/\"},\"author\":{\"name\":\"Luis Miguel Mej\u00edas Ramos\",\"@id\":\"https:\\\/\\\/helloproject.es\\\/vigilancia\\\/#\\\/schema\\\/person\\\/3767b0619d59a11570372c821f8619ca\"},\"headline\":\"Una nueva imagen del centro de la V\u00eda L\u00e1ctea revela su qu\u00edmica oculta con un detalle sin precedentes\",\"datePublished\":\"2026-02-25T14:28:12+00:00\",\"mainEntityOfPage\":{\"@id\":\"https:\\\/\\\/helloproject.es\\\/vigilancia\\\/una-nueva-imagen-del-centro-de-la-via-lactea-revela-su-quimica-oculta-con-un-detalle-sin-precedentes\\\/\"},\"wordCount\":887,\"publisher\":{\"@id\":\"https:\\\/\\\/helloproject.es\\\/vigilancia\\\/#organization\"},\"image\":{\"@id\":\"https:\\\/\\\/helloproject.es\\\/vigilancia\\\/una-nueva-imagen-del-centro-de-la-via-lactea-revela-su-quimica-oculta-con-un-detalle-sin-precedentes\\\/#primaryimage\"},\"thumbnailUrl\":\"https:\\\/\\\/www.agenciasinc.es\\\/bundles\\\/app\\\/images\\\/quotebefore.png\",\"articleSection\":[\"Noticias\"],\"inLanguage\":\"es\"},{\"@type\":\"WebPage\",\"@id\":\"https:\\\/\\\/helloproject.es\\\/vigilancia\\\/una-nueva-imagen-del-centro-de-la-via-lactea-revela-su-quimica-oculta-con-un-detalle-sin-precedentes\\\/\",\"url\":\"https:\\\/\\\/helloproject.es\\\/vigilancia\\\/una-nueva-imagen-del-centro-de-la-via-lactea-revela-su-quimica-oculta-con-un-detalle-sin-precedentes\\\/\",\"name\":\"Una nueva imagen del centro de la V\u00eda L\u00e1ctea revela su qu\u00edmica oculta con un detalle sin precedentes - bip4ex\",\"isPartOf\":{\"@id\":\"https:\\\/\\\/helloproject.es\\\/vigilancia\\\/#website\"},\"primaryImageOfPage\":{\"@id\":\"https:\\\/\\\/helloproject.es\\\/vigilancia\\\/una-nueva-imagen-del-centro-de-la-via-lactea-revela-su-quimica-oculta-con-un-detalle-sin-precedentes\\\/#primaryimage\"},\"image\":{\"@id\":\"https:\\\/\\\/helloproject.es\\\/vigilancia\\\/una-nueva-imagen-del-centro-de-la-via-lactea-revela-su-quimica-oculta-con-un-detalle-sin-precedentes\\\/#primaryimage\"},\"thumbnailUrl\":\"https:\\\/\\\/www.agenciasinc.es\\\/bundles\\\/app\\\/images\\\/quotebefore.png\",\"datePublished\":\"2026-02-25T14:28:12+00:00\",\"breadcrumb\":{\"@id\":\"https:\\\/\\\/helloproject.es\\\/vigilancia\\\/una-nueva-imagen-del-centro-de-la-via-lactea-revela-su-quimica-oculta-con-un-detalle-sin-precedentes\\\/#breadcrumb\"},\"inLanguage\":\"es\",\"potentialAction\":[{\"@type\":\"ReadAction\",\"target\":[\"https:\\\/\\\/helloproject.es\\\/vigilancia\\\/una-nueva-imagen-del-centro-de-la-via-lactea-revela-su-quimica-oculta-con-un-detalle-sin-precedentes\\\/\"]}]},{\"@type\":\"ImageObject\",\"inLanguage\":\"es\",\"@id\":\"https:\\\/\\\/helloproject.es\\\/vigilancia\\\/una-nueva-imagen-del-centro-de-la-via-lactea-revela-su-quimica-oculta-con-un-detalle-sin-precedentes\\\/#primaryimage\",\"url\":\"https:\\\/\\\/www.agenciasinc.es\\\/bundles\\\/app\\\/images\\\/quotebefore.png\",\"contentUrl\":\"https:\\\/\\\/www.agenciasinc.es\\\/bundles\\\/app\\\/images\\\/quotebefore.png\"},{\"@type\":\"BreadcrumbList\",\"@id\":\"https:\\\/\\\/helloproject.es\\\/vigilancia\\\/una-nueva-imagen-del-centro-de-la-via-lactea-revela-su-quimica-oculta-con-un-detalle-sin-precedentes\\\/#breadcrumb\",\"itemListElement\":[{\"@type\":\"ListItem\",\"position\":1,\"name\":\"Home\",\"item\":\"https:\\\/\\\/helloproject.es\\\/vigilancia\\\/\"},{\"@type\":\"ListItem\",\"position\":2,\"name\":\"Una nueva imagen del centro de la V\u00eda L\u00e1ctea revela su qu\u00edmica oculta con un detalle sin precedentes\"}]},{\"@type\":\"WebSite\",\"@id\":\"https:\\\/\\\/helloproject.es\\\/vigilancia\\\/#website\",\"url\":\"https:\\\/\\\/helloproject.es\\\/vigilancia\\\/\",\"name\":\"bip4ex\",\"description\":\"Vigilancia Tecnol\u00f3gica\",\"publisher\":{\"@id\":\"https:\\\/\\\/helloproject.es\\\/vigilancia\\\/#organization\"},\"potentialAction\":[{\"@type\":\"SearchAction\",\"target\":{\"@type\":\"EntryPoint\",\"urlTemplate\":\"https:\\\/\\\/helloproject.es\\\/vigilancia\\\/?s={search_term_string}\"},\"query-input\":{\"@type\":\"PropertyValueSpecification\",\"valueRequired\":true,\"valueName\":\"search_term_string\"}}],\"inLanguage\":\"es\"},{\"@type\":\"Organization\",\"@id\":\"https:\\\/\\\/helloproject.es\\\/vigilancia\\\/#organization\",\"name\":\"Helloproject.es\",\"url\":\"https:\\\/\\\/helloproject.es\\\/vigilancia\\\/\",\"logo\":{\"@type\":\"ImageObject\",\"inLanguage\":\"es\",\"@id\":\"https:\\\/\\\/helloproject.es\\\/vigilancia\\\/#\\\/schema\\\/logo\\\/image\\\/\",\"url\":\"https:\\\/\\\/helloproject.es\\\/vigilancia\\\/wp-content\\\/uploads\\\/2023\\\/07\\\/bip4ex.png\",\"contentUrl\":\"https:\\\/\\\/helloproject.es\\\/vigilancia\\\/wp-content\\\/uploads\\\/2023\\\/07\\\/bip4ex.png\",\"width\":322,\"height\":365,\"caption\":\"Helloproject.es\"},\"image\":{\"@id\":\"https:\\\/\\\/helloproject.es\\\/vigilancia\\\/#\\\/schema\\\/logo\\\/image\\\/\"}},{\"@type\":\"Person\",\"@id\":\"https:\\\/\\\/helloproject.es\\\/vigilancia\\\/#\\\/schema\\\/person\\\/3767b0619d59a11570372c821f8619ca\",\"name\":\"Luis Miguel Mej\u00edas Ramos\",\"url\":\"https:\\\/\\\/helloproject.es\\\/vigilancia\\\/author\\\/luismi\\\/\"}]}<\/script>\n<!-- \/ Yoast SEO Premium plugin. -->","yoast_head_json":{"title":"Una nueva imagen del centro de la V\u00eda L\u00e1ctea revela su qu\u00edmica oculta con un detalle sin precedentes - bip4ex","robots":{"index":"index","follow":"follow","max-snippet":"max-snippet:-1","max-image-preview":"max-image-preview:large","max-video-preview":"max-video-preview:-1"},"canonical":"https:\/\/helloproject.es\/vigilancia\/una-nueva-imagen-del-centro-de-la-via-lactea-revela-su-quimica-oculta-con-un-detalle-sin-precedentes\/","og_locale":"es_ES","og_type":"article","og_title":"Una nueva imagen del centro de la V\u00eda L\u00e1ctea revela su qu\u00edmica oculta con un detalle sin precedentes","og_description":"Un equipo de astr\u00f3nomos y astr\u00f3nomas ha captado una nueva y sorprendente imagen de la regi\u00f3n central de nuestra V\u00eda L\u00e1ctea, que revela una compleja red de filamentos de gas c\u00f3smico con un detalle sin precedentes. Obtenido con el radiotelescopio ALMA (Atacama Large Millimeter\/submillimeter Array), este rico conjunto de datos permitir\u00e1 a la comunidad astron\u00f3mica [&hellip;]","og_url":"https:\/\/helloproject.es\/vigilancia\/una-nueva-imagen-del-centro-de-la-via-lactea-revela-su-quimica-oculta-con-un-detalle-sin-precedentes\/","og_site_name":"bip4ex","article_published_time":"2026-02-25T14:28:12+00:00","og_image":[{"url":"https:\/\/www.agenciasinc.es\/bundles\/app\/images\/quotebefore.png","type":"","width":"","height":""}],"author":"Luis Miguel Mej\u00edas Ramos","twitter_card":"summary_large_image","twitter_misc":{"Escrito por":"Luis Miguel Mej\u00edas Ramos","Tiempo de lectura":"4 minutos"},"schema":{"@context":"https:\/\/schema.org","@graph":[{"@type":"Article","@id":"https:\/\/helloproject.es\/vigilancia\/una-nueva-imagen-del-centro-de-la-via-lactea-revela-su-quimica-oculta-con-un-detalle-sin-precedentes\/#article","isPartOf":{"@id":"https:\/\/helloproject.es\/vigilancia\/una-nueva-imagen-del-centro-de-la-via-lactea-revela-su-quimica-oculta-con-un-detalle-sin-precedentes\/"},"author":{"name":"Luis Miguel Mej\u00edas Ramos","@id":"https:\/\/helloproject.es\/vigilancia\/#\/schema\/person\/3767b0619d59a11570372c821f8619ca"},"headline":"Una nueva imagen del centro de la V\u00eda L\u00e1ctea revela su qu\u00edmica oculta con un detalle sin precedentes","datePublished":"2026-02-25T14:28:12+00:00","mainEntityOfPage":{"@id":"https:\/\/helloproject.es\/vigilancia\/una-nueva-imagen-del-centro-de-la-via-lactea-revela-su-quimica-oculta-con-un-detalle-sin-precedentes\/"},"wordCount":887,"publisher":{"@id":"https:\/\/helloproject.es\/vigilancia\/#organization"},"image":{"@id":"https:\/\/helloproject.es\/vigilancia\/una-nueva-imagen-del-centro-de-la-via-lactea-revela-su-quimica-oculta-con-un-detalle-sin-precedentes\/#primaryimage"},"thumbnailUrl":"https:\/\/www.agenciasinc.es\/bundles\/app\/images\/quotebefore.png","articleSection":["Noticias"],"inLanguage":"es"},{"@type":"WebPage","@id":"https:\/\/helloproject.es\/vigilancia\/una-nueva-imagen-del-centro-de-la-via-lactea-revela-su-quimica-oculta-con-un-detalle-sin-precedentes\/","url":"https:\/\/helloproject.es\/vigilancia\/una-nueva-imagen-del-centro-de-la-via-lactea-revela-su-quimica-oculta-con-un-detalle-sin-precedentes\/","name":"Una nueva imagen del centro de la V\u00eda L\u00e1ctea revela su qu\u00edmica oculta con un detalle sin precedentes - bip4ex","isPartOf":{"@id":"https:\/\/helloproject.es\/vigilancia\/#website"},"primaryImageOfPage":{"@id":"https:\/\/helloproject.es\/vigilancia\/una-nueva-imagen-del-centro-de-la-via-lactea-revela-su-quimica-oculta-con-un-detalle-sin-precedentes\/#primaryimage"},"image":{"@id":"https:\/\/helloproject.es\/vigilancia\/una-nueva-imagen-del-centro-de-la-via-lactea-revela-su-quimica-oculta-con-un-detalle-sin-precedentes\/#primaryimage"},"thumbnailUrl":"https:\/\/www.agenciasinc.es\/bundles\/app\/images\/quotebefore.png","datePublished":"2026-02-25T14:28:12+00:00","breadcrumb":{"@id":"https:\/\/helloproject.es\/vigilancia\/una-nueva-imagen-del-centro-de-la-via-lactea-revela-su-quimica-oculta-con-un-detalle-sin-precedentes\/#breadcrumb"},"inLanguage":"es","potentialAction":[{"@type":"ReadAction","target":["https:\/\/helloproject.es\/vigilancia\/una-nueva-imagen-del-centro-de-la-via-lactea-revela-su-quimica-oculta-con-un-detalle-sin-precedentes\/"]}]},{"@type":"ImageObject","inLanguage":"es","@id":"https:\/\/helloproject.es\/vigilancia\/una-nueva-imagen-del-centro-de-la-via-lactea-revela-su-quimica-oculta-con-un-detalle-sin-precedentes\/#primaryimage","url":"https:\/\/www.agenciasinc.es\/bundles\/app\/images\/quotebefore.png","contentUrl":"https:\/\/www.agenciasinc.es\/bundles\/app\/images\/quotebefore.png"},{"@type":"BreadcrumbList","@id":"https:\/\/helloproject.es\/vigilancia\/una-nueva-imagen-del-centro-de-la-via-lactea-revela-su-quimica-oculta-con-un-detalle-sin-precedentes\/#breadcrumb","itemListElement":[{"@type":"ListItem","position":1,"name":"Home","item":"https:\/\/helloproject.es\/vigilancia\/"},{"@type":"ListItem","position":2,"name":"Una nueva imagen del centro de la V\u00eda L\u00e1ctea revela su qu\u00edmica oculta con un detalle sin precedentes"}]},{"@type":"WebSite","@id":"https:\/\/helloproject.es\/vigilancia\/#website","url":"https:\/\/helloproject.es\/vigilancia\/","name":"bip4ex","description":"Vigilancia Tecnol\u00f3gica","publisher":{"@id":"https:\/\/helloproject.es\/vigilancia\/#organization"},"potentialAction":[{"@type":"SearchAction","target":{"@type":"EntryPoint","urlTemplate":"https:\/\/helloproject.es\/vigilancia\/?s={search_term_string}"},"query-input":{"@type":"PropertyValueSpecification","valueRequired":true,"valueName":"search_term_string"}}],"inLanguage":"es"},{"@type":"Organization","@id":"https:\/\/helloproject.es\/vigilancia\/#organization","name":"Helloproject.es","url":"https:\/\/helloproject.es\/vigilancia\/","logo":{"@type":"ImageObject","inLanguage":"es","@id":"https:\/\/helloproject.es\/vigilancia\/#\/schema\/logo\/image\/","url":"https:\/\/helloproject.es\/vigilancia\/wp-content\/uploads\/2023\/07\/bip4ex.png","contentUrl":"https:\/\/helloproject.es\/vigilancia\/wp-content\/uploads\/2023\/07\/bip4ex.png","width":322,"height":365,"caption":"Helloproject.es"},"image":{"@id":"https:\/\/helloproject.es\/vigilancia\/#\/schema\/logo\/image\/"}},{"@type":"Person","@id":"https:\/\/helloproject.es\/vigilancia\/#\/schema\/person\/3767b0619d59a11570372c821f8619ca","name":"Luis Miguel Mej\u00edas Ramos","url":"https:\/\/helloproject.es\/vigilancia\/author\/luismi\/"}]}},"_links":{"self":[{"href":"https:\/\/helloproject.es\/vigilancia\/wp-json\/wp\/v2\/posts\/199135","targetHints":{"allow":["GET"]}}],"collection":[{"href":"https:\/\/helloproject.es\/vigilancia\/wp-json\/wp\/v2\/posts"}],"about":[{"href":"https:\/\/helloproject.es\/vigilancia\/wp-json\/wp\/v2\/types\/post"}],"author":[{"embeddable":true,"href":"https:\/\/helloproject.es\/vigilancia\/wp-json\/wp\/v2\/users\/5"}],"replies":[{"embeddable":true,"href":"https:\/\/helloproject.es\/vigilancia\/wp-json\/wp\/v2\/comments?post=199135"}],"version-history":[{"count":0,"href":"https:\/\/helloproject.es\/vigilancia\/wp-json\/wp\/v2\/posts\/199135\/revisions"}],"wp:attachment":[{"href":"https:\/\/helloproject.es\/vigilancia\/wp-json\/wp\/v2\/media?parent=199135"}],"wp:term":[{"taxonomy":"category","embeddable":true,"href":"https:\/\/helloproject.es\/vigilancia\/wp-json\/wp\/v2\/categories?post=199135"},{"taxonomy":"post_tag","embeddable":true,"href":"https:\/\/helloproject.es\/vigilancia\/wp-json\/wp\/v2\/tags?post=199135"}],"curies":[{"name":"wp","href":"https:\/\/api.w.org\/{rel}","templated":true}]}}