{"id":199253,"date":"2026-02-26T11:28:12","date_gmt":"2026-02-26T10:28:12","guid":{"rendered":"https:\/\/helloproject.es\/vigilancia\/la-menstruacion-condiciona-la-vida-cotidiana-de-ocho-de-cada-diez-mujeres-en-espana\/"},"modified":"2026-02-26T11:28:12","modified_gmt":"2026-02-26T10:28:12","slug":"la-menstruacion-condiciona-la-vida-cotidiana-de-ocho-de-cada-diez-mujeres-en-espana","status":"publish","type":"post","link":"https:\/\/helloproject.es\/vigilancia\/la-menstruacion-condiciona-la-vida-cotidiana-de-ocho-de-cada-diez-mujeres-en-espana\/","title":{"rendered":"La menstruaci\u00f3n condiciona la vida cotidiana de ocho de cada diez mujeres en Espa\u00f1a"},"content":{"rendered":"<p>Un macroestudio con m\u00e1s de 4 000 participantes analiza c\u00f3mo el estigma menstrual influye en la vida cotidiana, la participaci\u00f3n social y el bienestar de las mujeres en Espa\u00f1a. El trabajo, liderado por el Instituto INGENIO, centro mixto de la Universitat Polit\u00e8cnica de Val\u00e8ncia (UPV) y el Consejo Superior de Investigaciones Cient\u00edficas (CSIC), muestra que\u00a0solo el 15,4 % de las participantes mantiene su vida cotidiana sin cambios durante la menstruaci\u00f3n.<\/p>\n<p>Esta investigaci\u00f3n\u00a0constituye\u00a0la cuarta publicaci\u00f3n de una de las radiograf\u00edas m\u00e1s completas sobre la salud menstrual en Espa\u00f1a. Tras abordar la educaci\u00f3n menstrual, el estigma y el acceso a la atenci\u00f3n sanitaria, el nuevo art\u00edculo publicado en la revista\u00a0<a href=\"https:\/\/doi.org\/10.1186\/s12905-025-04168-2\" target=\"_blank\">BMC Women&#8217;s Health<\/a>\u00a0pone el foco en el impacto social de la menstruaci\u00f3n en la vida cotidiana. \u201cLa forma en que se vive no depende \u00fanicamente de los s\u00edntomas f\u00edsicos, sino tambi\u00e9n del contexto social en el que ocurre\u201d, destaca\u00a0Sara S\u00e1nchez-L\u00f3pez, investigadora del INGENIO (UPV-CSIC).<\/p>\n<p><img decoding=\"async\" src=\"https:\/\/www.agenciasinc.es\/bundles\/app\/images\/quotebefore.png\" \/><\/p>\n<p>La forma en que se vive no depende \u00fanicamente de los s\u00edntomas f\u00edsicos, sino tambi\u00e9n del contexto social en el que ocurre<\/p>\n<p>Sara S\u00e1nchez-L\u00f3pez, INGENIO<br \/>\n<img decoding=\"async\" src=\"https:\/\/www.agenciasinc.es\/bundles\/app\/images\/quoteafter.png\" \/><\/p>\n<p>Los resultados muestran que la menstruaci\u00f3n sigue condicionando actividades cotidianas. Solo el 15,4 % de las participantes \u2014lo que representa aproximadamente a una de cada seis mujeres\u2014 afirma mantener su rutina sin cambios durante la menstruaci\u00f3n, mientras que muchas adaptan su comportamiento debido al dolor, a sangrados abundantes o para evitar incomodidad o exposici\u00f3n. Ante estos s\u00edntomas y situaciones, las estrategias m\u00e1s comunes incluyen cambios en la vestimenta \u2014como evitar prendas blancas (48 %) o ciertos tipos de ropa (36 %)\u2014,\u00a0reducir la pr\u00e1ctica deportiva (21 %) o limitar actividades como nadar o acudir a la playa (22 %).<\/p>\n<p>El dolor es la principal raz\u00f3n que motiva estas estrategias de adaptaci\u00f3n o incluso ausencias sociales y laborales. Sin embargo, los autores destacan que estas decisiones no responden \u00fanicamente al malestar f\u00edsico. Factores como la ansiedad ante posibles manchas, la falta de espacios adecuados o el temor a reacciones negativas del entorno reflejan la persistencia de normas sociales relacionadas con una gesti\u00f3n de la salud menstrual estrictamente privada.<\/p>\n<p>                        <a href=\"https:\/\/www.agenciasinc.es\/Reportajes\/El-trastorno-disforico-premenstrual-una-grave-dolencia-olvidada-por-la-medicina\"><br \/>\n                            <img decoding=\"async\" src=\"https:\/\/cdn.agenciasinc.es\/var\/ezwebin_site\/storage\/images\/reportajes\/el-trastorno-disforico-premenstrual-una-grave-dolencia-olvidada-por-la-medicina\/12273926-8-esl-MX\/El-trastorno-disforico-premenstrual-una-grave-dolencia-olvidada-por-la-medicina.jpg\" alt=\"El trastorno disf\u00f3rico premenstrual, una grave dolencia olvidada por la medicina\" title=\"El trastorno disf\u00f3rico premenstrual, una grave dolencia olvidada por la medicina\" class=\"small_fotoderecha_img\" loading=\"lazy\" \/><br \/>\n                        <\/a><\/p>\n<p>                    <a href=\"https:\/\/www.agenciasinc.es\/Reportajes\/El-trastorno-disforico-premenstrual-una-grave-dolencia-olvidada-por-la-medicina\" class=\"small_fotoderecha_titulo\"><\/a><\/p>\n<h3 class=\"small_fotoderecha_titulo\">El trastorno disf\u00f3rico premenstrual, una grave dolencia olvidada por la medicina<\/h3>\n<p>                    <\/p>\n<p>                                                                                                                                                <a href=\"https:\/\/www.agenciasinc.es\/Autor\/Maria-G.-Dionis\"><br \/>\n                                        Mar\u00eda G. Dionis<br \/>\n                                        <\/a>                                                                                                <\/p>\n<p><a><\/a><\/p>\n<h2>Estigma en el \u00e1mbito laboral y educativo<\/h2>\n<p>En el \u00e1mbito educativo y laboral, muchas participantes describen haber acudido a sus centros de estudio o trabajo pese a experimentar dolor intenso, n\u00e1useas o fatiga.\u00a0En concreto, mientras que el 41 % de las encuestadas se ha ausentado en alguna ocasi\u00f3n por estos s\u00edntomas, un 44 % afirma no haber interrumpido su asistencia por motivos menstruales.\u00a0Los testimonios recogidos muestran que, incluso ante s\u00edntomas incapacitantes, algunas mujeres contin\u00faan asistiendo por miedo a perder el empleo o a ser percibidas como menos comprometidas.<\/p>\n<p>\u201cA menudo, el malestar menstrual no se reconoce como una necesidad leg\u00edtima de apoyo, sino como algo que puede restar credibilidad. En un contexto donde la menstruaci\u00f3n se ha usado para excluir a las mujeres de ciertos roles, mostrar vulnerabilidad puede percibirse como un riesgo colectivo\u201d, apunta S\u00e1nchez-L\u00f3pez.<\/p>\n<p><img decoding=\"async\" src=\"https:\/\/www.agenciasinc.es\/bundles\/app\/images\/quotebefore.png\" \/><\/p>\n<p>En un contexto donde la menstruaci\u00f3n se ha usado para excluir a las mujeres de ciertos roles, mostrar vulnerabilidad puede percibirse como un riesgo colectivo<\/p>\n<p>Sara S\u00e1nchez-L\u00f3pez, INGENIO<br \/>\n<img decoding=\"async\" src=\"https:\/\/www.agenciasinc.es\/bundles\/app\/images\/quoteafter.png\" \/><\/p>\n<p>El estudio recoge testimonios de burla y situaciones de humillaci\u00f3n relacionadas con la menstruaci\u00f3n que las participantes sit\u00faan tanto en la adolescencia como en la vida adulta. En etapas tempranas, estas experiencias suelen manifestarse en forma de comentarios o ridiculizaci\u00f3n por parte de compa\u00f1eros de clase o amigos, mientras que en la edad adulta se expresan con mayor frecuencia a trav\u00e9s del rechazo o de actitudes condescendientes en el entorno cercano, como parejas o compa\u00f1eros de trabajo.<\/p>\n<p>Los resultados tambi\u00e9n muestran un alto n\u00famero de respuestas que describen c\u00f3mo la menstruaci\u00f3n se ha utilizado para cuestionar o desacreditar emociones, decisiones o conflictos en contextos cotidianos, especialmente en el \u00e1mbito interpersonal o dom\u00e9stico. \u201cEstas situaciones refuerzan estereotipos que vinculan la menstruaci\u00f3n con falta de control emocional o irracionalidad, lo que puede traducirse en una menor credibilidad\u201d, se\u00f1ala\u00a0Roc\u00edo Poveda Bautista, investigadora de INGENIO y coautora del estudio.<\/p>\n<p>                        <a href=\"https:\/\/www.agenciasinc.es\/Noticias\/Las-lesiones-deportivas-durante-la-menstruacion-son-mas-graves-y-tardan-mas-en-curarse\"><br \/>\n                            <img decoding=\"async\" src=\"https:\/\/cdn.agenciasinc.es\/var\/ezwebin_site\/storage\/images\/noticias\/las-lesiones-deportivas-durante-la-menstruacion-son-mas-graves-y-tardan-mas-en-curarse\/12362941-1-esl-MX\/Las-lesiones-deportivas-durante-la-menstruacion-son-mas-graves-y-tardan-mas-en-curarse.jpg\" alt=\"Las lesiones deportivas durante la menstruaci\u00f3n son m\u00e1s graves y tardan m\u00e1s en curarse\" title=\"Las lesiones deportivas durante la menstruaci\u00f3n son m\u00e1s graves y tardan m\u00e1s en curarse\" class=\"small_fotoderecha_img\" loading=\"lazy\" \/><br \/>\n                        <\/a><\/p>\n<p>                    <a href=\"https:\/\/www.agenciasinc.es\/Noticias\/Las-lesiones-deportivas-durante-la-menstruacion-son-mas-graves-y-tardan-mas-en-curarse\" class=\"small_fotoderecha_titulo\"><\/a><\/p>\n<h3 class=\"small_fotoderecha_titulo\">Las lesiones deportivas durante la menstruaci\u00f3n son m\u00e1s graves y tardan m\u00e1s en curarse<\/h3>\n<p>                    <\/p>\n<p>                                                                                                                                                <a href=\"https:\/\/www.agenciasinc.es\/Autor\/Maria-G.-Dionis\"><br \/>\n                                        Mar\u00eda G. Dionis<br \/>\n                                        <\/a>                                                                                                <\/p>\n<p><a><\/a><\/p>\n<h2>Educaci\u00f3n, informaci\u00f3n y empat\u00eda<\/h2>\n<p>Frente a estas barreras sociales y laborales, los resultados tambi\u00e9n identifican factores protectores que fomentan el bienestar, la salud y la resiliencia durante el ciclo menstrual.<\/p>\n<p>Contar con entornos comprensivos y flexibles contribuye a reducir el impacto del estigma y facilita una mayor participaci\u00f3n y bienestar.<\/p>\n<p>El equipo investigador se\u00f1ala que contar con entornos comprensivos y flexibles \u2014en el trabajo, la escuela o la familia\u2014 contribuye a reducir el impacto del estigma y facilita una mayor participaci\u00f3n y bienestar. \u201cLas experiencias m\u00e1s positivas se asocian a contextos donde hablar de menstruaci\u00f3n no genera incomodidad y donde se reconocen las necesidades f\u00edsicas o emocionales vinculadas al ciclo\u201d, afirma\u00a0Santiago Moll L\u00f3pez, del Departamento de Matem\u00e1tica Aplicada de la Universitat Polit\u00e8cnica de Val\u00e8ncia y coautor del estudio.<\/p>\n<p>As\u00ed, los resultados de este estudio subrayan que la menstruaci\u00f3n sigue siendo un factor relevante para la salud, la participaci\u00f3n social y la equidad, y apuntan a la necesidad de avanzar hacia entornos educativos, laborales y sanitarios m\u00e1s informados y sensibles a esta realidad.<\/p>\n<p>Referencia:<\/p>\n<p>S\u00e1nchez-L\u00f3pez et al.\u00a0Mapping the Social Impact of Menstrual Stigma in Spain.\u00a0<a href=\"https:\/\/doi.org\/10.1186\/s12905-025-04168-2\" target=\"_blank\">BMC Women&#8217;s Health<\/a>\u00a0(2026).<\/p>","protected":false},"excerpt":{"rendered":"<p>Un macroestudio con m\u00e1s de 4 000 participantes analiza c\u00f3mo el estigma menstrual influye en la vida cotidiana, la participaci\u00f3n social y el bienestar de las mujeres en Espa\u00f1a. El trabajo, liderado por el Instituto INGENIO, centro mixto de la Universitat Polit\u00e8cnica de Val\u00e8ncia (UPV) y el Consejo Superior de Investigaciones Cient\u00edficas (CSIC), muestra que\u00a0solo [&hellip;]<\/p>\n","protected":false},"author":5,"featured_media":0,"comment_status":"","ping_status":"","sticky":false,"template":"","format":"standard","meta":{"site-sidebar-layout":"default","site-content-layout":"","ast-site-content-layout":"default","site-content-style":"default","site-sidebar-style":"default","ast-global-header-display":"","ast-banner-title-visibility":"","ast-main-header-display":"","ast-hfb-above-header-display":"","ast-hfb-below-header-display":"","ast-hfb-mobile-header-display":"","site-post-title":"","ast-breadcrumbs-content":"","ast-featured-img":"","footer-sml-layout":"","ast-disable-related-posts":"","theme-transparent-header-meta":"","adv-header-id-meta":"","stick-header-meta":"","header-above-stick-meta":"","header-main-stick-meta":"","header-below-stick-meta":"","astra-migrate-meta-layouts":"default","ast-page-background-enabled":"default","ast-page-background-meta":{"desktop":{"background-color":"var(--ast-global-color-4)","background-image":"","background-repeat":"repeat","background-position":"center center","background-size":"auto","background-attachment":"scroll","background-type":"","background-media":"","overlay-type":"","overlay-color":"","overlay-opacity":"","overlay-gradient":""},"tablet":{"background-color":"","background-image":"","background-repeat":"repeat","background-position":"center center","background-size":"auto","background-attachment":"scroll","background-type":"","background-media":"","overlay-type":"","overlay-color":"","overlay-opacity":"","overlay-gradient":""},"mobile":{"background-color":"","background-image":"","background-repeat":"repeat","background-position":"center center","background-size":"auto","background-attachment":"scroll","background-type":"","background-media":"","overlay-type":"","overlay-color":"","overlay-opacity":"","overlay-gradient":""}},"ast-content-background-meta":{"desktop":{"background-color":"var(--ast-global-color-5)","background-image":"","background-repeat":"repeat","background-position":"center center","background-size":"auto","background-attachment":"scroll","background-type":"","background-media":"","overlay-type":"","overlay-color":"","overlay-opacity":"","overlay-gradient":""},"tablet":{"background-color":"var(--ast-global-color-5)","background-image":"","background-repeat":"repeat","background-position":"center center","background-size":"auto","background-attachment":"scroll","background-type":"","background-media":"","overlay-type":"","overlay-color":"","overlay-opacity":"","overlay-gradient":""},"mobile":{"background-color":"var(--ast-global-color-5)","background-image":"","background-repeat":"repeat","background-position":"center center","background-size":"auto","background-attachment":"scroll","background-type":"","background-media":"","overlay-type":"","overlay-color":"","overlay-opacity":"","overlay-gradient":""}},"footnotes":""},"categories":[5],"tags":[],"class_list":["post-199253","post","type-post","status-publish","format-standard","hentry","category-noticias"],"yoast_head":"<!-- This site is optimized with the Yoast SEO Premium plugin v20.9 (Yoast SEO v27.4) - https:\/\/yoast.com\/product\/yoast-seo-premium-wordpress\/ -->\n<title>La menstruaci\u00f3n condiciona la vida cotidiana de ocho de cada diez mujeres en Espa\u00f1a - bip4ex<\/title>\n<meta name=\"robots\" content=\"index, follow, max-snippet:-1, max-image-preview:large, max-video-preview:-1\" \/>\n<link rel=\"canonical\" href=\"https:\/\/helloproject.es\/vigilancia\/la-menstruacion-condiciona-la-vida-cotidiana-de-ocho-de-cada-diez-mujeres-en-espana\/\" \/>\n<meta property=\"og:locale\" content=\"es_ES\" \/>\n<meta property=\"og:type\" content=\"article\" \/>\n<meta property=\"og:title\" content=\"La menstruaci\u00f3n condiciona la vida cotidiana de ocho de cada diez mujeres en Espa\u00f1a\" \/>\n<meta property=\"og:description\" content=\"Un macroestudio con m\u00e1s de 4 000 participantes analiza c\u00f3mo el estigma menstrual influye en la vida cotidiana, la participaci\u00f3n social y el bienestar de las mujeres en Espa\u00f1a. El trabajo, liderado por el Instituto INGENIO, centro mixto de la Universitat Polit\u00e8cnica de Val\u00e8ncia (UPV) y el Consejo Superior de Investigaciones Cient\u00edficas (CSIC), muestra que\u00a0solo [&hellip;]\" \/>\n<meta property=\"og:url\" content=\"https:\/\/helloproject.es\/vigilancia\/la-menstruacion-condiciona-la-vida-cotidiana-de-ocho-de-cada-diez-mujeres-en-espana\/\" \/>\n<meta property=\"og:site_name\" content=\"bip4ex\" \/>\n<meta property=\"article:published_time\" content=\"2026-02-26T10:28:12+00:00\" \/>\n<meta property=\"og:image\" content=\"https:\/\/www.agenciasinc.es\/bundles\/app\/images\/quotebefore.png\" \/>\n<meta name=\"author\" content=\"Luis Miguel Mej\u00edas Ramos\" \/>\n<meta name=\"twitter:card\" content=\"summary_large_image\" \/>\n<meta name=\"twitter:label1\" content=\"Escrito por\" \/>\n\t<meta name=\"twitter:data1\" content=\"Luis Miguel Mej\u00edas Ramos\" \/>\n\t<meta name=\"twitter:label2\" content=\"Tiempo de lectura\" \/>\n\t<meta name=\"twitter:data2\" content=\"5 minutos\" \/>\n<script type=\"application\/ld+json\" class=\"yoast-schema-graph\">{\"@context\":\"https:\\\/\\\/schema.org\",\"@graph\":[{\"@type\":\"Article\",\"@id\":\"https:\\\/\\\/helloproject.es\\\/vigilancia\\\/la-menstruacion-condiciona-la-vida-cotidiana-de-ocho-de-cada-diez-mujeres-en-espana\\\/#article\",\"isPartOf\":{\"@id\":\"https:\\\/\\\/helloproject.es\\\/vigilancia\\\/la-menstruacion-condiciona-la-vida-cotidiana-de-ocho-de-cada-diez-mujeres-en-espana\\\/\"},\"author\":{\"name\":\"Luis Miguel Mej\u00edas Ramos\",\"@id\":\"https:\\\/\\\/helloproject.es\\\/vigilancia\\\/#\\\/schema\\\/person\\\/3767b0619d59a11570372c821f8619ca\"},\"headline\":\"La menstruaci\u00f3n condiciona la vida cotidiana de ocho de cada diez mujeres en Espa\u00f1a\",\"datePublished\":\"2026-02-26T10:28:12+00:00\",\"mainEntityOfPage\":{\"@id\":\"https:\\\/\\\/helloproject.es\\\/vigilancia\\\/la-menstruacion-condiciona-la-vida-cotidiana-de-ocho-de-cada-diez-mujeres-en-espana\\\/\"},\"wordCount\":970,\"publisher\":{\"@id\":\"https:\\\/\\\/helloproject.es\\\/vigilancia\\\/#organization\"},\"image\":{\"@id\":\"https:\\\/\\\/helloproject.es\\\/vigilancia\\\/la-menstruacion-condiciona-la-vida-cotidiana-de-ocho-de-cada-diez-mujeres-en-espana\\\/#primaryimage\"},\"thumbnailUrl\":\"https:\\\/\\\/www.agenciasinc.es\\\/bundles\\\/app\\\/images\\\/quotebefore.png\",\"articleSection\":[\"Noticias\"],\"inLanguage\":\"es\"},{\"@type\":\"WebPage\",\"@id\":\"https:\\\/\\\/helloproject.es\\\/vigilancia\\\/la-menstruacion-condiciona-la-vida-cotidiana-de-ocho-de-cada-diez-mujeres-en-espana\\\/\",\"url\":\"https:\\\/\\\/helloproject.es\\\/vigilancia\\\/la-menstruacion-condiciona-la-vida-cotidiana-de-ocho-de-cada-diez-mujeres-en-espana\\\/\",\"name\":\"La menstruaci\u00f3n condiciona la vida cotidiana de ocho de cada diez mujeres en Espa\u00f1a - bip4ex\",\"isPartOf\":{\"@id\":\"https:\\\/\\\/helloproject.es\\\/vigilancia\\\/#website\"},\"primaryImageOfPage\":{\"@id\":\"https:\\\/\\\/helloproject.es\\\/vigilancia\\\/la-menstruacion-condiciona-la-vida-cotidiana-de-ocho-de-cada-diez-mujeres-en-espana\\\/#primaryimage\"},\"image\":{\"@id\":\"https:\\\/\\\/helloproject.es\\\/vigilancia\\\/la-menstruacion-condiciona-la-vida-cotidiana-de-ocho-de-cada-diez-mujeres-en-espana\\\/#primaryimage\"},\"thumbnailUrl\":\"https:\\\/\\\/www.agenciasinc.es\\\/bundles\\\/app\\\/images\\\/quotebefore.png\",\"datePublished\":\"2026-02-26T10:28:12+00:00\",\"breadcrumb\":{\"@id\":\"https:\\\/\\\/helloproject.es\\\/vigilancia\\\/la-menstruacion-condiciona-la-vida-cotidiana-de-ocho-de-cada-diez-mujeres-en-espana\\\/#breadcrumb\"},\"inLanguage\":\"es\",\"potentialAction\":[{\"@type\":\"ReadAction\",\"target\":[\"https:\\\/\\\/helloproject.es\\\/vigilancia\\\/la-menstruacion-condiciona-la-vida-cotidiana-de-ocho-de-cada-diez-mujeres-en-espana\\\/\"]}]},{\"@type\":\"ImageObject\",\"inLanguage\":\"es\",\"@id\":\"https:\\\/\\\/helloproject.es\\\/vigilancia\\\/la-menstruacion-condiciona-la-vida-cotidiana-de-ocho-de-cada-diez-mujeres-en-espana\\\/#primaryimage\",\"url\":\"https:\\\/\\\/www.agenciasinc.es\\\/bundles\\\/app\\\/images\\\/quotebefore.png\",\"contentUrl\":\"https:\\\/\\\/www.agenciasinc.es\\\/bundles\\\/app\\\/images\\\/quotebefore.png\"},{\"@type\":\"BreadcrumbList\",\"@id\":\"https:\\\/\\\/helloproject.es\\\/vigilancia\\\/la-menstruacion-condiciona-la-vida-cotidiana-de-ocho-de-cada-diez-mujeres-en-espana\\\/#breadcrumb\",\"itemListElement\":[{\"@type\":\"ListItem\",\"position\":1,\"name\":\"Home\",\"item\":\"https:\\\/\\\/helloproject.es\\\/vigilancia\\\/\"},{\"@type\":\"ListItem\",\"position\":2,\"name\":\"La menstruaci\u00f3n condiciona la vida cotidiana de ocho de cada diez mujeres en Espa\u00f1a\"}]},{\"@type\":\"WebSite\",\"@id\":\"https:\\\/\\\/helloproject.es\\\/vigilancia\\\/#website\",\"url\":\"https:\\\/\\\/helloproject.es\\\/vigilancia\\\/\",\"name\":\"bip4ex\",\"description\":\"Vigilancia Tecnol\u00f3gica\",\"publisher\":{\"@id\":\"https:\\\/\\\/helloproject.es\\\/vigilancia\\\/#organization\"},\"potentialAction\":[{\"@type\":\"SearchAction\",\"target\":{\"@type\":\"EntryPoint\",\"urlTemplate\":\"https:\\\/\\\/helloproject.es\\\/vigilancia\\\/?s={search_term_string}\"},\"query-input\":{\"@type\":\"PropertyValueSpecification\",\"valueRequired\":true,\"valueName\":\"search_term_string\"}}],\"inLanguage\":\"es\"},{\"@type\":\"Organization\",\"@id\":\"https:\\\/\\\/helloproject.es\\\/vigilancia\\\/#organization\",\"name\":\"Helloproject.es\",\"url\":\"https:\\\/\\\/helloproject.es\\\/vigilancia\\\/\",\"logo\":{\"@type\":\"ImageObject\",\"inLanguage\":\"es\",\"@id\":\"https:\\\/\\\/helloproject.es\\\/vigilancia\\\/#\\\/schema\\\/logo\\\/image\\\/\",\"url\":\"https:\\\/\\\/helloproject.es\\\/vigilancia\\\/wp-content\\\/uploads\\\/2023\\\/07\\\/bip4ex.png\",\"contentUrl\":\"https:\\\/\\\/helloproject.es\\\/vigilancia\\\/wp-content\\\/uploads\\\/2023\\\/07\\\/bip4ex.png\",\"width\":322,\"height\":365,\"caption\":\"Helloproject.es\"},\"image\":{\"@id\":\"https:\\\/\\\/helloproject.es\\\/vigilancia\\\/#\\\/schema\\\/logo\\\/image\\\/\"}},{\"@type\":\"Person\",\"@id\":\"https:\\\/\\\/helloproject.es\\\/vigilancia\\\/#\\\/schema\\\/person\\\/3767b0619d59a11570372c821f8619ca\",\"name\":\"Luis Miguel Mej\u00edas Ramos\",\"url\":\"https:\\\/\\\/helloproject.es\\\/vigilancia\\\/author\\\/luismi\\\/\"}]}<\/script>\n<!-- \/ Yoast SEO Premium plugin. -->","yoast_head_json":{"title":"La menstruaci\u00f3n condiciona la vida cotidiana de ocho de cada diez mujeres en Espa\u00f1a - bip4ex","robots":{"index":"index","follow":"follow","max-snippet":"max-snippet:-1","max-image-preview":"max-image-preview:large","max-video-preview":"max-video-preview:-1"},"canonical":"https:\/\/helloproject.es\/vigilancia\/la-menstruacion-condiciona-la-vida-cotidiana-de-ocho-de-cada-diez-mujeres-en-espana\/","og_locale":"es_ES","og_type":"article","og_title":"La menstruaci\u00f3n condiciona la vida cotidiana de ocho de cada diez mujeres en Espa\u00f1a","og_description":"Un macroestudio con m\u00e1s de 4 000 participantes analiza c\u00f3mo el estigma menstrual influye en la vida cotidiana, la participaci\u00f3n social y el bienestar de las mujeres en Espa\u00f1a. El trabajo, liderado por el Instituto INGENIO, centro mixto de la Universitat Polit\u00e8cnica de Val\u00e8ncia (UPV) y el Consejo Superior de Investigaciones Cient\u00edficas (CSIC), muestra que\u00a0solo [&hellip;]","og_url":"https:\/\/helloproject.es\/vigilancia\/la-menstruacion-condiciona-la-vida-cotidiana-de-ocho-de-cada-diez-mujeres-en-espana\/","og_site_name":"bip4ex","article_published_time":"2026-02-26T10:28:12+00:00","og_image":[{"url":"https:\/\/www.agenciasinc.es\/bundles\/app\/images\/quotebefore.png","type":"","width":"","height":""}],"author":"Luis Miguel Mej\u00edas Ramos","twitter_card":"summary_large_image","twitter_misc":{"Escrito por":"Luis Miguel Mej\u00edas Ramos","Tiempo de lectura":"5 minutos"},"schema":{"@context":"https:\/\/schema.org","@graph":[{"@type":"Article","@id":"https:\/\/helloproject.es\/vigilancia\/la-menstruacion-condiciona-la-vida-cotidiana-de-ocho-de-cada-diez-mujeres-en-espana\/#article","isPartOf":{"@id":"https:\/\/helloproject.es\/vigilancia\/la-menstruacion-condiciona-la-vida-cotidiana-de-ocho-de-cada-diez-mujeres-en-espana\/"},"author":{"name":"Luis Miguel Mej\u00edas Ramos","@id":"https:\/\/helloproject.es\/vigilancia\/#\/schema\/person\/3767b0619d59a11570372c821f8619ca"},"headline":"La menstruaci\u00f3n condiciona la vida cotidiana de ocho de cada diez mujeres en Espa\u00f1a","datePublished":"2026-02-26T10:28:12+00:00","mainEntityOfPage":{"@id":"https:\/\/helloproject.es\/vigilancia\/la-menstruacion-condiciona-la-vida-cotidiana-de-ocho-de-cada-diez-mujeres-en-espana\/"},"wordCount":970,"publisher":{"@id":"https:\/\/helloproject.es\/vigilancia\/#organization"},"image":{"@id":"https:\/\/helloproject.es\/vigilancia\/la-menstruacion-condiciona-la-vida-cotidiana-de-ocho-de-cada-diez-mujeres-en-espana\/#primaryimage"},"thumbnailUrl":"https:\/\/www.agenciasinc.es\/bundles\/app\/images\/quotebefore.png","articleSection":["Noticias"],"inLanguage":"es"},{"@type":"WebPage","@id":"https:\/\/helloproject.es\/vigilancia\/la-menstruacion-condiciona-la-vida-cotidiana-de-ocho-de-cada-diez-mujeres-en-espana\/","url":"https:\/\/helloproject.es\/vigilancia\/la-menstruacion-condiciona-la-vida-cotidiana-de-ocho-de-cada-diez-mujeres-en-espana\/","name":"La menstruaci\u00f3n condiciona la vida cotidiana de ocho de cada diez mujeres en Espa\u00f1a - bip4ex","isPartOf":{"@id":"https:\/\/helloproject.es\/vigilancia\/#website"},"primaryImageOfPage":{"@id":"https:\/\/helloproject.es\/vigilancia\/la-menstruacion-condiciona-la-vida-cotidiana-de-ocho-de-cada-diez-mujeres-en-espana\/#primaryimage"},"image":{"@id":"https:\/\/helloproject.es\/vigilancia\/la-menstruacion-condiciona-la-vida-cotidiana-de-ocho-de-cada-diez-mujeres-en-espana\/#primaryimage"},"thumbnailUrl":"https:\/\/www.agenciasinc.es\/bundles\/app\/images\/quotebefore.png","datePublished":"2026-02-26T10:28:12+00:00","breadcrumb":{"@id":"https:\/\/helloproject.es\/vigilancia\/la-menstruacion-condiciona-la-vida-cotidiana-de-ocho-de-cada-diez-mujeres-en-espana\/#breadcrumb"},"inLanguage":"es","potentialAction":[{"@type":"ReadAction","target":["https:\/\/helloproject.es\/vigilancia\/la-menstruacion-condiciona-la-vida-cotidiana-de-ocho-de-cada-diez-mujeres-en-espana\/"]}]},{"@type":"ImageObject","inLanguage":"es","@id":"https:\/\/helloproject.es\/vigilancia\/la-menstruacion-condiciona-la-vida-cotidiana-de-ocho-de-cada-diez-mujeres-en-espana\/#primaryimage","url":"https:\/\/www.agenciasinc.es\/bundles\/app\/images\/quotebefore.png","contentUrl":"https:\/\/www.agenciasinc.es\/bundles\/app\/images\/quotebefore.png"},{"@type":"BreadcrumbList","@id":"https:\/\/helloproject.es\/vigilancia\/la-menstruacion-condiciona-la-vida-cotidiana-de-ocho-de-cada-diez-mujeres-en-espana\/#breadcrumb","itemListElement":[{"@type":"ListItem","position":1,"name":"Home","item":"https:\/\/helloproject.es\/vigilancia\/"},{"@type":"ListItem","position":2,"name":"La menstruaci\u00f3n condiciona la vida cotidiana de ocho de cada diez mujeres en Espa\u00f1a"}]},{"@type":"WebSite","@id":"https:\/\/helloproject.es\/vigilancia\/#website","url":"https:\/\/helloproject.es\/vigilancia\/","name":"bip4ex","description":"Vigilancia Tecnol\u00f3gica","publisher":{"@id":"https:\/\/helloproject.es\/vigilancia\/#organization"},"potentialAction":[{"@type":"SearchAction","target":{"@type":"EntryPoint","urlTemplate":"https:\/\/helloproject.es\/vigilancia\/?s={search_term_string}"},"query-input":{"@type":"PropertyValueSpecification","valueRequired":true,"valueName":"search_term_string"}}],"inLanguage":"es"},{"@type":"Organization","@id":"https:\/\/helloproject.es\/vigilancia\/#organization","name":"Helloproject.es","url":"https:\/\/helloproject.es\/vigilancia\/","logo":{"@type":"ImageObject","inLanguage":"es","@id":"https:\/\/helloproject.es\/vigilancia\/#\/schema\/logo\/image\/","url":"https:\/\/helloproject.es\/vigilancia\/wp-content\/uploads\/2023\/07\/bip4ex.png","contentUrl":"https:\/\/helloproject.es\/vigilancia\/wp-content\/uploads\/2023\/07\/bip4ex.png","width":322,"height":365,"caption":"Helloproject.es"},"image":{"@id":"https:\/\/helloproject.es\/vigilancia\/#\/schema\/logo\/image\/"}},{"@type":"Person","@id":"https:\/\/helloproject.es\/vigilancia\/#\/schema\/person\/3767b0619d59a11570372c821f8619ca","name":"Luis Miguel Mej\u00edas Ramos","url":"https:\/\/helloproject.es\/vigilancia\/author\/luismi\/"}]}},"_links":{"self":[{"href":"https:\/\/helloproject.es\/vigilancia\/wp-json\/wp\/v2\/posts\/199253","targetHints":{"allow":["GET"]}}],"collection":[{"href":"https:\/\/helloproject.es\/vigilancia\/wp-json\/wp\/v2\/posts"}],"about":[{"href":"https:\/\/helloproject.es\/vigilancia\/wp-json\/wp\/v2\/types\/post"}],"author":[{"embeddable":true,"href":"https:\/\/helloproject.es\/vigilancia\/wp-json\/wp\/v2\/users\/5"}],"replies":[{"embeddable":true,"href":"https:\/\/helloproject.es\/vigilancia\/wp-json\/wp\/v2\/comments?post=199253"}],"version-history":[{"count":0,"href":"https:\/\/helloproject.es\/vigilancia\/wp-json\/wp\/v2\/posts\/199253\/revisions"}],"wp:attachment":[{"href":"https:\/\/helloproject.es\/vigilancia\/wp-json\/wp\/v2\/media?parent=199253"}],"wp:term":[{"taxonomy":"category","embeddable":true,"href":"https:\/\/helloproject.es\/vigilancia\/wp-json\/wp\/v2\/categories?post=199253"},{"taxonomy":"post_tag","embeddable":true,"href":"https:\/\/helloproject.es\/vigilancia\/wp-json\/wp\/v2\/tags?post=199253"}],"curies":[{"name":"wp","href":"https:\/\/api.w.org\/{rel}","templated":true}]}}