{"id":199271,"date":"2026-02-26T14:28:11","date_gmt":"2026-02-26T13:28:11","guid":{"rendered":"https:\/\/helloproject.es\/vigilancia\/la-combinacion-de-dos-farmacos-en-una-sola-pastilla-diaria-simplifica-el-tratamiento-inicial-contra-el-vih\/"},"modified":"2026-02-26T14:28:11","modified_gmt":"2026-02-26T13:28:11","slug":"la-combinacion-de-dos-farmacos-en-una-sola-pastilla-diaria-simplifica-el-tratamiento-inicial-contra-el-vih","status":"publish","type":"post","link":"https:\/\/helloproject.es\/vigilancia\/la-combinacion-de-dos-farmacos-en-una-sola-pastilla-diaria-simplifica-el-tratamiento-inicial-contra-el-vih\/","title":{"rendered":"La combinaci\u00f3n de dos f\u00e1rmacos en una sola pastilla diaria simplifica el tratamiento inicial contra el VIH"},"content":{"rendered":"<p>Un ensayo cl\u00ednico en fase 3 demuestra que la combinaci\u00f3n de dos medicamentos antivirales en una sola pastilla diaria es un tipo de terapia igual de efectiva que los tratamientos iniciales cl\u00e1sicos para personas con VIH.\u00a0<\/p>\n<p>Este nuevo f\u00e1rmaco se compone de doravirina e islatravir y ofrece una nueva l\u00ednea terap\u00e9utica para pacientes con intolerancias o alguna resistencia a medicamentos de la familia de los inhibidores de la integrasa. El trabajo ha sido liderado por el Hospital Universitario de Bonn (Alemania) y se ha publicado en\u00a0The Lancet HIV.<\/p>\n<p>Los expertos vieron que la carga viral del 90% de los participantes de ambos grupos era indetectable y observaron una recuperaci\u00f3n de las c\u00e9lulas CD4 del sistema inmunitario<\/p>\n<p>Para saberlo, el estudio incluy\u00f3 a 756 personas seropositivas que iniciaban su primer tratamiento tras el diagn\u00f3stico. La mitad recibi\u00f3 la combinaci\u00f3n de estos dos f\u00e1rmacos mientras que al resto se le administr\u00f3 una triple terapia estandarizada, basada en bictegravir, emtricitabina y tenofovir alafenamida.<\/p>\n<p>Despu\u00e9s de un a\u00f1o, los expertos vieron que la carga viral del 90 % de los participantes de ambos grupos era indetectable y observaron una recuperaci\u00f3n de las c\u00e9lulas CD4 del sistema inmunitario. Los resultados fueron consistentes independientemente de la carga del virus\u00a0o del estado inmunol\u00f3gico.\u00a0<\/p>\n<p>                        <a href=\"https:\/\/www.agenciasinc.es\/Reportajes\/La-historia-oculta-del-sida-como-el-VIH-surgio-en-Africa-y-cruzo-el-mundo-sin-ser-detectado\"><br \/>\n                            <img decoding=\"async\" src=\"https:\/\/cdn.agenciasinc.es\/var\/ezwebin_site\/storage\/images\/reportajes\/la-historia-oculta-del-sida-como-el-vih-surgio-en-africa-y-cruzo-el-mundo-sin-ser-detectado\/12356300-1-esl-MX\/La-historia-oculta-del-sida-como-el-VIH-surgio-en-Africa-y-cruzo-el-mundo-sin-ser-detectado.jpg\" alt=\"La historia oculta del sida: c\u00f3mo el VIH surgi\u00f3 en \u00c1frica y cruz\u00f3 el mundo sin ser detectado\" title=\"La historia oculta del sida: c\u00f3mo el VIH surgi\u00f3 en \u00c1frica y cruz\u00f3 el mundo sin ser detectado\" class=\"small_fotoderecha_img\" loading=\"lazy\" \/><br \/>\n                        <\/a><\/p>\n<p>                    <a href=\"https:\/\/www.agenciasinc.es\/Reportajes\/La-historia-oculta-del-sida-como-el-VIH-surgio-en-Africa-y-cruzo-el-mundo-sin-ser-detectado\" class=\"small_fotoderecha_titulo\"><\/a><\/p>\n<h3 class=\"small_fotoderecha_titulo\">La historia oculta del sida: c\u00f3mo el VIH surgi\u00f3 en \u00c1frica y cruz\u00f3 el mundo sin ser detectado<\/h3>\n<p>                    <\/p>\n<p>                                                                                                                                                <a href=\"https:\/\/www.agenciasinc.es\/Autor\/Javier-Yanes\"><br \/>\n                                        Javier Yanes<br \/>\n                                        <\/a>                                                                                                <\/p>\n<p><a><\/a><\/p>\n<h2>Menor exposici\u00f3n a f\u00e1rmacos<\/h2>\n<p>Hoy en d\u00eda, la mayor\u00eda de los tratamientos iniciales incluyen inhibidores de la integrasa, y aunque ya existen algunas dobles terapias, se suelen basar habitualmente en esta familia de f\u00e1rmacos.\u00a0<\/p>\n<p>Por ello, disponer de opciones que no dependan de estos medicamentos ampl\u00eda el abanico terap\u00e9utico en caso de resistencias o intolerancias.\u00a0<\/p>\n<p>El\u00a0islatravir\u00a0es un compuesto muy potente y con una actividad prolongada en el tiempo, lo que podr\u00eda facilitar pautas m\u00e1s espaciadas<\/p>\n<p>Seg\u00fan expresa uno de los autores del trabajo e investigador principal de IrsiCaixa, Roger Paredes, este estudio demuestra que existen v\u00edas terap\u00e9uticas m\u00e1s simples, con menos f\u00e1rmacos y con la misma eficacia virol\u00f3gica. \u201cLa combinaci\u00f3n de ambos medicamentos\u2013 doravirina e islatravir\u2013\u00a0 ha demostrado una efectividad comparable a la triple terapia en perfiles cl\u00ednicos diversos\u201d, subraya.\u00a0<\/p>\n<p>Concretamente, el islatravir es un compuesto muy potente y con una actividad prolongada en el tiempo, lo que podr\u00eda facilitar pautas m\u00e1s espaciadas, como un comprimido a la semana o una inyecci\u00f3n subcut\u00e1nea cada seis meses, tal y como apunta el investigador.<\/p>\n<p>Los resultados refuerzan el desarrollo de estrategias con f\u00e1rmacos de larga duraci\u00f3n y\u00a0abre el camino hacia tratamientos contra el VIH m\u00e1s simples, flexibles y personalizados.<\/p>\n<p>Referencia:<\/p>\n<p>Rockstroh, J. et al.Fixed-dose daily doravirine (100 mg) with islatravir (0\u00b725 mg) versus bictegravir, emtricitabine, and tenofovir alafenamide for initial HIV-1 therapy: 48-week results of a phase 3, randomised, controlled, double-blind, non-inferiority trial.\u00a0<a href=\"https:\/\/www.thelancet.com\/journals\/lanhiv\/article\/PIIS2352-3018(26)00033-0\/abstract\" target=\"_blank\">The Lancet HIV<\/a>. 2025<\/p>","protected":false},"excerpt":{"rendered":"<p>Un ensayo cl\u00ednico en fase 3 demuestra que la combinaci\u00f3n de dos medicamentos antivirales en una sola pastilla diaria es un tipo de terapia igual de efectiva que los tratamientos iniciales cl\u00e1sicos para personas con VIH.\u00a0 Este nuevo f\u00e1rmaco se compone de doravirina e islatravir y ofrece una nueva l\u00ednea terap\u00e9utica para pacientes con intolerancias [&hellip;]<\/p>\n","protected":false},"author":5,"featured_media":0,"comment_status":"","ping_status":"","sticky":false,"template":"","format":"standard","meta":{"site-sidebar-layout":"default","site-content-layout":"","ast-site-content-layout":"default","site-content-style":"default","site-sidebar-style":"default","ast-global-header-display":"","ast-banner-title-visibility":"","ast-main-header-display":"","ast-hfb-above-header-display":"","ast-hfb-below-header-display":"","ast-hfb-mobile-header-display":"","site-post-title":"","ast-breadcrumbs-content":"","ast-featured-img":"","footer-sml-layout":"","ast-disable-related-posts":"","theme-transparent-header-meta":"","adv-header-id-meta":"","stick-header-meta":"","header-above-stick-meta":"","header-main-stick-meta":"","header-below-stick-meta":"","astra-migrate-meta-layouts":"default","ast-page-background-enabled":"default","ast-page-background-meta":{"desktop":{"background-color":"var(--ast-global-color-4)","background-image":"","background-repeat":"repeat","background-position":"center center","background-size":"auto","background-attachment":"scroll","background-type":"","background-media":"","overlay-type":"","overlay-color":"","overlay-opacity":"","overlay-gradient":""},"tablet":{"background-color":"","background-image":"","background-repeat":"repeat","background-position":"center center","background-size":"auto","background-attachment":"scroll","background-type":"","background-media":"","overlay-type":"","overlay-color":"","overlay-opacity":"","overlay-gradient":""},"mobile":{"background-color":"","background-image":"","background-repeat":"repeat","background-position":"center center","background-size":"auto","background-attachment":"scroll","background-type":"","background-media":"","overlay-type":"","overlay-color":"","overlay-opacity":"","overlay-gradient":""}},"ast-content-background-meta":{"desktop":{"background-color":"var(--ast-global-color-5)","background-image":"","background-repeat":"repeat","background-position":"center center","background-size":"auto","background-attachment":"scroll","background-type":"","background-media":"","overlay-type":"","overlay-color":"","overlay-opacity":"","overlay-gradient":""},"tablet":{"background-color":"var(--ast-global-color-5)","background-image":"","background-repeat":"repeat","background-position":"center center","background-size":"auto","background-attachment":"scroll","background-type":"","background-media":"","overlay-type":"","overlay-color":"","overlay-opacity":"","overlay-gradient":""},"mobile":{"background-color":"var(--ast-global-color-5)","background-image":"","background-repeat":"repeat","background-position":"center center","background-size":"auto","background-attachment":"scroll","background-type":"","background-media":"","overlay-type":"","overlay-color":"","overlay-opacity":"","overlay-gradient":""}},"footnotes":""},"categories":[5],"tags":[],"class_list":["post-199271","post","type-post","status-publish","format-standard","hentry","category-noticias"],"yoast_head":"<!-- This site is optimized with the Yoast SEO Premium plugin v20.9 (Yoast SEO v27.4) - https:\/\/yoast.com\/product\/yoast-seo-premium-wordpress\/ -->\n<title>La combinaci\u00f3n de dos f\u00e1rmacos en una sola pastilla diaria simplifica el tratamiento inicial contra el VIH - bip4ex<\/title>\n<meta name=\"robots\" content=\"index, follow, max-snippet:-1, max-image-preview:large, max-video-preview:-1\" \/>\n<link rel=\"canonical\" href=\"https:\/\/helloproject.es\/vigilancia\/la-combinacion-de-dos-farmacos-en-una-sola-pastilla-diaria-simplifica-el-tratamiento-inicial-contra-el-vih\/\" \/>\n<meta property=\"og:locale\" content=\"es_ES\" \/>\n<meta property=\"og:type\" content=\"article\" \/>\n<meta property=\"og:title\" content=\"La combinaci\u00f3n de dos f\u00e1rmacos en una sola pastilla diaria simplifica el tratamiento inicial contra el VIH\" \/>\n<meta property=\"og:description\" content=\"Un ensayo cl\u00ednico en fase 3 demuestra que la combinaci\u00f3n de dos medicamentos antivirales en una sola pastilla diaria es un tipo de terapia igual de efectiva que los tratamientos iniciales cl\u00e1sicos para personas con VIH.\u00a0 Este nuevo f\u00e1rmaco se compone de doravirina e islatravir y ofrece una nueva l\u00ednea terap\u00e9utica para pacientes con intolerancias [&hellip;]\" \/>\n<meta property=\"og:url\" content=\"https:\/\/helloproject.es\/vigilancia\/la-combinacion-de-dos-farmacos-en-una-sola-pastilla-diaria-simplifica-el-tratamiento-inicial-contra-el-vih\/\" \/>\n<meta property=\"og:site_name\" content=\"bip4ex\" \/>\n<meta property=\"article:published_time\" content=\"2026-02-26T13:28:11+00:00\" \/>\n<meta property=\"og:image\" content=\"https:\/\/cdn.agenciasinc.es\/var\/ezwebin_site\/storage\/images\/reportajes\/la-historia-oculta-del-sida-como-el-vih-surgio-en-africa-y-cruzo-el-mundo-sin-ser-detectado\/12356300-1-esl-MX\/La-historia-oculta-del-sida-como-el-VIH-surgio-en-Africa-y-cruzo-el-mundo-sin-ser-detectado.jpg\" \/>\n<meta name=\"author\" content=\"Luis Miguel Mej\u00edas Ramos\" \/>\n<meta name=\"twitter:card\" content=\"summary_large_image\" \/>\n<meta name=\"twitter:label1\" content=\"Escrito por\" \/>\n\t<meta name=\"twitter:data1\" content=\"Luis Miguel Mej\u00edas Ramos\" \/>\n\t<meta name=\"twitter:label2\" content=\"Tiempo de lectura\" \/>\n\t<meta name=\"twitter:data2\" content=\"2 minutos\" \/>\n<script type=\"application\/ld+json\" class=\"yoast-schema-graph\">{\"@context\":\"https:\\\/\\\/schema.org\",\"@graph\":[{\"@type\":\"Article\",\"@id\":\"https:\\\/\\\/helloproject.es\\\/vigilancia\\\/la-combinacion-de-dos-farmacos-en-una-sola-pastilla-diaria-simplifica-el-tratamiento-inicial-contra-el-vih\\\/#article\",\"isPartOf\":{\"@id\":\"https:\\\/\\\/helloproject.es\\\/vigilancia\\\/la-combinacion-de-dos-farmacos-en-una-sola-pastilla-diaria-simplifica-el-tratamiento-inicial-contra-el-vih\\\/\"},\"author\":{\"name\":\"Luis Miguel Mej\u00edas Ramos\",\"@id\":\"https:\\\/\\\/helloproject.es\\\/vigilancia\\\/#\\\/schema\\\/person\\\/3767b0619d59a11570372c821f8619ca\"},\"headline\":\"La combinaci\u00f3n de dos f\u00e1rmacos en una sola pastilla diaria simplifica el tratamiento inicial contra el VIH\",\"datePublished\":\"2026-02-26T13:28:11+00:00\",\"mainEntityOfPage\":{\"@id\":\"https:\\\/\\\/helloproject.es\\\/vigilancia\\\/la-combinacion-de-dos-farmacos-en-una-sola-pastilla-diaria-simplifica-el-tratamiento-inicial-contra-el-vih\\\/\"},\"wordCount\":518,\"publisher\":{\"@id\":\"https:\\\/\\\/helloproject.es\\\/vigilancia\\\/#organization\"},\"image\":{\"@id\":\"https:\\\/\\\/helloproject.es\\\/vigilancia\\\/la-combinacion-de-dos-farmacos-en-una-sola-pastilla-diaria-simplifica-el-tratamiento-inicial-contra-el-vih\\\/#primaryimage\"},\"thumbnailUrl\":\"https:\\\/\\\/cdn.agenciasinc.es\\\/var\\\/ezwebin_site\\\/storage\\\/images\\\/reportajes\\\/la-historia-oculta-del-sida-como-el-vih-surgio-en-africa-y-cruzo-el-mundo-sin-ser-detectado\\\/12356300-1-esl-MX\\\/La-historia-oculta-del-sida-como-el-VIH-surgio-en-Africa-y-cruzo-el-mundo-sin-ser-detectado.jpg\",\"articleSection\":[\"Noticias\"],\"inLanguage\":\"es\"},{\"@type\":\"WebPage\",\"@id\":\"https:\\\/\\\/helloproject.es\\\/vigilancia\\\/la-combinacion-de-dos-farmacos-en-una-sola-pastilla-diaria-simplifica-el-tratamiento-inicial-contra-el-vih\\\/\",\"url\":\"https:\\\/\\\/helloproject.es\\\/vigilancia\\\/la-combinacion-de-dos-farmacos-en-una-sola-pastilla-diaria-simplifica-el-tratamiento-inicial-contra-el-vih\\\/\",\"name\":\"La combinaci\u00f3n de dos f\u00e1rmacos en una sola pastilla diaria simplifica el tratamiento inicial contra el VIH - bip4ex\",\"isPartOf\":{\"@id\":\"https:\\\/\\\/helloproject.es\\\/vigilancia\\\/#website\"},\"primaryImageOfPage\":{\"@id\":\"https:\\\/\\\/helloproject.es\\\/vigilancia\\\/la-combinacion-de-dos-farmacos-en-una-sola-pastilla-diaria-simplifica-el-tratamiento-inicial-contra-el-vih\\\/#primaryimage\"},\"image\":{\"@id\":\"https:\\\/\\\/helloproject.es\\\/vigilancia\\\/la-combinacion-de-dos-farmacos-en-una-sola-pastilla-diaria-simplifica-el-tratamiento-inicial-contra-el-vih\\\/#primaryimage\"},\"thumbnailUrl\":\"https:\\\/\\\/cdn.agenciasinc.es\\\/var\\\/ezwebin_site\\\/storage\\\/images\\\/reportajes\\\/la-historia-oculta-del-sida-como-el-vih-surgio-en-africa-y-cruzo-el-mundo-sin-ser-detectado\\\/12356300-1-esl-MX\\\/La-historia-oculta-del-sida-como-el-VIH-surgio-en-Africa-y-cruzo-el-mundo-sin-ser-detectado.jpg\",\"datePublished\":\"2026-02-26T13:28:11+00:00\",\"breadcrumb\":{\"@id\":\"https:\\\/\\\/helloproject.es\\\/vigilancia\\\/la-combinacion-de-dos-farmacos-en-una-sola-pastilla-diaria-simplifica-el-tratamiento-inicial-contra-el-vih\\\/#breadcrumb\"},\"inLanguage\":\"es\",\"potentialAction\":[{\"@type\":\"ReadAction\",\"target\":[\"https:\\\/\\\/helloproject.es\\\/vigilancia\\\/la-combinacion-de-dos-farmacos-en-una-sola-pastilla-diaria-simplifica-el-tratamiento-inicial-contra-el-vih\\\/\"]}]},{\"@type\":\"ImageObject\",\"inLanguage\":\"es\",\"@id\":\"https:\\\/\\\/helloproject.es\\\/vigilancia\\\/la-combinacion-de-dos-farmacos-en-una-sola-pastilla-diaria-simplifica-el-tratamiento-inicial-contra-el-vih\\\/#primaryimage\",\"url\":\"https:\\\/\\\/cdn.agenciasinc.es\\\/var\\\/ezwebin_site\\\/storage\\\/images\\\/reportajes\\\/la-historia-oculta-del-sida-como-el-vih-surgio-en-africa-y-cruzo-el-mundo-sin-ser-detectado\\\/12356300-1-esl-MX\\\/La-historia-oculta-del-sida-como-el-VIH-surgio-en-Africa-y-cruzo-el-mundo-sin-ser-detectado.jpg\",\"contentUrl\":\"https:\\\/\\\/cdn.agenciasinc.es\\\/var\\\/ezwebin_site\\\/storage\\\/images\\\/reportajes\\\/la-historia-oculta-del-sida-como-el-vih-surgio-en-africa-y-cruzo-el-mundo-sin-ser-detectado\\\/12356300-1-esl-MX\\\/La-historia-oculta-del-sida-como-el-VIH-surgio-en-Africa-y-cruzo-el-mundo-sin-ser-detectado.jpg\"},{\"@type\":\"BreadcrumbList\",\"@id\":\"https:\\\/\\\/helloproject.es\\\/vigilancia\\\/la-combinacion-de-dos-farmacos-en-una-sola-pastilla-diaria-simplifica-el-tratamiento-inicial-contra-el-vih\\\/#breadcrumb\",\"itemListElement\":[{\"@type\":\"ListItem\",\"position\":1,\"name\":\"Home\",\"item\":\"https:\\\/\\\/helloproject.es\\\/vigilancia\\\/\"},{\"@type\":\"ListItem\",\"position\":2,\"name\":\"La combinaci\u00f3n de dos f\u00e1rmacos en una sola pastilla diaria simplifica el tratamiento inicial contra el VIH\"}]},{\"@type\":\"WebSite\",\"@id\":\"https:\\\/\\\/helloproject.es\\\/vigilancia\\\/#website\",\"url\":\"https:\\\/\\\/helloproject.es\\\/vigilancia\\\/\",\"name\":\"bip4ex\",\"description\":\"Vigilancia Tecnol\u00f3gica\",\"publisher\":{\"@id\":\"https:\\\/\\\/helloproject.es\\\/vigilancia\\\/#organization\"},\"potentialAction\":[{\"@type\":\"SearchAction\",\"target\":{\"@type\":\"EntryPoint\",\"urlTemplate\":\"https:\\\/\\\/helloproject.es\\\/vigilancia\\\/?s={search_term_string}\"},\"query-input\":{\"@type\":\"PropertyValueSpecification\",\"valueRequired\":true,\"valueName\":\"search_term_string\"}}],\"inLanguage\":\"es\"},{\"@type\":\"Organization\",\"@id\":\"https:\\\/\\\/helloproject.es\\\/vigilancia\\\/#organization\",\"name\":\"Helloproject.es\",\"url\":\"https:\\\/\\\/helloproject.es\\\/vigilancia\\\/\",\"logo\":{\"@type\":\"ImageObject\",\"inLanguage\":\"es\",\"@id\":\"https:\\\/\\\/helloproject.es\\\/vigilancia\\\/#\\\/schema\\\/logo\\\/image\\\/\",\"url\":\"https:\\\/\\\/helloproject.es\\\/vigilancia\\\/wp-content\\\/uploads\\\/2023\\\/07\\\/bip4ex.png\",\"contentUrl\":\"https:\\\/\\\/helloproject.es\\\/vigilancia\\\/wp-content\\\/uploads\\\/2023\\\/07\\\/bip4ex.png\",\"width\":322,\"height\":365,\"caption\":\"Helloproject.es\"},\"image\":{\"@id\":\"https:\\\/\\\/helloproject.es\\\/vigilancia\\\/#\\\/schema\\\/logo\\\/image\\\/\"}},{\"@type\":\"Person\",\"@id\":\"https:\\\/\\\/helloproject.es\\\/vigilancia\\\/#\\\/schema\\\/person\\\/3767b0619d59a11570372c821f8619ca\",\"name\":\"Luis Miguel Mej\u00edas Ramos\",\"url\":\"https:\\\/\\\/helloproject.es\\\/vigilancia\\\/author\\\/luismi\\\/\"}]}<\/script>\n<!-- \/ Yoast SEO Premium plugin. -->","yoast_head_json":{"title":"La combinaci\u00f3n de dos f\u00e1rmacos en una sola pastilla diaria simplifica el tratamiento inicial contra el VIH - bip4ex","robots":{"index":"index","follow":"follow","max-snippet":"max-snippet:-1","max-image-preview":"max-image-preview:large","max-video-preview":"max-video-preview:-1"},"canonical":"https:\/\/helloproject.es\/vigilancia\/la-combinacion-de-dos-farmacos-en-una-sola-pastilla-diaria-simplifica-el-tratamiento-inicial-contra-el-vih\/","og_locale":"es_ES","og_type":"article","og_title":"La combinaci\u00f3n de dos f\u00e1rmacos en una sola pastilla diaria simplifica el tratamiento inicial contra el VIH","og_description":"Un ensayo cl\u00ednico en fase 3 demuestra que la combinaci\u00f3n de dos medicamentos antivirales en una sola pastilla diaria es un tipo de terapia igual de efectiva que los tratamientos iniciales cl\u00e1sicos para personas con VIH.\u00a0 Este nuevo f\u00e1rmaco se compone de doravirina e islatravir y ofrece una nueva l\u00ednea terap\u00e9utica para pacientes con intolerancias [&hellip;]","og_url":"https:\/\/helloproject.es\/vigilancia\/la-combinacion-de-dos-farmacos-en-una-sola-pastilla-diaria-simplifica-el-tratamiento-inicial-contra-el-vih\/","og_site_name":"bip4ex","article_published_time":"2026-02-26T13:28:11+00:00","og_image":[{"url":"https:\/\/cdn.agenciasinc.es\/var\/ezwebin_site\/storage\/images\/reportajes\/la-historia-oculta-del-sida-como-el-vih-surgio-en-africa-y-cruzo-el-mundo-sin-ser-detectado\/12356300-1-esl-MX\/La-historia-oculta-del-sida-como-el-VIH-surgio-en-Africa-y-cruzo-el-mundo-sin-ser-detectado.jpg","type":"","width":"","height":""}],"author":"Luis Miguel Mej\u00edas Ramos","twitter_card":"summary_large_image","twitter_misc":{"Escrito por":"Luis Miguel Mej\u00edas Ramos","Tiempo de lectura":"2 minutos"},"schema":{"@context":"https:\/\/schema.org","@graph":[{"@type":"Article","@id":"https:\/\/helloproject.es\/vigilancia\/la-combinacion-de-dos-farmacos-en-una-sola-pastilla-diaria-simplifica-el-tratamiento-inicial-contra-el-vih\/#article","isPartOf":{"@id":"https:\/\/helloproject.es\/vigilancia\/la-combinacion-de-dos-farmacos-en-una-sola-pastilla-diaria-simplifica-el-tratamiento-inicial-contra-el-vih\/"},"author":{"name":"Luis Miguel Mej\u00edas Ramos","@id":"https:\/\/helloproject.es\/vigilancia\/#\/schema\/person\/3767b0619d59a11570372c821f8619ca"},"headline":"La combinaci\u00f3n de dos f\u00e1rmacos en una sola pastilla diaria simplifica el tratamiento inicial contra el VIH","datePublished":"2026-02-26T13:28:11+00:00","mainEntityOfPage":{"@id":"https:\/\/helloproject.es\/vigilancia\/la-combinacion-de-dos-farmacos-en-una-sola-pastilla-diaria-simplifica-el-tratamiento-inicial-contra-el-vih\/"},"wordCount":518,"publisher":{"@id":"https:\/\/helloproject.es\/vigilancia\/#organization"},"image":{"@id":"https:\/\/helloproject.es\/vigilancia\/la-combinacion-de-dos-farmacos-en-una-sola-pastilla-diaria-simplifica-el-tratamiento-inicial-contra-el-vih\/#primaryimage"},"thumbnailUrl":"https:\/\/cdn.agenciasinc.es\/var\/ezwebin_site\/storage\/images\/reportajes\/la-historia-oculta-del-sida-como-el-vih-surgio-en-africa-y-cruzo-el-mundo-sin-ser-detectado\/12356300-1-esl-MX\/La-historia-oculta-del-sida-como-el-VIH-surgio-en-Africa-y-cruzo-el-mundo-sin-ser-detectado.jpg","articleSection":["Noticias"],"inLanguage":"es"},{"@type":"WebPage","@id":"https:\/\/helloproject.es\/vigilancia\/la-combinacion-de-dos-farmacos-en-una-sola-pastilla-diaria-simplifica-el-tratamiento-inicial-contra-el-vih\/","url":"https:\/\/helloproject.es\/vigilancia\/la-combinacion-de-dos-farmacos-en-una-sola-pastilla-diaria-simplifica-el-tratamiento-inicial-contra-el-vih\/","name":"La combinaci\u00f3n de dos f\u00e1rmacos en una sola pastilla diaria simplifica el tratamiento inicial contra el VIH - bip4ex","isPartOf":{"@id":"https:\/\/helloproject.es\/vigilancia\/#website"},"primaryImageOfPage":{"@id":"https:\/\/helloproject.es\/vigilancia\/la-combinacion-de-dos-farmacos-en-una-sola-pastilla-diaria-simplifica-el-tratamiento-inicial-contra-el-vih\/#primaryimage"},"image":{"@id":"https:\/\/helloproject.es\/vigilancia\/la-combinacion-de-dos-farmacos-en-una-sola-pastilla-diaria-simplifica-el-tratamiento-inicial-contra-el-vih\/#primaryimage"},"thumbnailUrl":"https:\/\/cdn.agenciasinc.es\/var\/ezwebin_site\/storage\/images\/reportajes\/la-historia-oculta-del-sida-como-el-vih-surgio-en-africa-y-cruzo-el-mundo-sin-ser-detectado\/12356300-1-esl-MX\/La-historia-oculta-del-sida-como-el-VIH-surgio-en-Africa-y-cruzo-el-mundo-sin-ser-detectado.jpg","datePublished":"2026-02-26T13:28:11+00:00","breadcrumb":{"@id":"https:\/\/helloproject.es\/vigilancia\/la-combinacion-de-dos-farmacos-en-una-sola-pastilla-diaria-simplifica-el-tratamiento-inicial-contra-el-vih\/#breadcrumb"},"inLanguage":"es","potentialAction":[{"@type":"ReadAction","target":["https:\/\/helloproject.es\/vigilancia\/la-combinacion-de-dos-farmacos-en-una-sola-pastilla-diaria-simplifica-el-tratamiento-inicial-contra-el-vih\/"]}]},{"@type":"ImageObject","inLanguage":"es","@id":"https:\/\/helloproject.es\/vigilancia\/la-combinacion-de-dos-farmacos-en-una-sola-pastilla-diaria-simplifica-el-tratamiento-inicial-contra-el-vih\/#primaryimage","url":"https:\/\/cdn.agenciasinc.es\/var\/ezwebin_site\/storage\/images\/reportajes\/la-historia-oculta-del-sida-como-el-vih-surgio-en-africa-y-cruzo-el-mundo-sin-ser-detectado\/12356300-1-esl-MX\/La-historia-oculta-del-sida-como-el-VIH-surgio-en-Africa-y-cruzo-el-mundo-sin-ser-detectado.jpg","contentUrl":"https:\/\/cdn.agenciasinc.es\/var\/ezwebin_site\/storage\/images\/reportajes\/la-historia-oculta-del-sida-como-el-vih-surgio-en-africa-y-cruzo-el-mundo-sin-ser-detectado\/12356300-1-esl-MX\/La-historia-oculta-del-sida-como-el-VIH-surgio-en-Africa-y-cruzo-el-mundo-sin-ser-detectado.jpg"},{"@type":"BreadcrumbList","@id":"https:\/\/helloproject.es\/vigilancia\/la-combinacion-de-dos-farmacos-en-una-sola-pastilla-diaria-simplifica-el-tratamiento-inicial-contra-el-vih\/#breadcrumb","itemListElement":[{"@type":"ListItem","position":1,"name":"Home","item":"https:\/\/helloproject.es\/vigilancia\/"},{"@type":"ListItem","position":2,"name":"La combinaci\u00f3n de dos f\u00e1rmacos en una sola pastilla diaria simplifica el tratamiento inicial contra el VIH"}]},{"@type":"WebSite","@id":"https:\/\/helloproject.es\/vigilancia\/#website","url":"https:\/\/helloproject.es\/vigilancia\/","name":"bip4ex","description":"Vigilancia Tecnol\u00f3gica","publisher":{"@id":"https:\/\/helloproject.es\/vigilancia\/#organization"},"potentialAction":[{"@type":"SearchAction","target":{"@type":"EntryPoint","urlTemplate":"https:\/\/helloproject.es\/vigilancia\/?s={search_term_string}"},"query-input":{"@type":"PropertyValueSpecification","valueRequired":true,"valueName":"search_term_string"}}],"inLanguage":"es"},{"@type":"Organization","@id":"https:\/\/helloproject.es\/vigilancia\/#organization","name":"Helloproject.es","url":"https:\/\/helloproject.es\/vigilancia\/","logo":{"@type":"ImageObject","inLanguage":"es","@id":"https:\/\/helloproject.es\/vigilancia\/#\/schema\/logo\/image\/","url":"https:\/\/helloproject.es\/vigilancia\/wp-content\/uploads\/2023\/07\/bip4ex.png","contentUrl":"https:\/\/helloproject.es\/vigilancia\/wp-content\/uploads\/2023\/07\/bip4ex.png","width":322,"height":365,"caption":"Helloproject.es"},"image":{"@id":"https:\/\/helloproject.es\/vigilancia\/#\/schema\/logo\/image\/"}},{"@type":"Person","@id":"https:\/\/helloproject.es\/vigilancia\/#\/schema\/person\/3767b0619d59a11570372c821f8619ca","name":"Luis Miguel Mej\u00edas Ramos","url":"https:\/\/helloproject.es\/vigilancia\/author\/luismi\/"}]}},"_links":{"self":[{"href":"https:\/\/helloproject.es\/vigilancia\/wp-json\/wp\/v2\/posts\/199271","targetHints":{"allow":["GET"]}}],"collection":[{"href":"https:\/\/helloproject.es\/vigilancia\/wp-json\/wp\/v2\/posts"}],"about":[{"href":"https:\/\/helloproject.es\/vigilancia\/wp-json\/wp\/v2\/types\/post"}],"author":[{"embeddable":true,"href":"https:\/\/helloproject.es\/vigilancia\/wp-json\/wp\/v2\/users\/5"}],"replies":[{"embeddable":true,"href":"https:\/\/helloproject.es\/vigilancia\/wp-json\/wp\/v2\/comments?post=199271"}],"version-history":[{"count":0,"href":"https:\/\/helloproject.es\/vigilancia\/wp-json\/wp\/v2\/posts\/199271\/revisions"}],"wp:attachment":[{"href":"https:\/\/helloproject.es\/vigilancia\/wp-json\/wp\/v2\/media?parent=199271"}],"wp:term":[{"taxonomy":"category","embeddable":true,"href":"https:\/\/helloproject.es\/vigilancia\/wp-json\/wp\/v2\/categories?post=199271"},{"taxonomy":"post_tag","embeddable":true,"href":"https:\/\/helloproject.es\/vigilancia\/wp-json\/wp\/v2\/tags?post=199271"}],"curies":[{"name":"wp","href":"https:\/\/api.w.org\/{rel}","templated":true}]}}