{"id":200214,"date":"2026-03-11T12:28:21","date_gmt":"2026-03-11T11:28:21","guid":{"rendered":"https:\/\/helloproject.es\/vigilancia\/hallan-por-primera-vez-en-baleares-una-planta-marina-invasora-de-origen-tropical\/"},"modified":"2026-03-11T12:28:21","modified_gmt":"2026-03-11T11:28:21","slug":"hallan-por-primera-vez-en-baleares-una-planta-marina-invasora-de-origen-tropical","status":"publish","type":"post","link":"https:\/\/helloproject.es\/vigilancia\/hallan-por-primera-vez-en-baleares-una-planta-marina-invasora-de-origen-tropical\/","title":{"rendered":"Hallan por primera vez en Baleares una planta marina invasora de origen tropical"},"content":{"rendered":"<p>Investigadores del Instituto Mediterr\u00e1neo de Estudios Avanzados (IMEDEA, centro mixto del CSIC y la Universitat de les Illes Balears), junto con cient\u00edficos del Centro de Estudios Avanzados de Blanes (CEAB-CSIC) y del Centre Balear de Biologia Aplicada, han detectado por primera vez en Baleares la presencia de la planta marina invasora tropical Halophila stipulacea.<\/p>\n<p>La primera observaci\u00f3n se produjo en octubre de 2023, a unos tres kil\u00f3metros del puerto de Palma<\/p>\n<p>El hallazgo, localizado en la bah\u00eda de Palma, constituye el registro m\u00e1s occidental conocido hasta ahora de esta especie en el Mediterr\u00e1neo y el primero documentado en Espa\u00f1a. El estudio, liderado por personal investigador del IMEDEA, evidencia el avance progresivo de las invasiones biol\u00f3gicas en un contexto de calentamiento del mar. Los resultados se han publicado recientemente en la revista <a href=\"https:\/\/doi.org\/10.12681\/mms.42569\" target=\"_blank\">Mediterranean Marine Science<\/a>.<\/p>\n<p>La primera observaci\u00f3n se produjo en octubre de 2023, a unos tres kil\u00f3metros del puerto de Palma, tras el aviso del Centre Balear de Biologia Aplicada. Posteriormente, el equipo realiz\u00f3 inmersiones y prospecciones submarinas que confirmaron la presencia de peque\u00f1os parches establecidos sobre fondos arenosos.<\/p>\n<p>\u201cEste registro confirma que la invasi\u00f3n de Halophila en el Mediterr\u00e1neo contin\u00faa avanzando hacia el oeste\u201d, explica el investigador del IMEDEA Andr\u00e9s Arona, primer autor del estudio. \u201cAdem\u00e1s, es un indicio claro de la \u2018tropicalizaci\u00f3n\u2019 del Mediterr\u00e1neo: si esta especie est\u00e1 logrando establecerse aqu\u00ed es porque las condiciones ambientales est\u00e1n cambiando\u201d.<\/p>\n<p>                        <a href=\"https:\/\/www.agenciasinc.es\/Noticias\/La-planta-invasora-una-de-gato-amenaza-los-ecosistemas-costeros-de-la-Peninsula\"><br \/>\n                            <img decoding=\"async\" src=\"https:\/\/cdn.agenciasinc.es\/var\/ezwebin_site\/storage\/images\/noticias\/la-planta-invasora-una-de-gato-amenaza-los-ecosistemas-costeros-de-la-peninsula\/8660845-2-esl-MX\/La-planta-invasora-una-de-gato-amenaza-los-ecosistemas-costeros-de-la-Peninsula.jpg\" alt=\"La planta invasora u\u00f1a de gato amenaza los ecosistemas costeros de la Pen\u00ednsula\" title=\"La planta invasora u\u00f1a de gato amenaza los ecosistemas costeros de la Pen\u00ednsula\" class=\"small_fotoderecha_img\" loading=\"lazy\" \/><br \/>\n                        <\/a><\/p>\n<p>                    <a href=\"https:\/\/www.agenciasinc.es\/Noticias\/La-planta-invasora-una-de-gato-amenaza-los-ecosistemas-costeros-de-la-Peninsula\" class=\"small_fotoderecha_titulo\"><\/a><\/p>\n<h3 class=\"small_fotoderecha_titulo\">La planta invasora u\u00f1a de gato amenaza los ecosistemas costeros de la Pen\u00ednsula<\/h3>\n<p>                    <\/p>\n<p>                                                                                                                                                <a href=\"https:\/\/www.agenciasinc.es\/Autor\/Eva-Rodriguez\"><br \/>\n                                        Eva Rodr\u00edguez<br \/>\n                                        <\/a>                                                                                                <\/p>\n<p><a><\/a><\/p>\n<h2>Una especie con alto potencial invasor<\/h2>\n<p>Halophila stipulacea es una faner\u00f3gama marina originaria del mar Rojo, el golfo P\u00e9rsico y el oc\u00e9ano \u00cdndico. Lleg\u00f3 al Mediterr\u00e1neo tras la apertura del canal de Suez hace m\u00e1s de 150 a\u00f1os y est\u00e1 considerada una de las primeras especies \u201clessepsianas\u201d, es decir, aquellas que colonizaron el Mediterr\u00e1neo desde el mar Rojo a trav\u00e9s de esta conexi\u00f3n artificial.<\/p>\n<p>Aunque su expansi\u00f3n en el Mediterr\u00e1neo occidental ha sido lenta, en otras regiones como el Caribe su comportamiento ha sido mucho m\u00e1s agresivo.<\/p>\n<p>\u201cEn el Caribe, en menos de 20 a\u00f1os, ha colonizado amplias zonas y ha desplazado a especies nativas\u201d, se\u00f1ala Arona. \u201cEn el Mediterr\u00e1neo oriental ya est\u00e1 mucho m\u00e1s establecida; que ahora llegue y se establezca en Baleares es un paso m\u00e1s en esa expansi\u00f3n\u201d.<\/p>\n<p><img decoding=\"async\" src=\"https:\/\/www.agenciasinc.es\/bundles\/app\/images\/quotebefore.png\" \/><\/p>\n<p>Nos estamos \u2018tropicalizando\u2019. El Mediterr\u00e1neo se est\u00e1 calentando y cada vez es m\u00e1s favorable para especies tropicales<\/p>\n<p>Fiona Tom\u00e0s, IMEDEA<br \/>\n<img decoding=\"async\" src=\"https:\/\/www.agenciasinc.es\/bundles\/app\/images\/quoteafter.png\" \/><\/p>\n<p>La investigadora del IMEDEA Fiona Tom\u00e0s subraya que el hallazgo no debe interpretarse como un hecho aislado:<\/p>\n<p>\u201cNos estamos \u2018tropicalizando\u2019. El Mediterr\u00e1neo se est\u00e1 calentando y cada vez es m\u00e1s favorable para especies tropicales. Por ejemplo, otras especies tropicales de algas o peces ya est\u00e1n establecidas en el Mediterr\u00e1neo oriental, y algunas ya se encuentran tambi\u00e9n en las costas baleares\u201d.<\/p>\n<p>                        <a href=\"https:\/\/www.agenciasinc.es\/Noticias\/Record-de-calentamiento-y-olas-de-calor-marinas-en-el-Mediterraneo\"><br \/>\n                            <img decoding=\"async\" src=\"https:\/\/cdn.agenciasinc.es\/var\/ezwebin_site\/storage\/images\/noticias\/record-de-calentamiento-y-olas-de-calor-marinas-en-el-mediterraneo\/12371248-2-esl-MX\/Record-de-calentamiento-y-olas-de-calor-marinas-en-el-Mediterraneo.jpg\" alt=\"R\u00e9cord de calentamiento y olas de calor marinas en el Mediterr\u00e1neo\" title=\"R\u00e9cord de calentamiento y olas de calor marinas en el Mediterr\u00e1neo\" class=\"small_fotoderecha_img\" loading=\"lazy\" \/><br \/>\n                        <\/a><\/p>\n<p>                    <a href=\"https:\/\/www.agenciasinc.es\/Noticias\/Record-de-calentamiento-y-olas-de-calor-marinas-en-el-Mediterraneo\" class=\"small_fotoderecha_titulo\"><\/a><\/p>\n<h3 class=\"small_fotoderecha_titulo\">R\u00e9cord de calentamiento y olas de calor marinas en el Mediterr\u00e1neo<\/h3>\n<p>                    <\/p>\n<p>                                                                                                                                                <a href=\"https:\/\/www.agenciasinc.es\/Autor\/SINC\"><br \/>\n                                        SINC<br \/>\n                                        <\/a>                                                                                                <\/p>\n<p><a><\/a><\/p>\n<h2>\u00bfPor qu\u00e9 ahora?<\/h2>\n<p>El equipo considera probable que la especie pudiera haber llegado anteriormente a Baleares a trav\u00e9s del transporte mar\u00edtimo, pero que no hubiera encontrado condiciones adecuadas para sobrevivir.<\/p>\n<p>Es probable que la especie pudiera haber llegado anteriormente a Baleares a trav\u00e9s del transporte mar\u00edtimo, pero que no hubiera encontrado condiciones adecuadas para sobrevivir<\/p>\n<p>\u201cEs posible que hubiera llegado antes y no se hubiera establecido\u201d, apunta Tom\u00e0s. \u201cAhora las temperaturas son m\u00e1s altas y eso puede estar facilitando su asentamiento\u201d.<\/p>\n<p>En verano, la planta puede crecer r\u00e1pidamente con temperaturas del agua cercanas a los 30 grados, valores que ya se han registrado recientemente en el mar Balear.<\/p>\n<p>La proximidad del hallazgo a un puerto refuerza la hip\u00f3tesis de que el transporte mar\u00edtimo, especialmente a trav\u00e9s de anclas, cascos o aguas de lastre, sea una de las principales v\u00edas de dispersi\u00f3n.<\/p>\n<p><a><\/a><\/p>\n<h2>Impactos ecol\u00f3gicos: luces y sombras<\/h2>\n<p>El posible impacto ecol\u00f3gico de la especie depender\u00e1 de su expansi\u00f3n futura y del tipo de h\u00e1bitat que colonice.<\/p>\n<p>En zonas degradadas de fondo arenoso, su presencia podr\u00eda aumentar la complejidad estructural y atraer nuevas especies, pero tambi\u00e9n podr\u00eda desplazar a especies de fondos blandos. En Baleares ya se ha observado un fen\u00f3meno similar con el alga tropical invasora Halimeda incrassata, que ha desplazado al \u201cpeda\u00e7\u201d (Bothus podas), un pez plano de importancia en las pesquer\u00edas locales.<\/p>\n<p>Asimismo, si llegara a desplazar faner\u00f3gamas marinas aut\u00f3ctonas como la posidonia (Posidonia oceanica) o la cymodocea (Cymodocea nodosa), el impacto podr\u00eda ser a\u00fan mayor.<\/p>\n<p><img decoding=\"async\" src=\"https:\/\/www.agenciasinc.es\/bundles\/app\/images\/quotebefore.png\" \/><\/p>\n<p>Un cambio en la dominancia de especies puede\u00a0alterar profundamente el ecosistema<\/p>\n<p>Fiona Tom\u00e0s, IMEDEA<br \/>\n<img decoding=\"async\" src=\"https:\/\/www.agenciasinc.es\/bundles\/app\/images\/quoteafter.png\" \/><\/p>\n<p>\u201cLa posidonia es como una secuoya; la Halophila es mucho m\u00e1s peque\u00f1a\u201d, explica Tom\u00e0s. \u201cNo genera estructuras tan complejas ni almacena carbono en la misma magnitud. Un cambio en la dominancia de especies puede alterar profundamente el ecosistema\u201d.<\/p>\n<p>En el Caribe se ha observado que, en algunas zonas colonizadas por Halophila, disminuye la biodiversidad respecto a praderas nativas. En el Mediterr\u00e1neo oriental tambi\u00e9n existen evidencias de desplazamiento de especies locales.<\/p>\n<p><a><\/a><\/p>\n<h2>Se\u00f1al del cambio en el Mediterr\u00e1neo<\/h2>\n<p>El equipo destaca que la detecci\u00f3n en una fase inicial es clave para poder evaluar su evoluci\u00f3n y dise\u00f1ar estrategias de seguimiento.<\/p>\n<p>La detecci\u00f3n en una fase inicial es clave para poder evaluar su evoluci\u00f3n y dise\u00f1ar estrategias de seguimiento<\/p>\n<p>\u201cCuanto antes detectemos estas especies, m\u00e1s capacidad tendremos para entender c\u00f3mo se expanden y qu\u00e9 efectos generan\u201d, se\u00f1ala Arona. El investigador tambi\u00e9n apunta al papel de la ciencia ciudadana y de plataformas como Observadores del Mar en la identificaci\u00f3n temprana de nuevas invasiones.<\/p>\n<p>Actualmente, el equipo est\u00e1 realizando seguimientos para evaluar la magnitud real de la expansi\u00f3n, su interacci\u00f3n con otras especies y el posible consumo por parte de peces herb\u00edvoros y otros organismos.<\/p>\n<p>M\u00e1s all\u00e1 del caso concreto, los investigadores consideran que este hallazgo es una se\u00f1al de un proceso m\u00e1s amplio.<\/p>\n<p>\u201cQue esta especie est\u00e9 aqu\u00ed y se est\u00e9 estableciendo no es casualidad\u201d, concluye Arona. \u201cEs una consecuencia del calentamiento del Mediterr\u00e1neo y de la creciente conectividad mar\u00edtima. Si nuestro mar sigue pareci\u00e9ndose m\u00e1s al Caribe, veremos cada vez m\u00e1s especies tropicales estableci\u00e9ndose en nuestras costas\u201d.<\/p>\n<p>Referencia:<\/p>\n<p>Arona, A., Loubet, L., Hern\u00e1n, G., Albalat, B., Orero-Rubio, E., Reyn\u00e9s, X., Reviriego, B., Ballesteros, E., &amp; Tom\u00e0s, F.\u00a0 First record of the non-native seagrass\u00a0Halophila stipulacea\u00a0(Forssk\u00e5l) Ascherson in Mallorca (Balearic Islands, Spain): Expanding its Western Mediterranean distribution.\u00a0<a href=\"https:\/\/doi.org\/10.12681\/mms.42569\" target=\"_blank\">Mediterranean Marine Science<\/a>, (2026).\u00a0<\/p>","protected":false},"excerpt":{"rendered":"<p>Investigadores del Instituto Mediterr\u00e1neo de Estudios Avanzados (IMEDEA, centro mixto del CSIC y la Universitat de les Illes Balears), junto con cient\u00edficos del Centro de Estudios Avanzados de Blanes (CEAB-CSIC) y del Centre Balear de Biologia Aplicada, han detectado por primera vez en Baleares la presencia de la planta marina invasora tropical Halophila stipulacea. La [&hellip;]<\/p>\n","protected":false},"author":5,"featured_media":0,"comment_status":"","ping_status":"","sticky":false,"template":"","format":"standard","meta":{"site-sidebar-layout":"default","site-content-layout":"","ast-site-content-layout":"default","site-content-style":"default","site-sidebar-style":"default","ast-global-header-display":"","ast-banner-title-visibility":"","ast-main-header-display":"","ast-hfb-above-header-display":"","ast-hfb-below-header-display":"","ast-hfb-mobile-header-display":"","site-post-title":"","ast-breadcrumbs-content":"","ast-featured-img":"","footer-sml-layout":"","ast-disable-related-posts":"","theme-transparent-header-meta":"","adv-header-id-meta":"","stick-header-meta":"","header-above-stick-meta":"","header-main-stick-meta":"","header-below-stick-meta":"","astra-migrate-meta-layouts":"default","ast-page-background-enabled":"default","ast-page-background-meta":{"desktop":{"background-color":"var(--ast-global-color-4)","background-image":"","background-repeat":"repeat","background-position":"center center","background-size":"auto","background-attachment":"scroll","background-type":"","background-media":"","overlay-type":"","overlay-color":"","overlay-opacity":"","overlay-gradient":""},"tablet":{"background-color":"","background-image":"","background-repeat":"repeat","background-position":"center center","background-size":"auto","background-attachment":"scroll","background-type":"","background-media":"","overlay-type":"","overlay-color":"","overlay-opacity":"","overlay-gradient":""},"mobile":{"background-color":"","background-image":"","background-repeat":"repeat","background-position":"center center","background-size":"auto","background-attachment":"scroll","background-type":"","background-media":"","overlay-type":"","overlay-color":"","overlay-opacity":"","overlay-gradient":""}},"ast-content-background-meta":{"desktop":{"background-color":"var(--ast-global-color-5)","background-image":"","background-repeat":"repeat","background-position":"center center","background-size":"auto","background-attachment":"scroll","background-type":"","background-media":"","overlay-type":"","overlay-color":"","overlay-opacity":"","overlay-gradient":""},"tablet":{"background-color":"var(--ast-global-color-5)","background-image":"","background-repeat":"repeat","background-position":"center center","background-size":"auto","background-attachment":"scroll","background-type":"","background-media":"","overlay-type":"","overlay-color":"","overlay-opacity":"","overlay-gradient":""},"mobile":{"background-color":"var(--ast-global-color-5)","background-image":"","background-repeat":"repeat","background-position":"center center","background-size":"auto","background-attachment":"scroll","background-type":"","background-media":"","overlay-type":"","overlay-color":"","overlay-opacity":"","overlay-gradient":""}},"footnotes":""},"categories":[5],"tags":[],"class_list":["post-200214","post","type-post","status-publish","format-standard","hentry","category-noticias"],"yoast_head":"<!-- This site is optimized with the Yoast SEO Premium plugin v20.9 (Yoast SEO v27.4) - https:\/\/yoast.com\/product\/yoast-seo-premium-wordpress\/ -->\n<title>Hallan por primera vez en Baleares una planta marina invasora de origen tropical - bip4ex<\/title>\n<meta name=\"robots\" content=\"index, follow, max-snippet:-1, max-image-preview:large, max-video-preview:-1\" \/>\n<link rel=\"canonical\" href=\"https:\/\/helloproject.es\/vigilancia\/hallan-por-primera-vez-en-baleares-una-planta-marina-invasora-de-origen-tropical\/\" \/>\n<meta property=\"og:locale\" content=\"es_ES\" \/>\n<meta property=\"og:type\" content=\"article\" \/>\n<meta property=\"og:title\" content=\"Hallan por primera vez en Baleares una planta marina invasora de origen tropical\" \/>\n<meta property=\"og:description\" content=\"Investigadores del Instituto Mediterr\u00e1neo de Estudios Avanzados (IMEDEA, centro mixto del CSIC y la Universitat de les Illes Balears), junto con cient\u00edficos del Centro de Estudios Avanzados de Blanes (CEAB-CSIC) y del Centre Balear de Biologia Aplicada, han detectado por primera vez en Baleares la presencia de la planta marina invasora tropical Halophila stipulacea. La [&hellip;]\" \/>\n<meta property=\"og:url\" content=\"https:\/\/helloproject.es\/vigilancia\/hallan-por-primera-vez-en-baleares-una-planta-marina-invasora-de-origen-tropical\/\" \/>\n<meta property=\"og:site_name\" content=\"bip4ex\" \/>\n<meta property=\"article:published_time\" content=\"2026-03-11T11:28:21+00:00\" \/>\n<meta property=\"og:image\" content=\"https:\/\/cdn.agenciasinc.es\/var\/ezwebin_site\/storage\/images\/noticias\/la-planta-invasora-una-de-gato-amenaza-los-ecosistemas-costeros-de-la-peninsula\/8660845-2-esl-MX\/La-planta-invasora-una-de-gato-amenaza-los-ecosistemas-costeros-de-la-Peninsula.jpg\" \/>\n<meta name=\"author\" content=\"Luis Miguel Mej\u00edas Ramos\" \/>\n<meta name=\"twitter:card\" content=\"summary_large_image\" \/>\n<meta name=\"twitter:label1\" content=\"Escrito por\" \/>\n\t<meta name=\"twitter:data1\" content=\"Luis Miguel Mej\u00edas Ramos\" \/>\n\t<meta name=\"twitter:label2\" content=\"Tiempo de lectura\" \/>\n\t<meta name=\"twitter:data2\" content=\"6 minutos\" \/>\n<script type=\"application\/ld+json\" class=\"yoast-schema-graph\">{\"@context\":\"https:\\\/\\\/schema.org\",\"@graph\":[{\"@type\":\"Article\",\"@id\":\"https:\\\/\\\/helloproject.es\\\/vigilancia\\\/hallan-por-primera-vez-en-baleares-una-planta-marina-invasora-de-origen-tropical\\\/#article\",\"isPartOf\":{\"@id\":\"https:\\\/\\\/helloproject.es\\\/vigilancia\\\/hallan-por-primera-vez-en-baleares-una-planta-marina-invasora-de-origen-tropical\\\/\"},\"author\":{\"name\":\"Luis Miguel Mej\u00edas Ramos\",\"@id\":\"https:\\\/\\\/helloproject.es\\\/vigilancia\\\/#\\\/schema\\\/person\\\/3767b0619d59a11570372c821f8619ca\"},\"headline\":\"Hallan por primera vez en Baleares una planta marina invasora de origen tropical\",\"datePublished\":\"2026-03-11T11:28:21+00:00\",\"mainEntityOfPage\":{\"@id\":\"https:\\\/\\\/helloproject.es\\\/vigilancia\\\/hallan-por-primera-vez-en-baleares-una-planta-marina-invasora-de-origen-tropical\\\/\"},\"wordCount\":1147,\"publisher\":{\"@id\":\"https:\\\/\\\/helloproject.es\\\/vigilancia\\\/#organization\"},\"image\":{\"@id\":\"https:\\\/\\\/helloproject.es\\\/vigilancia\\\/hallan-por-primera-vez-en-baleares-una-planta-marina-invasora-de-origen-tropical\\\/#primaryimage\"},\"thumbnailUrl\":\"https:\\\/\\\/cdn.agenciasinc.es\\\/var\\\/ezwebin_site\\\/storage\\\/images\\\/noticias\\\/la-planta-invasora-una-de-gato-amenaza-los-ecosistemas-costeros-de-la-peninsula\\\/8660845-2-esl-MX\\\/La-planta-invasora-una-de-gato-amenaza-los-ecosistemas-costeros-de-la-Peninsula.jpg\",\"articleSection\":[\"Noticias\"],\"inLanguage\":\"es\"},{\"@type\":\"WebPage\",\"@id\":\"https:\\\/\\\/helloproject.es\\\/vigilancia\\\/hallan-por-primera-vez-en-baleares-una-planta-marina-invasora-de-origen-tropical\\\/\",\"url\":\"https:\\\/\\\/helloproject.es\\\/vigilancia\\\/hallan-por-primera-vez-en-baleares-una-planta-marina-invasora-de-origen-tropical\\\/\",\"name\":\"Hallan por primera vez en Baleares una planta marina invasora de origen tropical - bip4ex\",\"isPartOf\":{\"@id\":\"https:\\\/\\\/helloproject.es\\\/vigilancia\\\/#website\"},\"primaryImageOfPage\":{\"@id\":\"https:\\\/\\\/helloproject.es\\\/vigilancia\\\/hallan-por-primera-vez-en-baleares-una-planta-marina-invasora-de-origen-tropical\\\/#primaryimage\"},\"image\":{\"@id\":\"https:\\\/\\\/helloproject.es\\\/vigilancia\\\/hallan-por-primera-vez-en-baleares-una-planta-marina-invasora-de-origen-tropical\\\/#primaryimage\"},\"thumbnailUrl\":\"https:\\\/\\\/cdn.agenciasinc.es\\\/var\\\/ezwebin_site\\\/storage\\\/images\\\/noticias\\\/la-planta-invasora-una-de-gato-amenaza-los-ecosistemas-costeros-de-la-peninsula\\\/8660845-2-esl-MX\\\/La-planta-invasora-una-de-gato-amenaza-los-ecosistemas-costeros-de-la-Peninsula.jpg\",\"datePublished\":\"2026-03-11T11:28:21+00:00\",\"breadcrumb\":{\"@id\":\"https:\\\/\\\/helloproject.es\\\/vigilancia\\\/hallan-por-primera-vez-en-baleares-una-planta-marina-invasora-de-origen-tropical\\\/#breadcrumb\"},\"inLanguage\":\"es\",\"potentialAction\":[{\"@type\":\"ReadAction\",\"target\":[\"https:\\\/\\\/helloproject.es\\\/vigilancia\\\/hallan-por-primera-vez-en-baleares-una-planta-marina-invasora-de-origen-tropical\\\/\"]}]},{\"@type\":\"ImageObject\",\"inLanguage\":\"es\",\"@id\":\"https:\\\/\\\/helloproject.es\\\/vigilancia\\\/hallan-por-primera-vez-en-baleares-una-planta-marina-invasora-de-origen-tropical\\\/#primaryimage\",\"url\":\"https:\\\/\\\/cdn.agenciasinc.es\\\/var\\\/ezwebin_site\\\/storage\\\/images\\\/noticias\\\/la-planta-invasora-una-de-gato-amenaza-los-ecosistemas-costeros-de-la-peninsula\\\/8660845-2-esl-MX\\\/La-planta-invasora-una-de-gato-amenaza-los-ecosistemas-costeros-de-la-Peninsula.jpg\",\"contentUrl\":\"https:\\\/\\\/cdn.agenciasinc.es\\\/var\\\/ezwebin_site\\\/storage\\\/images\\\/noticias\\\/la-planta-invasora-una-de-gato-amenaza-los-ecosistemas-costeros-de-la-peninsula\\\/8660845-2-esl-MX\\\/La-planta-invasora-una-de-gato-amenaza-los-ecosistemas-costeros-de-la-Peninsula.jpg\"},{\"@type\":\"BreadcrumbList\",\"@id\":\"https:\\\/\\\/helloproject.es\\\/vigilancia\\\/hallan-por-primera-vez-en-baleares-una-planta-marina-invasora-de-origen-tropical\\\/#breadcrumb\",\"itemListElement\":[{\"@type\":\"ListItem\",\"position\":1,\"name\":\"Home\",\"item\":\"https:\\\/\\\/helloproject.es\\\/vigilancia\\\/\"},{\"@type\":\"ListItem\",\"position\":2,\"name\":\"Hallan por primera vez en Baleares una planta marina invasora de origen tropical\"}]},{\"@type\":\"WebSite\",\"@id\":\"https:\\\/\\\/helloproject.es\\\/vigilancia\\\/#website\",\"url\":\"https:\\\/\\\/helloproject.es\\\/vigilancia\\\/\",\"name\":\"bip4ex\",\"description\":\"Vigilancia Tecnol\u00f3gica\",\"publisher\":{\"@id\":\"https:\\\/\\\/helloproject.es\\\/vigilancia\\\/#organization\"},\"potentialAction\":[{\"@type\":\"SearchAction\",\"target\":{\"@type\":\"EntryPoint\",\"urlTemplate\":\"https:\\\/\\\/helloproject.es\\\/vigilancia\\\/?s={search_term_string}\"},\"query-input\":{\"@type\":\"PropertyValueSpecification\",\"valueRequired\":true,\"valueName\":\"search_term_string\"}}],\"inLanguage\":\"es\"},{\"@type\":\"Organization\",\"@id\":\"https:\\\/\\\/helloproject.es\\\/vigilancia\\\/#organization\",\"name\":\"Helloproject.es\",\"url\":\"https:\\\/\\\/helloproject.es\\\/vigilancia\\\/\",\"logo\":{\"@type\":\"ImageObject\",\"inLanguage\":\"es\",\"@id\":\"https:\\\/\\\/helloproject.es\\\/vigilancia\\\/#\\\/schema\\\/logo\\\/image\\\/\",\"url\":\"https:\\\/\\\/helloproject.es\\\/vigilancia\\\/wp-content\\\/uploads\\\/2023\\\/07\\\/bip4ex.png\",\"contentUrl\":\"https:\\\/\\\/helloproject.es\\\/vigilancia\\\/wp-content\\\/uploads\\\/2023\\\/07\\\/bip4ex.png\",\"width\":322,\"height\":365,\"caption\":\"Helloproject.es\"},\"image\":{\"@id\":\"https:\\\/\\\/helloproject.es\\\/vigilancia\\\/#\\\/schema\\\/logo\\\/image\\\/\"}},{\"@type\":\"Person\",\"@id\":\"https:\\\/\\\/helloproject.es\\\/vigilancia\\\/#\\\/schema\\\/person\\\/3767b0619d59a11570372c821f8619ca\",\"name\":\"Luis Miguel Mej\u00edas Ramos\",\"url\":\"https:\\\/\\\/helloproject.es\\\/vigilancia\\\/author\\\/luismi\\\/\"}]}<\/script>\n<!-- \/ Yoast SEO Premium plugin. -->","yoast_head_json":{"title":"Hallan por primera vez en Baleares una planta marina invasora de origen tropical - bip4ex","robots":{"index":"index","follow":"follow","max-snippet":"max-snippet:-1","max-image-preview":"max-image-preview:large","max-video-preview":"max-video-preview:-1"},"canonical":"https:\/\/helloproject.es\/vigilancia\/hallan-por-primera-vez-en-baleares-una-planta-marina-invasora-de-origen-tropical\/","og_locale":"es_ES","og_type":"article","og_title":"Hallan por primera vez en Baleares una planta marina invasora de origen tropical","og_description":"Investigadores del Instituto Mediterr\u00e1neo de Estudios Avanzados (IMEDEA, centro mixto del CSIC y la Universitat de les Illes Balears), junto con cient\u00edficos del Centro de Estudios Avanzados de Blanes (CEAB-CSIC) y del Centre Balear de Biologia Aplicada, han detectado por primera vez en Baleares la presencia de la planta marina invasora tropical Halophila stipulacea. La [&hellip;]","og_url":"https:\/\/helloproject.es\/vigilancia\/hallan-por-primera-vez-en-baleares-una-planta-marina-invasora-de-origen-tropical\/","og_site_name":"bip4ex","article_published_time":"2026-03-11T11:28:21+00:00","og_image":[{"url":"https:\/\/cdn.agenciasinc.es\/var\/ezwebin_site\/storage\/images\/noticias\/la-planta-invasora-una-de-gato-amenaza-los-ecosistemas-costeros-de-la-peninsula\/8660845-2-esl-MX\/La-planta-invasora-una-de-gato-amenaza-los-ecosistemas-costeros-de-la-Peninsula.jpg","type":"","width":"","height":""}],"author":"Luis Miguel Mej\u00edas Ramos","twitter_card":"summary_large_image","twitter_misc":{"Escrito por":"Luis Miguel Mej\u00edas Ramos","Tiempo de lectura":"6 minutos"},"schema":{"@context":"https:\/\/schema.org","@graph":[{"@type":"Article","@id":"https:\/\/helloproject.es\/vigilancia\/hallan-por-primera-vez-en-baleares-una-planta-marina-invasora-de-origen-tropical\/#article","isPartOf":{"@id":"https:\/\/helloproject.es\/vigilancia\/hallan-por-primera-vez-en-baleares-una-planta-marina-invasora-de-origen-tropical\/"},"author":{"name":"Luis Miguel Mej\u00edas Ramos","@id":"https:\/\/helloproject.es\/vigilancia\/#\/schema\/person\/3767b0619d59a11570372c821f8619ca"},"headline":"Hallan por primera vez en Baleares una planta marina invasora de origen tropical","datePublished":"2026-03-11T11:28:21+00:00","mainEntityOfPage":{"@id":"https:\/\/helloproject.es\/vigilancia\/hallan-por-primera-vez-en-baleares-una-planta-marina-invasora-de-origen-tropical\/"},"wordCount":1147,"publisher":{"@id":"https:\/\/helloproject.es\/vigilancia\/#organization"},"image":{"@id":"https:\/\/helloproject.es\/vigilancia\/hallan-por-primera-vez-en-baleares-una-planta-marina-invasora-de-origen-tropical\/#primaryimage"},"thumbnailUrl":"https:\/\/cdn.agenciasinc.es\/var\/ezwebin_site\/storage\/images\/noticias\/la-planta-invasora-una-de-gato-amenaza-los-ecosistemas-costeros-de-la-peninsula\/8660845-2-esl-MX\/La-planta-invasora-una-de-gato-amenaza-los-ecosistemas-costeros-de-la-Peninsula.jpg","articleSection":["Noticias"],"inLanguage":"es"},{"@type":"WebPage","@id":"https:\/\/helloproject.es\/vigilancia\/hallan-por-primera-vez-en-baleares-una-planta-marina-invasora-de-origen-tropical\/","url":"https:\/\/helloproject.es\/vigilancia\/hallan-por-primera-vez-en-baleares-una-planta-marina-invasora-de-origen-tropical\/","name":"Hallan por primera vez en Baleares una planta marina invasora de origen tropical - bip4ex","isPartOf":{"@id":"https:\/\/helloproject.es\/vigilancia\/#website"},"primaryImageOfPage":{"@id":"https:\/\/helloproject.es\/vigilancia\/hallan-por-primera-vez-en-baleares-una-planta-marina-invasora-de-origen-tropical\/#primaryimage"},"image":{"@id":"https:\/\/helloproject.es\/vigilancia\/hallan-por-primera-vez-en-baleares-una-planta-marina-invasora-de-origen-tropical\/#primaryimage"},"thumbnailUrl":"https:\/\/cdn.agenciasinc.es\/var\/ezwebin_site\/storage\/images\/noticias\/la-planta-invasora-una-de-gato-amenaza-los-ecosistemas-costeros-de-la-peninsula\/8660845-2-esl-MX\/La-planta-invasora-una-de-gato-amenaza-los-ecosistemas-costeros-de-la-Peninsula.jpg","datePublished":"2026-03-11T11:28:21+00:00","breadcrumb":{"@id":"https:\/\/helloproject.es\/vigilancia\/hallan-por-primera-vez-en-baleares-una-planta-marina-invasora-de-origen-tropical\/#breadcrumb"},"inLanguage":"es","potentialAction":[{"@type":"ReadAction","target":["https:\/\/helloproject.es\/vigilancia\/hallan-por-primera-vez-en-baleares-una-planta-marina-invasora-de-origen-tropical\/"]}]},{"@type":"ImageObject","inLanguage":"es","@id":"https:\/\/helloproject.es\/vigilancia\/hallan-por-primera-vez-en-baleares-una-planta-marina-invasora-de-origen-tropical\/#primaryimage","url":"https:\/\/cdn.agenciasinc.es\/var\/ezwebin_site\/storage\/images\/noticias\/la-planta-invasora-una-de-gato-amenaza-los-ecosistemas-costeros-de-la-peninsula\/8660845-2-esl-MX\/La-planta-invasora-una-de-gato-amenaza-los-ecosistemas-costeros-de-la-Peninsula.jpg","contentUrl":"https:\/\/cdn.agenciasinc.es\/var\/ezwebin_site\/storage\/images\/noticias\/la-planta-invasora-una-de-gato-amenaza-los-ecosistemas-costeros-de-la-peninsula\/8660845-2-esl-MX\/La-planta-invasora-una-de-gato-amenaza-los-ecosistemas-costeros-de-la-Peninsula.jpg"},{"@type":"BreadcrumbList","@id":"https:\/\/helloproject.es\/vigilancia\/hallan-por-primera-vez-en-baleares-una-planta-marina-invasora-de-origen-tropical\/#breadcrumb","itemListElement":[{"@type":"ListItem","position":1,"name":"Home","item":"https:\/\/helloproject.es\/vigilancia\/"},{"@type":"ListItem","position":2,"name":"Hallan por primera vez en Baleares una planta marina invasora de origen tropical"}]},{"@type":"WebSite","@id":"https:\/\/helloproject.es\/vigilancia\/#website","url":"https:\/\/helloproject.es\/vigilancia\/","name":"bip4ex","description":"Vigilancia Tecnol\u00f3gica","publisher":{"@id":"https:\/\/helloproject.es\/vigilancia\/#organization"},"potentialAction":[{"@type":"SearchAction","target":{"@type":"EntryPoint","urlTemplate":"https:\/\/helloproject.es\/vigilancia\/?s={search_term_string}"},"query-input":{"@type":"PropertyValueSpecification","valueRequired":true,"valueName":"search_term_string"}}],"inLanguage":"es"},{"@type":"Organization","@id":"https:\/\/helloproject.es\/vigilancia\/#organization","name":"Helloproject.es","url":"https:\/\/helloproject.es\/vigilancia\/","logo":{"@type":"ImageObject","inLanguage":"es","@id":"https:\/\/helloproject.es\/vigilancia\/#\/schema\/logo\/image\/","url":"https:\/\/helloproject.es\/vigilancia\/wp-content\/uploads\/2023\/07\/bip4ex.png","contentUrl":"https:\/\/helloproject.es\/vigilancia\/wp-content\/uploads\/2023\/07\/bip4ex.png","width":322,"height":365,"caption":"Helloproject.es"},"image":{"@id":"https:\/\/helloproject.es\/vigilancia\/#\/schema\/logo\/image\/"}},{"@type":"Person","@id":"https:\/\/helloproject.es\/vigilancia\/#\/schema\/person\/3767b0619d59a11570372c821f8619ca","name":"Luis Miguel Mej\u00edas Ramos","url":"https:\/\/helloproject.es\/vigilancia\/author\/luismi\/"}]}},"_links":{"self":[{"href":"https:\/\/helloproject.es\/vigilancia\/wp-json\/wp\/v2\/posts\/200214","targetHints":{"allow":["GET"]}}],"collection":[{"href":"https:\/\/helloproject.es\/vigilancia\/wp-json\/wp\/v2\/posts"}],"about":[{"href":"https:\/\/helloproject.es\/vigilancia\/wp-json\/wp\/v2\/types\/post"}],"author":[{"embeddable":true,"href":"https:\/\/helloproject.es\/vigilancia\/wp-json\/wp\/v2\/users\/5"}],"replies":[{"embeddable":true,"href":"https:\/\/helloproject.es\/vigilancia\/wp-json\/wp\/v2\/comments?post=200214"}],"version-history":[{"count":0,"href":"https:\/\/helloproject.es\/vigilancia\/wp-json\/wp\/v2\/posts\/200214\/revisions"}],"wp:attachment":[{"href":"https:\/\/helloproject.es\/vigilancia\/wp-json\/wp\/v2\/media?parent=200214"}],"wp:term":[{"taxonomy":"category","embeddable":true,"href":"https:\/\/helloproject.es\/vigilancia\/wp-json\/wp\/v2\/categories?post=200214"},{"taxonomy":"post_tag","embeddable":true,"href":"https:\/\/helloproject.es\/vigilancia\/wp-json\/wp\/v2\/tags?post=200214"}],"curies":[{"name":"wp","href":"https:\/\/api.w.org\/{rel}","templated":true}]}}