{"id":200216,"date":"2026-03-11T12:28:24","date_gmt":"2026-03-11T11:28:24","guid":{"rendered":"https:\/\/helloproject.es\/vigilancia\/las-personas-con-vih-no-desarrollaron-formas-mas-graves-de-mpox-durante-el-brote-de-2022-en-espana\/"},"modified":"2026-03-11T12:28:24","modified_gmt":"2026-03-11T11:28:24","slug":"las-personas-con-vih-no-desarrollaron-formas-mas-graves-de-mpox-durante-el-brote-de-2022-en-espana","status":"publish","type":"post","link":"https:\/\/helloproject.es\/vigilancia\/las-personas-con-vih-no-desarrollaron-formas-mas-graves-de-mpox-durante-el-brote-de-2022-en-espana\/","title":{"rendered":"Las personas con VIH no desarrollaron formas m\u00e1s graves de mpox durante el brote de 2022 en Espa\u00f1a"},"content":{"rendered":"<p>Un estudio liderado por el Centro de Investigaci\u00f3n Biom\u00e9dica en Red (CIBER) muestra que las personas que viven con VIH no desarrollaron formas m\u00e1s graves de mpox durante el brote multirregional registrado en Espa\u00f1a en 2022 en comparaci\u00f3n con las personas seronegativas.\u00a0<\/p>\n<p>Este trabajo, publicado en la revista Scientific Reports, analiz\u00f3 1 158 casos confirmados de mpox en hombres adultos notificados entre junio de 2022 y enero de 2023 en siete comunidades aut\u00f3nomas, lo que represent\u00f3 m\u00e1s de la mitad de los casos registrados en Espa\u00f1a durante ese periodo.<\/p>\n<p>\u201cEspa\u00f1a fue el\u00a0pa\u00eds europeo con mayor incidencia acumulada de mpox durante el brote, lo que confiere especial relevancia a los resultados obtenidos\u201d, aseguran las autoras del proyecto e investigadoras de la\u00a0Facultad de Medicina y Ciencias de la Salud\u00a0de la Universidad de Barcelona, Aina March-Yag\u00fce y \u00c1ngela Dom\u00ednguez.\u00a0<\/p>\n<p>                        <a href=\"https:\/\/www.agenciasinc.es\/Noticias\/Cuatro-de-cada-diez-memes-sobre-mpox-estigmatizan-o-promueven-desinformacion\"><br \/>\n                            <img decoding=\"async\" src=\"https:\/\/cdn.agenciasinc.es\/var\/ezwebin_site\/storage\/images\/noticias\/cuatro-de-cada-diez-memes-sobre-mpox-estigmatizan-o-promueven-desinformacion\/12235975-7-esl-MX\/Cuatro-de-cada-diez-memes-sobre-mpox-estigmatizan-o-promueven-desinformacion.jpg\" alt=\"Cuatro de cada diez memes sobre mpox estigmatizan o promueven desinformaci\u00f3n\" title=\"Cuatro de cada diez memes sobre mpox estigmatizan o promueven desinformaci\u00f3n\" class=\"small_fotoderecha_img\" loading=\"lazy\" \/><br \/>\n                        <\/a><\/p>\n<p>                    <a href=\"https:\/\/www.agenciasinc.es\/Noticias\/Cuatro-de-cada-diez-memes-sobre-mpox-estigmatizan-o-promueven-desinformacion\" class=\"small_fotoderecha_titulo\"><\/a><\/p>\n<h3 class=\"small_fotoderecha_titulo\">Cuatro de cada diez memes sobre mpox estigmatizan o promueven desinformaci\u00f3n<\/h3>\n<p>                    <\/p>\n<p>                                Marcos. D. Oliveros<\/p>\n<p><a><\/a><\/p>\n<h2>Evoluci\u00f3n favorable de la enfermedad<\/h2>\n<p>Los datos indican que el 35 % de los casos correspond\u00edan a personas con VIH y que, entre las personas VIH negativas, cerca del 43 % eran usuarias de profilaxis preexposici\u00f3n frente al VIH (PrEP).<\/p>\n<p>\u201cEn todos los grupos estudiados predomin\u00f3 la transmisi\u00f3n asociada a\u00a0redes sexuales, especialmente entre hombres que tienen sexo con hombres, confirmando el patr\u00f3n observado a nivel internacional durante el brote de 2022\u201d, apunta el equipo de investigaci\u00f3n.<\/p>\n<p>La evoluci\u00f3n de la enfermedad fue favorable en todos los grupos analizados, sin ingresos en unidades de cuidados intensivos ni fallecimientos<\/p>\n<p>Desde el punto de vista cl\u00ednico, las personas con VIH presentaron con mayor frecuencia fiebre y lesiones cut\u00e1neas en localizaciones no anogenitales ni orales, as\u00ed como una mayor presencia de otros tipos de inmunosupresi\u00f3n.<\/p>\n<p>No obstante, la evoluci\u00f3n de la enfermedad fue favorable en todos los grupos analizados, sin ingresos en unidades de cuidados intensivos ni fallecimientos, y con tasas de hospitalizaci\u00f3n bajas y similares entre personas con y sin VIH.<\/p>\n<p>                        <a href=\"https:\/\/www.agenciasinc.es\/Noticias\/Nueva-terapia-contra-el-VIH-revierte-el-desequilibrio-del-microbioma-intestinal-en-fases-avanzadas\"><br \/>\n                            <img decoding=\"async\" src=\"https:\/\/cdn.agenciasinc.es\/var\/ezwebin_site\/storage\/images\/noticias\/nueva-terapia-contra-el-vih-revierte-el-desequilibrio-del-microbioma-intestinal-en-fases-avanzadas\/12380740-1-esl-MX\/Nueva-terapia-contra-el-VIH-revierte-el-desequilibrio-del-microbioma-intestinal-en-fases-avanzadas.jpg\" alt=\"Nueva terapia contra el VIH revierte el desequilibrio del microbioma intestinal en fases avanzadas\" title=\"Nueva terapia contra el VIH revierte el desequilibrio del microbioma intestinal en fases avanzadas\" class=\"small_fotoderecha_img\" loading=\"lazy\" \/><br \/>\n                        <\/a><\/p>\n<p>                    <a href=\"https:\/\/www.agenciasinc.es\/Noticias\/Nueva-terapia-contra-el-VIH-revierte-el-desequilibrio-del-microbioma-intestinal-en-fases-avanzadas\" class=\"small_fotoderecha_titulo\"><\/a><\/p>\n<h3 class=\"small_fotoderecha_titulo\">Nueva terapia contra el VIH revierte el desequilibrio del microbioma intestinal en fases avanzadas<\/h3>\n<p>                    <\/p>\n<p>                                                                                                                                                <a href=\"https:\/\/www.agenciasinc.es\/Autor\/Marcos-D.-Oliveros\"><br \/>\n                                        Marcos D. Oliveros<br \/>\n                                        <\/a>                                                                                                <\/p>\n<p><a><\/a><\/p>\n<h2>Adaptar las estrategias de prevenci\u00f3n<\/h2>\n<p>El an\u00e1lisis comparativo revel\u00f3 diferencias importantes entre las personas con VIH y aquellas sin VIH que utilizan PrEP.<\/p>\n<p>Entre quienes usan PrEP, los s\u00edntomas m\u00e1s frecuentes fueron fatiga (astenia), inflamaci\u00f3n de los ganglios linf\u00e1ticos en varias partes del cuerpo (adenopat\u00edas generalizadas) y la presencia de otras infecciones de transmisi\u00f3n sexual.<\/p>\n<p>                    <img decoding=\"async\" src=\"https:\/\/cdn.agenciasinc.es\/var\/ezwebin_site\/storage\/images\/media\/images\/equipo-investigador.-ciber2\/12383208-1-esl-MX\/Equipo-investigador.-CIBER.jpg\" alt=\"Equipo investigador. \/ CIBER\" \/><\/p>\n<p>Equipo investigador. \/ CIBER<\/p>\n<p>    document.addEventListener(\u00abDOMContentLoaded\u00bb, function() {<br \/>\n        var img = document.querySelector(&#8216;.image-container img&#8217;);<br \/>\n        if (img) {<br \/>\n            img.alt = \u00abEquipo investigador. \/ CIBER\u00bb;<br \/>\n        }<br \/>\n    });<\/p>\n<p>Adem\u00e1s, este grupo mostr\u00f3 una mayor exposici\u00f3n a situaciones de riesgo, como participar en pr\u00e1cticas como el chemsex, que combina drogas y actividad sexual.<\/p>\n<p>Los resultados ponen de manifiesto la necesidad de adaptar las estrategias de prevenci\u00f3n y control de la mpox a los distintos perfiles de riesgo<\/p>\n<p>Por su parte, las personas con VIH presentaron con mayor frecuencia alteraciones de la piel fuera de las zonas genitales y de la boca, as\u00ed como una mayor probabilidad de requerir hospitalizaci\u00f3n; sin embargo, esto no afect\u00f3 la gravedad final de su cuadro cl\u00ednico.<\/p>\n<p>El grupo de investigaci\u00f3n subraya que los resultados ponen de manifiesto la necesidad de adaptar las estrategias de prevenci\u00f3n y control de la mpox a los distintos perfiles de riesgo e integrar la prevenci\u00f3n de esta infecci\u00f3n en los programas de salud sexual, VIH y PrEP.<\/p>\n<p>Asimismo, destacan la importancia de reforzar intervenciones basadas en la evidencia, no estigmatizantes y centradas en los determinantes sociales y conductuales de la transmisi\u00f3n.<\/p>\n<p>Referencia:<\/p>\n<p>March-Yag\u00fce A. et al. Mpox in people living with and without HIV, including people on PrEP, during a multistate outbreak in Spain in 2022. <a href=\"https:\/\/www.nature.com\/articles\/s41598-026-37209-3\" target=\"_blank\">Scientific Reports<\/a>.\u00a02026.<\/p>","protected":false},"excerpt":{"rendered":"<p>Un estudio liderado por el Centro de Investigaci\u00f3n Biom\u00e9dica en Red (CIBER) muestra que las personas que viven con VIH no desarrollaron formas m\u00e1s graves de mpox durante el brote multirregional registrado en Espa\u00f1a en 2022 en comparaci\u00f3n con las personas seronegativas.\u00a0 Este trabajo, publicado en la revista Scientific Reports, analiz\u00f3 1 158 casos confirmados [&hellip;]<\/p>\n","protected":false},"author":5,"featured_media":0,"comment_status":"","ping_status":"","sticky":false,"template":"","format":"standard","meta":{"site-sidebar-layout":"default","site-content-layout":"","ast-site-content-layout":"default","site-content-style":"default","site-sidebar-style":"default","ast-global-header-display":"","ast-banner-title-visibility":"","ast-main-header-display":"","ast-hfb-above-header-display":"","ast-hfb-below-header-display":"","ast-hfb-mobile-header-display":"","site-post-title":"","ast-breadcrumbs-content":"","ast-featured-img":"","footer-sml-layout":"","ast-disable-related-posts":"","theme-transparent-header-meta":"","adv-header-id-meta":"","stick-header-meta":"","header-above-stick-meta":"","header-main-stick-meta":"","header-below-stick-meta":"","astra-migrate-meta-layouts":"default","ast-page-background-enabled":"default","ast-page-background-meta":{"desktop":{"background-color":"var(--ast-global-color-4)","background-image":"","background-repeat":"repeat","background-position":"center center","background-size":"auto","background-attachment":"scroll","background-type":"","background-media":"","overlay-type":"","overlay-color":"","overlay-opacity":"","overlay-gradient":""},"tablet":{"background-color":"","background-image":"","background-repeat":"repeat","background-position":"center center","background-size":"auto","background-attachment":"scroll","background-type":"","background-media":"","overlay-type":"","overlay-color":"","overlay-opacity":"","overlay-gradient":""},"mobile":{"background-color":"","background-image":"","background-repeat":"repeat","background-position":"center center","background-size":"auto","background-attachment":"scroll","background-type":"","background-media":"","overlay-type":"","overlay-color":"","overlay-opacity":"","overlay-gradient":""}},"ast-content-background-meta":{"desktop":{"background-color":"var(--ast-global-color-5)","background-image":"","background-repeat":"repeat","background-position":"center center","background-size":"auto","background-attachment":"scroll","background-type":"","background-media":"","overlay-type":"","overlay-color":"","overlay-opacity":"","overlay-gradient":""},"tablet":{"background-color":"var(--ast-global-color-5)","background-image":"","background-repeat":"repeat","background-position":"center center","background-size":"auto","background-attachment":"scroll","background-type":"","background-media":"","overlay-type":"","overlay-color":"","overlay-opacity":"","overlay-gradient":""},"mobile":{"background-color":"var(--ast-global-color-5)","background-image":"","background-repeat":"repeat","background-position":"center center","background-size":"auto","background-attachment":"scroll","background-type":"","background-media":"","overlay-type":"","overlay-color":"","overlay-opacity":"","overlay-gradient":""}},"footnotes":""},"categories":[5],"tags":[],"class_list":["post-200216","post","type-post","status-publish","format-standard","hentry","category-noticias"],"yoast_head":"<!-- This site is optimized with the Yoast SEO Premium plugin v20.9 (Yoast SEO v27.4) - https:\/\/yoast.com\/product\/yoast-seo-premium-wordpress\/ -->\n<title>Las personas con VIH no desarrollaron formas m\u00e1s graves de mpox durante el brote de 2022 en Espa\u00f1a - bip4ex<\/title>\n<meta name=\"robots\" content=\"index, follow, max-snippet:-1, max-image-preview:large, max-video-preview:-1\" \/>\n<link rel=\"canonical\" href=\"https:\/\/helloproject.es\/vigilancia\/las-personas-con-vih-no-desarrollaron-formas-mas-graves-de-mpox-durante-el-brote-de-2022-en-espana\/\" \/>\n<meta property=\"og:locale\" content=\"es_ES\" \/>\n<meta property=\"og:type\" content=\"article\" \/>\n<meta property=\"og:title\" content=\"Las personas con VIH no desarrollaron formas m\u00e1s graves de mpox durante el brote de 2022 en Espa\u00f1a\" \/>\n<meta property=\"og:description\" content=\"Un estudio liderado por el Centro de Investigaci\u00f3n Biom\u00e9dica en Red (CIBER) muestra que las personas que viven con VIH no desarrollaron formas m\u00e1s graves de mpox durante el brote multirregional registrado en Espa\u00f1a en 2022 en comparaci\u00f3n con las personas seronegativas.\u00a0 Este trabajo, publicado en la revista Scientific Reports, analiz\u00f3 1 158 casos confirmados [&hellip;]\" \/>\n<meta property=\"og:url\" content=\"https:\/\/helloproject.es\/vigilancia\/las-personas-con-vih-no-desarrollaron-formas-mas-graves-de-mpox-durante-el-brote-de-2022-en-espana\/\" \/>\n<meta property=\"og:site_name\" content=\"bip4ex\" \/>\n<meta property=\"article:published_time\" content=\"2026-03-11T11:28:24+00:00\" \/>\n<meta property=\"og:image\" content=\"https:\/\/cdn.agenciasinc.es\/var\/ezwebin_site\/storage\/images\/noticias\/cuatro-de-cada-diez-memes-sobre-mpox-estigmatizan-o-promueven-desinformacion\/12235975-7-esl-MX\/Cuatro-de-cada-diez-memes-sobre-mpox-estigmatizan-o-promueven-desinformacion.jpg\" \/>\n<meta name=\"author\" content=\"Luis Miguel Mej\u00edas Ramos\" \/>\n<meta name=\"twitter:card\" content=\"summary_large_image\" \/>\n<meta name=\"twitter:label1\" content=\"Escrito por\" \/>\n\t<meta name=\"twitter:data1\" content=\"Luis Miguel Mej\u00edas Ramos\" \/>\n\t<meta name=\"twitter:label2\" content=\"Tiempo de lectura\" \/>\n\t<meta name=\"twitter:data2\" content=\"3 minutos\" \/>\n<script type=\"application\/ld+json\" class=\"yoast-schema-graph\">{\"@context\":\"https:\\\/\\\/schema.org\",\"@graph\":[{\"@type\":\"Article\",\"@id\":\"https:\\\/\\\/helloproject.es\\\/vigilancia\\\/las-personas-con-vih-no-desarrollaron-formas-mas-graves-de-mpox-durante-el-brote-de-2022-en-espana\\\/#article\",\"isPartOf\":{\"@id\":\"https:\\\/\\\/helloproject.es\\\/vigilancia\\\/las-personas-con-vih-no-desarrollaron-formas-mas-graves-de-mpox-durante-el-brote-de-2022-en-espana\\\/\"},\"author\":{\"name\":\"Luis Miguel Mej\u00edas Ramos\",\"@id\":\"https:\\\/\\\/helloproject.es\\\/vigilancia\\\/#\\\/schema\\\/person\\\/3767b0619d59a11570372c821f8619ca\"},\"headline\":\"Las personas con VIH no desarrollaron formas m\u00e1s graves de mpox durante el brote de 2022 en Espa\u00f1a\",\"datePublished\":\"2026-03-11T11:28:24+00:00\",\"mainEntityOfPage\":{\"@id\":\"https:\\\/\\\/helloproject.es\\\/vigilancia\\\/las-personas-con-vih-no-desarrollaron-formas-mas-graves-de-mpox-durante-el-brote-de-2022-en-espana\\\/\"},\"wordCount\":656,\"publisher\":{\"@id\":\"https:\\\/\\\/helloproject.es\\\/vigilancia\\\/#organization\"},\"image\":{\"@id\":\"https:\\\/\\\/helloproject.es\\\/vigilancia\\\/las-personas-con-vih-no-desarrollaron-formas-mas-graves-de-mpox-durante-el-brote-de-2022-en-espana\\\/#primaryimage\"},\"thumbnailUrl\":\"https:\\\/\\\/cdn.agenciasinc.es\\\/var\\\/ezwebin_site\\\/storage\\\/images\\\/noticias\\\/cuatro-de-cada-diez-memes-sobre-mpox-estigmatizan-o-promueven-desinformacion\\\/12235975-7-esl-MX\\\/Cuatro-de-cada-diez-memes-sobre-mpox-estigmatizan-o-promueven-desinformacion.jpg\",\"articleSection\":[\"Noticias\"],\"inLanguage\":\"es\"},{\"@type\":\"WebPage\",\"@id\":\"https:\\\/\\\/helloproject.es\\\/vigilancia\\\/las-personas-con-vih-no-desarrollaron-formas-mas-graves-de-mpox-durante-el-brote-de-2022-en-espana\\\/\",\"url\":\"https:\\\/\\\/helloproject.es\\\/vigilancia\\\/las-personas-con-vih-no-desarrollaron-formas-mas-graves-de-mpox-durante-el-brote-de-2022-en-espana\\\/\",\"name\":\"Las personas con VIH no desarrollaron formas m\u00e1s graves de mpox durante el brote de 2022 en Espa\u00f1a - bip4ex\",\"isPartOf\":{\"@id\":\"https:\\\/\\\/helloproject.es\\\/vigilancia\\\/#website\"},\"primaryImageOfPage\":{\"@id\":\"https:\\\/\\\/helloproject.es\\\/vigilancia\\\/las-personas-con-vih-no-desarrollaron-formas-mas-graves-de-mpox-durante-el-brote-de-2022-en-espana\\\/#primaryimage\"},\"image\":{\"@id\":\"https:\\\/\\\/helloproject.es\\\/vigilancia\\\/las-personas-con-vih-no-desarrollaron-formas-mas-graves-de-mpox-durante-el-brote-de-2022-en-espana\\\/#primaryimage\"},\"thumbnailUrl\":\"https:\\\/\\\/cdn.agenciasinc.es\\\/var\\\/ezwebin_site\\\/storage\\\/images\\\/noticias\\\/cuatro-de-cada-diez-memes-sobre-mpox-estigmatizan-o-promueven-desinformacion\\\/12235975-7-esl-MX\\\/Cuatro-de-cada-diez-memes-sobre-mpox-estigmatizan-o-promueven-desinformacion.jpg\",\"datePublished\":\"2026-03-11T11:28:24+00:00\",\"breadcrumb\":{\"@id\":\"https:\\\/\\\/helloproject.es\\\/vigilancia\\\/las-personas-con-vih-no-desarrollaron-formas-mas-graves-de-mpox-durante-el-brote-de-2022-en-espana\\\/#breadcrumb\"},\"inLanguage\":\"es\",\"potentialAction\":[{\"@type\":\"ReadAction\",\"target\":[\"https:\\\/\\\/helloproject.es\\\/vigilancia\\\/las-personas-con-vih-no-desarrollaron-formas-mas-graves-de-mpox-durante-el-brote-de-2022-en-espana\\\/\"]}]},{\"@type\":\"ImageObject\",\"inLanguage\":\"es\",\"@id\":\"https:\\\/\\\/helloproject.es\\\/vigilancia\\\/las-personas-con-vih-no-desarrollaron-formas-mas-graves-de-mpox-durante-el-brote-de-2022-en-espana\\\/#primaryimage\",\"url\":\"https:\\\/\\\/cdn.agenciasinc.es\\\/var\\\/ezwebin_site\\\/storage\\\/images\\\/noticias\\\/cuatro-de-cada-diez-memes-sobre-mpox-estigmatizan-o-promueven-desinformacion\\\/12235975-7-esl-MX\\\/Cuatro-de-cada-diez-memes-sobre-mpox-estigmatizan-o-promueven-desinformacion.jpg\",\"contentUrl\":\"https:\\\/\\\/cdn.agenciasinc.es\\\/var\\\/ezwebin_site\\\/storage\\\/images\\\/noticias\\\/cuatro-de-cada-diez-memes-sobre-mpox-estigmatizan-o-promueven-desinformacion\\\/12235975-7-esl-MX\\\/Cuatro-de-cada-diez-memes-sobre-mpox-estigmatizan-o-promueven-desinformacion.jpg\"},{\"@type\":\"BreadcrumbList\",\"@id\":\"https:\\\/\\\/helloproject.es\\\/vigilancia\\\/las-personas-con-vih-no-desarrollaron-formas-mas-graves-de-mpox-durante-el-brote-de-2022-en-espana\\\/#breadcrumb\",\"itemListElement\":[{\"@type\":\"ListItem\",\"position\":1,\"name\":\"Home\",\"item\":\"https:\\\/\\\/helloproject.es\\\/vigilancia\\\/\"},{\"@type\":\"ListItem\",\"position\":2,\"name\":\"Las personas con VIH no desarrollaron formas m\u00e1s graves de mpox durante el brote de 2022 en Espa\u00f1a\"}]},{\"@type\":\"WebSite\",\"@id\":\"https:\\\/\\\/helloproject.es\\\/vigilancia\\\/#website\",\"url\":\"https:\\\/\\\/helloproject.es\\\/vigilancia\\\/\",\"name\":\"bip4ex\",\"description\":\"Vigilancia Tecnol\u00f3gica\",\"publisher\":{\"@id\":\"https:\\\/\\\/helloproject.es\\\/vigilancia\\\/#organization\"},\"potentialAction\":[{\"@type\":\"SearchAction\",\"target\":{\"@type\":\"EntryPoint\",\"urlTemplate\":\"https:\\\/\\\/helloproject.es\\\/vigilancia\\\/?s={search_term_string}\"},\"query-input\":{\"@type\":\"PropertyValueSpecification\",\"valueRequired\":true,\"valueName\":\"search_term_string\"}}],\"inLanguage\":\"es\"},{\"@type\":\"Organization\",\"@id\":\"https:\\\/\\\/helloproject.es\\\/vigilancia\\\/#organization\",\"name\":\"Helloproject.es\",\"url\":\"https:\\\/\\\/helloproject.es\\\/vigilancia\\\/\",\"logo\":{\"@type\":\"ImageObject\",\"inLanguage\":\"es\",\"@id\":\"https:\\\/\\\/helloproject.es\\\/vigilancia\\\/#\\\/schema\\\/logo\\\/image\\\/\",\"url\":\"https:\\\/\\\/helloproject.es\\\/vigilancia\\\/wp-content\\\/uploads\\\/2023\\\/07\\\/bip4ex.png\",\"contentUrl\":\"https:\\\/\\\/helloproject.es\\\/vigilancia\\\/wp-content\\\/uploads\\\/2023\\\/07\\\/bip4ex.png\",\"width\":322,\"height\":365,\"caption\":\"Helloproject.es\"},\"image\":{\"@id\":\"https:\\\/\\\/helloproject.es\\\/vigilancia\\\/#\\\/schema\\\/logo\\\/image\\\/\"}},{\"@type\":\"Person\",\"@id\":\"https:\\\/\\\/helloproject.es\\\/vigilancia\\\/#\\\/schema\\\/person\\\/3767b0619d59a11570372c821f8619ca\",\"name\":\"Luis Miguel Mej\u00edas Ramos\",\"url\":\"https:\\\/\\\/helloproject.es\\\/vigilancia\\\/author\\\/luismi\\\/\"}]}<\/script>\n<!-- \/ Yoast SEO Premium plugin. -->","yoast_head_json":{"title":"Las personas con VIH no desarrollaron formas m\u00e1s graves de mpox durante el brote de 2022 en Espa\u00f1a - bip4ex","robots":{"index":"index","follow":"follow","max-snippet":"max-snippet:-1","max-image-preview":"max-image-preview:large","max-video-preview":"max-video-preview:-1"},"canonical":"https:\/\/helloproject.es\/vigilancia\/las-personas-con-vih-no-desarrollaron-formas-mas-graves-de-mpox-durante-el-brote-de-2022-en-espana\/","og_locale":"es_ES","og_type":"article","og_title":"Las personas con VIH no desarrollaron formas m\u00e1s graves de mpox durante el brote de 2022 en Espa\u00f1a","og_description":"Un estudio liderado por el Centro de Investigaci\u00f3n Biom\u00e9dica en Red (CIBER) muestra que las personas que viven con VIH no desarrollaron formas m\u00e1s graves de mpox durante el brote multirregional registrado en Espa\u00f1a en 2022 en comparaci\u00f3n con las personas seronegativas.\u00a0 Este trabajo, publicado en la revista Scientific Reports, analiz\u00f3 1 158 casos confirmados [&hellip;]","og_url":"https:\/\/helloproject.es\/vigilancia\/las-personas-con-vih-no-desarrollaron-formas-mas-graves-de-mpox-durante-el-brote-de-2022-en-espana\/","og_site_name":"bip4ex","article_published_time":"2026-03-11T11:28:24+00:00","og_image":[{"url":"https:\/\/cdn.agenciasinc.es\/var\/ezwebin_site\/storage\/images\/noticias\/cuatro-de-cada-diez-memes-sobre-mpox-estigmatizan-o-promueven-desinformacion\/12235975-7-esl-MX\/Cuatro-de-cada-diez-memes-sobre-mpox-estigmatizan-o-promueven-desinformacion.jpg","type":"","width":"","height":""}],"author":"Luis Miguel Mej\u00edas Ramos","twitter_card":"summary_large_image","twitter_misc":{"Escrito por":"Luis Miguel Mej\u00edas Ramos","Tiempo de lectura":"3 minutos"},"schema":{"@context":"https:\/\/schema.org","@graph":[{"@type":"Article","@id":"https:\/\/helloproject.es\/vigilancia\/las-personas-con-vih-no-desarrollaron-formas-mas-graves-de-mpox-durante-el-brote-de-2022-en-espana\/#article","isPartOf":{"@id":"https:\/\/helloproject.es\/vigilancia\/las-personas-con-vih-no-desarrollaron-formas-mas-graves-de-mpox-durante-el-brote-de-2022-en-espana\/"},"author":{"name":"Luis Miguel Mej\u00edas Ramos","@id":"https:\/\/helloproject.es\/vigilancia\/#\/schema\/person\/3767b0619d59a11570372c821f8619ca"},"headline":"Las personas con VIH no desarrollaron formas m\u00e1s graves de mpox durante el brote de 2022 en Espa\u00f1a","datePublished":"2026-03-11T11:28:24+00:00","mainEntityOfPage":{"@id":"https:\/\/helloproject.es\/vigilancia\/las-personas-con-vih-no-desarrollaron-formas-mas-graves-de-mpox-durante-el-brote-de-2022-en-espana\/"},"wordCount":656,"publisher":{"@id":"https:\/\/helloproject.es\/vigilancia\/#organization"},"image":{"@id":"https:\/\/helloproject.es\/vigilancia\/las-personas-con-vih-no-desarrollaron-formas-mas-graves-de-mpox-durante-el-brote-de-2022-en-espana\/#primaryimage"},"thumbnailUrl":"https:\/\/cdn.agenciasinc.es\/var\/ezwebin_site\/storage\/images\/noticias\/cuatro-de-cada-diez-memes-sobre-mpox-estigmatizan-o-promueven-desinformacion\/12235975-7-esl-MX\/Cuatro-de-cada-diez-memes-sobre-mpox-estigmatizan-o-promueven-desinformacion.jpg","articleSection":["Noticias"],"inLanguage":"es"},{"@type":"WebPage","@id":"https:\/\/helloproject.es\/vigilancia\/las-personas-con-vih-no-desarrollaron-formas-mas-graves-de-mpox-durante-el-brote-de-2022-en-espana\/","url":"https:\/\/helloproject.es\/vigilancia\/las-personas-con-vih-no-desarrollaron-formas-mas-graves-de-mpox-durante-el-brote-de-2022-en-espana\/","name":"Las personas con VIH no desarrollaron formas m\u00e1s graves de mpox durante el brote de 2022 en Espa\u00f1a - bip4ex","isPartOf":{"@id":"https:\/\/helloproject.es\/vigilancia\/#website"},"primaryImageOfPage":{"@id":"https:\/\/helloproject.es\/vigilancia\/las-personas-con-vih-no-desarrollaron-formas-mas-graves-de-mpox-durante-el-brote-de-2022-en-espana\/#primaryimage"},"image":{"@id":"https:\/\/helloproject.es\/vigilancia\/las-personas-con-vih-no-desarrollaron-formas-mas-graves-de-mpox-durante-el-brote-de-2022-en-espana\/#primaryimage"},"thumbnailUrl":"https:\/\/cdn.agenciasinc.es\/var\/ezwebin_site\/storage\/images\/noticias\/cuatro-de-cada-diez-memes-sobre-mpox-estigmatizan-o-promueven-desinformacion\/12235975-7-esl-MX\/Cuatro-de-cada-diez-memes-sobre-mpox-estigmatizan-o-promueven-desinformacion.jpg","datePublished":"2026-03-11T11:28:24+00:00","breadcrumb":{"@id":"https:\/\/helloproject.es\/vigilancia\/las-personas-con-vih-no-desarrollaron-formas-mas-graves-de-mpox-durante-el-brote-de-2022-en-espana\/#breadcrumb"},"inLanguage":"es","potentialAction":[{"@type":"ReadAction","target":["https:\/\/helloproject.es\/vigilancia\/las-personas-con-vih-no-desarrollaron-formas-mas-graves-de-mpox-durante-el-brote-de-2022-en-espana\/"]}]},{"@type":"ImageObject","inLanguage":"es","@id":"https:\/\/helloproject.es\/vigilancia\/las-personas-con-vih-no-desarrollaron-formas-mas-graves-de-mpox-durante-el-brote-de-2022-en-espana\/#primaryimage","url":"https:\/\/cdn.agenciasinc.es\/var\/ezwebin_site\/storage\/images\/noticias\/cuatro-de-cada-diez-memes-sobre-mpox-estigmatizan-o-promueven-desinformacion\/12235975-7-esl-MX\/Cuatro-de-cada-diez-memes-sobre-mpox-estigmatizan-o-promueven-desinformacion.jpg","contentUrl":"https:\/\/cdn.agenciasinc.es\/var\/ezwebin_site\/storage\/images\/noticias\/cuatro-de-cada-diez-memes-sobre-mpox-estigmatizan-o-promueven-desinformacion\/12235975-7-esl-MX\/Cuatro-de-cada-diez-memes-sobre-mpox-estigmatizan-o-promueven-desinformacion.jpg"},{"@type":"BreadcrumbList","@id":"https:\/\/helloproject.es\/vigilancia\/las-personas-con-vih-no-desarrollaron-formas-mas-graves-de-mpox-durante-el-brote-de-2022-en-espana\/#breadcrumb","itemListElement":[{"@type":"ListItem","position":1,"name":"Home","item":"https:\/\/helloproject.es\/vigilancia\/"},{"@type":"ListItem","position":2,"name":"Las personas con VIH no desarrollaron formas m\u00e1s graves de mpox durante el brote de 2022 en Espa\u00f1a"}]},{"@type":"WebSite","@id":"https:\/\/helloproject.es\/vigilancia\/#website","url":"https:\/\/helloproject.es\/vigilancia\/","name":"bip4ex","description":"Vigilancia Tecnol\u00f3gica","publisher":{"@id":"https:\/\/helloproject.es\/vigilancia\/#organization"},"potentialAction":[{"@type":"SearchAction","target":{"@type":"EntryPoint","urlTemplate":"https:\/\/helloproject.es\/vigilancia\/?s={search_term_string}"},"query-input":{"@type":"PropertyValueSpecification","valueRequired":true,"valueName":"search_term_string"}}],"inLanguage":"es"},{"@type":"Organization","@id":"https:\/\/helloproject.es\/vigilancia\/#organization","name":"Helloproject.es","url":"https:\/\/helloproject.es\/vigilancia\/","logo":{"@type":"ImageObject","inLanguage":"es","@id":"https:\/\/helloproject.es\/vigilancia\/#\/schema\/logo\/image\/","url":"https:\/\/helloproject.es\/vigilancia\/wp-content\/uploads\/2023\/07\/bip4ex.png","contentUrl":"https:\/\/helloproject.es\/vigilancia\/wp-content\/uploads\/2023\/07\/bip4ex.png","width":322,"height":365,"caption":"Helloproject.es"},"image":{"@id":"https:\/\/helloproject.es\/vigilancia\/#\/schema\/logo\/image\/"}},{"@type":"Person","@id":"https:\/\/helloproject.es\/vigilancia\/#\/schema\/person\/3767b0619d59a11570372c821f8619ca","name":"Luis Miguel Mej\u00edas Ramos","url":"https:\/\/helloproject.es\/vigilancia\/author\/luismi\/"}]}},"_links":{"self":[{"href":"https:\/\/helloproject.es\/vigilancia\/wp-json\/wp\/v2\/posts\/200216","targetHints":{"allow":["GET"]}}],"collection":[{"href":"https:\/\/helloproject.es\/vigilancia\/wp-json\/wp\/v2\/posts"}],"about":[{"href":"https:\/\/helloproject.es\/vigilancia\/wp-json\/wp\/v2\/types\/post"}],"author":[{"embeddable":true,"href":"https:\/\/helloproject.es\/vigilancia\/wp-json\/wp\/v2\/users\/5"}],"replies":[{"embeddable":true,"href":"https:\/\/helloproject.es\/vigilancia\/wp-json\/wp\/v2\/comments?post=200216"}],"version-history":[{"count":0,"href":"https:\/\/helloproject.es\/vigilancia\/wp-json\/wp\/v2\/posts\/200216\/revisions"}],"wp:attachment":[{"href":"https:\/\/helloproject.es\/vigilancia\/wp-json\/wp\/v2\/media?parent=200216"}],"wp:term":[{"taxonomy":"category","embeddable":true,"href":"https:\/\/helloproject.es\/vigilancia\/wp-json\/wp\/v2\/categories?post=200216"},{"taxonomy":"post_tag","embeddable":true,"href":"https:\/\/helloproject.es\/vigilancia\/wp-json\/wp\/v2\/tags?post=200216"}],"curies":[{"name":"wp","href":"https:\/\/api.w.org\/{rel}","templated":true}]}}