{"id":200728,"date":"2026-03-18T11:28:36","date_gmt":"2026-03-18T10:28:36","guid":{"rendered":"https:\/\/helloproject.es\/vigilancia\/los-rios-donde-hay-castor-europeo-almacenan-un-26-mas-de-carbono\/"},"modified":"2026-03-18T11:28:36","modified_gmt":"2026-03-18T10:28:36","slug":"los-rios-donde-hay-castor-europeo-almacenan-un-26-mas-de-carbono","status":"publish","type":"post","link":"https:\/\/helloproject.es\/vigilancia\/los-rios-donde-hay-castor-europeo-almacenan-un-26-mas-de-carbono\/","title":{"rendered":"Los r\u00edos donde hay castor europeo almacenan un 26 % m\u00e1s de carbono"},"content":{"rendered":"<p>El castor europeo (Castor fiber), una especie protegida por la Uni\u00f3n Europea, ha aumentado su poblaci\u00f3n a lo largo de las \u00faltimas dos d\u00e9cadas en Espa\u00f1a. Hoy se publica un nuevo estudio en <a href=\"https:\/\/www.nature.com\/commsenv\/\" target=\"_blank\" title=\"https:\/\/www.nature.com\/commsenv\/\">Communications Earth &amp; Environment<\/a>, liderado por el investigador Lukas Hallberg de\u00a0la Universidad de Birmingham\u00a0y con la participaci\u00f3n del CREAF, que demuestra por primera vez que las presas que construyen los castores hacen que esas zonas del r\u00edo almacenen un 26 % m\u00e1s de carbono a lo largo del a\u00f1o.\u00a0<\/p>\n<p>Este carbono se acumula principalmente en los sedimentos y en la madera muerta generada por la inundaci\u00f3n, y podr\u00eda permanecer almacenado hasta tres d\u00e9cadas. Esta especie de roedor tambi\u00e9n tiene efectos positivos sobre el ciclo del agua, ya que aumenta la infiltraci\u00f3n y, de esta manera, contribuye a recargar los acu\u00edferos.<\/p>\n<p><img decoding=\"async\" src=\"https:\/\/www.agenciasinc.es\/bundles\/app\/images\/quotebefore.png\" \/><\/p>\n<p>Su expansi\u00f3n en Espa\u00f1a, que comenz\u00f3 a principios de los a\u00f1os 2000, ha generado controversia por el posible impacto negativo en los bosques de ribera<\/p>\n<p>Josep Barba, investigador del CREAF<br \/>\n<img decoding=\"async\" src=\"https:\/\/www.agenciasinc.es\/bundles\/app\/images\/quoteafter.png\" \/><\/p>\n<p>El castor europeo es una especie aut\u00f3ctona que desapareci\u00f3 pr\u00e1cticamente del mapa europeo en el siglo XIX debido a la caza. \u201cSu expansi\u00f3n en Espa\u00f1a, que comenz\u00f3 a principios de los a\u00f1os 2000, ha generado controversia por el posible impacto negativo en los bosques de ribera. Pero debemos tener en cuenta que la vegetaci\u00f3n que tenemos aqu\u00ed est\u00e1 adaptada a su presencia y con este estudio mostramos los beneficios que este mam\u00edfero puede aportar para mitigar el cambio clim\u00e1tico\u201d, destaca Josep Barba, investigador del CREAF y coautor del estudio.<\/p>\n<p>Tambi\u00e9n existe preocupaci\u00f3n en el sector agrario, especialmente por los cultivos situados junto al cauce del r\u00edo, \u201cpero casi toda la actividad del castor se concentra en los primeros 20 metros desde la orilla fluvial, por lo que la afectaci\u00f3n suele ser muy localizada\u201d, contin\u00faa Barba.<\/p>\n<p>No obstante, el investigador tambi\u00e9n aclara que la reintroducci\u00f3n no debe realizarse en ning\u00fan caso de manera ilegal y siempre debe hacerse de forma planificada y basada en evidencia cient\u00edfica.<\/p>\n<p>                        <a href=\"https:\/\/www.agenciasinc.es\/Noticias\/Los-castores-ayudan-a-limpiar-los-rios-contaminados\"><br \/>\n                            <img decoding=\"async\" src=\"https:\/\/cdn.agenciasinc.es\/var\/ezwebin_site\/storage\/images\/noticias\/los-castores-ayudan-a-limpiar-los-rios-contaminados\/6175390-1-esl-MX\/Los-castores-ayudan-a-limpiar-los-rios-contaminados.jpg\" alt=\"Los castores ayudan a limpiar los r\u00edos contaminados\" title=\"Los castores ayudan a limpiar los r\u00edos contaminados\" class=\"small_fotoderecha_img\" loading=\"lazy\" \/><br \/>\n                        <\/a><\/p>\n<p>                    <a href=\"https:\/\/www.agenciasinc.es\/Noticias\/Los-castores-ayudan-a-limpiar-los-rios-contaminados\" class=\"small_fotoderecha_titulo\"><\/a><\/p>\n<h3 class=\"small_fotoderecha_titulo\">Los castores ayudan a limpiar los r\u00edos contaminados<\/h3>\n<p>                    <\/p>\n<p>                                SINC<\/p>\n<p><a><\/a><\/p>\n<h2>Un animal ingenioso<\/h2>\n<p>El mecanismo detr\u00e1s de este aumento de carbono es que el castor construye sus presas cortando ramas, arbustos y peque\u00f1os \u00e1rboles\u00a0que despu\u00e9s entrelaza con barro, piedras y sedimentos del propio r\u00edo. Esta estructura frena la velocidad del agua y crea una zona inundada aguas arriba. Al reducirse la corriente, el material org\u00e1nico, como hojas, restos vegetales o madera muerta, se acumula y pasa a formar parte de los sedimentos, que contienen mucho carbono.<\/p>\n<p><img decoding=\"async\" src=\"https:\/\/www.agenciasinc.es\/bundles\/app\/images\/quotebefore.png\" \/><\/p>\n<p>Al ralentizar el agua, atrapar sedimentos y ampliar los humedales, los arroyos se convierten en poderosos sumideros de carbono<\/p>\n<p>Joshua Larsen, de la Universidad de Birmingham<br \/>\n<img decoding=\"async\" src=\"https:\/\/www.agenciasinc.es\/bundles\/app\/images\/quoteafter.png\" \/><\/p>\n<p>\u201cAl ralentizar el agua, atrapar sedimentos y ampliar los humedales, los arroyos se convierten en poderosos sumideros de carbono. Este estudio pionero representa una importante oportunidad y un avance para futuras soluciones clim\u00e1ticas basadas en la naturaleza en toda Europa\u201d, destaca Joshua Larsen, de la Universidad de Birmingham y uno de los autores principales del estudio.\u00a0<\/p>\n<p>El estudio lo han llevado a cabo durante un a\u00f1o en un tramo de\u00a0r\u00edo de 800 metros en la cuenca del Rin, en Suiza, donde hay presencia de castores desde 2010. Se midieron todos los flujos de carbono que entran y salen del sistema en tres puntos del r\u00edo: antes de la zona con presas, dentro del \u00e1rea modificada por el castor y aguas abajo.<\/p>\n<p>En concreto, el equipo combin\u00f3 mediciones de caudal con sensores autom\u00e1ticos, muestreos de agua y c\u00e1maras de gas para cuantificar emisiones de CO\u2082 y metano. Tambi\u00e9n analizaron sedimentos y biomasa para calcular el almacenamiento de carbono.<\/p>\n<p>                    <img decoding=\"async\" src=\"https:\/\/cdn.agenciasinc.es\/var\/ezwebin_site\/storage\/images\/_aliases\/img_1col\/media\/images\/christof-angst_foto5\/12384175-1-esl-MX\/Christof-Angst_foto5.jpg\" alt=\"Tramo fluvial en la cuenca del Rin, Suiza, donde se ha realizado el estudio \/ Christof Angst\" \/><\/p>\n<p>Tramo fluvial en la cuenca del Rin, Suiza, donde se ha realizado el estudio \/ Christof Angst<\/p>\n<p>    document.addEventListener(\u00abDOMContentLoaded\u00bb, function() {<br \/>\n        var img = document.querySelector(&#8216;.image-container img&#8217;);<br \/>\n        if (img) {<br \/>\n            img.alt = \u00abTramo fluvial en la cuenca del Rin, Suiza, donde se ha realizado el estudio \/ Christof Angst\u00bb;<br \/>\n        }<br \/>\n    });<\/p>\n<p><a><\/a><\/p>\n<h2>M\u00e1s recarga para los acu\u00edferos<\/h2>\n<p>Seg\u00fan el equipo, las presas del castor tambi\u00e9n transforman el paisaje fluvial. Al frenar la corriente, el agua deja de circular r\u00e1pidamente r\u00edo abajo y tiene m\u00e1s tiempo para infiltrarse en el subsuelo. Estos espacios inundados incrementan la recarga de las reservas subterr\u00e1neas y mejoran la calidad del agua, que se filtra lentamente a trav\u00e9s de los sedimentos. \u201cPuede que haya menos agua visible en superficie en algunos momentos porque se reduce el caudal, pero hay m\u00e1s reserva bajo tierra, disponible a medio y largo plazo en caso de sequ\u00eda\u201d, explica Barba.<\/p>\n<p>El castor europeo estuvo a punto de desaparecer en el siglo XIX a causa de la caza para aprovechar su piel, carne y grasa. En el siglo XX, varios pa\u00edses europeos, como Suiza, impulsaron su reintroducci\u00f3n, lo que permiti\u00f3 que la especie se recuperara progresivamente. En el caso de Espa\u00f1a, lleg\u00f3 en 2003, cuando unos activistas belgas liberaron de manera ilegal una decena de ejemplares en Navarra.<\/p>\n<p>El castor europeo estuvo a punto de desaparecer en el siglo XIX a causa de la caza para aprovechar su piel, carne y grasa<\/p>\n<p>Inicialmente, exist\u00eda la percepci\u00f3n de que era una especie invasora. En este sentido, el investigador aclara que el castor europeo no debe confundirse con el americano (Castor canadensis), que s\u00ed que puede generar impactos mucho mayores fuera de su \u00e1rea natural. Son especies con comportamientos muy diferentes y, en el caso del europeo, se alimenta sobre todo de hierbas y arbustos de menos de cinco cent\u00edmetros de di\u00e1metro y construye presas m\u00e1s peque\u00f1as, habitualmente en afluentes secundarios o terciarios, no en grandes r\u00edos.<\/p>\n<p>\u201cCon el castor americano s\u00ed vemos im\u00e1genes en la Patagonia con miles de hect\u00e1reas de \u00e1rboles muertos porque no es nativo; eso con el castor europeo no ocurrir\u00eda\u201d.<\/p>\n<p>En 2020 el castor europeo se incluy\u00f3\u00a0en el Listado de Especies Silvestres en R\u00e9gimen de Protecci\u00f3n Especial (LESRPE) en Espa\u00f1a, lo que proh\u00edbe su caza y captura, salvo en casos muy excepcionales autorizados para control.<\/p>\n<p>Desde entonces se ha expandido por las cuencas del Ebro, el Guadalquivir y el Tajo. A\u00fan no hay constancia de su presencia en Catalu\u00f1a, pero ha llegado a las puertas de\u00a0Mequinenza. As\u00ed que \u201cverlo en Catalu\u00f1a es solo cuesti\u00f3n de tiempo\u201d, concluye Barba.<\/p>\n<p>Referencia:<\/p>\n<p>Hallberg, L., Larsen, A., Ceperley, N., d\u2019Epagnier, R., Brouwers, T. F., Schaefli, B., Thurnheer, S., Barba, J., Angst, C., Dennis, M., &amp; Larsen, J. R. (2026).\u00a0Beavers can convert stream corridors to persistent carbon sinks.\u00a0<a href=\"https:\/\/www.nature.com\/commsenv\/\" target=\"_blank\" title=\"https:\/\/www.nature.com\/commsenv\/\">Communications Earth &amp; Environment<\/a>.<\/p>","protected":false},"excerpt":{"rendered":"<p>El castor europeo (Castor fiber), una especie protegida por la Uni\u00f3n Europea, ha aumentado su poblaci\u00f3n a lo largo de las \u00faltimas dos d\u00e9cadas en Espa\u00f1a. Hoy se publica un nuevo estudio en Communications Earth &amp; Environment, liderado por el investigador Lukas Hallberg de\u00a0la Universidad de Birmingham\u00a0y con la participaci\u00f3n del CREAF, que demuestra por [&hellip;]<\/p>\n","protected":false},"author":5,"featured_media":0,"comment_status":"","ping_status":"","sticky":false,"template":"","format":"standard","meta":{"site-sidebar-layout":"default","site-content-layout":"","ast-site-content-layout":"default","site-content-style":"default","site-sidebar-style":"default","ast-global-header-display":"","ast-banner-title-visibility":"","ast-main-header-display":"","ast-hfb-above-header-display":"","ast-hfb-below-header-display":"","ast-hfb-mobile-header-display":"","site-post-title":"","ast-breadcrumbs-content":"","ast-featured-img":"","footer-sml-layout":"","ast-disable-related-posts":"","theme-transparent-header-meta":"","adv-header-id-meta":"","stick-header-meta":"","header-above-stick-meta":"","header-main-stick-meta":"","header-below-stick-meta":"","astra-migrate-meta-layouts":"default","ast-page-background-enabled":"default","ast-page-background-meta":{"desktop":{"background-color":"var(--ast-global-color-4)","background-image":"","background-repeat":"repeat","background-position":"center center","background-size":"auto","background-attachment":"scroll","background-type":"","background-media":"","overlay-type":"","overlay-color":"","overlay-opacity":"","overlay-gradient":""},"tablet":{"background-color":"","background-image":"","background-repeat":"repeat","background-position":"center center","background-size":"auto","background-attachment":"scroll","background-type":"","background-media":"","overlay-type":"","overlay-color":"","overlay-opacity":"","overlay-gradient":""},"mobile":{"background-color":"","background-image":"","background-repeat":"repeat","background-position":"center center","background-size":"auto","background-attachment":"scroll","background-type":"","background-media":"","overlay-type":"","overlay-color":"","overlay-opacity":"","overlay-gradient":""}},"ast-content-background-meta":{"desktop":{"background-color":"var(--ast-global-color-5)","background-image":"","background-repeat":"repeat","background-position":"center center","background-size":"auto","background-attachment":"scroll","background-type":"","background-media":"","overlay-type":"","overlay-color":"","overlay-opacity":"","overlay-gradient":""},"tablet":{"background-color":"var(--ast-global-color-5)","background-image":"","background-repeat":"repeat","background-position":"center center","background-size":"auto","background-attachment":"scroll","background-type":"","background-media":"","overlay-type":"","overlay-color":"","overlay-opacity":"","overlay-gradient":""},"mobile":{"background-color":"var(--ast-global-color-5)","background-image":"","background-repeat":"repeat","background-position":"center center","background-size":"auto","background-attachment":"scroll","background-type":"","background-media":"","overlay-type":"","overlay-color":"","overlay-opacity":"","overlay-gradient":""}},"footnotes":""},"categories":[5],"tags":[],"class_list":["post-200728","post","type-post","status-publish","format-standard","hentry","category-noticias"],"yoast_head":"<!-- This site is optimized with the Yoast SEO Premium plugin v20.9 (Yoast SEO v27.4) - https:\/\/yoast.com\/product\/yoast-seo-premium-wordpress\/ -->\n<title>Los r\u00edos donde hay castor europeo almacenan un 26 % m\u00e1s de carbono - bip4ex<\/title>\n<meta name=\"robots\" content=\"index, follow, max-snippet:-1, max-image-preview:large, max-video-preview:-1\" \/>\n<link rel=\"canonical\" href=\"https:\/\/helloproject.es\/vigilancia\/los-rios-donde-hay-castor-europeo-almacenan-un-26-mas-de-carbono\/\" \/>\n<meta property=\"og:locale\" content=\"es_ES\" \/>\n<meta property=\"og:type\" content=\"article\" \/>\n<meta property=\"og:title\" content=\"Los r\u00edos donde hay castor europeo almacenan un 26 % m\u00e1s de carbono\" \/>\n<meta property=\"og:description\" content=\"El castor europeo (Castor fiber), una especie protegida por la Uni\u00f3n Europea, ha aumentado su poblaci\u00f3n a lo largo de las \u00faltimas dos d\u00e9cadas en Espa\u00f1a. Hoy se publica un nuevo estudio en Communications Earth &amp; Environment, liderado por el investigador Lukas Hallberg de\u00a0la Universidad de Birmingham\u00a0y con la participaci\u00f3n del CREAF, que demuestra por [&hellip;]\" \/>\n<meta property=\"og:url\" content=\"https:\/\/helloproject.es\/vigilancia\/los-rios-donde-hay-castor-europeo-almacenan-un-26-mas-de-carbono\/\" \/>\n<meta property=\"og:site_name\" content=\"bip4ex\" \/>\n<meta property=\"article:published_time\" content=\"2026-03-18T10:28:36+00:00\" \/>\n<meta property=\"og:image\" content=\"https:\/\/www.agenciasinc.es\/bundles\/app\/images\/quotebefore.png\" \/>\n<meta name=\"author\" content=\"Luis Miguel Mej\u00edas Ramos\" \/>\n<meta name=\"twitter:card\" content=\"summary_large_image\" \/>\n<meta name=\"twitter:label1\" content=\"Escrito por\" \/>\n\t<meta name=\"twitter:data1\" content=\"Luis Miguel Mej\u00edas Ramos\" \/>\n\t<meta name=\"twitter:label2\" content=\"Tiempo de lectura\" \/>\n\t<meta name=\"twitter:data2\" content=\"6 minutos\" \/>\n<script type=\"application\/ld+json\" class=\"yoast-schema-graph\">{\"@context\":\"https:\\\/\\\/schema.org\",\"@graph\":[{\"@type\":\"Article\",\"@id\":\"https:\\\/\\\/helloproject.es\\\/vigilancia\\\/los-rios-donde-hay-castor-europeo-almacenan-un-26-mas-de-carbono\\\/#article\",\"isPartOf\":{\"@id\":\"https:\\\/\\\/helloproject.es\\\/vigilancia\\\/los-rios-donde-hay-castor-europeo-almacenan-un-26-mas-de-carbono\\\/\"},\"author\":{\"name\":\"Luis Miguel Mej\u00edas Ramos\",\"@id\":\"https:\\\/\\\/helloproject.es\\\/vigilancia\\\/#\\\/schema\\\/person\\\/3767b0619d59a11570372c821f8619ca\"},\"headline\":\"Los r\u00edos donde hay castor europeo almacenan un 26 % m\u00e1s de carbono\",\"datePublished\":\"2026-03-18T10:28:36+00:00\",\"mainEntityOfPage\":{\"@id\":\"https:\\\/\\\/helloproject.es\\\/vigilancia\\\/los-rios-donde-hay-castor-europeo-almacenan-un-26-mas-de-carbono\\\/\"},\"wordCount\":1148,\"publisher\":{\"@id\":\"https:\\\/\\\/helloproject.es\\\/vigilancia\\\/#organization\"},\"image\":{\"@id\":\"https:\\\/\\\/helloproject.es\\\/vigilancia\\\/los-rios-donde-hay-castor-europeo-almacenan-un-26-mas-de-carbono\\\/#primaryimage\"},\"thumbnailUrl\":\"https:\\\/\\\/www.agenciasinc.es\\\/bundles\\\/app\\\/images\\\/quotebefore.png\",\"articleSection\":[\"Noticias\"],\"inLanguage\":\"es\"},{\"@type\":\"WebPage\",\"@id\":\"https:\\\/\\\/helloproject.es\\\/vigilancia\\\/los-rios-donde-hay-castor-europeo-almacenan-un-26-mas-de-carbono\\\/\",\"url\":\"https:\\\/\\\/helloproject.es\\\/vigilancia\\\/los-rios-donde-hay-castor-europeo-almacenan-un-26-mas-de-carbono\\\/\",\"name\":\"Los r\u00edos donde hay castor europeo almacenan un 26 % m\u00e1s de carbono - bip4ex\",\"isPartOf\":{\"@id\":\"https:\\\/\\\/helloproject.es\\\/vigilancia\\\/#website\"},\"primaryImageOfPage\":{\"@id\":\"https:\\\/\\\/helloproject.es\\\/vigilancia\\\/los-rios-donde-hay-castor-europeo-almacenan-un-26-mas-de-carbono\\\/#primaryimage\"},\"image\":{\"@id\":\"https:\\\/\\\/helloproject.es\\\/vigilancia\\\/los-rios-donde-hay-castor-europeo-almacenan-un-26-mas-de-carbono\\\/#primaryimage\"},\"thumbnailUrl\":\"https:\\\/\\\/www.agenciasinc.es\\\/bundles\\\/app\\\/images\\\/quotebefore.png\",\"datePublished\":\"2026-03-18T10:28:36+00:00\",\"breadcrumb\":{\"@id\":\"https:\\\/\\\/helloproject.es\\\/vigilancia\\\/los-rios-donde-hay-castor-europeo-almacenan-un-26-mas-de-carbono\\\/#breadcrumb\"},\"inLanguage\":\"es\",\"potentialAction\":[{\"@type\":\"ReadAction\",\"target\":[\"https:\\\/\\\/helloproject.es\\\/vigilancia\\\/los-rios-donde-hay-castor-europeo-almacenan-un-26-mas-de-carbono\\\/\"]}]},{\"@type\":\"ImageObject\",\"inLanguage\":\"es\",\"@id\":\"https:\\\/\\\/helloproject.es\\\/vigilancia\\\/los-rios-donde-hay-castor-europeo-almacenan-un-26-mas-de-carbono\\\/#primaryimage\",\"url\":\"https:\\\/\\\/www.agenciasinc.es\\\/bundles\\\/app\\\/images\\\/quotebefore.png\",\"contentUrl\":\"https:\\\/\\\/www.agenciasinc.es\\\/bundles\\\/app\\\/images\\\/quotebefore.png\"},{\"@type\":\"BreadcrumbList\",\"@id\":\"https:\\\/\\\/helloproject.es\\\/vigilancia\\\/los-rios-donde-hay-castor-europeo-almacenan-un-26-mas-de-carbono\\\/#breadcrumb\",\"itemListElement\":[{\"@type\":\"ListItem\",\"position\":1,\"name\":\"Home\",\"item\":\"https:\\\/\\\/helloproject.es\\\/vigilancia\\\/\"},{\"@type\":\"ListItem\",\"position\":2,\"name\":\"Los r\u00edos donde hay castor europeo almacenan un 26 % m\u00e1s de carbono\"}]},{\"@type\":\"WebSite\",\"@id\":\"https:\\\/\\\/helloproject.es\\\/vigilancia\\\/#website\",\"url\":\"https:\\\/\\\/helloproject.es\\\/vigilancia\\\/\",\"name\":\"bip4ex\",\"description\":\"Vigilancia Tecnol\u00f3gica\",\"publisher\":{\"@id\":\"https:\\\/\\\/helloproject.es\\\/vigilancia\\\/#organization\"},\"potentialAction\":[{\"@type\":\"SearchAction\",\"target\":{\"@type\":\"EntryPoint\",\"urlTemplate\":\"https:\\\/\\\/helloproject.es\\\/vigilancia\\\/?s={search_term_string}\"},\"query-input\":{\"@type\":\"PropertyValueSpecification\",\"valueRequired\":true,\"valueName\":\"search_term_string\"}}],\"inLanguage\":\"es\"},{\"@type\":\"Organization\",\"@id\":\"https:\\\/\\\/helloproject.es\\\/vigilancia\\\/#organization\",\"name\":\"Helloproject.es\",\"url\":\"https:\\\/\\\/helloproject.es\\\/vigilancia\\\/\",\"logo\":{\"@type\":\"ImageObject\",\"inLanguage\":\"es\",\"@id\":\"https:\\\/\\\/helloproject.es\\\/vigilancia\\\/#\\\/schema\\\/logo\\\/image\\\/\",\"url\":\"https:\\\/\\\/helloproject.es\\\/vigilancia\\\/wp-content\\\/uploads\\\/2023\\\/07\\\/bip4ex.png\",\"contentUrl\":\"https:\\\/\\\/helloproject.es\\\/vigilancia\\\/wp-content\\\/uploads\\\/2023\\\/07\\\/bip4ex.png\",\"width\":322,\"height\":365,\"caption\":\"Helloproject.es\"},\"image\":{\"@id\":\"https:\\\/\\\/helloproject.es\\\/vigilancia\\\/#\\\/schema\\\/logo\\\/image\\\/\"}},{\"@type\":\"Person\",\"@id\":\"https:\\\/\\\/helloproject.es\\\/vigilancia\\\/#\\\/schema\\\/person\\\/3767b0619d59a11570372c821f8619ca\",\"name\":\"Luis Miguel Mej\u00edas Ramos\",\"url\":\"https:\\\/\\\/helloproject.es\\\/vigilancia\\\/author\\\/luismi\\\/\"}]}<\/script>\n<!-- \/ Yoast SEO Premium plugin. -->","yoast_head_json":{"title":"Los r\u00edos donde hay castor europeo almacenan un 26 % m\u00e1s de carbono - bip4ex","robots":{"index":"index","follow":"follow","max-snippet":"max-snippet:-1","max-image-preview":"max-image-preview:large","max-video-preview":"max-video-preview:-1"},"canonical":"https:\/\/helloproject.es\/vigilancia\/los-rios-donde-hay-castor-europeo-almacenan-un-26-mas-de-carbono\/","og_locale":"es_ES","og_type":"article","og_title":"Los r\u00edos donde hay castor europeo almacenan un 26 % m\u00e1s de carbono","og_description":"El castor europeo (Castor fiber), una especie protegida por la Uni\u00f3n Europea, ha aumentado su poblaci\u00f3n a lo largo de las \u00faltimas dos d\u00e9cadas en Espa\u00f1a. Hoy se publica un nuevo estudio en Communications Earth &amp; Environment, liderado por el investigador Lukas Hallberg de\u00a0la Universidad de Birmingham\u00a0y con la participaci\u00f3n del CREAF, que demuestra por [&hellip;]","og_url":"https:\/\/helloproject.es\/vigilancia\/los-rios-donde-hay-castor-europeo-almacenan-un-26-mas-de-carbono\/","og_site_name":"bip4ex","article_published_time":"2026-03-18T10:28:36+00:00","og_image":[{"url":"https:\/\/www.agenciasinc.es\/bundles\/app\/images\/quotebefore.png","type":"","width":"","height":""}],"author":"Luis Miguel Mej\u00edas Ramos","twitter_card":"summary_large_image","twitter_misc":{"Escrito por":"Luis Miguel Mej\u00edas Ramos","Tiempo de lectura":"6 minutos"},"schema":{"@context":"https:\/\/schema.org","@graph":[{"@type":"Article","@id":"https:\/\/helloproject.es\/vigilancia\/los-rios-donde-hay-castor-europeo-almacenan-un-26-mas-de-carbono\/#article","isPartOf":{"@id":"https:\/\/helloproject.es\/vigilancia\/los-rios-donde-hay-castor-europeo-almacenan-un-26-mas-de-carbono\/"},"author":{"name":"Luis Miguel Mej\u00edas Ramos","@id":"https:\/\/helloproject.es\/vigilancia\/#\/schema\/person\/3767b0619d59a11570372c821f8619ca"},"headline":"Los r\u00edos donde hay castor europeo almacenan un 26 % m\u00e1s de carbono","datePublished":"2026-03-18T10:28:36+00:00","mainEntityOfPage":{"@id":"https:\/\/helloproject.es\/vigilancia\/los-rios-donde-hay-castor-europeo-almacenan-un-26-mas-de-carbono\/"},"wordCount":1148,"publisher":{"@id":"https:\/\/helloproject.es\/vigilancia\/#organization"},"image":{"@id":"https:\/\/helloproject.es\/vigilancia\/los-rios-donde-hay-castor-europeo-almacenan-un-26-mas-de-carbono\/#primaryimage"},"thumbnailUrl":"https:\/\/www.agenciasinc.es\/bundles\/app\/images\/quotebefore.png","articleSection":["Noticias"],"inLanguage":"es"},{"@type":"WebPage","@id":"https:\/\/helloproject.es\/vigilancia\/los-rios-donde-hay-castor-europeo-almacenan-un-26-mas-de-carbono\/","url":"https:\/\/helloproject.es\/vigilancia\/los-rios-donde-hay-castor-europeo-almacenan-un-26-mas-de-carbono\/","name":"Los r\u00edos donde hay castor europeo almacenan un 26 % m\u00e1s de carbono - bip4ex","isPartOf":{"@id":"https:\/\/helloproject.es\/vigilancia\/#website"},"primaryImageOfPage":{"@id":"https:\/\/helloproject.es\/vigilancia\/los-rios-donde-hay-castor-europeo-almacenan-un-26-mas-de-carbono\/#primaryimage"},"image":{"@id":"https:\/\/helloproject.es\/vigilancia\/los-rios-donde-hay-castor-europeo-almacenan-un-26-mas-de-carbono\/#primaryimage"},"thumbnailUrl":"https:\/\/www.agenciasinc.es\/bundles\/app\/images\/quotebefore.png","datePublished":"2026-03-18T10:28:36+00:00","breadcrumb":{"@id":"https:\/\/helloproject.es\/vigilancia\/los-rios-donde-hay-castor-europeo-almacenan-un-26-mas-de-carbono\/#breadcrumb"},"inLanguage":"es","potentialAction":[{"@type":"ReadAction","target":["https:\/\/helloproject.es\/vigilancia\/los-rios-donde-hay-castor-europeo-almacenan-un-26-mas-de-carbono\/"]}]},{"@type":"ImageObject","inLanguage":"es","@id":"https:\/\/helloproject.es\/vigilancia\/los-rios-donde-hay-castor-europeo-almacenan-un-26-mas-de-carbono\/#primaryimage","url":"https:\/\/www.agenciasinc.es\/bundles\/app\/images\/quotebefore.png","contentUrl":"https:\/\/www.agenciasinc.es\/bundles\/app\/images\/quotebefore.png"},{"@type":"BreadcrumbList","@id":"https:\/\/helloproject.es\/vigilancia\/los-rios-donde-hay-castor-europeo-almacenan-un-26-mas-de-carbono\/#breadcrumb","itemListElement":[{"@type":"ListItem","position":1,"name":"Home","item":"https:\/\/helloproject.es\/vigilancia\/"},{"@type":"ListItem","position":2,"name":"Los r\u00edos donde hay castor europeo almacenan un 26 % m\u00e1s de carbono"}]},{"@type":"WebSite","@id":"https:\/\/helloproject.es\/vigilancia\/#website","url":"https:\/\/helloproject.es\/vigilancia\/","name":"bip4ex","description":"Vigilancia Tecnol\u00f3gica","publisher":{"@id":"https:\/\/helloproject.es\/vigilancia\/#organization"},"potentialAction":[{"@type":"SearchAction","target":{"@type":"EntryPoint","urlTemplate":"https:\/\/helloproject.es\/vigilancia\/?s={search_term_string}"},"query-input":{"@type":"PropertyValueSpecification","valueRequired":true,"valueName":"search_term_string"}}],"inLanguage":"es"},{"@type":"Organization","@id":"https:\/\/helloproject.es\/vigilancia\/#organization","name":"Helloproject.es","url":"https:\/\/helloproject.es\/vigilancia\/","logo":{"@type":"ImageObject","inLanguage":"es","@id":"https:\/\/helloproject.es\/vigilancia\/#\/schema\/logo\/image\/","url":"https:\/\/helloproject.es\/vigilancia\/wp-content\/uploads\/2023\/07\/bip4ex.png","contentUrl":"https:\/\/helloproject.es\/vigilancia\/wp-content\/uploads\/2023\/07\/bip4ex.png","width":322,"height":365,"caption":"Helloproject.es"},"image":{"@id":"https:\/\/helloproject.es\/vigilancia\/#\/schema\/logo\/image\/"}},{"@type":"Person","@id":"https:\/\/helloproject.es\/vigilancia\/#\/schema\/person\/3767b0619d59a11570372c821f8619ca","name":"Luis Miguel Mej\u00edas Ramos","url":"https:\/\/helloproject.es\/vigilancia\/author\/luismi\/"}]}},"_links":{"self":[{"href":"https:\/\/helloproject.es\/vigilancia\/wp-json\/wp\/v2\/posts\/200728","targetHints":{"allow":["GET"]}}],"collection":[{"href":"https:\/\/helloproject.es\/vigilancia\/wp-json\/wp\/v2\/posts"}],"about":[{"href":"https:\/\/helloproject.es\/vigilancia\/wp-json\/wp\/v2\/types\/post"}],"author":[{"embeddable":true,"href":"https:\/\/helloproject.es\/vigilancia\/wp-json\/wp\/v2\/users\/5"}],"replies":[{"embeddable":true,"href":"https:\/\/helloproject.es\/vigilancia\/wp-json\/wp\/v2\/comments?post=200728"}],"version-history":[{"count":0,"href":"https:\/\/helloproject.es\/vigilancia\/wp-json\/wp\/v2\/posts\/200728\/revisions"}],"wp:attachment":[{"href":"https:\/\/helloproject.es\/vigilancia\/wp-json\/wp\/v2\/media?parent=200728"}],"wp:term":[{"taxonomy":"category","embeddable":true,"href":"https:\/\/helloproject.es\/vigilancia\/wp-json\/wp\/v2\/categories?post=200728"},{"taxonomy":"post_tag","embeddable":true,"href":"https:\/\/helloproject.es\/vigilancia\/wp-json\/wp\/v2\/tags?post=200728"}],"curies":[{"name":"wp","href":"https:\/\/api.w.org\/{rel}","templated":true}]}}