{"id":200785,"date":"2026-03-18T15:28:38","date_gmt":"2026-03-18T14:28:38","guid":{"rendered":"https:\/\/helloproject.es\/vigilancia\/seis-pruebas-repartidas-entre-abril-y-octubre-en-la-btt-diputacion-de-palencia\/"},"modified":"2026-03-18T15:28:38","modified_gmt":"2026-03-18T14:28:38","slug":"seis-pruebas-repartidas-entre-abril-y-octubre-en-la-btt-diputacion-de-palencia","status":"publish","type":"post","link":"https:\/\/helloproject.es\/vigilancia\/seis-pruebas-repartidas-entre-abril-y-octubre-en-la-btt-diputacion-de-palencia\/","title":{"rendered":"Seis pruebas repartidas entre abril y octubre en la BTT &#8216;Diputaci\u00f3n de Palencia&#8217;"},"content":{"rendered":"<p><span>Seis pruebas repartidas entre abril y octubre en la BTT &#8216;Diputaci\u00f3n de Palencia&#8217;<\/span><\/p>\n<div>\n<div>Fecha de noticia<\/div>\n<div><time datetime=\"2026-03-18T12:00:00Z\">Mi\u00e9rcoles, 18 de Marzo de 2026<\/time>\n<\/div>\n<\/div>\n<p><span><span>prensa<\/span><\/span><br \/>\n<span><time datetime=\"2026-03-18T14:46:08+01:00\" title=\"Mi\u00e9rcoles, Marzo 18, 2026 - 14:46\">Mi\u00e9, 18\/03\/2026 &#8211; 14:46<\/time><br \/>\n<\/span><\/p>\n<div>Llega una nueva edici\u00f3n del Circuito Provincial de BTT \u2018Diputaci\u00f3n de Palencia\u2019, que se consolida en el panorama auton\u00f3mico con seis pruebas, repartidas entre abril y octubre<\/div>\n<div>\n<ul type=\"disc\">\n<li>\n<p><span lang=\"ES-TRAD\"><\/span><span lang=\"ES-TRAD\">El Circuito Provincial de BTT alcanza su octava edici\u00f3n que comienza <strong>el 25 del pr\u00f3ximo abril en Melgar de Yuso y concluyendo el 17 de octubre<\/strong> <strong>en Paredes de Nava.<\/strong><\/span><\/p>\n<p><strong><span lang=\"ES-TRAD\"><\/span><\/strong><\/p>\n<\/li>\n<li><span lang=\"ES-TRAD\"><\/span><span lang=\"ES-TRAD\">El a\u00f1o pasado participaron en el circuito m\u00e1s de 1.000 ciclistas.<\/span><\/li>\n<\/ul>\n<p><span lang=\"ES-TRAD\"><\/span><\/p>\n<ul type=\"disc\">\n<li>\n<p><span lang=\"ES-TRAD\"><\/span><span lang=\"ES-TRAD\">Para esta octava edici\u00f3n, las pruebas son: <strong>BTT Cotorros Bike, en Melgar de Yuso (25 de abril); Puerta a la Monta\u00f1a, en Aguilar de Campoo (16 de mayo); Valles de Cerrato, en Baltan\u00e1s (7 de junio); Raposo Bike, en Tariego de Cerrato (28 de junio); Pisoraka, en Herrera de Pisuerga (11 de julio); y Cautivo Bike Razce, en Paredes de Nava (17 de octubre)<\/strong><\/span><\/p>\n<p>\u00a0<\/p>\n<\/li>\n<li><span lang=\"ES-TRAD\"><\/span><span>En esta edici\u00f3n del Circuito, se vuelve a dar importancia a la \u201cCopa BTT Diputaci\u00f3n de Palencia\u201d, que se celebrar\u00e1 el 11 de julio, en Herrera de Pisuerga. <\/span><span lang=\"ES-TRAD\"><\/span><\/li>\n<\/ul>\n<p><span lang=\"ES-TRAD\"><\/span><\/p>\n<ul type=\"disc\">\n<li><span lang=\"ES-TRAD\"><\/span><span lang=\"ES-TRAD\">Con la colaboraci\u00f3n de los clubes y ayuntamientos organizadores, la Instituci\u00f3n Provincial pretende, adem\u00e1s de promover la pr\u00e1ctica deportiva, dar a conocer los espectaculares parajes que ofrece toda nuestra provincia, como la Monta\u00f1a Palentina, Tierra de Campos o el Cerrato.<\/span><\/li>\n<\/ul>\n<p><strong><span lang=\"ES-TRAD\"><\/span><\/strong><\/p>\n<\/div>","protected":false},"excerpt":{"rendered":"<p>Seis pruebas repartidas entre abril y octubre en la BTT &#8216;Diputaci\u00f3n de Palencia&#8217; Fecha de noticia Mi\u00e9rcoles, 18 de Marzo de 2026 prensa Mi\u00e9, 18\/03\/2026 &#8211; 14:46 Llega una nueva edici\u00f3n del Circuito Provincial de BTT \u2018Diputaci\u00f3n de Palencia\u2019, que se consolida en el panorama auton\u00f3mico con seis pruebas, repartidas entre abril y octubre El [&hellip;]<\/p>\n","protected":false},"author":5,"featured_media":0,"comment_status":"","ping_status":"","sticky":false,"template":"","format":"standard","meta":{"site-sidebar-layout":"default","site-content-layout":"","ast-site-content-layout":"default","site-content-style":"default","site-sidebar-style":"default","ast-global-header-display":"","ast-banner-title-visibility":"","ast-main-header-display":"","ast-hfb-above-header-display":"","ast-hfb-below-header-display":"","ast-hfb-mobile-header-display":"","site-post-title":"","ast-breadcrumbs-content":"","ast-featured-img":"","footer-sml-layout":"","ast-disable-related-posts":"","theme-transparent-header-meta":"","adv-header-id-meta":"","stick-header-meta":"","header-above-stick-meta":"","header-main-stick-meta":"","header-below-stick-meta":"","astra-migrate-meta-layouts":"default","ast-page-background-enabled":"default","ast-page-background-meta":{"desktop":{"background-color":"var(--ast-global-color-4)","background-image":"","background-repeat":"repeat","background-position":"center center","background-size":"auto","background-attachment":"scroll","background-type":"","background-media":"","overlay-type":"","overlay-color":"","overlay-opacity":"","overlay-gradient":""},"tablet":{"background-color":"","background-image":"","background-repeat":"repeat","background-position":"center center","background-size":"auto","background-attachment":"scroll","background-type":"","background-media":"","overlay-type":"","overlay-color":"","overlay-opacity":"","overlay-gradient":""},"mobile":{"background-color":"","background-image":"","background-repeat":"repeat","background-position":"center center","background-size":"auto","background-attachment":"scroll","background-type":"","background-media":"","overlay-type":"","overlay-color":"","overlay-opacity":"","overlay-gradient":""}},"ast-content-background-meta":{"desktop":{"background-color":"var(--ast-global-color-5)","background-image":"","background-repeat":"repeat","background-position":"center center","background-size":"auto","background-attachment":"scroll","background-type":"","background-media":"","overlay-type":"","overlay-color":"","overlay-opacity":"","overlay-gradient":""},"tablet":{"background-color":"var(--ast-global-color-5)","background-image":"","background-repeat":"repeat","background-position":"center center","background-size":"auto","background-attachment":"scroll","background-type":"","background-media":"","overlay-type":"","overlay-color":"","overlay-opacity":"","overlay-gradient":""},"mobile":{"background-color":"var(--ast-global-color-5)","background-image":"","background-repeat":"repeat","background-position":"center center","background-size":"auto","background-attachment":"scroll","background-type":"","background-media":"","overlay-type":"","overlay-color":"","overlay-opacity":"","overlay-gradient":""}},"footnotes":""},"categories":[5],"tags":[],"class_list":["post-200785","post","type-post","status-publish","format-standard","hentry","category-noticias"],"yoast_head":"<!-- This site is optimized with the Yoast SEO Premium plugin v20.9 (Yoast SEO v27.4) - https:\/\/yoast.com\/product\/yoast-seo-premium-wordpress\/ -->\n<title>Seis pruebas repartidas entre abril y octubre en la BTT &#039;Diputaci\u00f3n de Palencia&#039; - bip4ex<\/title>\n<meta name=\"robots\" content=\"index, follow, max-snippet:-1, max-image-preview:large, max-video-preview:-1\" \/>\n<link rel=\"canonical\" href=\"https:\/\/helloproject.es\/vigilancia\/seis-pruebas-repartidas-entre-abril-y-octubre-en-la-btt-diputacion-de-palencia\/\" \/>\n<meta property=\"og:locale\" content=\"es_ES\" \/>\n<meta property=\"og:type\" content=\"article\" \/>\n<meta property=\"og:title\" content=\"Seis pruebas repartidas entre abril y octubre en la BTT &#039;Diputaci\u00f3n de Palencia&#039;\" \/>\n<meta property=\"og:description\" content=\"Seis pruebas repartidas entre abril y octubre en la BTT &#8216;Diputaci\u00f3n de Palencia&#8217; Fecha de noticia Mi\u00e9rcoles, 18 de Marzo de 2026 prensa Mi\u00e9, 18\/03\/2026 &#8211; 14:46 Llega una nueva edici\u00f3n del Circuito Provincial de BTT \u2018Diputaci\u00f3n de Palencia\u2019, que se consolida en el panorama auton\u00f3mico con seis pruebas, repartidas entre abril y octubre El [&hellip;]\" \/>\n<meta property=\"og:url\" content=\"https:\/\/helloproject.es\/vigilancia\/seis-pruebas-repartidas-entre-abril-y-octubre-en-la-btt-diputacion-de-palencia\/\" \/>\n<meta property=\"og:site_name\" content=\"bip4ex\" \/>\n<meta property=\"article:published_time\" content=\"2026-03-18T14:28:38+00:00\" \/>\n<meta name=\"author\" content=\"Luis Miguel Mej\u00edas Ramos\" \/>\n<meta name=\"twitter:card\" content=\"summary_large_image\" \/>\n<meta name=\"twitter:label1\" content=\"Escrito por\" \/>\n\t<meta name=\"twitter:data1\" content=\"Luis Miguel Mej\u00edas Ramos\" \/>\n\t<meta name=\"twitter:label2\" content=\"Tiempo de lectura\" \/>\n\t<meta name=\"twitter:data2\" content=\"1 minuto\" \/>\n<script type=\"application\/ld+json\" class=\"yoast-schema-graph\">{\"@context\":\"https:\\\/\\\/schema.org\",\"@graph\":[{\"@type\":\"Article\",\"@id\":\"https:\\\/\\\/helloproject.es\\\/vigilancia\\\/seis-pruebas-repartidas-entre-abril-y-octubre-en-la-btt-diputacion-de-palencia\\\/#article\",\"isPartOf\":{\"@id\":\"https:\\\/\\\/helloproject.es\\\/vigilancia\\\/seis-pruebas-repartidas-entre-abril-y-octubre-en-la-btt-diputacion-de-palencia\\\/\"},\"author\":{\"name\":\"Luis Miguel Mej\u00edas Ramos\",\"@id\":\"https:\\\/\\\/helloproject.es\\\/vigilancia\\\/#\\\/schema\\\/person\\\/3767b0619d59a11570372c821f8619ca\"},\"headline\":\"Seis pruebas repartidas entre abril y octubre en la BTT &#8216;Diputaci\u00f3n de Palencia&#8217;\",\"datePublished\":\"2026-03-18T14:28:38+00:00\",\"mainEntityOfPage\":{\"@id\":\"https:\\\/\\\/helloproject.es\\\/vigilancia\\\/seis-pruebas-repartidas-entre-abril-y-octubre-en-la-btt-diputacion-de-palencia\\\/\"},\"wordCount\":246,\"publisher\":{\"@id\":\"https:\\\/\\\/helloproject.es\\\/vigilancia\\\/#organization\"},\"articleSection\":[\"Noticias\"],\"inLanguage\":\"es\"},{\"@type\":\"WebPage\",\"@id\":\"https:\\\/\\\/helloproject.es\\\/vigilancia\\\/seis-pruebas-repartidas-entre-abril-y-octubre-en-la-btt-diputacion-de-palencia\\\/\",\"url\":\"https:\\\/\\\/helloproject.es\\\/vigilancia\\\/seis-pruebas-repartidas-entre-abril-y-octubre-en-la-btt-diputacion-de-palencia\\\/\",\"name\":\"Seis pruebas repartidas entre abril y octubre en la BTT 'Diputaci\u00f3n de Palencia' - bip4ex\",\"isPartOf\":{\"@id\":\"https:\\\/\\\/helloproject.es\\\/vigilancia\\\/#website\"},\"datePublished\":\"2026-03-18T14:28:38+00:00\",\"breadcrumb\":{\"@id\":\"https:\\\/\\\/helloproject.es\\\/vigilancia\\\/seis-pruebas-repartidas-entre-abril-y-octubre-en-la-btt-diputacion-de-palencia\\\/#breadcrumb\"},\"inLanguage\":\"es\",\"potentialAction\":[{\"@type\":\"ReadAction\",\"target\":[\"https:\\\/\\\/helloproject.es\\\/vigilancia\\\/seis-pruebas-repartidas-entre-abril-y-octubre-en-la-btt-diputacion-de-palencia\\\/\"]}]},{\"@type\":\"BreadcrumbList\",\"@id\":\"https:\\\/\\\/helloproject.es\\\/vigilancia\\\/seis-pruebas-repartidas-entre-abril-y-octubre-en-la-btt-diputacion-de-palencia\\\/#breadcrumb\",\"itemListElement\":[{\"@type\":\"ListItem\",\"position\":1,\"name\":\"Home\",\"item\":\"https:\\\/\\\/helloproject.es\\\/vigilancia\\\/\"},{\"@type\":\"ListItem\",\"position\":2,\"name\":\"Seis pruebas repartidas entre abril y octubre en la BTT &#8216;Diputaci\u00f3n de Palencia&#8217;\"}]},{\"@type\":\"WebSite\",\"@id\":\"https:\\\/\\\/helloproject.es\\\/vigilancia\\\/#website\",\"url\":\"https:\\\/\\\/helloproject.es\\\/vigilancia\\\/\",\"name\":\"bip4ex\",\"description\":\"Vigilancia Tecnol\u00f3gica\",\"publisher\":{\"@id\":\"https:\\\/\\\/helloproject.es\\\/vigilancia\\\/#organization\"},\"potentialAction\":[{\"@type\":\"SearchAction\",\"target\":{\"@type\":\"EntryPoint\",\"urlTemplate\":\"https:\\\/\\\/helloproject.es\\\/vigilancia\\\/?s={search_term_string}\"},\"query-input\":{\"@type\":\"PropertyValueSpecification\",\"valueRequired\":true,\"valueName\":\"search_term_string\"}}],\"inLanguage\":\"es\"},{\"@type\":\"Organization\",\"@id\":\"https:\\\/\\\/helloproject.es\\\/vigilancia\\\/#organization\",\"name\":\"Helloproject.es\",\"url\":\"https:\\\/\\\/helloproject.es\\\/vigilancia\\\/\",\"logo\":{\"@type\":\"ImageObject\",\"inLanguage\":\"es\",\"@id\":\"https:\\\/\\\/helloproject.es\\\/vigilancia\\\/#\\\/schema\\\/logo\\\/image\\\/\",\"url\":\"https:\\\/\\\/helloproject.es\\\/vigilancia\\\/wp-content\\\/uploads\\\/2023\\\/07\\\/bip4ex.png\",\"contentUrl\":\"https:\\\/\\\/helloproject.es\\\/vigilancia\\\/wp-content\\\/uploads\\\/2023\\\/07\\\/bip4ex.png\",\"width\":322,\"height\":365,\"caption\":\"Helloproject.es\"},\"image\":{\"@id\":\"https:\\\/\\\/helloproject.es\\\/vigilancia\\\/#\\\/schema\\\/logo\\\/image\\\/\"}},{\"@type\":\"Person\",\"@id\":\"https:\\\/\\\/helloproject.es\\\/vigilancia\\\/#\\\/schema\\\/person\\\/3767b0619d59a11570372c821f8619ca\",\"name\":\"Luis Miguel Mej\u00edas Ramos\",\"url\":\"https:\\\/\\\/helloproject.es\\\/vigilancia\\\/author\\\/luismi\\\/\"}]}<\/script>\n<!-- \/ Yoast SEO Premium plugin. -->","yoast_head_json":{"title":"Seis pruebas repartidas entre abril y octubre en la BTT 'Diputaci\u00f3n de Palencia' - bip4ex","robots":{"index":"index","follow":"follow","max-snippet":"max-snippet:-1","max-image-preview":"max-image-preview:large","max-video-preview":"max-video-preview:-1"},"canonical":"https:\/\/helloproject.es\/vigilancia\/seis-pruebas-repartidas-entre-abril-y-octubre-en-la-btt-diputacion-de-palencia\/","og_locale":"es_ES","og_type":"article","og_title":"Seis pruebas repartidas entre abril y octubre en la BTT 'Diputaci\u00f3n de Palencia'","og_description":"Seis pruebas repartidas entre abril y octubre en la BTT &#8216;Diputaci\u00f3n de Palencia&#8217; Fecha de noticia Mi\u00e9rcoles, 18 de Marzo de 2026 prensa Mi\u00e9, 18\/03\/2026 &#8211; 14:46 Llega una nueva edici\u00f3n del Circuito Provincial de BTT \u2018Diputaci\u00f3n de Palencia\u2019, que se consolida en el panorama auton\u00f3mico con seis pruebas, repartidas entre abril y octubre El [&hellip;]","og_url":"https:\/\/helloproject.es\/vigilancia\/seis-pruebas-repartidas-entre-abril-y-octubre-en-la-btt-diputacion-de-palencia\/","og_site_name":"bip4ex","article_published_time":"2026-03-18T14:28:38+00:00","author":"Luis Miguel Mej\u00edas Ramos","twitter_card":"summary_large_image","twitter_misc":{"Escrito por":"Luis Miguel Mej\u00edas Ramos","Tiempo de lectura":"1 minuto"},"schema":{"@context":"https:\/\/schema.org","@graph":[{"@type":"Article","@id":"https:\/\/helloproject.es\/vigilancia\/seis-pruebas-repartidas-entre-abril-y-octubre-en-la-btt-diputacion-de-palencia\/#article","isPartOf":{"@id":"https:\/\/helloproject.es\/vigilancia\/seis-pruebas-repartidas-entre-abril-y-octubre-en-la-btt-diputacion-de-palencia\/"},"author":{"name":"Luis Miguel Mej\u00edas Ramos","@id":"https:\/\/helloproject.es\/vigilancia\/#\/schema\/person\/3767b0619d59a11570372c821f8619ca"},"headline":"Seis pruebas repartidas entre abril y octubre en la BTT &#8216;Diputaci\u00f3n de Palencia&#8217;","datePublished":"2026-03-18T14:28:38+00:00","mainEntityOfPage":{"@id":"https:\/\/helloproject.es\/vigilancia\/seis-pruebas-repartidas-entre-abril-y-octubre-en-la-btt-diputacion-de-palencia\/"},"wordCount":246,"publisher":{"@id":"https:\/\/helloproject.es\/vigilancia\/#organization"},"articleSection":["Noticias"],"inLanguage":"es"},{"@type":"WebPage","@id":"https:\/\/helloproject.es\/vigilancia\/seis-pruebas-repartidas-entre-abril-y-octubre-en-la-btt-diputacion-de-palencia\/","url":"https:\/\/helloproject.es\/vigilancia\/seis-pruebas-repartidas-entre-abril-y-octubre-en-la-btt-diputacion-de-palencia\/","name":"Seis pruebas repartidas entre abril y octubre en la BTT 'Diputaci\u00f3n de Palencia' - bip4ex","isPartOf":{"@id":"https:\/\/helloproject.es\/vigilancia\/#website"},"datePublished":"2026-03-18T14:28:38+00:00","breadcrumb":{"@id":"https:\/\/helloproject.es\/vigilancia\/seis-pruebas-repartidas-entre-abril-y-octubre-en-la-btt-diputacion-de-palencia\/#breadcrumb"},"inLanguage":"es","potentialAction":[{"@type":"ReadAction","target":["https:\/\/helloproject.es\/vigilancia\/seis-pruebas-repartidas-entre-abril-y-octubre-en-la-btt-diputacion-de-palencia\/"]}]},{"@type":"BreadcrumbList","@id":"https:\/\/helloproject.es\/vigilancia\/seis-pruebas-repartidas-entre-abril-y-octubre-en-la-btt-diputacion-de-palencia\/#breadcrumb","itemListElement":[{"@type":"ListItem","position":1,"name":"Home","item":"https:\/\/helloproject.es\/vigilancia\/"},{"@type":"ListItem","position":2,"name":"Seis pruebas repartidas entre abril y octubre en la BTT &#8216;Diputaci\u00f3n de Palencia&#8217;"}]},{"@type":"WebSite","@id":"https:\/\/helloproject.es\/vigilancia\/#website","url":"https:\/\/helloproject.es\/vigilancia\/","name":"bip4ex","description":"Vigilancia Tecnol\u00f3gica","publisher":{"@id":"https:\/\/helloproject.es\/vigilancia\/#organization"},"potentialAction":[{"@type":"SearchAction","target":{"@type":"EntryPoint","urlTemplate":"https:\/\/helloproject.es\/vigilancia\/?s={search_term_string}"},"query-input":{"@type":"PropertyValueSpecification","valueRequired":true,"valueName":"search_term_string"}}],"inLanguage":"es"},{"@type":"Organization","@id":"https:\/\/helloproject.es\/vigilancia\/#organization","name":"Helloproject.es","url":"https:\/\/helloproject.es\/vigilancia\/","logo":{"@type":"ImageObject","inLanguage":"es","@id":"https:\/\/helloproject.es\/vigilancia\/#\/schema\/logo\/image\/","url":"https:\/\/helloproject.es\/vigilancia\/wp-content\/uploads\/2023\/07\/bip4ex.png","contentUrl":"https:\/\/helloproject.es\/vigilancia\/wp-content\/uploads\/2023\/07\/bip4ex.png","width":322,"height":365,"caption":"Helloproject.es"},"image":{"@id":"https:\/\/helloproject.es\/vigilancia\/#\/schema\/logo\/image\/"}},{"@type":"Person","@id":"https:\/\/helloproject.es\/vigilancia\/#\/schema\/person\/3767b0619d59a11570372c821f8619ca","name":"Luis Miguel Mej\u00edas Ramos","url":"https:\/\/helloproject.es\/vigilancia\/author\/luismi\/"}]}},"_links":{"self":[{"href":"https:\/\/helloproject.es\/vigilancia\/wp-json\/wp\/v2\/posts\/200785","targetHints":{"allow":["GET"]}}],"collection":[{"href":"https:\/\/helloproject.es\/vigilancia\/wp-json\/wp\/v2\/posts"}],"about":[{"href":"https:\/\/helloproject.es\/vigilancia\/wp-json\/wp\/v2\/types\/post"}],"author":[{"embeddable":true,"href":"https:\/\/helloproject.es\/vigilancia\/wp-json\/wp\/v2\/users\/5"}],"replies":[{"embeddable":true,"href":"https:\/\/helloproject.es\/vigilancia\/wp-json\/wp\/v2\/comments?post=200785"}],"version-history":[{"count":0,"href":"https:\/\/helloproject.es\/vigilancia\/wp-json\/wp\/v2\/posts\/200785\/revisions"}],"wp:attachment":[{"href":"https:\/\/helloproject.es\/vigilancia\/wp-json\/wp\/v2\/media?parent=200785"}],"wp:term":[{"taxonomy":"category","embeddable":true,"href":"https:\/\/helloproject.es\/vigilancia\/wp-json\/wp\/v2\/categories?post=200785"},{"taxonomy":"post_tag","embeddable":true,"href":"https:\/\/helloproject.es\/vigilancia\/wp-json\/wp\/v2\/tags?post=200785"}],"curies":[{"name":"wp","href":"https:\/\/api.w.org\/{rel}","templated":true}]}}