{"id":200955,"date":"2026-03-19T12:28:16","date_gmt":"2026-03-19T11:28:16","guid":{"rendered":"https:\/\/helloproject.es\/vigilancia\/gerd-faltings-premio-abel-por-sus-contribuciones-decisivas-a-la-geometria-aritmetica\/"},"modified":"2026-03-19T12:28:16","modified_gmt":"2026-03-19T11:28:16","slug":"gerd-faltings-premio-abel-por-sus-contribuciones-decisivas-a-la-geometria-aritmetica","status":"publish","type":"post","link":"https:\/\/helloproject.es\/vigilancia\/gerd-faltings-premio-abel-por-sus-contribuciones-decisivas-a-la-geometria-aritmetica\/","title":{"rendered":"Gerd Faltings, Premio Abel por sus contribuciones decisivas a la geometr\u00eda aritm\u00e9tica"},"content":{"rendered":"<p>El matem\u00e1tico alem\u00e1n Gerd Faltings ha sido distinguido con el Premio Abel, el galard\u00f3n m\u00e1s prestigioso que se concede a una trayectoria en matem\u00e1ticas. El jurado ha destacado sus contribuciones a la\u00a0geometr\u00eda aritm\u00e9tica, un campo situado en la intersecci\u00f3n entre la teor\u00eda de n\u00fameros y la geometr\u00eda. Director em\u00e9rito del Instituto Max Planck de Matem\u00e1ticas, se convierte adem\u00e1s en el primer investigador alem\u00e1n que recibe el premio de la Academia Noruega de Ciencias. Su nombre se hizo conocido de forma fulgurante cuando, con 29 a\u00f1os, resolvi\u00f3 una conjetura planteada hac\u00eda seis d\u00e9cadas, un trabajo que le vali\u00f3 la Medalla Fields en 1986.<\/p>\n<p>El trabajo de Faltings ha revolucionado la geometr\u00eda aritm\u00e9tica, un \u00e1rea que estudia problemas procedentes de la teor\u00eda de n\u00fameros en un lenguaje y con unas herramientas pertenecientes a la geometr\u00eda<\/p>\n<p>\u201cEl trabajo de Faltings ha revolucionado la geometr\u00eda aritm\u00e9tica, un \u00e1rea que estudia problemas procedentes de la teor\u00eda de n\u00fameros en un lenguaje y con unas herramientas pertenecientes a la geometr\u00eda\u201d, afirma Daniel Mac\u00edas, cient\u00edfico titular del CSIC en el Instituto de Ciencias Matem\u00e1ticas (ICMAT).<\/p>\n<p>El investigador destaca que el matem\u00e1tico \u201cdemostr\u00f3 algunas de las conjeturas m\u00e1s importantes que se hab\u00edan formulado en esta \u00e1rea a lo largo del siglo XX\u201d. Su resultado central, conocido como teorema de Faltings, aborda una cuesti\u00f3n cl\u00e1sica: cu\u00e1ntas soluciones racionales puede tener una ecuaci\u00f3n diof\u00e1ntica, aquellas polin\u00f3micas que combinan sumas, restas y multiplicaciones de variables elevadas a exponentes enteros y cuyas soluciones se buscan inicialmente entre n\u00fameros enteros.<\/p>\n<p><a><\/a><\/p>\n<h2>Ecuaciones ya exploradas por\u00a0babilonios y mayas\u00a0<\/h2>\n<p>Civilizaciones antiguas como los babilonios o los mayas ya exploraron estas ecuaciones, de las que es ejemplo x\u00b2 + y\u00b2 = z\u00b2, asociada a las ternas pitag\u00f3ricas, que admiten infinitas soluciones. Sin embargo,\u00a0al aumentar la complejidad, las soluciones dejan de ser ilimitadas y pueden ser muy escasas o incluso inexistentes. Una de las grandes preguntas del siglo XX fue determinar en qu\u00e9 casos aparecen muchas, pocas o ninguna soluci\u00f3n racional. \u201cLas ecuaciones cuadr\u00e1ticas son relativamente sencillas de estudiar. Las c\u00fabicas son mucho m\u00e1s complicadas, pero hay ejemplos que tienen infinitas soluciones racionales\u201d, se\u00f1ala Mac\u00edas. El panorama cambia cuando entran en juego las ecuaciones de g\u00e9nero mayor que 1, en las que la mayor complejidad geom\u00e9trica introduce una rigidez aritm\u00e9tica que limita dr\u00e1sticamente las soluciones.<\/p>\n<p>El panorama cambia cuando entran en juego las ecuaciones de g\u00e9nero mayor que 1, en las que la mayor complejidad geom\u00e9trica introduce una rigidez aritm\u00e9tica que limita dr\u00e1sticamente las soluciones<\/p>\n<p>En 1922, el brit\u00e1nico Louis Mordell conjetur\u00f3 que las ecuaciones diof\u00e1nticas de g\u00e9nero mayor que 1 tienen un n\u00famero finito de soluciones racionales. Sesenta a\u00f1os despu\u00e9s, Faltings demostr\u00f3 que su intuici\u00f3n era correcta. \u201cEste resultado ha tenido consecuencias muy importantes para el estudio de ecuaciones diof\u00e1nticas, incluidas las ecuaciones de Fermat\u201d, afirma Mac\u00edas. Andrew Wiles logr\u00f3 posteriormente resolver el \u00daltimo teorema de Fermat en un marco ya transformado por el trabajo de Faltings, quien tambi\u00e9n form\u00f3 parte del equipo que verific\u00f3 la demostraci\u00f3n del matem\u00e1tico brit\u00e1nico.<\/p>\n<p><a><\/a><\/p>\n<h2>Generalizaci\u00f3n amplia de la conjetura de Mordell<\/h2>\n<p>La prueba de Faltings sorprendi\u00f3 por su enfoque inesperado y, a\u00f1os m\u00e1s tarde, el matem\u00e1tico Paul Vojta obtuvo otra demostraci\u00f3n siguiendo m\u00e9todos m\u00e1s tradicionales. En 1991, Faltings adapt\u00f3 ese enfoque para establecer una generalizaci\u00f3n amplia de la conjetura de Mordell, conocida como conjetura de Mordell\u2013Lang. \u201cA lo largo de su carrera, Faltings ha demostrado conjeturas muy importantes sobre variedades algebraicas que han sido de gran impacto en el campo\u201d, resume Mac\u00edas.<\/p>\n<p>A lo largo de su carrera, Faltings ha demostrado conjeturas muy importantes sobre variedades algebraicas que han sido de gran impacto en el campo<\/p>\n<p>Nacido en 1954 en Gelsenkirchen (Alemania), Faltings creci\u00f3 en un entorno acad\u00e9mico y se interes\u00f3 inicialmente por la f\u00edsica, aunque finalmente eligi\u00f3 las matem\u00e1ticas por su aspiraci\u00f3n a la verdad absoluta. Tras doctorarse en la Universidad de M\u00fcnster bajo la direcci\u00f3n de Hans Joachim Nastold, desarroll\u00f3 su carrera en instituciones como\u00a0Harvard y Princeton. En 1994 regres\u00f3 a Alemania como miembro cient\u00edfico del Instituto Max Planck de Matem\u00e1ticas en Bonn, donde un a\u00f1o despu\u00e9s asumi\u00f3 la direcci\u00f3n, cargo que desempe\u00f1\u00f3 hasta 2023, cuando pas\u00f3 a ser director em\u00e9rito.<\/p>\n<p>A lo largo de su trayectoria ha recibido numerosas distinciones internacionales, entre ellas la Medalla Fields, el Premio Gottfried Wilhelm Leibniz, la Medalla Georg Cantor y el Shaw Prize en Ciencias Matem\u00e1ticas.<\/p>","protected":false},"excerpt":{"rendered":"<p>El matem\u00e1tico alem\u00e1n Gerd Faltings ha sido distinguido con el Premio Abel, el galard\u00f3n m\u00e1s prestigioso que se concede a una trayectoria en matem\u00e1ticas. El jurado ha destacado sus contribuciones a la\u00a0geometr\u00eda aritm\u00e9tica, un campo situado en la intersecci\u00f3n entre la teor\u00eda de n\u00fameros y la geometr\u00eda. Director em\u00e9rito del Instituto Max Planck de Matem\u00e1ticas, [&hellip;]<\/p>\n","protected":false},"author":5,"featured_media":0,"comment_status":"","ping_status":"","sticky":false,"template":"","format":"standard","meta":{"site-sidebar-layout":"default","site-content-layout":"","ast-site-content-layout":"default","site-content-style":"default","site-sidebar-style":"default","ast-global-header-display":"","ast-banner-title-visibility":"","ast-main-header-display":"","ast-hfb-above-header-display":"","ast-hfb-below-header-display":"","ast-hfb-mobile-header-display":"","site-post-title":"","ast-breadcrumbs-content":"","ast-featured-img":"","footer-sml-layout":"","ast-disable-related-posts":"","theme-transparent-header-meta":"","adv-header-id-meta":"","stick-header-meta":"","header-above-stick-meta":"","header-main-stick-meta":"","header-below-stick-meta":"","astra-migrate-meta-layouts":"default","ast-page-background-enabled":"default","ast-page-background-meta":{"desktop":{"background-color":"var(--ast-global-color-4)","background-image":"","background-repeat":"repeat","background-position":"center center","background-size":"auto","background-attachment":"scroll","background-type":"","background-media":"","overlay-type":"","overlay-color":"","overlay-opacity":"","overlay-gradient":""},"tablet":{"background-color":"","background-image":"","background-repeat":"repeat","background-position":"center center","background-size":"auto","background-attachment":"scroll","background-type":"","background-media":"","overlay-type":"","overlay-color":"","overlay-opacity":"","overlay-gradient":""},"mobile":{"background-color":"","background-image":"","background-repeat":"repeat","background-position":"center center","background-size":"auto","background-attachment":"scroll","background-type":"","background-media":"","overlay-type":"","overlay-color":"","overlay-opacity":"","overlay-gradient":""}},"ast-content-background-meta":{"desktop":{"background-color":"var(--ast-global-color-5)","background-image":"","background-repeat":"repeat","background-position":"center center","background-size":"auto","background-attachment":"scroll","background-type":"","background-media":"","overlay-type":"","overlay-color":"","overlay-opacity":"","overlay-gradient":""},"tablet":{"background-color":"var(--ast-global-color-5)","background-image":"","background-repeat":"repeat","background-position":"center center","background-size":"auto","background-attachment":"scroll","background-type":"","background-media":"","overlay-type":"","overlay-color":"","overlay-opacity":"","overlay-gradient":""},"mobile":{"background-color":"var(--ast-global-color-5)","background-image":"","background-repeat":"repeat","background-position":"center center","background-size":"auto","background-attachment":"scroll","background-type":"","background-media":"","overlay-type":"","overlay-color":"","overlay-opacity":"","overlay-gradient":""}},"footnotes":""},"categories":[5],"tags":[],"class_list":["post-200955","post","type-post","status-publish","format-standard","hentry","category-noticias"],"yoast_head":"<!-- This site is optimized with the Yoast SEO Premium plugin v20.9 (Yoast SEO v27.4) - https:\/\/yoast.com\/product\/yoast-seo-premium-wordpress\/ -->\n<title>Gerd Faltings, Premio Abel por sus contribuciones decisivas a la geometr\u00eda aritm\u00e9tica - bip4ex<\/title>\n<meta name=\"robots\" content=\"index, follow, max-snippet:-1, max-image-preview:large, max-video-preview:-1\" \/>\n<link rel=\"canonical\" href=\"https:\/\/helloproject.es\/vigilancia\/gerd-faltings-premio-abel-por-sus-contribuciones-decisivas-a-la-geometria-aritmetica\/\" \/>\n<meta property=\"og:locale\" content=\"es_ES\" \/>\n<meta property=\"og:type\" content=\"article\" \/>\n<meta property=\"og:title\" content=\"Gerd Faltings, Premio Abel por sus contribuciones decisivas a la geometr\u00eda aritm\u00e9tica\" \/>\n<meta property=\"og:description\" content=\"El matem\u00e1tico alem\u00e1n Gerd Faltings ha sido distinguido con el Premio Abel, el galard\u00f3n m\u00e1s prestigioso que se concede a una trayectoria en matem\u00e1ticas. El jurado ha destacado sus contribuciones a la\u00a0geometr\u00eda aritm\u00e9tica, un campo situado en la intersecci\u00f3n entre la teor\u00eda de n\u00fameros y la geometr\u00eda. Director em\u00e9rito del Instituto Max Planck de Matem\u00e1ticas, [&hellip;]\" \/>\n<meta property=\"og:url\" content=\"https:\/\/helloproject.es\/vigilancia\/gerd-faltings-premio-abel-por-sus-contribuciones-decisivas-a-la-geometria-aritmetica\/\" \/>\n<meta property=\"og:site_name\" content=\"bip4ex\" \/>\n<meta property=\"article:published_time\" content=\"2026-03-19T11:28:16+00:00\" \/>\n<meta name=\"author\" content=\"Luis Miguel Mej\u00edas Ramos\" \/>\n<meta name=\"twitter:card\" content=\"summary_large_image\" \/>\n<meta name=\"twitter:label1\" content=\"Escrito por\" \/>\n\t<meta name=\"twitter:data1\" content=\"Luis Miguel Mej\u00edas Ramos\" \/>\n\t<meta name=\"twitter:label2\" content=\"Tiempo de lectura\" \/>\n\t<meta name=\"twitter:data2\" content=\"4 minutos\" \/>\n<script type=\"application\/ld+json\" class=\"yoast-schema-graph\">{\"@context\":\"https:\\\/\\\/schema.org\",\"@graph\":[{\"@type\":\"Article\",\"@id\":\"https:\\\/\\\/helloproject.es\\\/vigilancia\\\/gerd-faltings-premio-abel-por-sus-contribuciones-decisivas-a-la-geometria-aritmetica\\\/#article\",\"isPartOf\":{\"@id\":\"https:\\\/\\\/helloproject.es\\\/vigilancia\\\/gerd-faltings-premio-abel-por-sus-contribuciones-decisivas-a-la-geometria-aritmetica\\\/\"},\"author\":{\"name\":\"Luis Miguel Mej\u00edas Ramos\",\"@id\":\"https:\\\/\\\/helloproject.es\\\/vigilancia\\\/#\\\/schema\\\/person\\\/3767b0619d59a11570372c821f8619ca\"},\"headline\":\"Gerd Faltings, Premio Abel por sus contribuciones decisivas a la geometr\u00eda aritm\u00e9tica\",\"datePublished\":\"2026-03-19T11:28:16+00:00\",\"mainEntityOfPage\":{\"@id\":\"https:\\\/\\\/helloproject.es\\\/vigilancia\\\/gerd-faltings-premio-abel-por-sus-contribuciones-decisivas-a-la-geometria-aritmetica\\\/\"},\"wordCount\":812,\"publisher\":{\"@id\":\"https:\\\/\\\/helloproject.es\\\/vigilancia\\\/#organization\"},\"articleSection\":[\"Noticias\"],\"inLanguage\":\"es\"},{\"@type\":\"WebPage\",\"@id\":\"https:\\\/\\\/helloproject.es\\\/vigilancia\\\/gerd-faltings-premio-abel-por-sus-contribuciones-decisivas-a-la-geometria-aritmetica\\\/\",\"url\":\"https:\\\/\\\/helloproject.es\\\/vigilancia\\\/gerd-faltings-premio-abel-por-sus-contribuciones-decisivas-a-la-geometria-aritmetica\\\/\",\"name\":\"Gerd Faltings, Premio Abel por sus contribuciones decisivas a la geometr\u00eda aritm\u00e9tica - bip4ex\",\"isPartOf\":{\"@id\":\"https:\\\/\\\/helloproject.es\\\/vigilancia\\\/#website\"},\"datePublished\":\"2026-03-19T11:28:16+00:00\",\"breadcrumb\":{\"@id\":\"https:\\\/\\\/helloproject.es\\\/vigilancia\\\/gerd-faltings-premio-abel-por-sus-contribuciones-decisivas-a-la-geometria-aritmetica\\\/#breadcrumb\"},\"inLanguage\":\"es\",\"potentialAction\":[{\"@type\":\"ReadAction\",\"target\":[\"https:\\\/\\\/helloproject.es\\\/vigilancia\\\/gerd-faltings-premio-abel-por-sus-contribuciones-decisivas-a-la-geometria-aritmetica\\\/\"]}]},{\"@type\":\"BreadcrumbList\",\"@id\":\"https:\\\/\\\/helloproject.es\\\/vigilancia\\\/gerd-faltings-premio-abel-por-sus-contribuciones-decisivas-a-la-geometria-aritmetica\\\/#breadcrumb\",\"itemListElement\":[{\"@type\":\"ListItem\",\"position\":1,\"name\":\"Home\",\"item\":\"https:\\\/\\\/helloproject.es\\\/vigilancia\\\/\"},{\"@type\":\"ListItem\",\"position\":2,\"name\":\"Gerd Faltings, Premio Abel por sus contribuciones decisivas a la geometr\u00eda aritm\u00e9tica\"}]},{\"@type\":\"WebSite\",\"@id\":\"https:\\\/\\\/helloproject.es\\\/vigilancia\\\/#website\",\"url\":\"https:\\\/\\\/helloproject.es\\\/vigilancia\\\/\",\"name\":\"bip4ex\",\"description\":\"Vigilancia Tecnol\u00f3gica\",\"publisher\":{\"@id\":\"https:\\\/\\\/helloproject.es\\\/vigilancia\\\/#organization\"},\"potentialAction\":[{\"@type\":\"SearchAction\",\"target\":{\"@type\":\"EntryPoint\",\"urlTemplate\":\"https:\\\/\\\/helloproject.es\\\/vigilancia\\\/?s={search_term_string}\"},\"query-input\":{\"@type\":\"PropertyValueSpecification\",\"valueRequired\":true,\"valueName\":\"search_term_string\"}}],\"inLanguage\":\"es\"},{\"@type\":\"Organization\",\"@id\":\"https:\\\/\\\/helloproject.es\\\/vigilancia\\\/#organization\",\"name\":\"Helloproject.es\",\"url\":\"https:\\\/\\\/helloproject.es\\\/vigilancia\\\/\",\"logo\":{\"@type\":\"ImageObject\",\"inLanguage\":\"es\",\"@id\":\"https:\\\/\\\/helloproject.es\\\/vigilancia\\\/#\\\/schema\\\/logo\\\/image\\\/\",\"url\":\"https:\\\/\\\/helloproject.es\\\/vigilancia\\\/wp-content\\\/uploads\\\/2023\\\/07\\\/bip4ex.png\",\"contentUrl\":\"https:\\\/\\\/helloproject.es\\\/vigilancia\\\/wp-content\\\/uploads\\\/2023\\\/07\\\/bip4ex.png\",\"width\":322,\"height\":365,\"caption\":\"Helloproject.es\"},\"image\":{\"@id\":\"https:\\\/\\\/helloproject.es\\\/vigilancia\\\/#\\\/schema\\\/logo\\\/image\\\/\"}},{\"@type\":\"Person\",\"@id\":\"https:\\\/\\\/helloproject.es\\\/vigilancia\\\/#\\\/schema\\\/person\\\/3767b0619d59a11570372c821f8619ca\",\"name\":\"Luis Miguel Mej\u00edas Ramos\",\"url\":\"https:\\\/\\\/helloproject.es\\\/vigilancia\\\/author\\\/luismi\\\/\"}]}<\/script>\n<!-- \/ Yoast SEO Premium plugin. -->","yoast_head_json":{"title":"Gerd Faltings, Premio Abel por sus contribuciones decisivas a la geometr\u00eda aritm\u00e9tica - bip4ex","robots":{"index":"index","follow":"follow","max-snippet":"max-snippet:-1","max-image-preview":"max-image-preview:large","max-video-preview":"max-video-preview:-1"},"canonical":"https:\/\/helloproject.es\/vigilancia\/gerd-faltings-premio-abel-por-sus-contribuciones-decisivas-a-la-geometria-aritmetica\/","og_locale":"es_ES","og_type":"article","og_title":"Gerd Faltings, Premio Abel por sus contribuciones decisivas a la geometr\u00eda aritm\u00e9tica","og_description":"El matem\u00e1tico alem\u00e1n Gerd Faltings ha sido distinguido con el Premio Abel, el galard\u00f3n m\u00e1s prestigioso que se concede a una trayectoria en matem\u00e1ticas. El jurado ha destacado sus contribuciones a la\u00a0geometr\u00eda aritm\u00e9tica, un campo situado en la intersecci\u00f3n entre la teor\u00eda de n\u00fameros y la geometr\u00eda. Director em\u00e9rito del Instituto Max Planck de Matem\u00e1ticas, [&hellip;]","og_url":"https:\/\/helloproject.es\/vigilancia\/gerd-faltings-premio-abel-por-sus-contribuciones-decisivas-a-la-geometria-aritmetica\/","og_site_name":"bip4ex","article_published_time":"2026-03-19T11:28:16+00:00","author":"Luis Miguel Mej\u00edas Ramos","twitter_card":"summary_large_image","twitter_misc":{"Escrito por":"Luis Miguel Mej\u00edas Ramos","Tiempo de lectura":"4 minutos"},"schema":{"@context":"https:\/\/schema.org","@graph":[{"@type":"Article","@id":"https:\/\/helloproject.es\/vigilancia\/gerd-faltings-premio-abel-por-sus-contribuciones-decisivas-a-la-geometria-aritmetica\/#article","isPartOf":{"@id":"https:\/\/helloproject.es\/vigilancia\/gerd-faltings-premio-abel-por-sus-contribuciones-decisivas-a-la-geometria-aritmetica\/"},"author":{"name":"Luis Miguel Mej\u00edas Ramos","@id":"https:\/\/helloproject.es\/vigilancia\/#\/schema\/person\/3767b0619d59a11570372c821f8619ca"},"headline":"Gerd Faltings, Premio Abel por sus contribuciones decisivas a la geometr\u00eda aritm\u00e9tica","datePublished":"2026-03-19T11:28:16+00:00","mainEntityOfPage":{"@id":"https:\/\/helloproject.es\/vigilancia\/gerd-faltings-premio-abel-por-sus-contribuciones-decisivas-a-la-geometria-aritmetica\/"},"wordCount":812,"publisher":{"@id":"https:\/\/helloproject.es\/vigilancia\/#organization"},"articleSection":["Noticias"],"inLanguage":"es"},{"@type":"WebPage","@id":"https:\/\/helloproject.es\/vigilancia\/gerd-faltings-premio-abel-por-sus-contribuciones-decisivas-a-la-geometria-aritmetica\/","url":"https:\/\/helloproject.es\/vigilancia\/gerd-faltings-premio-abel-por-sus-contribuciones-decisivas-a-la-geometria-aritmetica\/","name":"Gerd Faltings, Premio Abel por sus contribuciones decisivas a la geometr\u00eda aritm\u00e9tica - bip4ex","isPartOf":{"@id":"https:\/\/helloproject.es\/vigilancia\/#website"},"datePublished":"2026-03-19T11:28:16+00:00","breadcrumb":{"@id":"https:\/\/helloproject.es\/vigilancia\/gerd-faltings-premio-abel-por-sus-contribuciones-decisivas-a-la-geometria-aritmetica\/#breadcrumb"},"inLanguage":"es","potentialAction":[{"@type":"ReadAction","target":["https:\/\/helloproject.es\/vigilancia\/gerd-faltings-premio-abel-por-sus-contribuciones-decisivas-a-la-geometria-aritmetica\/"]}]},{"@type":"BreadcrumbList","@id":"https:\/\/helloproject.es\/vigilancia\/gerd-faltings-premio-abel-por-sus-contribuciones-decisivas-a-la-geometria-aritmetica\/#breadcrumb","itemListElement":[{"@type":"ListItem","position":1,"name":"Home","item":"https:\/\/helloproject.es\/vigilancia\/"},{"@type":"ListItem","position":2,"name":"Gerd Faltings, Premio Abel por sus contribuciones decisivas a la geometr\u00eda aritm\u00e9tica"}]},{"@type":"WebSite","@id":"https:\/\/helloproject.es\/vigilancia\/#website","url":"https:\/\/helloproject.es\/vigilancia\/","name":"bip4ex","description":"Vigilancia Tecnol\u00f3gica","publisher":{"@id":"https:\/\/helloproject.es\/vigilancia\/#organization"},"potentialAction":[{"@type":"SearchAction","target":{"@type":"EntryPoint","urlTemplate":"https:\/\/helloproject.es\/vigilancia\/?s={search_term_string}"},"query-input":{"@type":"PropertyValueSpecification","valueRequired":true,"valueName":"search_term_string"}}],"inLanguage":"es"},{"@type":"Organization","@id":"https:\/\/helloproject.es\/vigilancia\/#organization","name":"Helloproject.es","url":"https:\/\/helloproject.es\/vigilancia\/","logo":{"@type":"ImageObject","inLanguage":"es","@id":"https:\/\/helloproject.es\/vigilancia\/#\/schema\/logo\/image\/","url":"https:\/\/helloproject.es\/vigilancia\/wp-content\/uploads\/2023\/07\/bip4ex.png","contentUrl":"https:\/\/helloproject.es\/vigilancia\/wp-content\/uploads\/2023\/07\/bip4ex.png","width":322,"height":365,"caption":"Helloproject.es"},"image":{"@id":"https:\/\/helloproject.es\/vigilancia\/#\/schema\/logo\/image\/"}},{"@type":"Person","@id":"https:\/\/helloproject.es\/vigilancia\/#\/schema\/person\/3767b0619d59a11570372c821f8619ca","name":"Luis Miguel Mej\u00edas Ramos","url":"https:\/\/helloproject.es\/vigilancia\/author\/luismi\/"}]}},"_links":{"self":[{"href":"https:\/\/helloproject.es\/vigilancia\/wp-json\/wp\/v2\/posts\/200955","targetHints":{"allow":["GET"]}}],"collection":[{"href":"https:\/\/helloproject.es\/vigilancia\/wp-json\/wp\/v2\/posts"}],"about":[{"href":"https:\/\/helloproject.es\/vigilancia\/wp-json\/wp\/v2\/types\/post"}],"author":[{"embeddable":true,"href":"https:\/\/helloproject.es\/vigilancia\/wp-json\/wp\/v2\/users\/5"}],"replies":[{"embeddable":true,"href":"https:\/\/helloproject.es\/vigilancia\/wp-json\/wp\/v2\/comments?post=200955"}],"version-history":[{"count":0,"href":"https:\/\/helloproject.es\/vigilancia\/wp-json\/wp\/v2\/posts\/200955\/revisions"}],"wp:attachment":[{"href":"https:\/\/helloproject.es\/vigilancia\/wp-json\/wp\/v2\/media?parent=200955"}],"wp:term":[{"taxonomy":"category","embeddable":true,"href":"https:\/\/helloproject.es\/vigilancia\/wp-json\/wp\/v2\/categories?post=200955"},{"taxonomy":"post_tag","embeddable":true,"href":"https:\/\/helloproject.es\/vigilancia\/wp-json\/wp\/v2\/tags?post=200955"}],"curies":[{"name":"wp","href":"https:\/\/api.w.org\/{rel}","templated":true}]}}