{"id":200957,"date":"2026-03-19T12:28:19","date_gmt":"2026-03-19T11:28:19","guid":{"rendered":"https:\/\/helloproject.es\/vigilancia\/las-zonas-europeas-mas-pobres-tienen-mayor-tasa-de-mortalidad-por-contaminacion-atmosferica\/"},"modified":"2026-03-19T12:28:19","modified_gmt":"2026-03-19T11:28:19","slug":"las-zonas-europeas-mas-pobres-tienen-mayor-tasa-de-mortalidad-por-contaminacion-atmosferica","status":"publish","type":"post","link":"https:\/\/helloproject.es\/vigilancia\/las-zonas-europeas-mas-pobres-tienen-mayor-tasa-de-mortalidad-por-contaminacion-atmosferica\/","title":{"rendered":"Las zonas europeas m\u00e1s pobres tienen mayor tasa de mortalidad por contaminaci\u00f3n atmosf\u00e9rica"},"content":{"rendered":"<p>Los factores socioecon\u00f3micos son ampliamente reconocidos como posibles modificadores de la relaci\u00f3n entre la contaminaci\u00f3n del aire y la mortalidad, pero la evidencia disponible sigue siendo limitada.<\/p>\n<p>En este contexto, un nuevo estudio dirigido por el Instituto de Salud Global de Barcelona (ISGlobal), centro impulsado por la Fundaci\u00f3n \u201cla Caixa\u201d, en colaboraci\u00f3n con el Barcelona Supercomputing Center\u2013Centro Nacional de Supercomputaci\u00f3n (BSC-CNS), analiz\u00f3 c\u00f3mo las condiciones socioecon\u00f3micas y la transici\u00f3n hacia la energ\u00eda renovable en Europa influyen en la vulnerabilidad frente a la contaminaci\u00f3n del aire.<\/p>\n<p>Los resultados, <a href=\"https:\/\/www.nature.com\/articles\/s41591-026-04293-x\" target=\"_blank\">publicados en Nature Medicine<\/a>, muestran que las regiones con mayores niveles de pobreza y menor adopci\u00f3n de energ\u00edas renovables son las que presentan el mayor riesgo de mortalidad asociado a la contaminaci\u00f3n del aire.<\/p>\n<p>El estudio analiz\u00f3 una base de datos de mortalidad diaria con 88,8 millones de muertes entre 2003 y 2019<\/p>\n<p>El estudio analiz\u00f3 una base de datos de mortalidad diaria del proyecto <a href=\"https:\/\/www.early-adapt.eu\/\" target=\"_blank\">EARLY-ADAPT<\/a> con 88,8 millones de muertes entre 2003 y 2019 en 653 regiones contiguas de 31 pa\u00edses europeos, incluyendo una poblaci\u00f3n total de 521 millones de personas.<\/p>\n<p>Los niveles diarios de contaminantes atmosf\u00e9ricos \u2014material particulado fino (PM2.5), part\u00edculas gruesas (PM10), di\u00f3xido de nitr\u00f3geno (NO2) y el m\u00e1ximo diario de ozono en 8 horas (O3)\u2014 fueron estimados usando avanzados modelos de aprendizaje autom\u00e1tico.<\/p>\n<p>Los investigadores tambi\u00e9n incorporaron indicadores socioecon\u00f3micos regionales y datos sobre el consumo de energ\u00eda renovable, obtenidos de la base de datos de estad\u00edsticas regionales de Eurostat. Los modelos epidemiol\u00f3gicos incluyeron estas variables socioecon\u00f3micas y de energ\u00eda renovable para describir c\u00f3mo los riesgos de mortalidad por contaminaci\u00f3n del aire var\u00edan entre poblaciones y c\u00f3mo han evolucionado durante el presente siglo.<\/p>\n<p>                        <a href=\"https:\/\/www.agenciasinc.es\/Noticias\/La-contaminacion-atmosferica-podria-aumentar-el-riesgo-de-padecer-ELA\"><br \/>\n                            <img decoding=\"async\" src=\"https:\/\/cdn.agenciasinc.es\/var\/ezwebin_site\/storage\/images\/noticias\/la-contaminacion-atmosferica-podria-aumentar-el-riesgo-de-padecer-ela\/12369895-1-esl-MX\/La-contaminacion-atmosferica-podria-aumentar-el-riesgo-de-padecer-ELA.jpg\" alt=\"La contaminaci\u00f3n atmosf\u00e9rica podr\u00eda aumentar el riesgo de padecer ELA\" title=\"La contaminaci\u00f3n atmosf\u00e9rica podr\u00eda aumentar el riesgo de padecer ELA\" class=\"small_fotoderecha_img\" loading=\"lazy\" \/><br \/>\n                        <\/a><\/p>\n<p>                    <a href=\"https:\/\/www.agenciasinc.es\/Noticias\/La-contaminacion-atmosferica-podria-aumentar-el-riesgo-de-padecer-ELA\" class=\"small_fotoderecha_titulo\"><\/a><\/p>\n<h3 class=\"small_fotoderecha_titulo\">La contaminaci\u00f3n atmosf\u00e9rica podr\u00eda aumentar el riesgo de padecer ELA<\/h3>\n<p>                    <\/p>\n<p>                                EFE<\/p>\n<p><a><\/a><\/p>\n<h2>Desigualdad en la vulnerabilidad<\/h2>\n<p>Los riesgos para la salud de la contaminaci\u00f3n del aire no est\u00e1n determinados \u00fanicamente por los niveles de contaminaci\u00f3n. Tambi\u00e9n dependen de la vulnerabilidad de la poblaci\u00f3n. Incluso cuando las regiones presentan niveles similares de contaminaci\u00f3n, las consecuencias sanitarias pueden variar significativamente debido a condiciones socioecon\u00f3micas y demogr\u00e1ficas.<\/p>\n<p>El estudio mostr\u00f3 que las regiones con mayor producto interior bruto (PIB) per c\u00e1pita, menores tasas de pobreza y mayor esperanza de vida, principalmente en el norte y oeste de Europa, presentaban un menor riesgo de mortalidad asociado a la contaminaci\u00f3n del aire. En contraste, las \u00e1reas m\u00e1s desfavorecidas, situadas en el sur y este de Europa, registraron riesgos significativamente mayores, incluso duplicando los de las regiones con mejores condiciones socioecon\u00f3micas.<\/p>\n<p><img decoding=\"async\" src=\"https:\/\/www.agenciasinc.es\/bundles\/app\/images\/quotebefore.png\" \/><\/p>\n<p>No se trata solo de que las regiones m\u00e1s pobres est\u00e9n m\u00e1s contaminadas. Las regiones m\u00e1s ricas suelen contar con sistemas de salud mejor equipados y programas de salud p\u00fablica m\u00e1s completos<\/p>\n<p>Zhaoyue Chen, ISGlobal<br \/>\n<img decoding=\"async\" src=\"https:\/\/www.agenciasinc.es\/bundles\/app\/images\/quoteafter.png\" \/><\/p>\n<p>Estas desigualdades tambi\u00e9n han evolucionado de manera distinta a lo largo del presente siglo. Las regiones m\u00e1s ricas experimentaron una disminuci\u00f3n significativa de los riesgos asociados a PM2.5, PM10 y NO2 entre 2003 y 2019. En cambio, las regiones con menores ingresos o esperanza de vida observaron solo peque\u00f1as mejoras \u2014o en algunos casos incluso aumentos\u2014 en los riesgos de mortalidad asociados a estos contaminantes durante el per\u00edodo estudiado.<\/p>\n<p>Seg\u00fan el equipo investigador, varios mecanismos podr\u00edan explicar estos patrones. \u201cNo se trata solo de que las regiones m\u00e1s pobres est\u00e9n m\u00e1s contaminadas. Las regiones m\u00e1s ricas suelen contar con sistemas de salud mejor equipados, programas de salud p\u00fablica m\u00e1s completos y mayor conciencia social sobre los efectos de la contaminaci\u00f3n del aire, as\u00ed como una mayor capacidad para implementar pol\u00edticas ambientales\u201d, se\u00f1ala Zhaoyue Chen, investigador de ISGlobal y primer autor del estudio. \u201cCuantificar los riesgos de mortalidad atribuibles a la contaminaci\u00f3n del aire en cada regi\u00f3n y per\u00edodo puede ayudar a identificar con mayor precisi\u00f3n a las poblaciones m\u00e1s vulnerables\u201d, a\u00f1ade.<\/p>\n<p>                        <a href=\"https:\/\/www.agenciasinc.es\/Entrevistas\/Los-contaminantes-viajan-cientos-de-kilometros-y-cambian-los-bosques\"><br \/>\n                            <img decoding=\"async\" src=\"https:\/\/cdn.agenciasinc.es\/var\/ezwebin_site\/storage\/images\/entrevistas\/los-contaminantes-viajan-cientos-de-kilometros-y-cambian-los-bosques\/12354184-2-esl-MX\/Los-contaminantes-viajan-cientos-de-kilometros-y-cambian-los-bosques.jpg\" alt=\" \u201cLos contaminantes viajan cientos de kil\u00f3metros y cambian los bosques\u201d\" title=\" \u201cLos contaminantes viajan cientos de kil\u00f3metros y cambian los bosques\u201d\" class=\"small_fotoderecha_img\" loading=\"lazy\" \/><br \/>\n                        <\/a><\/p>\n<p>                    <a href=\"https:\/\/www.agenciasinc.es\/Entrevistas\/Los-contaminantes-viajan-cientos-de-kilometros-y-cambian-los-bosques\" class=\"small_fotoderecha_titulo\"><\/a><\/p>\n<h3 class=\"small_fotoderecha_titulo\"> \u201cLos contaminantes viajan cientos de kil\u00f3metros y cambian los bosques\u201d<\/h3>\n<p>                    <\/p>\n<p>                                                                                                                                                <a href=\"https:\/\/www.agenciasinc.es\/Autor\/Maria-G.-Dionis\"><br \/>\n                                        Mar\u00eda G. Dionis<br \/>\n                                        <\/a>                                                                                                <\/p>\n<p><a><\/a><\/p>\n<h2>El efecto de adoptar la energ\u00eda renovable<\/h2>\n<p>El estudio tambi\u00e9n analiz\u00f3 c\u00f3mo la transici\u00f3n hacia la energ\u00eda renovable afecta la mortalidad relacionada con la contaminaci\u00f3n del aire a trav\u00e9s de dos v\u00edas complementarias: reduciendo los niveles de contaminaci\u00f3n y disminuyendo la vulnerabilidad de la poblaci\u00f3n frente a los riesgos para la salud relacionados con la contaminaci\u00f3n del aire.<\/p>\n<p>Los pa\u00edses del norte muestran generalmente un crecimiento alto y r\u00e1pido en la adopci\u00f3n de energ\u00eda limpia, mientras que varios\u00a0pa\u00edses del sur y este\u00a0siguen mostrando una dependencia relativamente alta de los combustibles f\u00f3siles<\/p>\n<p>Los an\u00e1lisis muestran que el aumento del uso de la energ\u00eda renovable durante el presente siglo est\u00e1 asociado con una reducci\u00f3n de la contaminaci\u00f3n del aire del 15 % para PM2.5, del 54 % para PM10 y del 20 % para NO2. Esto representa una disminuci\u00f3n de la mortalidad por contaminaci\u00f3n del aire del 12 % para PM2.5, del 52 % para PM10 y del 20 % para NO2.<\/p>\n<p>Adem\u00e1s, las regiones con una adopci\u00f3n mayor y m\u00e1s r\u00e1pida de energ\u00edas renovables experimentaron una disminuci\u00f3n de la vulnerabilidad de la poblaci\u00f3n a los impactos sanitarios de la contaminaci\u00f3n del aire. La adopci\u00f3n de energ\u00eda renovable es un componente clave de los marcos de pol\u00edticas ambientales y clim\u00e1ticas sostenibles y suele ir acompa\u00f1ada de mejoras sociales e infraestructurales \u2014como un transporte p\u00fablico m\u00e1s sostenible, ciudades m\u00e1s verdes, un dise\u00f1o urbano m\u00e1s peatonal, tecnolog\u00edas m\u00e1s limpias y regulaciones ambientales m\u00e1s estrictas\u2014 que pueden reducir la susceptibilidad de las comunidades a la contaminaci\u00f3n del aire.<\/p>\n<p>Sin embargo, el progreso ha sido desigual en todo el continente. Los pa\u00edses del norte muestran generalmente un crecimiento alto y r\u00e1pido en la adopci\u00f3n de energ\u00eda limpia, mientras que varios pa\u00edses del sur y este, como Malta, Chipre, Italia y Polonia, siguen mostrando una dependencia relativamente alta de los combustibles f\u00f3siles.<\/p>\n<p>\u201cLos pa\u00edses del oeste de Europa generalmente han tendido a invertir m\u00e1s recursos en energ\u00eda renovable, infraestructura verde y controles de emisiones m\u00e1s estrictos. Los pa\u00edses del este de Europa, en cambio, a menudo han dependido m\u00e1s de financiaci\u00f3n externa y permanecen en una etapa inicial de integraci\u00f3n de energ\u00eda renovable y medidas de control de la contaminaci\u00f3n\u201d, afirma Joan Ballester Claramunt, investigador principal del proyecto EARLY-ADAPT y autor s\u00e9nior del estudio.<\/p>\n<p><a><\/a><\/p>\n<h2>Equidad para las pol\u00edticas ambientales<\/h2>\n<p>Los resultados del estudio destacan la necesidad de integrar la equidad en salud en las pol\u00edticas ambientales, priorizando la reducci\u00f3n de la contaminaci\u00f3n en las \u00e1reas m\u00e1s afectadas y fortaleciendo la infraestructura de salud p\u00fablica.<\/p>\n<p>\u201cEs urgente ampliar la monitorizaci\u00f3n ambiental y sanitaria para identificar disparidades, orientar estrategias equitativas y garantizar que los recursos lleguen a quienes m\u00e1s los necesitan\u201d, enfatiza Carlos P\u00e9rez Garc\u00eda-Pando, profesor ICREA y AXA en el Departamento de Ciencias de la Tierra del BSC y coautor del estudio.<\/p>\n<p><img decoding=\"async\" src=\"https:\/\/www.agenciasinc.es\/bundles\/app\/images\/quotebefore.png\" \/><\/p>\n<p>Es urgente ampliar la monitorizaci\u00f3n ambiental y sanitaria para identificar disparidades, orientar estrategias equitativas y garantizar que los recursos lleguen a quienes m\u00e1s los necesitan<\/p>\n<p>Carlos P\u00e9rez Garc\u00eda-Pando, ICREA<br \/>\n<img decoding=\"async\" src=\"https:\/\/www.agenciasinc.es\/bundles\/app\/images\/quoteafter.png\" \/><\/p>\n<p>Seg\u00fan el equipo investigador, aunque el an\u00e1lisis se centr\u00f3 en Europa, las implicaciones son globales, ya que en muchos pa\u00edses de ingresos bajos y medios, el r\u00e1pido crecimiento urbano y la expansi\u00f3n industrial avanzan m\u00e1s r\u00e1pido que las inversiones en energ\u00eda limpia y la protecci\u00f3n ambiental, lo que podr\u00eda aumentar a\u00fan m\u00e1s la vulnerabilidad de la poblaci\u00f3n a los efectos de la contaminaci\u00f3n.<\/p>\n<p>Las estimaciones de contaminaci\u00f3n del aire y los modelos epidemiol\u00f3gicos del estudio se utilizaron en <a href=\"https:\/\/forecaster.health\/\" target=\"_blank\">Forecaster.Health<\/a>, un sistema de alerta temprana basado en impactos que emite alertas sobre riesgos de mortalidad por temperatura y contaminaci\u00f3n del aire para grupos de poblaci\u00f3n vulnerables.<\/p>\n<p>Referencia:<\/p>\n<p>Chen, ZY., Achebak, H., Huang, W., Paniello-Castillo, B., Petetin, H., M\u00e9ndez Turrubiates, RF., P\u00e9rez Garc\u00eda-Pando, C., Ballester, J. Socioeconomic and energy transition disparities in acute air pollution\u2013related mortality across Europe.\u00a0<a href=\"https:\/\/www.nature.com\/articles\/s41591-026-04293-x\" target=\"_blank\">Nature Medicine<\/a>, 2026.<\/p>","protected":false},"excerpt":{"rendered":"<p>Los factores socioecon\u00f3micos son ampliamente reconocidos como posibles modificadores de la relaci\u00f3n entre la contaminaci\u00f3n del aire y la mortalidad, pero la evidencia disponible sigue siendo limitada. En este contexto, un nuevo estudio dirigido por el Instituto de Salud Global de Barcelona (ISGlobal), centro impulsado por la Fundaci\u00f3n \u201cla Caixa\u201d, en colaboraci\u00f3n con el Barcelona [&hellip;]<\/p>\n","protected":false},"author":5,"featured_media":0,"comment_status":"","ping_status":"","sticky":false,"template":"","format":"standard","meta":{"site-sidebar-layout":"default","site-content-layout":"","ast-site-content-layout":"default","site-content-style":"default","site-sidebar-style":"default","ast-global-header-display":"","ast-banner-title-visibility":"","ast-main-header-display":"","ast-hfb-above-header-display":"","ast-hfb-below-header-display":"","ast-hfb-mobile-header-display":"","site-post-title":"","ast-breadcrumbs-content":"","ast-featured-img":"","footer-sml-layout":"","ast-disable-related-posts":"","theme-transparent-header-meta":"","adv-header-id-meta":"","stick-header-meta":"","header-above-stick-meta":"","header-main-stick-meta":"","header-below-stick-meta":"","astra-migrate-meta-layouts":"default","ast-page-background-enabled":"default","ast-page-background-meta":{"desktop":{"background-color":"var(--ast-global-color-4)","background-image":"","background-repeat":"repeat","background-position":"center center","background-size":"auto","background-attachment":"scroll","background-type":"","background-media":"","overlay-type":"","overlay-color":"","overlay-opacity":"","overlay-gradient":""},"tablet":{"background-color":"","background-image":"","background-repeat":"repeat","background-position":"center center","background-size":"auto","background-attachment":"scroll","background-type":"","background-media":"","overlay-type":"","overlay-color":"","overlay-opacity":"","overlay-gradient":""},"mobile":{"background-color":"","background-image":"","background-repeat":"repeat","background-position":"center center","background-size":"auto","background-attachment":"scroll","background-type":"","background-media":"","overlay-type":"","overlay-color":"","overlay-opacity":"","overlay-gradient":""}},"ast-content-background-meta":{"desktop":{"background-color":"var(--ast-global-color-5)","background-image":"","background-repeat":"repeat","background-position":"center center","background-size":"auto","background-attachment":"scroll","background-type":"","background-media":"","overlay-type":"","overlay-color":"","overlay-opacity":"","overlay-gradient":""},"tablet":{"background-color":"var(--ast-global-color-5)","background-image":"","background-repeat":"repeat","background-position":"center center","background-size":"auto","background-attachment":"scroll","background-type":"","background-media":"","overlay-type":"","overlay-color":"","overlay-opacity":"","overlay-gradient":""},"mobile":{"background-color":"var(--ast-global-color-5)","background-image":"","background-repeat":"repeat","background-position":"center center","background-size":"auto","background-attachment":"scroll","background-type":"","background-media":"","overlay-type":"","overlay-color":"","overlay-opacity":"","overlay-gradient":""}},"footnotes":""},"categories":[5],"tags":[],"class_list":["post-200957","post","type-post","status-publish","format-standard","hentry","category-noticias"],"yoast_head":"<!-- This site is optimized with the Yoast SEO Premium plugin v20.9 (Yoast SEO v27.4) - https:\/\/yoast.com\/product\/yoast-seo-premium-wordpress\/ -->\n<title>Las zonas europeas m\u00e1s pobres tienen mayor tasa de mortalidad por contaminaci\u00f3n atmosf\u00e9rica - bip4ex<\/title>\n<meta name=\"robots\" content=\"index, follow, max-snippet:-1, max-image-preview:large, max-video-preview:-1\" \/>\n<link rel=\"canonical\" href=\"https:\/\/helloproject.es\/vigilancia\/las-zonas-europeas-mas-pobres-tienen-mayor-tasa-de-mortalidad-por-contaminacion-atmosferica\/\" \/>\n<meta property=\"og:locale\" content=\"es_ES\" \/>\n<meta property=\"og:type\" content=\"article\" \/>\n<meta property=\"og:title\" content=\"Las zonas europeas m\u00e1s pobres tienen mayor tasa de mortalidad por contaminaci\u00f3n atmosf\u00e9rica\" \/>\n<meta property=\"og:description\" content=\"Los factores socioecon\u00f3micos son ampliamente reconocidos como posibles modificadores de la relaci\u00f3n entre la contaminaci\u00f3n del aire y la mortalidad, pero la evidencia disponible sigue siendo limitada. En este contexto, un nuevo estudio dirigido por el Instituto de Salud Global de Barcelona (ISGlobal), centro impulsado por la Fundaci\u00f3n \u201cla Caixa\u201d, en colaboraci\u00f3n con el Barcelona [&hellip;]\" \/>\n<meta property=\"og:url\" content=\"https:\/\/helloproject.es\/vigilancia\/las-zonas-europeas-mas-pobres-tienen-mayor-tasa-de-mortalidad-por-contaminacion-atmosferica\/\" \/>\n<meta property=\"og:site_name\" content=\"bip4ex\" \/>\n<meta property=\"article:published_time\" content=\"2026-03-19T11:28:19+00:00\" \/>\n<meta property=\"og:image\" content=\"https:\/\/cdn.agenciasinc.es\/var\/ezwebin_site\/storage\/images\/noticias\/la-contaminacion-atmosferica-podria-aumentar-el-riesgo-de-padecer-ela\/12369895-1-esl-MX\/La-contaminacion-atmosferica-podria-aumentar-el-riesgo-de-padecer-ELA.jpg\" \/>\n<meta name=\"author\" content=\"Luis Miguel Mej\u00edas Ramos\" \/>\n<meta name=\"twitter:card\" content=\"summary_large_image\" \/>\n<meta name=\"twitter:label1\" content=\"Escrito por\" \/>\n\t<meta name=\"twitter:data1\" content=\"Luis Miguel Mej\u00edas Ramos\" \/>\n\t<meta name=\"twitter:label2\" content=\"Tiempo de lectura\" \/>\n\t<meta name=\"twitter:data2\" content=\"7 minutos\" \/>\n<script type=\"application\/ld+json\" class=\"yoast-schema-graph\">{\"@context\":\"https:\\\/\\\/schema.org\",\"@graph\":[{\"@type\":\"Article\",\"@id\":\"https:\\\/\\\/helloproject.es\\\/vigilancia\\\/las-zonas-europeas-mas-pobres-tienen-mayor-tasa-de-mortalidad-por-contaminacion-atmosferica\\\/#article\",\"isPartOf\":{\"@id\":\"https:\\\/\\\/helloproject.es\\\/vigilancia\\\/las-zonas-europeas-mas-pobres-tienen-mayor-tasa-de-mortalidad-por-contaminacion-atmosferica\\\/\"},\"author\":{\"name\":\"Luis Miguel Mej\u00edas Ramos\",\"@id\":\"https:\\\/\\\/helloproject.es\\\/vigilancia\\\/#\\\/schema\\\/person\\\/3767b0619d59a11570372c821f8619ca\"},\"headline\":\"Las zonas europeas m\u00e1s pobres tienen mayor tasa de mortalidad por contaminaci\u00f3n atmosf\u00e9rica\",\"datePublished\":\"2026-03-19T11:28:19+00:00\",\"mainEntityOfPage\":{\"@id\":\"https:\\\/\\\/helloproject.es\\\/vigilancia\\\/las-zonas-europeas-mas-pobres-tienen-mayor-tasa-de-mortalidad-por-contaminacion-atmosferica\\\/\"},\"wordCount\":1429,\"publisher\":{\"@id\":\"https:\\\/\\\/helloproject.es\\\/vigilancia\\\/#organization\"},\"image\":{\"@id\":\"https:\\\/\\\/helloproject.es\\\/vigilancia\\\/las-zonas-europeas-mas-pobres-tienen-mayor-tasa-de-mortalidad-por-contaminacion-atmosferica\\\/#primaryimage\"},\"thumbnailUrl\":\"https:\\\/\\\/cdn.agenciasinc.es\\\/var\\\/ezwebin_site\\\/storage\\\/images\\\/noticias\\\/la-contaminacion-atmosferica-podria-aumentar-el-riesgo-de-padecer-ela\\\/12369895-1-esl-MX\\\/La-contaminacion-atmosferica-podria-aumentar-el-riesgo-de-padecer-ELA.jpg\",\"articleSection\":[\"Noticias\"],\"inLanguage\":\"es\"},{\"@type\":\"WebPage\",\"@id\":\"https:\\\/\\\/helloproject.es\\\/vigilancia\\\/las-zonas-europeas-mas-pobres-tienen-mayor-tasa-de-mortalidad-por-contaminacion-atmosferica\\\/\",\"url\":\"https:\\\/\\\/helloproject.es\\\/vigilancia\\\/las-zonas-europeas-mas-pobres-tienen-mayor-tasa-de-mortalidad-por-contaminacion-atmosferica\\\/\",\"name\":\"Las zonas europeas m\u00e1s pobres tienen mayor tasa de mortalidad por contaminaci\u00f3n atmosf\u00e9rica - bip4ex\",\"isPartOf\":{\"@id\":\"https:\\\/\\\/helloproject.es\\\/vigilancia\\\/#website\"},\"primaryImageOfPage\":{\"@id\":\"https:\\\/\\\/helloproject.es\\\/vigilancia\\\/las-zonas-europeas-mas-pobres-tienen-mayor-tasa-de-mortalidad-por-contaminacion-atmosferica\\\/#primaryimage\"},\"image\":{\"@id\":\"https:\\\/\\\/helloproject.es\\\/vigilancia\\\/las-zonas-europeas-mas-pobres-tienen-mayor-tasa-de-mortalidad-por-contaminacion-atmosferica\\\/#primaryimage\"},\"thumbnailUrl\":\"https:\\\/\\\/cdn.agenciasinc.es\\\/var\\\/ezwebin_site\\\/storage\\\/images\\\/noticias\\\/la-contaminacion-atmosferica-podria-aumentar-el-riesgo-de-padecer-ela\\\/12369895-1-esl-MX\\\/La-contaminacion-atmosferica-podria-aumentar-el-riesgo-de-padecer-ELA.jpg\",\"datePublished\":\"2026-03-19T11:28:19+00:00\",\"breadcrumb\":{\"@id\":\"https:\\\/\\\/helloproject.es\\\/vigilancia\\\/las-zonas-europeas-mas-pobres-tienen-mayor-tasa-de-mortalidad-por-contaminacion-atmosferica\\\/#breadcrumb\"},\"inLanguage\":\"es\",\"potentialAction\":[{\"@type\":\"ReadAction\",\"target\":[\"https:\\\/\\\/helloproject.es\\\/vigilancia\\\/las-zonas-europeas-mas-pobres-tienen-mayor-tasa-de-mortalidad-por-contaminacion-atmosferica\\\/\"]}]},{\"@type\":\"ImageObject\",\"inLanguage\":\"es\",\"@id\":\"https:\\\/\\\/helloproject.es\\\/vigilancia\\\/las-zonas-europeas-mas-pobres-tienen-mayor-tasa-de-mortalidad-por-contaminacion-atmosferica\\\/#primaryimage\",\"url\":\"https:\\\/\\\/cdn.agenciasinc.es\\\/var\\\/ezwebin_site\\\/storage\\\/images\\\/noticias\\\/la-contaminacion-atmosferica-podria-aumentar-el-riesgo-de-padecer-ela\\\/12369895-1-esl-MX\\\/La-contaminacion-atmosferica-podria-aumentar-el-riesgo-de-padecer-ELA.jpg\",\"contentUrl\":\"https:\\\/\\\/cdn.agenciasinc.es\\\/var\\\/ezwebin_site\\\/storage\\\/images\\\/noticias\\\/la-contaminacion-atmosferica-podria-aumentar-el-riesgo-de-padecer-ela\\\/12369895-1-esl-MX\\\/La-contaminacion-atmosferica-podria-aumentar-el-riesgo-de-padecer-ELA.jpg\"},{\"@type\":\"BreadcrumbList\",\"@id\":\"https:\\\/\\\/helloproject.es\\\/vigilancia\\\/las-zonas-europeas-mas-pobres-tienen-mayor-tasa-de-mortalidad-por-contaminacion-atmosferica\\\/#breadcrumb\",\"itemListElement\":[{\"@type\":\"ListItem\",\"position\":1,\"name\":\"Home\",\"item\":\"https:\\\/\\\/helloproject.es\\\/vigilancia\\\/\"},{\"@type\":\"ListItem\",\"position\":2,\"name\":\"Las zonas europeas m\u00e1s pobres tienen mayor tasa de mortalidad por contaminaci\u00f3n atmosf\u00e9rica\"}]},{\"@type\":\"WebSite\",\"@id\":\"https:\\\/\\\/helloproject.es\\\/vigilancia\\\/#website\",\"url\":\"https:\\\/\\\/helloproject.es\\\/vigilancia\\\/\",\"name\":\"bip4ex\",\"description\":\"Vigilancia Tecnol\u00f3gica\",\"publisher\":{\"@id\":\"https:\\\/\\\/helloproject.es\\\/vigilancia\\\/#organization\"},\"potentialAction\":[{\"@type\":\"SearchAction\",\"target\":{\"@type\":\"EntryPoint\",\"urlTemplate\":\"https:\\\/\\\/helloproject.es\\\/vigilancia\\\/?s={search_term_string}\"},\"query-input\":{\"@type\":\"PropertyValueSpecification\",\"valueRequired\":true,\"valueName\":\"search_term_string\"}}],\"inLanguage\":\"es\"},{\"@type\":\"Organization\",\"@id\":\"https:\\\/\\\/helloproject.es\\\/vigilancia\\\/#organization\",\"name\":\"Helloproject.es\",\"url\":\"https:\\\/\\\/helloproject.es\\\/vigilancia\\\/\",\"logo\":{\"@type\":\"ImageObject\",\"inLanguage\":\"es\",\"@id\":\"https:\\\/\\\/helloproject.es\\\/vigilancia\\\/#\\\/schema\\\/logo\\\/image\\\/\",\"url\":\"https:\\\/\\\/helloproject.es\\\/vigilancia\\\/wp-content\\\/uploads\\\/2023\\\/07\\\/bip4ex.png\",\"contentUrl\":\"https:\\\/\\\/helloproject.es\\\/vigilancia\\\/wp-content\\\/uploads\\\/2023\\\/07\\\/bip4ex.png\",\"width\":322,\"height\":365,\"caption\":\"Helloproject.es\"},\"image\":{\"@id\":\"https:\\\/\\\/helloproject.es\\\/vigilancia\\\/#\\\/schema\\\/logo\\\/image\\\/\"}},{\"@type\":\"Person\",\"@id\":\"https:\\\/\\\/helloproject.es\\\/vigilancia\\\/#\\\/schema\\\/person\\\/3767b0619d59a11570372c821f8619ca\",\"name\":\"Luis Miguel Mej\u00edas Ramos\",\"url\":\"https:\\\/\\\/helloproject.es\\\/vigilancia\\\/author\\\/luismi\\\/\"}]}<\/script>\n<!-- \/ Yoast SEO Premium plugin. -->","yoast_head_json":{"title":"Las zonas europeas m\u00e1s pobres tienen mayor tasa de mortalidad por contaminaci\u00f3n atmosf\u00e9rica - bip4ex","robots":{"index":"index","follow":"follow","max-snippet":"max-snippet:-1","max-image-preview":"max-image-preview:large","max-video-preview":"max-video-preview:-1"},"canonical":"https:\/\/helloproject.es\/vigilancia\/las-zonas-europeas-mas-pobres-tienen-mayor-tasa-de-mortalidad-por-contaminacion-atmosferica\/","og_locale":"es_ES","og_type":"article","og_title":"Las zonas europeas m\u00e1s pobres tienen mayor tasa de mortalidad por contaminaci\u00f3n atmosf\u00e9rica","og_description":"Los factores socioecon\u00f3micos son ampliamente reconocidos como posibles modificadores de la relaci\u00f3n entre la contaminaci\u00f3n del aire y la mortalidad, pero la evidencia disponible sigue siendo limitada. En este contexto, un nuevo estudio dirigido por el Instituto de Salud Global de Barcelona (ISGlobal), centro impulsado por la Fundaci\u00f3n \u201cla Caixa\u201d, en colaboraci\u00f3n con el Barcelona [&hellip;]","og_url":"https:\/\/helloproject.es\/vigilancia\/las-zonas-europeas-mas-pobres-tienen-mayor-tasa-de-mortalidad-por-contaminacion-atmosferica\/","og_site_name":"bip4ex","article_published_time":"2026-03-19T11:28:19+00:00","og_image":[{"url":"https:\/\/cdn.agenciasinc.es\/var\/ezwebin_site\/storage\/images\/noticias\/la-contaminacion-atmosferica-podria-aumentar-el-riesgo-de-padecer-ela\/12369895-1-esl-MX\/La-contaminacion-atmosferica-podria-aumentar-el-riesgo-de-padecer-ELA.jpg","type":"","width":"","height":""}],"author":"Luis Miguel Mej\u00edas Ramos","twitter_card":"summary_large_image","twitter_misc":{"Escrito por":"Luis Miguel Mej\u00edas Ramos","Tiempo de lectura":"7 minutos"},"schema":{"@context":"https:\/\/schema.org","@graph":[{"@type":"Article","@id":"https:\/\/helloproject.es\/vigilancia\/las-zonas-europeas-mas-pobres-tienen-mayor-tasa-de-mortalidad-por-contaminacion-atmosferica\/#article","isPartOf":{"@id":"https:\/\/helloproject.es\/vigilancia\/las-zonas-europeas-mas-pobres-tienen-mayor-tasa-de-mortalidad-por-contaminacion-atmosferica\/"},"author":{"name":"Luis Miguel Mej\u00edas Ramos","@id":"https:\/\/helloproject.es\/vigilancia\/#\/schema\/person\/3767b0619d59a11570372c821f8619ca"},"headline":"Las zonas europeas m\u00e1s pobres tienen mayor tasa de mortalidad por contaminaci\u00f3n atmosf\u00e9rica","datePublished":"2026-03-19T11:28:19+00:00","mainEntityOfPage":{"@id":"https:\/\/helloproject.es\/vigilancia\/las-zonas-europeas-mas-pobres-tienen-mayor-tasa-de-mortalidad-por-contaminacion-atmosferica\/"},"wordCount":1429,"publisher":{"@id":"https:\/\/helloproject.es\/vigilancia\/#organization"},"image":{"@id":"https:\/\/helloproject.es\/vigilancia\/las-zonas-europeas-mas-pobres-tienen-mayor-tasa-de-mortalidad-por-contaminacion-atmosferica\/#primaryimage"},"thumbnailUrl":"https:\/\/cdn.agenciasinc.es\/var\/ezwebin_site\/storage\/images\/noticias\/la-contaminacion-atmosferica-podria-aumentar-el-riesgo-de-padecer-ela\/12369895-1-esl-MX\/La-contaminacion-atmosferica-podria-aumentar-el-riesgo-de-padecer-ELA.jpg","articleSection":["Noticias"],"inLanguage":"es"},{"@type":"WebPage","@id":"https:\/\/helloproject.es\/vigilancia\/las-zonas-europeas-mas-pobres-tienen-mayor-tasa-de-mortalidad-por-contaminacion-atmosferica\/","url":"https:\/\/helloproject.es\/vigilancia\/las-zonas-europeas-mas-pobres-tienen-mayor-tasa-de-mortalidad-por-contaminacion-atmosferica\/","name":"Las zonas europeas m\u00e1s pobres tienen mayor tasa de mortalidad por contaminaci\u00f3n atmosf\u00e9rica - bip4ex","isPartOf":{"@id":"https:\/\/helloproject.es\/vigilancia\/#website"},"primaryImageOfPage":{"@id":"https:\/\/helloproject.es\/vigilancia\/las-zonas-europeas-mas-pobres-tienen-mayor-tasa-de-mortalidad-por-contaminacion-atmosferica\/#primaryimage"},"image":{"@id":"https:\/\/helloproject.es\/vigilancia\/las-zonas-europeas-mas-pobres-tienen-mayor-tasa-de-mortalidad-por-contaminacion-atmosferica\/#primaryimage"},"thumbnailUrl":"https:\/\/cdn.agenciasinc.es\/var\/ezwebin_site\/storage\/images\/noticias\/la-contaminacion-atmosferica-podria-aumentar-el-riesgo-de-padecer-ela\/12369895-1-esl-MX\/La-contaminacion-atmosferica-podria-aumentar-el-riesgo-de-padecer-ELA.jpg","datePublished":"2026-03-19T11:28:19+00:00","breadcrumb":{"@id":"https:\/\/helloproject.es\/vigilancia\/las-zonas-europeas-mas-pobres-tienen-mayor-tasa-de-mortalidad-por-contaminacion-atmosferica\/#breadcrumb"},"inLanguage":"es","potentialAction":[{"@type":"ReadAction","target":["https:\/\/helloproject.es\/vigilancia\/las-zonas-europeas-mas-pobres-tienen-mayor-tasa-de-mortalidad-por-contaminacion-atmosferica\/"]}]},{"@type":"ImageObject","inLanguage":"es","@id":"https:\/\/helloproject.es\/vigilancia\/las-zonas-europeas-mas-pobres-tienen-mayor-tasa-de-mortalidad-por-contaminacion-atmosferica\/#primaryimage","url":"https:\/\/cdn.agenciasinc.es\/var\/ezwebin_site\/storage\/images\/noticias\/la-contaminacion-atmosferica-podria-aumentar-el-riesgo-de-padecer-ela\/12369895-1-esl-MX\/La-contaminacion-atmosferica-podria-aumentar-el-riesgo-de-padecer-ELA.jpg","contentUrl":"https:\/\/cdn.agenciasinc.es\/var\/ezwebin_site\/storage\/images\/noticias\/la-contaminacion-atmosferica-podria-aumentar-el-riesgo-de-padecer-ela\/12369895-1-esl-MX\/La-contaminacion-atmosferica-podria-aumentar-el-riesgo-de-padecer-ELA.jpg"},{"@type":"BreadcrumbList","@id":"https:\/\/helloproject.es\/vigilancia\/las-zonas-europeas-mas-pobres-tienen-mayor-tasa-de-mortalidad-por-contaminacion-atmosferica\/#breadcrumb","itemListElement":[{"@type":"ListItem","position":1,"name":"Home","item":"https:\/\/helloproject.es\/vigilancia\/"},{"@type":"ListItem","position":2,"name":"Las zonas europeas m\u00e1s pobres tienen mayor tasa de mortalidad por contaminaci\u00f3n atmosf\u00e9rica"}]},{"@type":"WebSite","@id":"https:\/\/helloproject.es\/vigilancia\/#website","url":"https:\/\/helloproject.es\/vigilancia\/","name":"bip4ex","description":"Vigilancia Tecnol\u00f3gica","publisher":{"@id":"https:\/\/helloproject.es\/vigilancia\/#organization"},"potentialAction":[{"@type":"SearchAction","target":{"@type":"EntryPoint","urlTemplate":"https:\/\/helloproject.es\/vigilancia\/?s={search_term_string}"},"query-input":{"@type":"PropertyValueSpecification","valueRequired":true,"valueName":"search_term_string"}}],"inLanguage":"es"},{"@type":"Organization","@id":"https:\/\/helloproject.es\/vigilancia\/#organization","name":"Helloproject.es","url":"https:\/\/helloproject.es\/vigilancia\/","logo":{"@type":"ImageObject","inLanguage":"es","@id":"https:\/\/helloproject.es\/vigilancia\/#\/schema\/logo\/image\/","url":"https:\/\/helloproject.es\/vigilancia\/wp-content\/uploads\/2023\/07\/bip4ex.png","contentUrl":"https:\/\/helloproject.es\/vigilancia\/wp-content\/uploads\/2023\/07\/bip4ex.png","width":322,"height":365,"caption":"Helloproject.es"},"image":{"@id":"https:\/\/helloproject.es\/vigilancia\/#\/schema\/logo\/image\/"}},{"@type":"Person","@id":"https:\/\/helloproject.es\/vigilancia\/#\/schema\/person\/3767b0619d59a11570372c821f8619ca","name":"Luis Miguel Mej\u00edas Ramos","url":"https:\/\/helloproject.es\/vigilancia\/author\/luismi\/"}]}},"_links":{"self":[{"href":"https:\/\/helloproject.es\/vigilancia\/wp-json\/wp\/v2\/posts\/200957","targetHints":{"allow":["GET"]}}],"collection":[{"href":"https:\/\/helloproject.es\/vigilancia\/wp-json\/wp\/v2\/posts"}],"about":[{"href":"https:\/\/helloproject.es\/vigilancia\/wp-json\/wp\/v2\/types\/post"}],"author":[{"embeddable":true,"href":"https:\/\/helloproject.es\/vigilancia\/wp-json\/wp\/v2\/users\/5"}],"replies":[{"embeddable":true,"href":"https:\/\/helloproject.es\/vigilancia\/wp-json\/wp\/v2\/comments?post=200957"}],"version-history":[{"count":0,"href":"https:\/\/helloproject.es\/vigilancia\/wp-json\/wp\/v2\/posts\/200957\/revisions"}],"wp:attachment":[{"href":"https:\/\/helloproject.es\/vigilancia\/wp-json\/wp\/v2\/media?parent=200957"}],"wp:term":[{"taxonomy":"category","embeddable":true,"href":"https:\/\/helloproject.es\/vigilancia\/wp-json\/wp\/v2\/categories?post=200957"},{"taxonomy":"post_tag","embeddable":true,"href":"https:\/\/helloproject.es\/vigilancia\/wp-json\/wp\/v2\/tags?post=200957"}],"curies":[{"name":"wp","href":"https:\/\/api.w.org\/{rel}","templated":true}]}}