{"id":201001,"date":"2026-03-19T17:28:15","date_gmt":"2026-03-19T16:28:15","guid":{"rendered":"https:\/\/helloproject.es\/vigilancia\/el-cerebro-guarda-la-clave-de-por-que-algunas-personas-no-aplican-sus-propios-principios-morales\/"},"modified":"2026-03-19T17:28:15","modified_gmt":"2026-03-19T16:28:15","slug":"el-cerebro-guarda-la-clave-de-por-que-algunas-personas-no-aplican-sus-propios-principios-morales","status":"publish","type":"post","link":"https:\/\/helloproject.es\/vigilancia\/el-cerebro-guarda-la-clave-de-por-que-algunas-personas-no-aplican-sus-propios-principios-morales\/","title":{"rendered":"El cerebro guarda la clave de por qu\u00e9 algunas personas no aplican sus propios principios morales"},"content":{"rendered":"<p>\u00bfPor qu\u00e9 algunas personas condenan una conducta en otros pero la justifican cuando la realizan ellas? Un estudio publicado en Cell Reports se\u00f1ala a una regi\u00f3n concreta del cerebro, la corteza prefrontal ventromedial (vmPFC), como clave de esa incoherencia moral.<\/p>\n<p>El trabajo, liderado por la Universidad de Ciencia y Tecnolog\u00eda de China, muestra que las personas que act\u00faan de forma deshonesta pese a considerar inmoral ese comportamiento en otros presentan menor actividad en esta regi\u00f3n cerebral. Adem\u00e1s, cuando los cient\u00edficos alteraron su funcionamiento mediante estimulaci\u00f3n no invasiva, la inconsistencia moral aument\u00f3.<\/p>\n<p><img decoding=\"async\" src=\"https:\/\/www.agenciasinc.es\/bundles\/app\/images\/quotebefore.png\" \/><\/p>\n<p>Ser una persona moral requiere que el cerebro integre el conocimiento en la conducta diaria, y ese proceso puede fallar incluso si se conocen perfectamente los principios<\/p>\n<p>Xiaochu Zhang, investigador en neurociencia cognitiva y coautor<br \/>\n<img decoding=\"async\" src=\"https:\/\/www.agenciasinc.es\/bundles\/app\/images\/quoteafter.png\" \/><\/p>\n<p>\u201cLa coherencia moral es un proceso biol\u00f3gico activo\u201d, explica a SINC Xiaochu Zhang, investigador en neurociencia cognitiva y coautor del estudio. \u201cSer una persona moral requiere que el cerebro integre el conocimiento en la conducta diaria, y ese proceso puede fallar incluso si se conocen perfectamente los principios\u201d.<\/p>\n<p>                        <a href=\"https:\/\/www.agenciasinc.es\/Noticias\/El-mayor-mapa-del-cerebro-en-desarrollo-revela-las-fases-en-las-que-se-originan-los-trastornos-neurologicos\"><br \/>\n                            <img decoding=\"async\" src=\"https:\/\/cdn.agenciasinc.es\/var\/ezwebin_site\/storage\/images\/noticias\/el-mayor-mapa-del-cerebro-en-desarrollo-revela-las-fases-en-las-que-se-originan-los-trastornos-neurologicos\/12353784-14-esl-MX\/El-mayor-mapa-del-cerebro-en-desarrollo-revela-las-fases-en-las-que-se-originan-los-trastornos-neurologicos.jpg\" alt=\"El mayor mapa del cerebro en desarrollo revela las fases en las que se originan los trastornos neurol\u00f3gicos\" title=\"El mayor mapa del cerebro en desarrollo revela las fases en las que se originan los trastornos neurol\u00f3gicos\" class=\"small_fotoderecha_img\" loading=\"lazy\" \/><br \/>\n                        <\/a><\/p>\n<p>                    <a href=\"https:\/\/www.agenciasinc.es\/Noticias\/El-mayor-mapa-del-cerebro-en-desarrollo-revela-las-fases-en-las-que-se-originan-los-trastornos-neurologicos\" class=\"small_fotoderecha_titulo\"><\/a><\/p>\n<h3 class=\"small_fotoderecha_titulo\">El mayor mapa del cerebro en desarrollo revela las fases en las que se originan los trastornos neurol\u00f3gicos<\/h3>\n<p>                    <\/p>\n<p>                                                                                                                                                <a href=\"https:\/\/www.agenciasinc.es\/Autor\/Ana-Hernando\"><br \/>\n                                        Ana Hernando<br \/>\n                                        <\/a>                                                                                                <\/p>\n<p><a><\/a><\/p>\n<h2>Un \u2018traductor\u2019 entre lo que pensamos y lo que hacemos<\/h2>\n<p>Para investigar este fen\u00f3meno, el equipo utiliz\u00f3 resonancia magn\u00e9tica funcional (fMRI) mientras los participantes realizaban una tarea en la que deb\u00edan elegir entre honestidad y beneficio econ\u00f3mico. Tambi\u00e9n evaluaron c\u00f3mo juzgaban el comportamiento de otros en la misma situaci\u00f3n.<\/p>\n<p>Las personas coherentes aplicaban criterios similares a s\u00ed mismas y a los dem\u00e1s, con patrones de activaci\u00f3n comparables en la vmPFC. En cambio, quienes eran m\u00e1s indulgentes consigo mismos mostraban menor actividad y menor conexi\u00f3n de esta regi\u00f3n con otras implicadas en la toma de decisiones.<\/p>\n<p><img decoding=\"async\" src=\"https:\/\/www.agenciasinc.es\/bundles\/app\/images\/quotebefore.png\" \/><\/p>\n<p>El cerebro no solo almacena creencias, tiene que traducirlas en decisiones, y la vmPFC conecta lo que predicamos con lo que hacemos. Cuando ese proceso falla, la persona no consigue aplicar sus principios al decidir<\/p>\n<p>Xiaochu Zhang<br \/>\n<img decoding=\"async\" src=\"https:\/\/www.agenciasinc.es\/bundles\/app\/images\/quoteafter.png\" \/><\/p>\n<p>Seg\u00fan Zhang, la clave est\u00e1 en c\u00f3mo el cerebro traduce los valores en acciones. \u201cEl cerebro no almacena las creencias morales como una biblioteca est\u00e1tica, sino que tiene que traducirlas al proceso de decisi\u00f3n en cada situaci\u00f3n\u201d, se\u00f1ala a SINC. \u201cLa vmPFC act\u00faa como un \u2018centro integrador\u2019 que conecta lo que predicamos con lo que hacemos\u201d.<\/p>\n<p>Cuando esa integraci\u00f3n falla, a\u00f1ade, \u201cno es que la persona ignore sus principios, sino que no consigue aplicarlos en el momento de decidir\u201d.<\/p>\n<p><a><\/a><\/p>\n<h2>Alterar la regi\u00f3n aumenta la incoherencia<\/h2>\n<p>Para comprobar si esta regi\u00f3n desempe\u00f1a un papel causal, los investigadores aplicaron una t\u00e9cnica de estimulaci\u00f3n cerebral no invasiva conocida como interferencia temporal transcraneal (tTIS). El objetivo era\u00a0modular la actividad de la vmPFC antes de repetir la tarea.<\/p>\n<p>El resultado fue claro: los participantes estimulados mostraron mayor inconsistencia moral que el grupo control.<\/p>\n<p>La corteza prefrontal ventromedial funciona como un director de orquesta que debe coordinar distintas se\u00f1ales, como el beneficio personal y las normas sociales<\/p>\n<p>Aunque pueda parecer contradictorio, Zhang lo interpreta como una prueba de la complejidad de esta regi\u00f3n. \u201cLa vmPFC no es un interruptor moral\u201d, explica. \u201cFunciona m\u00e1s bien como un director de orquesta que debe coordinar distintas se\u00f1ales, como el beneficio personal y las normas sociales\u201d.<\/p>\n<p>La estimulaci\u00f3n introdujo \u2018ruido\u2019 en ese sistema. \u201cAl interferir en esa coordinaci\u00f3n, se debilita el v\u00ednculo entre los principios morales y la conducta, y las decisiones tienden hacia el inter\u00e9s propio\u201d, a\u00f1ade.<\/p>\n<p><a><\/a><\/p>\n<h2>Modelo simplificado de la realidad<\/h2>\n<p>El experimento reproduce un\u00a0dilema com\u00fan \u2014obtener una ganancia a costa de ser deshonesto\u2014, pero no recoge toda la complejidad de las decisiones morales cotidianas.<\/p>\n<p>\u201cEl experimento es un\u00a0microcosmos controlado\u201d, reconoce Zhang. \u201cEn la vida real influyen factores adicionales, como la relaci\u00f3n con la persona afectada o las consecuencias sociales a largo plazo\u201d.<\/p>\n<p>El estudio se realiz\u00f3 adem\u00e1s con participantes chinos, lo que podr\u00eda limitar la generalizaci\u00f3n a otras culturas. \u201cValores como la armon\u00eda social pueden influir de forma distinta en la actividad cerebral\u201d, apunta.<\/p>\n<p><a><\/a><\/p>\n<h2>\u00bfSe puede entrenar la coherencia moral?<\/h2>\n<p>Los autores creen que sus resultados abren una v\u00eda para repensar la educaci\u00f3n moral. \u201cNuestro trabajo sugiere que el problema no es tanto saber qu\u00e9 est\u00e1 bien, sino aplicar ese conocimiento en el momento adecuado\u201d, se\u00f1ala Zhang.<\/p>\n<p>Los autores creen que sus resultados abren una v\u00eda para repensar la educaci\u00f3n moral<\/p>\n<p>En lugar de centrarse solo en normas, propone fomentar lo que denomina \u2018deliberaci\u00f3n integradora\u2019: entrenar la capacidad de aplicar los principios en situaciones concretas. \u201cLa coherencia moral podr\u00eda entenderse como una habilidad que se fortalece al reducir la distancia entre el juicio y la acci\u00f3n\u201d, concluye.<\/p>\n<p>El equipo planea ahora estudiar c\u00f3mo responde el cerebro cuando las personas adoptan la\u00a0perspectiva de la v\u00edctima, un factor que podr\u00eda cambiar c\u00f3mo se toman estas decisiones.<\/p>\n<p>Referencia:<\/p>\n<p>Liu\u00a0et al. \u201cMoral inconsistency is based on the\u00a0vmPFC\u2019s\u00a0insufficient representation across tasks and connectedness\u201d.\u00a0<a href=\"https:\/\/www.agenciasinc.es\/esl\/Noticias\/El-cerebro-guarda-la-clave-de-por-que-algunas-personas-no-aplican-sus-propios-principios-morales\" target=\"_blank\">Cell Reports<\/a>, 2026.<\/p>","protected":false},"excerpt":{"rendered":"<p>\u00bfPor qu\u00e9 algunas personas condenan una conducta en otros pero la justifican cuando la realizan ellas? Un estudio publicado en Cell Reports se\u00f1ala a una regi\u00f3n concreta del cerebro, la corteza prefrontal ventromedial (vmPFC), como clave de esa incoherencia moral. El trabajo, liderado por la Universidad de Ciencia y Tecnolog\u00eda de China, muestra que las [&hellip;]<\/p>\n","protected":false},"author":5,"featured_media":0,"comment_status":"","ping_status":"","sticky":false,"template":"","format":"standard","meta":{"site-sidebar-layout":"default","site-content-layout":"","ast-site-content-layout":"default","site-content-style":"default","site-sidebar-style":"default","ast-global-header-display":"","ast-banner-title-visibility":"","ast-main-header-display":"","ast-hfb-above-header-display":"","ast-hfb-below-header-display":"","ast-hfb-mobile-header-display":"","site-post-title":"","ast-breadcrumbs-content":"","ast-featured-img":"","footer-sml-layout":"","ast-disable-related-posts":"","theme-transparent-header-meta":"","adv-header-id-meta":"","stick-header-meta":"","header-above-stick-meta":"","header-main-stick-meta":"","header-below-stick-meta":"","astra-migrate-meta-layouts":"default","ast-page-background-enabled":"default","ast-page-background-meta":{"desktop":{"background-color":"var(--ast-global-color-4)","background-image":"","background-repeat":"repeat","background-position":"center center","background-size":"auto","background-attachment":"scroll","background-type":"","background-media":"","overlay-type":"","overlay-color":"","overlay-opacity":"","overlay-gradient":""},"tablet":{"background-color":"","background-image":"","background-repeat":"repeat","background-position":"center center","background-size":"auto","background-attachment":"scroll","background-type":"","background-media":"","overlay-type":"","overlay-color":"","overlay-opacity":"","overlay-gradient":""},"mobile":{"background-color":"","background-image":"","background-repeat":"repeat","background-position":"center center","background-size":"auto","background-attachment":"scroll","background-type":"","background-media":"","overlay-type":"","overlay-color":"","overlay-opacity":"","overlay-gradient":""}},"ast-content-background-meta":{"desktop":{"background-color":"var(--ast-global-color-5)","background-image":"","background-repeat":"repeat","background-position":"center center","background-size":"auto","background-attachment":"scroll","background-type":"","background-media":"","overlay-type":"","overlay-color":"","overlay-opacity":"","overlay-gradient":""},"tablet":{"background-color":"var(--ast-global-color-5)","background-image":"","background-repeat":"repeat","background-position":"center center","background-size":"auto","background-attachment":"scroll","background-type":"","background-media":"","overlay-type":"","overlay-color":"","overlay-opacity":"","overlay-gradient":""},"mobile":{"background-color":"var(--ast-global-color-5)","background-image":"","background-repeat":"repeat","background-position":"center center","background-size":"auto","background-attachment":"scroll","background-type":"","background-media":"","overlay-type":"","overlay-color":"","overlay-opacity":"","overlay-gradient":""}},"footnotes":""},"categories":[5],"tags":[],"class_list":["post-201001","post","type-post","status-publish","format-standard","hentry","category-noticias"],"yoast_head":"<!-- This site is optimized with the Yoast SEO Premium plugin v20.9 (Yoast SEO v27.4) - https:\/\/yoast.com\/product\/yoast-seo-premium-wordpress\/ -->\n<title>El cerebro guarda la clave de por qu\u00e9 algunas personas no aplican sus propios principios morales - bip4ex<\/title>\n<meta name=\"robots\" content=\"index, follow, max-snippet:-1, max-image-preview:large, max-video-preview:-1\" \/>\n<link rel=\"canonical\" href=\"https:\/\/helloproject.es\/vigilancia\/el-cerebro-guarda-la-clave-de-por-que-algunas-personas-no-aplican-sus-propios-principios-morales\/\" \/>\n<meta property=\"og:locale\" content=\"es_ES\" \/>\n<meta property=\"og:type\" content=\"article\" \/>\n<meta property=\"og:title\" content=\"El cerebro guarda la clave de por qu\u00e9 algunas personas no aplican sus propios principios morales\" \/>\n<meta property=\"og:description\" content=\"\u00bfPor qu\u00e9 algunas personas condenan una conducta en otros pero la justifican cuando la realizan ellas? Un estudio publicado en Cell Reports se\u00f1ala a una regi\u00f3n concreta del cerebro, la corteza prefrontal ventromedial (vmPFC), como clave de esa incoherencia moral. El trabajo, liderado por la Universidad de Ciencia y Tecnolog\u00eda de China, muestra que las [&hellip;]\" \/>\n<meta property=\"og:url\" content=\"https:\/\/helloproject.es\/vigilancia\/el-cerebro-guarda-la-clave-de-por-que-algunas-personas-no-aplican-sus-propios-principios-morales\/\" \/>\n<meta property=\"og:site_name\" content=\"bip4ex\" \/>\n<meta property=\"article:published_time\" content=\"2026-03-19T16:28:15+00:00\" \/>\n<meta property=\"og:image\" content=\"https:\/\/www.agenciasinc.es\/bundles\/app\/images\/quotebefore.png\" \/>\n<meta name=\"author\" content=\"Luis Miguel Mej\u00edas Ramos\" \/>\n<meta name=\"twitter:card\" content=\"summary_large_image\" \/>\n<meta name=\"twitter:label1\" content=\"Escrito por\" \/>\n\t<meta name=\"twitter:data1\" content=\"Luis Miguel Mej\u00edas Ramos\" \/>\n\t<meta name=\"twitter:label2\" content=\"Tiempo de lectura\" \/>\n\t<meta name=\"twitter:data2\" content=\"4 minutos\" \/>\n<script type=\"application\/ld+json\" class=\"yoast-schema-graph\">{\"@context\":\"https:\\\/\\\/schema.org\",\"@graph\":[{\"@type\":\"Article\",\"@id\":\"https:\\\/\\\/helloproject.es\\\/vigilancia\\\/el-cerebro-guarda-la-clave-de-por-que-algunas-personas-no-aplican-sus-propios-principios-morales\\\/#article\",\"isPartOf\":{\"@id\":\"https:\\\/\\\/helloproject.es\\\/vigilancia\\\/el-cerebro-guarda-la-clave-de-por-que-algunas-personas-no-aplican-sus-propios-principios-morales\\\/\"},\"author\":{\"name\":\"Luis Miguel Mej\u00edas Ramos\",\"@id\":\"https:\\\/\\\/helloproject.es\\\/vigilancia\\\/#\\\/schema\\\/person\\\/3767b0619d59a11570372c821f8619ca\"},\"headline\":\"El cerebro guarda la clave de por qu\u00e9 algunas personas no aplican sus propios principios morales\",\"datePublished\":\"2026-03-19T16:28:15+00:00\",\"mainEntityOfPage\":{\"@id\":\"https:\\\/\\\/helloproject.es\\\/vigilancia\\\/el-cerebro-guarda-la-clave-de-por-que-algunas-personas-no-aplican-sus-propios-principios-morales\\\/\"},\"wordCount\":886,\"publisher\":{\"@id\":\"https:\\\/\\\/helloproject.es\\\/vigilancia\\\/#organization\"},\"image\":{\"@id\":\"https:\\\/\\\/helloproject.es\\\/vigilancia\\\/el-cerebro-guarda-la-clave-de-por-que-algunas-personas-no-aplican-sus-propios-principios-morales\\\/#primaryimage\"},\"thumbnailUrl\":\"https:\\\/\\\/www.agenciasinc.es\\\/bundles\\\/app\\\/images\\\/quotebefore.png\",\"articleSection\":[\"Noticias\"],\"inLanguage\":\"es\"},{\"@type\":\"WebPage\",\"@id\":\"https:\\\/\\\/helloproject.es\\\/vigilancia\\\/el-cerebro-guarda-la-clave-de-por-que-algunas-personas-no-aplican-sus-propios-principios-morales\\\/\",\"url\":\"https:\\\/\\\/helloproject.es\\\/vigilancia\\\/el-cerebro-guarda-la-clave-de-por-que-algunas-personas-no-aplican-sus-propios-principios-morales\\\/\",\"name\":\"El cerebro guarda la clave de por qu\u00e9 algunas personas no aplican sus propios principios morales - bip4ex\",\"isPartOf\":{\"@id\":\"https:\\\/\\\/helloproject.es\\\/vigilancia\\\/#website\"},\"primaryImageOfPage\":{\"@id\":\"https:\\\/\\\/helloproject.es\\\/vigilancia\\\/el-cerebro-guarda-la-clave-de-por-que-algunas-personas-no-aplican-sus-propios-principios-morales\\\/#primaryimage\"},\"image\":{\"@id\":\"https:\\\/\\\/helloproject.es\\\/vigilancia\\\/el-cerebro-guarda-la-clave-de-por-que-algunas-personas-no-aplican-sus-propios-principios-morales\\\/#primaryimage\"},\"thumbnailUrl\":\"https:\\\/\\\/www.agenciasinc.es\\\/bundles\\\/app\\\/images\\\/quotebefore.png\",\"datePublished\":\"2026-03-19T16:28:15+00:00\",\"breadcrumb\":{\"@id\":\"https:\\\/\\\/helloproject.es\\\/vigilancia\\\/el-cerebro-guarda-la-clave-de-por-que-algunas-personas-no-aplican-sus-propios-principios-morales\\\/#breadcrumb\"},\"inLanguage\":\"es\",\"potentialAction\":[{\"@type\":\"ReadAction\",\"target\":[\"https:\\\/\\\/helloproject.es\\\/vigilancia\\\/el-cerebro-guarda-la-clave-de-por-que-algunas-personas-no-aplican-sus-propios-principios-morales\\\/\"]}]},{\"@type\":\"ImageObject\",\"inLanguage\":\"es\",\"@id\":\"https:\\\/\\\/helloproject.es\\\/vigilancia\\\/el-cerebro-guarda-la-clave-de-por-que-algunas-personas-no-aplican-sus-propios-principios-morales\\\/#primaryimage\",\"url\":\"https:\\\/\\\/www.agenciasinc.es\\\/bundles\\\/app\\\/images\\\/quotebefore.png\",\"contentUrl\":\"https:\\\/\\\/www.agenciasinc.es\\\/bundles\\\/app\\\/images\\\/quotebefore.png\"},{\"@type\":\"BreadcrumbList\",\"@id\":\"https:\\\/\\\/helloproject.es\\\/vigilancia\\\/el-cerebro-guarda-la-clave-de-por-que-algunas-personas-no-aplican-sus-propios-principios-morales\\\/#breadcrumb\",\"itemListElement\":[{\"@type\":\"ListItem\",\"position\":1,\"name\":\"Home\",\"item\":\"https:\\\/\\\/helloproject.es\\\/vigilancia\\\/\"},{\"@type\":\"ListItem\",\"position\":2,\"name\":\"El cerebro guarda la clave de por qu\u00e9 algunas personas no aplican sus propios principios morales\"}]},{\"@type\":\"WebSite\",\"@id\":\"https:\\\/\\\/helloproject.es\\\/vigilancia\\\/#website\",\"url\":\"https:\\\/\\\/helloproject.es\\\/vigilancia\\\/\",\"name\":\"bip4ex\",\"description\":\"Vigilancia Tecnol\u00f3gica\",\"publisher\":{\"@id\":\"https:\\\/\\\/helloproject.es\\\/vigilancia\\\/#organization\"},\"potentialAction\":[{\"@type\":\"SearchAction\",\"target\":{\"@type\":\"EntryPoint\",\"urlTemplate\":\"https:\\\/\\\/helloproject.es\\\/vigilancia\\\/?s={search_term_string}\"},\"query-input\":{\"@type\":\"PropertyValueSpecification\",\"valueRequired\":true,\"valueName\":\"search_term_string\"}}],\"inLanguage\":\"es\"},{\"@type\":\"Organization\",\"@id\":\"https:\\\/\\\/helloproject.es\\\/vigilancia\\\/#organization\",\"name\":\"Helloproject.es\",\"url\":\"https:\\\/\\\/helloproject.es\\\/vigilancia\\\/\",\"logo\":{\"@type\":\"ImageObject\",\"inLanguage\":\"es\",\"@id\":\"https:\\\/\\\/helloproject.es\\\/vigilancia\\\/#\\\/schema\\\/logo\\\/image\\\/\",\"url\":\"https:\\\/\\\/helloproject.es\\\/vigilancia\\\/wp-content\\\/uploads\\\/2023\\\/07\\\/bip4ex.png\",\"contentUrl\":\"https:\\\/\\\/helloproject.es\\\/vigilancia\\\/wp-content\\\/uploads\\\/2023\\\/07\\\/bip4ex.png\",\"width\":322,\"height\":365,\"caption\":\"Helloproject.es\"},\"image\":{\"@id\":\"https:\\\/\\\/helloproject.es\\\/vigilancia\\\/#\\\/schema\\\/logo\\\/image\\\/\"}},{\"@type\":\"Person\",\"@id\":\"https:\\\/\\\/helloproject.es\\\/vigilancia\\\/#\\\/schema\\\/person\\\/3767b0619d59a11570372c821f8619ca\",\"name\":\"Luis Miguel Mej\u00edas Ramos\",\"url\":\"https:\\\/\\\/helloproject.es\\\/vigilancia\\\/author\\\/luismi\\\/\"}]}<\/script>\n<!-- \/ Yoast SEO Premium plugin. -->","yoast_head_json":{"title":"El cerebro guarda la clave de por qu\u00e9 algunas personas no aplican sus propios principios morales - bip4ex","robots":{"index":"index","follow":"follow","max-snippet":"max-snippet:-1","max-image-preview":"max-image-preview:large","max-video-preview":"max-video-preview:-1"},"canonical":"https:\/\/helloproject.es\/vigilancia\/el-cerebro-guarda-la-clave-de-por-que-algunas-personas-no-aplican-sus-propios-principios-morales\/","og_locale":"es_ES","og_type":"article","og_title":"El cerebro guarda la clave de por qu\u00e9 algunas personas no aplican sus propios principios morales","og_description":"\u00bfPor qu\u00e9 algunas personas condenan una conducta en otros pero la justifican cuando la realizan ellas? Un estudio publicado en Cell Reports se\u00f1ala a una regi\u00f3n concreta del cerebro, la corteza prefrontal ventromedial (vmPFC), como clave de esa incoherencia moral. El trabajo, liderado por la Universidad de Ciencia y Tecnolog\u00eda de China, muestra que las [&hellip;]","og_url":"https:\/\/helloproject.es\/vigilancia\/el-cerebro-guarda-la-clave-de-por-que-algunas-personas-no-aplican-sus-propios-principios-morales\/","og_site_name":"bip4ex","article_published_time":"2026-03-19T16:28:15+00:00","og_image":[{"url":"https:\/\/www.agenciasinc.es\/bundles\/app\/images\/quotebefore.png","type":"","width":"","height":""}],"author":"Luis Miguel Mej\u00edas Ramos","twitter_card":"summary_large_image","twitter_misc":{"Escrito por":"Luis Miguel Mej\u00edas Ramos","Tiempo de lectura":"4 minutos"},"schema":{"@context":"https:\/\/schema.org","@graph":[{"@type":"Article","@id":"https:\/\/helloproject.es\/vigilancia\/el-cerebro-guarda-la-clave-de-por-que-algunas-personas-no-aplican-sus-propios-principios-morales\/#article","isPartOf":{"@id":"https:\/\/helloproject.es\/vigilancia\/el-cerebro-guarda-la-clave-de-por-que-algunas-personas-no-aplican-sus-propios-principios-morales\/"},"author":{"name":"Luis Miguel Mej\u00edas Ramos","@id":"https:\/\/helloproject.es\/vigilancia\/#\/schema\/person\/3767b0619d59a11570372c821f8619ca"},"headline":"El cerebro guarda la clave de por qu\u00e9 algunas personas no aplican sus propios principios morales","datePublished":"2026-03-19T16:28:15+00:00","mainEntityOfPage":{"@id":"https:\/\/helloproject.es\/vigilancia\/el-cerebro-guarda-la-clave-de-por-que-algunas-personas-no-aplican-sus-propios-principios-morales\/"},"wordCount":886,"publisher":{"@id":"https:\/\/helloproject.es\/vigilancia\/#organization"},"image":{"@id":"https:\/\/helloproject.es\/vigilancia\/el-cerebro-guarda-la-clave-de-por-que-algunas-personas-no-aplican-sus-propios-principios-morales\/#primaryimage"},"thumbnailUrl":"https:\/\/www.agenciasinc.es\/bundles\/app\/images\/quotebefore.png","articleSection":["Noticias"],"inLanguage":"es"},{"@type":"WebPage","@id":"https:\/\/helloproject.es\/vigilancia\/el-cerebro-guarda-la-clave-de-por-que-algunas-personas-no-aplican-sus-propios-principios-morales\/","url":"https:\/\/helloproject.es\/vigilancia\/el-cerebro-guarda-la-clave-de-por-que-algunas-personas-no-aplican-sus-propios-principios-morales\/","name":"El cerebro guarda la clave de por qu\u00e9 algunas personas no aplican sus propios principios morales - bip4ex","isPartOf":{"@id":"https:\/\/helloproject.es\/vigilancia\/#website"},"primaryImageOfPage":{"@id":"https:\/\/helloproject.es\/vigilancia\/el-cerebro-guarda-la-clave-de-por-que-algunas-personas-no-aplican-sus-propios-principios-morales\/#primaryimage"},"image":{"@id":"https:\/\/helloproject.es\/vigilancia\/el-cerebro-guarda-la-clave-de-por-que-algunas-personas-no-aplican-sus-propios-principios-morales\/#primaryimage"},"thumbnailUrl":"https:\/\/www.agenciasinc.es\/bundles\/app\/images\/quotebefore.png","datePublished":"2026-03-19T16:28:15+00:00","breadcrumb":{"@id":"https:\/\/helloproject.es\/vigilancia\/el-cerebro-guarda-la-clave-de-por-que-algunas-personas-no-aplican-sus-propios-principios-morales\/#breadcrumb"},"inLanguage":"es","potentialAction":[{"@type":"ReadAction","target":["https:\/\/helloproject.es\/vigilancia\/el-cerebro-guarda-la-clave-de-por-que-algunas-personas-no-aplican-sus-propios-principios-morales\/"]}]},{"@type":"ImageObject","inLanguage":"es","@id":"https:\/\/helloproject.es\/vigilancia\/el-cerebro-guarda-la-clave-de-por-que-algunas-personas-no-aplican-sus-propios-principios-morales\/#primaryimage","url":"https:\/\/www.agenciasinc.es\/bundles\/app\/images\/quotebefore.png","contentUrl":"https:\/\/www.agenciasinc.es\/bundles\/app\/images\/quotebefore.png"},{"@type":"BreadcrumbList","@id":"https:\/\/helloproject.es\/vigilancia\/el-cerebro-guarda-la-clave-de-por-que-algunas-personas-no-aplican-sus-propios-principios-morales\/#breadcrumb","itemListElement":[{"@type":"ListItem","position":1,"name":"Home","item":"https:\/\/helloproject.es\/vigilancia\/"},{"@type":"ListItem","position":2,"name":"El cerebro guarda la clave de por qu\u00e9 algunas personas no aplican sus propios principios morales"}]},{"@type":"WebSite","@id":"https:\/\/helloproject.es\/vigilancia\/#website","url":"https:\/\/helloproject.es\/vigilancia\/","name":"bip4ex","description":"Vigilancia Tecnol\u00f3gica","publisher":{"@id":"https:\/\/helloproject.es\/vigilancia\/#organization"},"potentialAction":[{"@type":"SearchAction","target":{"@type":"EntryPoint","urlTemplate":"https:\/\/helloproject.es\/vigilancia\/?s={search_term_string}"},"query-input":{"@type":"PropertyValueSpecification","valueRequired":true,"valueName":"search_term_string"}}],"inLanguage":"es"},{"@type":"Organization","@id":"https:\/\/helloproject.es\/vigilancia\/#organization","name":"Helloproject.es","url":"https:\/\/helloproject.es\/vigilancia\/","logo":{"@type":"ImageObject","inLanguage":"es","@id":"https:\/\/helloproject.es\/vigilancia\/#\/schema\/logo\/image\/","url":"https:\/\/helloproject.es\/vigilancia\/wp-content\/uploads\/2023\/07\/bip4ex.png","contentUrl":"https:\/\/helloproject.es\/vigilancia\/wp-content\/uploads\/2023\/07\/bip4ex.png","width":322,"height":365,"caption":"Helloproject.es"},"image":{"@id":"https:\/\/helloproject.es\/vigilancia\/#\/schema\/logo\/image\/"}},{"@type":"Person","@id":"https:\/\/helloproject.es\/vigilancia\/#\/schema\/person\/3767b0619d59a11570372c821f8619ca","name":"Luis Miguel Mej\u00edas Ramos","url":"https:\/\/helloproject.es\/vigilancia\/author\/luismi\/"}]}},"_links":{"self":[{"href":"https:\/\/helloproject.es\/vigilancia\/wp-json\/wp\/v2\/posts\/201001","targetHints":{"allow":["GET"]}}],"collection":[{"href":"https:\/\/helloproject.es\/vigilancia\/wp-json\/wp\/v2\/posts"}],"about":[{"href":"https:\/\/helloproject.es\/vigilancia\/wp-json\/wp\/v2\/types\/post"}],"author":[{"embeddable":true,"href":"https:\/\/helloproject.es\/vigilancia\/wp-json\/wp\/v2\/users\/5"}],"replies":[{"embeddable":true,"href":"https:\/\/helloproject.es\/vigilancia\/wp-json\/wp\/v2\/comments?post=201001"}],"version-history":[{"count":0,"href":"https:\/\/helloproject.es\/vigilancia\/wp-json\/wp\/v2\/posts\/201001\/revisions"}],"wp:attachment":[{"href":"https:\/\/helloproject.es\/vigilancia\/wp-json\/wp\/v2\/media?parent=201001"}],"wp:term":[{"taxonomy":"category","embeddable":true,"href":"https:\/\/helloproject.es\/vigilancia\/wp-json\/wp\/v2\/categories?post=201001"},{"taxonomy":"post_tag","embeddable":true,"href":"https:\/\/helloproject.es\/vigilancia\/wp-json\/wp\/v2\/tags?post=201001"}],"curies":[{"name":"wp","href":"https:\/\/api.w.org\/{rel}","templated":true}]}}