{"id":201015,"date":"2026-03-19T19:28:11","date_gmt":"2026-03-19T18:28:11","guid":{"rendered":"https:\/\/helloproject.es\/vigilancia\/por-que-el-dolor-cronico-provoca-depresion-en-algunas-personas-y-en-otras-no\/"},"modified":"2026-03-19T19:28:11","modified_gmt":"2026-03-19T18:28:11","slug":"por-que-el-dolor-cronico-provoca-depresion-en-algunas-personas-y-en-otras-no","status":"publish","type":"post","link":"https:\/\/helloproject.es\/vigilancia\/por-que-el-dolor-cronico-provoca-depresion-en-algunas-personas-y-en-otras-no\/","title":{"rendered":"\u00bfPor qu\u00e9 el dolor cr\u00f3nico provoca depresi\u00f3n en algunas personas y en otras no?"},"content":{"rendered":"<p>Descubierto el mecanismo que explica por qu\u00e9 el\u00a0dolor cr\u00f3nico\u00a0genera depresi\u00f3n en algunas personas y en otras no. Un estudio, publicado en\u00a0Science, rechaza la idea de que sea una consecuencia directa de esta enfermedad y afirma que su origen se localiza en el hipocampo cerebral.\u00a0<\/p>\n<p>Tras analizar esc\u00e1neres humanos y experimentos animales, los investigadores descubrieron que el dolor persistente provoca\u00a0cambios progresivos en el hipocampo\u00a0\u2013una regi\u00f3n conocida por su relaci\u00f3n con la memoria\u2013, lo que determinar\u00eda si estos pacientes podr\u00edan desarrollar depresi\u00f3n con el tiempo.<\/p>\n<p>El dolor persistente provoca\u00a0cambios progresivos en el hipocampo cerebral<\/p>\n<p>Seg\u00fan el coautor de este estudio e investigador en la Universidad de Warwick (Reino Unido),\u00a0Jiangfeng Feng, el dolor cr\u00f3nico suele conducir a episodios ansiosos o depresivos, pero antes de su trabajo no entend\u00edan por qu\u00e9 les ocurr\u00eda a determinadas personas.\u00a0<\/p>\n<p>\u201cNuestros hallazgos sugieren que el hipocampo act\u00faa como un centro de control que regula las respuestas emocionales ante esta enfermedad, se\u00f1ala el experto. \u201cLa depresi\u00f3n no es inevitable y depende de c\u00f3mo responda esta regi\u00f3n\u201d.<\/p>\n<p>                        <a href=\"https:\/\/www.agenciasinc.es\/Noticias\/Encuentran-senales-geneticas-comunes-en-14-trastornos-psiquiatricos-distintos\"><br \/>\n                            <img decoding=\"async\" src=\"https:\/\/cdn.agenciasinc.es\/var\/ezwebin_site\/storage\/images\/noticias\/encuentran-senales-geneticas-comunes-en-14-trastornos-psiquiatricos-distintos\/12361952-1-esl-MX\/Encuentran-senales-geneticas-comunes-en-14-trastornos-psiquiatricos-distintos.jpg\" alt=\"Encuentran se\u00f1ales gen\u00e9ticas comunes en 14 trastornos psiqui\u00e1tricos distintos\" title=\"Encuentran se\u00f1ales gen\u00e9ticas comunes en 14 trastornos psiqui\u00e1tricos distintos\" class=\"small_fotoderecha_img\" loading=\"lazy\" \/><br \/>\n                        <\/a><\/p>\n<p>                    <a href=\"https:\/\/www.agenciasinc.es\/Noticias\/Encuentran-senales-geneticas-comunes-en-14-trastornos-psiquiatricos-distintos\" class=\"small_fotoderecha_titulo\"><\/a><\/p>\n<h3 class=\"small_fotoderecha_titulo\">Encuentran se\u00f1ales gen\u00e9ticas comunes en 14 trastornos psiqui\u00e1tricos distintos<\/h3>\n<p>                    <\/p>\n<p>                                                                                                                                                <a href=\"https:\/\/www.agenciasinc.es\/Autor\/SINC\"><br \/>\n                                        SINC<br \/>\n                                        <\/a>                                                                                                <\/p>\n<p><a><\/a><\/p>\n<h2>Relaci\u00f3n dolor y cerebro\u00a0<\/h2>\n<p>El dolor cr\u00f3nico afecta a m\u00e1s del 20 % de los adultos en todo el mundo y est\u00e1 estrechamente relacionado con la ansiedad y la depresi\u00f3n. Sin embargo, muchas personas con dolor persistente no desarrollan estas afecciones, y las\u00a0razones biol\u00f3gicas\u00a0que explican esta diferencia siguen sin estar claras.<\/p>\n<p>Para saberlo, los investigadores analizaron esc\u00e1neres cerebrales de cohortes poblacionales, entre las que se incluyen datos del\u00a0Biobanco de Reino Unido, y descubrieron que las personas que padec\u00edan dolor cr\u00f3nico y que no ten\u00edan depresi\u00f3n presentaban un volumen del hipocampo ligeramente mayor junto a una mayor actividad en esta regi\u00f3n del cerebro.\u00a0<\/p>\n<p>Esta enfermedad afecta a m\u00e1s del 20 % de los adultos en todo el mundo y est\u00e1 estrechamente relacionada con la ansiedad y la depresi\u00f3n<\/p>\n<p>Los cambios iban acompa\u00f1ados de un mejor rendimiento en determinadas tareas de aprendizaje y memoria, los que sugiere que el cerebro podr\u00eda iniciar una respuesta compensatoria ante el dolor cr\u00f3nico.\u00a0<\/p>\n<p>Por el contrario, las personas que padec\u00edan dolor cr\u00f3nico y depresi\u00f3n presentaban un volumen del hipocampo reducido, una\u00a0actividad alterada\u00a0y un peor rendimiento cognitivo. Los an\u00e1lisis longitudinales indicaron que estos cambios se desarrollaban de forma progresiva con el paso del tiempo.<\/p>\n<p>\u201cEl hecho de que estos cambios se produzcan de forma gradual sugiere que est\u00e1n motivados por la propia\u00a0experiencia del dolor\u201d, a\u00f1ade Feng. \u201cNo se trata de una vulnerabilidad preexistente, sino de la respuesta cerebral ante el dolor cr\u00f3nico\u201d.<\/p>\n<p>                        <a href=\"https:\/\/www.agenciasinc.es\/Noticias\/Un-mecanismo-inmunitario-explica-por-que-el-dolor-cronico-dura-mas-en-las-mujeres\"><br \/>\n                            <img decoding=\"async\" src=\"https:\/\/cdn.agenciasinc.es\/var\/ezwebin_site\/storage\/images\/noticias\/un-mecanismo-inmunitario-explica-por-que-el-dolor-cronico-dura-mas-en-las-mujeres\/12378229-1-esl-MX\/Un-mecanismo-inmunitario-explica-por-que-el-dolor-cronico-dura-mas-en-las-mujeres.jpg\" alt=\"Un mecanismo inmunitario explica por qu\u00e9 el dolor cr\u00f3nico dura m\u00e1s en las mujeres\" title=\"Un mecanismo inmunitario explica por qu\u00e9 el dolor cr\u00f3nico dura m\u00e1s en las mujeres\" class=\"small_fotoderecha_img\" loading=\"lazy\" \/><br \/>\n                        <\/a><\/p>\n<p>                    <a href=\"https:\/\/www.agenciasinc.es\/Noticias\/Un-mecanismo-inmunitario-explica-por-que-el-dolor-cronico-dura-mas-en-las-mujeres\" class=\"small_fotoderecha_titulo\"><\/a><\/p>\n<h3 class=\"small_fotoderecha_titulo\">Un mecanismo inmunitario explica por qu\u00e9 el dolor cr\u00f3nico dura m\u00e1s en las mujeres<\/h3>\n<p>                    <\/p>\n<p>                                                                                                                                                <a href=\"https:\/\/www.agenciasinc.es\/Autor\/Maria-G.-Dionis\"><br \/>\n                                        Mar\u00eda G. Dionis<br \/>\n                                        <\/a>                                                                                                <\/p>\n<p><a><\/a><\/p>\n<h2>Inflamaci\u00f3n del hipocampo<\/h2>\n<p>Los investigadores llevaron a cabo\u00a0estudios paralelos\u00a0en animales para comprender c\u00f3mo se desarrollaban estos cambios y observaron una progresi\u00f3n de los efectos conductuales. Primero apareci\u00f3 una mayor sensibilidad al dolor seguida de un\u00a0comportamiento ansioso, y despu\u00e9s s\u00edntomas depresivos. Estos cambios vinieron acompa\u00f1ados de alteraciones en la estructura y actividad del hipocampo, lo que demuestra que el dolor cr\u00f3nico remodela los circuitos cerebrales responsables de la regulaci\u00f3n emocional.\u00a0<\/p>\n<p>Durante este trabajo, una peque\u00f1a regi\u00f3n del hipocampo conocida como\u00a0giro dentado\u00a0se mostr\u00f3 como un centro regulador importante. En las primeras fases del dolor cr\u00f3nico, las neuronas creadas en el giro dentado se volvieron activas, lo que sugiere que el cerebro intentaba adaptarse al estr\u00e9s continuo.\u00a0<\/p>\n<p>El dolor cr\u00f3nico remodela los circuitos cerebrales responsables de la regulaci\u00f3n emocional<\/p>\n<p>No obstante, con el tiempo las\u00a0c\u00e9lulas inmunitarias\u00a0del cerebro \u2013llamadas microgl\u00edas\u2013se activaron de forma an\u00f3mala y pasaron de ofrecer respuestas cerebrales adaptativas a una se\u00f1alizaci\u00f3n disfuncional.\u00a0<\/p>\n<p>Cuando los expertos suprimieron esta actividad en\u00a0modelos animales, los s\u00edntomas depresivos mejoraron y la funci\u00f3n cerebral se mantuvo estable. Los resultados sugieren que actuar sobre la inflamaci\u00f3n microglial podr\u00eda ayudar a prevenir esta enfermedad mental en personas con dolor cr\u00f3nico desde hace poco tiempo.\u00a0<\/p>\n<p>\u201cEl cerebro no se abruma por el dolor cr\u00f3nico\u201d, se\u00f1ala el investigador. \u201cIntenta regular el bienestar emocional, y cuando ese sistema se mantiene en equilibrio, las personas pueden conservar su resiliencia mental\u201d, concluye.\u00a0<\/p>\n<p>Referencia<\/p>\n<p>Feng. J. et al. From chronic pain to depression: Neurogenesis-driven microglial remodeling in the hippocampal dentate gyrus. <a href=\"https:\/\/doi.org\/10.1126\/science.aee6177\" target=\"_blank\">Science<\/a>. 2026<\/p>","protected":false},"excerpt":{"rendered":"<p>Descubierto el mecanismo que explica por qu\u00e9 el\u00a0dolor cr\u00f3nico\u00a0genera depresi\u00f3n en algunas personas y en otras no. Un estudio, publicado en\u00a0Science, rechaza la idea de que sea una consecuencia directa de esta enfermedad y afirma que su origen se localiza en el hipocampo cerebral.\u00a0 Tras analizar esc\u00e1neres humanos y experimentos animales, los investigadores descubrieron que [&hellip;]<\/p>\n","protected":false},"author":5,"featured_media":0,"comment_status":"","ping_status":"","sticky":false,"template":"","format":"standard","meta":{"site-sidebar-layout":"default","site-content-layout":"","ast-site-content-layout":"default","site-content-style":"default","site-sidebar-style":"default","ast-global-header-display":"","ast-banner-title-visibility":"","ast-main-header-display":"","ast-hfb-above-header-display":"","ast-hfb-below-header-display":"","ast-hfb-mobile-header-display":"","site-post-title":"","ast-breadcrumbs-content":"","ast-featured-img":"","footer-sml-layout":"","ast-disable-related-posts":"","theme-transparent-header-meta":"","adv-header-id-meta":"","stick-header-meta":"","header-above-stick-meta":"","header-main-stick-meta":"","header-below-stick-meta":"","astra-migrate-meta-layouts":"default","ast-page-background-enabled":"default","ast-page-background-meta":{"desktop":{"background-color":"var(--ast-global-color-4)","background-image":"","background-repeat":"repeat","background-position":"center center","background-size":"auto","background-attachment":"scroll","background-type":"","background-media":"","overlay-type":"","overlay-color":"","overlay-opacity":"","overlay-gradient":""},"tablet":{"background-color":"","background-image":"","background-repeat":"repeat","background-position":"center center","background-size":"auto","background-attachment":"scroll","background-type":"","background-media":"","overlay-type":"","overlay-color":"","overlay-opacity":"","overlay-gradient":""},"mobile":{"background-color":"","background-image":"","background-repeat":"repeat","background-position":"center center","background-size":"auto","background-attachment":"scroll","background-type":"","background-media":"","overlay-type":"","overlay-color":"","overlay-opacity":"","overlay-gradient":""}},"ast-content-background-meta":{"desktop":{"background-color":"var(--ast-global-color-5)","background-image":"","background-repeat":"repeat","background-position":"center center","background-size":"auto","background-attachment":"scroll","background-type":"","background-media":"","overlay-type":"","overlay-color":"","overlay-opacity":"","overlay-gradient":""},"tablet":{"background-color":"var(--ast-global-color-5)","background-image":"","background-repeat":"repeat","background-position":"center center","background-size":"auto","background-attachment":"scroll","background-type":"","background-media":"","overlay-type":"","overlay-color":"","overlay-opacity":"","overlay-gradient":""},"mobile":{"background-color":"var(--ast-global-color-5)","background-image":"","background-repeat":"repeat","background-position":"center center","background-size":"auto","background-attachment":"scroll","background-type":"","background-media":"","overlay-type":"","overlay-color":"","overlay-opacity":"","overlay-gradient":""}},"footnotes":""},"categories":[5],"tags":[],"class_list":["post-201015","post","type-post","status-publish","format-standard","hentry","category-noticias"],"yoast_head":"<!-- This site is optimized with the Yoast SEO Premium plugin v20.9 (Yoast SEO v27.4) - https:\/\/yoast.com\/product\/yoast-seo-premium-wordpress\/ -->\n<title>\u00bfPor qu\u00e9 el dolor cr\u00f3nico provoca depresi\u00f3n en algunas personas y en otras no? - bip4ex<\/title>\n<meta name=\"robots\" content=\"index, follow, max-snippet:-1, max-image-preview:large, max-video-preview:-1\" \/>\n<link rel=\"canonical\" href=\"https:\/\/helloproject.es\/vigilancia\/por-que-el-dolor-cronico-provoca-depresion-en-algunas-personas-y-en-otras-no\/\" \/>\n<meta property=\"og:locale\" content=\"es_ES\" \/>\n<meta property=\"og:type\" content=\"article\" \/>\n<meta property=\"og:title\" content=\"\u00bfPor qu\u00e9 el dolor cr\u00f3nico provoca depresi\u00f3n en algunas personas y en otras no?\" \/>\n<meta property=\"og:description\" content=\"Descubierto el mecanismo que explica por qu\u00e9 el\u00a0dolor cr\u00f3nico\u00a0genera depresi\u00f3n en algunas personas y en otras no. Un estudio, publicado en\u00a0Science, rechaza la idea de que sea una consecuencia directa de esta enfermedad y afirma que su origen se localiza en el hipocampo cerebral.\u00a0 Tras analizar esc\u00e1neres humanos y experimentos animales, los investigadores descubrieron que [&hellip;]\" \/>\n<meta property=\"og:url\" content=\"https:\/\/helloproject.es\/vigilancia\/por-que-el-dolor-cronico-provoca-depresion-en-algunas-personas-y-en-otras-no\/\" \/>\n<meta property=\"og:site_name\" content=\"bip4ex\" \/>\n<meta property=\"article:published_time\" content=\"2026-03-19T18:28:11+00:00\" \/>\n<meta property=\"og:image\" content=\"https:\/\/cdn.agenciasinc.es\/var\/ezwebin_site\/storage\/images\/noticias\/encuentran-senales-geneticas-comunes-en-14-trastornos-psiquiatricos-distintos\/12361952-1-esl-MX\/Encuentran-senales-geneticas-comunes-en-14-trastornos-psiquiatricos-distintos.jpg\" \/>\n<meta name=\"author\" content=\"Luis Miguel Mej\u00edas Ramos\" \/>\n<meta name=\"twitter:card\" content=\"summary_large_image\" \/>\n<meta name=\"twitter:label1\" content=\"Escrito por\" \/>\n\t<meta name=\"twitter:data1\" content=\"Luis Miguel Mej\u00edas Ramos\" \/>\n\t<meta name=\"twitter:label2\" content=\"Tiempo de lectura\" \/>\n\t<meta name=\"twitter:data2\" content=\"4 minutos\" \/>\n<script type=\"application\/ld+json\" class=\"yoast-schema-graph\">{\"@context\":\"https:\\\/\\\/schema.org\",\"@graph\":[{\"@type\":\"Article\",\"@id\":\"https:\\\/\\\/helloproject.es\\\/vigilancia\\\/por-que-el-dolor-cronico-provoca-depresion-en-algunas-personas-y-en-otras-no\\\/#article\",\"isPartOf\":{\"@id\":\"https:\\\/\\\/helloproject.es\\\/vigilancia\\\/por-que-el-dolor-cronico-provoca-depresion-en-algunas-personas-y-en-otras-no\\\/\"},\"author\":{\"name\":\"Luis Miguel Mej\u00edas Ramos\",\"@id\":\"https:\\\/\\\/helloproject.es\\\/vigilancia\\\/#\\\/schema\\\/person\\\/3767b0619d59a11570372c821f8619ca\"},\"headline\":\"\u00bfPor qu\u00e9 el dolor cr\u00f3nico provoca depresi\u00f3n en algunas personas y en otras no?\",\"datePublished\":\"2026-03-19T18:28:11+00:00\",\"mainEntityOfPage\":{\"@id\":\"https:\\\/\\\/helloproject.es\\\/vigilancia\\\/por-que-el-dolor-cronico-provoca-depresion-en-algunas-personas-y-en-otras-no\\\/\"},\"wordCount\":781,\"publisher\":{\"@id\":\"https:\\\/\\\/helloproject.es\\\/vigilancia\\\/#organization\"},\"image\":{\"@id\":\"https:\\\/\\\/helloproject.es\\\/vigilancia\\\/por-que-el-dolor-cronico-provoca-depresion-en-algunas-personas-y-en-otras-no\\\/#primaryimage\"},\"thumbnailUrl\":\"https:\\\/\\\/cdn.agenciasinc.es\\\/var\\\/ezwebin_site\\\/storage\\\/images\\\/noticias\\\/encuentran-senales-geneticas-comunes-en-14-trastornos-psiquiatricos-distintos\\\/12361952-1-esl-MX\\\/Encuentran-senales-geneticas-comunes-en-14-trastornos-psiquiatricos-distintos.jpg\",\"articleSection\":[\"Noticias\"],\"inLanguage\":\"es\"},{\"@type\":\"WebPage\",\"@id\":\"https:\\\/\\\/helloproject.es\\\/vigilancia\\\/por-que-el-dolor-cronico-provoca-depresion-en-algunas-personas-y-en-otras-no\\\/\",\"url\":\"https:\\\/\\\/helloproject.es\\\/vigilancia\\\/por-que-el-dolor-cronico-provoca-depresion-en-algunas-personas-y-en-otras-no\\\/\",\"name\":\"\u00bfPor qu\u00e9 el dolor cr\u00f3nico provoca depresi\u00f3n en algunas personas y en otras no? - bip4ex\",\"isPartOf\":{\"@id\":\"https:\\\/\\\/helloproject.es\\\/vigilancia\\\/#website\"},\"primaryImageOfPage\":{\"@id\":\"https:\\\/\\\/helloproject.es\\\/vigilancia\\\/por-que-el-dolor-cronico-provoca-depresion-en-algunas-personas-y-en-otras-no\\\/#primaryimage\"},\"image\":{\"@id\":\"https:\\\/\\\/helloproject.es\\\/vigilancia\\\/por-que-el-dolor-cronico-provoca-depresion-en-algunas-personas-y-en-otras-no\\\/#primaryimage\"},\"thumbnailUrl\":\"https:\\\/\\\/cdn.agenciasinc.es\\\/var\\\/ezwebin_site\\\/storage\\\/images\\\/noticias\\\/encuentran-senales-geneticas-comunes-en-14-trastornos-psiquiatricos-distintos\\\/12361952-1-esl-MX\\\/Encuentran-senales-geneticas-comunes-en-14-trastornos-psiquiatricos-distintos.jpg\",\"datePublished\":\"2026-03-19T18:28:11+00:00\",\"breadcrumb\":{\"@id\":\"https:\\\/\\\/helloproject.es\\\/vigilancia\\\/por-que-el-dolor-cronico-provoca-depresion-en-algunas-personas-y-en-otras-no\\\/#breadcrumb\"},\"inLanguage\":\"es\",\"potentialAction\":[{\"@type\":\"ReadAction\",\"target\":[\"https:\\\/\\\/helloproject.es\\\/vigilancia\\\/por-que-el-dolor-cronico-provoca-depresion-en-algunas-personas-y-en-otras-no\\\/\"]}]},{\"@type\":\"ImageObject\",\"inLanguage\":\"es\",\"@id\":\"https:\\\/\\\/helloproject.es\\\/vigilancia\\\/por-que-el-dolor-cronico-provoca-depresion-en-algunas-personas-y-en-otras-no\\\/#primaryimage\",\"url\":\"https:\\\/\\\/cdn.agenciasinc.es\\\/var\\\/ezwebin_site\\\/storage\\\/images\\\/noticias\\\/encuentran-senales-geneticas-comunes-en-14-trastornos-psiquiatricos-distintos\\\/12361952-1-esl-MX\\\/Encuentran-senales-geneticas-comunes-en-14-trastornos-psiquiatricos-distintos.jpg\",\"contentUrl\":\"https:\\\/\\\/cdn.agenciasinc.es\\\/var\\\/ezwebin_site\\\/storage\\\/images\\\/noticias\\\/encuentran-senales-geneticas-comunes-en-14-trastornos-psiquiatricos-distintos\\\/12361952-1-esl-MX\\\/Encuentran-senales-geneticas-comunes-en-14-trastornos-psiquiatricos-distintos.jpg\"},{\"@type\":\"BreadcrumbList\",\"@id\":\"https:\\\/\\\/helloproject.es\\\/vigilancia\\\/por-que-el-dolor-cronico-provoca-depresion-en-algunas-personas-y-en-otras-no\\\/#breadcrumb\",\"itemListElement\":[{\"@type\":\"ListItem\",\"position\":1,\"name\":\"Home\",\"item\":\"https:\\\/\\\/helloproject.es\\\/vigilancia\\\/\"},{\"@type\":\"ListItem\",\"position\":2,\"name\":\"\u00bfPor qu\u00e9 el dolor cr\u00f3nico provoca depresi\u00f3n en algunas personas y en otras no?\"}]},{\"@type\":\"WebSite\",\"@id\":\"https:\\\/\\\/helloproject.es\\\/vigilancia\\\/#website\",\"url\":\"https:\\\/\\\/helloproject.es\\\/vigilancia\\\/\",\"name\":\"bip4ex\",\"description\":\"Vigilancia Tecnol\u00f3gica\",\"publisher\":{\"@id\":\"https:\\\/\\\/helloproject.es\\\/vigilancia\\\/#organization\"},\"potentialAction\":[{\"@type\":\"SearchAction\",\"target\":{\"@type\":\"EntryPoint\",\"urlTemplate\":\"https:\\\/\\\/helloproject.es\\\/vigilancia\\\/?s={search_term_string}\"},\"query-input\":{\"@type\":\"PropertyValueSpecification\",\"valueRequired\":true,\"valueName\":\"search_term_string\"}}],\"inLanguage\":\"es\"},{\"@type\":\"Organization\",\"@id\":\"https:\\\/\\\/helloproject.es\\\/vigilancia\\\/#organization\",\"name\":\"Helloproject.es\",\"url\":\"https:\\\/\\\/helloproject.es\\\/vigilancia\\\/\",\"logo\":{\"@type\":\"ImageObject\",\"inLanguage\":\"es\",\"@id\":\"https:\\\/\\\/helloproject.es\\\/vigilancia\\\/#\\\/schema\\\/logo\\\/image\\\/\",\"url\":\"https:\\\/\\\/helloproject.es\\\/vigilancia\\\/wp-content\\\/uploads\\\/2023\\\/07\\\/bip4ex.png\",\"contentUrl\":\"https:\\\/\\\/helloproject.es\\\/vigilancia\\\/wp-content\\\/uploads\\\/2023\\\/07\\\/bip4ex.png\",\"width\":322,\"height\":365,\"caption\":\"Helloproject.es\"},\"image\":{\"@id\":\"https:\\\/\\\/helloproject.es\\\/vigilancia\\\/#\\\/schema\\\/logo\\\/image\\\/\"}},{\"@type\":\"Person\",\"@id\":\"https:\\\/\\\/helloproject.es\\\/vigilancia\\\/#\\\/schema\\\/person\\\/3767b0619d59a11570372c821f8619ca\",\"name\":\"Luis Miguel Mej\u00edas Ramos\",\"url\":\"https:\\\/\\\/helloproject.es\\\/vigilancia\\\/author\\\/luismi\\\/\"}]}<\/script>\n<!-- \/ Yoast SEO Premium plugin. -->","yoast_head_json":{"title":"\u00bfPor qu\u00e9 el dolor cr\u00f3nico provoca depresi\u00f3n en algunas personas y en otras no? - bip4ex","robots":{"index":"index","follow":"follow","max-snippet":"max-snippet:-1","max-image-preview":"max-image-preview:large","max-video-preview":"max-video-preview:-1"},"canonical":"https:\/\/helloproject.es\/vigilancia\/por-que-el-dolor-cronico-provoca-depresion-en-algunas-personas-y-en-otras-no\/","og_locale":"es_ES","og_type":"article","og_title":"\u00bfPor qu\u00e9 el dolor cr\u00f3nico provoca depresi\u00f3n en algunas personas y en otras no?","og_description":"Descubierto el mecanismo que explica por qu\u00e9 el\u00a0dolor cr\u00f3nico\u00a0genera depresi\u00f3n en algunas personas y en otras no. Un estudio, publicado en\u00a0Science, rechaza la idea de que sea una consecuencia directa de esta enfermedad y afirma que su origen se localiza en el hipocampo cerebral.\u00a0 Tras analizar esc\u00e1neres humanos y experimentos animales, los investigadores descubrieron que [&hellip;]","og_url":"https:\/\/helloproject.es\/vigilancia\/por-que-el-dolor-cronico-provoca-depresion-en-algunas-personas-y-en-otras-no\/","og_site_name":"bip4ex","article_published_time":"2026-03-19T18:28:11+00:00","og_image":[{"url":"https:\/\/cdn.agenciasinc.es\/var\/ezwebin_site\/storage\/images\/noticias\/encuentran-senales-geneticas-comunes-en-14-trastornos-psiquiatricos-distintos\/12361952-1-esl-MX\/Encuentran-senales-geneticas-comunes-en-14-trastornos-psiquiatricos-distintos.jpg","type":"","width":"","height":""}],"author":"Luis Miguel Mej\u00edas Ramos","twitter_card":"summary_large_image","twitter_misc":{"Escrito por":"Luis Miguel Mej\u00edas Ramos","Tiempo de lectura":"4 minutos"},"schema":{"@context":"https:\/\/schema.org","@graph":[{"@type":"Article","@id":"https:\/\/helloproject.es\/vigilancia\/por-que-el-dolor-cronico-provoca-depresion-en-algunas-personas-y-en-otras-no\/#article","isPartOf":{"@id":"https:\/\/helloproject.es\/vigilancia\/por-que-el-dolor-cronico-provoca-depresion-en-algunas-personas-y-en-otras-no\/"},"author":{"name":"Luis Miguel Mej\u00edas Ramos","@id":"https:\/\/helloproject.es\/vigilancia\/#\/schema\/person\/3767b0619d59a11570372c821f8619ca"},"headline":"\u00bfPor qu\u00e9 el dolor cr\u00f3nico provoca depresi\u00f3n en algunas personas y en otras no?","datePublished":"2026-03-19T18:28:11+00:00","mainEntityOfPage":{"@id":"https:\/\/helloproject.es\/vigilancia\/por-que-el-dolor-cronico-provoca-depresion-en-algunas-personas-y-en-otras-no\/"},"wordCount":781,"publisher":{"@id":"https:\/\/helloproject.es\/vigilancia\/#organization"},"image":{"@id":"https:\/\/helloproject.es\/vigilancia\/por-que-el-dolor-cronico-provoca-depresion-en-algunas-personas-y-en-otras-no\/#primaryimage"},"thumbnailUrl":"https:\/\/cdn.agenciasinc.es\/var\/ezwebin_site\/storage\/images\/noticias\/encuentran-senales-geneticas-comunes-en-14-trastornos-psiquiatricos-distintos\/12361952-1-esl-MX\/Encuentran-senales-geneticas-comunes-en-14-trastornos-psiquiatricos-distintos.jpg","articleSection":["Noticias"],"inLanguage":"es"},{"@type":"WebPage","@id":"https:\/\/helloproject.es\/vigilancia\/por-que-el-dolor-cronico-provoca-depresion-en-algunas-personas-y-en-otras-no\/","url":"https:\/\/helloproject.es\/vigilancia\/por-que-el-dolor-cronico-provoca-depresion-en-algunas-personas-y-en-otras-no\/","name":"\u00bfPor qu\u00e9 el dolor cr\u00f3nico provoca depresi\u00f3n en algunas personas y en otras no? - bip4ex","isPartOf":{"@id":"https:\/\/helloproject.es\/vigilancia\/#website"},"primaryImageOfPage":{"@id":"https:\/\/helloproject.es\/vigilancia\/por-que-el-dolor-cronico-provoca-depresion-en-algunas-personas-y-en-otras-no\/#primaryimage"},"image":{"@id":"https:\/\/helloproject.es\/vigilancia\/por-que-el-dolor-cronico-provoca-depresion-en-algunas-personas-y-en-otras-no\/#primaryimage"},"thumbnailUrl":"https:\/\/cdn.agenciasinc.es\/var\/ezwebin_site\/storage\/images\/noticias\/encuentran-senales-geneticas-comunes-en-14-trastornos-psiquiatricos-distintos\/12361952-1-esl-MX\/Encuentran-senales-geneticas-comunes-en-14-trastornos-psiquiatricos-distintos.jpg","datePublished":"2026-03-19T18:28:11+00:00","breadcrumb":{"@id":"https:\/\/helloproject.es\/vigilancia\/por-que-el-dolor-cronico-provoca-depresion-en-algunas-personas-y-en-otras-no\/#breadcrumb"},"inLanguage":"es","potentialAction":[{"@type":"ReadAction","target":["https:\/\/helloproject.es\/vigilancia\/por-que-el-dolor-cronico-provoca-depresion-en-algunas-personas-y-en-otras-no\/"]}]},{"@type":"ImageObject","inLanguage":"es","@id":"https:\/\/helloproject.es\/vigilancia\/por-que-el-dolor-cronico-provoca-depresion-en-algunas-personas-y-en-otras-no\/#primaryimage","url":"https:\/\/cdn.agenciasinc.es\/var\/ezwebin_site\/storage\/images\/noticias\/encuentran-senales-geneticas-comunes-en-14-trastornos-psiquiatricos-distintos\/12361952-1-esl-MX\/Encuentran-senales-geneticas-comunes-en-14-trastornos-psiquiatricos-distintos.jpg","contentUrl":"https:\/\/cdn.agenciasinc.es\/var\/ezwebin_site\/storage\/images\/noticias\/encuentran-senales-geneticas-comunes-en-14-trastornos-psiquiatricos-distintos\/12361952-1-esl-MX\/Encuentran-senales-geneticas-comunes-en-14-trastornos-psiquiatricos-distintos.jpg"},{"@type":"BreadcrumbList","@id":"https:\/\/helloproject.es\/vigilancia\/por-que-el-dolor-cronico-provoca-depresion-en-algunas-personas-y-en-otras-no\/#breadcrumb","itemListElement":[{"@type":"ListItem","position":1,"name":"Home","item":"https:\/\/helloproject.es\/vigilancia\/"},{"@type":"ListItem","position":2,"name":"\u00bfPor qu\u00e9 el dolor cr\u00f3nico provoca depresi\u00f3n en algunas personas y en otras no?"}]},{"@type":"WebSite","@id":"https:\/\/helloproject.es\/vigilancia\/#website","url":"https:\/\/helloproject.es\/vigilancia\/","name":"bip4ex","description":"Vigilancia Tecnol\u00f3gica","publisher":{"@id":"https:\/\/helloproject.es\/vigilancia\/#organization"},"potentialAction":[{"@type":"SearchAction","target":{"@type":"EntryPoint","urlTemplate":"https:\/\/helloproject.es\/vigilancia\/?s={search_term_string}"},"query-input":{"@type":"PropertyValueSpecification","valueRequired":true,"valueName":"search_term_string"}}],"inLanguage":"es"},{"@type":"Organization","@id":"https:\/\/helloproject.es\/vigilancia\/#organization","name":"Helloproject.es","url":"https:\/\/helloproject.es\/vigilancia\/","logo":{"@type":"ImageObject","inLanguage":"es","@id":"https:\/\/helloproject.es\/vigilancia\/#\/schema\/logo\/image\/","url":"https:\/\/helloproject.es\/vigilancia\/wp-content\/uploads\/2023\/07\/bip4ex.png","contentUrl":"https:\/\/helloproject.es\/vigilancia\/wp-content\/uploads\/2023\/07\/bip4ex.png","width":322,"height":365,"caption":"Helloproject.es"},"image":{"@id":"https:\/\/helloproject.es\/vigilancia\/#\/schema\/logo\/image\/"}},{"@type":"Person","@id":"https:\/\/helloproject.es\/vigilancia\/#\/schema\/person\/3767b0619d59a11570372c821f8619ca","name":"Luis Miguel Mej\u00edas Ramos","url":"https:\/\/helloproject.es\/vigilancia\/author\/luismi\/"}]}},"_links":{"self":[{"href":"https:\/\/helloproject.es\/vigilancia\/wp-json\/wp\/v2\/posts\/201015","targetHints":{"allow":["GET"]}}],"collection":[{"href":"https:\/\/helloproject.es\/vigilancia\/wp-json\/wp\/v2\/posts"}],"about":[{"href":"https:\/\/helloproject.es\/vigilancia\/wp-json\/wp\/v2\/types\/post"}],"author":[{"embeddable":true,"href":"https:\/\/helloproject.es\/vigilancia\/wp-json\/wp\/v2\/users\/5"}],"replies":[{"embeddable":true,"href":"https:\/\/helloproject.es\/vigilancia\/wp-json\/wp\/v2\/comments?post=201015"}],"version-history":[{"count":0,"href":"https:\/\/helloproject.es\/vigilancia\/wp-json\/wp\/v2\/posts\/201015\/revisions"}],"wp:attachment":[{"href":"https:\/\/helloproject.es\/vigilancia\/wp-json\/wp\/v2\/media?parent=201015"}],"wp:term":[{"taxonomy":"category","embeddable":true,"href":"https:\/\/helloproject.es\/vigilancia\/wp-json\/wp\/v2\/categories?post=201015"},{"taxonomy":"post_tag","embeddable":true,"href":"https:\/\/helloproject.es\/vigilancia\/wp-json\/wp\/v2\/tags?post=201015"}],"curies":[{"name":"wp","href":"https:\/\/api.w.org\/{rel}","templated":true}]}}