{"id":201150,"date":"2026-03-20T11:28:42","date_gmt":"2026-03-20T10:28:42","guid":{"rendered":"https:\/\/helloproject.es\/vigilancia\/teruel-hace-127-millones-de-anos-tierra-de-dinosaurios-tiburones-y-otros-vertebrados-del-cretacico\/"},"modified":"2026-03-20T11:28:42","modified_gmt":"2026-03-20T10:28:42","slug":"teruel-hace-127-millones-de-anos-tierra-de-dinosaurios-tiburones-y-otros-vertebrados-del-cretacico","status":"publish","type":"post","link":"https:\/\/helloproject.es\/vigilancia\/teruel-hace-127-millones-de-anos-tierra-de-dinosaurios-tiburones-y-otros-vertebrados-del-cretacico\/","title":{"rendered":"Teruel hace 127 millones de a\u00f1os: tierra de dinosaurios, tiburones y otros vertebrados del Cret\u00e1cico"},"content":{"rendered":"<p>La Fundaci\u00f3n Conjunto Paleontol\u00f3gico de Teruel-Din\u00f3polis ha realizado una nueva investigaci\u00f3n, que ha sido publicada en la prestigiosa revista cient\u00edfica\u00a0Cretaceous Research,\u00a0y que ampl\u00eda de manera significativa el conocimiento sobre las faunas de vertebrados del Cret\u00e1cico Inferior en la provincia de Teruel.\u00a0<\/p>\n<p>El estudio analiza diversos f\u00f3siles procedentes de diez yacimientos localizados en los municipios de El Castellar, Cabra de Mora y Mora de Rubielos (Teruel, Espa\u00f1a).\u00a0<\/p>\n<p>El estudio analiza diversos f\u00f3siles procedentes de diez yacimientos localizados en los municipios de El Castellar, Cabra de Mora y Mora de Rubielos (Teruel, Espa\u00f1a)<\/p>\n<p>En concreto, y desde un punto de vista geol\u00f3gico, estos yacimientos se localizan en rocas de una edad de Hauteriviense superior\u2013Barremiense inferior (Formaci\u00f3n El Castellar), que tuvieron su origen en un amplio sistema de humedales costeros, con ambientes lacustres, palustres y fluviales de hace en torno a unos 127 a 125 millones de a\u00f1os.<\/p>\n<p>Seg\u00fan Josu\u00e9 Garc\u00eda Cobe\u00f1a, primer autor de la publicaci\u00f3n, \u00abla gran diversidad faun\u00edstica reconocida a trav\u00e9s de los f\u00f3siles incluye principalmente dinosaurios ornit\u00f3podos\u00a0(caracterizados por comer plantas, presentar un pico c\u00f3rneo, carecer de &#8216;armadura&#8217; y por poder caminar de forma cuadr\u00fapeda y\/o b\u00edpeda).\u00a0Entre los dinosaurios identificados destacan fundamentalmente los\u00a0grandes ornit\u00f3podos estiracosternos, grupo al que pertenecen el ic\u00f3nico\u00a0Iguanodon\u00a0y otro de mediano tama\u00f1o similar a\u00a0Morelladon\u00bb.<\/p>\n<p><a><\/a><\/p>\n<h2>Alta diversidad faun\u00edstica en El Castellar<\/h2>\n<p>Tambi\u00e9n se han reconocido dientes f\u00f3siles de dinosaurios\u00a0saur\u00f3podos\u00a0(herb\u00edvoros de cuello y cola largos y cuadr\u00fapedos), como los\u00a0titanosauriformes, y de\u00a0ter\u00f3podos\u00a0(carn\u00edvoros y b\u00edpedos), como los\u00a0espinos\u00e1uridos\u00a0(principalmente pisc\u00edvoros y ligados a ambientes acu\u00e1ticos), as\u00ed como formas afines a los\u00a0carcarodontos\u00e1uridos\u00a0(considerados los superdepredadores de estos ecosistemas). A ello se suma una variada fauna, con\u00a0tortugas\u00a0terrestres y acu\u00e1ticas,\u00a0cocodrilos y tiburones.<\/p>\n<p>ambi\u00e9n se han reconocido dientes f\u00f3siles de\u00a0dinosaurios\u00a0saur\u00f3podos, como los\u00a0titanosauriformes, y de\u00a0ter\u00f3podos<\/p>\n<p>Seg\u00fan Alberto Cobos, autor de la publicaci\u00f3n y director-gerente de la Fundaci\u00f3n Din\u00f3polis, \u00abel estudio pone de manifiesto la\u00a0elevada diversidad faun\u00edstica albergada en la Formaci\u00f3n El Castellar, que es comparable a la documentada en otros yacimientos coet\u00e1neos del Cret\u00e1cico Inferior de Espa\u00f1a, Portugal y el sur del Reino Unido, entre otros.\u00a0Esto apoya estudios previos sobre la\u00a0existencia de conexiones faun\u00edsticas entre estas (y posiblemente otras) zonas geogr\u00e1ficas y refuerza el papel de estos humedales como entornos especialmente favorables para estos vertebrados\u00bb.<\/p>\n<p>Referencia:<\/p>\n<p>Josu\u00e9 Garc\u00eda Cobe\u00f1a, Sergio S\u00e1nchez Fenollosa, Pablo Cabrera Argudo y Alberto Cobos.\u00a0\u00abThe oldest dinosaurs and other vertebrates from the Cretaceous of southwestern Maestrazgo Basin (Teruel, Spain)\u00bb.\u00a0<a href=\"https:\/\/www.sciencedirect.com\/science\/article\/abs\/pii\/S0195667126000510\" target=\"_blank\">Cretaceous Research<\/a>.\u00a0<\/p>","protected":false},"excerpt":{"rendered":"<p>La Fundaci\u00f3n Conjunto Paleontol\u00f3gico de Teruel-Din\u00f3polis ha realizado una nueva investigaci\u00f3n, que ha sido publicada en la prestigiosa revista cient\u00edfica\u00a0Cretaceous Research,\u00a0y que ampl\u00eda de manera significativa el conocimiento sobre las faunas de vertebrados del Cret\u00e1cico Inferior en la provincia de Teruel.\u00a0 El estudio analiza diversos f\u00f3siles procedentes de diez yacimientos localizados en los municipios de [&hellip;]<\/p>\n","protected":false},"author":5,"featured_media":0,"comment_status":"","ping_status":"","sticky":false,"template":"","format":"standard","meta":{"site-sidebar-layout":"default","site-content-layout":"","ast-site-content-layout":"default","site-content-style":"default","site-sidebar-style":"default","ast-global-header-display":"","ast-banner-title-visibility":"","ast-main-header-display":"","ast-hfb-above-header-display":"","ast-hfb-below-header-display":"","ast-hfb-mobile-header-display":"","site-post-title":"","ast-breadcrumbs-content":"","ast-featured-img":"","footer-sml-layout":"","ast-disable-related-posts":"","theme-transparent-header-meta":"","adv-header-id-meta":"","stick-header-meta":"","header-above-stick-meta":"","header-main-stick-meta":"","header-below-stick-meta":"","astra-migrate-meta-layouts":"default","ast-page-background-enabled":"default","ast-page-background-meta":{"desktop":{"background-color":"var(--ast-global-color-4)","background-image":"","background-repeat":"repeat","background-position":"center center","background-size":"auto","background-attachment":"scroll","background-type":"","background-media":"","overlay-type":"","overlay-color":"","overlay-opacity":"","overlay-gradient":""},"tablet":{"background-color":"","background-image":"","background-repeat":"repeat","background-position":"center center","background-size":"auto","background-attachment":"scroll","background-type":"","background-media":"","overlay-type":"","overlay-color":"","overlay-opacity":"","overlay-gradient":""},"mobile":{"background-color":"","background-image":"","background-repeat":"repeat","background-position":"center center","background-size":"auto","background-attachment":"scroll","background-type":"","background-media":"","overlay-type":"","overlay-color":"","overlay-opacity":"","overlay-gradient":""}},"ast-content-background-meta":{"desktop":{"background-color":"var(--ast-global-color-5)","background-image":"","background-repeat":"repeat","background-position":"center center","background-size":"auto","background-attachment":"scroll","background-type":"","background-media":"","overlay-type":"","overlay-color":"","overlay-opacity":"","overlay-gradient":""},"tablet":{"background-color":"var(--ast-global-color-5)","background-image":"","background-repeat":"repeat","background-position":"center center","background-size":"auto","background-attachment":"scroll","background-type":"","background-media":"","overlay-type":"","overlay-color":"","overlay-opacity":"","overlay-gradient":""},"mobile":{"background-color":"var(--ast-global-color-5)","background-image":"","background-repeat":"repeat","background-position":"center center","background-size":"auto","background-attachment":"scroll","background-type":"","background-media":"","overlay-type":"","overlay-color":"","overlay-opacity":"","overlay-gradient":""}},"footnotes":""},"categories":[5],"tags":[],"class_list":["post-201150","post","type-post","status-publish","format-standard","hentry","category-noticias"],"yoast_head":"<!-- This site is optimized with the Yoast SEO Premium plugin v20.9 (Yoast SEO v27.4) - https:\/\/yoast.com\/product\/yoast-seo-premium-wordpress\/ -->\n<title>Teruel hace 127 millones de a\u00f1os: tierra de dinosaurios, tiburones y otros vertebrados del Cret\u00e1cico - bip4ex<\/title>\n<meta name=\"robots\" content=\"index, follow, max-snippet:-1, max-image-preview:large, max-video-preview:-1\" \/>\n<link rel=\"canonical\" href=\"https:\/\/helloproject.es\/vigilancia\/teruel-hace-127-millones-de-anos-tierra-de-dinosaurios-tiburones-y-otros-vertebrados-del-cretacico\/\" \/>\n<meta property=\"og:locale\" content=\"es_ES\" \/>\n<meta property=\"og:type\" content=\"article\" \/>\n<meta property=\"og:title\" content=\"Teruel hace 127 millones de a\u00f1os: tierra de dinosaurios, tiburones y otros vertebrados del Cret\u00e1cico\" \/>\n<meta property=\"og:description\" content=\"La Fundaci\u00f3n Conjunto Paleontol\u00f3gico de Teruel-Din\u00f3polis ha realizado una nueva investigaci\u00f3n, que ha sido publicada en la prestigiosa revista cient\u00edfica\u00a0Cretaceous Research,\u00a0y que ampl\u00eda de manera significativa el conocimiento sobre las faunas de vertebrados del Cret\u00e1cico Inferior en la provincia de Teruel.\u00a0 El estudio analiza diversos f\u00f3siles procedentes de diez yacimientos localizados en los municipios de [&hellip;]\" \/>\n<meta property=\"og:url\" content=\"https:\/\/helloproject.es\/vigilancia\/teruel-hace-127-millones-de-anos-tierra-de-dinosaurios-tiburones-y-otros-vertebrados-del-cretacico\/\" \/>\n<meta property=\"og:site_name\" content=\"bip4ex\" \/>\n<meta property=\"article:published_time\" content=\"2026-03-20T10:28:42+00:00\" \/>\n<meta name=\"author\" content=\"Luis Miguel Mej\u00edas Ramos\" \/>\n<meta name=\"twitter:card\" content=\"summary_large_image\" \/>\n<meta name=\"twitter:label1\" content=\"Escrito por\" \/>\n\t<meta name=\"twitter:data1\" content=\"Luis Miguel Mej\u00edas Ramos\" \/>\n\t<meta name=\"twitter:label2\" content=\"Tiempo de lectura\" \/>\n\t<meta name=\"twitter:data2\" content=\"2 minutos\" \/>\n<script type=\"application\/ld+json\" class=\"yoast-schema-graph\">{\"@context\":\"https:\\\/\\\/schema.org\",\"@graph\":[{\"@type\":\"Article\",\"@id\":\"https:\\\/\\\/helloproject.es\\\/vigilancia\\\/teruel-hace-127-millones-de-anos-tierra-de-dinosaurios-tiburones-y-otros-vertebrados-del-cretacico\\\/#article\",\"isPartOf\":{\"@id\":\"https:\\\/\\\/helloproject.es\\\/vigilancia\\\/teruel-hace-127-millones-de-anos-tierra-de-dinosaurios-tiburones-y-otros-vertebrados-del-cretacico\\\/\"},\"author\":{\"name\":\"Luis Miguel Mej\u00edas Ramos\",\"@id\":\"https:\\\/\\\/helloproject.es\\\/vigilancia\\\/#\\\/schema\\\/person\\\/3767b0619d59a11570372c821f8619ca\"},\"headline\":\"Teruel hace 127 millones de a\u00f1os: tierra de dinosaurios, tiburones y otros vertebrados del Cret\u00e1cico\",\"datePublished\":\"2026-03-20T10:28:42+00:00\",\"mainEntityOfPage\":{\"@id\":\"https:\\\/\\\/helloproject.es\\\/vigilancia\\\/teruel-hace-127-millones-de-anos-tierra-de-dinosaurios-tiburones-y-otros-vertebrados-del-cretacico\\\/\"},\"wordCount\":489,\"publisher\":{\"@id\":\"https:\\\/\\\/helloproject.es\\\/vigilancia\\\/#organization\"},\"articleSection\":[\"Noticias\"],\"inLanguage\":\"es\"},{\"@type\":\"WebPage\",\"@id\":\"https:\\\/\\\/helloproject.es\\\/vigilancia\\\/teruel-hace-127-millones-de-anos-tierra-de-dinosaurios-tiburones-y-otros-vertebrados-del-cretacico\\\/\",\"url\":\"https:\\\/\\\/helloproject.es\\\/vigilancia\\\/teruel-hace-127-millones-de-anos-tierra-de-dinosaurios-tiburones-y-otros-vertebrados-del-cretacico\\\/\",\"name\":\"Teruel hace 127 millones de a\u00f1os: tierra de dinosaurios, tiburones y otros vertebrados del Cret\u00e1cico - bip4ex\",\"isPartOf\":{\"@id\":\"https:\\\/\\\/helloproject.es\\\/vigilancia\\\/#website\"},\"datePublished\":\"2026-03-20T10:28:42+00:00\",\"breadcrumb\":{\"@id\":\"https:\\\/\\\/helloproject.es\\\/vigilancia\\\/teruel-hace-127-millones-de-anos-tierra-de-dinosaurios-tiburones-y-otros-vertebrados-del-cretacico\\\/#breadcrumb\"},\"inLanguage\":\"es\",\"potentialAction\":[{\"@type\":\"ReadAction\",\"target\":[\"https:\\\/\\\/helloproject.es\\\/vigilancia\\\/teruel-hace-127-millones-de-anos-tierra-de-dinosaurios-tiburones-y-otros-vertebrados-del-cretacico\\\/\"]}]},{\"@type\":\"BreadcrumbList\",\"@id\":\"https:\\\/\\\/helloproject.es\\\/vigilancia\\\/teruel-hace-127-millones-de-anos-tierra-de-dinosaurios-tiburones-y-otros-vertebrados-del-cretacico\\\/#breadcrumb\",\"itemListElement\":[{\"@type\":\"ListItem\",\"position\":1,\"name\":\"Home\",\"item\":\"https:\\\/\\\/helloproject.es\\\/vigilancia\\\/\"},{\"@type\":\"ListItem\",\"position\":2,\"name\":\"Teruel hace 127 millones de a\u00f1os: tierra de dinosaurios, tiburones y otros vertebrados del Cret\u00e1cico\"}]},{\"@type\":\"WebSite\",\"@id\":\"https:\\\/\\\/helloproject.es\\\/vigilancia\\\/#website\",\"url\":\"https:\\\/\\\/helloproject.es\\\/vigilancia\\\/\",\"name\":\"bip4ex\",\"description\":\"Vigilancia Tecnol\u00f3gica\",\"publisher\":{\"@id\":\"https:\\\/\\\/helloproject.es\\\/vigilancia\\\/#organization\"},\"potentialAction\":[{\"@type\":\"SearchAction\",\"target\":{\"@type\":\"EntryPoint\",\"urlTemplate\":\"https:\\\/\\\/helloproject.es\\\/vigilancia\\\/?s={search_term_string}\"},\"query-input\":{\"@type\":\"PropertyValueSpecification\",\"valueRequired\":true,\"valueName\":\"search_term_string\"}}],\"inLanguage\":\"es\"},{\"@type\":\"Organization\",\"@id\":\"https:\\\/\\\/helloproject.es\\\/vigilancia\\\/#organization\",\"name\":\"Helloproject.es\",\"url\":\"https:\\\/\\\/helloproject.es\\\/vigilancia\\\/\",\"logo\":{\"@type\":\"ImageObject\",\"inLanguage\":\"es\",\"@id\":\"https:\\\/\\\/helloproject.es\\\/vigilancia\\\/#\\\/schema\\\/logo\\\/image\\\/\",\"url\":\"https:\\\/\\\/helloproject.es\\\/vigilancia\\\/wp-content\\\/uploads\\\/2023\\\/07\\\/bip4ex.png\",\"contentUrl\":\"https:\\\/\\\/helloproject.es\\\/vigilancia\\\/wp-content\\\/uploads\\\/2023\\\/07\\\/bip4ex.png\",\"width\":322,\"height\":365,\"caption\":\"Helloproject.es\"},\"image\":{\"@id\":\"https:\\\/\\\/helloproject.es\\\/vigilancia\\\/#\\\/schema\\\/logo\\\/image\\\/\"}},{\"@type\":\"Person\",\"@id\":\"https:\\\/\\\/helloproject.es\\\/vigilancia\\\/#\\\/schema\\\/person\\\/3767b0619d59a11570372c821f8619ca\",\"name\":\"Luis Miguel Mej\u00edas Ramos\",\"url\":\"https:\\\/\\\/helloproject.es\\\/vigilancia\\\/author\\\/luismi\\\/\"}]}<\/script>\n<!-- \/ Yoast SEO Premium plugin. -->","yoast_head_json":{"title":"Teruel hace 127 millones de a\u00f1os: tierra de dinosaurios, tiburones y otros vertebrados del Cret\u00e1cico - bip4ex","robots":{"index":"index","follow":"follow","max-snippet":"max-snippet:-1","max-image-preview":"max-image-preview:large","max-video-preview":"max-video-preview:-1"},"canonical":"https:\/\/helloproject.es\/vigilancia\/teruel-hace-127-millones-de-anos-tierra-de-dinosaurios-tiburones-y-otros-vertebrados-del-cretacico\/","og_locale":"es_ES","og_type":"article","og_title":"Teruel hace 127 millones de a\u00f1os: tierra de dinosaurios, tiburones y otros vertebrados del Cret\u00e1cico","og_description":"La Fundaci\u00f3n Conjunto Paleontol\u00f3gico de Teruel-Din\u00f3polis ha realizado una nueva investigaci\u00f3n, que ha sido publicada en la prestigiosa revista cient\u00edfica\u00a0Cretaceous Research,\u00a0y que ampl\u00eda de manera significativa el conocimiento sobre las faunas de vertebrados del Cret\u00e1cico Inferior en la provincia de Teruel.\u00a0 El estudio analiza diversos f\u00f3siles procedentes de diez yacimientos localizados en los municipios de [&hellip;]","og_url":"https:\/\/helloproject.es\/vigilancia\/teruel-hace-127-millones-de-anos-tierra-de-dinosaurios-tiburones-y-otros-vertebrados-del-cretacico\/","og_site_name":"bip4ex","article_published_time":"2026-03-20T10:28:42+00:00","author":"Luis Miguel Mej\u00edas Ramos","twitter_card":"summary_large_image","twitter_misc":{"Escrito por":"Luis Miguel Mej\u00edas Ramos","Tiempo de lectura":"2 minutos"},"schema":{"@context":"https:\/\/schema.org","@graph":[{"@type":"Article","@id":"https:\/\/helloproject.es\/vigilancia\/teruel-hace-127-millones-de-anos-tierra-de-dinosaurios-tiburones-y-otros-vertebrados-del-cretacico\/#article","isPartOf":{"@id":"https:\/\/helloproject.es\/vigilancia\/teruel-hace-127-millones-de-anos-tierra-de-dinosaurios-tiburones-y-otros-vertebrados-del-cretacico\/"},"author":{"name":"Luis Miguel Mej\u00edas Ramos","@id":"https:\/\/helloproject.es\/vigilancia\/#\/schema\/person\/3767b0619d59a11570372c821f8619ca"},"headline":"Teruel hace 127 millones de a\u00f1os: tierra de dinosaurios, tiburones y otros vertebrados del Cret\u00e1cico","datePublished":"2026-03-20T10:28:42+00:00","mainEntityOfPage":{"@id":"https:\/\/helloproject.es\/vigilancia\/teruel-hace-127-millones-de-anos-tierra-de-dinosaurios-tiburones-y-otros-vertebrados-del-cretacico\/"},"wordCount":489,"publisher":{"@id":"https:\/\/helloproject.es\/vigilancia\/#organization"},"articleSection":["Noticias"],"inLanguage":"es"},{"@type":"WebPage","@id":"https:\/\/helloproject.es\/vigilancia\/teruel-hace-127-millones-de-anos-tierra-de-dinosaurios-tiburones-y-otros-vertebrados-del-cretacico\/","url":"https:\/\/helloproject.es\/vigilancia\/teruel-hace-127-millones-de-anos-tierra-de-dinosaurios-tiburones-y-otros-vertebrados-del-cretacico\/","name":"Teruel hace 127 millones de a\u00f1os: tierra de dinosaurios, tiburones y otros vertebrados del Cret\u00e1cico - bip4ex","isPartOf":{"@id":"https:\/\/helloproject.es\/vigilancia\/#website"},"datePublished":"2026-03-20T10:28:42+00:00","breadcrumb":{"@id":"https:\/\/helloproject.es\/vigilancia\/teruel-hace-127-millones-de-anos-tierra-de-dinosaurios-tiburones-y-otros-vertebrados-del-cretacico\/#breadcrumb"},"inLanguage":"es","potentialAction":[{"@type":"ReadAction","target":["https:\/\/helloproject.es\/vigilancia\/teruel-hace-127-millones-de-anos-tierra-de-dinosaurios-tiburones-y-otros-vertebrados-del-cretacico\/"]}]},{"@type":"BreadcrumbList","@id":"https:\/\/helloproject.es\/vigilancia\/teruel-hace-127-millones-de-anos-tierra-de-dinosaurios-tiburones-y-otros-vertebrados-del-cretacico\/#breadcrumb","itemListElement":[{"@type":"ListItem","position":1,"name":"Home","item":"https:\/\/helloproject.es\/vigilancia\/"},{"@type":"ListItem","position":2,"name":"Teruel hace 127 millones de a\u00f1os: tierra de dinosaurios, tiburones y otros vertebrados del Cret\u00e1cico"}]},{"@type":"WebSite","@id":"https:\/\/helloproject.es\/vigilancia\/#website","url":"https:\/\/helloproject.es\/vigilancia\/","name":"bip4ex","description":"Vigilancia Tecnol\u00f3gica","publisher":{"@id":"https:\/\/helloproject.es\/vigilancia\/#organization"},"potentialAction":[{"@type":"SearchAction","target":{"@type":"EntryPoint","urlTemplate":"https:\/\/helloproject.es\/vigilancia\/?s={search_term_string}"},"query-input":{"@type":"PropertyValueSpecification","valueRequired":true,"valueName":"search_term_string"}}],"inLanguage":"es"},{"@type":"Organization","@id":"https:\/\/helloproject.es\/vigilancia\/#organization","name":"Helloproject.es","url":"https:\/\/helloproject.es\/vigilancia\/","logo":{"@type":"ImageObject","inLanguage":"es","@id":"https:\/\/helloproject.es\/vigilancia\/#\/schema\/logo\/image\/","url":"https:\/\/helloproject.es\/vigilancia\/wp-content\/uploads\/2023\/07\/bip4ex.png","contentUrl":"https:\/\/helloproject.es\/vigilancia\/wp-content\/uploads\/2023\/07\/bip4ex.png","width":322,"height":365,"caption":"Helloproject.es"},"image":{"@id":"https:\/\/helloproject.es\/vigilancia\/#\/schema\/logo\/image\/"}},{"@type":"Person","@id":"https:\/\/helloproject.es\/vigilancia\/#\/schema\/person\/3767b0619d59a11570372c821f8619ca","name":"Luis Miguel Mej\u00edas Ramos","url":"https:\/\/helloproject.es\/vigilancia\/author\/luismi\/"}]}},"_links":{"self":[{"href":"https:\/\/helloproject.es\/vigilancia\/wp-json\/wp\/v2\/posts\/201150","targetHints":{"allow":["GET"]}}],"collection":[{"href":"https:\/\/helloproject.es\/vigilancia\/wp-json\/wp\/v2\/posts"}],"about":[{"href":"https:\/\/helloproject.es\/vigilancia\/wp-json\/wp\/v2\/types\/post"}],"author":[{"embeddable":true,"href":"https:\/\/helloproject.es\/vigilancia\/wp-json\/wp\/v2\/users\/5"}],"replies":[{"embeddable":true,"href":"https:\/\/helloproject.es\/vigilancia\/wp-json\/wp\/v2\/comments?post=201150"}],"version-history":[{"count":0,"href":"https:\/\/helloproject.es\/vigilancia\/wp-json\/wp\/v2\/posts\/201150\/revisions"}],"wp:attachment":[{"href":"https:\/\/helloproject.es\/vigilancia\/wp-json\/wp\/v2\/media?parent=201150"}],"wp:term":[{"taxonomy":"category","embeddable":true,"href":"https:\/\/helloproject.es\/vigilancia\/wp-json\/wp\/v2\/categories?post=201150"},{"taxonomy":"post_tag","embeddable":true,"href":"https:\/\/helloproject.es\/vigilancia\/wp-json\/wp\/v2\/tags?post=201150"}],"curies":[{"name":"wp","href":"https:\/\/api.w.org\/{rel}","templated":true}]}}