{"id":201161,"date":"2026-03-20T13:17:30","date_gmt":"2026-03-20T12:17:30","guid":{"rendered":"https:\/\/helloproject.es\/vigilancia\/la-percepcion-ciudadana-del-sistema-sanitario-varia-significativamente-segun-la-comunidad-autonoma-de-residencia\/"},"modified":"2026-03-20T13:17:30","modified_gmt":"2026-03-20T12:17:30","slug":"la-percepcion-ciudadana-del-sistema-sanitario-varia-significativamente-segun-la-comunidad-autonoma-de-residencia","status":"publish","type":"post","link":"https:\/\/helloproject.es\/vigilancia\/la-percepcion-ciudadana-del-sistema-sanitario-varia-significativamente-segun-la-comunidad-autonoma-de-residencia\/","title":{"rendered":"La percepci\u00f3n ciudadana del sistema sanitario var\u00eda significativamente seg\u00fan la comunidad aut\u00f3noma de residencia"},"content":{"rendered":"<ul>\n<li><strong>La valoraci\u00f3n positiva del sistema sanitario<br \/>\nalcanza el 51,6% a nivel nacional, con una notable variabilidad<br \/>\nentre comunidades aut\u00f3nomas.<\/strong><\/li>\n<li><strong>Cantabria registra la valoraci\u00f3n m\u00e1s alta<br \/>\ncon un 66,4%, frente a Andaluc\u00eda con un 38,8%, lo que supone<br \/>\nuna brecha de 27,6 puntos porcentuales.<\/strong><\/li>\n<li><strong>El 80,8% de la poblaci\u00f3n de 18 y m\u00e1s<br \/>\na\u00f1os ha utilizado los servicios de Atenci\u00f3n Primaria<br \/>\nde la sanidad p\u00fablica en el \u00faltimo a\u00f1o, al<br \/>\nmenos en una ocasi\u00f3n.<\/strong><\/li>\n<li><strong>La ciudadan\u00eda mantiene una clara preferencia por<br \/>\nla sanidad p\u00fablica en hospitalizaci\u00f3n, con un 73,9%<br \/>\nque optar\u00eda por centros p\u00fablicos frente al 23,9% que<br \/>\nelegir\u00eda la atenci\u00f3n privada.<\/strong><\/li>\n<\/ul>","protected":false},"excerpt":{"rendered":"<p>La valoraci\u00f3n positiva del sistema sanitario alcanza el 51,6% a nivel nacional, con una notable variabilidad entre comunidades aut\u00f3nomas. Cantabria registra la valoraci\u00f3n m\u00e1s alta con un 66,4%, frente a Andaluc\u00eda con un 38,8%, lo que supone una brecha de 27,6 puntos porcentuales. El 80,8% de la poblaci\u00f3n de 18 y m\u00e1s a\u00f1os ha utilizado [&hellip;]<\/p>\n","protected":false},"author":5,"featured_media":0,"comment_status":"","ping_status":"","sticky":false,"template":"","format":"standard","meta":{"site-sidebar-layout":"default","site-content-layout":"","ast-site-content-layout":"default","site-content-style":"default","site-sidebar-style":"default","ast-global-header-display":"","ast-banner-title-visibility":"","ast-main-header-display":"","ast-hfb-above-header-display":"","ast-hfb-below-header-display":"","ast-hfb-mobile-header-display":"","site-post-title":"","ast-breadcrumbs-content":"","ast-featured-img":"","footer-sml-layout":"","ast-disable-related-posts":"","theme-transparent-header-meta":"","adv-header-id-meta":"","stick-header-meta":"","header-above-stick-meta":"","header-main-stick-meta":"","header-below-stick-meta":"","astra-migrate-meta-layouts":"default","ast-page-background-enabled":"default","ast-page-background-meta":{"desktop":{"background-color":"var(--ast-global-color-4)","background-image":"","background-repeat":"repeat","background-position":"center center","background-size":"auto","background-attachment":"scroll","background-type":"","background-media":"","overlay-type":"","overlay-color":"","overlay-opacity":"","overlay-gradient":""},"tablet":{"background-color":"","background-image":"","background-repeat":"repeat","background-position":"center center","background-size":"auto","background-attachment":"scroll","background-type":"","background-media":"","overlay-type":"","overlay-color":"","overlay-opacity":"","overlay-gradient":""},"mobile":{"background-color":"","background-image":"","background-repeat":"repeat","background-position":"center center","background-size":"auto","background-attachment":"scroll","background-type":"","background-media":"","overlay-type":"","overlay-color":"","overlay-opacity":"","overlay-gradient":""}},"ast-content-background-meta":{"desktop":{"background-color":"var(--ast-global-color-5)","background-image":"","background-repeat":"repeat","background-position":"center center","background-size":"auto","background-attachment":"scroll","background-type":"","background-media":"","overlay-type":"","overlay-color":"","overlay-opacity":"","overlay-gradient":""},"tablet":{"background-color":"var(--ast-global-color-5)","background-image":"","background-repeat":"repeat","background-position":"center center","background-size":"auto","background-attachment":"scroll","background-type":"","background-media":"","overlay-type":"","overlay-color":"","overlay-opacity":"","overlay-gradient":""},"mobile":{"background-color":"var(--ast-global-color-5)","background-image":"","background-repeat":"repeat","background-position":"center center","background-size":"auto","background-attachment":"scroll","background-type":"","background-media":"","overlay-type":"","overlay-color":"","overlay-opacity":"","overlay-gradient":""}},"footnotes":""},"categories":[5],"tags":[],"class_list":["post-201161","post","type-post","status-publish","format-standard","hentry","category-noticias"],"yoast_head":"<!-- This site is optimized with the Yoast SEO Premium plugin v20.9 (Yoast SEO v27.4) - https:\/\/yoast.com\/product\/yoast-seo-premium-wordpress\/ -->\n<title>La percepci\u00f3n ciudadana del sistema sanitario var\u00eda significativamente seg\u00fan la comunidad aut\u00f3noma de residencia - bip4ex<\/title>\n<meta name=\"robots\" content=\"index, follow, max-snippet:-1, max-image-preview:large, max-video-preview:-1\" \/>\n<link rel=\"canonical\" href=\"https:\/\/helloproject.es\/vigilancia\/la-percepcion-ciudadana-del-sistema-sanitario-varia-significativamente-segun-la-comunidad-autonoma-de-residencia\/\" \/>\n<meta property=\"og:locale\" content=\"es_ES\" \/>\n<meta property=\"og:type\" content=\"article\" \/>\n<meta property=\"og:title\" content=\"La percepci\u00f3n ciudadana del sistema sanitario var\u00eda significativamente seg\u00fan la comunidad aut\u00f3noma de residencia\" \/>\n<meta property=\"og:description\" content=\"La valoraci\u00f3n positiva del sistema sanitario alcanza el 51,6% a nivel nacional, con una notable variabilidad entre comunidades aut\u00f3nomas. Cantabria registra la valoraci\u00f3n m\u00e1s alta con un 66,4%, frente a Andaluc\u00eda con un 38,8%, lo que supone una brecha de 27,6 puntos porcentuales. El 80,8% de la poblaci\u00f3n de 18 y m\u00e1s a\u00f1os ha utilizado [&hellip;]\" \/>\n<meta property=\"og:url\" content=\"https:\/\/helloproject.es\/vigilancia\/la-percepcion-ciudadana-del-sistema-sanitario-varia-significativamente-segun-la-comunidad-autonoma-de-residencia\/\" \/>\n<meta property=\"og:site_name\" content=\"bip4ex\" \/>\n<meta property=\"article:published_time\" content=\"2026-03-20T12:17:30+00:00\" \/>\n<meta name=\"author\" content=\"Luis Miguel Mej\u00edas Ramos\" \/>\n<meta name=\"twitter:card\" content=\"summary_large_image\" \/>\n<meta name=\"twitter:label1\" content=\"Escrito por\" \/>\n\t<meta name=\"twitter:data1\" content=\"Luis Miguel Mej\u00edas Ramos\" \/>\n\t<meta name=\"twitter:label2\" content=\"Tiempo de lectura\" \/>\n\t<meta name=\"twitter:data2\" content=\"1 minuto\" \/>\n<script type=\"application\/ld+json\" class=\"yoast-schema-graph\">{\"@context\":\"https:\\\/\\\/schema.org\",\"@graph\":[{\"@type\":\"Article\",\"@id\":\"https:\\\/\\\/helloproject.es\\\/vigilancia\\\/la-percepcion-ciudadana-del-sistema-sanitario-varia-significativamente-segun-la-comunidad-autonoma-de-residencia\\\/#article\",\"isPartOf\":{\"@id\":\"https:\\\/\\\/helloproject.es\\\/vigilancia\\\/la-percepcion-ciudadana-del-sistema-sanitario-varia-significativamente-segun-la-comunidad-autonoma-de-residencia\\\/\"},\"author\":{\"name\":\"Luis Miguel Mej\u00edas Ramos\",\"@id\":\"https:\\\/\\\/helloproject.es\\\/vigilancia\\\/#\\\/schema\\\/person\\\/3767b0619d59a11570372c821f8619ca\"},\"headline\":\"La percepci\u00f3n ciudadana del sistema sanitario var\u00eda significativamente seg\u00fan la comunidad aut\u00f3noma de residencia\",\"datePublished\":\"2026-03-20T12:17:30+00:00\",\"mainEntityOfPage\":{\"@id\":\"https:\\\/\\\/helloproject.es\\\/vigilancia\\\/la-percepcion-ciudadana-del-sistema-sanitario-varia-significativamente-segun-la-comunidad-autonoma-de-residencia\\\/\"},\"wordCount\":130,\"publisher\":{\"@id\":\"https:\\\/\\\/helloproject.es\\\/vigilancia\\\/#organization\"},\"articleSection\":[\"Noticias\"],\"inLanguage\":\"es\"},{\"@type\":\"WebPage\",\"@id\":\"https:\\\/\\\/helloproject.es\\\/vigilancia\\\/la-percepcion-ciudadana-del-sistema-sanitario-varia-significativamente-segun-la-comunidad-autonoma-de-residencia\\\/\",\"url\":\"https:\\\/\\\/helloproject.es\\\/vigilancia\\\/la-percepcion-ciudadana-del-sistema-sanitario-varia-significativamente-segun-la-comunidad-autonoma-de-residencia\\\/\",\"name\":\"La percepci\u00f3n ciudadana del sistema sanitario var\u00eda significativamente seg\u00fan la comunidad aut\u00f3noma de residencia - bip4ex\",\"isPartOf\":{\"@id\":\"https:\\\/\\\/helloproject.es\\\/vigilancia\\\/#website\"},\"datePublished\":\"2026-03-20T12:17:30+00:00\",\"breadcrumb\":{\"@id\":\"https:\\\/\\\/helloproject.es\\\/vigilancia\\\/la-percepcion-ciudadana-del-sistema-sanitario-varia-significativamente-segun-la-comunidad-autonoma-de-residencia\\\/#breadcrumb\"},\"inLanguage\":\"es\",\"potentialAction\":[{\"@type\":\"ReadAction\",\"target\":[\"https:\\\/\\\/helloproject.es\\\/vigilancia\\\/la-percepcion-ciudadana-del-sistema-sanitario-varia-significativamente-segun-la-comunidad-autonoma-de-residencia\\\/\"]}]},{\"@type\":\"BreadcrumbList\",\"@id\":\"https:\\\/\\\/helloproject.es\\\/vigilancia\\\/la-percepcion-ciudadana-del-sistema-sanitario-varia-significativamente-segun-la-comunidad-autonoma-de-residencia\\\/#breadcrumb\",\"itemListElement\":[{\"@type\":\"ListItem\",\"position\":1,\"name\":\"Home\",\"item\":\"https:\\\/\\\/helloproject.es\\\/vigilancia\\\/\"},{\"@type\":\"ListItem\",\"position\":2,\"name\":\"La percepci\u00f3n ciudadana del sistema sanitario var\u00eda significativamente seg\u00fan la comunidad aut\u00f3noma de residencia\"}]},{\"@type\":\"WebSite\",\"@id\":\"https:\\\/\\\/helloproject.es\\\/vigilancia\\\/#website\",\"url\":\"https:\\\/\\\/helloproject.es\\\/vigilancia\\\/\",\"name\":\"bip4ex\",\"description\":\"Vigilancia Tecnol\u00f3gica\",\"publisher\":{\"@id\":\"https:\\\/\\\/helloproject.es\\\/vigilancia\\\/#organization\"},\"potentialAction\":[{\"@type\":\"SearchAction\",\"target\":{\"@type\":\"EntryPoint\",\"urlTemplate\":\"https:\\\/\\\/helloproject.es\\\/vigilancia\\\/?s={search_term_string}\"},\"query-input\":{\"@type\":\"PropertyValueSpecification\",\"valueRequired\":true,\"valueName\":\"search_term_string\"}}],\"inLanguage\":\"es\"},{\"@type\":\"Organization\",\"@id\":\"https:\\\/\\\/helloproject.es\\\/vigilancia\\\/#organization\",\"name\":\"Helloproject.es\",\"url\":\"https:\\\/\\\/helloproject.es\\\/vigilancia\\\/\",\"logo\":{\"@type\":\"ImageObject\",\"inLanguage\":\"es\",\"@id\":\"https:\\\/\\\/helloproject.es\\\/vigilancia\\\/#\\\/schema\\\/logo\\\/image\\\/\",\"url\":\"https:\\\/\\\/helloproject.es\\\/vigilancia\\\/wp-content\\\/uploads\\\/2023\\\/07\\\/bip4ex.png\",\"contentUrl\":\"https:\\\/\\\/helloproject.es\\\/vigilancia\\\/wp-content\\\/uploads\\\/2023\\\/07\\\/bip4ex.png\",\"width\":322,\"height\":365,\"caption\":\"Helloproject.es\"},\"image\":{\"@id\":\"https:\\\/\\\/helloproject.es\\\/vigilancia\\\/#\\\/schema\\\/logo\\\/image\\\/\"}},{\"@type\":\"Person\",\"@id\":\"https:\\\/\\\/helloproject.es\\\/vigilancia\\\/#\\\/schema\\\/person\\\/3767b0619d59a11570372c821f8619ca\",\"name\":\"Luis Miguel Mej\u00edas Ramos\",\"url\":\"https:\\\/\\\/helloproject.es\\\/vigilancia\\\/author\\\/luismi\\\/\"}]}<\/script>\n<!-- \/ Yoast SEO Premium plugin. -->","yoast_head_json":{"title":"La percepci\u00f3n ciudadana del sistema sanitario var\u00eda significativamente seg\u00fan la comunidad aut\u00f3noma de residencia - bip4ex","robots":{"index":"index","follow":"follow","max-snippet":"max-snippet:-1","max-image-preview":"max-image-preview:large","max-video-preview":"max-video-preview:-1"},"canonical":"https:\/\/helloproject.es\/vigilancia\/la-percepcion-ciudadana-del-sistema-sanitario-varia-significativamente-segun-la-comunidad-autonoma-de-residencia\/","og_locale":"es_ES","og_type":"article","og_title":"La percepci\u00f3n ciudadana del sistema sanitario var\u00eda significativamente seg\u00fan la comunidad aut\u00f3noma de residencia","og_description":"La valoraci\u00f3n positiva del sistema sanitario alcanza el 51,6% a nivel nacional, con una notable variabilidad entre comunidades aut\u00f3nomas. Cantabria registra la valoraci\u00f3n m\u00e1s alta con un 66,4%, frente a Andaluc\u00eda con un 38,8%, lo que supone una brecha de 27,6 puntos porcentuales. El 80,8% de la poblaci\u00f3n de 18 y m\u00e1s a\u00f1os ha utilizado [&hellip;]","og_url":"https:\/\/helloproject.es\/vigilancia\/la-percepcion-ciudadana-del-sistema-sanitario-varia-significativamente-segun-la-comunidad-autonoma-de-residencia\/","og_site_name":"bip4ex","article_published_time":"2026-03-20T12:17:30+00:00","author":"Luis Miguel Mej\u00edas Ramos","twitter_card":"summary_large_image","twitter_misc":{"Escrito por":"Luis Miguel Mej\u00edas Ramos","Tiempo de lectura":"1 minuto"},"schema":{"@context":"https:\/\/schema.org","@graph":[{"@type":"Article","@id":"https:\/\/helloproject.es\/vigilancia\/la-percepcion-ciudadana-del-sistema-sanitario-varia-significativamente-segun-la-comunidad-autonoma-de-residencia\/#article","isPartOf":{"@id":"https:\/\/helloproject.es\/vigilancia\/la-percepcion-ciudadana-del-sistema-sanitario-varia-significativamente-segun-la-comunidad-autonoma-de-residencia\/"},"author":{"name":"Luis Miguel Mej\u00edas Ramos","@id":"https:\/\/helloproject.es\/vigilancia\/#\/schema\/person\/3767b0619d59a11570372c821f8619ca"},"headline":"La percepci\u00f3n ciudadana del sistema sanitario var\u00eda significativamente seg\u00fan la comunidad aut\u00f3noma de residencia","datePublished":"2026-03-20T12:17:30+00:00","mainEntityOfPage":{"@id":"https:\/\/helloproject.es\/vigilancia\/la-percepcion-ciudadana-del-sistema-sanitario-varia-significativamente-segun-la-comunidad-autonoma-de-residencia\/"},"wordCount":130,"publisher":{"@id":"https:\/\/helloproject.es\/vigilancia\/#organization"},"articleSection":["Noticias"],"inLanguage":"es"},{"@type":"WebPage","@id":"https:\/\/helloproject.es\/vigilancia\/la-percepcion-ciudadana-del-sistema-sanitario-varia-significativamente-segun-la-comunidad-autonoma-de-residencia\/","url":"https:\/\/helloproject.es\/vigilancia\/la-percepcion-ciudadana-del-sistema-sanitario-varia-significativamente-segun-la-comunidad-autonoma-de-residencia\/","name":"La percepci\u00f3n ciudadana del sistema sanitario var\u00eda significativamente seg\u00fan la comunidad aut\u00f3noma de residencia - bip4ex","isPartOf":{"@id":"https:\/\/helloproject.es\/vigilancia\/#website"},"datePublished":"2026-03-20T12:17:30+00:00","breadcrumb":{"@id":"https:\/\/helloproject.es\/vigilancia\/la-percepcion-ciudadana-del-sistema-sanitario-varia-significativamente-segun-la-comunidad-autonoma-de-residencia\/#breadcrumb"},"inLanguage":"es","potentialAction":[{"@type":"ReadAction","target":["https:\/\/helloproject.es\/vigilancia\/la-percepcion-ciudadana-del-sistema-sanitario-varia-significativamente-segun-la-comunidad-autonoma-de-residencia\/"]}]},{"@type":"BreadcrumbList","@id":"https:\/\/helloproject.es\/vigilancia\/la-percepcion-ciudadana-del-sistema-sanitario-varia-significativamente-segun-la-comunidad-autonoma-de-residencia\/#breadcrumb","itemListElement":[{"@type":"ListItem","position":1,"name":"Home","item":"https:\/\/helloproject.es\/vigilancia\/"},{"@type":"ListItem","position":2,"name":"La percepci\u00f3n ciudadana del sistema sanitario var\u00eda significativamente seg\u00fan la comunidad aut\u00f3noma de residencia"}]},{"@type":"WebSite","@id":"https:\/\/helloproject.es\/vigilancia\/#website","url":"https:\/\/helloproject.es\/vigilancia\/","name":"bip4ex","description":"Vigilancia Tecnol\u00f3gica","publisher":{"@id":"https:\/\/helloproject.es\/vigilancia\/#organization"},"potentialAction":[{"@type":"SearchAction","target":{"@type":"EntryPoint","urlTemplate":"https:\/\/helloproject.es\/vigilancia\/?s={search_term_string}"},"query-input":{"@type":"PropertyValueSpecification","valueRequired":true,"valueName":"search_term_string"}}],"inLanguage":"es"},{"@type":"Organization","@id":"https:\/\/helloproject.es\/vigilancia\/#organization","name":"Helloproject.es","url":"https:\/\/helloproject.es\/vigilancia\/","logo":{"@type":"ImageObject","inLanguage":"es","@id":"https:\/\/helloproject.es\/vigilancia\/#\/schema\/logo\/image\/","url":"https:\/\/helloproject.es\/vigilancia\/wp-content\/uploads\/2023\/07\/bip4ex.png","contentUrl":"https:\/\/helloproject.es\/vigilancia\/wp-content\/uploads\/2023\/07\/bip4ex.png","width":322,"height":365,"caption":"Helloproject.es"},"image":{"@id":"https:\/\/helloproject.es\/vigilancia\/#\/schema\/logo\/image\/"}},{"@type":"Person","@id":"https:\/\/helloproject.es\/vigilancia\/#\/schema\/person\/3767b0619d59a11570372c821f8619ca","name":"Luis Miguel Mej\u00edas Ramos","url":"https:\/\/helloproject.es\/vigilancia\/author\/luismi\/"}]}},"_links":{"self":[{"href":"https:\/\/helloproject.es\/vigilancia\/wp-json\/wp\/v2\/posts\/201161","targetHints":{"allow":["GET"]}}],"collection":[{"href":"https:\/\/helloproject.es\/vigilancia\/wp-json\/wp\/v2\/posts"}],"about":[{"href":"https:\/\/helloproject.es\/vigilancia\/wp-json\/wp\/v2\/types\/post"}],"author":[{"embeddable":true,"href":"https:\/\/helloproject.es\/vigilancia\/wp-json\/wp\/v2\/users\/5"}],"replies":[{"embeddable":true,"href":"https:\/\/helloproject.es\/vigilancia\/wp-json\/wp\/v2\/comments?post=201161"}],"version-history":[{"count":0,"href":"https:\/\/helloproject.es\/vigilancia\/wp-json\/wp\/v2\/posts\/201161\/revisions"}],"wp:attachment":[{"href":"https:\/\/helloproject.es\/vigilancia\/wp-json\/wp\/v2\/media?parent=201161"}],"wp:term":[{"taxonomy":"category","embeddable":true,"href":"https:\/\/helloproject.es\/vigilancia\/wp-json\/wp\/v2\/categories?post=201161"},{"taxonomy":"post_tag","embeddable":true,"href":"https:\/\/helloproject.es\/vigilancia\/wp-json\/wp\/v2\/tags?post=201161"}],"curies":[{"name":"wp","href":"https:\/\/api.w.org\/{rel}","templated":true}]}}