{"id":201162,"date":"2026-03-20T13:28:13","date_gmt":"2026-03-20T12:28:13","guid":{"rendered":"https:\/\/helloproject.es\/vigilancia\/las-claves-del-gran-apagon-fallo-en-el-control-de-tension-y-cascada-de-desconexiones\/"},"modified":"2026-03-20T13:28:13","modified_gmt":"2026-03-20T12:28:13","slug":"las-claves-del-gran-apagon-fallo-en-el-control-de-tension-y-cascada-de-desconexiones","status":"publish","type":"post","link":"https:\/\/helloproject.es\/vigilancia\/las-claves-del-gran-apagon-fallo-en-el-control-de-tension-y-cascada-de-desconexiones\/","title":{"rendered":"Las claves del gran apag\u00f3n: fallo en el control de tensi\u00f3n y cascada de desconexiones"},"content":{"rendered":"<p>El <a href=\"https:\/\/www.agenciasinc.es\/Reportajes\/El-dia-que-Espana-se-quedo-a-oscuras-estan-preparadas-nuestras-infraestructuras-criticas-ante-los-ciberataques\" target=\"_blank\">28 de abril de 2025<\/a> qued\u00f3 marcado en el calendario energ\u00e9tico de Espa\u00f1a y Portugal como el d\u00eda en que el sistema el\u00e9ctrico peninsular colaps\u00f3, dejando a millones de personas sin suministro. Tras casi un a\u00f1o de investigaci\u00f3n, la Red Europea de Gestores de Redes de Transporte de Electricidad (ENTSO-E) ha presentado este viernes su <a href=\"https:\/\/www.entsoe.eu\/news\/2026\/03\/20\/entso-e-publishes-expert-panel-final-report-on-28-april-2025-blackout-in-spain-and-portugal\/\" target=\"_blank\">informe final<\/a>.<\/p>\n<p>La conclusi\u00f3n es clara: no hubo un \u00fanico culpable, sino una \u201ctormenta perfecta\u201d de oscilaciones de frecuencia, deficiencias en el control de la tensi\u00f3n y una respuesta descoordinada de los generadores que desemboc\u00f3 en una desconexi\u00f3n en cascada.<\/p>\n<p>                        <a href=\"https:\/\/www.agenciasinc.es\/Opinion\/El-gran-apagon-iberico-buscando-respuestas-para-una-crisis-sin-precedentes\"><br \/>\n                            <img decoding=\"async\" src=\"https:\/\/cdn.agenciasinc.es\/var\/ezwebin_site\/storage\/images\/opinion\/el-gran-apagon-iberico-buscando-respuestas-para-una-crisis-sin-precedentes\/12233591-2-esl-MX\/El-gran-apagon-iberico-buscando-respuestas-para-una-crisis-sin-precedentes.jpg\" alt=\"El gran apag\u00f3n ib\u00e9rico: buscando respuestas para una crisis sin precedentes\" title=\"El gran apag\u00f3n ib\u00e9rico: buscando respuestas para una crisis sin precedentes\" class=\"small_fotoderecha_img\" loading=\"lazy\" \/><br \/>\n                        <\/a><\/p>\n<p>                    <a href=\"https:\/\/www.agenciasinc.es\/Opinion\/El-gran-apagon-iberico-buscando-respuestas-para-una-crisis-sin-precedentes\" class=\"small_fotoderecha_titulo\"><\/a><\/p>\n<h3 class=\"small_fotoderecha_titulo\">El gran apag\u00f3n ib\u00e9rico: buscando respuestas para una crisis sin precedentes<\/h3>\n<p>                    <\/p>\n<p>                                Mar Rubio Varas<\/p>\n<p>El documento, elaborado por un panel de 49 expertos internacionales, subraya que el sistema entr\u00f3 en un punto de no retorno donde los mecanismos de defensa, aunque actuaron, fueron insuficientes. \u201cEl problema no son las energ\u00edas renovables, sino el control de la tensi\u00f3n, independientemente del tipo de generaci\u00f3n\u201d, ha sentenciado Dami\u00e1n Cortinas, presidente del Consejo de Administraci\u00f3n de ENTSO-E, durante la presentaci\u00f3n de los resultados. Seg\u00fan los analistas, el sistema fall\u00f3 en algo que la ingenier\u00eda el\u00e9ctrica domina desde hace d\u00e9cadas, pero que no se adapt\u00f3 a la velocidad que exig\u00eda la situaci\u00f3n.<\/p>\n<p><a><\/a><\/p>\n<h2>Una cascada de errores t\u00e9cnicos<\/h2>\n<p>El informe identifica que el origen del caos t\u00e9cnico se ciment\u00f3 en tres pilares. Primero, varios generadores convencionales (s\u00edncronos), que tienen la responsabilidad te\u00f3rica de mantener la estabilidad de la tensi\u00f3n, no operaron seg\u00fan lo previsto. Segundo, la generaci\u00f3n renovable funcionaba con un factor de potencia fijo, lo que limitaba su capacidad para ayudar a regular la tensi\u00f3n de forma flexible. Por \u00faltimo, el Operador del Sistema (Red El\u00e9ctrica) se vio superado por la velocidad de los eventos: algunos dispositivos de compensaci\u00f3n requer\u00edan activaci\u00f3n manual, un proceso demasiado lento para una crisis que se desarrollaba en milisegundos.<\/p>\n<p><img decoding=\"async\" src=\"https:\/\/www.agenciasinc.es\/bundles\/app\/images\/quotebefore.png\" \/><\/p>\n<p>El informe coincide con el elaborado por Red El\u00e9ctrica en junio de 2025 en que el apag\u00f3n fue producido por un problema de tensi\u00f3n<\/p>\n<p>Manuel Alc\u00e1zar, UPV<br \/>\n<img decoding=\"async\" src=\"https:\/\/www.agenciasinc.es\/bundles\/app\/images\/quoteafter.png\" \/><\/p>\n<p>\u201cEl informe coincide con el elaborado por Red El\u00e9ctrica en junio de 2025 en que el apag\u00f3n fue producido por un problema de tensi\u00f3n\u201d, explica Manuel Alc\u00e1zar Ortega, profesor e investigador de la Universidad Polit\u00e9cnica de Valencia, al Science Media Center (SMC) Espa\u00f1a. Para este experto, la clave reside en la \u201cfalta de efectividad del control de tensiones\u201d, agravada por un ajuste inadecuado de las protecciones que saltaron prematuramente ante las sobretensiones.<\/p>\n<p><a><\/a><\/p>\n<h2>El papel de las oscilaciones y la electr\u00f3nica de potencia<\/h2>\n<p>Uno de los puntos m\u00e1s novedosos del an\u00e1lisis de ENTSO-E es la detecci\u00f3n de dos episodios de oscilaci\u00f3n previos al colapso: una forzada por inversores de potencia y otra natural entre diferentes \u00e1reas de la red. Aunque no se consideran la causa \u00fanica, s\u00ed revelan una \u201cdebilidad din\u00e1mica\u201d en un sistema cada vez m\u00e1s dependiente de la electr\u00f3nica de potencia. Los expertos se\u00f1alan que muchos generadores no ten\u00edan correctamente ajustados los estabilizadores (PSS), herramientas cr\u00edticas para amortiguar estos movimientos antes de que se vuelvan incontrolables.<\/p>\n<p><img decoding=\"async\" src=\"https:\/\/www.agenciasinc.es\/bundles\/app\/images\/quotebefore.png\" \/><\/p>\n<p>La explicaci\u00f3n se desplaza hacia la capacidad del sistema para sostenerse ante perturbaciones r\u00e1pidas, m\u00e1s que hacia la inercia<\/p>\n<p>\u00c1lvaro de la Puente, Universidad de Le\u00f3n<br \/>\n<img decoding=\"async\" src=\"https:\/\/www.agenciasinc.es\/bundles\/app\/images\/quoteafter.png\" \/><\/p>\n<p>\u00c1lvaro de la Puente Gil, profesor de Ingenier\u00eda El\u00e9ctrica en la Universidad de Le\u00f3n, destaca que el informe desplaza el foco de teor\u00edas simplistas hacia una interpretaci\u00f3n sist\u00e9mica. \u201cLa explicaci\u00f3n se desplaza hacia la capacidad del sistema para sostenerse ante perturbaciones r\u00e1pidas, m\u00e1s que hacia interpretaciones basadas exclusivamente en la inercia\u201d, afirma el investigador al SMC, quien considera el documento como una oportunidad de aprendizaje para reforzar la resiliencia europea.<\/p>\n<p>                        <a href=\"https:\/\/www.agenciasinc.es\/Reportajes\/El-dia-que-Espana-se-quedo-a-oscuras-estan-preparadas-nuestras-infraestructuras-criticas-ante-los-ciberataques\"><br \/>\n                            <img decoding=\"async\" src=\"https:\/\/cdn.agenciasinc.es\/var\/ezwebin_site\/storage\/images\/reportajes\/el-dia-que-espana-se-quedo-a-oscuras-estan-preparadas-nuestras-infraestructuras-criticas-ante-los-ciberataques\/12327638-1-esl-MX\/El-dia-que-Espana-se-quedo-a-oscuras-estan-preparadas-nuestras-infraestructuras-criticas-ante-los-ciberataques.jpg\" alt=\"El d\u00eda que Espa\u00f1a se qued\u00f3 a oscuras: \u00bfest\u00e1n preparadas nuestras infraestructuras cr\u00edticas ante los ciberataques?\" title=\"El d\u00eda que Espa\u00f1a se qued\u00f3 a oscuras: \u00bfest\u00e1n preparadas nuestras infraestructuras cr\u00edticas ante los ciberataques?\" class=\"small_fotoderecha_img\" loading=\"lazy\" \/><br \/>\n                        <\/a><\/p>\n<p>                    <a href=\"https:\/\/www.agenciasinc.es\/Reportajes\/El-dia-que-Espana-se-quedo-a-oscuras-estan-preparadas-nuestras-infraestructuras-criticas-ante-los-ciberataques\" class=\"small_fotoderecha_titulo\"><\/a><\/p>\n<h3 class=\"small_fotoderecha_titulo\">El d\u00eda que Espa\u00f1a se qued\u00f3 a oscuras: \u00bfest\u00e1n preparadas nuestras infraestructuras cr\u00edticas ante los ciberataques?<\/h3>\n<p>                    <\/p>\n<p>                                                                                                                                                <a href=\"https:\/\/www.agenciasinc.es\/Autor\/Antonio-Villarreal\"><br \/>\n                                        Antonio Villarreal<br \/>\n                                        <\/a>                                                                                                <\/p>\n<p><a><\/a><\/p>\n<h2>Agujeros en la normativa actual<\/h2>\n<p>El an\u00e1lisis forense tambi\u00e9n deja al descubierto lagunas regulatorias. El panel de expertos critica que el marco legal vigente en el momento del apag\u00f3n no contemplaba penalizaciones por incumplimiento en el soporte de potencia reactiva, ni fijaba requisitos de velocidad en la respuesta. En la pr\u00e1ctica, esto significa que el sistema no incentivaba econ\u00f3micamente a las plantas para que ayudaran a mantener la tensi\u00f3n estable, una carencia estructural que el informe recomienda subsanar con urgencia.<\/p>\n<p>Adem\u00e1s, el informe pone el foco en los peque\u00f1os generadores conectados a las redes de distribuci\u00f3n (como el autoconsumo). Durante el incidente, muchos se desconectaron de forma s\u00fabita, lo que aument\u00f3 dr\u00e1sticamente la demanda neta que el resto del sistema tuvo que cubrir de golpe, acelerando el colapso final. Esta falta de visibilidad y control sobre los recursos distribuidos dificult\u00f3 incluso las labores de reposici\u00f3n del servicio tras el apag\u00f3n.<\/p>\n<p><a><\/a><\/p>\n<h2>Recomendaciones para el futuro el\u00e9ctrico<\/h2>\n<p>Para evitar que un evento de esta magnitud se repita, ENTSO-E propone reforzar la coordinaci\u00f3n entre los transportistas y distribuidores de energ\u00eda, as\u00ed como mejorar la supervisi\u00f3n en tiempo real de todos los activos de la red. Miguel de Sim\u00f3n Mart\u00edn, investigador del Instituto I4 de la Universidad de Le\u00f3n, advierte al SMC de que este incidente es una manifestaci\u00f3n de las \u201climitaciones estructurales\u201d del dise\u00f1o actual frente a la transici\u00f3n energ\u00e9tica.<\/p>\n<p><img decoding=\"async\" src=\"https:\/\/www.agenciasinc.es\/bundles\/app\/images\/quotebefore.png\" \/><\/p>\n<p>Deben revisarse los planes de contingencia para evitar alcanzar situaciones cr\u00edticas<\/p>\n<p>Miguel de Sim\u00f3n Mart\u00edn, Universidad de Le\u00f3n<br \/>\n<img decoding=\"async\" src=\"https:\/\/www.agenciasinc.es\/bundles\/app\/images\/quoteafter.png\" \/><\/p>\n<p>\u201cDeben revisarse los planes de contingencia para evitar alcanzar situaciones cr\u00edticas\u201d, concluye De Sim\u00f3n. Entre las medidas pr\u00e1cticas, el informe urge a revisar los procedimientos de operaci\u00f3n (como el P.O. 7.4 en Espa\u00f1a) y a integrar obligatoriamente a las energ\u00edas renovables en los servicios de regulaci\u00f3n de tensi\u00f3n, asegurando que el sistema sea capaz de responder con la robustez necesaria ante un mix energ\u00e9tico en constante transformaci\u00f3n.<\/p>\n<p>Referencia:<\/p>\n<p>ENTSO-E Expert Panel, \u00abGrid Incident in Spain and Portugal on 28 April 2025. ICS Investigation Expert Panel. Final Report. Management Summary\u00bb, <a href=\"https:\/\/www.entsoe.eu\/news\/2026\/03\/20\/entso-e-publishes-expert-panel-final-report-on-28-april-2025-blackout-in-spain-and-portugal\/\" target=\"_blank\">ENTSO-E<\/a>, 2026.<\/p>","protected":false},"excerpt":{"rendered":"<p>El 28 de abril de 2025 qued\u00f3 marcado en el calendario energ\u00e9tico de Espa\u00f1a y Portugal como el d\u00eda en que el sistema el\u00e9ctrico peninsular colaps\u00f3, dejando a millones de personas sin suministro. Tras casi un a\u00f1o de investigaci\u00f3n, la Red Europea de Gestores de Redes de Transporte de Electricidad (ENTSO-E) ha presentado este viernes [&hellip;]<\/p>\n","protected":false},"author":5,"featured_media":0,"comment_status":"","ping_status":"","sticky":false,"template":"","format":"standard","meta":{"site-sidebar-layout":"default","site-content-layout":"","ast-site-content-layout":"default","site-content-style":"default","site-sidebar-style":"default","ast-global-header-display":"","ast-banner-title-visibility":"","ast-main-header-display":"","ast-hfb-above-header-display":"","ast-hfb-below-header-display":"","ast-hfb-mobile-header-display":"","site-post-title":"","ast-breadcrumbs-content":"","ast-featured-img":"","footer-sml-layout":"","ast-disable-related-posts":"","theme-transparent-header-meta":"","adv-header-id-meta":"","stick-header-meta":"","header-above-stick-meta":"","header-main-stick-meta":"","header-below-stick-meta":"","astra-migrate-meta-layouts":"default","ast-page-background-enabled":"default","ast-page-background-meta":{"desktop":{"background-color":"var(--ast-global-color-4)","background-image":"","background-repeat":"repeat","background-position":"center center","background-size":"auto","background-attachment":"scroll","background-type":"","background-media":"","overlay-type":"","overlay-color":"","overlay-opacity":"","overlay-gradient":""},"tablet":{"background-color":"","background-image":"","background-repeat":"repeat","background-position":"center center","background-size":"auto","background-attachment":"scroll","background-type":"","background-media":"","overlay-type":"","overlay-color":"","overlay-opacity":"","overlay-gradient":""},"mobile":{"background-color":"","background-image":"","background-repeat":"repeat","background-position":"center center","background-size":"auto","background-attachment":"scroll","background-type":"","background-media":"","overlay-type":"","overlay-color":"","overlay-opacity":"","overlay-gradient":""}},"ast-content-background-meta":{"desktop":{"background-color":"var(--ast-global-color-5)","background-image":"","background-repeat":"repeat","background-position":"center center","background-size":"auto","background-attachment":"scroll","background-type":"","background-media":"","overlay-type":"","overlay-color":"","overlay-opacity":"","overlay-gradient":""},"tablet":{"background-color":"var(--ast-global-color-5)","background-image":"","background-repeat":"repeat","background-position":"center center","background-size":"auto","background-attachment":"scroll","background-type":"","background-media":"","overlay-type":"","overlay-color":"","overlay-opacity":"","overlay-gradient":""},"mobile":{"background-color":"var(--ast-global-color-5)","background-image":"","background-repeat":"repeat","background-position":"center center","background-size":"auto","background-attachment":"scroll","background-type":"","background-media":"","overlay-type":"","overlay-color":"","overlay-opacity":"","overlay-gradient":""}},"footnotes":""},"categories":[5],"tags":[],"class_list":["post-201162","post","type-post","status-publish","format-standard","hentry","category-noticias"],"yoast_head":"<!-- This site is optimized with the Yoast SEO Premium plugin v20.9 (Yoast SEO v27.4) - https:\/\/yoast.com\/product\/yoast-seo-premium-wordpress\/ -->\n<title>Las claves del gran apag\u00f3n: fallo en el control de tensi\u00f3n y cascada de desconexiones - bip4ex<\/title>\n<meta name=\"robots\" content=\"index, follow, max-snippet:-1, max-image-preview:large, max-video-preview:-1\" \/>\n<link rel=\"canonical\" href=\"https:\/\/helloproject.es\/vigilancia\/las-claves-del-gran-apagon-fallo-en-el-control-de-tension-y-cascada-de-desconexiones\/\" \/>\n<meta property=\"og:locale\" content=\"es_ES\" \/>\n<meta property=\"og:type\" content=\"article\" \/>\n<meta property=\"og:title\" content=\"Las claves del gran apag\u00f3n: fallo en el control de tensi\u00f3n y cascada de desconexiones\" \/>\n<meta property=\"og:description\" content=\"El 28 de abril de 2025 qued\u00f3 marcado en el calendario energ\u00e9tico de Espa\u00f1a y Portugal como el d\u00eda en que el sistema el\u00e9ctrico peninsular colaps\u00f3, dejando a millones de personas sin suministro. Tras casi un a\u00f1o de investigaci\u00f3n, la Red Europea de Gestores de Redes de Transporte de Electricidad (ENTSO-E) ha presentado este viernes [&hellip;]\" \/>\n<meta property=\"og:url\" content=\"https:\/\/helloproject.es\/vigilancia\/las-claves-del-gran-apagon-fallo-en-el-control-de-tension-y-cascada-de-desconexiones\/\" \/>\n<meta property=\"og:site_name\" content=\"bip4ex\" \/>\n<meta property=\"article:published_time\" content=\"2026-03-20T12:28:13+00:00\" \/>\n<meta property=\"og:image\" content=\"https:\/\/cdn.agenciasinc.es\/var\/ezwebin_site\/storage\/images\/opinion\/el-gran-apagon-iberico-buscando-respuestas-para-una-crisis-sin-precedentes\/12233591-2-esl-MX\/El-gran-apagon-iberico-buscando-respuestas-para-una-crisis-sin-precedentes.jpg\" \/>\n<meta name=\"author\" content=\"Luis Miguel Mej\u00edas Ramos\" \/>\n<meta name=\"twitter:card\" content=\"summary_large_image\" \/>\n<meta name=\"twitter:label1\" content=\"Escrito por\" \/>\n\t<meta name=\"twitter:data1\" content=\"Luis Miguel Mej\u00edas Ramos\" \/>\n\t<meta name=\"twitter:label2\" content=\"Tiempo de lectura\" \/>\n\t<meta name=\"twitter:data2\" content=\"5 minutos\" \/>\n<script type=\"application\/ld+json\" class=\"yoast-schema-graph\">{\"@context\":\"https:\\\/\\\/schema.org\",\"@graph\":[{\"@type\":\"Article\",\"@id\":\"https:\\\/\\\/helloproject.es\\\/vigilancia\\\/las-claves-del-gran-apagon-fallo-en-el-control-de-tension-y-cascada-de-desconexiones\\\/#article\",\"isPartOf\":{\"@id\":\"https:\\\/\\\/helloproject.es\\\/vigilancia\\\/las-claves-del-gran-apagon-fallo-en-el-control-de-tension-y-cascada-de-desconexiones\\\/\"},\"author\":{\"name\":\"Luis Miguel Mej\u00edas Ramos\",\"@id\":\"https:\\\/\\\/helloproject.es\\\/vigilancia\\\/#\\\/schema\\\/person\\\/3767b0619d59a11570372c821f8619ca\"},\"headline\":\"Las claves del gran apag\u00f3n: fallo en el control de tensi\u00f3n y cascada de desconexiones\",\"datePublished\":\"2026-03-20T12:28:13+00:00\",\"mainEntityOfPage\":{\"@id\":\"https:\\\/\\\/helloproject.es\\\/vigilancia\\\/las-claves-del-gran-apagon-fallo-en-el-control-de-tension-y-cascada-de-desconexiones\\\/\"},\"wordCount\":1069,\"publisher\":{\"@id\":\"https:\\\/\\\/helloproject.es\\\/vigilancia\\\/#organization\"},\"image\":{\"@id\":\"https:\\\/\\\/helloproject.es\\\/vigilancia\\\/las-claves-del-gran-apagon-fallo-en-el-control-de-tension-y-cascada-de-desconexiones\\\/#primaryimage\"},\"thumbnailUrl\":\"https:\\\/\\\/cdn.agenciasinc.es\\\/var\\\/ezwebin_site\\\/storage\\\/images\\\/opinion\\\/el-gran-apagon-iberico-buscando-respuestas-para-una-crisis-sin-precedentes\\\/12233591-2-esl-MX\\\/El-gran-apagon-iberico-buscando-respuestas-para-una-crisis-sin-precedentes.jpg\",\"articleSection\":[\"Noticias\"],\"inLanguage\":\"es\"},{\"@type\":\"WebPage\",\"@id\":\"https:\\\/\\\/helloproject.es\\\/vigilancia\\\/las-claves-del-gran-apagon-fallo-en-el-control-de-tension-y-cascada-de-desconexiones\\\/\",\"url\":\"https:\\\/\\\/helloproject.es\\\/vigilancia\\\/las-claves-del-gran-apagon-fallo-en-el-control-de-tension-y-cascada-de-desconexiones\\\/\",\"name\":\"Las claves del gran apag\u00f3n: fallo en el control de tensi\u00f3n y cascada de desconexiones - bip4ex\",\"isPartOf\":{\"@id\":\"https:\\\/\\\/helloproject.es\\\/vigilancia\\\/#website\"},\"primaryImageOfPage\":{\"@id\":\"https:\\\/\\\/helloproject.es\\\/vigilancia\\\/las-claves-del-gran-apagon-fallo-en-el-control-de-tension-y-cascada-de-desconexiones\\\/#primaryimage\"},\"image\":{\"@id\":\"https:\\\/\\\/helloproject.es\\\/vigilancia\\\/las-claves-del-gran-apagon-fallo-en-el-control-de-tension-y-cascada-de-desconexiones\\\/#primaryimage\"},\"thumbnailUrl\":\"https:\\\/\\\/cdn.agenciasinc.es\\\/var\\\/ezwebin_site\\\/storage\\\/images\\\/opinion\\\/el-gran-apagon-iberico-buscando-respuestas-para-una-crisis-sin-precedentes\\\/12233591-2-esl-MX\\\/El-gran-apagon-iberico-buscando-respuestas-para-una-crisis-sin-precedentes.jpg\",\"datePublished\":\"2026-03-20T12:28:13+00:00\",\"breadcrumb\":{\"@id\":\"https:\\\/\\\/helloproject.es\\\/vigilancia\\\/las-claves-del-gran-apagon-fallo-en-el-control-de-tension-y-cascada-de-desconexiones\\\/#breadcrumb\"},\"inLanguage\":\"es\",\"potentialAction\":[{\"@type\":\"ReadAction\",\"target\":[\"https:\\\/\\\/helloproject.es\\\/vigilancia\\\/las-claves-del-gran-apagon-fallo-en-el-control-de-tension-y-cascada-de-desconexiones\\\/\"]}]},{\"@type\":\"ImageObject\",\"inLanguage\":\"es\",\"@id\":\"https:\\\/\\\/helloproject.es\\\/vigilancia\\\/las-claves-del-gran-apagon-fallo-en-el-control-de-tension-y-cascada-de-desconexiones\\\/#primaryimage\",\"url\":\"https:\\\/\\\/cdn.agenciasinc.es\\\/var\\\/ezwebin_site\\\/storage\\\/images\\\/opinion\\\/el-gran-apagon-iberico-buscando-respuestas-para-una-crisis-sin-precedentes\\\/12233591-2-esl-MX\\\/El-gran-apagon-iberico-buscando-respuestas-para-una-crisis-sin-precedentes.jpg\",\"contentUrl\":\"https:\\\/\\\/cdn.agenciasinc.es\\\/var\\\/ezwebin_site\\\/storage\\\/images\\\/opinion\\\/el-gran-apagon-iberico-buscando-respuestas-para-una-crisis-sin-precedentes\\\/12233591-2-esl-MX\\\/El-gran-apagon-iberico-buscando-respuestas-para-una-crisis-sin-precedentes.jpg\"},{\"@type\":\"BreadcrumbList\",\"@id\":\"https:\\\/\\\/helloproject.es\\\/vigilancia\\\/las-claves-del-gran-apagon-fallo-en-el-control-de-tension-y-cascada-de-desconexiones\\\/#breadcrumb\",\"itemListElement\":[{\"@type\":\"ListItem\",\"position\":1,\"name\":\"Home\",\"item\":\"https:\\\/\\\/helloproject.es\\\/vigilancia\\\/\"},{\"@type\":\"ListItem\",\"position\":2,\"name\":\"Las claves del gran apag\u00f3n: fallo en el control de tensi\u00f3n y cascada de desconexiones\"}]},{\"@type\":\"WebSite\",\"@id\":\"https:\\\/\\\/helloproject.es\\\/vigilancia\\\/#website\",\"url\":\"https:\\\/\\\/helloproject.es\\\/vigilancia\\\/\",\"name\":\"bip4ex\",\"description\":\"Vigilancia Tecnol\u00f3gica\",\"publisher\":{\"@id\":\"https:\\\/\\\/helloproject.es\\\/vigilancia\\\/#organization\"},\"potentialAction\":[{\"@type\":\"SearchAction\",\"target\":{\"@type\":\"EntryPoint\",\"urlTemplate\":\"https:\\\/\\\/helloproject.es\\\/vigilancia\\\/?s={search_term_string}\"},\"query-input\":{\"@type\":\"PropertyValueSpecification\",\"valueRequired\":true,\"valueName\":\"search_term_string\"}}],\"inLanguage\":\"es\"},{\"@type\":\"Organization\",\"@id\":\"https:\\\/\\\/helloproject.es\\\/vigilancia\\\/#organization\",\"name\":\"Helloproject.es\",\"url\":\"https:\\\/\\\/helloproject.es\\\/vigilancia\\\/\",\"logo\":{\"@type\":\"ImageObject\",\"inLanguage\":\"es\",\"@id\":\"https:\\\/\\\/helloproject.es\\\/vigilancia\\\/#\\\/schema\\\/logo\\\/image\\\/\",\"url\":\"https:\\\/\\\/helloproject.es\\\/vigilancia\\\/wp-content\\\/uploads\\\/2023\\\/07\\\/bip4ex.png\",\"contentUrl\":\"https:\\\/\\\/helloproject.es\\\/vigilancia\\\/wp-content\\\/uploads\\\/2023\\\/07\\\/bip4ex.png\",\"width\":322,\"height\":365,\"caption\":\"Helloproject.es\"},\"image\":{\"@id\":\"https:\\\/\\\/helloproject.es\\\/vigilancia\\\/#\\\/schema\\\/logo\\\/image\\\/\"}},{\"@type\":\"Person\",\"@id\":\"https:\\\/\\\/helloproject.es\\\/vigilancia\\\/#\\\/schema\\\/person\\\/3767b0619d59a11570372c821f8619ca\",\"name\":\"Luis Miguel Mej\u00edas Ramos\",\"url\":\"https:\\\/\\\/helloproject.es\\\/vigilancia\\\/author\\\/luismi\\\/\"}]}<\/script>\n<!-- \/ Yoast SEO Premium plugin. -->","yoast_head_json":{"title":"Las claves del gran apag\u00f3n: fallo en el control de tensi\u00f3n y cascada de desconexiones - bip4ex","robots":{"index":"index","follow":"follow","max-snippet":"max-snippet:-1","max-image-preview":"max-image-preview:large","max-video-preview":"max-video-preview:-1"},"canonical":"https:\/\/helloproject.es\/vigilancia\/las-claves-del-gran-apagon-fallo-en-el-control-de-tension-y-cascada-de-desconexiones\/","og_locale":"es_ES","og_type":"article","og_title":"Las claves del gran apag\u00f3n: fallo en el control de tensi\u00f3n y cascada de desconexiones","og_description":"El 28 de abril de 2025 qued\u00f3 marcado en el calendario energ\u00e9tico de Espa\u00f1a y Portugal como el d\u00eda en que el sistema el\u00e9ctrico peninsular colaps\u00f3, dejando a millones de personas sin suministro. Tras casi un a\u00f1o de investigaci\u00f3n, la Red Europea de Gestores de Redes de Transporte de Electricidad (ENTSO-E) ha presentado este viernes [&hellip;]","og_url":"https:\/\/helloproject.es\/vigilancia\/las-claves-del-gran-apagon-fallo-en-el-control-de-tension-y-cascada-de-desconexiones\/","og_site_name":"bip4ex","article_published_time":"2026-03-20T12:28:13+00:00","og_image":[{"url":"https:\/\/cdn.agenciasinc.es\/var\/ezwebin_site\/storage\/images\/opinion\/el-gran-apagon-iberico-buscando-respuestas-para-una-crisis-sin-precedentes\/12233591-2-esl-MX\/El-gran-apagon-iberico-buscando-respuestas-para-una-crisis-sin-precedentes.jpg","type":"","width":"","height":""}],"author":"Luis Miguel Mej\u00edas Ramos","twitter_card":"summary_large_image","twitter_misc":{"Escrito por":"Luis Miguel Mej\u00edas Ramos","Tiempo de lectura":"5 minutos"},"schema":{"@context":"https:\/\/schema.org","@graph":[{"@type":"Article","@id":"https:\/\/helloproject.es\/vigilancia\/las-claves-del-gran-apagon-fallo-en-el-control-de-tension-y-cascada-de-desconexiones\/#article","isPartOf":{"@id":"https:\/\/helloproject.es\/vigilancia\/las-claves-del-gran-apagon-fallo-en-el-control-de-tension-y-cascada-de-desconexiones\/"},"author":{"name":"Luis Miguel Mej\u00edas Ramos","@id":"https:\/\/helloproject.es\/vigilancia\/#\/schema\/person\/3767b0619d59a11570372c821f8619ca"},"headline":"Las claves del gran apag\u00f3n: fallo en el control de tensi\u00f3n y cascada de desconexiones","datePublished":"2026-03-20T12:28:13+00:00","mainEntityOfPage":{"@id":"https:\/\/helloproject.es\/vigilancia\/las-claves-del-gran-apagon-fallo-en-el-control-de-tension-y-cascada-de-desconexiones\/"},"wordCount":1069,"publisher":{"@id":"https:\/\/helloproject.es\/vigilancia\/#organization"},"image":{"@id":"https:\/\/helloproject.es\/vigilancia\/las-claves-del-gran-apagon-fallo-en-el-control-de-tension-y-cascada-de-desconexiones\/#primaryimage"},"thumbnailUrl":"https:\/\/cdn.agenciasinc.es\/var\/ezwebin_site\/storage\/images\/opinion\/el-gran-apagon-iberico-buscando-respuestas-para-una-crisis-sin-precedentes\/12233591-2-esl-MX\/El-gran-apagon-iberico-buscando-respuestas-para-una-crisis-sin-precedentes.jpg","articleSection":["Noticias"],"inLanguage":"es"},{"@type":"WebPage","@id":"https:\/\/helloproject.es\/vigilancia\/las-claves-del-gran-apagon-fallo-en-el-control-de-tension-y-cascada-de-desconexiones\/","url":"https:\/\/helloproject.es\/vigilancia\/las-claves-del-gran-apagon-fallo-en-el-control-de-tension-y-cascada-de-desconexiones\/","name":"Las claves del gran apag\u00f3n: fallo en el control de tensi\u00f3n y cascada de desconexiones - bip4ex","isPartOf":{"@id":"https:\/\/helloproject.es\/vigilancia\/#website"},"primaryImageOfPage":{"@id":"https:\/\/helloproject.es\/vigilancia\/las-claves-del-gran-apagon-fallo-en-el-control-de-tension-y-cascada-de-desconexiones\/#primaryimage"},"image":{"@id":"https:\/\/helloproject.es\/vigilancia\/las-claves-del-gran-apagon-fallo-en-el-control-de-tension-y-cascada-de-desconexiones\/#primaryimage"},"thumbnailUrl":"https:\/\/cdn.agenciasinc.es\/var\/ezwebin_site\/storage\/images\/opinion\/el-gran-apagon-iberico-buscando-respuestas-para-una-crisis-sin-precedentes\/12233591-2-esl-MX\/El-gran-apagon-iberico-buscando-respuestas-para-una-crisis-sin-precedentes.jpg","datePublished":"2026-03-20T12:28:13+00:00","breadcrumb":{"@id":"https:\/\/helloproject.es\/vigilancia\/las-claves-del-gran-apagon-fallo-en-el-control-de-tension-y-cascada-de-desconexiones\/#breadcrumb"},"inLanguage":"es","potentialAction":[{"@type":"ReadAction","target":["https:\/\/helloproject.es\/vigilancia\/las-claves-del-gran-apagon-fallo-en-el-control-de-tension-y-cascada-de-desconexiones\/"]}]},{"@type":"ImageObject","inLanguage":"es","@id":"https:\/\/helloproject.es\/vigilancia\/las-claves-del-gran-apagon-fallo-en-el-control-de-tension-y-cascada-de-desconexiones\/#primaryimage","url":"https:\/\/cdn.agenciasinc.es\/var\/ezwebin_site\/storage\/images\/opinion\/el-gran-apagon-iberico-buscando-respuestas-para-una-crisis-sin-precedentes\/12233591-2-esl-MX\/El-gran-apagon-iberico-buscando-respuestas-para-una-crisis-sin-precedentes.jpg","contentUrl":"https:\/\/cdn.agenciasinc.es\/var\/ezwebin_site\/storage\/images\/opinion\/el-gran-apagon-iberico-buscando-respuestas-para-una-crisis-sin-precedentes\/12233591-2-esl-MX\/El-gran-apagon-iberico-buscando-respuestas-para-una-crisis-sin-precedentes.jpg"},{"@type":"BreadcrumbList","@id":"https:\/\/helloproject.es\/vigilancia\/las-claves-del-gran-apagon-fallo-en-el-control-de-tension-y-cascada-de-desconexiones\/#breadcrumb","itemListElement":[{"@type":"ListItem","position":1,"name":"Home","item":"https:\/\/helloproject.es\/vigilancia\/"},{"@type":"ListItem","position":2,"name":"Las claves del gran apag\u00f3n: fallo en el control de tensi\u00f3n y cascada de desconexiones"}]},{"@type":"WebSite","@id":"https:\/\/helloproject.es\/vigilancia\/#website","url":"https:\/\/helloproject.es\/vigilancia\/","name":"bip4ex","description":"Vigilancia Tecnol\u00f3gica","publisher":{"@id":"https:\/\/helloproject.es\/vigilancia\/#organization"},"potentialAction":[{"@type":"SearchAction","target":{"@type":"EntryPoint","urlTemplate":"https:\/\/helloproject.es\/vigilancia\/?s={search_term_string}"},"query-input":{"@type":"PropertyValueSpecification","valueRequired":true,"valueName":"search_term_string"}}],"inLanguage":"es"},{"@type":"Organization","@id":"https:\/\/helloproject.es\/vigilancia\/#organization","name":"Helloproject.es","url":"https:\/\/helloproject.es\/vigilancia\/","logo":{"@type":"ImageObject","inLanguage":"es","@id":"https:\/\/helloproject.es\/vigilancia\/#\/schema\/logo\/image\/","url":"https:\/\/helloproject.es\/vigilancia\/wp-content\/uploads\/2023\/07\/bip4ex.png","contentUrl":"https:\/\/helloproject.es\/vigilancia\/wp-content\/uploads\/2023\/07\/bip4ex.png","width":322,"height":365,"caption":"Helloproject.es"},"image":{"@id":"https:\/\/helloproject.es\/vigilancia\/#\/schema\/logo\/image\/"}},{"@type":"Person","@id":"https:\/\/helloproject.es\/vigilancia\/#\/schema\/person\/3767b0619d59a11570372c821f8619ca","name":"Luis Miguel Mej\u00edas Ramos","url":"https:\/\/helloproject.es\/vigilancia\/author\/luismi\/"}]}},"_links":{"self":[{"href":"https:\/\/helloproject.es\/vigilancia\/wp-json\/wp\/v2\/posts\/201162","targetHints":{"allow":["GET"]}}],"collection":[{"href":"https:\/\/helloproject.es\/vigilancia\/wp-json\/wp\/v2\/posts"}],"about":[{"href":"https:\/\/helloproject.es\/vigilancia\/wp-json\/wp\/v2\/types\/post"}],"author":[{"embeddable":true,"href":"https:\/\/helloproject.es\/vigilancia\/wp-json\/wp\/v2\/users\/5"}],"replies":[{"embeddable":true,"href":"https:\/\/helloproject.es\/vigilancia\/wp-json\/wp\/v2\/comments?post=201162"}],"version-history":[{"count":0,"href":"https:\/\/helloproject.es\/vigilancia\/wp-json\/wp\/v2\/posts\/201162\/revisions"}],"wp:attachment":[{"href":"https:\/\/helloproject.es\/vigilancia\/wp-json\/wp\/v2\/media?parent=201162"}],"wp:term":[{"taxonomy":"category","embeddable":true,"href":"https:\/\/helloproject.es\/vigilancia\/wp-json\/wp\/v2\/categories?post=201162"},{"taxonomy":"post_tag","embeddable":true,"href":"https:\/\/helloproject.es\/vigilancia\/wp-json\/wp\/v2\/tags?post=201162"}],"curies":[{"name":"wp","href":"https:\/\/api.w.org\/{rel}","templated":true}]}}