{"id":202708,"date":"2026-04-09T10:28:03","date_gmt":"2026-04-09T09:28:03","guid":{"rendered":"https:\/\/helloproject.es\/vigilancia\/la-cuenca-oriental-de-la-luna-uno-de-los-mayores-objetivos-de-estudio-de-artemis-ii\/"},"modified":"2026-04-09T10:28:03","modified_gmt":"2026-04-09T09:28:03","slug":"la-cuenca-oriental-de-la-luna-uno-de-los-mayores-objetivos-de-estudio-de-artemis-ii","status":"publish","type":"post","link":"https:\/\/helloproject.es\/vigilancia\/la-cuenca-oriental-de-la-luna-uno-de-los-mayores-objetivos-de-estudio-de-artemis-ii\/","title":{"rendered":"La cuenca Oriental de la Luna, uno de los mayores objetivos de estudio de Artemis II"},"content":{"rendered":"<p>La tripulaci\u00f3n de Artemis II logr\u00f3 un avance significativo al realizar un estudio directo de la cuenca Oriental de la Luna, lo que brindar\u00e1 informaci\u00f3n clave sobre esta estructura, formada hace unos 3 800 millones de a\u00f1os, durante un periodo en el que se cree que la Luna y la Tierra fueron impactadas por una intensa lluvia de asteroides y cometas.<\/p>\n<p>El an\u00e1lisis de esta formaci\u00f3n es de gran importancia, ya que permitir\u00e1 comprender mejor la g\u00e9nesis de los cr\u00e1teres en distintos planetas como consecuencia de impactos ligados a los movimientos del Sistema Solar<\/p>\n<p>El estudio de la llamada Mare Orientale y sus tres anillos encabez\u00f3 la lista de objetivos cient\u00edficos de la nave Ori\u00f3n, que orbit\u00f3 la Luna este lunes durante siete horas para impulsar la primera investigaci\u00f3n humana de este cr\u00e1ter, de unos 950 kil\u00f3metros de di\u00e1metro, situado en el hemisferio sur del sat\u00e9lite natural.<\/p>\n<p>Kelsey Young, jefa de Ciencia y Exploraci\u00f3n de la NASA de la misi\u00f3n, subray\u00f3 que el an\u00e1lisis de esta formaci\u00f3n es de \u201cgran importancia\u201d, ya que permitir\u00e1 comprender mejor la g\u00e9nesis de los cr\u00e1teres en distintos planetas como consecuencia de impactos ligados a los movimientos del Sistema Solar.<\/p>\n<p>                        <a href=\"https:\/\/www.agenciasinc.es\/Opinion\/La-ciencia-de-Artemis-II-experimentos-a-bordo\"><br \/>\n                            <img decoding=\"async\" src=\"https:\/\/cdn.agenciasinc.es\/var\/ezwebin_site\/storage\/images\/opinion\/la-ciencia-de-artemis-ii-experimentos-a-bordo\/12389444-2-esl-MX\/La-ciencia-de-Artemis-II-experimentos-a-bordo.jpg\" alt=\"La ciencia de Artemis II: experimentos a bordo\" title=\"La ciencia de Artemis II: experimentos a bordo\" class=\"small_fotoderecha_img\" loading=\"lazy\" \/><br \/>\n                        <\/a><\/p>\n<p>                    <a href=\"https:\/\/www.agenciasinc.es\/Opinion\/La-ciencia-de-Artemis-II-experimentos-a-bordo\" class=\"small_fotoderecha_titulo\"><\/a><\/p>\n<h3 class=\"small_fotoderecha_titulo\">La ciencia de Artemis II: experimentos a bordo<\/h3>\n<p>                    <\/p>\n<p>                                Ignacio L\u00f3pez-Go\u00f1i<\/p>\n<p><a><\/a><\/p>\n<h2>Creada por un impacto de pel\u00edcula<\/h2>\n<p>La cuenca Oriental es la mayor y m\u00e1s reciente formada al final del hipot\u00e9tico Bombardeo Intenso Tard\u00edo (LHB), que plantea que un cambio repentino en las \u00f3rbitas de los planetas gigantes \u2014J\u00fapiter, Saturno, Urano y Neptuno\u2014 desestabiliz\u00f3 el cintur\u00f3n de asteroides y provoc\u00f3 que numerosos cuerpos se estrellaran contra los planetas interiores y sus sat\u00e9lites naturales, entre ellos la Tierra y la Luna.<\/p>\n<p>Un asteroide de unos 64 kil\u00f3metros habr\u00eda creado los tres anillos de la cuenca Oriental al expulsar al espacio una cantidad gigantesca de material que luego volvi\u00f3 a caer sobre la superficie lunar<\/p>\n<p>Se considera probable que los tres anillos conc\u00e9ntricos de la cuenca se formaran tras el impacto de un asteroide de unos 64 kil\u00f3metros de di\u00e1metro, que expuls\u00f3 una enorme cantidad de material \u2014aproximadamente 135 veces el volumen combinado de los Grandes Lagos de Estados Unidos\u2014 hacia el espacio, antes de que volviera a precipitarse sobre la superficie lunar, seg\u00fan datos citados por la NASA.<\/p>\n<p>Ese material habr\u00eda ascendido a modo de maremoto hasta unos 100 kil\u00f3metros por encima de la superficie \u2014m\u00e1s de once veces la altura del monte Everest\u2014 antes de colapsar y generar fallas tan profundas que atravesaron la corteza hasta alcanzar el manto lunar.<\/p>\n<p>Posteriormente, el material habr\u00eda oscilado de un lado a otro hasta asentarse en los dos anillos exteriores, mientras que el anillo interior se form\u00f3 a partir del colapso de un pico central que no logr\u00f3 mantenerse estable.<\/p>\n<p>                        <a href=\"https:\/\/www.agenciasinc.es\/Noticias\/Los-astronautas-de-Artemis-II-inician-maniobra-para-ajustar-trayectoria-de-retorno-a-la-Tierra\"><br \/>\n                            <img decoding=\"async\" src=\"https:\/\/cdn.agenciasinc.es\/var\/ezwebin_site\/storage\/images\/noticias\/los-astronautas-de-artemis-ii-inician-maniobra-para-ajustar-trayectoria-de-retorno-a-la-tierra\/12389639-1-esl-MX\/Los-astronautas-de-Artemis-II-inician-maniobra-para-ajustar-trayectoria-de-retorno-a-la-Tierra.jpg\" alt=\"Los astronautas de Artemis II inician maniobra para ajustar trayectoria de retorno a la Tierra\" title=\"Los astronautas de Artemis II inician maniobra para ajustar trayectoria de retorno a la Tierra\" class=\"small_fotoderecha_img\" loading=\"lazy\" \/><br \/>\n                        <\/a><\/p>\n<p>                    <a href=\"https:\/\/www.agenciasinc.es\/Noticias\/Los-astronautas-de-Artemis-II-inician-maniobra-para-ajustar-trayectoria-de-retorno-a-la-Tierra\" class=\"small_fotoderecha_titulo\"><\/a><\/p>\n<h3 class=\"small_fotoderecha_titulo\">Los astronautas de Artemis II inician maniobra para ajustar trayectoria de retorno a la Tierra<\/h3>\n<p>                    <\/p>\n<p>                                EFE<\/p>\n<p><a><\/a><\/p>\n<h2>Un nuevo hito<\/h2>\n<p>Aunque la cuenca ya hab\u00eda sido fotografiada por misiones no tripuladas, esta es la primera vez que su \u201cmagnificencia\u201d ha sido observada directamente por el ojo humano, destac\u00f3 Young.<\/p>\n<p><img decoding=\"async\" src=\"https:\/\/www.agenciasinc.es\/bundles\/app\/images\/quotebefore.png\" \/><\/p>\n<p>Aunque la cuenca ya hab\u00eda sido fotografiada por misiones no tripuladas, esta es la primera vez que su magnificencia ha sido observada directamente por el ojo humano<\/p>\n<p>Kelsey Young, jefa de Ciencia y Exploraci\u00f3n de la NASA de la misi\u00f3n<br \/>\n<img decoding=\"async\" src=\"https:\/\/www.agenciasinc.es\/bundles\/app\/images\/quoteafter.png\" \/><\/p>\n<p>La tripulaci\u00f3n emple\u00f3 el m\u00e9todo de observaci\u00f3n directa, que permite identificar colores y texturas sutiles que pasan desapercibidos para las c\u00e1maras.<\/p>\n<p>\u201cLos entrenamos para describir las cosas tal como las ven\u2026 para mantener este di\u00e1logo cient\u00edfico\u201d, explic\u00f3 la cient\u00edfica sobre el trabajo realizado por los astronautas a bordo de Ori\u00f3n.<\/p>\n<p>En la misma l\u00ednea,\u00a0Jacob Bleacher, cient\u00edfico jefe de Exploraci\u00f3n de la NASA, calific\u00f3 de \u201cextraordinario\u201d escuchar a la tripulaci\u00f3n describir las vistas contempladas durante el sobrevuelo del lunes.<\/p>\n<p>Adem\u00e1s, se espera que los astronautas hayan captado \u201cmiles de im\u00e1genes\u201d de la cuenca Oriental. La misi\u00f3n hab\u00eda transmitido ya m\u00e1s de 50 gigabytes de im\u00e1genes y otros datos este martes.<\/p>\n<p><a><\/a><\/p>\n<h2>Remolino lunar<\/h2>\n<p>Entre los otros objetivos de estudio figur\u00f3 la cuenca Hertzsprung, un cr\u00e1ter de casi 650 kil\u00f3metros de ancho, muy erosionado, situado en la cara oculta de la Luna, que aporta informaci\u00f3n valiosa sobre la evoluci\u00f3n de las formaciones lunares a lo largo del tiempo.<\/p>\n<p>La tripulaci\u00f3n examin\u00f3 varias formaciones destacadas, entre ellas Reiner Gamma, una anomal\u00eda magn\u00e9tica candidata a futuros aterrizajes, y dos cr\u00e1teres brillantes situados en la cara oculta de la Luna<\/p>\n<p>Los astronautas tambi\u00e9n observaron Reiner Gamma, un \u201cremolino lunar\u201d considerado una anomal\u00eda magn\u00e9tica y posible lugar de aterrizaje para futuras misiones, as\u00ed como Glushko, un cr\u00e1ter brillante de 43 kil\u00f3metros de ancho conocido por sus franjas blancas, y el cr\u00e1ter Ohm, situado igualmente en la cara oculta del sat\u00e9lite.<\/p>\n<p>Las descripciones visuales y las nuevas im\u00e1genes ayudar\u00e1n a la NASA a afinar su conocimiento de la geolog\u00eda lunar y servir\u00e1n de base para futuras misiones cient\u00edficas y de exploraci\u00f3n, con el objetivo de establecer una presencia humana sostenida en la Luna antes de emprender misiones tripuladas a Marte.<\/p>\n<p>En el octavo d\u00eda de la misi\u00f3n la tripulaci\u00f3n tambi\u00e9n\u00a0<a href=\"https:\/\/www.agenciasinc.es\/Opinion\/Radiacion-espacial-a-que-se-arriesgan-los-astronautas-de-Artemis-II-y-las-misiones-del-futuro\" target=\"_blank\">realiz\u00f3 experimentos sobre los riesgos de la radiaci\u00f3n<\/a> solar en el cuerpo humano.<\/p>\n<p>Est\u00e1 previsto que el m\u00f3dulo Ori\u00f3n regrese el pr\u00f3ximo viernes, cuando americe en el oc\u00e9ano Pac\u00edfico frente a las costas de California.<\/p>","protected":false},"excerpt":{"rendered":"<p>La tripulaci\u00f3n de Artemis II logr\u00f3 un avance significativo al realizar un estudio directo de la cuenca Oriental de la Luna, lo que brindar\u00e1 informaci\u00f3n clave sobre esta estructura, formada hace unos 3 800 millones de a\u00f1os, durante un periodo en el que se cree que la Luna y la Tierra fueron impactadas por una [&hellip;]<\/p>\n","protected":false},"author":5,"featured_media":0,"comment_status":"","ping_status":"","sticky":false,"template":"","format":"standard","meta":{"site-sidebar-layout":"default","site-content-layout":"","ast-site-content-layout":"default","site-content-style":"default","site-sidebar-style":"default","ast-global-header-display":"","ast-banner-title-visibility":"","ast-main-header-display":"","ast-hfb-above-header-display":"","ast-hfb-below-header-display":"","ast-hfb-mobile-header-display":"","site-post-title":"","ast-breadcrumbs-content":"","ast-featured-img":"","footer-sml-layout":"","ast-disable-related-posts":"","theme-transparent-header-meta":"","adv-header-id-meta":"","stick-header-meta":"","header-above-stick-meta":"","header-main-stick-meta":"","header-below-stick-meta":"","astra-migrate-meta-layouts":"default","ast-page-background-enabled":"default","ast-page-background-meta":{"desktop":{"background-color":"var(--ast-global-color-4)","background-image":"","background-repeat":"repeat","background-position":"center center","background-size":"auto","background-attachment":"scroll","background-type":"","background-media":"","overlay-type":"","overlay-color":"","overlay-opacity":"","overlay-gradient":""},"tablet":{"background-color":"","background-image":"","background-repeat":"repeat","background-position":"center center","background-size":"auto","background-attachment":"scroll","background-type":"","background-media":"","overlay-type":"","overlay-color":"","overlay-opacity":"","overlay-gradient":""},"mobile":{"background-color":"","background-image":"","background-repeat":"repeat","background-position":"center center","background-size":"auto","background-attachment":"scroll","background-type":"","background-media":"","overlay-type":"","overlay-color":"","overlay-opacity":"","overlay-gradient":""}},"ast-content-background-meta":{"desktop":{"background-color":"var(--ast-global-color-5)","background-image":"","background-repeat":"repeat","background-position":"center center","background-size":"auto","background-attachment":"scroll","background-type":"","background-media":"","overlay-type":"","overlay-color":"","overlay-opacity":"","overlay-gradient":""},"tablet":{"background-color":"var(--ast-global-color-5)","background-image":"","background-repeat":"repeat","background-position":"center center","background-size":"auto","background-attachment":"scroll","background-type":"","background-media":"","overlay-type":"","overlay-color":"","overlay-opacity":"","overlay-gradient":""},"mobile":{"background-color":"var(--ast-global-color-5)","background-image":"","background-repeat":"repeat","background-position":"center center","background-size":"auto","background-attachment":"scroll","background-type":"","background-media":"","overlay-type":"","overlay-color":"","overlay-opacity":"","overlay-gradient":""}},"footnotes":""},"categories":[5],"tags":[],"class_list":["post-202708","post","type-post","status-publish","format-standard","hentry","category-noticias"],"yoast_head":"<!-- This site is optimized with the Yoast SEO Premium plugin v20.9 (Yoast SEO v27.4) - https:\/\/yoast.com\/product\/yoast-seo-premium-wordpress\/ -->\n<title>La cuenca Oriental de la Luna, uno de los mayores objetivos de estudio de Artemis II - bip4ex<\/title>\n<meta name=\"robots\" content=\"index, follow, max-snippet:-1, max-image-preview:large, max-video-preview:-1\" \/>\n<link rel=\"canonical\" href=\"https:\/\/helloproject.es\/vigilancia\/la-cuenca-oriental-de-la-luna-uno-de-los-mayores-objetivos-de-estudio-de-artemis-ii\/\" \/>\n<meta property=\"og:locale\" content=\"es_ES\" \/>\n<meta property=\"og:type\" content=\"article\" \/>\n<meta property=\"og:title\" content=\"La cuenca Oriental de la Luna, uno de los mayores objetivos de estudio de Artemis II\" \/>\n<meta property=\"og:description\" content=\"La tripulaci\u00f3n de Artemis II logr\u00f3 un avance significativo al realizar un estudio directo de la cuenca Oriental de la Luna, lo que brindar\u00e1 informaci\u00f3n clave sobre esta estructura, formada hace unos 3 800 millones de a\u00f1os, durante un periodo en el que se cree que la Luna y la Tierra fueron impactadas por una [&hellip;]\" \/>\n<meta property=\"og:url\" content=\"https:\/\/helloproject.es\/vigilancia\/la-cuenca-oriental-de-la-luna-uno-de-los-mayores-objetivos-de-estudio-de-artemis-ii\/\" \/>\n<meta property=\"og:site_name\" content=\"bip4ex\" \/>\n<meta property=\"article:published_time\" content=\"2026-04-09T09:28:03+00:00\" \/>\n<meta property=\"og:image\" content=\"https:\/\/cdn.agenciasinc.es\/var\/ezwebin_site\/storage\/images\/opinion\/la-ciencia-de-artemis-ii-experimentos-a-bordo\/12389444-2-esl-MX\/La-ciencia-de-Artemis-II-experimentos-a-bordo.jpg\" \/>\n<meta name=\"author\" content=\"Luis Miguel Mej\u00edas Ramos\" \/>\n<meta name=\"twitter:card\" content=\"summary_large_image\" \/>\n<meta name=\"twitter:label1\" content=\"Escrito por\" \/>\n\t<meta name=\"twitter:data1\" content=\"Luis Miguel Mej\u00edas Ramos\" \/>\n\t<meta name=\"twitter:label2\" content=\"Tiempo de lectura\" \/>\n\t<meta name=\"twitter:data2\" content=\"5 minutos\" \/>\n<script type=\"application\/ld+json\" class=\"yoast-schema-graph\">{\"@context\":\"https:\\\/\\\/schema.org\",\"@graph\":[{\"@type\":\"Article\",\"@id\":\"https:\\\/\\\/helloproject.es\\\/vigilancia\\\/la-cuenca-oriental-de-la-luna-uno-de-los-mayores-objetivos-de-estudio-de-artemis-ii\\\/#article\",\"isPartOf\":{\"@id\":\"https:\\\/\\\/helloproject.es\\\/vigilancia\\\/la-cuenca-oriental-de-la-luna-uno-de-los-mayores-objetivos-de-estudio-de-artemis-ii\\\/\"},\"author\":{\"name\":\"Luis Miguel Mej\u00edas Ramos\",\"@id\":\"https:\\\/\\\/helloproject.es\\\/vigilancia\\\/#\\\/schema\\\/person\\\/3767b0619d59a11570372c821f8619ca\"},\"headline\":\"La cuenca Oriental de la Luna, uno de los mayores objetivos de estudio de Artemis II\",\"datePublished\":\"2026-04-09T09:28:03+00:00\",\"mainEntityOfPage\":{\"@id\":\"https:\\\/\\\/helloproject.es\\\/vigilancia\\\/la-cuenca-oriental-de-la-luna-uno-de-los-mayores-objetivos-de-estudio-de-artemis-ii\\\/\"},\"wordCount\":965,\"publisher\":{\"@id\":\"https:\\\/\\\/helloproject.es\\\/vigilancia\\\/#organization\"},\"image\":{\"@id\":\"https:\\\/\\\/helloproject.es\\\/vigilancia\\\/la-cuenca-oriental-de-la-luna-uno-de-los-mayores-objetivos-de-estudio-de-artemis-ii\\\/#primaryimage\"},\"thumbnailUrl\":\"https:\\\/\\\/cdn.agenciasinc.es\\\/var\\\/ezwebin_site\\\/storage\\\/images\\\/opinion\\\/la-ciencia-de-artemis-ii-experimentos-a-bordo\\\/12389444-2-esl-MX\\\/La-ciencia-de-Artemis-II-experimentos-a-bordo.jpg\",\"articleSection\":[\"Noticias\"],\"inLanguage\":\"es\"},{\"@type\":\"WebPage\",\"@id\":\"https:\\\/\\\/helloproject.es\\\/vigilancia\\\/la-cuenca-oriental-de-la-luna-uno-de-los-mayores-objetivos-de-estudio-de-artemis-ii\\\/\",\"url\":\"https:\\\/\\\/helloproject.es\\\/vigilancia\\\/la-cuenca-oriental-de-la-luna-uno-de-los-mayores-objetivos-de-estudio-de-artemis-ii\\\/\",\"name\":\"La cuenca Oriental de la Luna, uno de los mayores objetivos de estudio de Artemis II - bip4ex\",\"isPartOf\":{\"@id\":\"https:\\\/\\\/helloproject.es\\\/vigilancia\\\/#website\"},\"primaryImageOfPage\":{\"@id\":\"https:\\\/\\\/helloproject.es\\\/vigilancia\\\/la-cuenca-oriental-de-la-luna-uno-de-los-mayores-objetivos-de-estudio-de-artemis-ii\\\/#primaryimage\"},\"image\":{\"@id\":\"https:\\\/\\\/helloproject.es\\\/vigilancia\\\/la-cuenca-oriental-de-la-luna-uno-de-los-mayores-objetivos-de-estudio-de-artemis-ii\\\/#primaryimage\"},\"thumbnailUrl\":\"https:\\\/\\\/cdn.agenciasinc.es\\\/var\\\/ezwebin_site\\\/storage\\\/images\\\/opinion\\\/la-ciencia-de-artemis-ii-experimentos-a-bordo\\\/12389444-2-esl-MX\\\/La-ciencia-de-Artemis-II-experimentos-a-bordo.jpg\",\"datePublished\":\"2026-04-09T09:28:03+00:00\",\"breadcrumb\":{\"@id\":\"https:\\\/\\\/helloproject.es\\\/vigilancia\\\/la-cuenca-oriental-de-la-luna-uno-de-los-mayores-objetivos-de-estudio-de-artemis-ii\\\/#breadcrumb\"},\"inLanguage\":\"es\",\"potentialAction\":[{\"@type\":\"ReadAction\",\"target\":[\"https:\\\/\\\/helloproject.es\\\/vigilancia\\\/la-cuenca-oriental-de-la-luna-uno-de-los-mayores-objetivos-de-estudio-de-artemis-ii\\\/\"]}]},{\"@type\":\"ImageObject\",\"inLanguage\":\"es\",\"@id\":\"https:\\\/\\\/helloproject.es\\\/vigilancia\\\/la-cuenca-oriental-de-la-luna-uno-de-los-mayores-objetivos-de-estudio-de-artemis-ii\\\/#primaryimage\",\"url\":\"https:\\\/\\\/cdn.agenciasinc.es\\\/var\\\/ezwebin_site\\\/storage\\\/images\\\/opinion\\\/la-ciencia-de-artemis-ii-experimentos-a-bordo\\\/12389444-2-esl-MX\\\/La-ciencia-de-Artemis-II-experimentos-a-bordo.jpg\",\"contentUrl\":\"https:\\\/\\\/cdn.agenciasinc.es\\\/var\\\/ezwebin_site\\\/storage\\\/images\\\/opinion\\\/la-ciencia-de-artemis-ii-experimentos-a-bordo\\\/12389444-2-esl-MX\\\/La-ciencia-de-Artemis-II-experimentos-a-bordo.jpg\"},{\"@type\":\"BreadcrumbList\",\"@id\":\"https:\\\/\\\/helloproject.es\\\/vigilancia\\\/la-cuenca-oriental-de-la-luna-uno-de-los-mayores-objetivos-de-estudio-de-artemis-ii\\\/#breadcrumb\",\"itemListElement\":[{\"@type\":\"ListItem\",\"position\":1,\"name\":\"Home\",\"item\":\"https:\\\/\\\/helloproject.es\\\/vigilancia\\\/\"},{\"@type\":\"ListItem\",\"position\":2,\"name\":\"La cuenca Oriental de la Luna, uno de los mayores objetivos de estudio de Artemis II\"}]},{\"@type\":\"WebSite\",\"@id\":\"https:\\\/\\\/helloproject.es\\\/vigilancia\\\/#website\",\"url\":\"https:\\\/\\\/helloproject.es\\\/vigilancia\\\/\",\"name\":\"bip4ex\",\"description\":\"Vigilancia Tecnol\u00f3gica\",\"publisher\":{\"@id\":\"https:\\\/\\\/helloproject.es\\\/vigilancia\\\/#organization\"},\"potentialAction\":[{\"@type\":\"SearchAction\",\"target\":{\"@type\":\"EntryPoint\",\"urlTemplate\":\"https:\\\/\\\/helloproject.es\\\/vigilancia\\\/?s={search_term_string}\"},\"query-input\":{\"@type\":\"PropertyValueSpecification\",\"valueRequired\":true,\"valueName\":\"search_term_string\"}}],\"inLanguage\":\"es\"},{\"@type\":\"Organization\",\"@id\":\"https:\\\/\\\/helloproject.es\\\/vigilancia\\\/#organization\",\"name\":\"Helloproject.es\",\"url\":\"https:\\\/\\\/helloproject.es\\\/vigilancia\\\/\",\"logo\":{\"@type\":\"ImageObject\",\"inLanguage\":\"es\",\"@id\":\"https:\\\/\\\/helloproject.es\\\/vigilancia\\\/#\\\/schema\\\/logo\\\/image\\\/\",\"url\":\"https:\\\/\\\/helloproject.es\\\/vigilancia\\\/wp-content\\\/uploads\\\/2023\\\/07\\\/bip4ex.png\",\"contentUrl\":\"https:\\\/\\\/helloproject.es\\\/vigilancia\\\/wp-content\\\/uploads\\\/2023\\\/07\\\/bip4ex.png\",\"width\":322,\"height\":365,\"caption\":\"Helloproject.es\"},\"image\":{\"@id\":\"https:\\\/\\\/helloproject.es\\\/vigilancia\\\/#\\\/schema\\\/logo\\\/image\\\/\"}},{\"@type\":\"Person\",\"@id\":\"https:\\\/\\\/helloproject.es\\\/vigilancia\\\/#\\\/schema\\\/person\\\/3767b0619d59a11570372c821f8619ca\",\"name\":\"Luis Miguel Mej\u00edas Ramos\",\"url\":\"https:\\\/\\\/helloproject.es\\\/vigilancia\\\/author\\\/luismi\\\/\"}]}<\/script>\n<!-- \/ Yoast SEO Premium plugin. -->","yoast_head_json":{"title":"La cuenca Oriental de la Luna, uno de los mayores objetivos de estudio de Artemis II - bip4ex","robots":{"index":"index","follow":"follow","max-snippet":"max-snippet:-1","max-image-preview":"max-image-preview:large","max-video-preview":"max-video-preview:-1"},"canonical":"https:\/\/helloproject.es\/vigilancia\/la-cuenca-oriental-de-la-luna-uno-de-los-mayores-objetivos-de-estudio-de-artemis-ii\/","og_locale":"es_ES","og_type":"article","og_title":"La cuenca Oriental de la Luna, uno de los mayores objetivos de estudio de Artemis II","og_description":"La tripulaci\u00f3n de Artemis II logr\u00f3 un avance significativo al realizar un estudio directo de la cuenca Oriental de la Luna, lo que brindar\u00e1 informaci\u00f3n clave sobre esta estructura, formada hace unos 3 800 millones de a\u00f1os, durante un periodo en el que se cree que la Luna y la Tierra fueron impactadas por una [&hellip;]","og_url":"https:\/\/helloproject.es\/vigilancia\/la-cuenca-oriental-de-la-luna-uno-de-los-mayores-objetivos-de-estudio-de-artemis-ii\/","og_site_name":"bip4ex","article_published_time":"2026-04-09T09:28:03+00:00","og_image":[{"url":"https:\/\/cdn.agenciasinc.es\/var\/ezwebin_site\/storage\/images\/opinion\/la-ciencia-de-artemis-ii-experimentos-a-bordo\/12389444-2-esl-MX\/La-ciencia-de-Artemis-II-experimentos-a-bordo.jpg","type":"","width":"","height":""}],"author":"Luis Miguel Mej\u00edas Ramos","twitter_card":"summary_large_image","twitter_misc":{"Escrito por":"Luis Miguel Mej\u00edas Ramos","Tiempo de lectura":"5 minutos"},"schema":{"@context":"https:\/\/schema.org","@graph":[{"@type":"Article","@id":"https:\/\/helloproject.es\/vigilancia\/la-cuenca-oriental-de-la-luna-uno-de-los-mayores-objetivos-de-estudio-de-artemis-ii\/#article","isPartOf":{"@id":"https:\/\/helloproject.es\/vigilancia\/la-cuenca-oriental-de-la-luna-uno-de-los-mayores-objetivos-de-estudio-de-artemis-ii\/"},"author":{"name":"Luis Miguel Mej\u00edas Ramos","@id":"https:\/\/helloproject.es\/vigilancia\/#\/schema\/person\/3767b0619d59a11570372c821f8619ca"},"headline":"La cuenca Oriental de la Luna, uno de los mayores objetivos de estudio de Artemis II","datePublished":"2026-04-09T09:28:03+00:00","mainEntityOfPage":{"@id":"https:\/\/helloproject.es\/vigilancia\/la-cuenca-oriental-de-la-luna-uno-de-los-mayores-objetivos-de-estudio-de-artemis-ii\/"},"wordCount":965,"publisher":{"@id":"https:\/\/helloproject.es\/vigilancia\/#organization"},"image":{"@id":"https:\/\/helloproject.es\/vigilancia\/la-cuenca-oriental-de-la-luna-uno-de-los-mayores-objetivos-de-estudio-de-artemis-ii\/#primaryimage"},"thumbnailUrl":"https:\/\/cdn.agenciasinc.es\/var\/ezwebin_site\/storage\/images\/opinion\/la-ciencia-de-artemis-ii-experimentos-a-bordo\/12389444-2-esl-MX\/La-ciencia-de-Artemis-II-experimentos-a-bordo.jpg","articleSection":["Noticias"],"inLanguage":"es"},{"@type":"WebPage","@id":"https:\/\/helloproject.es\/vigilancia\/la-cuenca-oriental-de-la-luna-uno-de-los-mayores-objetivos-de-estudio-de-artemis-ii\/","url":"https:\/\/helloproject.es\/vigilancia\/la-cuenca-oriental-de-la-luna-uno-de-los-mayores-objetivos-de-estudio-de-artemis-ii\/","name":"La cuenca Oriental de la Luna, uno de los mayores objetivos de estudio de Artemis II - bip4ex","isPartOf":{"@id":"https:\/\/helloproject.es\/vigilancia\/#website"},"primaryImageOfPage":{"@id":"https:\/\/helloproject.es\/vigilancia\/la-cuenca-oriental-de-la-luna-uno-de-los-mayores-objetivos-de-estudio-de-artemis-ii\/#primaryimage"},"image":{"@id":"https:\/\/helloproject.es\/vigilancia\/la-cuenca-oriental-de-la-luna-uno-de-los-mayores-objetivos-de-estudio-de-artemis-ii\/#primaryimage"},"thumbnailUrl":"https:\/\/cdn.agenciasinc.es\/var\/ezwebin_site\/storage\/images\/opinion\/la-ciencia-de-artemis-ii-experimentos-a-bordo\/12389444-2-esl-MX\/La-ciencia-de-Artemis-II-experimentos-a-bordo.jpg","datePublished":"2026-04-09T09:28:03+00:00","breadcrumb":{"@id":"https:\/\/helloproject.es\/vigilancia\/la-cuenca-oriental-de-la-luna-uno-de-los-mayores-objetivos-de-estudio-de-artemis-ii\/#breadcrumb"},"inLanguage":"es","potentialAction":[{"@type":"ReadAction","target":["https:\/\/helloproject.es\/vigilancia\/la-cuenca-oriental-de-la-luna-uno-de-los-mayores-objetivos-de-estudio-de-artemis-ii\/"]}]},{"@type":"ImageObject","inLanguage":"es","@id":"https:\/\/helloproject.es\/vigilancia\/la-cuenca-oriental-de-la-luna-uno-de-los-mayores-objetivos-de-estudio-de-artemis-ii\/#primaryimage","url":"https:\/\/cdn.agenciasinc.es\/var\/ezwebin_site\/storage\/images\/opinion\/la-ciencia-de-artemis-ii-experimentos-a-bordo\/12389444-2-esl-MX\/La-ciencia-de-Artemis-II-experimentos-a-bordo.jpg","contentUrl":"https:\/\/cdn.agenciasinc.es\/var\/ezwebin_site\/storage\/images\/opinion\/la-ciencia-de-artemis-ii-experimentos-a-bordo\/12389444-2-esl-MX\/La-ciencia-de-Artemis-II-experimentos-a-bordo.jpg"},{"@type":"BreadcrumbList","@id":"https:\/\/helloproject.es\/vigilancia\/la-cuenca-oriental-de-la-luna-uno-de-los-mayores-objetivos-de-estudio-de-artemis-ii\/#breadcrumb","itemListElement":[{"@type":"ListItem","position":1,"name":"Home","item":"https:\/\/helloproject.es\/vigilancia\/"},{"@type":"ListItem","position":2,"name":"La cuenca Oriental de la Luna, uno de los mayores objetivos de estudio de Artemis II"}]},{"@type":"WebSite","@id":"https:\/\/helloproject.es\/vigilancia\/#website","url":"https:\/\/helloproject.es\/vigilancia\/","name":"bip4ex","description":"Vigilancia Tecnol\u00f3gica","publisher":{"@id":"https:\/\/helloproject.es\/vigilancia\/#organization"},"potentialAction":[{"@type":"SearchAction","target":{"@type":"EntryPoint","urlTemplate":"https:\/\/helloproject.es\/vigilancia\/?s={search_term_string}"},"query-input":{"@type":"PropertyValueSpecification","valueRequired":true,"valueName":"search_term_string"}}],"inLanguage":"es"},{"@type":"Organization","@id":"https:\/\/helloproject.es\/vigilancia\/#organization","name":"Helloproject.es","url":"https:\/\/helloproject.es\/vigilancia\/","logo":{"@type":"ImageObject","inLanguage":"es","@id":"https:\/\/helloproject.es\/vigilancia\/#\/schema\/logo\/image\/","url":"https:\/\/helloproject.es\/vigilancia\/wp-content\/uploads\/2023\/07\/bip4ex.png","contentUrl":"https:\/\/helloproject.es\/vigilancia\/wp-content\/uploads\/2023\/07\/bip4ex.png","width":322,"height":365,"caption":"Helloproject.es"},"image":{"@id":"https:\/\/helloproject.es\/vigilancia\/#\/schema\/logo\/image\/"}},{"@type":"Person","@id":"https:\/\/helloproject.es\/vigilancia\/#\/schema\/person\/3767b0619d59a11570372c821f8619ca","name":"Luis Miguel Mej\u00edas Ramos","url":"https:\/\/helloproject.es\/vigilancia\/author\/luismi\/"}]}},"_links":{"self":[{"href":"https:\/\/helloproject.es\/vigilancia\/wp-json\/wp\/v2\/posts\/202708","targetHints":{"allow":["GET"]}}],"collection":[{"href":"https:\/\/helloproject.es\/vigilancia\/wp-json\/wp\/v2\/posts"}],"about":[{"href":"https:\/\/helloproject.es\/vigilancia\/wp-json\/wp\/v2\/types\/post"}],"author":[{"embeddable":true,"href":"https:\/\/helloproject.es\/vigilancia\/wp-json\/wp\/v2\/users\/5"}],"replies":[{"embeddable":true,"href":"https:\/\/helloproject.es\/vigilancia\/wp-json\/wp\/v2\/comments?post=202708"}],"version-history":[{"count":0,"href":"https:\/\/helloproject.es\/vigilancia\/wp-json\/wp\/v2\/posts\/202708\/revisions"}],"wp:attachment":[{"href":"https:\/\/helloproject.es\/vigilancia\/wp-json\/wp\/v2\/media?parent=202708"}],"wp:term":[{"taxonomy":"category","embeddable":true,"href":"https:\/\/helloproject.es\/vigilancia\/wp-json\/wp\/v2\/categories?post=202708"},{"taxonomy":"post_tag","embeddable":true,"href":"https:\/\/helloproject.es\/vigilancia\/wp-json\/wp\/v2\/tags?post=202708"}],"curies":[{"name":"wp","href":"https:\/\/api.w.org\/{rel}","templated":true}]}}