{"id":202721,"date":"2026-04-09T13:17:14","date_gmt":"2026-04-09T12:17:14","guid":{"rendered":"https:\/\/helloproject.es\/vigilancia\/publicaciones-de-interes-doue-09-04-2026\/"},"modified":"2026-04-09T13:17:14","modified_gmt":"2026-04-09T12:17:14","slug":"publicaciones-de-interes-doue-09-04-2026","status":"publish","type":"post","link":"https:\/\/helloproject.es\/vigilancia\/publicaciones-de-interes-doue-09-04-2026\/","title":{"rendered":"Publicaciones de inter\u00e9s DOUE 09\/04\/2026"},"content":{"rendered":"<p>El DOUE de fecha 09\/04\/2026 recoge tres publicaciones de inter\u00e9s en materia de Fondos de Cohesi\u00f3n.<\/p>\n<ul>\n<li><a href=\"https:\/\/eur-lex.europa.eu\/legal-content\/ES\/TXT\/PDF\/?uri=OJ:C_202601475\" data-saferedirecturl=\"https:\/\/www.google.com\/url?q=https:\/\/eur-lex.europa.eu\/legal-content\/ES\/TXT\/PDF\/?uri%3DOJ:C_202601475&amp;source=gmail&amp;ust=1775816430484000&amp;usg=AOvVaw1r6NiA3t6PzjFCSeJOhoGx\">Posibilidades de simplificaci\u00f3n de los fondos de cohesi\u00f3n<\/a>\u00a0Una Resoluci\u00f3n del Parlamento Europeo en la que se incorporan 47 consideraciones para su transmisi\u00f3n al Consejo y a la Comisi\u00f3n, as\u00ed como al Tribunal de Cuentas Europeo, al Comit\u00e9 Econ\u00f3mico y Social Europeo, al Comit\u00e9 de las Regiones y a los Parlamentos nacionales y regionales de los Estados miembros. Esta resoluci\u00f3n, que recordemos no es de car\u00e1cter vinculante, recoge diversidad de materias, todas ellas dirigidas a la simplificaci\u00f3n en la gesti\u00f3n, tales como reducir el trabajo administrativo de los beneficiarios, simplificar la normativa de cohesi\u00f3n,\u00a0<strong>la participaci\u00f3n activa y \u00a0obligatoria de los entes locales y regionales en la preparaci\u00f3n, programaci\u00f3n, aplicaci\u00f3n, seguimiento y evaluaci\u00f3n de los proyectos<\/strong>\u00a0o, entre otros, si oposici\u00f3n a un \u00fanico programa nacional.<\/li>\n<li><a href=\"https:\/\/eur-lex.europa.eu\/legal-content\/ES\/TXT\/PDF\/?uri=OJ:C_202601494\" data-saferedirecturl=\"https:\/\/www.google.com\/url?q=https:\/\/eur-lex.europa.eu\/legal-content\/ES\/TXT\/PDF\/?uri%3DOJ:C_202601494&amp;source=gmail&amp;ust=1775816430484000&amp;usg=AOvVaw09PtYNEqA3woorqTa9Ngi1\">Fondo Social Europeo Plus (FSE+): medidas espec\u00edficas para hacer frente a retos estrat\u00e9gicos<\/a>\u00a0Resoluci\u00f3n legislativa del Parlamento Europeo, de 10 de septiembre de 2025, sobre la propuesta de Reglamento del Parlamento Europeo y del Consejo por el que se modifica el Reglamento (UE) 2021\/1057, por el que se establece el Fondo Social Europeo Plus (FSE+), en lo que respecta a medidas espec\u00edficas para hacer frente a retos estrat\u00e9gicos<\/li>\n<li><a href=\"https:\/\/eur-lex.europa.eu\/legal-content\/ES\/TXT\/PDF\/?uri=OJ:C_202601495\" data-saferedirecturl=\"https:\/\/www.google.com\/url?q=https:\/\/eur-lex.europa.eu\/legal-content\/ES\/TXT\/PDF\/?uri%3DOJ:C_202601495&amp;source=gmail&amp;ust=1775816430484000&amp;usg=AOvVaw3zsTUsR7cHRJZwq_oOlza4\">Modificaci\u00f3n del FEDER, del Fondo de Cohesi\u00f3n y del Fondo de Transici\u00f3n Justa en lo que respecta a medidas espec\u00edficas para hacer frente a retos estrat\u00e9gicos en el contexto de la revisi\u00f3n intermedia<\/a>. Resoluci\u00f3n legislativa del Parlamento Europeo, de 10 de septiembre de 2025, sobre la propuesta de Reglamento del Parlamento Europeo y del Consejo por el que se modifican los Reglamentos (UE) 2021\/1058 y (UE) 2021\/1056 en lo que respecta a medidas espec\u00edficas para hacer frente a retos estrat\u00e9gicos en el contexto de la revisi\u00f3n intermedia<\/li>\n<\/ul>\n<p>The post <a href=\"https:\/\/femp-fondos-europa.es\/publicaciones-de-interes-doue-09-04-2026\/\">Publicaciones de inter\u00e9s DOUE 09\/04\/2026<\/a> appeared first on <a href=\"https:\/\/femp-fondos-europa.es\/\">Fondos Europeos NG y 2021-2027 &#8211; FEMP<\/a>.<\/p>","protected":false},"excerpt":{"rendered":"<p>El DOUE de fecha 09\/04\/2026 recoge tres publicaciones de inter\u00e9s en materia de Fondos de Cohesi\u00f3n. Posibilidades de simplificaci\u00f3n de los fondos de cohesi\u00f3n\u00a0Una Resoluci\u00f3n del Parlamento Europeo en la que se incorporan 47 consideraciones para su transmisi\u00f3n al Consejo y a la Comisi\u00f3n, as\u00ed como al Tribunal de Cuentas Europeo, al Comit\u00e9 Econ\u00f3mico y [&hellip;]<\/p>\n","protected":false},"author":5,"featured_media":0,"comment_status":"","ping_status":"","sticky":false,"template":"","format":"standard","meta":{"site-sidebar-layout":"default","site-content-layout":"","ast-site-content-layout":"default","site-content-style":"default","site-sidebar-style":"default","ast-global-header-display":"","ast-banner-title-visibility":"","ast-main-header-display":"","ast-hfb-above-header-display":"","ast-hfb-below-header-display":"","ast-hfb-mobile-header-display":"","site-post-title":"","ast-breadcrumbs-content":"","ast-featured-img":"","footer-sml-layout":"","ast-disable-related-posts":"","theme-transparent-header-meta":"","adv-header-id-meta":"","stick-header-meta":"","header-above-stick-meta":"","header-main-stick-meta":"","header-below-stick-meta":"","astra-migrate-meta-layouts":"default","ast-page-background-enabled":"default","ast-page-background-meta":{"desktop":{"background-color":"var(--ast-global-color-4)","background-image":"","background-repeat":"repeat","background-position":"center center","background-size":"auto","background-attachment":"scroll","background-type":"","background-media":"","overlay-type":"","overlay-color":"","overlay-opacity":"","overlay-gradient":""},"tablet":{"background-color":"","background-image":"","background-repeat":"repeat","background-position":"center center","background-size":"auto","background-attachment":"scroll","background-type":"","background-media":"","overlay-type":"","overlay-color":"","overlay-opacity":"","overlay-gradient":""},"mobile":{"background-color":"","background-image":"","background-repeat":"repeat","background-position":"center center","background-size":"auto","background-attachment":"scroll","background-type":"","background-media":"","overlay-type":"","overlay-color":"","overlay-opacity":"","overlay-gradient":""}},"ast-content-background-meta":{"desktop":{"background-color":"var(--ast-global-color-5)","background-image":"","background-repeat":"repeat","background-position":"center center","background-size":"auto","background-attachment":"scroll","background-type":"","background-media":"","overlay-type":"","overlay-color":"","overlay-opacity":"","overlay-gradient":""},"tablet":{"background-color":"var(--ast-global-color-5)","background-image":"","background-repeat":"repeat","background-position":"center center","background-size":"auto","background-attachment":"scroll","background-type":"","background-media":"","overlay-type":"","overlay-color":"","overlay-opacity":"","overlay-gradient":""},"mobile":{"background-color":"var(--ast-global-color-5)","background-image":"","background-repeat":"repeat","background-position":"center center","background-size":"auto","background-attachment":"scroll","background-type":"","background-media":"","overlay-type":"","overlay-color":"","overlay-opacity":"","overlay-gradient":""}},"footnotes":""},"categories":[8],"tags":[],"class_list":["post-202721","post","type-post","status-publish","format-standard","hentry","category-ayudas-y-subvenciones"],"yoast_head":"<!-- This site is optimized with the Yoast SEO Premium plugin v20.9 (Yoast SEO v27.4) - https:\/\/yoast.com\/product\/yoast-seo-premium-wordpress\/ -->\n<title>Publicaciones de inter\u00e9s DOUE 09\/04\/2026 - bip4ex<\/title>\n<meta name=\"robots\" content=\"index, follow, max-snippet:-1, max-image-preview:large, max-video-preview:-1\" \/>\n<link rel=\"canonical\" href=\"https:\/\/helloproject.es\/vigilancia\/publicaciones-de-interes-doue-09-04-2026\/\" \/>\n<meta property=\"og:locale\" content=\"es_ES\" \/>\n<meta property=\"og:type\" content=\"article\" \/>\n<meta property=\"og:title\" content=\"Publicaciones de inter\u00e9s DOUE 09\/04\/2026\" \/>\n<meta property=\"og:description\" content=\"El DOUE de fecha 09\/04\/2026 recoge tres publicaciones de inter\u00e9s en materia de Fondos de Cohesi\u00f3n. Posibilidades de simplificaci\u00f3n de los fondos de cohesi\u00f3n\u00a0Una Resoluci\u00f3n del Parlamento Europeo en la que se incorporan 47 consideraciones para su transmisi\u00f3n al Consejo y a la Comisi\u00f3n, as\u00ed como al Tribunal de Cuentas Europeo, al Comit\u00e9 Econ\u00f3mico y [&hellip;]\" \/>\n<meta property=\"og:url\" content=\"https:\/\/helloproject.es\/vigilancia\/publicaciones-de-interes-doue-09-04-2026\/\" \/>\n<meta property=\"og:site_name\" content=\"bip4ex\" \/>\n<meta property=\"article:published_time\" content=\"2026-04-09T12:17:14+00:00\" \/>\n<meta name=\"author\" content=\"Luis Miguel Mej\u00edas Ramos\" \/>\n<meta name=\"twitter:card\" content=\"summary_large_image\" \/>\n<meta name=\"twitter:label1\" content=\"Escrito por\" \/>\n\t<meta name=\"twitter:data1\" content=\"Luis Miguel Mej\u00edas Ramos\" \/>\n\t<meta name=\"twitter:label2\" content=\"Tiempo de lectura\" \/>\n\t<meta name=\"twitter:data2\" content=\"2 minutos\" \/>\n<script type=\"application\/ld+json\" class=\"yoast-schema-graph\">{\"@context\":\"https:\\\/\\\/schema.org\",\"@graph\":[{\"@type\":\"Article\",\"@id\":\"https:\\\/\\\/helloproject.es\\\/vigilancia\\\/publicaciones-de-interes-doue-09-04-2026\\\/#article\",\"isPartOf\":{\"@id\":\"https:\\\/\\\/helloproject.es\\\/vigilancia\\\/publicaciones-de-interes-doue-09-04-2026\\\/\"},\"author\":{\"name\":\"Luis Miguel Mej\u00edas Ramos\",\"@id\":\"https:\\\/\\\/helloproject.es\\\/vigilancia\\\/#\\\/schema\\\/person\\\/3767b0619d59a11570372c821f8619ca\"},\"headline\":\"Publicaciones de inter\u00e9s DOUE 09\\\/04\\\/2026\",\"datePublished\":\"2026-04-09T12:17:14+00:00\",\"mainEntityOfPage\":{\"@id\":\"https:\\\/\\\/helloproject.es\\\/vigilancia\\\/publicaciones-de-interes-doue-09-04-2026\\\/\"},\"wordCount\":344,\"publisher\":{\"@id\":\"https:\\\/\\\/helloproject.es\\\/vigilancia\\\/#organization\"},\"articleSection\":[\"Ayudas y Subvenciones\"],\"inLanguage\":\"es\"},{\"@type\":\"WebPage\",\"@id\":\"https:\\\/\\\/helloproject.es\\\/vigilancia\\\/publicaciones-de-interes-doue-09-04-2026\\\/\",\"url\":\"https:\\\/\\\/helloproject.es\\\/vigilancia\\\/publicaciones-de-interes-doue-09-04-2026\\\/\",\"name\":\"Publicaciones de inter\u00e9s DOUE 09\\\/04\\\/2026 - bip4ex\",\"isPartOf\":{\"@id\":\"https:\\\/\\\/helloproject.es\\\/vigilancia\\\/#website\"},\"datePublished\":\"2026-04-09T12:17:14+00:00\",\"breadcrumb\":{\"@id\":\"https:\\\/\\\/helloproject.es\\\/vigilancia\\\/publicaciones-de-interes-doue-09-04-2026\\\/#breadcrumb\"},\"inLanguage\":\"es\",\"potentialAction\":[{\"@type\":\"ReadAction\",\"target\":[\"https:\\\/\\\/helloproject.es\\\/vigilancia\\\/publicaciones-de-interes-doue-09-04-2026\\\/\"]}]},{\"@type\":\"BreadcrumbList\",\"@id\":\"https:\\\/\\\/helloproject.es\\\/vigilancia\\\/publicaciones-de-interes-doue-09-04-2026\\\/#breadcrumb\",\"itemListElement\":[{\"@type\":\"ListItem\",\"position\":1,\"name\":\"Home\",\"item\":\"https:\\\/\\\/helloproject.es\\\/vigilancia\\\/\"},{\"@type\":\"ListItem\",\"position\":2,\"name\":\"Publicaciones de inter\u00e9s DOUE 09\\\/04\\\/2026\"}]},{\"@type\":\"WebSite\",\"@id\":\"https:\\\/\\\/helloproject.es\\\/vigilancia\\\/#website\",\"url\":\"https:\\\/\\\/helloproject.es\\\/vigilancia\\\/\",\"name\":\"bip4ex\",\"description\":\"Vigilancia Tecnol\u00f3gica\",\"publisher\":{\"@id\":\"https:\\\/\\\/helloproject.es\\\/vigilancia\\\/#organization\"},\"potentialAction\":[{\"@type\":\"SearchAction\",\"target\":{\"@type\":\"EntryPoint\",\"urlTemplate\":\"https:\\\/\\\/helloproject.es\\\/vigilancia\\\/?s={search_term_string}\"},\"query-input\":{\"@type\":\"PropertyValueSpecification\",\"valueRequired\":true,\"valueName\":\"search_term_string\"}}],\"inLanguage\":\"es\"},{\"@type\":\"Organization\",\"@id\":\"https:\\\/\\\/helloproject.es\\\/vigilancia\\\/#organization\",\"name\":\"Helloproject.es\",\"url\":\"https:\\\/\\\/helloproject.es\\\/vigilancia\\\/\",\"logo\":{\"@type\":\"ImageObject\",\"inLanguage\":\"es\",\"@id\":\"https:\\\/\\\/helloproject.es\\\/vigilancia\\\/#\\\/schema\\\/logo\\\/image\\\/\",\"url\":\"https:\\\/\\\/helloproject.es\\\/vigilancia\\\/wp-content\\\/uploads\\\/2023\\\/07\\\/bip4ex.png\",\"contentUrl\":\"https:\\\/\\\/helloproject.es\\\/vigilancia\\\/wp-content\\\/uploads\\\/2023\\\/07\\\/bip4ex.png\",\"width\":322,\"height\":365,\"caption\":\"Helloproject.es\"},\"image\":{\"@id\":\"https:\\\/\\\/helloproject.es\\\/vigilancia\\\/#\\\/schema\\\/logo\\\/image\\\/\"}},{\"@type\":\"Person\",\"@id\":\"https:\\\/\\\/helloproject.es\\\/vigilancia\\\/#\\\/schema\\\/person\\\/3767b0619d59a11570372c821f8619ca\",\"name\":\"Luis Miguel Mej\u00edas Ramos\",\"url\":\"https:\\\/\\\/helloproject.es\\\/vigilancia\\\/author\\\/luismi\\\/\"}]}<\/script>\n<!-- \/ Yoast SEO Premium plugin. -->","yoast_head_json":{"title":"Publicaciones de inter\u00e9s DOUE 09\/04\/2026 - bip4ex","robots":{"index":"index","follow":"follow","max-snippet":"max-snippet:-1","max-image-preview":"max-image-preview:large","max-video-preview":"max-video-preview:-1"},"canonical":"https:\/\/helloproject.es\/vigilancia\/publicaciones-de-interes-doue-09-04-2026\/","og_locale":"es_ES","og_type":"article","og_title":"Publicaciones de inter\u00e9s DOUE 09\/04\/2026","og_description":"El DOUE de fecha 09\/04\/2026 recoge tres publicaciones de inter\u00e9s en materia de Fondos de Cohesi\u00f3n. Posibilidades de simplificaci\u00f3n de los fondos de cohesi\u00f3n\u00a0Una Resoluci\u00f3n del Parlamento Europeo en la que se incorporan 47 consideraciones para su transmisi\u00f3n al Consejo y a la Comisi\u00f3n, as\u00ed como al Tribunal de Cuentas Europeo, al Comit\u00e9 Econ\u00f3mico y [&hellip;]","og_url":"https:\/\/helloproject.es\/vigilancia\/publicaciones-de-interes-doue-09-04-2026\/","og_site_name":"bip4ex","article_published_time":"2026-04-09T12:17:14+00:00","author":"Luis Miguel Mej\u00edas Ramos","twitter_card":"summary_large_image","twitter_misc":{"Escrito por":"Luis Miguel Mej\u00edas Ramos","Tiempo de lectura":"2 minutos"},"schema":{"@context":"https:\/\/schema.org","@graph":[{"@type":"Article","@id":"https:\/\/helloproject.es\/vigilancia\/publicaciones-de-interes-doue-09-04-2026\/#article","isPartOf":{"@id":"https:\/\/helloproject.es\/vigilancia\/publicaciones-de-interes-doue-09-04-2026\/"},"author":{"name":"Luis Miguel Mej\u00edas Ramos","@id":"https:\/\/helloproject.es\/vigilancia\/#\/schema\/person\/3767b0619d59a11570372c821f8619ca"},"headline":"Publicaciones de inter\u00e9s DOUE 09\/04\/2026","datePublished":"2026-04-09T12:17:14+00:00","mainEntityOfPage":{"@id":"https:\/\/helloproject.es\/vigilancia\/publicaciones-de-interes-doue-09-04-2026\/"},"wordCount":344,"publisher":{"@id":"https:\/\/helloproject.es\/vigilancia\/#organization"},"articleSection":["Ayudas y Subvenciones"],"inLanguage":"es"},{"@type":"WebPage","@id":"https:\/\/helloproject.es\/vigilancia\/publicaciones-de-interes-doue-09-04-2026\/","url":"https:\/\/helloproject.es\/vigilancia\/publicaciones-de-interes-doue-09-04-2026\/","name":"Publicaciones de inter\u00e9s DOUE 09\/04\/2026 - bip4ex","isPartOf":{"@id":"https:\/\/helloproject.es\/vigilancia\/#website"},"datePublished":"2026-04-09T12:17:14+00:00","breadcrumb":{"@id":"https:\/\/helloproject.es\/vigilancia\/publicaciones-de-interes-doue-09-04-2026\/#breadcrumb"},"inLanguage":"es","potentialAction":[{"@type":"ReadAction","target":["https:\/\/helloproject.es\/vigilancia\/publicaciones-de-interes-doue-09-04-2026\/"]}]},{"@type":"BreadcrumbList","@id":"https:\/\/helloproject.es\/vigilancia\/publicaciones-de-interes-doue-09-04-2026\/#breadcrumb","itemListElement":[{"@type":"ListItem","position":1,"name":"Home","item":"https:\/\/helloproject.es\/vigilancia\/"},{"@type":"ListItem","position":2,"name":"Publicaciones de inter\u00e9s DOUE 09\/04\/2026"}]},{"@type":"WebSite","@id":"https:\/\/helloproject.es\/vigilancia\/#website","url":"https:\/\/helloproject.es\/vigilancia\/","name":"bip4ex","description":"Vigilancia Tecnol\u00f3gica","publisher":{"@id":"https:\/\/helloproject.es\/vigilancia\/#organization"},"potentialAction":[{"@type":"SearchAction","target":{"@type":"EntryPoint","urlTemplate":"https:\/\/helloproject.es\/vigilancia\/?s={search_term_string}"},"query-input":{"@type":"PropertyValueSpecification","valueRequired":true,"valueName":"search_term_string"}}],"inLanguage":"es"},{"@type":"Organization","@id":"https:\/\/helloproject.es\/vigilancia\/#organization","name":"Helloproject.es","url":"https:\/\/helloproject.es\/vigilancia\/","logo":{"@type":"ImageObject","inLanguage":"es","@id":"https:\/\/helloproject.es\/vigilancia\/#\/schema\/logo\/image\/","url":"https:\/\/helloproject.es\/vigilancia\/wp-content\/uploads\/2023\/07\/bip4ex.png","contentUrl":"https:\/\/helloproject.es\/vigilancia\/wp-content\/uploads\/2023\/07\/bip4ex.png","width":322,"height":365,"caption":"Helloproject.es"},"image":{"@id":"https:\/\/helloproject.es\/vigilancia\/#\/schema\/logo\/image\/"}},{"@type":"Person","@id":"https:\/\/helloproject.es\/vigilancia\/#\/schema\/person\/3767b0619d59a11570372c821f8619ca","name":"Luis Miguel Mej\u00edas Ramos","url":"https:\/\/helloproject.es\/vigilancia\/author\/luismi\/"}]}},"_links":{"self":[{"href":"https:\/\/helloproject.es\/vigilancia\/wp-json\/wp\/v2\/posts\/202721","targetHints":{"allow":["GET"]}}],"collection":[{"href":"https:\/\/helloproject.es\/vigilancia\/wp-json\/wp\/v2\/posts"}],"about":[{"href":"https:\/\/helloproject.es\/vigilancia\/wp-json\/wp\/v2\/types\/post"}],"author":[{"embeddable":true,"href":"https:\/\/helloproject.es\/vigilancia\/wp-json\/wp\/v2\/users\/5"}],"replies":[{"embeddable":true,"href":"https:\/\/helloproject.es\/vigilancia\/wp-json\/wp\/v2\/comments?post=202721"}],"version-history":[{"count":0,"href":"https:\/\/helloproject.es\/vigilancia\/wp-json\/wp\/v2\/posts\/202721\/revisions"}],"wp:attachment":[{"href":"https:\/\/helloproject.es\/vigilancia\/wp-json\/wp\/v2\/media?parent=202721"}],"wp:term":[{"taxonomy":"category","embeddable":true,"href":"https:\/\/helloproject.es\/vigilancia\/wp-json\/wp\/v2\/categories?post=202721"},{"taxonomy":"post_tag","embeddable":true,"href":"https:\/\/helloproject.es\/vigilancia\/wp-json\/wp\/v2\/tags?post=202721"}],"curies":[{"name":"wp","href":"https:\/\/api.w.org\/{rel}","templated":true}]}}