{"id":202722,"date":"2026-04-09T13:17:17","date_gmt":"2026-04-09T12:17:17","guid":{"rendered":"https:\/\/helloproject.es\/vigilancia\/convocatoria-de-propuestas-life-2026\/"},"modified":"2026-04-09T13:17:17","modified_gmt":"2026-04-09T12:17:17","slug":"convocatoria-de-propuestas-life-2026","status":"publish","type":"post","link":"https:\/\/helloproject.es\/vigilancia\/convocatoria-de-propuestas-life-2026\/","title":{"rendered":"Convocatoria de propuestas LIFE 2026"},"content":{"rendered":"<p class=\"m_-8040664873801862801xxxxxmsonormal\"><b>La convocatoria de propuestas LIFE 2026<\/b>\u00a0se publicar\u00e1 en el\u00a0<a href=\"https:\/\/ec.europa.eu\/info\/funding-tenders\/opportunities\/portal\/screen\/opportunities\/calls-for-proposals?status=31094503,31094501,31094502&amp;frameworkProgramme=43252405&amp;order=DESC&amp;pageNumber=1&amp;pageSize=50&amp;sortBy=startDate&amp;isExactMatch=true\" target=\"_blank\" rel=\"noopener\" data-saferedirecturl=\"https:\/\/www.google.com\/url?q=https:\/\/ec.europa.eu\/info\/funding-tenders\/opportunities\/portal\/screen\/opportunities\/calls-for-proposals?status%3D31094503,31094501,31094502%26frameworkProgramme%3D43252405%26order%3DDESC%26pageNumber%3D1%26pageSize%3D50%26sortBy%3DstartDate%26isExactMatch%3Dtrue&amp;source=gmail&amp;ust=1775816430484000&amp;usg=AOvVaw1aHX8qh90jHMKg6loFPtdW\">portal de Financiaci\u00f3n y Licitaciones<\/a>\u00a0el\u00a0<b>21 de abril de 2026<\/b>. Las convocatorias se presentar\u00e1n posteriormente en las\u00a0<a href=\"https:\/\/cinea.ec.europa.eu\/news-events\/events\/eu-life-2026-info-days-2026-04-28_en\" target=\"_blank\" rel=\"noopener\" data-saferedirecturl=\"https:\/\/www.google.com\/url?q=https:\/\/cinea.ec.europa.eu\/news-events\/events\/eu-life-2026-info-days-2026-04-28_en&amp;source=gmail&amp;ust=1775816430484000&amp;usg=AOvVaw3mV6oJB-oxT0NTGd35mZCa\">jornadas informativas del programa EU LIFE<\/a>,\u00a0<b>previstas del 28 al 30 de abril de 202<\/b>6.\u00a0<b>El plazo de inscripci\u00f3n ya est\u00e1 abierto<\/b>.<u><\/u><u><\/u><\/p>\n<p class=\"m_-8040664873801862801xxxxxmsonormal\">El Programa LIFE es el instrumento de financiaci\u00f3n de la UE para el medio ambiente y la acci\u00f3n clim\u00e1tica. Creado en 1992, ha cofinanciado miles de proyectos. El Programa LIFE 2021-2027 est\u00e1 gestionado por la Agencia Ejecutiva Europea de Clima, Infraestructura y Medio Ambiente (CINEA) y cuenta con un presupuesto de 5.400 millones de euros. Se divide en cuatro subprogramas:<u><\/u><u><\/u><\/p>\n<ul type=\"square\">\n<li class=\"m_-8040664873801862801xxxxxmsonormal\">Naturaleza y biodiversidad<u><\/u><u><\/u><\/li>\n<li class=\"m_-8040664873801862801xxxxxmsonormal\">Econom\u00eda circular y calidad de vida<u><\/u><u><\/u><\/li>\n<li class=\"m_-8040664873801862801xxxxxmsonormal\">Mitigaci\u00f3n y adaptaci\u00f3n al cambio clim\u00e1tico<u><\/u><u><\/u><\/li>\n<li class=\"m_-8040664873801862801xxxxxmsonormal\">Transici\u00f3n hacia las energ\u00edas limpias<u><\/u><u><\/u><\/li>\n<\/ul>\n<p class=\"m_-8040664873801862801xxxxxmsonormal\">Para m\u00e1s informaci\u00f3n pinche en este\u00a0<a href=\"https:\/\/cinea.ec.europa.eu\/life-calls-proposals-2026_en\" target=\"_blank\" rel=\"noopener\" data-saferedirecturl=\"https:\/\/www.google.com\/url?q=https:\/\/cinea.ec.europa.eu\/life-calls-proposals-2026_en&amp;source=gmail&amp;ust=1775816430484000&amp;usg=AOvVaw2AkSrHQWCmoZqVis_XBHV0\">enlace<\/a>.<\/p>\n<p>The post <a href=\"https:\/\/femp-fondos-europa.es\/convocatoria-de-propuestas-life-2026\/\">Convocatoria de propuestas LIFE 2026<\/a> appeared first on <a href=\"https:\/\/femp-fondos-europa.es\/\">Fondos Europeos NG y 2021-2027 &#8211; FEMP<\/a>.<\/p>","protected":false},"excerpt":{"rendered":"<p>La convocatoria de propuestas LIFE 2026\u00a0se publicar\u00e1 en el\u00a0portal de Financiaci\u00f3n y Licitaciones\u00a0el\u00a021 de abril de 2026. Las convocatorias se presentar\u00e1n posteriormente en las\u00a0jornadas informativas del programa EU LIFE,\u00a0previstas del 28 al 30 de abril de 2026.\u00a0El plazo de inscripci\u00f3n ya est\u00e1 abierto. El Programa LIFE es el instrumento de financiaci\u00f3n de la UE para [&hellip;]<\/p>\n","protected":false},"author":5,"featured_media":0,"comment_status":"","ping_status":"","sticky":false,"template":"","format":"standard","meta":{"site-sidebar-layout":"default","site-content-layout":"","ast-site-content-layout":"default","site-content-style":"default","site-sidebar-style":"default","ast-global-header-display":"","ast-banner-title-visibility":"","ast-main-header-display":"","ast-hfb-above-header-display":"","ast-hfb-below-header-display":"","ast-hfb-mobile-header-display":"","site-post-title":"","ast-breadcrumbs-content":"","ast-featured-img":"","footer-sml-layout":"","ast-disable-related-posts":"","theme-transparent-header-meta":"","adv-header-id-meta":"","stick-header-meta":"","header-above-stick-meta":"","header-main-stick-meta":"","header-below-stick-meta":"","astra-migrate-meta-layouts":"default","ast-page-background-enabled":"default","ast-page-background-meta":{"desktop":{"background-color":"var(--ast-global-color-4)","background-image":"","background-repeat":"repeat","background-position":"center center","background-size":"auto","background-attachment":"scroll","background-type":"","background-media":"","overlay-type":"","overlay-color":"","overlay-opacity":"","overlay-gradient":""},"tablet":{"background-color":"","background-image":"","background-repeat":"repeat","background-position":"center center","background-size":"auto","background-attachment":"scroll","background-type":"","background-media":"","overlay-type":"","overlay-color":"","overlay-opacity":"","overlay-gradient":""},"mobile":{"background-color":"","background-image":"","background-repeat":"repeat","background-position":"center center","background-size":"auto","background-attachment":"scroll","background-type":"","background-media":"","overlay-type":"","overlay-color":"","overlay-opacity":"","overlay-gradient":""}},"ast-content-background-meta":{"desktop":{"background-color":"var(--ast-global-color-5)","background-image":"","background-repeat":"repeat","background-position":"center center","background-size":"auto","background-attachment":"scroll","background-type":"","background-media":"","overlay-type":"","overlay-color":"","overlay-opacity":"","overlay-gradient":""},"tablet":{"background-color":"var(--ast-global-color-5)","background-image":"","background-repeat":"repeat","background-position":"center center","background-size":"auto","background-attachment":"scroll","background-type":"","background-media":"","overlay-type":"","overlay-color":"","overlay-opacity":"","overlay-gradient":""},"mobile":{"background-color":"var(--ast-global-color-5)","background-image":"","background-repeat":"repeat","background-position":"center center","background-size":"auto","background-attachment":"scroll","background-type":"","background-media":"","overlay-type":"","overlay-color":"","overlay-opacity":"","overlay-gradient":""}},"footnotes":""},"categories":[8],"tags":[],"class_list":["post-202722","post","type-post","status-publish","format-standard","hentry","category-ayudas-y-subvenciones"],"yoast_head":"<!-- This site is optimized with the Yoast SEO Premium plugin v20.9 (Yoast SEO v27.4) - https:\/\/yoast.com\/product\/yoast-seo-premium-wordpress\/ -->\n<title>Convocatoria de propuestas LIFE 2026 - bip4ex<\/title>\n<meta name=\"robots\" content=\"index, follow, max-snippet:-1, max-image-preview:large, max-video-preview:-1\" \/>\n<link rel=\"canonical\" href=\"https:\/\/helloproject.es\/vigilancia\/convocatoria-de-propuestas-life-2026\/\" \/>\n<meta property=\"og:locale\" content=\"es_ES\" \/>\n<meta property=\"og:type\" content=\"article\" \/>\n<meta property=\"og:title\" content=\"Convocatoria de propuestas LIFE 2026\" \/>\n<meta property=\"og:description\" content=\"La convocatoria de propuestas LIFE 2026\u00a0se publicar\u00e1 en el\u00a0portal de Financiaci\u00f3n y Licitaciones\u00a0el\u00a021 de abril de 2026. Las convocatorias se presentar\u00e1n posteriormente en las\u00a0jornadas informativas del programa EU LIFE,\u00a0previstas del 28 al 30 de abril de 2026.\u00a0El plazo de inscripci\u00f3n ya est\u00e1 abierto. El Programa LIFE es el instrumento de financiaci\u00f3n de la UE para [&hellip;]\" \/>\n<meta property=\"og:url\" content=\"https:\/\/helloproject.es\/vigilancia\/convocatoria-de-propuestas-life-2026\/\" \/>\n<meta property=\"og:site_name\" content=\"bip4ex\" \/>\n<meta property=\"article:published_time\" content=\"2026-04-09T12:17:17+00:00\" \/>\n<meta name=\"author\" content=\"Luis Miguel Mej\u00edas Ramos\" \/>\n<meta name=\"twitter:card\" content=\"summary_large_image\" \/>\n<meta name=\"twitter:label1\" content=\"Escrito por\" \/>\n\t<meta name=\"twitter:data1\" content=\"Luis Miguel Mej\u00edas Ramos\" \/>\n\t<meta name=\"twitter:label2\" content=\"Tiempo de lectura\" \/>\n\t<meta name=\"twitter:data2\" content=\"1 minuto\" \/>\n<script type=\"application\/ld+json\" class=\"yoast-schema-graph\">{\"@context\":\"https:\\\/\\\/schema.org\",\"@graph\":[{\"@type\":\"Article\",\"@id\":\"https:\\\/\\\/helloproject.es\\\/vigilancia\\\/convocatoria-de-propuestas-life-2026\\\/#article\",\"isPartOf\":{\"@id\":\"https:\\\/\\\/helloproject.es\\\/vigilancia\\\/convocatoria-de-propuestas-life-2026\\\/\"},\"author\":{\"name\":\"Luis Miguel Mej\u00edas Ramos\",\"@id\":\"https:\\\/\\\/helloproject.es\\\/vigilancia\\\/#\\\/schema\\\/person\\\/3767b0619d59a11570372c821f8619ca\"},\"headline\":\"Convocatoria de propuestas LIFE 2026\",\"datePublished\":\"2026-04-09T12:17:17+00:00\",\"mainEntityOfPage\":{\"@id\":\"https:\\\/\\\/helloproject.es\\\/vigilancia\\\/convocatoria-de-propuestas-life-2026\\\/\"},\"wordCount\":163,\"publisher\":{\"@id\":\"https:\\\/\\\/helloproject.es\\\/vigilancia\\\/#organization\"},\"articleSection\":[\"Ayudas y Subvenciones\"],\"inLanguage\":\"es\"},{\"@type\":\"WebPage\",\"@id\":\"https:\\\/\\\/helloproject.es\\\/vigilancia\\\/convocatoria-de-propuestas-life-2026\\\/\",\"url\":\"https:\\\/\\\/helloproject.es\\\/vigilancia\\\/convocatoria-de-propuestas-life-2026\\\/\",\"name\":\"Convocatoria de propuestas LIFE 2026 - bip4ex\",\"isPartOf\":{\"@id\":\"https:\\\/\\\/helloproject.es\\\/vigilancia\\\/#website\"},\"datePublished\":\"2026-04-09T12:17:17+00:00\",\"breadcrumb\":{\"@id\":\"https:\\\/\\\/helloproject.es\\\/vigilancia\\\/convocatoria-de-propuestas-life-2026\\\/#breadcrumb\"},\"inLanguage\":\"es\",\"potentialAction\":[{\"@type\":\"ReadAction\",\"target\":[\"https:\\\/\\\/helloproject.es\\\/vigilancia\\\/convocatoria-de-propuestas-life-2026\\\/\"]}]},{\"@type\":\"BreadcrumbList\",\"@id\":\"https:\\\/\\\/helloproject.es\\\/vigilancia\\\/convocatoria-de-propuestas-life-2026\\\/#breadcrumb\",\"itemListElement\":[{\"@type\":\"ListItem\",\"position\":1,\"name\":\"Home\",\"item\":\"https:\\\/\\\/helloproject.es\\\/vigilancia\\\/\"},{\"@type\":\"ListItem\",\"position\":2,\"name\":\"Convocatoria de propuestas LIFE 2026\"}]},{\"@type\":\"WebSite\",\"@id\":\"https:\\\/\\\/helloproject.es\\\/vigilancia\\\/#website\",\"url\":\"https:\\\/\\\/helloproject.es\\\/vigilancia\\\/\",\"name\":\"bip4ex\",\"description\":\"Vigilancia Tecnol\u00f3gica\",\"publisher\":{\"@id\":\"https:\\\/\\\/helloproject.es\\\/vigilancia\\\/#organization\"},\"potentialAction\":[{\"@type\":\"SearchAction\",\"target\":{\"@type\":\"EntryPoint\",\"urlTemplate\":\"https:\\\/\\\/helloproject.es\\\/vigilancia\\\/?s={search_term_string}\"},\"query-input\":{\"@type\":\"PropertyValueSpecification\",\"valueRequired\":true,\"valueName\":\"search_term_string\"}}],\"inLanguage\":\"es\"},{\"@type\":\"Organization\",\"@id\":\"https:\\\/\\\/helloproject.es\\\/vigilancia\\\/#organization\",\"name\":\"Helloproject.es\",\"url\":\"https:\\\/\\\/helloproject.es\\\/vigilancia\\\/\",\"logo\":{\"@type\":\"ImageObject\",\"inLanguage\":\"es\",\"@id\":\"https:\\\/\\\/helloproject.es\\\/vigilancia\\\/#\\\/schema\\\/logo\\\/image\\\/\",\"url\":\"https:\\\/\\\/helloproject.es\\\/vigilancia\\\/wp-content\\\/uploads\\\/2023\\\/07\\\/bip4ex.png\",\"contentUrl\":\"https:\\\/\\\/helloproject.es\\\/vigilancia\\\/wp-content\\\/uploads\\\/2023\\\/07\\\/bip4ex.png\",\"width\":322,\"height\":365,\"caption\":\"Helloproject.es\"},\"image\":{\"@id\":\"https:\\\/\\\/helloproject.es\\\/vigilancia\\\/#\\\/schema\\\/logo\\\/image\\\/\"}},{\"@type\":\"Person\",\"@id\":\"https:\\\/\\\/helloproject.es\\\/vigilancia\\\/#\\\/schema\\\/person\\\/3767b0619d59a11570372c821f8619ca\",\"name\":\"Luis Miguel Mej\u00edas Ramos\",\"url\":\"https:\\\/\\\/helloproject.es\\\/vigilancia\\\/author\\\/luismi\\\/\"}]}<\/script>\n<!-- \/ Yoast SEO Premium plugin. -->","yoast_head_json":{"title":"Convocatoria de propuestas LIFE 2026 - bip4ex","robots":{"index":"index","follow":"follow","max-snippet":"max-snippet:-1","max-image-preview":"max-image-preview:large","max-video-preview":"max-video-preview:-1"},"canonical":"https:\/\/helloproject.es\/vigilancia\/convocatoria-de-propuestas-life-2026\/","og_locale":"es_ES","og_type":"article","og_title":"Convocatoria de propuestas LIFE 2026","og_description":"La convocatoria de propuestas LIFE 2026\u00a0se publicar\u00e1 en el\u00a0portal de Financiaci\u00f3n y Licitaciones\u00a0el\u00a021 de abril de 2026. Las convocatorias se presentar\u00e1n posteriormente en las\u00a0jornadas informativas del programa EU LIFE,\u00a0previstas del 28 al 30 de abril de 2026.\u00a0El plazo de inscripci\u00f3n ya est\u00e1 abierto. El Programa LIFE es el instrumento de financiaci\u00f3n de la UE para [&hellip;]","og_url":"https:\/\/helloproject.es\/vigilancia\/convocatoria-de-propuestas-life-2026\/","og_site_name":"bip4ex","article_published_time":"2026-04-09T12:17:17+00:00","author":"Luis Miguel Mej\u00edas Ramos","twitter_card":"summary_large_image","twitter_misc":{"Escrito por":"Luis Miguel Mej\u00edas Ramos","Tiempo de lectura":"1 minuto"},"schema":{"@context":"https:\/\/schema.org","@graph":[{"@type":"Article","@id":"https:\/\/helloproject.es\/vigilancia\/convocatoria-de-propuestas-life-2026\/#article","isPartOf":{"@id":"https:\/\/helloproject.es\/vigilancia\/convocatoria-de-propuestas-life-2026\/"},"author":{"name":"Luis Miguel Mej\u00edas Ramos","@id":"https:\/\/helloproject.es\/vigilancia\/#\/schema\/person\/3767b0619d59a11570372c821f8619ca"},"headline":"Convocatoria de propuestas LIFE 2026","datePublished":"2026-04-09T12:17:17+00:00","mainEntityOfPage":{"@id":"https:\/\/helloproject.es\/vigilancia\/convocatoria-de-propuestas-life-2026\/"},"wordCount":163,"publisher":{"@id":"https:\/\/helloproject.es\/vigilancia\/#organization"},"articleSection":["Ayudas y Subvenciones"],"inLanguage":"es"},{"@type":"WebPage","@id":"https:\/\/helloproject.es\/vigilancia\/convocatoria-de-propuestas-life-2026\/","url":"https:\/\/helloproject.es\/vigilancia\/convocatoria-de-propuestas-life-2026\/","name":"Convocatoria de propuestas LIFE 2026 - bip4ex","isPartOf":{"@id":"https:\/\/helloproject.es\/vigilancia\/#website"},"datePublished":"2026-04-09T12:17:17+00:00","breadcrumb":{"@id":"https:\/\/helloproject.es\/vigilancia\/convocatoria-de-propuestas-life-2026\/#breadcrumb"},"inLanguage":"es","potentialAction":[{"@type":"ReadAction","target":["https:\/\/helloproject.es\/vigilancia\/convocatoria-de-propuestas-life-2026\/"]}]},{"@type":"BreadcrumbList","@id":"https:\/\/helloproject.es\/vigilancia\/convocatoria-de-propuestas-life-2026\/#breadcrumb","itemListElement":[{"@type":"ListItem","position":1,"name":"Home","item":"https:\/\/helloproject.es\/vigilancia\/"},{"@type":"ListItem","position":2,"name":"Convocatoria de propuestas LIFE 2026"}]},{"@type":"WebSite","@id":"https:\/\/helloproject.es\/vigilancia\/#website","url":"https:\/\/helloproject.es\/vigilancia\/","name":"bip4ex","description":"Vigilancia Tecnol\u00f3gica","publisher":{"@id":"https:\/\/helloproject.es\/vigilancia\/#organization"},"potentialAction":[{"@type":"SearchAction","target":{"@type":"EntryPoint","urlTemplate":"https:\/\/helloproject.es\/vigilancia\/?s={search_term_string}"},"query-input":{"@type":"PropertyValueSpecification","valueRequired":true,"valueName":"search_term_string"}}],"inLanguage":"es"},{"@type":"Organization","@id":"https:\/\/helloproject.es\/vigilancia\/#organization","name":"Helloproject.es","url":"https:\/\/helloproject.es\/vigilancia\/","logo":{"@type":"ImageObject","inLanguage":"es","@id":"https:\/\/helloproject.es\/vigilancia\/#\/schema\/logo\/image\/","url":"https:\/\/helloproject.es\/vigilancia\/wp-content\/uploads\/2023\/07\/bip4ex.png","contentUrl":"https:\/\/helloproject.es\/vigilancia\/wp-content\/uploads\/2023\/07\/bip4ex.png","width":322,"height":365,"caption":"Helloproject.es"},"image":{"@id":"https:\/\/helloproject.es\/vigilancia\/#\/schema\/logo\/image\/"}},{"@type":"Person","@id":"https:\/\/helloproject.es\/vigilancia\/#\/schema\/person\/3767b0619d59a11570372c821f8619ca","name":"Luis Miguel Mej\u00edas Ramos","url":"https:\/\/helloproject.es\/vigilancia\/author\/luismi\/"}]}},"_links":{"self":[{"href":"https:\/\/helloproject.es\/vigilancia\/wp-json\/wp\/v2\/posts\/202722","targetHints":{"allow":["GET"]}}],"collection":[{"href":"https:\/\/helloproject.es\/vigilancia\/wp-json\/wp\/v2\/posts"}],"about":[{"href":"https:\/\/helloproject.es\/vigilancia\/wp-json\/wp\/v2\/types\/post"}],"author":[{"embeddable":true,"href":"https:\/\/helloproject.es\/vigilancia\/wp-json\/wp\/v2\/users\/5"}],"replies":[{"embeddable":true,"href":"https:\/\/helloproject.es\/vigilancia\/wp-json\/wp\/v2\/comments?post=202722"}],"version-history":[{"count":0,"href":"https:\/\/helloproject.es\/vigilancia\/wp-json\/wp\/v2\/posts\/202722\/revisions"}],"wp:attachment":[{"href":"https:\/\/helloproject.es\/vigilancia\/wp-json\/wp\/v2\/media?parent=202722"}],"wp:term":[{"taxonomy":"category","embeddable":true,"href":"https:\/\/helloproject.es\/vigilancia\/wp-json\/wp\/v2\/categories?post=202722"},{"taxonomy":"post_tag","embeddable":true,"href":"https:\/\/helloproject.es\/vigilancia\/wp-json\/wp\/v2\/tags?post=202722"}],"curies":[{"name":"wp","href":"https:\/\/api.w.org\/{rel}","templated":true}]}}